{"id":3578,"date":"2025-05-21T01:04:01","date_gmt":"2025-05-21T04:04:01","guid":{"rendered":"https:\/\/www.oracaoefe.com\/?p=3578"},"modified":"2025-12-16T13:10:50","modified_gmt":"2025-12-16T16:10:50","slug":"como-orar-por-alguem-que-voce-quer-esquecer","status":"publish","type":"post","link":"https:\/\/www.oracaoefe.com\/fr\/como-orar-por-alguem-que-voce-quer-esquecer\/","title":{"rendered":"Como orar por algu\u00e9m que voc\u00ea quer esquecer?"},"content":{"rendered":"<div class=\"wp-block-buttons is-vertical is-content-justification-center is-layout-flex wp-container-core-buttons-is-layout-569b4b61 wp-block-buttons-is-layout-flex\">\n<div class=\"wp-block-button has-custom-width wp-block-button__width-100\"><a class=\"wp-block-button__link has-white-color has-vivid-red-background-color has-text-color has-background has-link-color wp-element-button\" href=\"https:\/\/www.oracaoefe.com\/fr\/voce-sabe-o-que-significa-dizer-amem-a-resposta-pode-te-surpreender\/\" style=\"border-radius:12px\">Curiosidades Que Voc\u00ea N\u00e3o Sabia Sobre a B\u00edblia<\/a><\/div>\n\n\n\n<div class=\"wp-block-button has-custom-width wp-block-button__width-100\"><a class=\"wp-block-button__link has-white-color has-luminous-vivid-orange-background-color has-text-color has-background has-link-color wp-element-button\" href=\"https:\/\/www.oracaoefe.com\/fr\/a-fe-que-mais-cresce-e-a-que-nasce-depois-da-dor\/\" style=\"border-radius:12px\">Fortale\u00e7a Sua F\u00e9 Atrav\u00e9s dessas Palavras<\/a><\/div>\n\n\n\n<div class=\"wp-block-button has-custom-width wp-block-button__width-100\"><a class=\"wp-block-button__link has-white-color has-vivid-green-cyan-background-color has-text-color has-background has-link-color wp-element-button\" href=\"https:\/\/www.oracaoefe.com\/fr\/app-relacionamento-veja-as-possibilidades-para-encontrar-um-amor\/\" style=\"border-radius:12px\">Aplicativos de Relacionamento Crist\u00e3o<\/a><\/div>\n<\/div>\n\n\n\n<p class=\"has-text-align-center wp-block-paragraph\"><strong>Transforme sentimento em ora\u00e7\u00e3o<\/strong><\/p>\n\n\n\n<p class=\"wp-block-paragraph\">Existe uma dor que n\u00e3o sangra, mas pesa. Voc\u00ea sente que j\u00e1 deveria ter superado, mas a lembran\u00e7a volta. Um nome, um cheiro, uma lembran\u00e7a&#8230; e l\u00e1 est\u00e1 voc\u00ea de novo, revivendo tudo que queria esquecer. Nessas horas, surge uma pergunta silenciosa no cora\u00e7\u00e3o: <strong>como orar por algu\u00e9m que voc\u00ea quer esquecer?<\/strong><\/p>\n\n\n\n<p class=\"wp-block-paragraph\">A resposta n\u00e3o \u00e9 simples. Mas ela existe. E come\u00e7a no ato mais dif\u00edcil de todos: n\u00e3o lutar contra o que sente, mas entregar tudo isso com verdade a Deus.<\/p>\n\n\n\n<h2 class=\"wp-block-heading\">Quando a lembran\u00e7a machuca mais do que consola<\/h2>\n\n\n\n<p class=\"wp-block-paragraph\">Voc\u00ea j\u00e1 tentou de tudo. Bloqueou nas redes sociais, parou de ouvir aquelas m\u00fasicas, at\u00e9 reorganizou o quarto para afastar qualquer mem\u00f3ria. Mas parece que a lembran\u00e7a vive debaixo da pele. E quando voc\u00ea fecha os olhos para dormir, o cora\u00e7\u00e3o insiste em reabrir tudo aquilo que j\u00e1 devia ter cicatrizado.<\/p>\n\n\n\n<p class=\"wp-block-paragraph\">\u00c9 nesse ponto que a ora\u00e7\u00e3o pode se tornar o seu lugar de ref\u00fagio e liberta\u00e7\u00e3o. S\u00f3 que aqui vai um alerta: orar por algu\u00e9m que te causou dor n\u00e3o \u00e9 o mesmo que desejar que ele volte ou que sofra. \u00c9 escolher, todos os dias, dar um novo significado para a dor que ficou.<\/p>\n\n\n\n<h2 class=\"wp-block-heading\">Como orar por algu\u00e9m que voc\u00ea quer esquecer?<\/h2>\n\n\n\n<p class=\"wp-block-paragraph\">A ora\u00e7\u00e3o precisa ser sincera. N\u00e3o adianta repetir frases prontas se o seu cora\u00e7\u00e3o est\u00e1 gritando outra coisa. Deus entende sua confus\u00e3o. Por isso, comece assim mesmo, confuso(a), bagun\u00e7ado(a), com a voz tremendo. O importante \u00e9 come\u00e7ar.<\/p>\n\n\n\n<p class=\"wp-block-paragraph\">Voc\u00ea pode dizer algo como:<\/p>\n\n\n\n<blockquote class=\"wp-block-quote is-layout-flow wp-block-quote-is-layout-flow\">\n<p class=\"wp-block-paragraph\"><em>\u201cSenhor, eu confesso que ainda penso nessa pessoa, mesmo querendo esquecer. Eu n\u00e3o entendo por que isso ainda me machuca, mas coloco esse sentimento nas Tuas m\u00e3os. Me ajuda a transformar essa dor em algo leve. Ensina-me a soltar o que me prende.\u201d<\/em><\/p>\n<\/blockquote>\n\n\n\n<p class=\"wp-block-paragraph\">Essa \u00e9 a ess\u00eancia de <strong>como orar por algu\u00e9m que voc\u00ea quer esquecer<\/strong>: transformar o sentimento, n\u00e3o reprimi-lo.<\/p>\n\n\n\n<h2 class=\"wp-block-heading\">O poder de aben\u00e7oar quem te feriu<\/h2>\n\n\n\n<p class=\"wp-block-paragraph\">Pode parecer contradit\u00f3rio, mas aben\u00e7oar quem te magoou \u00e9 libertador. Quando voc\u00ea ora desejando que o outro encontre paz, amor e crescimento, algo dentro de voc\u00ea come\u00e7a a mudar tamb\u00e9m.<\/p>\n\n\n\n<p class=\"wp-block-paragraph\">A ora\u00e7\u00e3o pode ser assim:<\/p>\n\n\n\n<blockquote class=\"wp-block-quote is-layout-flow wp-block-quote-is-layout-flow\">\n<p class=\"wp-block-paragraph\">\u201cDeus, eu n\u00e3o desejo o mal para essa pessoa. Mesmo com tudo o que aconteceu, eu oro para que ela encontre um caminho de paz e que seja guiada pela Tua luz. Me liberta de qualquer ressentimento que ainda esteja dentro de mim.\u201d<\/p>\n<\/blockquote>\n\n\n\n<p class=\"wp-block-paragraph\">Ao fazer isso, voc\u00ea n\u00e3o est\u00e1 sendo fraco. Est\u00e1 sendo forte o suficiente para soltar a amarra invis\u00edvel da m\u00e1goa.<\/p>\n\n\n\n<h2 class=\"wp-block-heading\">E quando voc\u00ea ainda ama?<\/h2>\n\n\n\n<p class=\"wp-block-paragraph\">Essa \u00e9 a parte mais delicada. Porque nem sempre a dor vem do \u00f3dio. \u00c0s vezes, o que d\u00f3i \u00e9 o amor que ainda vive ali, mesmo sem ser correspondido. E \u00e9 dif\u00edcil orar quando o cora\u00e7\u00e3o ainda espera uma volta, um reencontro, um milagre.<\/p>\n\n\n\n<p class=\"wp-block-paragraph\">Mas \u00e9 justamente nesse ponto que a ora\u00e7\u00e3o precisa ser feita.<\/p>\n\n\n\n<blockquote class=\"wp-block-quote is-layout-flow wp-block-quote-is-layout-flow\">\n<p class=\"wp-block-paragraph\">\u201cPai, eu Te entrego o sentimento que ainda tenho por essa pessoa. Se esse amor n\u00e3o for Tua vontade para minha vida, me ensina a deix\u00e1-lo ir. N\u00e3o quero me prender a algo que n\u00e3o me leva para o que o Senhor tem preparado para mim.\u201d<\/p>\n<\/blockquote>\n\n\n\n<p class=\"wp-block-paragraph\">Nessa ora\u00e7\u00e3o, voc\u00ea est\u00e1 dizendo que confia. Que mesmo com o cora\u00e7\u00e3o apertado, voc\u00ea escolhe seguir o caminho da cura.<\/p>\n\n\n\n<h2 class=\"wp-block-heading\">O tempo da cura tamb\u00e9m \u00e9 espiritual<\/h2>\n\n\n\n<p class=\"wp-block-paragraph\">Muita gente acredita que esquecer algu\u00e9m \u00e9 quest\u00e3o de tempo. Em parte, \u00e9 verdade. Mas o tempo, por si s\u00f3, n\u00e3o cura. O que cura \u00e9 o que voc\u00ea faz com esse tempo. E a ora\u00e7\u00e3o \u00e9 uma das ferramentas mais poderosas nesse processo.<\/p>\n\n\n\n<p class=\"wp-block-paragraph\">A cada dia que voc\u00ea ora, um fio invis\u00edvel vai se rompendo. Um apego vai se soltando. Uma lembran\u00e7a vai perdendo o peso.<\/p>\n\n\n\n<p class=\"wp-block-paragraph\">Por isso, continue orando. Mesmo que pare\u00e7a in\u00fatil. Mesmo que pare\u00e7a que nada est\u00e1 mudando. No mundo espiritual, tudo o que \u00e9 feito com f\u00e9 produz frutos que nem sempre s\u00e3o vis\u00edveis de imediato.<\/p>\n\n\n\n<h2 class=\"wp-block-heading\">Como orar por algu\u00e9m que voc\u00ea quer esquecer quando ele ainda faz parte do seu cotidiano?<\/h2>\n\n\n\n<p class=\"wp-block-paragraph\">Talvez a pessoa esteja na mesma escola, no trabalho ou at\u00e9 na sua fam\u00edlia. O esquecimento, nesse caso, n\u00e3o vem com o afastamento f\u00edsico. E a ora\u00e7\u00e3o se torna ainda mais necess\u00e1ria.<\/p>\n\n\n\n<blockquote class=\"wp-block-quote is-layout-flow wp-block-quote-is-layout-flow\">\n<p class=\"wp-block-paragraph\">\u201cSenhor, eu convivo com essa pessoa, mas n\u00e3o quero mais viver preso a esse sentimento. Me ajuda a olhar com maturidade, sem rancor e sem ilus\u00e3o. Me protege dos gatilhos e fortalece meu cora\u00e7\u00e3o.\u201d<\/p>\n<\/blockquote>\n\n\n\n<p class=\"wp-block-paragraph\">Essa ora\u00e7\u00e3o \u00e9 um pedido de for\u00e7a di\u00e1ria. Porque a batalha de quem quer esquecer algu\u00e9m que ainda est\u00e1 por perto \u00e9 uma das mais dif\u00edceis. Mas Deus n\u00e3o abandona quem pede ajuda com sinceridade.<\/p>\n\n\n\n<h2 class=\"wp-block-heading\">O que acontece quando voc\u00ea ora por algu\u00e9m que quer esquecer?<\/h2>\n\n\n\n<p class=\"wp-block-paragraph\">Muita coisa acontece. Aos poucos, o cora\u00e7\u00e3o desacelera. As mem\u00f3rias n\u00e3o somem, mas deixam de machucar. A vida come\u00e7a a abrir outras possibilidades, outras conex\u00f5es, outros afetos. E o que antes parecia imposs\u00edvel \u2014 viver sem aquela pessoa \u2014 come\u00e7a a se tornar uma realidade.<\/p>\n\n\n\n<p class=\"wp-block-paragraph\">N\u00e3o \u00e9 m\u00e1gica. \u00c9 f\u00e9 em a\u00e7\u00e3o.<\/p>\n\n\n\n<p class=\"wp-block-paragraph\">E o mais bonito disso tudo \u00e9 que, quando voc\u00ea aprende <strong>como orar por algu\u00e9m que voc\u00ea quer esquecer<\/strong>, tamb\u00e9m aprende a se reencontrar. Porque no fundo, o que voc\u00ea est\u00e1 buscando n\u00e3o \u00e9 apenas se livrar da lembran\u00e7a. \u00c9 se reencontrar com quem voc\u00ea era antes da dor. E isso, sim, \u00e9 um milagre.<\/p>\n\n\n\n<p class=\"wp-block-paragraph\"><strong>Voir aussi\u00a0: <a href=\"https:\/\/www.oracaoefe.com\/fr\/por-que-ha-tanto-sofrimento-no-mundo\/\">Por que h\u00e1 tanto sofrimento no mundo?<\/a><\/strong><\/p>\n\n\n\n<p class=\"wp-block-paragraph\">21 de maio de 2025<\/p>","protected":false},"excerpt":{"rendered":"<p>Transforme sentimento em ora\u00e7\u00e3o Existe uma dor que n\u00e3o sangra, mas pesa. Voc\u00ea sente que j\u00e1 deveria ter superado, mas a lembran\u00e7a volta. Um nome, um cheiro, uma lembran\u00e7a&#8230; e l\u00e1 est\u00e1 voc\u00ea de novo, revivendo tudo que queria esquecer. Nessas horas, surge uma pergunta silenciosa no cora\u00e7\u00e3o: como orar por algu\u00e9m que voc\u00ea quer&hellip;&nbsp;<\/p>","protected":false},"author":3,"featured_media":3609,"comment_status":"closed","ping_status":"closed","sticky":false,"template":"","format":"standard","meta":{"neve_meta_sidebar":"","neve_meta_container":"","neve_meta_enable_content_width":"","neve_meta_content_width":0,"neve_meta_title_alignment":"","neve_meta_author_avatar":"","neve_post_elements_order":"","neve_meta_disable_header":"","neve_meta_disable_footer":"","neve_meta_disable_title":"","footnotes":""},"categories":[2],"tags":[],"class_list":["post-3578","post","type-post","status-publish","format-standard","has-post-thumbnail","hentry","category-oracao"],"yoast_head":"<!-- This site is optimized with the Yoast SEO plugin v28.4 - https:\/\/yoast.com\/product\/yoast-seo-wordpress\/ -->\n<title>Como orar por algu\u00e9m que voc\u00ea quer esquecer? - Ora\u00e7\u00e3o e F\u00e9<\/title>\n<meta name=\"description\" content=\"Deus tem pra voc\u00ea uma palavra de vida!\" \/>\n<meta name=\"robots\" content=\"index, follow, max-snippet:-1, max-image-preview:large, max-video-preview:-1\" \/>\n<link rel=\"canonical\" href=\"https:\/\/www.oracaoefe.com\/fr\/como-orar-por-alguem-que-voce-quer-esquecer\/\" \/>\n<meta property=\"og:locale\" content=\"fr_FR\" \/>\n<meta property=\"og:type\" content=\"article\" \/>\n<meta property=\"og:title\" content=\"Como orar por algu\u00e9m que voc\u00ea quer esquecer? - Ora\u00e7\u00e3o e F\u00e9\" \/>\n<meta property=\"og:description\" content=\"Deus tem pra voc\u00ea uma palavra de vida!\" \/>\n<meta property=\"og:url\" content=\"https:\/\/www.oracaoefe.com\/fr\/como-orar-por-alguem-que-voce-quer-esquecer\/\" \/>\n<meta property=\"og:site_name\" content=\"Ora\u00e7\u00e3o e F\u00e9\" \/>\n<meta property=\"article:published_time\" content=\"2025-05-21T04:04:01+00:00\" \/>\n<meta property=\"article:modified_time\" content=\"2025-12-16T16:10:50+00:00\" \/>\n<meta property=\"og:image\" content=\"https:\/\/www.oracaoefe.com\/wp-content\/uploads\/2025\/05\/como_orar_para_esquecer_alguem.webp\" \/>\n\t<meta property=\"og:image:width\" content=\"1536\" \/>\n\t<meta property=\"og:image:height\" content=\"1024\" \/>\n\t<meta property=\"og:image:type\" content=\"image\/webp\" \/>\n<meta name=\"author\" content=\"Michele Azevedo\" \/>\n<meta name=\"twitter:card\" content=\"summary_large_image\" \/>\n<meta name=\"twitter:label1\" content=\"\u00c9crit par\" \/>\n\t<meta name=\"twitter:data1\" content=\"Michele Azevedo\" \/>\n\t<meta name=\"twitter:label2\" content=\"Dur\u00e9e de lecture estim\u00e9e\" \/>\n\t<meta name=\"twitter:data2\" content=\"5 minutes\" \/>\n<script type=\"application\/ld+json\" class=\"yoast-schema-graph\">{\"@context\":\"https:\\\/\\\/schema.org\",\"@graph\":[{\"@type\":\"Article\",\"@id\":\"https:\\\/\\\/www.oracaoefe.com\\\/como-orar-por-alguem-que-voce-quer-esquecer\\\/#article\",\"isPartOf\":{\"@id\":\"https:\\\/\\\/www.oracaoefe.com\\\/como-orar-por-alguem-que-voce-quer-esquecer\\\/\"},\"author\":{\"name\":\"Michele Azevedo\",\"@id\":\"https:\\\/\\\/www.oracaoefe.com\\\/#\\\/schema\\\/person\\\/17283c669442cf005c4d5bb58adfb7f5\"},\"headline\":\"Como orar por algu\u00e9m que voc\u00ea quer esquecer?\",\"datePublished\":\"2025-05-21T04:04:01+00:00\",\"dateModified\":\"2025-12-16T16:10:50+00:00\",\"mainEntityOfPage\":{\"@id\":\"https:\\\/\\\/www.oracaoefe.com\\\/como-orar-por-alguem-que-voce-quer-esquecer\\\/\"},\"wordCount\":1000,\"image\":{\"@id\":\"https:\\\/\\\/www.oracaoefe.com\\\/como-orar-por-alguem-que-voce-quer-esquecer\\\/#primaryimage\"},\"thumbnailUrl\":\"https:\\\/\\\/www.oracaoefe.com\\\/wp-content\\\/uploads\\\/2025\\\/05\\\/como_orar_para_esquecer_alguem.webp\",\"articleSection\":[\"Ora\u00e7\u00e3o\"],\"inLanguage\":\"fr-FR\"},{\"@type\":\"WebPage\",\"@id\":\"https:\\\/\\\/www.oracaoefe.com\\\/como-orar-por-alguem-que-voce-quer-esquecer\\\/\",\"url\":\"https:\\\/\\\/www.oracaoefe.com\\\/como-orar-por-alguem-que-voce-quer-esquecer\\\/\",\"name\":\"Como orar por algu\u00e9m que voc\u00ea quer esquecer? - Ora\u00e7\u00e3o e F\u00e9\",\"isPartOf\":{\"@id\":\"https:\\\/\\\/www.oracaoefe.com\\\/#website\"},\"primaryImageOfPage\":{\"@id\":\"https:\\\/\\\/www.oracaoefe.com\\\/como-orar-por-alguem-que-voce-quer-esquecer\\\/#primaryimage\"},\"image\":{\"@id\":\"https:\\\/\\\/www.oracaoefe.com\\\/como-orar-por-alguem-que-voce-quer-esquecer\\\/#primaryimage\"},\"thumbnailUrl\":\"https:\\\/\\\/www.oracaoefe.com\\\/wp-content\\\/uploads\\\/2025\\\/05\\\/como_orar_para_esquecer_alguem.webp\",\"datePublished\":\"2025-05-21T04:04:01+00:00\",\"dateModified\":\"2025-12-16T16:10:50+00:00\",\"author\":{\"@id\":\"https:\\\/\\\/www.oracaoefe.com\\\/#\\\/schema\\\/person\\\/17283c669442cf005c4d5bb58adfb7f5\"},\"description\":\"Deus tem pra voc\u00ea uma palavra de vida!\",\"breadcrumb\":{\"@id\":\"https:\\\/\\\/www.oracaoefe.com\\\/como-orar-por-alguem-que-voce-quer-esquecer\\\/#breadcrumb\"},\"inLanguage\":\"fr-FR\",\"potentialAction\":[{\"@type\":\"ReadAction\",\"target\":[\"https:\\\/\\\/www.oracaoefe.com\\\/como-orar-por-alguem-que-voce-quer-esquecer\\\/\"]}]},{\"@type\":\"ImageObject\",\"inLanguage\":\"fr-FR\",\"@id\":\"https:\\\/\\\/www.oracaoefe.com\\\/como-orar-por-alguem-que-voce-quer-esquecer\\\/#primaryimage\",\"url\":\"https:\\\/\\\/www.oracaoefe.com\\\/wp-content\\\/uploads\\\/2025\\\/05\\\/como_orar_para_esquecer_alguem.webp\",\"contentUrl\":\"https:\\\/\\\/www.oracaoefe.com\\\/wp-content\\\/uploads\\\/2025\\\/05\\\/como_orar_para_esquecer_alguem.webp\",\"width\":1536,\"height\":1024},{\"@type\":\"BreadcrumbList\",\"@id\":\"https:\\\/\\\/www.oracaoefe.com\\\/como-orar-por-alguem-que-voce-quer-esquecer\\\/#breadcrumb\",\"itemListElement\":[{\"@type\":\"ListItem\",\"position\":1,\"name\":\"Home\",\"item\":\"https:\\\/\\\/www.oracaoefe.com\\\/\"},{\"@type\":\"ListItem\",\"position\":2,\"name\":\"Ora\u00e7\u00e3o\",\"item\":\"https:\\\/\\\/www.oracaoefe.com\\\/category\\\/oracao\\\/\"},{\"@type\":\"ListItem\",\"position\":3,\"name\":\"Como orar por algu\u00e9m que voc\u00ea quer esquecer?\"}]},{\"@type\":\"WebSite\",\"@id\":\"https:\\\/\\\/www.oracaoefe.com\\\/#website\",\"url\":\"https:\\\/\\\/www.oracaoefe.com\\\/\",\"name\":\"Ora\u00e7\u00e3o e F\u00e9\",\"description\":\"\",\"potentialAction\":[{\"@type\":\"SearchAction\",\"target\":{\"@type\":\"EntryPoint\",\"urlTemplate\":\"https:\\\/\\\/www.oracaoefe.com\\\/?s={search_term_string}\"},\"query-input\":{\"@type\":\"PropertyValueSpecification\",\"valueRequired\":true,\"valueName\":\"search_term_string\"}}],\"inLanguage\":\"fr-FR\"},{\"@type\":\"Person\",\"@id\":\"https:\\\/\\\/www.oracaoefe.com\\\/#\\\/schema\\\/person\\\/17283c669442cf005c4d5bb58adfb7f5\",\"name\":\"Michele Azevedo\",\"image\":{\"@type\":\"ImageObject\",\"inLanguage\":\"fr-FR\",\"@id\":\"https:\\\/\\\/secure.gravatar.com\\\/avatar\\\/6b0eb9d22841282815e2cd856a0061c45e1761cd54b22e952d98c4746939aa85?s=96&d=mm&r=g\",\"url\":\"https:\\\/\\\/secure.gravatar.com\\\/avatar\\\/6b0eb9d22841282815e2cd856a0061c45e1761cd54b22e952d98c4746939aa85?s=96&d=mm&r=g\",\"contentUrl\":\"https:\\\/\\\/secure.gravatar.com\\\/avatar\\\/6b0eb9d22841282815e2cd856a0061c45e1761cd54b22e952d98c4746939aa85?s=96&d=mm&r=g\",\"caption\":\"Michele Azevedo\"},\"description\":\"Formada em Letras - Portugu\u00eas\\\/ Ingl\u00eas pela Universidade Estadual de Ponta Grossa (UEPG), p\u00f3s-graduada em Arte na Educa\u00e7\u00e3o (FAPI) e Psicopedagogia Escolar (FAPI), idealizadora e propriet\u00e1ria do site Escritora de Sucesso, possui experi\u00eancia em escrita para blogs em geral e atua como redatora e revisora dos conte\u00fados do Ora\u00e7\u00e3o e F\u00e9.\",\"url\":\"https:\\\/\\\/www.oracaoefe.com\\\/fr\\\/author\\\/michele-azevedo\\\/\"}]}<\/script>\n<!-- \/ Yoast SEO plugin. -->","yoast_head_json":{"title":"Como orar por algu\u00e9m que voc\u00ea quer esquecer? - Ora\u00e7\u00e3o e F\u00e9","description":"Dieu a une parole de vie pour vous !","robots":{"index":"index","follow":"follow","max-snippet":"max-snippet:-1","max-image-preview":"max-image-preview:large","max-video-preview":"max-video-preview:-1"},"canonical":"https:\/\/www.oracaoefe.com\/fr\/como-orar-por-alguem-que-voce-quer-esquecer\/","og_locale":"fr_FR","og_type":"article","og_title":"Como orar por algu\u00e9m que voc\u00ea quer esquecer? - Ora\u00e7\u00e3o e F\u00e9","og_description":"Deus tem pra voc\u00ea uma palavra de vida!","og_url":"https:\/\/www.oracaoefe.com\/fr\/como-orar-por-alguem-que-voce-quer-esquecer\/","og_site_name":"Ora\u00e7\u00e3o e F\u00e9","article_published_time":"2025-05-21T04:04:01+00:00","article_modified_time":"2025-12-16T16:10:50+00:00","og_image":[{"width":1536,"height":1024,"url":"https:\/\/www.oracaoefe.com\/wp-content\/uploads\/2025\/05\/como_orar_para_esquecer_alguem.webp","type":"image\/webp"}],"author":"Michele Azevedo","twitter_card":"summary_large_image","twitter_misc":{"\u00c9crit par":"Michele Azevedo","Dur\u00e9e de lecture estim\u00e9e":"5 minutes"},"schema":{"@context":"https:\/\/schema.org","@graph":[{"@type":"Article","@id":"https:\/\/www.oracaoefe.com\/como-orar-por-alguem-que-voce-quer-esquecer\/#article","isPartOf":{"@id":"https:\/\/www.oracaoefe.com\/como-orar-por-alguem-que-voce-quer-esquecer\/"},"author":{"name":"Michele Azevedo","@id":"https:\/\/www.oracaoefe.com\/#\/schema\/person\/17283c669442cf005c4d5bb58adfb7f5"},"headline":"Como orar por algu\u00e9m que voc\u00ea quer esquecer?","datePublished":"2025-05-21T04:04:01+00:00","dateModified":"2025-12-16T16:10:50+00:00","mainEntityOfPage":{"@id":"https:\/\/www.oracaoefe.com\/como-orar-por-alguem-que-voce-quer-esquecer\/"},"wordCount":1000,"image":{"@id":"https:\/\/www.oracaoefe.com\/como-orar-por-alguem-que-voce-quer-esquecer\/#primaryimage"},"thumbnailUrl":"https:\/\/www.oracaoefe.com\/wp-content\/uploads\/2025\/05\/como_orar_para_esquecer_alguem.webp","articleSection":["Ora\u00e7\u00e3o"],"inLanguage":"fr-FR"},{"@type":"WebPage","@id":"https:\/\/www.oracaoefe.com\/como-orar-por-alguem-que-voce-quer-esquecer\/","url":"https:\/\/www.oracaoefe.com\/como-orar-por-alguem-que-voce-quer-esquecer\/","name":"Como orar por algu\u00e9m que voc\u00ea quer esquecer? - Ora\u00e7\u00e3o e F\u00e9","isPartOf":{"@id":"https:\/\/www.oracaoefe.com\/#website"},"primaryImageOfPage":{"@id":"https:\/\/www.oracaoefe.com\/como-orar-por-alguem-que-voce-quer-esquecer\/#primaryimage"},"image":{"@id":"https:\/\/www.oracaoefe.com\/como-orar-por-alguem-que-voce-quer-esquecer\/#primaryimage"},"thumbnailUrl":"https:\/\/www.oracaoefe.com\/wp-content\/uploads\/2025\/05\/como_orar_para_esquecer_alguem.webp","datePublished":"2025-05-21T04:04:01+00:00","dateModified":"2025-12-16T16:10:50+00:00","author":{"@id":"https:\/\/www.oracaoefe.com\/#\/schema\/person\/17283c669442cf005c4d5bb58adfb7f5"},"description":"Dieu a une parole de vie pour vous !","breadcrumb":{"@id":"https:\/\/www.oracaoefe.com\/como-orar-por-alguem-que-voce-quer-esquecer\/#breadcrumb"},"inLanguage":"fr-FR","potentialAction":[{"@type":"ReadAction","target":["https:\/\/www.oracaoefe.com\/como-orar-por-alguem-que-voce-quer-esquecer\/"]}]},{"@type":"ImageObject","inLanguage":"fr-FR","@id":"https:\/\/www.oracaoefe.com\/como-orar-por-alguem-que-voce-quer-esquecer\/#primaryimage","url":"https:\/\/www.oracaoefe.com\/wp-content\/uploads\/2025\/05\/como_orar_para_esquecer_alguem.webp","contentUrl":"https:\/\/www.oracaoefe.com\/wp-content\/uploads\/2025\/05\/como_orar_para_esquecer_alguem.webp","width":1536,"height":1024},{"@type":"BreadcrumbList","@id":"https:\/\/www.oracaoefe.com\/como-orar-por-alguem-que-voce-quer-esquecer\/#breadcrumb","itemListElement":[{"@type":"ListItem","position":1,"name":"Home","item":"https:\/\/www.oracaoefe.com\/"},{"@type":"ListItem","position":2,"name":"Ora\u00e7\u00e3o","item":"https:\/\/www.oracaoefe.com\/category\/oracao\/"},{"@type":"ListItem","position":3,"name":"Como orar por algu\u00e9m que voc\u00ea quer esquecer?"}]},{"@type":"WebSite","@id":"https:\/\/www.oracaoefe.com\/#website","url":"https:\/\/www.oracaoefe.com\/","name":"Pri\u00e8re et foi","description":"","potentialAction":[{"@type":"SearchAction","target":{"@type":"EntryPoint","urlTemplate":"https:\/\/www.oracaoefe.com\/?s={search_term_string}"},"query-input":{"@type":"PropertyValueSpecification","valueRequired":true,"valueName":"search_term_string"}}],"inLanguage":"fr-FR"},{"@type":"Person","@id":"https:\/\/www.oracaoefe.com\/#\/schema\/person\/17283c669442cf005c4d5bb58adfb7f5","name":"Michele Azevedo","image":{"@type":"ImageObject","inLanguage":"fr-FR","@id":"https:\/\/secure.gravatar.com\/avatar\/6b0eb9d22841282815e2cd856a0061c45e1761cd54b22e952d98c4746939aa85?s=96&d=mm&r=g","url":"https:\/\/secure.gravatar.com\/avatar\/6b0eb9d22841282815e2cd856a0061c45e1761cd54b22e952d98c4746939aa85?s=96&d=mm&r=g","contentUrl":"https:\/\/secure.gravatar.com\/avatar\/6b0eb9d22841282815e2cd856a0061c45e1761cd54b22e952d98c4746939aa85?s=96&d=mm&r=g","caption":"Michele Azevedo"},"description":"Dipl\u00f4m\u00e9e en litt\u00e9rature portugaise\/anglaise de l&#039;Universit\u00e9 d&#039;\u00c9tat de Ponta Grossa (UEPG), avec des dipl\u00f4mes de troisi\u00e8me cycle en art dans l&#039;\u00e9ducation (FAPI) et en psychop\u00e9dagogie scolaire (FAPI), elle est la cr\u00e9atrice et propri\u00e9taire du site web Escritora de Sucesso, a de l&#039;exp\u00e9rience dans l&#039;\u00e9criture pour les blogs en g\u00e9n\u00e9ral et travaille comme r\u00e9dactrice et \u00e9ditrice du contenu pour Ora\u00e7\u00e3o e F\u00e9.","url":"https:\/\/www.oracaoefe.com\/fr\/author\/michele-azevedo\/"}]}},"_links":{"self":[{"href":"https:\/\/www.oracaoefe.com\/fr\/wp-json\/wp\/v2\/posts\/3578","targetHints":{"allow":["GET"]}}],"collection":[{"href":"https:\/\/www.oracaoefe.com\/fr\/wp-json\/wp\/v2\/posts"}],"about":[{"href":"https:\/\/www.oracaoefe.com\/fr\/wp-json\/wp\/v2\/types\/post"}],"author":[{"embeddable":true,"href":"https:\/\/www.oracaoefe.com\/fr\/wp-json\/wp\/v2\/users\/3"}],"replies":[{"embeddable":true,"href":"https:\/\/www.oracaoefe.com\/fr\/wp-json\/wp\/v2\/comments?post=3578"}],"version-history":[{"count":3,"href":"https:\/\/www.oracaoefe.com\/fr\/wp-json\/wp\/v2\/posts\/3578\/revisions"}],"predecessor-version":[{"id":3784,"href":"https:\/\/www.oracaoefe.com\/fr\/wp-json\/wp\/v2\/posts\/3578\/revisions\/3784"}],"wp:featuredmedia":[{"embeddable":true,"href":"https:\/\/www.oracaoefe.com\/fr\/wp-json\/wp\/v2\/media\/3609"}],"wp:attachment":[{"href":"https:\/\/www.oracaoefe.com\/fr\/wp-json\/wp\/v2\/media?parent=3578"}],"wp:term":[{"taxonomy":"category","embeddable":true,"href":"https:\/\/www.oracaoefe.com\/fr\/wp-json\/wp\/v2\/categories?post=3578"},{"taxonomy":"post_tag","embeddable":true,"href":"https:\/\/www.oracaoefe.com\/fr\/wp-json\/wp\/v2\/tags?post=3578"}],"curies":[{"name":"wp","href":"https:\/\/api.w.org\/{rel}","templated":true}]}}