{"id":3574,"date":"2025-05-17T21:28:00","date_gmt":"2025-05-18T00:28:00","guid":{"rendered":"https:\/\/www.oracaoefe.com\/?p=3574"},"modified":"2025-12-16T13:10:51","modified_gmt":"2025-12-16T16:10:51","slug":"como-as-redes-sociais-estao-influenciando-a-forma-como-oramos","status":"publish","type":"post","link":"https:\/\/www.oracaoefe.com\/fr\/como-as-redes-sociais-estao-influenciando-a-forma-como-oramos\/","title":{"rendered":"Como as redes sociais est\u00e3o influenciando a forma como oramos?"},"content":{"rendered":"<div class=\"wp-block-buttons is-vertical is-content-justification-center is-layout-flex wp-container-core-buttons-is-layout-569b4b61 wp-block-buttons-is-layout-flex\">\n<div class=\"wp-block-button has-custom-width wp-block-button__width-100\"><a class=\"wp-block-button__link has-white-color has-vivid-red-background-color has-text-color has-background has-link-color wp-element-button\" href=\"https:\/\/www.oracaoefe.com\/fr\/voce-sabe-o-que-significa-dizer-amem-a-resposta-pode-te-surpreender\/\" style=\"border-radius:12px\">Curiosidades Que Voc\u00ea N\u00e3o Sabia Sobre a B\u00edblia<\/a><\/div>\n\n\n\n<div class=\"wp-block-button has-custom-width wp-block-button__width-100\"><a class=\"wp-block-button__link has-white-color has-luminous-vivid-orange-background-color has-text-color has-background has-link-color wp-element-button\" href=\"https:\/\/www.oracaoefe.com\/fr\/a-fe-que-mais-cresce-e-a-que-nasce-depois-da-dor\/\" style=\"border-radius:12px\">Fortale\u00e7a Sua F\u00e9 Atrav\u00e9s dessas Palavras<\/a><\/div>\n<\/div>\n\n\n\n<p class=\"has-text-align-center wp-block-paragraph\"><strong>Conecte-se com sua f\u00e9<\/strong><\/p>\n\n\n\n<p class=\"wp-block-paragraph\">Sim, a forma como oramos est\u00e1 mudando \u2014 e muito disso tem rela\u00e7\u00e3o direta com o avan\u00e7o das redes sociais. O que antes era silencioso, \u00edntimo e reservado, hoje ganha espa\u00e7o em v\u00eddeos, legendas, trends e at\u00e9 filtros. A pergunta <strong>&#8220;como as redes sociais est\u00e3o influenciando a forma como oramos&#8221;<\/strong> n\u00e3o \u00e9 s\u00f3 sobre tecnologia. \u00c9 sobre exposi\u00e7\u00e3o, necessidade de valida\u00e7\u00e3o e transforma\u00e7\u00e3o da f\u00e9 em conte\u00fado.<\/p>\n\n\n\n<p class=\"wp-block-paragraph\">Orar j\u00e1 n\u00e3o \u00e9 apenas um gesto entre o indiv\u00edduo e Deus. Em muitos casos, \u00e9 tamb\u00e9m uma escolha est\u00e9tica, um momento registrado e compartilhado. Isso \u00e9 bom? \u00c9 ruim? \u00c9 real? A resposta, como tudo que envolve f\u00e9 e comportamento humano, n\u00e3o \u00e9 simples \u2014 mas \u00e9 urgente de ser refletida.<\/p>\n\n\n\n<h2 class=\"wp-block-heading\">A ora\u00e7\u00e3o saiu do quarto e foi para o feed<\/h2>\n\n\n\n<p class=\"wp-block-paragraph\">Durante s\u00e9culos, a ora\u00e7\u00e3o era vista como um ato privado. Um momento de encontro entre a criatura e o sagrado. Com o crescimento das redes sociais, especialmente entre 2020 e 2025, esse espa\u00e7o come\u00e7ou a ser ressignificado.<\/p>\n\n\n\n<p class=\"wp-block-paragraph\">V\u00eddeos de ora\u00e7\u00f5es guiadas, reels com trechos de salmos, frases de gratid\u00e3o em carross\u00e9is: tudo isso passou a fazer parte da experi\u00eancia espiritual di\u00e1ria. N\u00e3o que isso seja errado \u2014 mas \u00e9 fato que orar passou a ser, tamb\u00e9m, uma linguagem visual.<\/p>\n\n\n\n<p class=\"wp-block-paragraph\">A pergunta <strong>\u201ccomo as redes sociais est\u00e3o influenciando a forma como oramos\u201d<\/strong> passa, ent\u00e3o, por esse novo cen\u00e1rio: onde o sil\u00eancio virou legenda e a f\u00e9, muitas vezes, virou filtro.<\/p>\n\n\n\n<h2 class=\"wp-block-heading\">A f\u00e9 virou conte\u00fado?<\/h2>\n\n\n\n<p class=\"wp-block-paragraph\">Muitas vezes, sim. E isso pode ter dois caminhos:<\/p>\n\n\n\n<p class=\"wp-block-paragraph\">1# <strong>A conex\u00e3o real<\/strong> \u2014 Onde o conte\u00fado serve para aproximar, despertar f\u00e9, consolar, inspirar e ensinar. Nesse caso, a rede \u00e9 ponte. A ora\u00e7\u00e3o digital \u00e9 sincera. A mensagem toca e transforma.<\/p>\n\n\n\n<p class=\"wp-block-paragraph\">2# <strong>A performance religiosa<\/strong> \u2014 Onde orar se torna uma forma de ganhar curtidas, alimentar o ego ou manter uma imagem. Aqui, a rede vira palco. E a ora\u00e7\u00e3o perde seu sentido original.<\/p>\n\n\n\n<p class=\"wp-block-paragraph\">Claro que n\u00e3o cabe a ningu\u00e9m julgar a inten\u00e7\u00e3o do outro. Mas \u00e9 importante que cada pessoa se pergunte: estou orando ou apenas sendo visto orando?<\/p>\n\n\n\n<h2 class=\"wp-block-heading\">A ora\u00e7\u00e3o ficou mais acess\u00edvel?<\/h2>\n\n\n\n<p class=\"wp-block-paragraph\">Sim. E isso \u00e9 um dos grandes pontos positivos. Pessoas que antes n\u00e3o tinham contato com pr\u00e1ticas espirituais passaram a encontrar, nas redes, <strong>acesso di\u00e1rio a mensagens, reflex\u00f5es e ora\u00e7\u00f5es<\/strong>. Isso fez com que muitos redescobrissem sua espiritualidade \u2014 ou pelo menos, se reconectassem com algo maior.<\/p>\n\n\n\n<p class=\"wp-block-paragraph\">Aplicativos de ora\u00e7\u00e3o, canais de YouTube com ora\u00e7\u00f5es matinais, TikToks com palavras de conforto: tudo isso tem o potencial de levar a f\u00e9 onde antes ela n\u00e3o chegava. A tecnologia, nesse caso, <strong>n\u00e3o afasta o sagrado \u2014 amplia o alcance dele<\/strong>.<\/p>\n\n\n\n<h2 class=\"wp-block-heading\">E o risco da superficialidade?<\/h2>\n\n\n\n<p class=\"wp-block-paragraph\">Existe. Ao transformar tudo em formato de consumo r\u00e1pido, corremos o risco de <strong>viver uma f\u00e9 rasa<\/strong>, feita s\u00f3 de frases de efeito e v\u00eddeos emocionantes. O perigo n\u00e3o est\u00e1 em orar por meio da tela \u2014 est\u00e1 em <strong>parar por ali<\/strong>.<\/p>\n\n\n\n<p class=\"wp-block-paragraph\">Uma f\u00e9 que vive s\u00f3 no feed, sem mergulho interior, sem tempo de sil\u00eancio, sem espa\u00e7o de escuta&#8230; vai se enfraquecendo. Por isso, \u00e9 necess\u00e1rio usar as redes como entrada \u2014 mas n\u00e3o como substitui\u00e7\u00e3o da experi\u00eancia verdadeira.<\/p>\n\n\n\n<h2 class=\"wp-block-heading\">A press\u00e3o de orar \u201cbonito\u201d em p\u00fablico<\/h2>\n\n\n\n<p class=\"wp-block-paragraph\">Outra consequ\u00eancia das redes \u00e9 que muita gente passou a <strong>se sentir pressionada a orar do jeito certo, com as palavras certas, na hora certa<\/strong>. Como se a ora\u00e7\u00e3o tivesse que ser digna de viralizar.<\/p>\n\n\n\n<p class=\"wp-block-paragraph\">Esse comportamento gera bloqueios. Pessoas passam a achar que sua ora\u00e7\u00e3o \u00e9 \u201csimples demais\u201d ou \u201csem for\u00e7a\u201d porque n\u00e3o sabem expressar como veem nos v\u00eddeos. E isso \u00e9 perigoso \u2014 porque a verdadeira ora\u00e7\u00e3o n\u00e3o precisa ser perform\u00e1tica. Ela s\u00f3 precisa ser honesta.<\/p>\n\n\n\n<p class=\"wp-block-paragraph\">A reflex\u00e3o sobre <strong>como as redes sociais est\u00e3o influenciando a forma como oramos<\/strong> tamb\u00e9m envolve essa cobran\u00e7a silenciosa de parecer espiritual.<\/p>\n\n\n\n<h2 class=\"wp-block-heading\">Redes sociais como espa\u00e7o de comunh\u00e3o<\/h2>\n\n\n\n<p class=\"wp-block-paragraph\">Apesar dos riscos, tamb\u00e9m \u00e9 verdade que as redes sociais podem ser <strong>espa\u00e7o real de comunh\u00e3o<\/strong>. H\u00e1 grupos de ora\u00e7\u00e3o que se formam no WhatsApp. C\u00edrculos de intercess\u00e3o que acontecem por DM. Pessoas que pedem e recebem ora\u00e7\u00e3o por coment\u00e1rios. E isso \u00e9 lindo.<\/p>\n\n\n\n<p class=\"wp-block-paragraph\">A f\u00e9 compartilhada, quando vem de verdade, une. Fortalece. Faz com que algu\u00e9m do outro lado da tela se sinta acompanhado. Em momentos de crise, luto, ansiedade \u2014 \u00e0s vezes \u00e9 um v\u00eddeo de ora\u00e7\u00e3o que sustenta algu\u00e9m mais um dia.<\/p>\n\n\n\n<h2 class=\"wp-block-heading\">O equil\u00edbrio entre o \u00edntimo e o p\u00fablico<\/h2>\n\n\n\n<p class=\"wp-block-paragraph\">Talvez o maior desafio hoje seja encontrar o <strong>equil\u00edbrio entre o que se vive dentro e o que se exp\u00f5e fora<\/strong>. N\u00e3o h\u00e1 problema em compartilhar uma ora\u00e7\u00e3o. O cuidado deve ser com a motiva\u00e7\u00e3o.<\/p>\n\n\n\n<p class=\"wp-block-paragraph\">Voc\u00ea ora em v\u00eddeo porque deseja alcan\u00e7ar vidas? Ou porque quer alcan\u00e7ar seguidores? Voc\u00ea compartilha a f\u00e9 para inspirar? Ou para manter uma imagem?<\/p>\n\n\n\n<p class=\"wp-block-paragraph\">Essas perguntas n\u00e3o s\u00e3o julgamentos. S\u00e3o convites \u00e0 consci\u00eancia. Porque, no fim das contas, <strong>Deus n\u00e3o se impressiona com filtro. Ele se move com verdade<\/strong>.<\/p>\n\n\n\n<h2 class=\"wp-block-heading\">E o sil\u00eancio, onde ficou?<\/h2>\n\n\n\n<p class=\"wp-block-paragraph\">Em meio a tanto conte\u00fado, tanto \u00e1udio, tanto v\u00eddeo&#8230; o sil\u00eancio virou luxo. Mas a ora\u00e7\u00e3o, muitas vezes, nasce ali. Quando voc\u00ea para. Quando n\u00e3o precisa mostrar. Quando ningu\u00e9m v\u00ea, mas Deus escuta.<\/p>\n\n\n\n<p class=\"wp-block-paragraph\">As redes sociais s\u00e3o incr\u00edveis. Elas nos conectam. Mas \u00e0s vezes, o que a alma mais precisa \u00e9 <strong>desconectar para se reconectar<\/strong>. A ora\u00e7\u00e3o verdadeira ainda mora no simples. No honesto. No silencioso.<\/p>\n\n\n\n<p class=\"wp-block-paragraph\"><strong>Voir aussi\u00a0: <a href=\"https:\/\/www.oracaoefe.com\/fr\/luta-pela-fe-veja-a-sinopse-do-filme\/\">Luta pela f\u00e9: veja a sinopse do filme<\/a><\/strong><\/p>\n\n\n\n<p class=\"wp-block-paragraph\">17 de maio de 2025<\/p>","protected":false},"excerpt":{"rendered":"<p>Conecte-se com sua f\u00e9 Sim, a forma como oramos est\u00e1 mudando \u2014 e muito disso tem rela\u00e7\u00e3o direta com o avan\u00e7o das redes sociais. O que antes era silencioso, \u00edntimo e reservado, hoje ganha espa\u00e7o em v\u00eddeos, legendas, trends e at\u00e9 filtros. A pergunta &#8220;como as redes sociais est\u00e3o influenciando a forma como oramos&#8221; n\u00e3o&hellip;&nbsp;<\/p>","protected":false},"author":3,"featured_media":3576,"comment_status":"closed","ping_status":"closed","sticky":false,"template":"","format":"standard","meta":{"neve_meta_sidebar":"","neve_meta_container":"","neve_meta_enable_content_width":"","neve_meta_content_width":0,"neve_meta_title_alignment":"","neve_meta_author_avatar":"","neve_post_elements_order":"","neve_meta_disable_header":"","neve_meta_disable_footer":"","neve_meta_disable_title":"","footnotes":""},"categories":[4],"tags":[],"class_list":["post-3574","post","type-post","status-publish","format-standard","has-post-thumbnail","hentry","category-fique-por-dentro"],"yoast_head":"<!-- This site is optimized with the Yoast SEO plugin v28.4 - https:\/\/yoast.com\/product\/yoast-seo-wordpress\/ -->\n<title>Como as redes sociais est\u00e3o influenciando a forma como oramos? - Ora\u00e7\u00e3o e F\u00e9<\/title>\n<meta name=\"description\" content=\"Deus tem pra voc\u00ea uma palavra de vida!\" \/>\n<meta name=\"robots\" content=\"index, follow, max-snippet:-1, max-image-preview:large, max-video-preview:-1\" \/>\n<link rel=\"canonical\" href=\"https:\/\/www.oracaoefe.com\/fr\/como-as-redes-sociais-estao-influenciando-a-forma-como-oramos\/\" \/>\n<meta property=\"og:locale\" content=\"fr_FR\" \/>\n<meta property=\"og:type\" content=\"article\" \/>\n<meta property=\"og:title\" content=\"Como as redes sociais est\u00e3o influenciando a forma como oramos? - Ora\u00e7\u00e3o e F\u00e9\" \/>\n<meta property=\"og:description\" content=\"Deus tem pra voc\u00ea uma palavra de vida!\" \/>\n<meta property=\"og:url\" content=\"https:\/\/www.oracaoefe.com\/fr\/como-as-redes-sociais-estao-influenciando-a-forma-como-oramos\/\" \/>\n<meta property=\"og:site_name\" content=\"Ora\u00e7\u00e3o e F\u00e9\" \/>\n<meta property=\"article:published_time\" content=\"2025-05-18T00:28:00+00:00\" \/>\n<meta property=\"article:modified_time\" content=\"2025-12-16T16:10:51+00:00\" \/>\n<meta property=\"og:image\" content=\"https:\/\/www.oracaoefe.com\/wp-content\/uploads\/2025\/05\/mao-segurando-o-conceito-de-midia-social-smartphone-scaled.jpg\" \/>\n\t<meta property=\"og:image:width\" content=\"2560\" \/>\n\t<meta property=\"og:image:height\" content=\"1707\" \/>\n\t<meta property=\"og:image:type\" content=\"image\/jpeg\" \/>\n<meta name=\"author\" content=\"Michele Azevedo\" \/>\n<meta name=\"twitter:card\" content=\"summary_large_image\" \/>\n<meta name=\"twitter:label1\" content=\"\u00c9crit par\" \/>\n\t<meta name=\"twitter:data1\" content=\"Michele Azevedo\" \/>\n\t<meta name=\"twitter:label2\" content=\"Dur\u00e9e de lecture estim\u00e9e\" \/>\n\t<meta name=\"twitter:data2\" content=\"5 minutes\" \/>\n<script type=\"application\/ld+json\" class=\"yoast-schema-graph\">{\"@context\":\"https:\\\/\\\/schema.org\",\"@graph\":[{\"@type\":\"Article\",\"@id\":\"https:\\\/\\\/www.oracaoefe.com\\\/como-as-redes-sociais-estao-influenciando-a-forma-como-oramos\\\/#article\",\"isPartOf\":{\"@id\":\"https:\\\/\\\/www.oracaoefe.com\\\/como-as-redes-sociais-estao-influenciando-a-forma-como-oramos\\\/\"},\"author\":{\"name\":\"Michele Azevedo\",\"@id\":\"https:\\\/\\\/www.oracaoefe.com\\\/#\\\/schema\\\/person\\\/17283c669442cf005c4d5bb58adfb7f5\"},\"headline\":\"Como as redes sociais est\u00e3o influenciando a forma como oramos?\",\"datePublished\":\"2025-05-18T00:28:00+00:00\",\"dateModified\":\"2025-12-16T16:10:51+00:00\",\"mainEntityOfPage\":{\"@id\":\"https:\\\/\\\/www.oracaoefe.com\\\/como-as-redes-sociais-estao-influenciando-a-forma-como-oramos\\\/\"},\"wordCount\":1004,\"image\":{\"@id\":\"https:\\\/\\\/www.oracaoefe.com\\\/como-as-redes-sociais-estao-influenciando-a-forma-como-oramos\\\/#primaryimage\"},\"thumbnailUrl\":\"https:\\\/\\\/www.oracaoefe.com\\\/wp-content\\\/uploads\\\/2025\\\/05\\\/mao-segurando-o-conceito-de-midia-social-smartphone-scaled.jpg\",\"articleSection\":[\"Fique por Dentro\"],\"inLanguage\":\"fr-FR\"},{\"@type\":\"WebPage\",\"@id\":\"https:\\\/\\\/www.oracaoefe.com\\\/como-as-redes-sociais-estao-influenciando-a-forma-como-oramos\\\/\",\"url\":\"https:\\\/\\\/www.oracaoefe.com\\\/como-as-redes-sociais-estao-influenciando-a-forma-como-oramos\\\/\",\"name\":\"Como as redes sociais est\u00e3o influenciando a forma como oramos? - Ora\u00e7\u00e3o e F\u00e9\",\"isPartOf\":{\"@id\":\"https:\\\/\\\/www.oracaoefe.com\\\/#website\"},\"primaryImageOfPage\":{\"@id\":\"https:\\\/\\\/www.oracaoefe.com\\\/como-as-redes-sociais-estao-influenciando-a-forma-como-oramos\\\/#primaryimage\"},\"image\":{\"@id\":\"https:\\\/\\\/www.oracaoefe.com\\\/como-as-redes-sociais-estao-influenciando-a-forma-como-oramos\\\/#primaryimage\"},\"thumbnailUrl\":\"https:\\\/\\\/www.oracaoefe.com\\\/wp-content\\\/uploads\\\/2025\\\/05\\\/mao-segurando-o-conceito-de-midia-social-smartphone-scaled.jpg\",\"datePublished\":\"2025-05-18T00:28:00+00:00\",\"dateModified\":\"2025-12-16T16:10:51+00:00\",\"author\":{\"@id\":\"https:\\\/\\\/www.oracaoefe.com\\\/#\\\/schema\\\/person\\\/17283c669442cf005c4d5bb58adfb7f5\"},\"description\":\"Deus tem pra voc\u00ea uma palavra de vida!\",\"breadcrumb\":{\"@id\":\"https:\\\/\\\/www.oracaoefe.com\\\/como-as-redes-sociais-estao-influenciando-a-forma-como-oramos\\\/#breadcrumb\"},\"inLanguage\":\"fr-FR\",\"potentialAction\":[{\"@type\":\"ReadAction\",\"target\":[\"https:\\\/\\\/www.oracaoefe.com\\\/como-as-redes-sociais-estao-influenciando-a-forma-como-oramos\\\/\"]}]},{\"@type\":\"ImageObject\",\"inLanguage\":\"fr-FR\",\"@id\":\"https:\\\/\\\/www.oracaoefe.com\\\/como-as-redes-sociais-estao-influenciando-a-forma-como-oramos\\\/#primaryimage\",\"url\":\"https:\\\/\\\/www.oracaoefe.com\\\/wp-content\\\/uploads\\\/2025\\\/05\\\/mao-segurando-o-conceito-de-midia-social-smartphone-scaled.jpg\",\"contentUrl\":\"https:\\\/\\\/www.oracaoefe.com\\\/wp-content\\\/uploads\\\/2025\\\/05\\\/mao-segurando-o-conceito-de-midia-social-smartphone-scaled.jpg\",\"width\":2560,\"height\":1707},{\"@type\":\"BreadcrumbList\",\"@id\":\"https:\\\/\\\/www.oracaoefe.com\\\/como-as-redes-sociais-estao-influenciando-a-forma-como-oramos\\\/#breadcrumb\",\"itemListElement\":[{\"@type\":\"ListItem\",\"position\":1,\"name\":\"Home\",\"item\":\"https:\\\/\\\/www.oracaoefe.com\\\/\"},{\"@type\":\"ListItem\",\"position\":2,\"name\":\"Fique por Dentro\",\"item\":\"https:\\\/\\\/www.oracaoefe.com\\\/category\\\/fique-por-dentro\\\/\"},{\"@type\":\"ListItem\",\"position\":3,\"name\":\"Como as redes sociais est\u00e3o influenciando a forma como oramos?\"}]},{\"@type\":\"WebSite\",\"@id\":\"https:\\\/\\\/www.oracaoefe.com\\\/#website\",\"url\":\"https:\\\/\\\/www.oracaoefe.com\\\/\",\"name\":\"Ora\u00e7\u00e3o e F\u00e9\",\"description\":\"\",\"potentialAction\":[{\"@type\":\"SearchAction\",\"target\":{\"@type\":\"EntryPoint\",\"urlTemplate\":\"https:\\\/\\\/www.oracaoefe.com\\\/?s={search_term_string}\"},\"query-input\":{\"@type\":\"PropertyValueSpecification\",\"valueRequired\":true,\"valueName\":\"search_term_string\"}}],\"inLanguage\":\"fr-FR\"},{\"@type\":\"Person\",\"@id\":\"https:\\\/\\\/www.oracaoefe.com\\\/#\\\/schema\\\/person\\\/17283c669442cf005c4d5bb58adfb7f5\",\"name\":\"Michele Azevedo\",\"image\":{\"@type\":\"ImageObject\",\"inLanguage\":\"fr-FR\",\"@id\":\"https:\\\/\\\/secure.gravatar.com\\\/avatar\\\/6b0eb9d22841282815e2cd856a0061c45e1761cd54b22e952d98c4746939aa85?s=96&d=mm&r=g\",\"url\":\"https:\\\/\\\/secure.gravatar.com\\\/avatar\\\/6b0eb9d22841282815e2cd856a0061c45e1761cd54b22e952d98c4746939aa85?s=96&d=mm&r=g\",\"contentUrl\":\"https:\\\/\\\/secure.gravatar.com\\\/avatar\\\/6b0eb9d22841282815e2cd856a0061c45e1761cd54b22e952d98c4746939aa85?s=96&d=mm&r=g\",\"caption\":\"Michele Azevedo\"},\"description\":\"Formada em Letras - Portugu\u00eas\\\/ Ingl\u00eas pela Universidade Estadual de Ponta Grossa (UEPG), p\u00f3s-graduada em Arte na Educa\u00e7\u00e3o (FAPI) e Psicopedagogia Escolar (FAPI), idealizadora e propriet\u00e1ria do site Escritora de Sucesso, possui experi\u00eancia em escrita para blogs em geral e atua como redatora e revisora dos conte\u00fados do Ora\u00e7\u00e3o e F\u00e9.\",\"url\":\"https:\\\/\\\/www.oracaoefe.com\\\/fr\\\/author\\\/michele-azevedo\\\/\"}]}<\/script>\n<!-- \/ Yoast SEO plugin. -->","yoast_head_json":{"title":"Como as redes sociais est\u00e3o influenciando a forma como oramos? - Ora\u00e7\u00e3o e F\u00e9","description":"Dieu a une parole de vie pour vous !","robots":{"index":"index","follow":"follow","max-snippet":"max-snippet:-1","max-image-preview":"max-image-preview:large","max-video-preview":"max-video-preview:-1"},"canonical":"https:\/\/www.oracaoefe.com\/fr\/como-as-redes-sociais-estao-influenciando-a-forma-como-oramos\/","og_locale":"fr_FR","og_type":"article","og_title":"Como as redes sociais est\u00e3o influenciando a forma como oramos? - Ora\u00e7\u00e3o e F\u00e9","og_description":"Deus tem pra voc\u00ea uma palavra de vida!","og_url":"https:\/\/www.oracaoefe.com\/fr\/como-as-redes-sociais-estao-influenciando-a-forma-como-oramos\/","og_site_name":"Ora\u00e7\u00e3o e F\u00e9","article_published_time":"2025-05-18T00:28:00+00:00","article_modified_time":"2025-12-16T16:10:51+00:00","og_image":[{"width":2560,"height":1707,"url":"https:\/\/www.oracaoefe.com\/wp-content\/uploads\/2025\/05\/mao-segurando-o-conceito-de-midia-social-smartphone-scaled.jpg","type":"image\/jpeg"}],"author":"Michele Azevedo","twitter_card":"summary_large_image","twitter_misc":{"\u00c9crit par":"Michele Azevedo","Dur\u00e9e de lecture estim\u00e9e":"5 minutes"},"schema":{"@context":"https:\/\/schema.org","@graph":[{"@type":"Article","@id":"https:\/\/www.oracaoefe.com\/como-as-redes-sociais-estao-influenciando-a-forma-como-oramos\/#article","isPartOf":{"@id":"https:\/\/www.oracaoefe.com\/como-as-redes-sociais-estao-influenciando-a-forma-como-oramos\/"},"author":{"name":"Michele Azevedo","@id":"https:\/\/www.oracaoefe.com\/#\/schema\/person\/17283c669442cf005c4d5bb58adfb7f5"},"headline":"Como as redes sociais est\u00e3o influenciando a forma como oramos?","datePublished":"2025-05-18T00:28:00+00:00","dateModified":"2025-12-16T16:10:51+00:00","mainEntityOfPage":{"@id":"https:\/\/www.oracaoefe.com\/como-as-redes-sociais-estao-influenciando-a-forma-como-oramos\/"},"wordCount":1004,"image":{"@id":"https:\/\/www.oracaoefe.com\/como-as-redes-sociais-estao-influenciando-a-forma-como-oramos\/#primaryimage"},"thumbnailUrl":"https:\/\/www.oracaoefe.com\/wp-content\/uploads\/2025\/05\/mao-segurando-o-conceito-de-midia-social-smartphone-scaled.jpg","articleSection":["Fique por Dentro"],"inLanguage":"fr-FR"},{"@type":"WebPage","@id":"https:\/\/www.oracaoefe.com\/como-as-redes-sociais-estao-influenciando-a-forma-como-oramos\/","url":"https:\/\/www.oracaoefe.com\/como-as-redes-sociais-estao-influenciando-a-forma-como-oramos\/","name":"Como as redes sociais est\u00e3o influenciando a forma como oramos? - Ora\u00e7\u00e3o e F\u00e9","isPartOf":{"@id":"https:\/\/www.oracaoefe.com\/#website"},"primaryImageOfPage":{"@id":"https:\/\/www.oracaoefe.com\/como-as-redes-sociais-estao-influenciando-a-forma-como-oramos\/#primaryimage"},"image":{"@id":"https:\/\/www.oracaoefe.com\/como-as-redes-sociais-estao-influenciando-a-forma-como-oramos\/#primaryimage"},"thumbnailUrl":"https:\/\/www.oracaoefe.com\/wp-content\/uploads\/2025\/05\/mao-segurando-o-conceito-de-midia-social-smartphone-scaled.jpg","datePublished":"2025-05-18T00:28:00+00:00","dateModified":"2025-12-16T16:10:51+00:00","author":{"@id":"https:\/\/www.oracaoefe.com\/#\/schema\/person\/17283c669442cf005c4d5bb58adfb7f5"},"description":"Dieu a une parole de vie pour vous !","breadcrumb":{"@id":"https:\/\/www.oracaoefe.com\/como-as-redes-sociais-estao-influenciando-a-forma-como-oramos\/#breadcrumb"},"inLanguage":"fr-FR","potentialAction":[{"@type":"ReadAction","target":["https:\/\/www.oracaoefe.com\/como-as-redes-sociais-estao-influenciando-a-forma-como-oramos\/"]}]},{"@type":"ImageObject","inLanguage":"fr-FR","@id":"https:\/\/www.oracaoefe.com\/como-as-redes-sociais-estao-influenciando-a-forma-como-oramos\/#primaryimage","url":"https:\/\/www.oracaoefe.com\/wp-content\/uploads\/2025\/05\/mao-segurando-o-conceito-de-midia-social-smartphone-scaled.jpg","contentUrl":"https:\/\/www.oracaoefe.com\/wp-content\/uploads\/2025\/05\/mao-segurando-o-conceito-de-midia-social-smartphone-scaled.jpg","width":2560,"height":1707},{"@type":"BreadcrumbList","@id":"https:\/\/www.oracaoefe.com\/como-as-redes-sociais-estao-influenciando-a-forma-como-oramos\/#breadcrumb","itemListElement":[{"@type":"ListItem","position":1,"name":"Home","item":"https:\/\/www.oracaoefe.com\/"},{"@type":"ListItem","position":2,"name":"Fique por Dentro","item":"https:\/\/www.oracaoefe.com\/category\/fique-por-dentro\/"},{"@type":"ListItem","position":3,"name":"Como as redes sociais est\u00e3o influenciando a forma como oramos?"}]},{"@type":"WebSite","@id":"https:\/\/www.oracaoefe.com\/#website","url":"https:\/\/www.oracaoefe.com\/","name":"Pri\u00e8re et foi","description":"","potentialAction":[{"@type":"SearchAction","target":{"@type":"EntryPoint","urlTemplate":"https:\/\/www.oracaoefe.com\/?s={search_term_string}"},"query-input":{"@type":"PropertyValueSpecification","valueRequired":true,"valueName":"search_term_string"}}],"inLanguage":"fr-FR"},{"@type":"Person","@id":"https:\/\/www.oracaoefe.com\/#\/schema\/person\/17283c669442cf005c4d5bb58adfb7f5","name":"Michele Azevedo","image":{"@type":"ImageObject","inLanguage":"fr-FR","@id":"https:\/\/secure.gravatar.com\/avatar\/6b0eb9d22841282815e2cd856a0061c45e1761cd54b22e952d98c4746939aa85?s=96&d=mm&r=g","url":"https:\/\/secure.gravatar.com\/avatar\/6b0eb9d22841282815e2cd856a0061c45e1761cd54b22e952d98c4746939aa85?s=96&d=mm&r=g","contentUrl":"https:\/\/secure.gravatar.com\/avatar\/6b0eb9d22841282815e2cd856a0061c45e1761cd54b22e952d98c4746939aa85?s=96&d=mm&r=g","caption":"Michele Azevedo"},"description":"Dipl\u00f4m\u00e9e en litt\u00e9rature portugaise\/anglaise de l&#039;Universit\u00e9 d&#039;\u00c9tat de Ponta Grossa (UEPG), avec des dipl\u00f4mes de troisi\u00e8me cycle en art dans l&#039;\u00e9ducation (FAPI) et en psychop\u00e9dagogie scolaire (FAPI), elle est la cr\u00e9atrice et propri\u00e9taire du site web Escritora de Sucesso, a de l&#039;exp\u00e9rience dans l&#039;\u00e9criture pour les blogs en g\u00e9n\u00e9ral et travaille comme r\u00e9dactrice et \u00e9ditrice du contenu pour Ora\u00e7\u00e3o e F\u00e9.","url":"https:\/\/www.oracaoefe.com\/fr\/author\/michele-azevedo\/"}]}},"_links":{"self":[{"href":"https:\/\/www.oracaoefe.com\/fr\/wp-json\/wp\/v2\/posts\/3574","targetHints":{"allow":["GET"]}}],"collection":[{"href":"https:\/\/www.oracaoefe.com\/fr\/wp-json\/wp\/v2\/posts"}],"about":[{"href":"https:\/\/www.oracaoefe.com\/fr\/wp-json\/wp\/v2\/types\/post"}],"author":[{"embeddable":true,"href":"https:\/\/www.oracaoefe.com\/fr\/wp-json\/wp\/v2\/users\/3"}],"replies":[{"embeddable":true,"href":"https:\/\/www.oracaoefe.com\/fr\/wp-json\/wp\/v2\/comments?post=3574"}],"version-history":[{"count":3,"href":"https:\/\/www.oracaoefe.com\/fr\/wp-json\/wp\/v2\/posts\/3574\/revisions"}],"predecessor-version":[{"id":3789,"href":"https:\/\/www.oracaoefe.com\/fr\/wp-json\/wp\/v2\/posts\/3574\/revisions\/3789"}],"wp:featuredmedia":[{"embeddable":true,"href":"https:\/\/www.oracaoefe.com\/fr\/wp-json\/wp\/v2\/media\/3576"}],"wp:attachment":[{"href":"https:\/\/www.oracaoefe.com\/fr\/wp-json\/wp\/v2\/media?parent=3574"}],"wp:term":[{"taxonomy":"category","embeddable":true,"href":"https:\/\/www.oracaoefe.com\/fr\/wp-json\/wp\/v2\/categories?post=3574"},{"taxonomy":"post_tag","embeddable":true,"href":"https:\/\/www.oracaoefe.com\/fr\/wp-json\/wp\/v2\/tags?post=3574"}],"curies":[{"name":"wp","href":"https:\/\/api.w.org\/{rel}","templated":true}]}}