{"id":3571,"date":"2025-05-16T22:31:06","date_gmt":"2025-05-17T01:31:06","guid":{"rendered":"https:\/\/www.oracaoefe.com\/?p=3571"},"modified":"2025-12-16T13:10:51","modified_gmt":"2025-12-16T16:10:51","slug":"a-fe-que-mais-cresce-e-a-que-nasce-depois-da-dor","status":"publish","type":"post","link":"https:\/\/www.oracaoefe.com\/fr\/a-fe-que-mais-cresce-e-a-que-nasce-depois-da-dor\/","title":{"rendered":"A f\u00e9 que mais cresce \u00e9 a que nasce depois da dor"},"content":{"rendered":"<p class=\"wp-block-paragraph\">A f\u00e9 mais forte n\u00e3o nasce na calmaria. Ela nasce no meio da dor. Quando tudo desmorona, quando n\u00e3o h\u00e1 resposta, quando nem a ora\u00e7\u00e3o sai do jeito certo \u2014 \u00e9 ali que uma f\u00e9 nova come\u00e7a a se formar. N\u00e3o \u00e9 aquela f\u00e9 aprendida por repeti\u00e7\u00e3o, nem aquela que a gente carrega s\u00f3 nos domingos. \u00c9 uma f\u00e9 visceral, silenciosa, muitas vezes constru\u00edda com l\u00e1grimas.<\/p>\n\n\n\n<p class=\"wp-block-paragraph\">Porque tem dor que ensina. Tem perda que revela. E tem queda que levanta. A f\u00e9 que mais cresce \u00e9 a que brota depois da ferida. N\u00e3o \u00e9 m\u00e1gica. \u00c9 sobreviv\u00eancia. \u00c9 o que resta quando tudo o que parecia s\u00f3lido foi embora. Quando a vida rasga o ch\u00e3o e a \u00fanica sa\u00edda \u00e9 olhar pra dentro \u2014 e olhar pra cima.<\/p>\n\n\n\n<h2 class=\"wp-block-heading\">A dor n\u00e3o silencia a f\u00e9. Ela refina.<\/h2>\n\n\n\n<p class=\"wp-block-paragraph\">Quantas vezes a gente s\u00f3 entende o que \u00e9 f\u00e9 de verdade depois de sofrer? Quando tudo vai bem, a f\u00e9 parece mais leve, quase autom\u00e1tica. Mas quando vem a dor \u2014 aquela que n\u00e3o avisa, que invade e toma espa\u00e7o \u2014 a\u00ed \u00e9 que a f\u00e9 \u00e9 testada. E tamb\u00e9m revelada.<\/p>\n\n\n\n<p class=\"wp-block-paragraph\">N\u00e3o \u00e9 que a dor seja boa. Mas ela tem o poder de nos despir de ilus\u00f5es. E no meio desse esvaziamento, o que sobra \u00e9 uma entrega diferente. Uma f\u00e9 que n\u00e3o cobra, n\u00e3o exige, apenas existe. Que acredita mesmo sem ver, mesmo sem entender.<\/p>\n\n\n\n<h2 class=\"wp-block-heading\">Tem dores que abrem caminhos<\/h2>\n\n\n\n<p class=\"wp-block-paragraph\">\u00c0s vezes, a gente passa por um sofrimento t\u00e3o grande que pensa que n\u00e3o vai aguentar. Mas passa. E quando passa, a gente percebe que n\u00e3o saiu igual. Mudou por dentro. O jeito de ver a vida, de se conectar com o sagrado, muda tamb\u00e9m.<\/p>\n\n\n\n<p class=\"wp-block-paragraph\">A f\u00e9 que nasce depois da dor tem mais escuta do que fala. Mais presen\u00e7a do que resposta. \u00c9 uma f\u00e9 que n\u00e3o precisa provar nada pra ningu\u00e9m. Que n\u00e3o se justifica. Que n\u00e3o precisa ser bonita por fora, porque \u00e9 forte por dentro.<\/p>\n\n\n\n<h2 class=\"wp-block-heading\">Quando tudo quebra, algo se revela<\/h2>\n\n\n\n<p class=\"wp-block-paragraph\">\u00c9 f\u00e1cil dizer que acredita quando tudo est\u00e1 funcionando. Mas quando voc\u00ea perde, quando adoece, quando \u00e9 tra\u00eddo, quando fica sozinho&#8230; a f\u00e9 ganha outro peso. Ali voc\u00ea come\u00e7a a entender que existe algo maior que a dor \u2014 mesmo que ela pare\u00e7a insuport\u00e1vel naquele momento.<\/p>\n\n\n\n<p class=\"wp-block-paragraph\">Voc\u00ea j\u00e1 percebeu que, nos piores dias, surgem pensamentos e sentimentos que n\u00e3o vinham antes? Como se a alma, em sil\u00eancio, come\u00e7asse a ver o que antes estava encoberto. \u00c0s vezes, \u00e9 no fundo do po\u00e7o que a gente encontra o que h\u00e1 de mais profundo em n\u00f3s \u2014 e o que h\u00e1 de mais alto em Deus.<\/p>\n\n\n\n<h2 class=\"wp-block-heading\">A f\u00e9 n\u00e3o te livra da dor, mas te atravessa com ela<\/h2>\n\n\n\n<p class=\"wp-block-paragraph\">Quem tem f\u00e9 n\u00e3o vive uma vida sem dor. Vive uma vida onde a dor n\u00e3o \u00e9 o fim. Onde o sofrimento tem um lugar, mas n\u00e3o tem a \u00faltima palavra.<\/p>\n\n\n\n<p class=\"wp-block-paragraph\">A f\u00e9 que mais cresce \u00e9 aquela que n\u00e3o foge do sofrimento, mas caminha com ele. Que n\u00e3o nega o choro, mas o transforma em ora\u00e7\u00e3o. Que n\u00e3o esconde as feridas, mas entende que elas fazem parte do caminho.<\/p>\n\n\n\n<p class=\"wp-block-paragraph\">Voc\u00ea n\u00e3o precisa ser forte o tempo todo. E ter f\u00e9 n\u00e3o \u00e9 sorrir o tempo inteiro. \u00c9, \u00e0s vezes, gritar no escuro e ainda assim acreditar que algu\u00e9m escutou. \u00c9 cair de joelhos e continuar crendo que a m\u00e3o que levanta vai chegar.<\/p>\n\n\n\n<h2 class=\"wp-block-heading\">Depois da dor, a f\u00e9 amadurece<\/h2>\n\n\n\n<p class=\"wp-block-paragraph\">Talvez voc\u00ea esteja nesse momento. Um tempo em que parece que nada faz sentido. Em que o mundo ficou mudo, e at\u00e9 suas ora\u00e7\u00f5es parecem n\u00e3o ter retorno. \u00c9 nesse sil\u00eancio que a f\u00e9 come\u00e7a a crescer diferente.<\/p>\n\n\n\n<p class=\"wp-block-paragraph\">Antes, voc\u00ea pedia por milagres. Agora, voc\u00ea pede por paz. Antes, queria respostas. Agora, s\u00f3 quer um pouco de f\u00f4lego. E essa transforma\u00e7\u00e3o n\u00e3o \u00e9 fraqueza \u2014 \u00e9 profundidade.<\/p>\n\n\n\n<p class=\"wp-block-paragraph\">A f\u00e9 que nasce depois da dor \u00e9 mais real. Mais humana. Mais pr\u00f3xima. Ela entende que n\u00e3o controla o mundo, mas pode continuar mesmo quando tudo parece fora do lugar.<\/p>\n\n\n\n<h2 class=\"wp-block-heading\">O que nasce no meio da dor n\u00e3o se quebra f\u00e1cil<\/h2>\n\n\n\n<p class=\"wp-block-paragraph\">Quem foi ao fundo sabe valorizar a superf\u00edcie. Quem j\u00e1 se sentiu s\u00f3, entende a for\u00e7a de uma presen\u00e7a silenciosa. Quem j\u00e1 perdeu, sabe amar com mais verdade. E quem j\u00e1 viu a vida se partir, aprende a viver com mais inteireza.<\/p>\n\n\n\n<p class=\"wp-block-paragraph\">A f\u00e9 que ressurge depois da dor \u00e9 aquela que n\u00e3o depende de promessas, mas de confian\u00e7a. Que n\u00e3o exige explica\u00e7\u00f5es, mas aceita o tempo. Que, mesmo quando sangra, acredita que a cura vem. Que, mesmo diante da morte, acredita na vida.<\/p>\n\n\n\n<h2 class=\"wp-block-heading\">A dor n\u00e3o \u00e9 o fim da hist\u00f3ria<\/h2>\n\n\n\n<p class=\"wp-block-paragraph\">Talvez voc\u00ea esteja lendo isso com o cora\u00e7\u00e3o machucado, tentando entender por que est\u00e1 passando por tudo isso. E talvez ainda demore para entender. Mas o que hoje te d\u00f3i, um dia pode virar raiz de uma f\u00e9 que sustenta.<\/p>\n\n\n\n<p class=\"wp-block-paragraph\">Essa fase escura que voc\u00ea est\u00e1 vivendo n\u00e3o define quem voc\u00ea \u00e9. Mas ela pode revelar quem voc\u00ea est\u00e1 se tornando. O amanh\u00e3 que voc\u00ea ainda n\u00e3o enxerga pode estar sendo preparado agora, no invis\u00edvel.<\/p>\n\n\n\n<p class=\"wp-block-paragraph\">A f\u00e9 que mais cresce \u00e9 essa: a que brota do desespero, da espera, da perda \u2014 e escolhe, mesmo assim, continuar. Porque mesmo quando tudo falta, ainda resta algo dentro que diz: \u201cvai passar\u201d.<\/p>\n\n\n\n<h2 class=\"wp-block-heading\">H\u00e1 uma for\u00e7a que nasce no fundo da alma<\/h2>\n\n\n\n<p class=\"wp-block-paragraph\">Ningu\u00e9m deseja a dor. Mas ela chega. E quando chega, se voc\u00ea deixar, ela pode abrir espa\u00e7o para algo novo. Algo mais verdadeiro. Uma f\u00e9 mais inteira. N\u00e3o aquela que se exibe, mas a que sustenta.<\/p>\n\n\n\n<p class=\"wp-block-paragraph\">E n\u00e3o precisa ser grande. Uma f\u00e9 pequena, mas firme, j\u00e1 \u00e9 suficiente para recome\u00e7ar. J\u00e1 \u00e9 o bastante para levantar da cama, para continuar tentando, para dar mais um passo.<\/p>\n\n\n\n<p class=\"wp-block-paragraph\">Essa f\u00e9 que nasce depois da dor n\u00e3o \u00e9 para exibi\u00e7\u00e3o. \u00c9 para sobreviv\u00eancia. E depois da sobreviv\u00eancia, para renascimento.<\/p>\n\n\n\n<p class=\"wp-block-paragraph\"><strong>Voir aussi\u00a0: <a href=\"https:\/\/www.oracaoefe.com\/fr\/como-ter-a-fe-que-move-montanhas\/\">Como ter a f\u00e9 que move montanhas?<\/a><\/strong><\/p>\n\n\n\n<p class=\"wp-block-paragraph\">16 de maio de 2025<\/p>","protected":false},"excerpt":{"rendered":"<p>A f\u00e9 mais forte n\u00e3o nasce na calmaria. Ela nasce no meio da dor. Quando tudo desmorona, quando n\u00e3o h\u00e1 resposta, quando nem a ora\u00e7\u00e3o sai do jeito certo \u2014 \u00e9 ali que uma f\u00e9 nova come\u00e7a a se formar. N\u00e3o \u00e9 aquela f\u00e9 aprendida por repeti\u00e7\u00e3o, nem aquela que a gente carrega s\u00f3 nos&hellip;&nbsp;<\/p>","protected":false},"author":3,"featured_media":3572,"comment_status":"closed","ping_status":"closed","sticky":false,"template":"","format":"standard","meta":{"neve_meta_sidebar":"","neve_meta_container":"","neve_meta_enable_content_width":"","neve_meta_content_width":0,"neve_meta_title_alignment":"","neve_meta_author_avatar":"","neve_post_elements_order":"","neve_meta_disable_header":"","neve_meta_disable_footer":"","neve_meta_disable_title":"","footnotes":""},"categories":[3],"tags":[],"class_list":["post-3571","post","type-post","status-publish","format-standard","has-post-thumbnail","hentry","category-fe"],"yoast_head":"<!-- This site is optimized with the Yoast SEO plugin v28.4 - https:\/\/yoast.com\/product\/yoast-seo-wordpress\/ -->\n<title>A f\u00e9 que mais cresce \u00e9 a que nasce depois da dor - Ora\u00e7\u00e3o e F\u00e9<\/title>\n<meta name=\"description\" content=\"Deus tem pra voc\u00ea uma palavra de vida!\" \/>\n<meta name=\"robots\" content=\"index, follow, max-snippet:-1, max-image-preview:large, max-video-preview:-1\" \/>\n<link rel=\"canonical\" href=\"https:\/\/www.oracaoefe.com\/fr\/a-fe-que-mais-cresce-e-a-que-nasce-depois-da-dor\/\" \/>\n<meta property=\"og:locale\" content=\"fr_FR\" \/>\n<meta property=\"og:type\" content=\"article\" \/>\n<meta property=\"og:title\" content=\"A f\u00e9 que mais cresce \u00e9 a que nasce depois da dor - Ora\u00e7\u00e3o e F\u00e9\" \/>\n<meta property=\"og:description\" content=\"Deus tem pra voc\u00ea uma palavra de vida!\" \/>\n<meta property=\"og:url\" content=\"https:\/\/www.oracaoefe.com\/fr\/a-fe-que-mais-cresce-e-a-que-nasce-depois-da-dor\/\" \/>\n<meta property=\"og:site_name\" content=\"Ora\u00e7\u00e3o e F\u00e9\" \/>\n<meta property=\"article:published_time\" content=\"2025-05-17T01:31:06+00:00\" \/>\n<meta property=\"article:modified_time\" content=\"2025-12-16T16:10:51+00:00\" \/>\n<meta property=\"og:image\" content=\"https:\/\/www.oracaoefe.com\/wp-content\/uploads\/2025\/05\/16-de-mai.-de-2025-22_30_08-1024x683.png\" \/>\n\t<meta property=\"og:image:width\" content=\"1024\" \/>\n\t<meta property=\"og:image:height\" content=\"683\" \/>\n\t<meta property=\"og:image:type\" content=\"image\/png\" \/>\n<meta name=\"author\" content=\"Michele Azevedo\" \/>\n<meta name=\"twitter:card\" content=\"summary_large_image\" \/>\n<meta name=\"twitter:label1\" content=\"\u00c9crit par\" \/>\n\t<meta name=\"twitter:data1\" content=\"Michele Azevedo\" \/>\n\t<meta name=\"twitter:label2\" content=\"Dur\u00e9e de lecture estim\u00e9e\" \/>\n\t<meta name=\"twitter:data2\" content=\"5 minutes\" \/>\n<script type=\"application\/ld+json\" class=\"yoast-schema-graph\">{\"@context\":\"https:\\\/\\\/schema.org\",\"@graph\":[{\"@type\":\"Article\",\"@id\":\"https:\\\/\\\/www.oracaoefe.com\\\/a-fe-que-mais-cresce-e-a-que-nasce-depois-da-dor\\\/#article\",\"isPartOf\":{\"@id\":\"https:\\\/\\\/www.oracaoefe.com\\\/a-fe-que-mais-cresce-e-a-que-nasce-depois-da-dor\\\/\"},\"author\":{\"name\":\"Michele Azevedo\",\"@id\":\"https:\\\/\\\/www.oracaoefe.com\\\/#\\\/schema\\\/person\\\/17283c669442cf005c4d5bb58adfb7f5\"},\"headline\":\"A f\u00e9 que mais cresce \u00e9 a que nasce depois da dor\",\"datePublished\":\"2025-05-17T01:31:06+00:00\",\"dateModified\":\"2025-12-16T16:10:51+00:00\",\"mainEntityOfPage\":{\"@id\":\"https:\\\/\\\/www.oracaoefe.com\\\/a-fe-que-mais-cresce-e-a-que-nasce-depois-da-dor\\\/\"},\"wordCount\":1047,\"image\":{\"@id\":\"https:\\\/\\\/www.oracaoefe.com\\\/a-fe-que-mais-cresce-e-a-que-nasce-depois-da-dor\\\/#primaryimage\"},\"thumbnailUrl\":\"https:\\\/\\\/www.oracaoefe.com\\\/wp-content\\\/uploads\\\/2025\\\/05\\\/16-de-mai.-de-2025-22_30_08.png\",\"articleSection\":[\"F\u00e9\"],\"inLanguage\":\"fr-FR\"},{\"@type\":\"WebPage\",\"@id\":\"https:\\\/\\\/www.oracaoefe.com\\\/a-fe-que-mais-cresce-e-a-que-nasce-depois-da-dor\\\/\",\"url\":\"https:\\\/\\\/www.oracaoefe.com\\\/a-fe-que-mais-cresce-e-a-que-nasce-depois-da-dor\\\/\",\"name\":\"A f\u00e9 que mais cresce \u00e9 a que nasce depois da dor - Ora\u00e7\u00e3o e F\u00e9\",\"isPartOf\":{\"@id\":\"https:\\\/\\\/www.oracaoefe.com\\\/#website\"},\"primaryImageOfPage\":{\"@id\":\"https:\\\/\\\/www.oracaoefe.com\\\/a-fe-que-mais-cresce-e-a-que-nasce-depois-da-dor\\\/#primaryimage\"},\"image\":{\"@id\":\"https:\\\/\\\/www.oracaoefe.com\\\/a-fe-que-mais-cresce-e-a-que-nasce-depois-da-dor\\\/#primaryimage\"},\"thumbnailUrl\":\"https:\\\/\\\/www.oracaoefe.com\\\/wp-content\\\/uploads\\\/2025\\\/05\\\/16-de-mai.-de-2025-22_30_08.png\",\"datePublished\":\"2025-05-17T01:31:06+00:00\",\"dateModified\":\"2025-12-16T16:10:51+00:00\",\"author\":{\"@id\":\"https:\\\/\\\/www.oracaoefe.com\\\/#\\\/schema\\\/person\\\/17283c669442cf005c4d5bb58adfb7f5\"},\"description\":\"Deus tem pra voc\u00ea uma palavra de vida!\",\"breadcrumb\":{\"@id\":\"https:\\\/\\\/www.oracaoefe.com\\\/a-fe-que-mais-cresce-e-a-que-nasce-depois-da-dor\\\/#breadcrumb\"},\"inLanguage\":\"fr-FR\",\"potentialAction\":[{\"@type\":\"ReadAction\",\"target\":[\"https:\\\/\\\/www.oracaoefe.com\\\/a-fe-que-mais-cresce-e-a-que-nasce-depois-da-dor\\\/\"]}]},{\"@type\":\"ImageObject\",\"inLanguage\":\"fr-FR\",\"@id\":\"https:\\\/\\\/www.oracaoefe.com\\\/a-fe-que-mais-cresce-e-a-que-nasce-depois-da-dor\\\/#primaryimage\",\"url\":\"https:\\\/\\\/www.oracaoefe.com\\\/wp-content\\\/uploads\\\/2025\\\/05\\\/16-de-mai.-de-2025-22_30_08.png\",\"contentUrl\":\"https:\\\/\\\/www.oracaoefe.com\\\/wp-content\\\/uploads\\\/2025\\\/05\\\/16-de-mai.-de-2025-22_30_08.png\",\"width\":1536,\"height\":1024},{\"@type\":\"BreadcrumbList\",\"@id\":\"https:\\\/\\\/www.oracaoefe.com\\\/a-fe-que-mais-cresce-e-a-que-nasce-depois-da-dor\\\/#breadcrumb\",\"itemListElement\":[{\"@type\":\"ListItem\",\"position\":1,\"name\":\"Home\",\"item\":\"https:\\\/\\\/www.oracaoefe.com\\\/\"},{\"@type\":\"ListItem\",\"position\":2,\"name\":\"F\u00e9\",\"item\":\"https:\\\/\\\/www.oracaoefe.com\\\/es\\\/categoria\\\/fe\\\/\"},{\"@type\":\"ListItem\",\"position\":3,\"name\":\"A f\u00e9 que mais cresce \u00e9 a que nasce depois da dor\"}]},{\"@type\":\"WebSite\",\"@id\":\"https:\\\/\\\/www.oracaoefe.com\\\/#website\",\"url\":\"https:\\\/\\\/www.oracaoefe.com\\\/\",\"name\":\"Ora\u00e7\u00e3o e F\u00e9\",\"description\":\"\",\"potentialAction\":[{\"@type\":\"SearchAction\",\"target\":{\"@type\":\"EntryPoint\",\"urlTemplate\":\"https:\\\/\\\/www.oracaoefe.com\\\/?s={search_term_string}\"},\"query-input\":{\"@type\":\"PropertyValueSpecification\",\"valueRequired\":true,\"valueName\":\"search_term_string\"}}],\"inLanguage\":\"fr-FR\"},{\"@type\":\"Person\",\"@id\":\"https:\\\/\\\/www.oracaoefe.com\\\/#\\\/schema\\\/person\\\/17283c669442cf005c4d5bb58adfb7f5\",\"name\":\"Michele Azevedo\",\"image\":{\"@type\":\"ImageObject\",\"inLanguage\":\"fr-FR\",\"@id\":\"https:\\\/\\\/secure.gravatar.com\\\/avatar\\\/6b0eb9d22841282815e2cd856a0061c45e1761cd54b22e952d98c4746939aa85?s=96&d=mm&r=g\",\"url\":\"https:\\\/\\\/secure.gravatar.com\\\/avatar\\\/6b0eb9d22841282815e2cd856a0061c45e1761cd54b22e952d98c4746939aa85?s=96&d=mm&r=g\",\"contentUrl\":\"https:\\\/\\\/secure.gravatar.com\\\/avatar\\\/6b0eb9d22841282815e2cd856a0061c45e1761cd54b22e952d98c4746939aa85?s=96&d=mm&r=g\",\"caption\":\"Michele Azevedo\"},\"description\":\"Formada em Letras - Portugu\u00eas\\\/ Ingl\u00eas pela Universidade Estadual de Ponta Grossa (UEPG), p\u00f3s-graduada em Arte na Educa\u00e7\u00e3o (FAPI) e Psicopedagogia Escolar (FAPI), idealizadora e propriet\u00e1ria do site Escritora de Sucesso, possui experi\u00eancia em escrita para blogs em geral e atua como redatora e revisora dos conte\u00fados do Ora\u00e7\u00e3o e F\u00e9.\",\"url\":\"https:\\\/\\\/www.oracaoefe.com\\\/fr\\\/author\\\/michele-azevedo\\\/\"}]}<\/script>\n<!-- \/ Yoast SEO plugin. -->","yoast_head_json":{"title":"A f\u00e9 que mais cresce \u00e9 a que nasce depois da dor - Ora\u00e7\u00e3o e F\u00e9","description":"Dieu a une parole de vie pour vous !","robots":{"index":"index","follow":"follow","max-snippet":"max-snippet:-1","max-image-preview":"max-image-preview:large","max-video-preview":"max-video-preview:-1"},"canonical":"https:\/\/www.oracaoefe.com\/fr\/a-fe-que-mais-cresce-e-a-que-nasce-depois-da-dor\/","og_locale":"fr_FR","og_type":"article","og_title":"A f\u00e9 que mais cresce \u00e9 a que nasce depois da dor - Ora\u00e7\u00e3o e F\u00e9","og_description":"Deus tem pra voc\u00ea uma palavra de vida!","og_url":"https:\/\/www.oracaoefe.com\/fr\/a-fe-que-mais-cresce-e-a-que-nasce-depois-da-dor\/","og_site_name":"Ora\u00e7\u00e3o e F\u00e9","article_published_time":"2025-05-17T01:31:06+00:00","article_modified_time":"2025-12-16T16:10:51+00:00","og_image":[{"width":1024,"height":683,"url":"https:\/\/www.oracaoefe.com\/wp-content\/uploads\/2025\/05\/16-de-mai.-de-2025-22_30_08-1024x683.png","type":"image\/png"}],"author":"Michele Azevedo","twitter_card":"summary_large_image","twitter_misc":{"\u00c9crit par":"Michele Azevedo","Dur\u00e9e de lecture estim\u00e9e":"5 minutes"},"schema":{"@context":"https:\/\/schema.org","@graph":[{"@type":"Article","@id":"https:\/\/www.oracaoefe.com\/a-fe-que-mais-cresce-e-a-que-nasce-depois-da-dor\/#article","isPartOf":{"@id":"https:\/\/www.oracaoefe.com\/a-fe-que-mais-cresce-e-a-que-nasce-depois-da-dor\/"},"author":{"name":"Michele Azevedo","@id":"https:\/\/www.oracaoefe.com\/#\/schema\/person\/17283c669442cf005c4d5bb58adfb7f5"},"headline":"A f\u00e9 que mais cresce \u00e9 a que nasce depois da dor","datePublished":"2025-05-17T01:31:06+00:00","dateModified":"2025-12-16T16:10:51+00:00","mainEntityOfPage":{"@id":"https:\/\/www.oracaoefe.com\/a-fe-que-mais-cresce-e-a-que-nasce-depois-da-dor\/"},"wordCount":1047,"image":{"@id":"https:\/\/www.oracaoefe.com\/a-fe-que-mais-cresce-e-a-que-nasce-depois-da-dor\/#primaryimage"},"thumbnailUrl":"https:\/\/www.oracaoefe.com\/wp-content\/uploads\/2025\/05\/16-de-mai.-de-2025-22_30_08.png","articleSection":["F\u00e9"],"inLanguage":"fr-FR"},{"@type":"WebPage","@id":"https:\/\/www.oracaoefe.com\/a-fe-que-mais-cresce-e-a-que-nasce-depois-da-dor\/","url":"https:\/\/www.oracaoefe.com\/a-fe-que-mais-cresce-e-a-que-nasce-depois-da-dor\/","name":"A f\u00e9 que mais cresce \u00e9 a que nasce depois da dor - Ora\u00e7\u00e3o e F\u00e9","isPartOf":{"@id":"https:\/\/www.oracaoefe.com\/#website"},"primaryImageOfPage":{"@id":"https:\/\/www.oracaoefe.com\/a-fe-que-mais-cresce-e-a-que-nasce-depois-da-dor\/#primaryimage"},"image":{"@id":"https:\/\/www.oracaoefe.com\/a-fe-que-mais-cresce-e-a-que-nasce-depois-da-dor\/#primaryimage"},"thumbnailUrl":"https:\/\/www.oracaoefe.com\/wp-content\/uploads\/2025\/05\/16-de-mai.-de-2025-22_30_08.png","datePublished":"2025-05-17T01:31:06+00:00","dateModified":"2025-12-16T16:10:51+00:00","author":{"@id":"https:\/\/www.oracaoefe.com\/#\/schema\/person\/17283c669442cf005c4d5bb58adfb7f5"},"description":"Dieu a une parole de vie pour vous !","breadcrumb":{"@id":"https:\/\/www.oracaoefe.com\/a-fe-que-mais-cresce-e-a-que-nasce-depois-da-dor\/#breadcrumb"},"inLanguage":"fr-FR","potentialAction":[{"@type":"ReadAction","target":["https:\/\/www.oracaoefe.com\/a-fe-que-mais-cresce-e-a-que-nasce-depois-da-dor\/"]}]},{"@type":"ImageObject","inLanguage":"fr-FR","@id":"https:\/\/www.oracaoefe.com\/a-fe-que-mais-cresce-e-a-que-nasce-depois-da-dor\/#primaryimage","url":"https:\/\/www.oracaoefe.com\/wp-content\/uploads\/2025\/05\/16-de-mai.-de-2025-22_30_08.png","contentUrl":"https:\/\/www.oracaoefe.com\/wp-content\/uploads\/2025\/05\/16-de-mai.-de-2025-22_30_08.png","width":1536,"height":1024},{"@type":"BreadcrumbList","@id":"https:\/\/www.oracaoefe.com\/a-fe-que-mais-cresce-e-a-que-nasce-depois-da-dor\/#breadcrumb","itemListElement":[{"@type":"ListItem","position":1,"name":"Home","item":"https:\/\/www.oracaoefe.com\/"},{"@type":"ListItem","position":2,"name":"F\u00e9","item":"https:\/\/www.oracaoefe.com\/es\/categoria\/fe\/"},{"@type":"ListItem","position":3,"name":"A f\u00e9 que mais cresce \u00e9 a que nasce depois da dor"}]},{"@type":"WebSite","@id":"https:\/\/www.oracaoefe.com\/#website","url":"https:\/\/www.oracaoefe.com\/","name":"Pri\u00e8re et foi","description":"","potentialAction":[{"@type":"SearchAction","target":{"@type":"EntryPoint","urlTemplate":"https:\/\/www.oracaoefe.com\/?s={search_term_string}"},"query-input":{"@type":"PropertyValueSpecification","valueRequired":true,"valueName":"search_term_string"}}],"inLanguage":"fr-FR"},{"@type":"Person","@id":"https:\/\/www.oracaoefe.com\/#\/schema\/person\/17283c669442cf005c4d5bb58adfb7f5","name":"Michele Azevedo","image":{"@type":"ImageObject","inLanguage":"fr-FR","@id":"https:\/\/secure.gravatar.com\/avatar\/6b0eb9d22841282815e2cd856a0061c45e1761cd54b22e952d98c4746939aa85?s=96&d=mm&r=g","url":"https:\/\/secure.gravatar.com\/avatar\/6b0eb9d22841282815e2cd856a0061c45e1761cd54b22e952d98c4746939aa85?s=96&d=mm&r=g","contentUrl":"https:\/\/secure.gravatar.com\/avatar\/6b0eb9d22841282815e2cd856a0061c45e1761cd54b22e952d98c4746939aa85?s=96&d=mm&r=g","caption":"Michele Azevedo"},"description":"Dipl\u00f4m\u00e9e en litt\u00e9rature portugaise\/anglaise de l&#039;Universit\u00e9 d&#039;\u00c9tat de Ponta Grossa (UEPG), avec des dipl\u00f4mes de troisi\u00e8me cycle en art dans l&#039;\u00e9ducation (FAPI) et en psychop\u00e9dagogie scolaire (FAPI), elle est la cr\u00e9atrice et propri\u00e9taire du site web Escritora de Sucesso, a de l&#039;exp\u00e9rience dans l&#039;\u00e9criture pour les blogs en g\u00e9n\u00e9ral et travaille comme r\u00e9dactrice et \u00e9ditrice du contenu pour Ora\u00e7\u00e3o e F\u00e9.","url":"https:\/\/www.oracaoefe.com\/fr\/author\/michele-azevedo\/"}]}},"_links":{"self":[{"href":"https:\/\/www.oracaoefe.com\/fr\/wp-json\/wp\/v2\/posts\/3571","targetHints":{"allow":["GET"]}}],"collection":[{"href":"https:\/\/www.oracaoefe.com\/fr\/wp-json\/wp\/v2\/posts"}],"about":[{"href":"https:\/\/www.oracaoefe.com\/fr\/wp-json\/wp\/v2\/types\/post"}],"author":[{"embeddable":true,"href":"https:\/\/www.oracaoefe.com\/fr\/wp-json\/wp\/v2\/users\/3"}],"replies":[{"embeddable":true,"href":"https:\/\/www.oracaoefe.com\/fr\/wp-json\/wp\/v2\/comments?post=3571"}],"version-history":[{"count":1,"href":"https:\/\/www.oracaoefe.com\/fr\/wp-json\/wp\/v2\/posts\/3571\/revisions"}],"predecessor-version":[{"id":3573,"href":"https:\/\/www.oracaoefe.com\/fr\/wp-json\/wp\/v2\/posts\/3571\/revisions\/3573"}],"wp:featuredmedia":[{"embeddable":true,"href":"https:\/\/www.oracaoefe.com\/fr\/wp-json\/wp\/v2\/media\/3572"}],"wp:attachment":[{"href":"https:\/\/www.oracaoefe.com\/fr\/wp-json\/wp\/v2\/media?parent=3571"}],"wp:term":[{"taxonomy":"category","embeddable":true,"href":"https:\/\/www.oracaoefe.com\/fr\/wp-json\/wp\/v2\/categories?post=3571"},{"taxonomy":"post_tag","embeddable":true,"href":"https:\/\/www.oracaoefe.com\/fr\/wp-json\/wp\/v2\/tags?post=3571"}],"curies":[{"name":"wp","href":"https:\/\/api.w.org\/{rel}","templated":true}]}}