{"id":3568,"date":"2025-05-15T18:23:21","date_gmt":"2025-05-15T21:23:21","guid":{"rendered":"https:\/\/www.oracaoefe.com\/?p=3568"},"modified":"2025-12-16T13:11:11","modified_gmt":"2025-12-16T16:11:11","slug":"voce-sabe-o-que-significa-dizer-amem-a-resposta-pode-te-surpreender","status":"publish","type":"post","link":"https:\/\/www.oracaoefe.com\/fr\/voce-sabe-o-que-significa-dizer-amem-a-resposta-pode-te-surpreender\/","title":{"rendered":"Voc\u00ea sabe o que significa dizer \u2018am\u00e9m\u2019? A resposta pode te surpreender"},"content":{"rendered":"<p class=\"wp-block-paragraph\">Muita gente diz &#8220;am\u00e9m&#8221; no fim de uma ora\u00e7\u00e3o, quase no autom\u00e1tico. Mas <strong>voc\u00ea sabe o que significa dizer am\u00e9m?<\/strong> A resposta vai muito al\u00e9m de um simples \u201cassim seja\u201d. Na verdade, essa pequena palavra carrega uma for\u00e7a ancestral, espiritual e at\u00e9 mesmo transformadora. Entender seu verdadeiro significado pode mudar a forma como voc\u00ea se conecta com sua f\u00e9, com suas palavras e com o que voc\u00ea acredita. E talvez esse seja um dos motivos pelos quais o \u201cam\u00e9m\u201d nunca saiu de uso, mesmo atravessando s\u00e9culos, idiomas e religi\u00f5es diferentes.<\/p>\n\n\n\n<h2 class=\"wp-block-heading\">O que realmente significa dizer \u201cam\u00e9m\u201d?<\/h2>\n\n\n\n<p class=\"wp-block-paragraph\">A palavra \u201cam\u00e9m\u201d tem origem no hebraico \u201c\u05d0\u05b8\u05de\u05b5\u05df\u201d (\u2019\u0101m\u0113n), que vem da mesma raiz de palavras como \u201cverdade\u201d, \u201cconfian\u00e7a\u201d e \u201cfirmeza\u201d. Ao dizer \u201cam\u00e9m\u201d, a pessoa est\u00e1 afirmando algo como: \u201cisso \u00e9 verdade\u201d, \u201ceu concordo plenamente\u201d, \u201ceu me alinho com isso\u201d.<\/p>\n\n\n\n<p class=\"wp-block-paragraph\">Por isso, quando voc\u00ea diz \u201cam\u00e9m\u201d no final de uma ora\u00e7\u00e3o, o que est\u00e1 realmente dizendo \u00e9: <strong>\u201ceu acredito nisso\u201d, \u201ceu aceito isso como verdadeiro\u201d, \u201ceu me comprometo com isso\u201d<\/strong>.<\/p>\n\n\n\n<p class=\"wp-block-paragraph\">E veja bem: isso vale tanto para ora\u00e7\u00f5es religiosas quanto para declara\u00e7\u00f5es de f\u00e9 pessoal, promessas \u00edntimas ou at\u00e9 desejos de algu\u00e9m. Dizer \u201cam\u00e9m\u201d \u00e9 dizer <strong>sim, eu assumo isso como algo meu<\/strong>.<\/p>\n\n\n\n<h2 class=\"wp-block-heading\">Por que dizemos am\u00e9m no fim da ora\u00e7\u00e3o?<\/h2>\n\n\n\n<p class=\"wp-block-paragraph\">Nas tradi\u00e7\u00f5es religiosas, dizer \u201cam\u00e9m\u201d \u00e9 um ato de confirma\u00e7\u00e3o e encerramento. N\u00e3o \u00e9 apenas um costume \u2014 \u00e9 um selo energ\u00e9tico. No cristianismo, por exemplo, \u201cam\u00e9m\u201d \u00e9 usado ap\u00f3s s\u00faplicas, louvores, agradecimentos e consagra\u00e7\u00f5es. \u00c9 como dizer: \u201cque isso que foi dito seja realidade, porque eu acredito\u201d.<\/p>\n\n\n\n<p class=\"wp-block-paragraph\">No juda\u00edsmo, \u00e9 comum que a comunidade diga \u201cam\u00e9m\u201d ap\u00f3s a ora\u00e7\u00e3o de outra pessoa, como forma de concord\u00e2ncia coletiva. E no islamismo, a express\u00e3o equivalente tamb\u00e9m carrega a ideia de consentimento profundo.<\/p>\n\n\n\n<p class=\"wp-block-paragraph\">Em todos os casos, <strong>dizer am\u00e9m n\u00e3o \u00e9 passivo<\/strong>. \u00c9 um gesto ativo de f\u00e9, de inten\u00e7\u00e3o, de conex\u00e3o com aquilo que foi pronunciado. E essa inten\u00e7\u00e3o tem um peso imenso na espiritualidade.<\/p>\n\n\n\n<h2 class=\"wp-block-heading\">\u00c9 verdade que am\u00e9m significa \u201cassim seja\u201d?<\/h2>\n\n\n\n<p class=\"wp-block-paragraph\">Essa \u00e9 uma tradu\u00e7\u00e3o popular e at\u00e9 v\u00e1lida, mas <strong>n\u00e3o \u00e9 literal<\/strong>. \u201cAssim seja\u201d representa bem a ideia de aceita\u00e7\u00e3o e confirma\u00e7\u00e3o \u2014 mas o am\u00e9m vai al\u00e9m disso.<\/p>\n\n\n\n<p class=\"wp-block-paragraph\">Quando voc\u00ea diz \u201cassim seja\u201d, pode parecer que est\u00e1 aceitando passivamente algo que aconteceu. Mas ao dizer \u201cam\u00e9m\u201d, voc\u00ea est\u00e1 se posicionando com f\u00e9 e for\u00e7a, dizendo: \u201cque isso se cumpra e eu estou em acordo com isso\u201d.<\/p>\n\n\n\n<p class=\"wp-block-paragraph\">Ou seja, <strong>dizer am\u00e9m \u00e9 um ato de escolha, de alinhamento com uma realidade espiritual<\/strong>. N\u00e3o \u00e9 resigna\u00e7\u00e3o, \u00e9 afirma\u00e7\u00e3o.<\/p>\n\n\n\n<h2 class=\"wp-block-heading\">Qual a for\u00e7a energ\u00e9tica de dizer \u201cam\u00e9m\u201d?<\/h2>\n\n\n\n<p class=\"wp-block-paragraph\">Agora entra um ponto mais profundo. Para muitas linhas espiritualistas e ocultistas, a palavra \u201cam\u00e9m\u201d \u00e9 um <strong>verbo vibracional<\/strong>. Isso significa que, ao ser pronunciada com consci\u00eancia, ela ativa campos de inten\u00e7\u00e3o e pode amplificar a for\u00e7a de uma prece.<\/p>\n\n\n\n<p class=\"wp-block-paragraph\">Muitos oraculistas, terapeutas espirituais e estudiosos da energia reconhecem que palavras como \u201cam\u00e9m\u201d, \u201caleluia\u201d e \u201cax\u00e9\u201d carregam c\u00f3digos vibracionais que ativam o corpo sutil \u2014 como se abr\u00edssemos portais para selar aquilo que foi dito.<\/p>\n\n\n\n<p class=\"wp-block-paragraph\">Ou seja, quando voc\u00ea entende <strong>o que significa dizer am\u00e9m<\/strong>, percebe que n\u00e3o \u00e9 s\u00f3 uma palavra final. \u00c9 uma palavra de poder, que conclui, confirma e sella aquilo que foi manifestado verbalmente ou mentalmente.<\/p>\n\n\n\n<h2 class=\"wp-block-heading\">Em quais momentos dizer \u201cam\u00e9m\u201d?<\/h2>\n\n\n\n<p class=\"wp-block-paragraph\">Embora seja mais comum em ora\u00e7\u00f5es, voc\u00ea pode dizer \u201cam\u00e9m\u201d sempre que quiser afirmar com for\u00e7a algo que voc\u00ea acredita.<\/p>\n\n\n\n<p class=\"wp-block-paragraph\">Veja alguns exemplos pr\u00e1ticos:<\/p>\n\n\n\n<ul class=\"wp-block-list\">\n<li>Algu\u00e9m diz: \u201cVoc\u00ea vai conseguir esse emprego.\u201d \u2014 E voc\u00ea responde: <strong>\u201cAm\u00e9m.\u201d<\/strong><\/li>\n\n\n\n<li>Voc\u00ea l\u00ea uma mensagem positiva sobre sua vida amorosa \u2014 e diz: <strong>\u201cAm\u00e9m.\u201d<\/strong><\/li>\n\n\n\n<li>Voc\u00ea faz uma ora\u00e7\u00e3o silenciosa pedindo paz \u2014 e finaliza com um am\u00e9m sincero.<\/li>\n\n\n\n<li>Recebe uma b\u00ean\u00e7\u00e3o, uma palavra de apoio, uma promessa \u2014 e responde: \u201cam\u00e9m\u201d com o cora\u00e7\u00e3o.<\/li>\n<\/ul>\n\n\n\n<p class=\"wp-block-paragraph\">A partir do momento em que voc\u00ea entende o <strong>poder de dizer am\u00e9m com consci\u00eancia<\/strong>, ele deixa de ser s\u00f3 uma palavra e passa a ser um s\u00edmbolo de f\u00e9 ativa.<\/p>\n\n\n\n<h2 class=\"wp-block-heading\">Am\u00e9m tem o mesmo sentido em todas as religi\u00f5es?<\/h2>\n\n\n\n<p class=\"wp-block-paragraph\">Curiosamente, sim. Apesar das varia\u00e7\u00f5es culturais, o \u201cam\u00e9m\u201d aparece em vers\u00f5es semelhantes em quase todas as tradi\u00e7\u00f5es abra\u00e2micas: juda\u00edsmo, cristianismo, islamismo \u2014 e at\u00e9 em doutrinas que o incorporaram por meio da influ\u00eancia religiosa ocidental.<\/p>\n\n\n\n<p class=\"wp-block-paragraph\">Na pr\u00e1tica, isso mostra que o am\u00e9m tem um significado universal: ele representa o compromisso pessoal com uma verdade proclamada.<\/p>\n\n\n\n<p class=\"wp-block-paragraph\">Mesmo em caminhos espirituais alternativos, a ideia de afirmar com for\u00e7a e consci\u00eancia algo verdadeiro segue o mesmo princ\u00edpio. Pode ter outro nome, mas a inten\u00e7\u00e3o \u00e9 parecida.<\/p>\n\n\n\n<h2 class=\"wp-block-heading\">O que muda quando voc\u00ea entende o que est\u00e1 dizendo?<\/h2>\n\n\n\n<p class=\"wp-block-paragraph\">Muda tudo.<\/p>\n\n\n\n<p class=\"wp-block-paragraph\">Depois que voc\u00ea entende <strong>o que significa dizer am\u00e9m<\/strong>, voc\u00ea nunca mais vai repetir essa palavra como se fosse s\u00f3 uma formalidade. Vai perceber que cada vez que diz \u201cam\u00e9m\u201d, est\u00e1 dando sua assinatura energ\u00e9tica. Est\u00e1 se comprometendo, est\u00e1 validando, est\u00e1 permitindo que aquilo entre na sua vida.<\/p>\n\n\n\n<p class=\"wp-block-paragraph\">E \u00e9 a\u00ed que a espiritualidade se transforma: quando voc\u00ea passa a agir com consci\u00eancia em cada gesto, palavra e inten\u00e7\u00e3o.<\/p>\n\n\n\n<p class=\"wp-block-paragraph\">Por isso, da pr\u00f3xima vez que disser \u201cam\u00e9m\u201d, pause por um segundo. Respire. Sinta. E diga sabendo que voc\u00ea est\u00e1 ativando algo maior do que imagina.<\/p>\n\n\n\n<p class=\"wp-block-paragraph\"><strong>Voir aussi\u00a0: <a href=\"https:\/\/www.oracaoefe.com\/fr\/por-que-deus-endureceu-o-coracao-de-farao\/\">Por que Deus endureceu o cora\u00e7\u00e3o de Fara\u00f3?<\/a><\/strong><\/p>\n\n\n\n<p class=\"wp-block-paragraph\">15 de maio de 2025<\/p>","protected":false},"excerpt":{"rendered":"<p>Muita gente diz &#8220;am\u00e9m&#8221; no fim de uma ora\u00e7\u00e3o, quase no autom\u00e1tico. Mas voc\u00ea sabe o que significa dizer am\u00e9m? A resposta vai muito al\u00e9m de um simples \u201cassim seja\u201d. Na verdade, essa pequena palavra carrega uma for\u00e7a ancestral, espiritual e at\u00e9 mesmo transformadora. Entender seu verdadeiro significado pode mudar a forma como voc\u00ea se&hellip;&nbsp;<\/p>","protected":false},"author":3,"featured_media":3569,"comment_status":"closed","ping_status":"closed","sticky":false,"template":"","format":"standard","meta":{"neve_meta_sidebar":"","neve_meta_container":"","neve_meta_enable_content_width":"","neve_meta_content_width":0,"neve_meta_title_alignment":"","neve_meta_author_avatar":"","neve_post_elements_order":"","neve_meta_disable_header":"","neve_meta_disable_footer":"","neve_meta_disable_title":"","footnotes":""},"categories":[1],"tags":[],"class_list":["post-3568","post","type-post","status-publish","format-standard","has-post-thumbnail","hentry","category-curiosidades"],"yoast_head":"<!-- This site is optimized with the Yoast SEO plugin v28.4 - https:\/\/yoast.com\/product\/yoast-seo-wordpress\/ -->\n<title>Voc\u00ea sabe o que significa dizer \u2018am\u00e9m\u2019? A resposta pode te surpreender - Ora\u00e7\u00e3o e F\u00e9<\/title>\n<meta name=\"description\" content=\"Deus tem pra voc\u00ea uma palavra de vida!\" \/>\n<meta name=\"robots\" content=\"index, follow, max-snippet:-1, max-image-preview:large, max-video-preview:-1\" \/>\n<link rel=\"canonical\" href=\"https:\/\/www.oracaoefe.com\/fr\/voce-sabe-o-que-significa-dizer-amem-a-resposta-pode-te-surpreender\/\" \/>\n<meta property=\"og:locale\" content=\"fr_FR\" \/>\n<meta property=\"og:type\" content=\"article\" \/>\n<meta property=\"og:title\" content=\"Voc\u00ea sabe o que significa dizer \u2018am\u00e9m\u2019? A resposta pode te surpreender - Ora\u00e7\u00e3o e F\u00e9\" \/>\n<meta property=\"og:description\" content=\"Deus tem pra voc\u00ea uma palavra de vida!\" \/>\n<meta property=\"og:url\" content=\"https:\/\/www.oracaoefe.com\/fr\/voce-sabe-o-que-significa-dizer-amem-a-resposta-pode-te-surpreender\/\" \/>\n<meta property=\"og:site_name\" content=\"Ora\u00e7\u00e3o e F\u00e9\" \/>\n<meta property=\"article:published_time\" content=\"2025-05-15T21:23:21+00:00\" \/>\n<meta property=\"article:modified_time\" content=\"2025-12-16T16:11:11+00:00\" \/>\n<meta property=\"og:image\" content=\"https:\/\/www.oracaoefe.com\/wp-content\/uploads\/2025\/05\/adolescente-que-guarda-cruz-com-rezar-paz-esperanca-conceito-de-sonhos-scaled.jpg\" \/>\n\t<meta property=\"og:image:width\" content=\"2560\" \/>\n\t<meta property=\"og:image:height\" content=\"1707\" \/>\n\t<meta property=\"og:image:type\" content=\"image\/jpeg\" \/>\n<meta name=\"author\" content=\"Michele Azevedo\" \/>\n<meta name=\"twitter:card\" content=\"summary_large_image\" \/>\n<meta name=\"twitter:label1\" content=\"\u00c9crit par\" \/>\n\t<meta name=\"twitter:data1\" content=\"Michele Azevedo\" \/>\n\t<meta name=\"twitter:label2\" content=\"Dur\u00e9e de lecture estim\u00e9e\" \/>\n\t<meta name=\"twitter:data2\" content=\"5 minutes\" \/>\n<script type=\"application\/ld+json\" class=\"yoast-schema-graph\">{\"@context\":\"https:\\\/\\\/schema.org\",\"@graph\":[{\"@type\":\"Article\",\"@id\":\"https:\\\/\\\/www.oracaoefe.com\\\/voce-sabe-o-que-significa-dizer-amem-a-resposta-pode-te-surpreender\\\/#article\",\"isPartOf\":{\"@id\":\"https:\\\/\\\/www.oracaoefe.com\\\/voce-sabe-o-que-significa-dizer-amem-a-resposta-pode-te-surpreender\\\/\"},\"author\":{\"name\":\"Michele Azevedo\",\"@id\":\"https:\\\/\\\/www.oracaoefe.com\\\/#\\\/schema\\\/person\\\/17283c669442cf005c4d5bb58adfb7f5\"},\"headline\":\"Voc\u00ea sabe o que significa dizer \u2018am\u00e9m\u2019? A resposta pode te surpreender\",\"datePublished\":\"2025-05-15T21:23:21+00:00\",\"dateModified\":\"2025-12-16T16:11:11+00:00\",\"mainEntityOfPage\":{\"@id\":\"https:\\\/\\\/www.oracaoefe.com\\\/voce-sabe-o-que-significa-dizer-amem-a-resposta-pode-te-surpreender\\\/\"},\"wordCount\":952,\"image\":{\"@id\":\"https:\\\/\\\/www.oracaoefe.com\\\/voce-sabe-o-que-significa-dizer-amem-a-resposta-pode-te-surpreender\\\/#primaryimage\"},\"thumbnailUrl\":\"https:\\\/\\\/www.oracaoefe.com\\\/wp-content\\\/uploads\\\/2025\\\/05\\\/adolescente-que-guarda-cruz-com-rezar-paz-esperanca-conceito-de-sonhos-scaled.jpg\",\"articleSection\":[\"Curiosidades\"],\"inLanguage\":\"fr-FR\"},{\"@type\":\"WebPage\",\"@id\":\"https:\\\/\\\/www.oracaoefe.com\\\/voce-sabe-o-que-significa-dizer-amem-a-resposta-pode-te-surpreender\\\/\",\"url\":\"https:\\\/\\\/www.oracaoefe.com\\\/voce-sabe-o-que-significa-dizer-amem-a-resposta-pode-te-surpreender\\\/\",\"name\":\"Voc\u00ea sabe o que significa dizer \u2018am\u00e9m\u2019? A resposta pode te surpreender - Ora\u00e7\u00e3o e F\u00e9\",\"isPartOf\":{\"@id\":\"https:\\\/\\\/www.oracaoefe.com\\\/#website\"},\"primaryImageOfPage\":{\"@id\":\"https:\\\/\\\/www.oracaoefe.com\\\/voce-sabe-o-que-significa-dizer-amem-a-resposta-pode-te-surpreender\\\/#primaryimage\"},\"image\":{\"@id\":\"https:\\\/\\\/www.oracaoefe.com\\\/voce-sabe-o-que-significa-dizer-amem-a-resposta-pode-te-surpreender\\\/#primaryimage\"},\"thumbnailUrl\":\"https:\\\/\\\/www.oracaoefe.com\\\/wp-content\\\/uploads\\\/2025\\\/05\\\/adolescente-que-guarda-cruz-com-rezar-paz-esperanca-conceito-de-sonhos-scaled.jpg\",\"datePublished\":\"2025-05-15T21:23:21+00:00\",\"dateModified\":\"2025-12-16T16:11:11+00:00\",\"author\":{\"@id\":\"https:\\\/\\\/www.oracaoefe.com\\\/#\\\/schema\\\/person\\\/17283c669442cf005c4d5bb58adfb7f5\"},\"description\":\"Deus tem pra voc\u00ea uma palavra de vida!\",\"breadcrumb\":{\"@id\":\"https:\\\/\\\/www.oracaoefe.com\\\/voce-sabe-o-que-significa-dizer-amem-a-resposta-pode-te-surpreender\\\/#breadcrumb\"},\"inLanguage\":\"fr-FR\",\"potentialAction\":[{\"@type\":\"ReadAction\",\"target\":[\"https:\\\/\\\/www.oracaoefe.com\\\/voce-sabe-o-que-significa-dizer-amem-a-resposta-pode-te-surpreender\\\/\"]}]},{\"@type\":\"ImageObject\",\"inLanguage\":\"fr-FR\",\"@id\":\"https:\\\/\\\/www.oracaoefe.com\\\/voce-sabe-o-que-significa-dizer-amem-a-resposta-pode-te-surpreender\\\/#primaryimage\",\"url\":\"https:\\\/\\\/www.oracaoefe.com\\\/wp-content\\\/uploads\\\/2025\\\/05\\\/adolescente-que-guarda-cruz-com-rezar-paz-esperanca-conceito-de-sonhos-scaled.jpg\",\"contentUrl\":\"https:\\\/\\\/www.oracaoefe.com\\\/wp-content\\\/uploads\\\/2025\\\/05\\\/adolescente-que-guarda-cruz-com-rezar-paz-esperanca-conceito-de-sonhos-scaled.jpg\",\"width\":2560,\"height\":1707,\"caption\":\"Teenage girl holding cross with praying. Peace, hope, dreams concept.\"},{\"@type\":\"BreadcrumbList\",\"@id\":\"https:\\\/\\\/www.oracaoefe.com\\\/voce-sabe-o-que-significa-dizer-amem-a-resposta-pode-te-surpreender\\\/#breadcrumb\",\"itemListElement\":[{\"@type\":\"ListItem\",\"position\":1,\"name\":\"Home\",\"item\":\"https:\\\/\\\/www.oracaoefe.com\\\/\"},{\"@type\":\"ListItem\",\"position\":2,\"name\":\"Curiosidades\",\"item\":\"https:\\\/\\\/www.oracaoefe.com\\\/es\\\/categoria\\\/curiosidades\\\/\"},{\"@type\":\"ListItem\",\"position\":3,\"name\":\"Voc\u00ea sabe o que significa dizer \u2018am\u00e9m\u2019? A resposta pode te surpreender\"}]},{\"@type\":\"WebSite\",\"@id\":\"https:\\\/\\\/www.oracaoefe.com\\\/#website\",\"url\":\"https:\\\/\\\/www.oracaoefe.com\\\/\",\"name\":\"Ora\u00e7\u00e3o e F\u00e9\",\"description\":\"\",\"potentialAction\":[{\"@type\":\"SearchAction\",\"target\":{\"@type\":\"EntryPoint\",\"urlTemplate\":\"https:\\\/\\\/www.oracaoefe.com\\\/?s={search_term_string}\"},\"query-input\":{\"@type\":\"PropertyValueSpecification\",\"valueRequired\":true,\"valueName\":\"search_term_string\"}}],\"inLanguage\":\"fr-FR\"},{\"@type\":\"Person\",\"@id\":\"https:\\\/\\\/www.oracaoefe.com\\\/#\\\/schema\\\/person\\\/17283c669442cf005c4d5bb58adfb7f5\",\"name\":\"Michele Azevedo\",\"image\":{\"@type\":\"ImageObject\",\"inLanguage\":\"fr-FR\",\"@id\":\"https:\\\/\\\/secure.gravatar.com\\\/avatar\\\/6b0eb9d22841282815e2cd856a0061c45e1761cd54b22e952d98c4746939aa85?s=96&d=mm&r=g\",\"url\":\"https:\\\/\\\/secure.gravatar.com\\\/avatar\\\/6b0eb9d22841282815e2cd856a0061c45e1761cd54b22e952d98c4746939aa85?s=96&d=mm&r=g\",\"contentUrl\":\"https:\\\/\\\/secure.gravatar.com\\\/avatar\\\/6b0eb9d22841282815e2cd856a0061c45e1761cd54b22e952d98c4746939aa85?s=96&d=mm&r=g\",\"caption\":\"Michele Azevedo\"},\"description\":\"Formada em Letras - Portugu\u00eas\\\/ Ingl\u00eas pela Universidade Estadual de Ponta Grossa (UEPG), p\u00f3s-graduada em Arte na Educa\u00e7\u00e3o (FAPI) e Psicopedagogia Escolar (FAPI), idealizadora e propriet\u00e1ria do site Escritora de Sucesso, possui experi\u00eancia em escrita para blogs em geral e atua como redatora e revisora dos conte\u00fados do Ora\u00e7\u00e3o e F\u00e9.\",\"url\":\"https:\\\/\\\/www.oracaoefe.com\\\/fr\\\/author\\\/michele-azevedo\\\/\"}]}<\/script>\n<!-- \/ Yoast SEO plugin. -->","yoast_head_json":{"title":"Voc\u00ea sabe o que significa dizer \u2018am\u00e9m\u2019? A resposta pode te surpreender - Ora\u00e7\u00e3o e F\u00e9","description":"Dieu a une parole de vie pour vous !","robots":{"index":"index","follow":"follow","max-snippet":"max-snippet:-1","max-image-preview":"max-image-preview:large","max-video-preview":"max-video-preview:-1"},"canonical":"https:\/\/www.oracaoefe.com\/fr\/voce-sabe-o-que-significa-dizer-amem-a-resposta-pode-te-surpreender\/","og_locale":"fr_FR","og_type":"article","og_title":"Voc\u00ea sabe o que significa dizer \u2018am\u00e9m\u2019? A resposta pode te surpreender - Ora\u00e7\u00e3o e F\u00e9","og_description":"Deus tem pra voc\u00ea uma palavra de vida!","og_url":"https:\/\/www.oracaoefe.com\/fr\/voce-sabe-o-que-significa-dizer-amem-a-resposta-pode-te-surpreender\/","og_site_name":"Ora\u00e7\u00e3o e F\u00e9","article_published_time":"2025-05-15T21:23:21+00:00","article_modified_time":"2025-12-16T16:11:11+00:00","og_image":[{"width":2560,"height":1707,"url":"https:\/\/www.oracaoefe.com\/wp-content\/uploads\/2025\/05\/adolescente-que-guarda-cruz-com-rezar-paz-esperanca-conceito-de-sonhos-scaled.jpg","type":"image\/jpeg"}],"author":"Michele Azevedo","twitter_card":"summary_large_image","twitter_misc":{"\u00c9crit par":"Michele Azevedo","Dur\u00e9e de lecture estim\u00e9e":"5 minutes"},"schema":{"@context":"https:\/\/schema.org","@graph":[{"@type":"Article","@id":"https:\/\/www.oracaoefe.com\/voce-sabe-o-que-significa-dizer-amem-a-resposta-pode-te-surpreender\/#article","isPartOf":{"@id":"https:\/\/www.oracaoefe.com\/voce-sabe-o-que-significa-dizer-amem-a-resposta-pode-te-surpreender\/"},"author":{"name":"Michele Azevedo","@id":"https:\/\/www.oracaoefe.com\/#\/schema\/person\/17283c669442cf005c4d5bb58adfb7f5"},"headline":"Voc\u00ea sabe o que significa dizer \u2018am\u00e9m\u2019? A resposta pode te surpreender","datePublished":"2025-05-15T21:23:21+00:00","dateModified":"2025-12-16T16:11:11+00:00","mainEntityOfPage":{"@id":"https:\/\/www.oracaoefe.com\/voce-sabe-o-que-significa-dizer-amem-a-resposta-pode-te-surpreender\/"},"wordCount":952,"image":{"@id":"https:\/\/www.oracaoefe.com\/voce-sabe-o-que-significa-dizer-amem-a-resposta-pode-te-surpreender\/#primaryimage"},"thumbnailUrl":"https:\/\/www.oracaoefe.com\/wp-content\/uploads\/2025\/05\/adolescente-que-guarda-cruz-com-rezar-paz-esperanca-conceito-de-sonhos-scaled.jpg","articleSection":["Curiosidades"],"inLanguage":"fr-FR"},{"@type":"WebPage","@id":"https:\/\/www.oracaoefe.com\/voce-sabe-o-que-significa-dizer-amem-a-resposta-pode-te-surpreender\/","url":"https:\/\/www.oracaoefe.com\/voce-sabe-o-que-significa-dizer-amem-a-resposta-pode-te-surpreender\/","name":"Voc\u00ea sabe o que significa dizer \u2018am\u00e9m\u2019? A resposta pode te surpreender - Ora\u00e7\u00e3o e F\u00e9","isPartOf":{"@id":"https:\/\/www.oracaoefe.com\/#website"},"primaryImageOfPage":{"@id":"https:\/\/www.oracaoefe.com\/voce-sabe-o-que-significa-dizer-amem-a-resposta-pode-te-surpreender\/#primaryimage"},"image":{"@id":"https:\/\/www.oracaoefe.com\/voce-sabe-o-que-significa-dizer-amem-a-resposta-pode-te-surpreender\/#primaryimage"},"thumbnailUrl":"https:\/\/www.oracaoefe.com\/wp-content\/uploads\/2025\/05\/adolescente-que-guarda-cruz-com-rezar-paz-esperanca-conceito-de-sonhos-scaled.jpg","datePublished":"2025-05-15T21:23:21+00:00","dateModified":"2025-12-16T16:11:11+00:00","author":{"@id":"https:\/\/www.oracaoefe.com\/#\/schema\/person\/17283c669442cf005c4d5bb58adfb7f5"},"description":"Dieu a une parole de vie pour vous !","breadcrumb":{"@id":"https:\/\/www.oracaoefe.com\/voce-sabe-o-que-significa-dizer-amem-a-resposta-pode-te-surpreender\/#breadcrumb"},"inLanguage":"fr-FR","potentialAction":[{"@type":"ReadAction","target":["https:\/\/www.oracaoefe.com\/voce-sabe-o-que-significa-dizer-amem-a-resposta-pode-te-surpreender\/"]}]},{"@type":"ImageObject","inLanguage":"fr-FR","@id":"https:\/\/www.oracaoefe.com\/voce-sabe-o-que-significa-dizer-amem-a-resposta-pode-te-surpreender\/#primaryimage","url":"https:\/\/www.oracaoefe.com\/wp-content\/uploads\/2025\/05\/adolescente-que-guarda-cruz-com-rezar-paz-esperanca-conceito-de-sonhos-scaled.jpg","contentUrl":"https:\/\/www.oracaoefe.com\/wp-content\/uploads\/2025\/05\/adolescente-que-guarda-cruz-com-rezar-paz-esperanca-conceito-de-sonhos-scaled.jpg","width":2560,"height":1707,"caption":"Teenage girl holding cross with praying. Peace, hope, dreams concept."},{"@type":"BreadcrumbList","@id":"https:\/\/www.oracaoefe.com\/voce-sabe-o-que-significa-dizer-amem-a-resposta-pode-te-surpreender\/#breadcrumb","itemListElement":[{"@type":"ListItem","position":1,"name":"Home","item":"https:\/\/www.oracaoefe.com\/"},{"@type":"ListItem","position":2,"name":"Curiosidades","item":"https:\/\/www.oracaoefe.com\/es\/categoria\/curiosidades\/"},{"@type":"ListItem","position":3,"name":"Voc\u00ea sabe o que significa dizer \u2018am\u00e9m\u2019? A resposta pode te surpreender"}]},{"@type":"WebSite","@id":"https:\/\/www.oracaoefe.com\/#website","url":"https:\/\/www.oracaoefe.com\/","name":"Pri\u00e8re et foi","description":"","potentialAction":[{"@type":"SearchAction","target":{"@type":"EntryPoint","urlTemplate":"https:\/\/www.oracaoefe.com\/?s={search_term_string}"},"query-input":{"@type":"PropertyValueSpecification","valueRequired":true,"valueName":"search_term_string"}}],"inLanguage":"fr-FR"},{"@type":"Person","@id":"https:\/\/www.oracaoefe.com\/#\/schema\/person\/17283c669442cf005c4d5bb58adfb7f5","name":"Michele Azevedo","image":{"@type":"ImageObject","inLanguage":"fr-FR","@id":"https:\/\/secure.gravatar.com\/avatar\/6b0eb9d22841282815e2cd856a0061c45e1761cd54b22e952d98c4746939aa85?s=96&d=mm&r=g","url":"https:\/\/secure.gravatar.com\/avatar\/6b0eb9d22841282815e2cd856a0061c45e1761cd54b22e952d98c4746939aa85?s=96&d=mm&r=g","contentUrl":"https:\/\/secure.gravatar.com\/avatar\/6b0eb9d22841282815e2cd856a0061c45e1761cd54b22e952d98c4746939aa85?s=96&d=mm&r=g","caption":"Michele Azevedo"},"description":"Dipl\u00f4m\u00e9e en litt\u00e9rature portugaise\/anglaise de l&#039;Universit\u00e9 d&#039;\u00c9tat de Ponta Grossa (UEPG), avec des dipl\u00f4mes de troisi\u00e8me cycle en art dans l&#039;\u00e9ducation (FAPI) et en psychop\u00e9dagogie scolaire (FAPI), elle est la cr\u00e9atrice et propri\u00e9taire du site web Escritora de Sucesso, a de l&#039;exp\u00e9rience dans l&#039;\u00e9criture pour les blogs en g\u00e9n\u00e9ral et travaille comme r\u00e9dactrice et \u00e9ditrice du contenu pour Ora\u00e7\u00e3o e F\u00e9.","url":"https:\/\/www.oracaoefe.com\/fr\/author\/michele-azevedo\/"}]}},"_links":{"self":[{"href":"https:\/\/www.oracaoefe.com\/fr\/wp-json\/wp\/v2\/posts\/3568","targetHints":{"allow":["GET"]}}],"collection":[{"href":"https:\/\/www.oracaoefe.com\/fr\/wp-json\/wp\/v2\/posts"}],"about":[{"href":"https:\/\/www.oracaoefe.com\/fr\/wp-json\/wp\/v2\/types\/post"}],"author":[{"embeddable":true,"href":"https:\/\/www.oracaoefe.com\/fr\/wp-json\/wp\/v2\/users\/3"}],"replies":[{"embeddable":true,"href":"https:\/\/www.oracaoefe.com\/fr\/wp-json\/wp\/v2\/comments?post=3568"}],"version-history":[{"count":1,"href":"https:\/\/www.oracaoefe.com\/fr\/wp-json\/wp\/v2\/posts\/3568\/revisions"}],"predecessor-version":[{"id":3570,"href":"https:\/\/www.oracaoefe.com\/fr\/wp-json\/wp\/v2\/posts\/3568\/revisions\/3570"}],"wp:featuredmedia":[{"embeddable":true,"href":"https:\/\/www.oracaoefe.com\/fr\/wp-json\/wp\/v2\/media\/3569"}],"wp:attachment":[{"href":"https:\/\/www.oracaoefe.com\/fr\/wp-json\/wp\/v2\/media?parent=3568"}],"wp:term":[{"taxonomy":"category","embeddable":true,"href":"https:\/\/www.oracaoefe.com\/fr\/wp-json\/wp\/v2\/categories?post=3568"},{"taxonomy":"post_tag","embeddable":true,"href":"https:\/\/www.oracaoefe.com\/fr\/wp-json\/wp\/v2\/tags?post=3568"}],"curies":[{"name":"wp","href":"https:\/\/api.w.org\/{rel}","templated":true}]}}