{"id":3540,"date":"2025-05-09T06:00:00","date_gmt":"2025-05-09T09:00:00","guid":{"rendered":"https:\/\/www.oracaoefe.com\/?p=3540"},"modified":"2025-12-16T13:11:12","modified_gmt":"2025-12-16T16:11:12","slug":"quando-orar-nao-for-o-suficiente-confie-no-tempo-de-deus","status":"publish","type":"post","link":"https:\/\/www.oracaoefe.com\/fr\/quando-orar-nao-for-o-suficiente-confie-no-tempo-de-deus\/","title":{"rendered":"Quando orar n\u00e3o for o suficiente, confie no tempo de Deus"},"content":{"rendered":"<p class=\"wp-block-paragraph\">Tem dias em que a gente ora, reza, clama com todo o cora\u00e7\u00e3o\u2026 e mesmo assim, <strong>nada parece acontecer.<\/strong> O sil\u00eancio de Deus, nesses momentos, pode doer mais do que a pr\u00f3pria dor que nos levou \u00e0 ora\u00e7\u00e3o. A gente se pergunta: <em>\u201cSer\u00e1 que Ele me ouviu?\u201d<\/em> ou <em>\u201cSer\u00e1 que n\u00e3o estou fazendo o suficiente?\u201d<\/em><\/p>\n\n\n\n<p class=\"wp-block-paragraph\">Mas a verdade \u00e9 simples \u2014 e, ao mesmo tempo, dif\u00edcil de aceitar: <strong>nem sempre a ora\u00e7\u00e3o traz respostas imediatas. E nesses momentos, \u00e9 o tempo de Deus que come\u00e7a a agir.<\/strong><\/p>\n\n\n\n<p class=\"wp-block-paragraph\">Se voc\u00ea est\u00e1 cansado de orar e n\u00e3o ver mudan\u00e7as, respira. Esse post \u00e9 pra voc\u00ea.<\/p>\n\n\n\n<figure class=\"wp-block-image size-large\"><img loading=\"lazy\" decoding=\"async\" width=\"1024\" height=\"683\" src=\"https:\/\/www.oracaoefe.com\/wp-content\/uploads\/2025\/04\/quando_orar_nao_for_suficiente_confie_no_tempo_de_Deus-1024x683.webp\" alt=\"\" class=\"wp-image-3556\" srcset=\"https:\/\/www.oracaoefe.com\/wp-content\/uploads\/2025\/04\/quando_orar_nao_for_suficiente_confie_no_tempo_de_Deus-1024x683.webp 1024w, https:\/\/www.oracaoefe.com\/wp-content\/uploads\/2025\/04\/quando_orar_nao_for_suficiente_confie_no_tempo_de_Deus-300x200.webp 300w, https:\/\/www.oracaoefe.com\/wp-content\/uploads\/2025\/04\/quando_orar_nao_for_suficiente_confie_no_tempo_de_Deus-768x512.webp 768w, https:\/\/www.oracaoefe.com\/wp-content\/uploads\/2025\/04\/quando_orar_nao_for_suficiente_confie_no_tempo_de_Deus-18x12.webp 18w, https:\/\/www.oracaoefe.com\/wp-content\/uploads\/2025\/04\/quando_orar_nao_for_suficiente_confie_no_tempo_de_Deus.webp 1536w\" sizes=\"auto, (max-width: 1024px) 100vw, 1024px\" \/><\/figure>\n\n\n\n<h2 class=\"wp-block-heading\">Quando a ora\u00e7\u00e3o parece n\u00e3o funcionar<\/h2>\n\n\n\n<p class=\"wp-block-paragraph\">Voc\u00ea se ajoelha, derrama suas l\u00e1grimas, faz promessas, entrega de todo o cora\u00e7\u00e3o&#8230; e a situa\u00e7\u00e3o continua igual. O diagn\u00f3stico n\u00e3o muda. A porta n\u00e3o se abre. A pessoa n\u00e3o volta. A resposta n\u00e3o vem.<\/p>\n\n\n\n<p class=\"wp-block-paragraph\">\u00c9 natural sentir frustra\u00e7\u00e3o. Somos humanos. Temos pressa. Queremos solu\u00e7\u00e3o. Mas o sil\u00eancio de Deus <strong>n\u00e3o \u00e9 aus\u00eancia.<\/strong> Muitas vezes, \u00e9 prote\u00e7\u00e3o. \u00c9 prepara\u00e7\u00e3o. \u00c9 resposta \u2014 s\u00f3 que ainda n\u00e3o entendida.<\/p>\n\n\n\n<p class=\"wp-block-paragraph\">A ora\u00e7\u00e3o nunca \u00e9 em v\u00e3o. Mesmo quando tudo continua igual por fora, <strong>por dentro algo j\u00e1 est\u00e1 sendo transformado.<\/strong><\/p>\n\n\n\n<h2 class=\"wp-block-heading\">Orar \u00e9 confiar \u2014 mas confiar \u00e9 esperar<\/h2>\n\n\n\n<p class=\"wp-block-paragraph\">Orar \u00e9 um ato de f\u00e9.<br>Mas esperar&#8230; \u00e9 o teste dessa f\u00e9.<\/p>\n\n\n\n<p class=\"wp-block-paragraph\">Confiar no tempo de Deus \u00e9 reconhecer que <strong>nem tudo que queremos agora nos far\u00e1 bem agora.<\/strong><br>Que algumas respostas precisam de matura\u00e7\u00e3o.<br>Que certas b\u00ean\u00e7\u00e3os exigem estrutura emocional, espiritual, f\u00edsica.<br>Que o sil\u00eancio de hoje pode ser o \u201csim\u201d de amanh\u00e3 \u2014 ou um \u201cn\u00e3o\u201d que vai nos salvar de algo que n\u00e3o conseguimos ver.<\/p>\n\n\n\n<blockquote class=\"wp-block-quote is-layout-flow wp-block-quote-is-layout-flow\">\n<p class=\"wp-block-paragraph\">\u201cTudo tem o seu tempo determinado, e h\u00e1 tempo para todo o prop\u00f3sito debaixo do c\u00e9u.\u201d \u2014 Eclesiastes 3:1<\/p>\n<\/blockquote>\n\n\n\n<p class=\"wp-block-paragraph\">Quando orar n\u00e3o for o suficiente para acalmar o cora\u00e7\u00e3o, <strong>confie no rel\u00f3gio de Deus.<\/strong><\/p>\n\n\n\n<h2 class=\"wp-block-heading\">Deus n\u00e3o trabalha no nosso tempo. Ele trabalha no tempo certo.<\/h2>\n\n\n\n<p class=\"wp-block-paragraph\">N\u00f3s marcamos a hora.<br>Deus marca o momento.<br>E o momento certo de Deus nunca atrasa. Nem adianta.<\/p>\n\n\n\n<p class=\"wp-block-paragraph\">Ele v\u00ea o que voc\u00ea n\u00e3o v\u00ea.<br>Ele enxerga o que voc\u00ea ainda vai entender.<br>E mesmo quando parece parado, <strong>Ele est\u00e1 organizando tudo no invis\u00edvel.<\/strong><\/p>\n\n\n\n<p class=\"wp-block-paragraph\">Aquele emprego que n\u00e3o veio.<br>Aquela resposta que n\u00e3o chegou.<br>Aquela pessoa que se afastou.<br>Aquela cura que ainda n\u00e3o aconteceu.<\/p>\n\n\n\n<p class=\"wp-block-paragraph\">Nada disso \u00e9 descuido.<br>Pode ser Deus dizendo: <em>\u201cAinda n\u00e3o.\u201d<\/em><br>Ou at\u00e9: <em>\u201cN\u00e3o \u00e9 por a\u00ed.\u201d<\/em><\/p>\n\n\n\n<p class=\"wp-block-paragraph\">E por mais dif\u00edcil que seja aceitar isso, <strong>\u00e9 nesse espa\u00e7o de espera que a f\u00e9 se fortalece.<\/strong><\/p>\n\n\n\n<h2 class=\"wp-block-heading\">O que fazer enquanto a resposta n\u00e3o vem?<\/h2>\n\n\n\n<ul class=\"wp-block-list\">\n<li><strong>Continue orando.<\/strong> Mesmo sem emo\u00e7\u00e3o, mesmo no autom\u00e1tico. Deus entende ora\u00e7\u00f5es cansadas.<\/li>\n\n\n\n<li><strong>Cuide de voc\u00ea.<\/strong> Enquanto espera, se alimente espiritualmente. Leia, respire, se conecte com o que te fortalece.<\/li>\n\n\n\n<li><strong>Evite comparar seu tempo com o dos outros.<\/strong> O que chegou para algu\u00e9m agora, pode estar sendo preparado para voc\u00ea mais \u00e0 frente \u2014 de forma ainda melhor.<\/li>\n\n\n\n<li><strong>Agrade\u00e7a pelo que ainda n\u00e3o aconteceu.<\/strong> Isso ativa a gratid\u00e3o antecipada, que transforma o cora\u00e7\u00e3o.<\/li>\n\n\n\n<li><strong>Permita que o tempo de Deus fa\u00e7a a parte que s\u00f3 Ele pode fazer.<\/strong> Voc\u00ea n\u00e3o precisa carregar tudo sozinho.<\/li>\n<\/ul>\n\n\n\n<h2 class=\"wp-block-heading\">Quando a espera parecer longa demais<\/h2>\n\n\n\n<p class=\"wp-block-paragraph\">Vai haver dias em que voc\u00ea vai cansar de orar. Vai duvidar. Vai achar que Deus esqueceu. E nesses dias, voc\u00ea vai precisar lembrar:<\/p>\n\n\n\n<p class=\"wp-block-paragraph\"><strong>Ele nunca deixa de ouvir.<\/strong><br>Ele s\u00f3 est\u00e1 fazendo do jeito dEle, e n\u00e3o do seu.<\/p>\n\n\n\n<p class=\"wp-block-paragraph\">Deus n\u00e3o trabalha sob press\u00e3o, nem se apressa para provar algo.<br>Ele age <strong>quando tudo estiver alinhado.<\/strong><br>Quando o \u201csim\u201d n\u00e3o for um risco para a sua alma.<br>Quando o \u201cagora\u201d n\u00e3o for um atalho perigoso.<br>Quando o que voc\u00ea pediu estiver realmente pronto \u2014 e voc\u00ea tamb\u00e9m.<\/p>\n\n\n\n<h2 class=\"wp-block-heading\">E se a resposta for &#8220;n\u00e3o&#8221;?<\/h2>\n\n\n\n<p class=\"wp-block-paragraph\">A gente sempre acha que f\u00e9 \u00e9 esperar por um sim. Mas f\u00e9 de verdade tamb\u00e9m \u00e9 continuar de p\u00e9 <strong>diante de um n\u00e3o.<\/strong><br>\u00c9 reconhecer que Deus sabe o que a gente ainda n\u00e3o compreende.<br>Que Ele v\u00ea o fim da estrada que a gente s\u00f3 come\u00e7ou a caminhar.<\/p>\n\n\n\n<p class=\"wp-block-paragraph\">Um \u201cn\u00e3o\u201d pode nos proteger.<br>Um \u201cn\u00e3o\u201d pode nos redirecionar.<br>Um \u201cn\u00e3o\u201d pode nos preparar para um \u201csim\u201d muito maior \u2014 que s\u00f3 vir\u00e1 depois.<\/p>\n\n\n\n<h2 class=\"wp-block-heading\">Deus n\u00e3o se esqueceu de voc\u00ea<\/h2>\n\n\n\n<p class=\"wp-block-paragraph\">Enquanto voc\u00ea acha que nada est\u00e1 acontecendo, <strong>o c\u00e9u est\u00e1 trabalhando.<\/strong><br>Nos bastidores, anjos s\u00e3o movidos.<br>O cen\u00e1rio est\u00e1 sendo preparado.<br>E o seu cora\u00e7\u00e3o est\u00e1 sendo moldado para receber aquilo que vir\u00e1.<\/p>\n\n\n\n<p class=\"wp-block-paragraph\">Voc\u00ea n\u00e3o est\u00e1 esquecido.<br>Voc\u00ea est\u00e1 sendo <strong>guardado no tempo exato de Deus.<\/strong><\/p>\n\n\n\n<p class=\"wp-block-paragraph\"><strong>Voir aussi\u00a0: <a href=\"https:\/\/www.oracaoefe.com\/fr\/oracao-para-acalmar-o-coracao-angustiado-e-trazer-paz\/\">Ora\u00e7\u00e3o para acalmar o cora\u00e7\u00e3o angustiado e trazer paz<\/a><\/strong><\/p>\n\n\n\n<p class=\"wp-block-paragraph\">9 de maio de 2025<\/p>","protected":false},"excerpt":{"rendered":"<p>Tem dias em que a gente ora, reza, clama com todo o cora\u00e7\u00e3o\u2026 e mesmo assim, nada parece acontecer. O sil\u00eancio de Deus, nesses momentos, pode doer mais do que a pr\u00f3pria dor que nos levou \u00e0 ora\u00e7\u00e3o. A gente se pergunta: \u201cSer\u00e1 que Ele me ouviu?\u201d ou \u201cSer\u00e1 que n\u00e3o estou fazendo o suficiente?\u201d&hellip;&nbsp;<\/p>","protected":false},"author":3,"featured_media":3556,"comment_status":"closed","ping_status":"closed","sticky":false,"template":"","format":"standard","meta":{"neve_meta_sidebar":"","neve_meta_container":"","neve_meta_enable_content_width":"","neve_meta_content_width":0,"neve_meta_title_alignment":"","neve_meta_author_avatar":"","neve_post_elements_order":"","neve_meta_disable_header":"","neve_meta_disable_footer":"","neve_meta_disable_title":"","footnotes":""},"categories":[3],"tags":[],"class_list":["post-3540","post","type-post","status-publish","format-standard","has-post-thumbnail","hentry","category-fe"],"yoast_head":"<!-- This site is optimized with the Yoast SEO plugin v28.4 - https:\/\/yoast.com\/product\/yoast-seo-wordpress\/ -->\n<title>Quando orar n\u00e3o for o suficiente, confie no tempo de Deus - Ora\u00e7\u00e3o e F\u00e9<\/title>\n<meta name=\"description\" content=\"Deus tem pra voc\u00ea uma palavra de vida!\" \/>\n<meta name=\"robots\" content=\"index, follow, max-snippet:-1, max-image-preview:large, max-video-preview:-1\" \/>\n<link rel=\"canonical\" href=\"https:\/\/www.oracaoefe.com\/fr\/quando-orar-nao-for-o-suficiente-confie-no-tempo-de-deus\/\" \/>\n<meta property=\"og:locale\" content=\"fr_FR\" \/>\n<meta property=\"og:type\" content=\"article\" \/>\n<meta property=\"og:title\" content=\"Quando orar n\u00e3o for o suficiente, confie no tempo de Deus - Ora\u00e7\u00e3o e F\u00e9\" \/>\n<meta property=\"og:description\" content=\"Deus tem pra voc\u00ea uma palavra de vida!\" \/>\n<meta property=\"og:url\" content=\"https:\/\/www.oracaoefe.com\/fr\/quando-orar-nao-for-o-suficiente-confie-no-tempo-de-deus\/\" \/>\n<meta property=\"og:site_name\" content=\"Ora\u00e7\u00e3o e F\u00e9\" \/>\n<meta property=\"article:published_time\" content=\"2025-05-09T09:00:00+00:00\" \/>\n<meta property=\"article:modified_time\" content=\"2025-12-16T16:11:12+00:00\" \/>\n<meta property=\"og:image\" content=\"https:\/\/www.oracaoefe.com\/wp-content\/uploads\/2025\/04\/quando_orar_nao_for_suficiente_confie_no_tempo_de_Deus.webp\" \/>\n\t<meta property=\"og:image:width\" content=\"1536\" \/>\n\t<meta property=\"og:image:height\" content=\"1024\" \/>\n\t<meta property=\"og:image:type\" content=\"image\/webp\" \/>\n<meta name=\"author\" content=\"Michele Azevedo\" \/>\n<meta name=\"twitter:card\" content=\"summary_large_image\" \/>\n<meta name=\"twitter:label1\" content=\"\u00c9crit par\" \/>\n\t<meta name=\"twitter:data1\" content=\"Michele Azevedo\" \/>\n\t<meta name=\"twitter:label2\" content=\"Dur\u00e9e de lecture estim\u00e9e\" \/>\n\t<meta name=\"twitter:data2\" content=\"4 minutes\" \/>\n<script type=\"application\/ld+json\" class=\"yoast-schema-graph\">{\"@context\":\"https:\\\/\\\/schema.org\",\"@graph\":[{\"@type\":\"Article\",\"@id\":\"https:\\\/\\\/www.oracaoefe.com\\\/quando-orar-nao-for-o-suficiente-confie-no-tempo-de-deus\\\/#article\",\"isPartOf\":{\"@id\":\"https:\\\/\\\/www.oracaoefe.com\\\/quando-orar-nao-for-o-suficiente-confie-no-tempo-de-deus\\\/\"},\"author\":{\"name\":\"Michele Azevedo\",\"@id\":\"https:\\\/\\\/www.oracaoefe.com\\\/#\\\/schema\\\/person\\\/17283c669442cf005c4d5bb58adfb7f5\"},\"headline\":\"Quando orar n\u00e3o for o suficiente, confie no tempo de Deus\",\"datePublished\":\"2025-05-09T09:00:00+00:00\",\"dateModified\":\"2025-12-16T16:11:12+00:00\",\"mainEntityOfPage\":{\"@id\":\"https:\\\/\\\/www.oracaoefe.com\\\/quando-orar-nao-for-o-suficiente-confie-no-tempo-de-deus\\\/\"},\"wordCount\":826,\"image\":{\"@id\":\"https:\\\/\\\/www.oracaoefe.com\\\/quando-orar-nao-for-o-suficiente-confie-no-tempo-de-deus\\\/#primaryimage\"},\"thumbnailUrl\":\"https:\\\/\\\/www.oracaoefe.com\\\/wp-content\\\/uploads\\\/2025\\\/04\\\/quando_orar_nao_for_suficiente_confie_no_tempo_de_Deus.webp\",\"articleSection\":[\"F\u00e9\"],\"inLanguage\":\"fr-FR\"},{\"@type\":\"WebPage\",\"@id\":\"https:\\\/\\\/www.oracaoefe.com\\\/quando-orar-nao-for-o-suficiente-confie-no-tempo-de-deus\\\/\",\"url\":\"https:\\\/\\\/www.oracaoefe.com\\\/quando-orar-nao-for-o-suficiente-confie-no-tempo-de-deus\\\/\",\"name\":\"Quando orar n\u00e3o for o suficiente, confie no tempo de Deus - Ora\u00e7\u00e3o e F\u00e9\",\"isPartOf\":{\"@id\":\"https:\\\/\\\/www.oracaoefe.com\\\/#website\"},\"primaryImageOfPage\":{\"@id\":\"https:\\\/\\\/www.oracaoefe.com\\\/quando-orar-nao-for-o-suficiente-confie-no-tempo-de-deus\\\/#primaryimage\"},\"image\":{\"@id\":\"https:\\\/\\\/www.oracaoefe.com\\\/quando-orar-nao-for-o-suficiente-confie-no-tempo-de-deus\\\/#primaryimage\"},\"thumbnailUrl\":\"https:\\\/\\\/www.oracaoefe.com\\\/wp-content\\\/uploads\\\/2025\\\/04\\\/quando_orar_nao_for_suficiente_confie_no_tempo_de_Deus.webp\",\"datePublished\":\"2025-05-09T09:00:00+00:00\",\"dateModified\":\"2025-12-16T16:11:12+00:00\",\"author\":{\"@id\":\"https:\\\/\\\/www.oracaoefe.com\\\/#\\\/schema\\\/person\\\/17283c669442cf005c4d5bb58adfb7f5\"},\"description\":\"Deus tem pra voc\u00ea uma palavra de vida!\",\"breadcrumb\":{\"@id\":\"https:\\\/\\\/www.oracaoefe.com\\\/quando-orar-nao-for-o-suficiente-confie-no-tempo-de-deus\\\/#breadcrumb\"},\"inLanguage\":\"fr-FR\",\"potentialAction\":[{\"@type\":\"ReadAction\",\"target\":[\"https:\\\/\\\/www.oracaoefe.com\\\/quando-orar-nao-for-o-suficiente-confie-no-tempo-de-deus\\\/\"]}]},{\"@type\":\"ImageObject\",\"inLanguage\":\"fr-FR\",\"@id\":\"https:\\\/\\\/www.oracaoefe.com\\\/quando-orar-nao-for-o-suficiente-confie-no-tempo-de-deus\\\/#primaryimage\",\"url\":\"https:\\\/\\\/www.oracaoefe.com\\\/wp-content\\\/uploads\\\/2025\\\/04\\\/quando_orar_nao_for_suficiente_confie_no_tempo_de_Deus.webp\",\"contentUrl\":\"https:\\\/\\\/www.oracaoefe.com\\\/wp-content\\\/uploads\\\/2025\\\/04\\\/quando_orar_nao_for_suficiente_confie_no_tempo_de_Deus.webp\",\"width\":1536,\"height\":1024},{\"@type\":\"BreadcrumbList\",\"@id\":\"https:\\\/\\\/www.oracaoefe.com\\\/quando-orar-nao-for-o-suficiente-confie-no-tempo-de-deus\\\/#breadcrumb\",\"itemListElement\":[{\"@type\":\"ListItem\",\"position\":1,\"name\":\"Home\",\"item\":\"https:\\\/\\\/www.oracaoefe.com\\\/\"},{\"@type\":\"ListItem\",\"position\":2,\"name\":\"F\u00e9\",\"item\":\"https:\\\/\\\/www.oracaoefe.com\\\/es\\\/categoria\\\/fe\\\/\"},{\"@type\":\"ListItem\",\"position\":3,\"name\":\"Quando orar n\u00e3o for o suficiente, confie no tempo de Deus\"}]},{\"@type\":\"WebSite\",\"@id\":\"https:\\\/\\\/www.oracaoefe.com\\\/#website\",\"url\":\"https:\\\/\\\/www.oracaoefe.com\\\/\",\"name\":\"Ora\u00e7\u00e3o e F\u00e9\",\"description\":\"\",\"potentialAction\":[{\"@type\":\"SearchAction\",\"target\":{\"@type\":\"EntryPoint\",\"urlTemplate\":\"https:\\\/\\\/www.oracaoefe.com\\\/?s={search_term_string}\"},\"query-input\":{\"@type\":\"PropertyValueSpecification\",\"valueRequired\":true,\"valueName\":\"search_term_string\"}}],\"inLanguage\":\"fr-FR\"},{\"@type\":\"Person\",\"@id\":\"https:\\\/\\\/www.oracaoefe.com\\\/#\\\/schema\\\/person\\\/17283c669442cf005c4d5bb58adfb7f5\",\"name\":\"Michele Azevedo\",\"image\":{\"@type\":\"ImageObject\",\"inLanguage\":\"fr-FR\",\"@id\":\"https:\\\/\\\/secure.gravatar.com\\\/avatar\\\/6b0eb9d22841282815e2cd856a0061c45e1761cd54b22e952d98c4746939aa85?s=96&d=mm&r=g\",\"url\":\"https:\\\/\\\/secure.gravatar.com\\\/avatar\\\/6b0eb9d22841282815e2cd856a0061c45e1761cd54b22e952d98c4746939aa85?s=96&d=mm&r=g\",\"contentUrl\":\"https:\\\/\\\/secure.gravatar.com\\\/avatar\\\/6b0eb9d22841282815e2cd856a0061c45e1761cd54b22e952d98c4746939aa85?s=96&d=mm&r=g\",\"caption\":\"Michele Azevedo\"},\"description\":\"Formada em Letras - Portugu\u00eas\\\/ Ingl\u00eas pela Universidade Estadual de Ponta Grossa (UEPG), p\u00f3s-graduada em Arte na Educa\u00e7\u00e3o (FAPI) e Psicopedagogia Escolar (FAPI), idealizadora e propriet\u00e1ria do site Escritora de Sucesso, possui experi\u00eancia em escrita para blogs em geral e atua como redatora e revisora dos conte\u00fados do Ora\u00e7\u00e3o e F\u00e9.\",\"url\":\"https:\\\/\\\/www.oracaoefe.com\\\/fr\\\/author\\\/michele-azevedo\\\/\"}]}<\/script>\n<!-- \/ Yoast SEO plugin. -->","yoast_head_json":{"title":"Quando orar n\u00e3o for o suficiente, confie no tempo de Deus - Ora\u00e7\u00e3o e F\u00e9","description":"Dieu a une parole de vie pour vous !","robots":{"index":"index","follow":"follow","max-snippet":"max-snippet:-1","max-image-preview":"max-image-preview:large","max-video-preview":"max-video-preview:-1"},"canonical":"https:\/\/www.oracaoefe.com\/fr\/quando-orar-nao-for-o-suficiente-confie-no-tempo-de-deus\/","og_locale":"fr_FR","og_type":"article","og_title":"Quando orar n\u00e3o for o suficiente, confie no tempo de Deus - Ora\u00e7\u00e3o e F\u00e9","og_description":"Deus tem pra voc\u00ea uma palavra de vida!","og_url":"https:\/\/www.oracaoefe.com\/fr\/quando-orar-nao-for-o-suficiente-confie-no-tempo-de-deus\/","og_site_name":"Ora\u00e7\u00e3o e F\u00e9","article_published_time":"2025-05-09T09:00:00+00:00","article_modified_time":"2025-12-16T16:11:12+00:00","og_image":[{"width":1536,"height":1024,"url":"https:\/\/www.oracaoefe.com\/wp-content\/uploads\/2025\/04\/quando_orar_nao_for_suficiente_confie_no_tempo_de_Deus.webp","type":"image\/webp"}],"author":"Michele Azevedo","twitter_card":"summary_large_image","twitter_misc":{"\u00c9crit par":"Michele Azevedo","Dur\u00e9e de lecture estim\u00e9e":"4 minutes"},"schema":{"@context":"https:\/\/schema.org","@graph":[{"@type":"Article","@id":"https:\/\/www.oracaoefe.com\/quando-orar-nao-for-o-suficiente-confie-no-tempo-de-deus\/#article","isPartOf":{"@id":"https:\/\/www.oracaoefe.com\/quando-orar-nao-for-o-suficiente-confie-no-tempo-de-deus\/"},"author":{"name":"Michele Azevedo","@id":"https:\/\/www.oracaoefe.com\/#\/schema\/person\/17283c669442cf005c4d5bb58adfb7f5"},"headline":"Quando orar n\u00e3o for o suficiente, confie no tempo de Deus","datePublished":"2025-05-09T09:00:00+00:00","dateModified":"2025-12-16T16:11:12+00:00","mainEntityOfPage":{"@id":"https:\/\/www.oracaoefe.com\/quando-orar-nao-for-o-suficiente-confie-no-tempo-de-deus\/"},"wordCount":826,"image":{"@id":"https:\/\/www.oracaoefe.com\/quando-orar-nao-for-o-suficiente-confie-no-tempo-de-deus\/#primaryimage"},"thumbnailUrl":"https:\/\/www.oracaoefe.com\/wp-content\/uploads\/2025\/04\/quando_orar_nao_for_suficiente_confie_no_tempo_de_Deus.webp","articleSection":["F\u00e9"],"inLanguage":"fr-FR"},{"@type":"WebPage","@id":"https:\/\/www.oracaoefe.com\/quando-orar-nao-for-o-suficiente-confie-no-tempo-de-deus\/","url":"https:\/\/www.oracaoefe.com\/quando-orar-nao-for-o-suficiente-confie-no-tempo-de-deus\/","name":"Quando orar n\u00e3o for o suficiente, confie no tempo de Deus - Ora\u00e7\u00e3o e F\u00e9","isPartOf":{"@id":"https:\/\/www.oracaoefe.com\/#website"},"primaryImageOfPage":{"@id":"https:\/\/www.oracaoefe.com\/quando-orar-nao-for-o-suficiente-confie-no-tempo-de-deus\/#primaryimage"},"image":{"@id":"https:\/\/www.oracaoefe.com\/quando-orar-nao-for-o-suficiente-confie-no-tempo-de-deus\/#primaryimage"},"thumbnailUrl":"https:\/\/www.oracaoefe.com\/wp-content\/uploads\/2025\/04\/quando_orar_nao_for_suficiente_confie_no_tempo_de_Deus.webp","datePublished":"2025-05-09T09:00:00+00:00","dateModified":"2025-12-16T16:11:12+00:00","author":{"@id":"https:\/\/www.oracaoefe.com\/#\/schema\/person\/17283c669442cf005c4d5bb58adfb7f5"},"description":"Dieu a une parole de vie pour vous !","breadcrumb":{"@id":"https:\/\/www.oracaoefe.com\/quando-orar-nao-for-o-suficiente-confie-no-tempo-de-deus\/#breadcrumb"},"inLanguage":"fr-FR","potentialAction":[{"@type":"ReadAction","target":["https:\/\/www.oracaoefe.com\/quando-orar-nao-for-o-suficiente-confie-no-tempo-de-deus\/"]}]},{"@type":"ImageObject","inLanguage":"fr-FR","@id":"https:\/\/www.oracaoefe.com\/quando-orar-nao-for-o-suficiente-confie-no-tempo-de-deus\/#primaryimage","url":"https:\/\/www.oracaoefe.com\/wp-content\/uploads\/2025\/04\/quando_orar_nao_for_suficiente_confie_no_tempo_de_Deus.webp","contentUrl":"https:\/\/www.oracaoefe.com\/wp-content\/uploads\/2025\/04\/quando_orar_nao_for_suficiente_confie_no_tempo_de_Deus.webp","width":1536,"height":1024},{"@type":"BreadcrumbList","@id":"https:\/\/www.oracaoefe.com\/quando-orar-nao-for-o-suficiente-confie-no-tempo-de-deus\/#breadcrumb","itemListElement":[{"@type":"ListItem","position":1,"name":"Home","item":"https:\/\/www.oracaoefe.com\/"},{"@type":"ListItem","position":2,"name":"F\u00e9","item":"https:\/\/www.oracaoefe.com\/es\/categoria\/fe\/"},{"@type":"ListItem","position":3,"name":"Quando orar n\u00e3o for o suficiente, confie no tempo de Deus"}]},{"@type":"WebSite","@id":"https:\/\/www.oracaoefe.com\/#website","url":"https:\/\/www.oracaoefe.com\/","name":"Pri\u00e8re et foi","description":"","potentialAction":[{"@type":"SearchAction","target":{"@type":"EntryPoint","urlTemplate":"https:\/\/www.oracaoefe.com\/?s={search_term_string}"},"query-input":{"@type":"PropertyValueSpecification","valueRequired":true,"valueName":"search_term_string"}}],"inLanguage":"fr-FR"},{"@type":"Person","@id":"https:\/\/www.oracaoefe.com\/#\/schema\/person\/17283c669442cf005c4d5bb58adfb7f5","name":"Michele Azevedo","image":{"@type":"ImageObject","inLanguage":"fr-FR","@id":"https:\/\/secure.gravatar.com\/avatar\/6b0eb9d22841282815e2cd856a0061c45e1761cd54b22e952d98c4746939aa85?s=96&d=mm&r=g","url":"https:\/\/secure.gravatar.com\/avatar\/6b0eb9d22841282815e2cd856a0061c45e1761cd54b22e952d98c4746939aa85?s=96&d=mm&r=g","contentUrl":"https:\/\/secure.gravatar.com\/avatar\/6b0eb9d22841282815e2cd856a0061c45e1761cd54b22e952d98c4746939aa85?s=96&d=mm&r=g","caption":"Michele Azevedo"},"description":"Dipl\u00f4m\u00e9e en litt\u00e9rature portugaise\/anglaise de l&#039;Universit\u00e9 d&#039;\u00c9tat de Ponta Grossa (UEPG), avec des dipl\u00f4mes de troisi\u00e8me cycle en art dans l&#039;\u00e9ducation (FAPI) et en psychop\u00e9dagogie scolaire (FAPI), elle est la cr\u00e9atrice et propri\u00e9taire du site web Escritora de Sucesso, a de l&#039;exp\u00e9rience dans l&#039;\u00e9criture pour les blogs en g\u00e9n\u00e9ral et travaille comme r\u00e9dactrice et \u00e9ditrice du contenu pour Ora\u00e7\u00e3o e F\u00e9.","url":"https:\/\/www.oracaoefe.com\/fr\/author\/michele-azevedo\/"}]}},"_links":{"self":[{"href":"https:\/\/www.oracaoefe.com\/fr\/wp-json\/wp\/v2\/posts\/3540","targetHints":{"allow":["GET"]}}],"collection":[{"href":"https:\/\/www.oracaoefe.com\/fr\/wp-json\/wp\/v2\/posts"}],"about":[{"href":"https:\/\/www.oracaoefe.com\/fr\/wp-json\/wp\/v2\/types\/post"}],"author":[{"embeddable":true,"href":"https:\/\/www.oracaoefe.com\/fr\/wp-json\/wp\/v2\/users\/3"}],"replies":[{"embeddable":true,"href":"https:\/\/www.oracaoefe.com\/fr\/wp-json\/wp\/v2\/comments?post=3540"}],"version-history":[{"count":2,"href":"https:\/\/www.oracaoefe.com\/fr\/wp-json\/wp\/v2\/posts\/3540\/revisions"}],"predecessor-version":[{"id":3557,"href":"https:\/\/www.oracaoefe.com\/fr\/wp-json\/wp\/v2\/posts\/3540\/revisions\/3557"}],"wp:featuredmedia":[{"embeddable":true,"href":"https:\/\/www.oracaoefe.com\/fr\/wp-json\/wp\/v2\/media\/3556"}],"wp:attachment":[{"href":"https:\/\/www.oracaoefe.com\/fr\/wp-json\/wp\/v2\/media?parent=3540"}],"wp:term":[{"taxonomy":"category","embeddable":true,"href":"https:\/\/www.oracaoefe.com\/fr\/wp-json\/wp\/v2\/categories?post=3540"},{"taxonomy":"post_tag","embeddable":true,"href":"https:\/\/www.oracaoefe.com\/fr\/wp-json\/wp\/v2\/tags?post=3540"}],"curies":[{"name":"wp","href":"https:\/\/api.w.org\/{rel}","templated":true}]}}