{"id":3536,"date":"2025-05-03T06:00:00","date_gmt":"2025-05-03T09:00:00","guid":{"rendered":"https:\/\/www.oracaoefe.com\/?p=3536"},"modified":"2025-12-16T13:11:13","modified_gmt":"2025-12-16T16:11:13","slug":"a-tempestade-nao-veio-para-te-afogar-mas-para-revelar-sua-forca","status":"publish","type":"post","link":"https:\/\/www.oracaoefe.com\/fr\/a-tempestade-nao-veio-para-te-afogar-mas-para-revelar-sua-forca\/","title":{"rendered":"A tempestade n\u00e3o veio para te afogar, mas para revelar sua for\u00e7a"},"content":{"rendered":"<p class=\"wp-block-paragraph\">Quando a vida parece desabar, quando os ventos sopram forte e tudo o que voc\u00ea consegue enxergar \u00e9 escurid\u00e3o, a primeira sensa\u00e7\u00e3o \u00e9 de medo. De desamparo. De querer fugir, sumir ou simplesmente parar. Mas o que muita gente n\u00e3o percebe \u2014 e talvez voc\u00ea precise lembrar hoje \u2014 \u00e9 que <strong>a tempestade n\u00e3o veio para te afogar. Ela veio para revelar a for\u00e7a que voc\u00ea nem sabia que tinha.<\/strong><\/p>\n\n\n\n<p class=\"wp-block-paragraph\">A dor n\u00e3o \u00e9 um castigo. O sofrimento n\u00e3o \u00e9 o fim.<br>Em muitos momentos da vida, <strong>o caos \u00e9 s\u00f3 o in\u00edcio da transforma\u00e7\u00e3o.<\/strong><br>E se agora est\u00e1 dif\u00edcil enxergar isso, respira. Voc\u00ea est\u00e1 passando por ela \u2014 n\u00e3o para ser destru\u00eddo, mas para ser <strong>reconstru\u00eddo.<\/strong><\/p>\n\n\n\n<figure class=\"wp-block-image size-large\"><img loading=\"lazy\" decoding=\"async\" width=\"1024\" height=\"683\" src=\"https:\/\/www.oracaoefe.com\/wp-content\/uploads\/2025\/04\/tempestade_para_revelar_forca-1024x683.webp\" alt=\"\" class=\"wp-image-3549\" srcset=\"https:\/\/www.oracaoefe.com\/wp-content\/uploads\/2025\/04\/tempestade_para_revelar_forca-1024x683.webp 1024w, https:\/\/www.oracaoefe.com\/wp-content\/uploads\/2025\/04\/tempestade_para_revelar_forca-300x200.webp 300w, https:\/\/www.oracaoefe.com\/wp-content\/uploads\/2025\/04\/tempestade_para_revelar_forca-768x512.webp 768w, https:\/\/www.oracaoefe.com\/wp-content\/uploads\/2025\/04\/tempestade_para_revelar_forca-18x12.webp 18w, https:\/\/www.oracaoefe.com\/wp-content\/uploads\/2025\/04\/tempestade_para_revelar_forca.webp 1536w\" sizes=\"auto, (max-width: 1024px) 100vw, 1024px\" \/><\/figure>\n\n\n\n<h2 class=\"wp-block-heading\">Toda tempestade tem um prop\u00f3sito<\/h2>\n\n\n\n<p class=\"wp-block-paragraph\">\u00c9 dif\u00edcil acreditar nisso quando tudo est\u00e1 desmoronando, a gente sabe.<br>Mas olha bem: <strong>quantas vezes voc\u00ea passou por algo que parecia imposs\u00edvel, e hoje est\u00e1 aqui?<\/strong><br>Quantas vezes voc\u00ea pensou que n\u00e3o aguentaria \u2014 e aguentou?<br>Quantas vezes a vida te levou ao limite, e ainda assim voc\u00ea seguiu?<\/p>\n\n\n\n<p class=\"wp-block-paragraph\">A tempestade vem quando o conforto n\u00e3o cabe mais.<br>Ela empurra, sacode, bagun\u00e7a.<br>Mas tamb\u00e9m <strong>limpa, revela, desperta.<\/strong><br>\u00c9 no meio do barulho que a gente ouve a pr\u00f3pria alma gritar.<\/p>\n\n\n\n<h2 class=\"wp-block-heading\">Voc\u00ea \u00e9 mais forte do que pensa<\/h2>\n\n\n\n<p class=\"wp-block-paragraph\">Ningu\u00e9m descobre sua pr\u00f3pria for\u00e7a em dias f\u00e1ceis.<br>\u00c9 na queda que se aprende a levantar.<br>\u00c9 no medo que se aprende a confiar.<br>\u00c9 na dor que se aprende a sentir.<\/p>\n\n\n\n<p class=\"wp-block-paragraph\">Voc\u00ea n\u00e3o precisa fingir que est\u00e1 tudo bem.<br>Mas precisa lembrar que <strong>h\u00e1 uma for\u00e7a a\u00ed dentro esperando para emergir.<\/strong><\/p>\n\n\n\n<p class=\"wp-block-paragraph\">For\u00e7a n\u00e3o \u00e9 n\u00e3o cair.<br>For\u00e7a \u00e9 levantar mesmo com os joelhos machucados.<br>\u00c9 continuar andando com o cora\u00e7\u00e3o em peda\u00e7os.<br>\u00c9 n\u00e3o perder a f\u00e9, mesmo quando ela parece fraca.<\/p>\n\n\n\n<h2 class=\"wp-block-heading\">A tempestade tamb\u00e9m revela quem caminha com voc\u00ea<\/h2>\n\n\n\n<p class=\"wp-block-paragraph\">Em tempos dif\u00edceis, <strong>m\u00e1scaras caem.<\/strong><br>Quem fica, quem some, quem apoia, quem apenas observa \u2014 tudo aparece.<br>E por mais que isso machuque, tamb\u00e9m \u00e9 uma b\u00ean\u00e7\u00e3o.<br>Porque no fim das contas, <strong>melhor ter poucos verdadeiros do que muitos por conveni\u00eancia.<\/strong><\/p>\n\n\n\n<p class=\"wp-block-paragraph\">A tempestade limpa os relacionamentos.<br>Mostra quem te fortalece e quem s\u00f3 te suga.<br>E quando ela passa, voc\u00ea carrega menos bagagem \u2014 e mais clareza.<\/p>\n\n\n\n<h2 class=\"wp-block-heading\">N\u00e3o \u00e9 castigo. \u00c9 chamado.<\/h2>\n\n\n\n<p class=\"wp-block-paragraph\">Talvez voc\u00ea esteja interpretando tudo isso como uma puni\u00e7\u00e3o.<br>Mas e se for <strong>um chamado?<\/strong><br>E se essa dor estiver te empurrando para algo novo?<br>E se esse vazio for, na verdade, um espa\u00e7o sendo aberto para algo maior?<\/p>\n\n\n\n<p class=\"wp-block-paragraph\">\u00c0s vezes, Deus n\u00e3o tira algo de voc\u00ea para te punir \u2014 Ele tira para te <strong>livrar.<\/strong><br>\u00c0s vezes, o que foi embora era o que te impedia de crescer.<br>\u00c0s vezes, o que quebrou era o que te impedia de se tornar inteiro.<\/p>\n\n\n\n<p class=\"wp-block-paragraph\">A tempestade <strong>n\u00e3o \u00e9 o fim.<\/strong><br>\u00c9 o come\u00e7o de uma nova vers\u00e3o de voc\u00ea.<\/p>\n\n\n\n<h2 class=\"wp-block-heading\">O que fazer enquanto a tempestade passa?<\/h2>\n\n\n\n<p class=\"wp-block-paragraph\"><strong>1. N\u00e3o lute contra o que n\u00e3o pode controlar.<\/strong><br>Aceitar n\u00e3o \u00e9 desistir. \u00c9 entender que h\u00e1 coisas que fogem do nosso alcance \u2014 e est\u00e1 tudo bem. Respira.<\/p>\n\n\n\n<p class=\"wp-block-paragraph\"><strong>2. Cuide de si como quem cuida de algo precioso.<\/strong><br>Alimente sua alma com sil\u00eancio, ora\u00e7\u00e3o, descanso e palavras que curam.<\/p>\n\n\n\n<p class=\"wp-block-paragraph\"><strong>3. N\u00e3o se isole totalmente.<\/strong><br>Voc\u00ea n\u00e3o precisa contar para o mundo, mas escolha algu\u00e9m para dividir o peso.<\/p>\n\n\n\n<p class=\"wp-block-paragraph\"><strong>4. Lembre-se: isso vai passar.<\/strong><br>Por mais longa que pare\u00e7a, nenhuma tempestade dura para sempre. E quando ela passar, <strong>voc\u00ea n\u00e3o ser\u00e1 o mesmo. Ser\u00e1 mais forte.<\/strong><\/p>\n\n\n\n<h2 class=\"wp-block-heading\">A for\u00e7a que vem do alto<\/h2>\n\n\n\n<p class=\"wp-block-paragraph\">Se voc\u00ea acredita em Deus, esse \u00e9 o momento de segurar mais firme ainda.<br>Deus n\u00e3o promete aus\u00eancia de tempestades \u2014 <strong>mas promete presen\u00e7a em todas elas.<\/strong><\/p>\n\n\n\n<blockquote class=\"wp-block-quote is-layout-flow wp-block-quote-is-layout-flow\">\n<p class=\"wp-block-paragraph\">\u201cAinda que eu ande pelo vale da sombra da morte, n\u00e3o temerei mal algum, porque tu est\u00e1s comigo.\u201d \u2014 Salmo 23:4<\/p>\n<\/blockquote>\n\n\n\n<p class=\"wp-block-paragraph\">N\u00e3o importa o tamanho do medo.<br>Importa quem caminha com voc\u00ea.<\/p>\n\n\n\n<p class=\"wp-block-paragraph\">E Deus nunca solta a m\u00e3o de quem segue, mesmo com o cora\u00e7\u00e3o em peda\u00e7os.<\/p>\n\n\n\n<h2 class=\"wp-block-heading\">A dor n\u00e3o define o fim da hist\u00f3ria<\/h2>\n\n\n\n<p class=\"wp-block-paragraph\">Voc\u00ea est\u00e1 em um cap\u00edtulo dif\u00edcil, n\u00e3o no livro inteiro.<br>A vida \u00e9 feita de ciclos. Alguns s\u00e3o de flores. Outros, de tempestade.<br>Mas todos s\u00e3o necess\u00e1rios.<\/p>\n\n\n\n<p class=\"wp-block-paragraph\"><strong>N\u00e3o pare no meio do caminho.<\/strong><br>Atravessar a tempestade exige f\u00e9, paci\u00eancia e uma dose de coragem todos os dias.<\/p>\n\n\n\n<p class=\"wp-block-paragraph\">Voc\u00ea n\u00e3o precisa ser perfeito. S\u00f3 precisa continuar.<br>Mesmo devagar. Mesmo com medo. Mesmo sem entender tudo.<\/p>\n\n\n\n<h2 class=\"wp-block-heading\">E depois da tempestade?<\/h2>\n\n\n\n<p class=\"wp-block-paragraph\">Depois dela, <strong>vem um sil\u00eancio bom.<\/strong><br>Uma paz diferente.<br>Um olhar mais firme.<br>Uma alma mais leve.<br>Um cora\u00e7\u00e3o mais preparado.<\/p>\n\n\n\n<p class=\"wp-block-paragraph\">Voc\u00ea vai se surpreender com quem se tornou.<br>Vai se orgulhar de ter sobrevivido a algo que achava que te quebraria para sempre.<br>Vai perceber que <strong>a dor deixou marcas \u2014 mas tamb\u00e9m deixou sabedoria.<\/strong><\/p>\n\n\n\n<p class=\"wp-block-paragraph\">E vai agradecer, n\u00e3o pela dor em si, mas <strong>por quem voc\u00ea se tornou por causa dela.<\/strong><\/p>\n\n\n\n<p class=\"wp-block-paragraph\"><strong>Voir aussi\u00a0: <a href=\"https:\/\/www.oracaoefe.com\/fr\/oracao-para-acalmar-o-coracao-angustiado-e-trazer-paz\/\">Ora\u00e7\u00e3o para acalmar o cora\u00e7\u00e3o angustiado e trazer paz<\/a><\/strong><\/p>\n\n\n\n<p class=\"wp-block-paragraph\">3 de maio de 2025<\/p>","protected":false},"excerpt":{"rendered":"<p>Quando a vida parece desabar, quando os ventos sopram forte e tudo o que voc\u00ea consegue enxergar \u00e9 escurid\u00e3o, a primeira sensa\u00e7\u00e3o \u00e9 de medo. De desamparo. De querer fugir, sumir ou simplesmente parar. Mas o que muita gente n\u00e3o percebe \u2014 e talvez voc\u00ea precise lembrar hoje \u2014 \u00e9 que a tempestade n\u00e3o veio&hellip;&nbsp;<\/p>","protected":false},"author":3,"featured_media":3549,"comment_status":"closed","ping_status":"closed","sticky":false,"template":"","format":"standard","meta":{"neve_meta_sidebar":"","neve_meta_container":"","neve_meta_enable_content_width":"","neve_meta_content_width":0,"neve_meta_title_alignment":"","neve_meta_author_avatar":"","neve_post_elements_order":"","neve_meta_disable_header":"","neve_meta_disable_footer":"","neve_meta_disable_title":"","footnotes":""},"categories":[3],"tags":[],"class_list":["post-3536","post","type-post","status-publish","format-standard","has-post-thumbnail","hentry","category-fe"],"yoast_head":"<!-- This site is optimized with the Yoast SEO plugin v28.4 - https:\/\/yoast.com\/product\/yoast-seo-wordpress\/ -->\n<title>A tempestade n\u00e3o veio para te afogar, mas para revelar sua for\u00e7a - Ora\u00e7\u00e3o e F\u00e9<\/title>\n<meta name=\"description\" content=\"Deus tem pra voc\u00ea uma palavra de vida!\" \/>\n<meta name=\"robots\" content=\"index, follow, max-snippet:-1, max-image-preview:large, max-video-preview:-1\" \/>\n<link rel=\"canonical\" href=\"https:\/\/www.oracaoefe.com\/fr\/a-tempestade-nao-veio-para-te-afogar-mas-para-revelar-sua-forca\/\" \/>\n<meta property=\"og:locale\" content=\"fr_FR\" \/>\n<meta property=\"og:type\" content=\"article\" \/>\n<meta property=\"og:title\" content=\"A tempestade n\u00e3o veio para te afogar, mas para revelar sua for\u00e7a - Ora\u00e7\u00e3o e F\u00e9\" \/>\n<meta property=\"og:description\" content=\"Deus tem pra voc\u00ea uma palavra de vida!\" \/>\n<meta property=\"og:url\" content=\"https:\/\/www.oracaoefe.com\/fr\/a-tempestade-nao-veio-para-te-afogar-mas-para-revelar-sua-forca\/\" \/>\n<meta property=\"og:site_name\" content=\"Ora\u00e7\u00e3o e F\u00e9\" \/>\n<meta property=\"article:published_time\" content=\"2025-05-03T09:00:00+00:00\" \/>\n<meta property=\"article:modified_time\" content=\"2025-12-16T16:11:13+00:00\" \/>\n<meta property=\"og:image\" content=\"https:\/\/www.oracaoefe.com\/wp-content\/uploads\/2025\/04\/tempestade_para_revelar_forca.webp\" \/>\n\t<meta property=\"og:image:width\" content=\"1536\" \/>\n\t<meta property=\"og:image:height\" content=\"1024\" \/>\n\t<meta property=\"og:image:type\" content=\"image\/webp\" \/>\n<meta name=\"author\" content=\"Michele Azevedo\" \/>\n<meta name=\"twitter:card\" content=\"summary_large_image\" \/>\n<meta name=\"twitter:label1\" content=\"\u00c9crit par\" \/>\n\t<meta name=\"twitter:data1\" content=\"Michele Azevedo\" \/>\n\t<meta name=\"twitter:label2\" content=\"Dur\u00e9e de lecture estim\u00e9e\" \/>\n\t<meta name=\"twitter:data2\" content=\"4 minutes\" \/>\n<script type=\"application\/ld+json\" class=\"yoast-schema-graph\">{\"@context\":\"https:\\\/\\\/schema.org\",\"@graph\":[{\"@type\":\"Article\",\"@id\":\"https:\\\/\\\/www.oracaoefe.com\\\/a-tempestade-nao-veio-para-te-afogar-mas-para-revelar-sua-forca\\\/#article\",\"isPartOf\":{\"@id\":\"https:\\\/\\\/www.oracaoefe.com\\\/a-tempestade-nao-veio-para-te-afogar-mas-para-revelar-sua-forca\\\/\"},\"author\":{\"name\":\"Michele Azevedo\",\"@id\":\"https:\\\/\\\/www.oracaoefe.com\\\/#\\\/schema\\\/person\\\/17283c669442cf005c4d5bb58adfb7f5\"},\"headline\":\"A tempestade n\u00e3o veio para te afogar, mas para revelar sua for\u00e7a\",\"datePublished\":\"2025-05-03T09:00:00+00:00\",\"dateModified\":\"2025-12-16T16:11:13+00:00\",\"mainEntityOfPage\":{\"@id\":\"https:\\\/\\\/www.oracaoefe.com\\\/a-tempestade-nao-veio-para-te-afogar-mas-para-revelar-sua-forca\\\/\"},\"wordCount\":876,\"image\":{\"@id\":\"https:\\\/\\\/www.oracaoefe.com\\\/a-tempestade-nao-veio-para-te-afogar-mas-para-revelar-sua-forca\\\/#primaryimage\"},\"thumbnailUrl\":\"https:\\\/\\\/www.oracaoefe.com\\\/wp-content\\\/uploads\\\/2025\\\/04\\\/tempestade_para_revelar_forca.webp\",\"articleSection\":[\"F\u00e9\"],\"inLanguage\":\"fr-FR\"},{\"@type\":\"WebPage\",\"@id\":\"https:\\\/\\\/www.oracaoefe.com\\\/a-tempestade-nao-veio-para-te-afogar-mas-para-revelar-sua-forca\\\/\",\"url\":\"https:\\\/\\\/www.oracaoefe.com\\\/a-tempestade-nao-veio-para-te-afogar-mas-para-revelar-sua-forca\\\/\",\"name\":\"A tempestade n\u00e3o veio para te afogar, mas para revelar sua for\u00e7a - Ora\u00e7\u00e3o e F\u00e9\",\"isPartOf\":{\"@id\":\"https:\\\/\\\/www.oracaoefe.com\\\/#website\"},\"primaryImageOfPage\":{\"@id\":\"https:\\\/\\\/www.oracaoefe.com\\\/a-tempestade-nao-veio-para-te-afogar-mas-para-revelar-sua-forca\\\/#primaryimage\"},\"image\":{\"@id\":\"https:\\\/\\\/www.oracaoefe.com\\\/a-tempestade-nao-veio-para-te-afogar-mas-para-revelar-sua-forca\\\/#primaryimage\"},\"thumbnailUrl\":\"https:\\\/\\\/www.oracaoefe.com\\\/wp-content\\\/uploads\\\/2025\\\/04\\\/tempestade_para_revelar_forca.webp\",\"datePublished\":\"2025-05-03T09:00:00+00:00\",\"dateModified\":\"2025-12-16T16:11:13+00:00\",\"author\":{\"@id\":\"https:\\\/\\\/www.oracaoefe.com\\\/#\\\/schema\\\/person\\\/17283c669442cf005c4d5bb58adfb7f5\"},\"description\":\"Deus tem pra voc\u00ea uma palavra de vida!\",\"breadcrumb\":{\"@id\":\"https:\\\/\\\/www.oracaoefe.com\\\/a-tempestade-nao-veio-para-te-afogar-mas-para-revelar-sua-forca\\\/#breadcrumb\"},\"inLanguage\":\"fr-FR\",\"potentialAction\":[{\"@type\":\"ReadAction\",\"target\":[\"https:\\\/\\\/www.oracaoefe.com\\\/a-tempestade-nao-veio-para-te-afogar-mas-para-revelar-sua-forca\\\/\"]}]},{\"@type\":\"ImageObject\",\"inLanguage\":\"fr-FR\",\"@id\":\"https:\\\/\\\/www.oracaoefe.com\\\/a-tempestade-nao-veio-para-te-afogar-mas-para-revelar-sua-forca\\\/#primaryimage\",\"url\":\"https:\\\/\\\/www.oracaoefe.com\\\/wp-content\\\/uploads\\\/2025\\\/04\\\/tempestade_para_revelar_forca.webp\",\"contentUrl\":\"https:\\\/\\\/www.oracaoefe.com\\\/wp-content\\\/uploads\\\/2025\\\/04\\\/tempestade_para_revelar_forca.webp\",\"width\":1536,\"height\":1024},{\"@type\":\"BreadcrumbList\",\"@id\":\"https:\\\/\\\/www.oracaoefe.com\\\/a-tempestade-nao-veio-para-te-afogar-mas-para-revelar-sua-forca\\\/#breadcrumb\",\"itemListElement\":[{\"@type\":\"ListItem\",\"position\":1,\"name\":\"Home\",\"item\":\"https:\\\/\\\/www.oracaoefe.com\\\/\"},{\"@type\":\"ListItem\",\"position\":2,\"name\":\"F\u00e9\",\"item\":\"https:\\\/\\\/www.oracaoefe.com\\\/es\\\/categoria\\\/fe\\\/\"},{\"@type\":\"ListItem\",\"position\":3,\"name\":\"A tempestade n\u00e3o veio para te afogar, mas para revelar sua for\u00e7a\"}]},{\"@type\":\"WebSite\",\"@id\":\"https:\\\/\\\/www.oracaoefe.com\\\/#website\",\"url\":\"https:\\\/\\\/www.oracaoefe.com\\\/\",\"name\":\"Ora\u00e7\u00e3o e F\u00e9\",\"description\":\"\",\"potentialAction\":[{\"@type\":\"SearchAction\",\"target\":{\"@type\":\"EntryPoint\",\"urlTemplate\":\"https:\\\/\\\/www.oracaoefe.com\\\/?s={search_term_string}\"},\"query-input\":{\"@type\":\"PropertyValueSpecification\",\"valueRequired\":true,\"valueName\":\"search_term_string\"}}],\"inLanguage\":\"fr-FR\"},{\"@type\":\"Person\",\"@id\":\"https:\\\/\\\/www.oracaoefe.com\\\/#\\\/schema\\\/person\\\/17283c669442cf005c4d5bb58adfb7f5\",\"name\":\"Michele Azevedo\",\"image\":{\"@type\":\"ImageObject\",\"inLanguage\":\"fr-FR\",\"@id\":\"https:\\\/\\\/secure.gravatar.com\\\/avatar\\\/6b0eb9d22841282815e2cd856a0061c45e1761cd54b22e952d98c4746939aa85?s=96&d=mm&r=g\",\"url\":\"https:\\\/\\\/secure.gravatar.com\\\/avatar\\\/6b0eb9d22841282815e2cd856a0061c45e1761cd54b22e952d98c4746939aa85?s=96&d=mm&r=g\",\"contentUrl\":\"https:\\\/\\\/secure.gravatar.com\\\/avatar\\\/6b0eb9d22841282815e2cd856a0061c45e1761cd54b22e952d98c4746939aa85?s=96&d=mm&r=g\",\"caption\":\"Michele Azevedo\"},\"description\":\"Formada em Letras - Portugu\u00eas\\\/ Ingl\u00eas pela Universidade Estadual de Ponta Grossa (UEPG), p\u00f3s-graduada em Arte na Educa\u00e7\u00e3o (FAPI) e Psicopedagogia Escolar (FAPI), idealizadora e propriet\u00e1ria do site Escritora de Sucesso, possui experi\u00eancia em escrita para blogs em geral e atua como redatora e revisora dos conte\u00fados do Ora\u00e7\u00e3o e F\u00e9.\",\"url\":\"https:\\\/\\\/www.oracaoefe.com\\\/fr\\\/author\\\/michele-azevedo\\\/\"}]}<\/script>\n<!-- \/ Yoast SEO plugin. -->","yoast_head_json":{"title":"A tempestade n\u00e3o veio para te afogar, mas para revelar sua for\u00e7a - Ora\u00e7\u00e3o e F\u00e9","description":"Dieu a une parole de vie pour vous !","robots":{"index":"index","follow":"follow","max-snippet":"max-snippet:-1","max-image-preview":"max-image-preview:large","max-video-preview":"max-video-preview:-1"},"canonical":"https:\/\/www.oracaoefe.com\/fr\/a-tempestade-nao-veio-para-te-afogar-mas-para-revelar-sua-forca\/","og_locale":"fr_FR","og_type":"article","og_title":"A tempestade n\u00e3o veio para te afogar, mas para revelar sua for\u00e7a - Ora\u00e7\u00e3o e F\u00e9","og_description":"Deus tem pra voc\u00ea uma palavra de vida!","og_url":"https:\/\/www.oracaoefe.com\/fr\/a-tempestade-nao-veio-para-te-afogar-mas-para-revelar-sua-forca\/","og_site_name":"Ora\u00e7\u00e3o e F\u00e9","article_published_time":"2025-05-03T09:00:00+00:00","article_modified_time":"2025-12-16T16:11:13+00:00","og_image":[{"width":1536,"height":1024,"url":"https:\/\/www.oracaoefe.com\/wp-content\/uploads\/2025\/04\/tempestade_para_revelar_forca.webp","type":"image\/webp"}],"author":"Michele Azevedo","twitter_card":"summary_large_image","twitter_misc":{"\u00c9crit par":"Michele Azevedo","Dur\u00e9e de lecture estim\u00e9e":"4 minutes"},"schema":{"@context":"https:\/\/schema.org","@graph":[{"@type":"Article","@id":"https:\/\/www.oracaoefe.com\/a-tempestade-nao-veio-para-te-afogar-mas-para-revelar-sua-forca\/#article","isPartOf":{"@id":"https:\/\/www.oracaoefe.com\/a-tempestade-nao-veio-para-te-afogar-mas-para-revelar-sua-forca\/"},"author":{"name":"Michele Azevedo","@id":"https:\/\/www.oracaoefe.com\/#\/schema\/person\/17283c669442cf005c4d5bb58adfb7f5"},"headline":"A tempestade n\u00e3o veio para te afogar, mas para revelar sua for\u00e7a","datePublished":"2025-05-03T09:00:00+00:00","dateModified":"2025-12-16T16:11:13+00:00","mainEntityOfPage":{"@id":"https:\/\/www.oracaoefe.com\/a-tempestade-nao-veio-para-te-afogar-mas-para-revelar-sua-forca\/"},"wordCount":876,"image":{"@id":"https:\/\/www.oracaoefe.com\/a-tempestade-nao-veio-para-te-afogar-mas-para-revelar-sua-forca\/#primaryimage"},"thumbnailUrl":"https:\/\/www.oracaoefe.com\/wp-content\/uploads\/2025\/04\/tempestade_para_revelar_forca.webp","articleSection":["F\u00e9"],"inLanguage":"fr-FR"},{"@type":"WebPage","@id":"https:\/\/www.oracaoefe.com\/a-tempestade-nao-veio-para-te-afogar-mas-para-revelar-sua-forca\/","url":"https:\/\/www.oracaoefe.com\/a-tempestade-nao-veio-para-te-afogar-mas-para-revelar-sua-forca\/","name":"A tempestade n\u00e3o veio para te afogar, mas para revelar sua for\u00e7a - Ora\u00e7\u00e3o e F\u00e9","isPartOf":{"@id":"https:\/\/www.oracaoefe.com\/#website"},"primaryImageOfPage":{"@id":"https:\/\/www.oracaoefe.com\/a-tempestade-nao-veio-para-te-afogar-mas-para-revelar-sua-forca\/#primaryimage"},"image":{"@id":"https:\/\/www.oracaoefe.com\/a-tempestade-nao-veio-para-te-afogar-mas-para-revelar-sua-forca\/#primaryimage"},"thumbnailUrl":"https:\/\/www.oracaoefe.com\/wp-content\/uploads\/2025\/04\/tempestade_para_revelar_forca.webp","datePublished":"2025-05-03T09:00:00+00:00","dateModified":"2025-12-16T16:11:13+00:00","author":{"@id":"https:\/\/www.oracaoefe.com\/#\/schema\/person\/17283c669442cf005c4d5bb58adfb7f5"},"description":"Dieu a une parole de vie pour vous !","breadcrumb":{"@id":"https:\/\/www.oracaoefe.com\/a-tempestade-nao-veio-para-te-afogar-mas-para-revelar-sua-forca\/#breadcrumb"},"inLanguage":"fr-FR","potentialAction":[{"@type":"ReadAction","target":["https:\/\/www.oracaoefe.com\/a-tempestade-nao-veio-para-te-afogar-mas-para-revelar-sua-forca\/"]}]},{"@type":"ImageObject","inLanguage":"fr-FR","@id":"https:\/\/www.oracaoefe.com\/a-tempestade-nao-veio-para-te-afogar-mas-para-revelar-sua-forca\/#primaryimage","url":"https:\/\/www.oracaoefe.com\/wp-content\/uploads\/2025\/04\/tempestade_para_revelar_forca.webp","contentUrl":"https:\/\/www.oracaoefe.com\/wp-content\/uploads\/2025\/04\/tempestade_para_revelar_forca.webp","width":1536,"height":1024},{"@type":"BreadcrumbList","@id":"https:\/\/www.oracaoefe.com\/a-tempestade-nao-veio-para-te-afogar-mas-para-revelar-sua-forca\/#breadcrumb","itemListElement":[{"@type":"ListItem","position":1,"name":"Home","item":"https:\/\/www.oracaoefe.com\/"},{"@type":"ListItem","position":2,"name":"F\u00e9","item":"https:\/\/www.oracaoefe.com\/es\/categoria\/fe\/"},{"@type":"ListItem","position":3,"name":"A tempestade n\u00e3o veio para te afogar, mas para revelar sua for\u00e7a"}]},{"@type":"WebSite","@id":"https:\/\/www.oracaoefe.com\/#website","url":"https:\/\/www.oracaoefe.com\/","name":"Pri\u00e8re et foi","description":"","potentialAction":[{"@type":"SearchAction","target":{"@type":"EntryPoint","urlTemplate":"https:\/\/www.oracaoefe.com\/?s={search_term_string}"},"query-input":{"@type":"PropertyValueSpecification","valueRequired":true,"valueName":"search_term_string"}}],"inLanguage":"fr-FR"},{"@type":"Person","@id":"https:\/\/www.oracaoefe.com\/#\/schema\/person\/17283c669442cf005c4d5bb58adfb7f5","name":"Michele Azevedo","image":{"@type":"ImageObject","inLanguage":"fr-FR","@id":"https:\/\/secure.gravatar.com\/avatar\/6b0eb9d22841282815e2cd856a0061c45e1761cd54b22e952d98c4746939aa85?s=96&d=mm&r=g","url":"https:\/\/secure.gravatar.com\/avatar\/6b0eb9d22841282815e2cd856a0061c45e1761cd54b22e952d98c4746939aa85?s=96&d=mm&r=g","contentUrl":"https:\/\/secure.gravatar.com\/avatar\/6b0eb9d22841282815e2cd856a0061c45e1761cd54b22e952d98c4746939aa85?s=96&d=mm&r=g","caption":"Michele Azevedo"},"description":"Dipl\u00f4m\u00e9e en litt\u00e9rature portugaise\/anglaise de l&#039;Universit\u00e9 d&#039;\u00c9tat de Ponta Grossa (UEPG), avec des dipl\u00f4mes de troisi\u00e8me cycle en art dans l&#039;\u00e9ducation (FAPI) et en psychop\u00e9dagogie scolaire (FAPI), elle est la cr\u00e9atrice et propri\u00e9taire du site web Escritora de Sucesso, a de l&#039;exp\u00e9rience dans l&#039;\u00e9criture pour les blogs en g\u00e9n\u00e9ral et travaille comme r\u00e9dactrice et \u00e9ditrice du contenu pour Ora\u00e7\u00e3o e F\u00e9.","url":"https:\/\/www.oracaoefe.com\/fr\/author\/michele-azevedo\/"}]}},"_links":{"self":[{"href":"https:\/\/www.oracaoefe.com\/fr\/wp-json\/wp\/v2\/posts\/3536","targetHints":{"allow":["GET"]}}],"collection":[{"href":"https:\/\/www.oracaoefe.com\/fr\/wp-json\/wp\/v2\/posts"}],"about":[{"href":"https:\/\/www.oracaoefe.com\/fr\/wp-json\/wp\/v2\/types\/post"}],"author":[{"embeddable":true,"href":"https:\/\/www.oracaoefe.com\/fr\/wp-json\/wp\/v2\/users\/3"}],"replies":[{"embeddable":true,"href":"https:\/\/www.oracaoefe.com\/fr\/wp-json\/wp\/v2\/comments?post=3536"}],"version-history":[{"count":2,"href":"https:\/\/www.oracaoefe.com\/fr\/wp-json\/wp\/v2\/posts\/3536\/revisions"}],"predecessor-version":[{"id":3554,"href":"https:\/\/www.oracaoefe.com\/fr\/wp-json\/wp\/v2\/posts\/3536\/revisions\/3554"}],"wp:featuredmedia":[{"embeddable":true,"href":"https:\/\/www.oracaoefe.com\/fr\/wp-json\/wp\/v2\/media\/3549"}],"wp:attachment":[{"href":"https:\/\/www.oracaoefe.com\/fr\/wp-json\/wp\/v2\/media?parent=3536"}],"wp:term":[{"taxonomy":"category","embeddable":true,"href":"https:\/\/www.oracaoefe.com\/fr\/wp-json\/wp\/v2\/categories?post=3536"},{"taxonomy":"post_tag","embeddable":true,"href":"https:\/\/www.oracaoefe.com\/fr\/wp-json\/wp\/v2\/tags?post=3536"}],"curies":[{"name":"wp","href":"https:\/\/api.w.org\/{rel}","templated":true}]}}