{"id":3534,"date":"2025-04-30T06:00:00","date_gmt":"2025-04-30T09:00:00","guid":{"rendered":"https:\/\/www.oracaoefe.com\/?p=3534"},"modified":"2025-12-16T13:11:13","modified_gmt":"2025-12-16T16:11:13","slug":"essa-oracao-curta-pode-mudar-seu-dia-experimente-hoje","status":"publish","type":"post","link":"https:\/\/www.oracaoefe.com\/fr\/essa-oracao-curta-pode-mudar-seu-dia-experimente-hoje\/","title":{"rendered":"Essa ora\u00e7\u00e3o curta pode mudar seu dia: experimente hoje"},"content":{"rendered":"<p class=\"wp-block-paragraph\">Tem dias em que tudo parece pesado. A mente acelerada, o cora\u00e7\u00e3o inquieto, as not\u00edcias ruins, as preocupa\u00e7\u00f5es que n\u00e3o d\u00e3o tr\u00e9gua. A vontade \u00e9 de parar o mundo e respirar. E, \u00e0s vezes, <strong>tudo o que a gente precisa \u00e9 de um instante de sil\u00eancio e conex\u00e3o.<\/strong> Um momento para se voltar para dentro. Para o alto. Para algo maior.<\/p>\n\n\n\n<p class=\"wp-block-paragraph\">\u00c9 a\u00ed que entra <strong>a for\u00e7a de uma ora\u00e7\u00e3o curta.<\/strong><br>Simples, direta, sem formalidades \u2014 mas cheia de verdade.<br>Aquela frase que, mesmo pequena, <strong>alinha a alma com a esperan\u00e7a.<\/strong><br>E pode mudar completamente o tom do seu dia.<\/p>\n\n\n\n<p class=\"wp-block-paragraph\">Hoje voc\u00ea vai conhecer uma dessas ora\u00e7\u00f5es. E se quiser, pode come\u00e7ar agora mesmo.<\/p>\n\n\n\n<figure class=\"wp-block-image size-large\"><img loading=\"lazy\" decoding=\"async\" width=\"1024\" height=\"683\" src=\"https:\/\/www.oracaoefe.com\/wp-content\/uploads\/2025\/04\/oracao-1024x683.webp\" alt=\"\" class=\"wp-image-3548\" srcset=\"https:\/\/www.oracaoefe.com\/wp-content\/uploads\/2025\/04\/oracao-1024x683.webp 1024w, https:\/\/www.oracaoefe.com\/wp-content\/uploads\/2025\/04\/oracao-300x200.webp 300w, https:\/\/www.oracaoefe.com\/wp-content\/uploads\/2025\/04\/oracao-768x512.webp 768w, https:\/\/www.oracaoefe.com\/wp-content\/uploads\/2025\/04\/oracao-18x12.webp 18w, https:\/\/www.oracaoefe.com\/wp-content\/uploads\/2025\/04\/oracao.webp 1536w\" sizes=\"auto, (max-width: 1024px) 100vw, 1024px\" \/><\/figure>\n\n\n\n<h2 class=\"wp-block-heading\">Por que ora\u00e7\u00f5es curtas funcionam?<\/h2>\n\n\n\n<p class=\"wp-block-paragraph\">Porque n\u00e3o dependem de tempo, lugar ou ritual elaborado.<br>Elas cabem em qualquer pausa:<br>Na fila do banco, no \u00f4nibus, antes de uma reuni\u00e3o, ao acordar, antes de dormir.<\/p>\n\n\n\n<p class=\"wp-block-paragraph\">E mais do que isso: ora\u00e7\u00f5es curtas <strong>acalmam a mente sem precisar de explica\u00e7\u00f5es.<\/strong><br>S\u00e3o como uma \u00e2ncora espiritual.<br>Um lembrete de que, mesmo no caos, voc\u00ea pode encontrar paz.<\/p>\n\n\n\n<h2 class=\"wp-block-heading\">A ora\u00e7\u00e3o que pode mudar seu dia<\/h2>\n\n\n\n<p class=\"wp-block-paragraph\">Repita, com calma e sentindo cada palavra:<\/p>\n\n\n\n<p class=\"wp-block-paragraph\"><strong>\u201cSenhor, cuida de mim hoje. Toma conta do que eu n\u00e3o consigo controlar. Acalma o que me agita. D\u00e1 paz ao que me d\u00f3i. Am\u00e9m.\u201d<\/strong><\/p>\n\n\n\n<p class=\"wp-block-paragraph\">\u00c9 s\u00f3 isso.<br>Mas por tr\u00e1s dessas poucas palavras, existe <strong>um movimento profundo de entrega.<\/strong><\/p>\n\n\n\n<p class=\"wp-block-paragraph\">Quando voc\u00ea diz <em>\u201cSenhor, cuida de mim hoje\u201d<\/em>, voc\u00ea reconhece que n\u00e3o precisa carregar tudo sozinho.<\/p>\n\n\n\n<p class=\"wp-block-paragraph\">Quando diz <em>\u201ctoma conta do que eu n\u00e3o consigo controlar\u201d<\/em>, voc\u00ea solta o peso de tentar prever, resolver, dominar o que est\u00e1 al\u00e9m das suas for\u00e7as.<\/p>\n\n\n\n<p class=\"wp-block-paragraph\">E quando termina com <em>\u201cam\u00e9m\u201d<\/em>, voc\u00ea sela esse instante com f\u00e9.<\/p>\n\n\n\n<h2 class=\"wp-block-heading\">O que muda quando voc\u00ea ora assim?<\/h2>\n\n\n\n<p class=\"wp-block-paragraph\">Voc\u00ea muda.<br>O mundo ao redor pode continuar o mesmo por um tempo.<br>Mas por dentro, <strong>algo se reposiciona.<\/strong><\/p>\n\n\n\n<ul class=\"wp-block-list\">\n<li>A ansiedade desacelera<\/li>\n\n\n\n<li>A mente fica menos barulhenta<\/li>\n\n\n\n<li>O cora\u00e7\u00e3o encontra espa\u00e7o para respirar<\/li>\n\n\n\n<li>A esperan\u00e7a se reorganiza<\/li>\n\n\n\n<li>A presen\u00e7a de Deus se faz sentir<\/li>\n<\/ul>\n\n\n\n<p class=\"wp-block-paragraph\">E, aos poucos, o que parecia imposs\u00edvel come\u00e7a a parecer suport\u00e1vel.<br>O que parecia confuso come\u00e7a a clarear.<br>O que do\u00eda tanto come\u00e7a a acalmar.<\/p>\n\n\n\n<h2 class=\"wp-block-heading\">Ora\u00e7\u00e3o curta n\u00e3o \u00e9 ora\u00e7\u00e3o fraca<\/h2>\n\n\n\n<p class=\"wp-block-paragraph\">Muita gente acha que precisa de palavras bonitas ou longas preces para ser ouvido por Deus. Mas <strong>Deus escuta o cora\u00e7\u00e3o, n\u00e3o a extens\u00e3o da frase.<\/strong><\/p>\n\n\n\n<p class=\"wp-block-paragraph\">Jesus mesmo ensinou que n\u00e3o \u00e9 pela quantidade de palavras que uma ora\u00e7\u00e3o \u00e9 ouvida, mas <strong>pela sinceridade com que ela \u00e9 feita.<\/strong><\/p>\n\n\n\n<p class=\"wp-block-paragraph\">E algumas das ora\u00e7\u00f5es mais poderosas que existem s\u00e3o <strong>quase sussurros.<\/strong><\/p>\n\n\n\n<ul class=\"wp-block-list\">\n<li>\u201cSenhor, tem miseric\u00f3rdia.\u201d<\/li>\n\n\n\n<li>\u201cMe d\u00e1 for\u00e7a.\u201d<\/li>\n\n\n\n<li>\u201cMe guia, por favor.\u201d<\/li>\n\n\n\n<li>\u201cEu confio.\u201d<\/li>\n\n\n\n<li>\u201cFala comigo, Deus.\u201d<\/li>\n<\/ul>\n\n\n\n<p class=\"wp-block-paragraph\">S\u00e3o frases pequenas que cabem at\u00e9 num pensamento r\u00e1pido. Mas que <strong>abrem uma conversa com o c\u00e9u.<\/strong><\/p>\n\n\n\n<h2 class=\"wp-block-heading\">Quando usar essa ora\u00e7\u00e3o curta?<\/h2>\n\n\n\n<p class=\"wp-block-paragraph\">Quando sentir que o dia est\u00e1 pesado.<br>Quando n\u00e3o souber o que dizer.<br>Quando a mente estiver confusa.<br>Quando quiser apenas se sentir acolhido.<br>Quando precisar lembrar que voc\u00ea n\u00e3o est\u00e1 sozinho.<\/p>\n\n\n\n<p class=\"wp-block-paragraph\">Ela pode ser o <strong>come\u00e7o de uma nova forma de se relacionar com Deus:<\/strong> \u00edntima, espont\u00e2nea, verdadeira.<\/p>\n\n\n\n<p class=\"wp-block-paragraph\">N\u00e3o precisa ajoelhar, acender vela, ir a um templo (a n\u00e3o ser que deseje).<br><strong>Basta fechar os olhos por um instante.<\/strong><br>Ou nem isso. Basta dizer com o cora\u00e7\u00e3o presente.<\/p>\n\n\n\n<h2 class=\"wp-block-heading\">Adapte para o seu jeito de falar<\/h2>\n\n\n\n<p class=\"wp-block-paragraph\">Voc\u00ea pode usar a ora\u00e7\u00e3o do jeito que est\u00e1 ou adapt\u00e1-la com suas pr\u00f3prias palavras.<\/p>\n\n\n\n<p class=\"wp-block-paragraph\">Por exemplo:<\/p>\n\n\n\n<ul class=\"wp-block-list\">\n<li>\u201cDeus, cuida de mim hoje. Acalma meu cora\u00e7\u00e3o e me ajuda com o que eu n\u00e3o posso resolver.\u201d<\/li>\n\n\n\n<li>\u201cSenhor, me d\u00e1 leveza nesse dia. Fica comigo.\u201d<\/li>\n\n\n\n<li>\u201cN\u00e3o sei o que fazer, mas entrego tudo nas tuas m\u00e3os. Am\u00e9m.\u201d<\/li>\n<\/ul>\n\n\n\n<p class=\"wp-block-paragraph\">A ora\u00e7\u00e3o n\u00e3o precisa ser perfeita.<br>Precisa ser <strong>honesta.<\/strong><\/p>\n\n\n\n<p class=\"wp-block-paragraph\"><strong>Voir aussi\u00a0: <a href=\"https:\/\/www.oracaoefe.com\/fr\/oracao-para-acalmar-o-coracao-angustiado-e-trazer-paz\/\">Ora\u00e7\u00e3o para acalmar o cora\u00e7\u00e3o angustiado e trazer paz<\/a><\/strong><\/p>\n\n\n\n<p class=\"wp-block-paragraph\">30 de abril de 2025<\/p>","protected":false},"excerpt":{"rendered":"<p>Tem dias em que tudo parece pesado. A mente acelerada, o cora\u00e7\u00e3o inquieto, as not\u00edcias ruins, as preocupa\u00e7\u00f5es que n\u00e3o d\u00e3o tr\u00e9gua. A vontade \u00e9 de parar o mundo e respirar. E, \u00e0s vezes, tudo o que a gente precisa \u00e9 de um instante de sil\u00eancio e conex\u00e3o. Um momento para se voltar para dentro.&hellip;&nbsp;<\/p>","protected":false},"author":3,"featured_media":3548,"comment_status":"closed","ping_status":"closed","sticky":false,"template":"","format":"standard","meta":{"neve_meta_sidebar":"","neve_meta_container":"","neve_meta_enable_content_width":"","neve_meta_content_width":0,"neve_meta_title_alignment":"","neve_meta_author_avatar":"","neve_post_elements_order":"","neve_meta_disable_header":"","neve_meta_disable_footer":"","neve_meta_disable_title":"","footnotes":""},"categories":[2],"tags":[],"class_list":["post-3534","post","type-post","status-publish","format-standard","has-post-thumbnail","hentry","category-oracao"],"yoast_head":"<!-- This site is optimized with the Yoast SEO plugin v28.4 - https:\/\/yoast.com\/product\/yoast-seo-wordpress\/ -->\n<title>Essa ora\u00e7\u00e3o curta pode mudar seu dia: experimente hoje - Ora\u00e7\u00e3o e F\u00e9<\/title>\n<meta name=\"description\" content=\"Deus tem pra voc\u00ea uma palavra de vida!\" \/>\n<meta name=\"robots\" content=\"index, follow, max-snippet:-1, max-image-preview:large, max-video-preview:-1\" \/>\n<link rel=\"canonical\" href=\"https:\/\/www.oracaoefe.com\/fr\/essa-oracao-curta-pode-mudar-seu-dia-experimente-hoje\/\" \/>\n<meta property=\"og:locale\" content=\"fr_FR\" \/>\n<meta property=\"og:type\" content=\"article\" \/>\n<meta property=\"og:title\" content=\"Essa ora\u00e7\u00e3o curta pode mudar seu dia: experimente hoje - Ora\u00e7\u00e3o e F\u00e9\" \/>\n<meta property=\"og:description\" content=\"Deus tem pra voc\u00ea uma palavra de vida!\" \/>\n<meta property=\"og:url\" content=\"https:\/\/www.oracaoefe.com\/fr\/essa-oracao-curta-pode-mudar-seu-dia-experimente-hoje\/\" \/>\n<meta property=\"og:site_name\" content=\"Ora\u00e7\u00e3o e F\u00e9\" \/>\n<meta property=\"article:published_time\" content=\"2025-04-30T09:00:00+00:00\" \/>\n<meta property=\"article:modified_time\" content=\"2025-12-16T16:11:13+00:00\" \/>\n<meta property=\"og:image\" content=\"https:\/\/www.oracaoefe.com\/wp-content\/uploads\/2025\/04\/oracao.webp\" \/>\n\t<meta property=\"og:image:width\" content=\"1536\" \/>\n\t<meta property=\"og:image:height\" content=\"1024\" \/>\n\t<meta property=\"og:image:type\" content=\"image\/webp\" \/>\n<meta name=\"author\" content=\"Michele Azevedo\" \/>\n<meta name=\"twitter:card\" content=\"summary_large_image\" \/>\n<meta name=\"twitter:label1\" content=\"\u00c9crit par\" \/>\n\t<meta name=\"twitter:data1\" content=\"Michele Azevedo\" \/>\n\t<meta name=\"twitter:label2\" content=\"Dur\u00e9e de lecture estim\u00e9e\" \/>\n\t<meta name=\"twitter:data2\" content=\"3 minutes\" \/>\n<script type=\"application\/ld+json\" class=\"yoast-schema-graph\">{\"@context\":\"https:\\\/\\\/schema.org\",\"@graph\":[{\"@type\":\"Article\",\"@id\":\"https:\\\/\\\/www.oracaoefe.com\\\/essa-oracao-curta-pode-mudar-seu-dia-experimente-hoje\\\/#article\",\"isPartOf\":{\"@id\":\"https:\\\/\\\/www.oracaoefe.com\\\/essa-oracao-curta-pode-mudar-seu-dia-experimente-hoje\\\/\"},\"author\":{\"name\":\"Michele Azevedo\",\"@id\":\"https:\\\/\\\/www.oracaoefe.com\\\/#\\\/schema\\\/person\\\/17283c669442cf005c4d5bb58adfb7f5\"},\"headline\":\"Essa ora\u00e7\u00e3o curta pode mudar seu dia: experimente hoje\",\"datePublished\":\"2025-04-30T09:00:00+00:00\",\"dateModified\":\"2025-12-16T16:11:13+00:00\",\"mainEntityOfPage\":{\"@id\":\"https:\\\/\\\/www.oracaoefe.com\\\/essa-oracao-curta-pode-mudar-seu-dia-experimente-hoje\\\/\"},\"wordCount\":704,\"image\":{\"@id\":\"https:\\\/\\\/www.oracaoefe.com\\\/essa-oracao-curta-pode-mudar-seu-dia-experimente-hoje\\\/#primaryimage\"},\"thumbnailUrl\":\"https:\\\/\\\/www.oracaoefe.com\\\/wp-content\\\/uploads\\\/2025\\\/04\\\/oracao.webp\",\"articleSection\":[\"Ora\u00e7\u00e3o\"],\"inLanguage\":\"fr-FR\"},{\"@type\":\"WebPage\",\"@id\":\"https:\\\/\\\/www.oracaoefe.com\\\/essa-oracao-curta-pode-mudar-seu-dia-experimente-hoje\\\/\",\"url\":\"https:\\\/\\\/www.oracaoefe.com\\\/essa-oracao-curta-pode-mudar-seu-dia-experimente-hoje\\\/\",\"name\":\"Essa ora\u00e7\u00e3o curta pode mudar seu dia: experimente hoje - Ora\u00e7\u00e3o e F\u00e9\",\"isPartOf\":{\"@id\":\"https:\\\/\\\/www.oracaoefe.com\\\/#website\"},\"primaryImageOfPage\":{\"@id\":\"https:\\\/\\\/www.oracaoefe.com\\\/essa-oracao-curta-pode-mudar-seu-dia-experimente-hoje\\\/#primaryimage\"},\"image\":{\"@id\":\"https:\\\/\\\/www.oracaoefe.com\\\/essa-oracao-curta-pode-mudar-seu-dia-experimente-hoje\\\/#primaryimage\"},\"thumbnailUrl\":\"https:\\\/\\\/www.oracaoefe.com\\\/wp-content\\\/uploads\\\/2025\\\/04\\\/oracao.webp\",\"datePublished\":\"2025-04-30T09:00:00+00:00\",\"dateModified\":\"2025-12-16T16:11:13+00:00\",\"author\":{\"@id\":\"https:\\\/\\\/www.oracaoefe.com\\\/#\\\/schema\\\/person\\\/17283c669442cf005c4d5bb58adfb7f5\"},\"description\":\"Deus tem pra voc\u00ea uma palavra de vida!\",\"breadcrumb\":{\"@id\":\"https:\\\/\\\/www.oracaoefe.com\\\/essa-oracao-curta-pode-mudar-seu-dia-experimente-hoje\\\/#breadcrumb\"},\"inLanguage\":\"fr-FR\",\"potentialAction\":[{\"@type\":\"ReadAction\",\"target\":[\"https:\\\/\\\/www.oracaoefe.com\\\/essa-oracao-curta-pode-mudar-seu-dia-experimente-hoje\\\/\"]}]},{\"@type\":\"ImageObject\",\"inLanguage\":\"fr-FR\",\"@id\":\"https:\\\/\\\/www.oracaoefe.com\\\/essa-oracao-curta-pode-mudar-seu-dia-experimente-hoje\\\/#primaryimage\",\"url\":\"https:\\\/\\\/www.oracaoefe.com\\\/wp-content\\\/uploads\\\/2025\\\/04\\\/oracao.webp\",\"contentUrl\":\"https:\\\/\\\/www.oracaoefe.com\\\/wp-content\\\/uploads\\\/2025\\\/04\\\/oracao.webp\",\"width\":1536,\"height\":1024},{\"@type\":\"BreadcrumbList\",\"@id\":\"https:\\\/\\\/www.oracaoefe.com\\\/essa-oracao-curta-pode-mudar-seu-dia-experimente-hoje\\\/#breadcrumb\",\"itemListElement\":[{\"@type\":\"ListItem\",\"position\":1,\"name\":\"Home\",\"item\":\"https:\\\/\\\/www.oracaoefe.com\\\/\"},{\"@type\":\"ListItem\",\"position\":2,\"name\":\"Ora\u00e7\u00e3o\",\"item\":\"https:\\\/\\\/www.oracaoefe.com\\\/category\\\/oracao\\\/\"},{\"@type\":\"ListItem\",\"position\":3,\"name\":\"Essa ora\u00e7\u00e3o curta pode mudar seu dia: experimente hoje\"}]},{\"@type\":\"WebSite\",\"@id\":\"https:\\\/\\\/www.oracaoefe.com\\\/#website\",\"url\":\"https:\\\/\\\/www.oracaoefe.com\\\/\",\"name\":\"Ora\u00e7\u00e3o e F\u00e9\",\"description\":\"\",\"potentialAction\":[{\"@type\":\"SearchAction\",\"target\":{\"@type\":\"EntryPoint\",\"urlTemplate\":\"https:\\\/\\\/www.oracaoefe.com\\\/?s={search_term_string}\"},\"query-input\":{\"@type\":\"PropertyValueSpecification\",\"valueRequired\":true,\"valueName\":\"search_term_string\"}}],\"inLanguage\":\"fr-FR\"},{\"@type\":\"Person\",\"@id\":\"https:\\\/\\\/www.oracaoefe.com\\\/#\\\/schema\\\/person\\\/17283c669442cf005c4d5bb58adfb7f5\",\"name\":\"Michele Azevedo\",\"image\":{\"@type\":\"ImageObject\",\"inLanguage\":\"fr-FR\",\"@id\":\"https:\\\/\\\/secure.gravatar.com\\\/avatar\\\/6b0eb9d22841282815e2cd856a0061c45e1761cd54b22e952d98c4746939aa85?s=96&d=mm&r=g\",\"url\":\"https:\\\/\\\/secure.gravatar.com\\\/avatar\\\/6b0eb9d22841282815e2cd856a0061c45e1761cd54b22e952d98c4746939aa85?s=96&d=mm&r=g\",\"contentUrl\":\"https:\\\/\\\/secure.gravatar.com\\\/avatar\\\/6b0eb9d22841282815e2cd856a0061c45e1761cd54b22e952d98c4746939aa85?s=96&d=mm&r=g\",\"caption\":\"Michele Azevedo\"},\"description\":\"Formada em Letras - Portugu\u00eas\\\/ Ingl\u00eas pela Universidade Estadual de Ponta Grossa (UEPG), p\u00f3s-graduada em Arte na Educa\u00e7\u00e3o (FAPI) e Psicopedagogia Escolar (FAPI), idealizadora e propriet\u00e1ria do site Escritora de Sucesso, possui experi\u00eancia em escrita para blogs em geral e atua como redatora e revisora dos conte\u00fados do Ora\u00e7\u00e3o e F\u00e9.\",\"url\":\"https:\\\/\\\/www.oracaoefe.com\\\/fr\\\/author\\\/michele-azevedo\\\/\"}]}<\/script>\n<!-- \/ Yoast SEO plugin. -->","yoast_head_json":{"title":"Essa ora\u00e7\u00e3o curta pode mudar seu dia: experimente hoje - Ora\u00e7\u00e3o e F\u00e9","description":"Dieu a une parole de vie pour vous !","robots":{"index":"index","follow":"follow","max-snippet":"max-snippet:-1","max-image-preview":"max-image-preview:large","max-video-preview":"max-video-preview:-1"},"canonical":"https:\/\/www.oracaoefe.com\/fr\/essa-oracao-curta-pode-mudar-seu-dia-experimente-hoje\/","og_locale":"fr_FR","og_type":"article","og_title":"Essa ora\u00e7\u00e3o curta pode mudar seu dia: experimente hoje - Ora\u00e7\u00e3o e F\u00e9","og_description":"Deus tem pra voc\u00ea uma palavra de vida!","og_url":"https:\/\/www.oracaoefe.com\/fr\/essa-oracao-curta-pode-mudar-seu-dia-experimente-hoje\/","og_site_name":"Ora\u00e7\u00e3o e F\u00e9","article_published_time":"2025-04-30T09:00:00+00:00","article_modified_time":"2025-12-16T16:11:13+00:00","og_image":[{"width":1536,"height":1024,"url":"https:\/\/www.oracaoefe.com\/wp-content\/uploads\/2025\/04\/oracao.webp","type":"image\/webp"}],"author":"Michele Azevedo","twitter_card":"summary_large_image","twitter_misc":{"\u00c9crit par":"Michele Azevedo","Dur\u00e9e de lecture estim\u00e9e":"3 minutes"},"schema":{"@context":"https:\/\/schema.org","@graph":[{"@type":"Article","@id":"https:\/\/www.oracaoefe.com\/essa-oracao-curta-pode-mudar-seu-dia-experimente-hoje\/#article","isPartOf":{"@id":"https:\/\/www.oracaoefe.com\/essa-oracao-curta-pode-mudar-seu-dia-experimente-hoje\/"},"author":{"name":"Michele Azevedo","@id":"https:\/\/www.oracaoefe.com\/#\/schema\/person\/17283c669442cf005c4d5bb58adfb7f5"},"headline":"Essa ora\u00e7\u00e3o curta pode mudar seu dia: experimente hoje","datePublished":"2025-04-30T09:00:00+00:00","dateModified":"2025-12-16T16:11:13+00:00","mainEntityOfPage":{"@id":"https:\/\/www.oracaoefe.com\/essa-oracao-curta-pode-mudar-seu-dia-experimente-hoje\/"},"wordCount":704,"image":{"@id":"https:\/\/www.oracaoefe.com\/essa-oracao-curta-pode-mudar-seu-dia-experimente-hoje\/#primaryimage"},"thumbnailUrl":"https:\/\/www.oracaoefe.com\/wp-content\/uploads\/2025\/04\/oracao.webp","articleSection":["Ora\u00e7\u00e3o"],"inLanguage":"fr-FR"},{"@type":"WebPage","@id":"https:\/\/www.oracaoefe.com\/essa-oracao-curta-pode-mudar-seu-dia-experimente-hoje\/","url":"https:\/\/www.oracaoefe.com\/essa-oracao-curta-pode-mudar-seu-dia-experimente-hoje\/","name":"Essa ora\u00e7\u00e3o curta pode mudar seu dia: experimente hoje - Ora\u00e7\u00e3o e F\u00e9","isPartOf":{"@id":"https:\/\/www.oracaoefe.com\/#website"},"primaryImageOfPage":{"@id":"https:\/\/www.oracaoefe.com\/essa-oracao-curta-pode-mudar-seu-dia-experimente-hoje\/#primaryimage"},"image":{"@id":"https:\/\/www.oracaoefe.com\/essa-oracao-curta-pode-mudar-seu-dia-experimente-hoje\/#primaryimage"},"thumbnailUrl":"https:\/\/www.oracaoefe.com\/wp-content\/uploads\/2025\/04\/oracao.webp","datePublished":"2025-04-30T09:00:00+00:00","dateModified":"2025-12-16T16:11:13+00:00","author":{"@id":"https:\/\/www.oracaoefe.com\/#\/schema\/person\/17283c669442cf005c4d5bb58adfb7f5"},"description":"Dieu a une parole de vie pour vous !","breadcrumb":{"@id":"https:\/\/www.oracaoefe.com\/essa-oracao-curta-pode-mudar-seu-dia-experimente-hoje\/#breadcrumb"},"inLanguage":"fr-FR","potentialAction":[{"@type":"ReadAction","target":["https:\/\/www.oracaoefe.com\/essa-oracao-curta-pode-mudar-seu-dia-experimente-hoje\/"]}]},{"@type":"ImageObject","inLanguage":"fr-FR","@id":"https:\/\/www.oracaoefe.com\/essa-oracao-curta-pode-mudar-seu-dia-experimente-hoje\/#primaryimage","url":"https:\/\/www.oracaoefe.com\/wp-content\/uploads\/2025\/04\/oracao.webp","contentUrl":"https:\/\/www.oracaoefe.com\/wp-content\/uploads\/2025\/04\/oracao.webp","width":1536,"height":1024},{"@type":"BreadcrumbList","@id":"https:\/\/www.oracaoefe.com\/essa-oracao-curta-pode-mudar-seu-dia-experimente-hoje\/#breadcrumb","itemListElement":[{"@type":"ListItem","position":1,"name":"Home","item":"https:\/\/www.oracaoefe.com\/"},{"@type":"ListItem","position":2,"name":"Ora\u00e7\u00e3o","item":"https:\/\/www.oracaoefe.com\/category\/oracao\/"},{"@type":"ListItem","position":3,"name":"Essa ora\u00e7\u00e3o curta pode mudar seu dia: experimente hoje"}]},{"@type":"WebSite","@id":"https:\/\/www.oracaoefe.com\/#website","url":"https:\/\/www.oracaoefe.com\/","name":"Pri\u00e8re et foi","description":"","potentialAction":[{"@type":"SearchAction","target":{"@type":"EntryPoint","urlTemplate":"https:\/\/www.oracaoefe.com\/?s={search_term_string}"},"query-input":{"@type":"PropertyValueSpecification","valueRequired":true,"valueName":"search_term_string"}}],"inLanguage":"fr-FR"},{"@type":"Person","@id":"https:\/\/www.oracaoefe.com\/#\/schema\/person\/17283c669442cf005c4d5bb58adfb7f5","name":"Michele Azevedo","image":{"@type":"ImageObject","inLanguage":"fr-FR","@id":"https:\/\/secure.gravatar.com\/avatar\/6b0eb9d22841282815e2cd856a0061c45e1761cd54b22e952d98c4746939aa85?s=96&d=mm&r=g","url":"https:\/\/secure.gravatar.com\/avatar\/6b0eb9d22841282815e2cd856a0061c45e1761cd54b22e952d98c4746939aa85?s=96&d=mm&r=g","contentUrl":"https:\/\/secure.gravatar.com\/avatar\/6b0eb9d22841282815e2cd856a0061c45e1761cd54b22e952d98c4746939aa85?s=96&d=mm&r=g","caption":"Michele Azevedo"},"description":"Dipl\u00f4m\u00e9e en litt\u00e9rature portugaise\/anglaise de l&#039;Universit\u00e9 d&#039;\u00c9tat de Ponta Grossa (UEPG), avec des dipl\u00f4mes de troisi\u00e8me cycle en art dans l&#039;\u00e9ducation (FAPI) et en psychop\u00e9dagogie scolaire (FAPI), elle est la cr\u00e9atrice et propri\u00e9taire du site web Escritora de Sucesso, a de l&#039;exp\u00e9rience dans l&#039;\u00e9criture pour les blogs en g\u00e9n\u00e9ral et travaille comme r\u00e9dactrice et \u00e9ditrice du contenu pour Ora\u00e7\u00e3o e F\u00e9.","url":"https:\/\/www.oracaoefe.com\/fr\/author\/michele-azevedo\/"}]}},"_links":{"self":[{"href":"https:\/\/www.oracaoefe.com\/fr\/wp-json\/wp\/v2\/posts\/3534","targetHints":{"allow":["GET"]}}],"collection":[{"href":"https:\/\/www.oracaoefe.com\/fr\/wp-json\/wp\/v2\/posts"}],"about":[{"href":"https:\/\/www.oracaoefe.com\/fr\/wp-json\/wp\/v2\/types\/post"}],"author":[{"embeddable":true,"href":"https:\/\/www.oracaoefe.com\/fr\/wp-json\/wp\/v2\/users\/3"}],"replies":[{"embeddable":true,"href":"https:\/\/www.oracaoefe.com\/fr\/wp-json\/wp\/v2\/comments?post=3534"}],"version-history":[{"count":2,"href":"https:\/\/www.oracaoefe.com\/fr\/wp-json\/wp\/v2\/posts\/3534\/revisions"}],"predecessor-version":[{"id":3553,"href":"https:\/\/www.oracaoefe.com\/fr\/wp-json\/wp\/v2\/posts\/3534\/revisions\/3553"}],"wp:featuredmedia":[{"embeddable":true,"href":"https:\/\/www.oracaoefe.com\/fr\/wp-json\/wp\/v2\/media\/3548"}],"wp:attachment":[{"href":"https:\/\/www.oracaoefe.com\/fr\/wp-json\/wp\/v2\/media?parent=3534"}],"wp:term":[{"taxonomy":"category","embeddable":true,"href":"https:\/\/www.oracaoefe.com\/fr\/wp-json\/wp\/v2\/categories?post=3534"},{"taxonomy":"post_tag","embeddable":true,"href":"https:\/\/www.oracaoefe.com\/fr\/wp-json\/wp\/v2\/tags?post=3534"}],"curies":[{"name":"wp","href":"https:\/\/api.w.org\/{rel}","templated":true}]}}