{"id":3532,"date":"2025-04-27T06:00:00","date_gmt":"2025-04-27T09:00:00","guid":{"rendered":"https:\/\/www.oracaoefe.com\/?p=3532"},"modified":"2025-12-16T13:11:14","modified_gmt":"2025-12-16T16:11:14","slug":"santuarios-mais-visitados-do-brasil-e-o-que-eles-representam","status":"publish","type":"post","link":"https:\/\/www.oracaoefe.com\/fr\/santuarios-mais-visitados-do-brasil-e-o-que-eles-representam\/","title":{"rendered":"Santu\u00e1rios mais visitados do Brasil e o que eles representam"},"content":{"rendered":"<p class=\"wp-block-paragraph\">O Brasil \u00e9 um pa\u00eds profundamente espiritual. E n\u00e3o importa qual religi\u00e3o se siga \u2014 h\u00e1 algo de sagrado no ato de visitar um lugar que carrega f\u00e9, hist\u00f3ria e sil\u00eancio. Os <strong>santu\u00e1rios mais visitados do Brasil<\/strong> n\u00e3o s\u00e3o apenas destinos tur\u00edsticos: s\u00e3o pontos de encontro entre o c\u00e9u e a terra, onde milh\u00f5es de pessoas v\u00e3o para agradecer, pedir, renovar promessas ou simplesmente sentir paz.<\/p>\n\n\n\n<p class=\"wp-block-paragraph\">Cada um desses locais carrega uma energia \u00fanica, que ultrapassa a arquitetura e entra direto no cora\u00e7\u00e3o. Neste post, voc\u00ea vai conhecer os santu\u00e1rios mais visitados do Brasil e <strong>o que eles representam para quem acredita.<\/strong><\/p>\n\n\n\n<figure class=\"wp-block-image size-large\"><img loading=\"lazy\" decoding=\"async\" width=\"1024\" height=\"683\" src=\"https:\/\/www.oracaoefe.com\/wp-content\/uploads\/2025\/04\/santuarios_mais_visitados_brasil-1024x683.webp\" alt=\"\" class=\"wp-image-3547\" srcset=\"https:\/\/www.oracaoefe.com\/wp-content\/uploads\/2025\/04\/santuarios_mais_visitados_brasil-1024x683.webp 1024w, https:\/\/www.oracaoefe.com\/wp-content\/uploads\/2025\/04\/santuarios_mais_visitados_brasil-300x200.webp 300w, https:\/\/www.oracaoefe.com\/wp-content\/uploads\/2025\/04\/santuarios_mais_visitados_brasil-768x512.webp 768w, https:\/\/www.oracaoefe.com\/wp-content\/uploads\/2025\/04\/santuarios_mais_visitados_brasil-18x12.webp 18w, https:\/\/www.oracaoefe.com\/wp-content\/uploads\/2025\/04\/santuarios_mais_visitados_brasil.webp 1536w\" sizes=\"auto, (max-width: 1024px) 100vw, 1024px\" \/><\/figure>\n\n\n\n<h2 class=\"wp-block-heading\">Santu\u00e1rio Nacional de Nossa Senhora Aparecida (SP)<\/h2>\n\n\n\n<p class=\"wp-block-paragraph\">Localizado em Aparecida, no interior de S\u00e3o Paulo, o Santu\u00e1rio Nacional de Aparecida \u00e9 o <strong>maior centro de peregrina\u00e7\u00e3o religiosa do Brasil<\/strong> \u2014 e um dos maiores do mundo.<\/p>\n\n\n\n<p class=\"wp-block-paragraph\">Recebe cerca de <strong>12 milh\u00f5es de visitantes por ano<\/strong>, especialmente em outubro, m\u00eas da padroeira do Brasil.<\/p>\n\n\n\n<p class=\"wp-block-paragraph\">Mais do que um ponto tur\u00edstico, o santu\u00e1rio representa:<\/p>\n\n\n\n<ul class=\"wp-block-list\">\n<li>A <strong>prote\u00e7\u00e3o da M\u00e3e Aparecida<\/strong> para os mais humildes<\/li>\n\n\n\n<li>A <strong>f\u00e9 do povo brasileiro<\/strong>, marcada por milagres e agradecimentos<\/li>\n\n\n\n<li>Um lugar de reconcilia\u00e7\u00e3o, renova\u00e7\u00e3o espiritual e promessa cumprida<\/li>\n<\/ul>\n\n\n\n<p class=\"wp-block-paragraph\">A imagem original da santa, encontrada por pescadores no Rio Para\u00edba do Sul, \u00e9 o centro de devo\u00e7\u00e3o e s\u00edmbolo de esperan\u00e7a para quem se sente perdido.<\/p>\n\n\n\n<h2 class=\"wp-block-heading\">Santu\u00e1rio do Divino Pai Eterno (GO)<\/h2>\n\n\n\n<p class=\"wp-block-paragraph\">Localizado em Trindade, Goi\u00e1s, o Santu\u00e1rio do Divino Pai Eterno recebe mais de <strong>4 milh\u00f5es de fi\u00e9is por ano.<\/strong><\/p>\n\n\n\n<p class=\"wp-block-paragraph\">A cidade, conhecida como a \u201ccapital da f\u00e9 goiana\u201d, vive intensamente a Romaria do Divino Pai Eterno, um dos maiores eventos religiosos da Am\u00e9rica Latina.<\/p>\n\n\n\n<p class=\"wp-block-paragraph\">O santu\u00e1rio representa:<\/p>\n\n\n\n<ul class=\"wp-block-list\">\n<li>A <strong>ternura de Deus como Pai<\/strong>, acess\u00edvel e misericordioso<\/li>\n\n\n\n<li>Um caminho de <strong>f\u00e9 popular e simples<\/strong>, onde cada vela acesa conta uma hist\u00f3ria<\/li>\n\n\n\n<li>O acolhimento dos humildes, que caminham dias a p\u00e9 para fazer sua devo\u00e7\u00e3o<\/li>\n<\/ul>\n\n\n\n<p class=\"wp-block-paragraph\">Para muitos romeiros, a viagem at\u00e9 l\u00e1 \u00e9 uma verdadeira <strong>jornada de transforma\u00e7\u00e3o interior.<\/strong><\/p>\n\n\n\n<h2 class=\"wp-block-heading\">Santu\u00e1rio de Nossa Senhora de F\u00e1tima (RS)<\/h2>\n\n\n\n<p class=\"wp-block-paragraph\">Em Ibira\u00e7u, no Rio Grande do Sul, o Santu\u00e1rio de Nossa Senhora de F\u00e1tima \u00e9 inspirado na devo\u00e7\u00e3o mariana que nasceu em Portugal, e se tornou um local de forte presen\u00e7a espiritual entre os ga\u00fachos.<\/p>\n\n\n\n<p class=\"wp-block-paragraph\">Ele representa:<\/p>\n\n\n\n<ul class=\"wp-block-list\">\n<li>A busca por paz interior e mundial<\/li>\n\n\n\n<li>A presen\u00e7a de Maria como <strong>intercessora nas horas dif\u00edceis<\/strong><\/li>\n\n\n\n<li>O sil\u00eancio necess\u00e1rio para escutar a f\u00e9<\/li>\n<\/ul>\n\n\n\n<p class=\"wp-block-paragraph\">Muitos devotos relatam sentimentos de profunda paz ao rezar neste local. O espa\u00e7o tamb\u00e9m \u00e9 conhecido por oferecer momentos de reflex\u00e3o, com missas, adora\u00e7\u00e3o e trilhas espirituais.<\/p>\n\n\n\n<h2 class=\"wp-block-heading\">Santu\u00e1rio de S\u00e3o Francisco das Chagas (Canind\u00e9 \u2013 CE)<\/h2>\n\n\n\n<p class=\"wp-block-paragraph\">O Santu\u00e1rio de Canind\u00e9, no Cear\u00e1, \u00e9 o <strong>maior santu\u00e1rio franciscano do mundo, depois de Assis, na It\u00e1lia.<\/strong> Recebe cerca de <strong>2,5 milh\u00f5es de visitantes ao ano.<\/strong><\/p>\n\n\n\n<p class=\"wp-block-paragraph\">\u00c9 dedicado a S\u00e3o Francisco de Assis, o santo da humildade, da paz e da simplicidade.<\/p>\n\n\n\n<p class=\"wp-block-paragraph\">O santu\u00e1rio representa:<\/p>\n\n\n\n<ul class=\"wp-block-list\">\n<li>A <strong>humildade como caminho espiritual<\/strong><\/li>\n\n\n\n<li>A <strong>conex\u00e3o com a natureza e os animais<\/strong><\/li>\n\n\n\n<li>A busca por uma vida mais leve, simples e generosa<\/li>\n<\/ul>\n\n\n\n<p class=\"wp-block-paragraph\">O povo nordestino tem uma devo\u00e7\u00e3o profunda por S\u00e3o Francisco, que \u00e9 conhecido como <strong>protetor dos pobres e dos que sofrem.<\/strong><\/p>\n\n\n\n<h2 class=\"wp-block-heading\">Santu\u00e1rio da M\u00e3e Rainha (RS)<\/h2>\n\n\n\n<p class=\"wp-block-paragraph\">Localizado em Santa Maria, no Rio Grande do Sul, esse santu\u00e1rio faz parte do Movimento Apost\u00f3lico de Schoenstatt e \u00e9 dedicado \u00e0 M\u00e3e Rainha Tr\u00eas Vezes Admir\u00e1vel.<\/p>\n\n\n\n<p class=\"wp-block-paragraph\">Representa:<\/p>\n\n\n\n<ul class=\"wp-block-list\">\n<li>A <strong>alian\u00e7a com Maria<\/strong> como guia da vida espiritual<\/li>\n\n\n\n<li>O chamado \u00e0 miss\u00e3o crist\u00e3 no cotidiano<\/li>\n\n\n\n<li>A constru\u00e7\u00e3o de uma nova sociedade pela transforma\u00e7\u00e3o do cora\u00e7\u00e3o<\/li>\n<\/ul>\n\n\n\n<p class=\"wp-block-paragraph\">O local \u00e9 marcado por ora\u00e7\u00f5es silenciosas, grupos de devo\u00e7\u00e3o e forte presen\u00e7a de fam\u00edlias e jovens.<\/p>\n\n\n\n<h2 class=\"wp-block-heading\">Santu\u00e1rio de Nossa Senhora do Rocio (PR)<\/h2>\n\n\n\n<p class=\"wp-block-paragraph\">Em Paranagu\u00e1, no Paran\u00e1, o Santu\u00e1rio de Nossa Senhora do Rocio \u00e9 <strong>um dos mais antigos do Brasil<\/strong>, com origem no s\u00e9culo XVII. A santa \u00e9 padroeira do estado.<\/p>\n\n\n\n<p class=\"wp-block-paragraph\">Recebe cerca de 500 mil devotos por ano.<\/p>\n\n\n\n<p class=\"wp-block-paragraph\">Representa:<\/p>\n\n\n\n<ul class=\"wp-block-list\">\n<li>A f\u00e9 mariana do sul do Brasil<\/li>\n\n\n\n<li>A busca por cura e prote\u00e7\u00e3o<\/li>\n\n\n\n<li>A devo\u00e7\u00e3o que atravessa gera\u00e7\u00f5es<\/li>\n<\/ul>\n\n\n\n<p class=\"wp-block-paragraph\">Durante o m\u00eas de novembro, acontece a festa em honra \u00e0 santa, com prociss\u00f5es e celebra\u00e7\u00f5es que envolvem toda a comunidade.<\/p>\n\n\n\n<h2 class=\"wp-block-heading\">Por que visitar um santu\u00e1rio?<\/h2>\n\n\n\n<p class=\"wp-block-paragraph\">Mesmo que voc\u00ea n\u00e3o siga uma religi\u00e3o espec\u00edfica, visitar um santu\u00e1rio pode ser <strong>uma experi\u00eancia profundamente transformadora.<\/strong> N\u00e3o se trata apenas de rituais. \u00c9 sobre:<\/p>\n\n\n\n<ul class=\"wp-block-list\">\n<li>Estar em um lugar carregado de significado espiritual<\/li>\n\n\n\n<li>Silenciar a mente para escutar a alma<\/li>\n\n\n\n<li>Renovar votos, agradecer conquistas, pedir dire\u00e7\u00e3o<\/li>\n\n\n\n<li>Respirar f\u00e9, seja por tradi\u00e7\u00e3o ou busca interior<\/li>\n<\/ul>\n\n\n\n<p class=\"wp-block-paragraph\">A energia desses locais \u00e9 diferente. \u00c9 como se cada ora\u00e7\u00e3o deixada ali, cada vela acesa, cada l\u00e1grima derramada, <strong>continuasse ecoando entre as paredes e os jardins.<\/strong><\/p>\n\n\n\n<h2 class=\"wp-block-heading\">Como se preparar para visitar um santu\u00e1rio?<\/h2>\n\n\n\n<p class=\"wp-block-paragraph\">N\u00e3o \u00e9 preciso nada sofisticado. Mas vale lembrar de algumas coisas simples:<\/p>\n\n\n\n<ul class=\"wp-block-list\">\n<li>V\u00e1 com <strong>respeito e mente aberta<\/strong><\/li>\n\n\n\n<li>Leve um pedido, um agradecimento ou at\u00e9 mesmo um sil\u00eancio<\/li>\n\n\n\n<li>Evite pressa. Santu\u00e1rio \u00e9 lugar de pausa<\/li>\n\n\n\n<li>Observe os detalhes: s\u00edmbolos, pessoas, ora\u00e7\u00f5es silenciosas<\/li>\n\n\n\n<li>Se puder, participe de uma missa ou celebra\u00e7\u00e3o<\/li>\n<\/ul>\n\n\n\n<p class=\"wp-block-paragraph\">Voc\u00ea n\u00e3o precisa de f\u00e9 pronta para visitar um santu\u00e1rio. Muitas vezes, <strong>\u00e9 justamente l\u00e1 que ela se desperta.<\/strong><\/p>\n\n\n\n<p class=\"wp-block-paragraph\"><strong>Voir aussi\u00a0: <a href=\"https:\/\/www.oracaoefe.com\/fr\/oracao-para-acalmar-o-coracao-angustiado-e-trazer-paz\/\">Ora\u00e7\u00e3o para acalmar o cora\u00e7\u00e3o angustiado e trazer paz<\/a><\/strong><\/p>\n\n\n\n<p class=\"wp-block-paragraph\">27 de abril de 2025<\/p>","protected":false},"excerpt":{"rendered":"<p>O Brasil \u00e9 um pa\u00eds profundamente espiritual. E n\u00e3o importa qual religi\u00e3o se siga \u2014 h\u00e1 algo de sagrado no ato de visitar um lugar que carrega f\u00e9, hist\u00f3ria e sil\u00eancio. Os santu\u00e1rios mais visitados do Brasil n\u00e3o s\u00e3o apenas destinos tur\u00edsticos: s\u00e3o pontos de encontro entre o c\u00e9u e a terra, onde milh\u00f5es de&hellip;&nbsp;<\/p>","protected":false},"author":3,"featured_media":3547,"comment_status":"closed","ping_status":"closed","sticky":false,"template":"","format":"standard","meta":{"neve_meta_sidebar":"","neve_meta_container":"","neve_meta_enable_content_width":"","neve_meta_content_width":0,"neve_meta_title_alignment":"","neve_meta_author_avatar":"","neve_post_elements_order":"","neve_meta_disable_header":"","neve_meta_disable_footer":"","neve_meta_disable_title":"","footnotes":""},"categories":[4],"tags":[],"class_list":["post-3532","post","type-post","status-publish","format-standard","has-post-thumbnail","hentry","category-fique-por-dentro"],"yoast_head":"<!-- This site is optimized with the Yoast SEO plugin v28.4 - https:\/\/yoast.com\/product\/yoast-seo-wordpress\/ -->\n<title>Santu\u00e1rios mais visitados do Brasil e o que eles representam - Ora\u00e7\u00e3o e F\u00e9<\/title>\n<meta name=\"description\" content=\"Deus tem pra voc\u00ea uma palavra de vida!\" \/>\n<meta name=\"robots\" content=\"index, follow, max-snippet:-1, max-image-preview:large, max-video-preview:-1\" \/>\n<link rel=\"canonical\" href=\"https:\/\/www.oracaoefe.com\/fr\/santuarios-mais-visitados-do-brasil-e-o-que-eles-representam\/\" \/>\n<meta property=\"og:locale\" content=\"fr_FR\" \/>\n<meta property=\"og:type\" content=\"article\" \/>\n<meta property=\"og:title\" content=\"Santu\u00e1rios mais visitados do Brasil e o que eles representam - Ora\u00e7\u00e3o e F\u00e9\" \/>\n<meta property=\"og:description\" content=\"Deus tem pra voc\u00ea uma palavra de vida!\" \/>\n<meta property=\"og:url\" content=\"https:\/\/www.oracaoefe.com\/fr\/santuarios-mais-visitados-do-brasil-e-o-que-eles-representam\/\" \/>\n<meta property=\"og:site_name\" content=\"Ora\u00e7\u00e3o e F\u00e9\" \/>\n<meta property=\"article:published_time\" content=\"2025-04-27T09:00:00+00:00\" \/>\n<meta property=\"article:modified_time\" content=\"2025-12-16T16:11:14+00:00\" \/>\n<meta property=\"og:image\" content=\"https:\/\/www.oracaoefe.com\/wp-content\/uploads\/2025\/04\/santuarios_mais_visitados_brasil.webp\" \/>\n\t<meta property=\"og:image:width\" content=\"1536\" \/>\n\t<meta property=\"og:image:height\" content=\"1024\" \/>\n\t<meta property=\"og:image:type\" content=\"image\/webp\" \/>\n<meta name=\"author\" content=\"Michele Azevedo\" \/>\n<meta name=\"twitter:card\" content=\"summary_large_image\" \/>\n<meta name=\"twitter:label1\" content=\"\u00c9crit par\" \/>\n\t<meta name=\"twitter:data1\" content=\"Michele Azevedo\" \/>\n\t<meta name=\"twitter:label2\" content=\"Dur\u00e9e de lecture estim\u00e9e\" \/>\n\t<meta name=\"twitter:data2\" content=\"5 minutes\" \/>\n<script type=\"application\/ld+json\" class=\"yoast-schema-graph\">{\"@context\":\"https:\\\/\\\/schema.org\",\"@graph\":[{\"@type\":\"Article\",\"@id\":\"https:\\\/\\\/www.oracaoefe.com\\\/santuarios-mais-visitados-do-brasil-e-o-que-eles-representam\\\/#article\",\"isPartOf\":{\"@id\":\"https:\\\/\\\/www.oracaoefe.com\\\/santuarios-mais-visitados-do-brasil-e-o-que-eles-representam\\\/\"},\"author\":{\"name\":\"Michele Azevedo\",\"@id\":\"https:\\\/\\\/www.oracaoefe.com\\\/#\\\/schema\\\/person\\\/17283c669442cf005c4d5bb58adfb7f5\"},\"headline\":\"Santu\u00e1rios mais visitados do Brasil e o que eles representam\",\"datePublished\":\"2025-04-27T09:00:00+00:00\",\"dateModified\":\"2025-12-16T16:11:14+00:00\",\"mainEntityOfPage\":{\"@id\":\"https:\\\/\\\/www.oracaoefe.com\\\/santuarios-mais-visitados-do-brasil-e-o-que-eles-representam\\\/\"},\"wordCount\":950,\"image\":{\"@id\":\"https:\\\/\\\/www.oracaoefe.com\\\/santuarios-mais-visitados-do-brasil-e-o-que-eles-representam\\\/#primaryimage\"},\"thumbnailUrl\":\"https:\\\/\\\/www.oracaoefe.com\\\/wp-content\\\/uploads\\\/2025\\\/04\\\/santuarios_mais_visitados_brasil.webp\",\"articleSection\":[\"Fique por Dentro\"],\"inLanguage\":\"fr-FR\"},{\"@type\":\"WebPage\",\"@id\":\"https:\\\/\\\/www.oracaoefe.com\\\/santuarios-mais-visitados-do-brasil-e-o-que-eles-representam\\\/\",\"url\":\"https:\\\/\\\/www.oracaoefe.com\\\/santuarios-mais-visitados-do-brasil-e-o-que-eles-representam\\\/\",\"name\":\"Santu\u00e1rios mais visitados do Brasil e o que eles representam - Ora\u00e7\u00e3o e F\u00e9\",\"isPartOf\":{\"@id\":\"https:\\\/\\\/www.oracaoefe.com\\\/#website\"},\"primaryImageOfPage\":{\"@id\":\"https:\\\/\\\/www.oracaoefe.com\\\/santuarios-mais-visitados-do-brasil-e-o-que-eles-representam\\\/#primaryimage\"},\"image\":{\"@id\":\"https:\\\/\\\/www.oracaoefe.com\\\/santuarios-mais-visitados-do-brasil-e-o-que-eles-representam\\\/#primaryimage\"},\"thumbnailUrl\":\"https:\\\/\\\/www.oracaoefe.com\\\/wp-content\\\/uploads\\\/2025\\\/04\\\/santuarios_mais_visitados_brasil.webp\",\"datePublished\":\"2025-04-27T09:00:00+00:00\",\"dateModified\":\"2025-12-16T16:11:14+00:00\",\"author\":{\"@id\":\"https:\\\/\\\/www.oracaoefe.com\\\/#\\\/schema\\\/person\\\/17283c669442cf005c4d5bb58adfb7f5\"},\"description\":\"Deus tem pra voc\u00ea uma palavra de vida!\",\"breadcrumb\":{\"@id\":\"https:\\\/\\\/www.oracaoefe.com\\\/santuarios-mais-visitados-do-brasil-e-o-que-eles-representam\\\/#breadcrumb\"},\"inLanguage\":\"fr-FR\",\"potentialAction\":[{\"@type\":\"ReadAction\",\"target\":[\"https:\\\/\\\/www.oracaoefe.com\\\/santuarios-mais-visitados-do-brasil-e-o-que-eles-representam\\\/\"]}]},{\"@type\":\"ImageObject\",\"inLanguage\":\"fr-FR\",\"@id\":\"https:\\\/\\\/www.oracaoefe.com\\\/santuarios-mais-visitados-do-brasil-e-o-que-eles-representam\\\/#primaryimage\",\"url\":\"https:\\\/\\\/www.oracaoefe.com\\\/wp-content\\\/uploads\\\/2025\\\/04\\\/santuarios_mais_visitados_brasil.webp\",\"contentUrl\":\"https:\\\/\\\/www.oracaoefe.com\\\/wp-content\\\/uploads\\\/2025\\\/04\\\/santuarios_mais_visitados_brasil.webp\",\"width\":1536,\"height\":1024},{\"@type\":\"BreadcrumbList\",\"@id\":\"https:\\\/\\\/www.oracaoefe.com\\\/santuarios-mais-visitados-do-brasil-e-o-que-eles-representam\\\/#breadcrumb\",\"itemListElement\":[{\"@type\":\"ListItem\",\"position\":1,\"name\":\"Home\",\"item\":\"https:\\\/\\\/www.oracaoefe.com\\\/\"},{\"@type\":\"ListItem\",\"position\":2,\"name\":\"Fique por Dentro\",\"item\":\"https:\\\/\\\/www.oracaoefe.com\\\/category\\\/fique-por-dentro\\\/\"},{\"@type\":\"ListItem\",\"position\":3,\"name\":\"Santu\u00e1rios mais visitados do Brasil e o que eles representam\"}]},{\"@type\":\"WebSite\",\"@id\":\"https:\\\/\\\/www.oracaoefe.com\\\/#website\",\"url\":\"https:\\\/\\\/www.oracaoefe.com\\\/\",\"name\":\"Ora\u00e7\u00e3o e F\u00e9\",\"description\":\"\",\"potentialAction\":[{\"@type\":\"SearchAction\",\"target\":{\"@type\":\"EntryPoint\",\"urlTemplate\":\"https:\\\/\\\/www.oracaoefe.com\\\/?s={search_term_string}\"},\"query-input\":{\"@type\":\"PropertyValueSpecification\",\"valueRequired\":true,\"valueName\":\"search_term_string\"}}],\"inLanguage\":\"fr-FR\"},{\"@type\":\"Person\",\"@id\":\"https:\\\/\\\/www.oracaoefe.com\\\/#\\\/schema\\\/person\\\/17283c669442cf005c4d5bb58adfb7f5\",\"name\":\"Michele Azevedo\",\"image\":{\"@type\":\"ImageObject\",\"inLanguage\":\"fr-FR\",\"@id\":\"https:\\\/\\\/secure.gravatar.com\\\/avatar\\\/6b0eb9d22841282815e2cd856a0061c45e1761cd54b22e952d98c4746939aa85?s=96&d=mm&r=g\",\"url\":\"https:\\\/\\\/secure.gravatar.com\\\/avatar\\\/6b0eb9d22841282815e2cd856a0061c45e1761cd54b22e952d98c4746939aa85?s=96&d=mm&r=g\",\"contentUrl\":\"https:\\\/\\\/secure.gravatar.com\\\/avatar\\\/6b0eb9d22841282815e2cd856a0061c45e1761cd54b22e952d98c4746939aa85?s=96&d=mm&r=g\",\"caption\":\"Michele Azevedo\"},\"description\":\"Formada em Letras - Portugu\u00eas\\\/ Ingl\u00eas pela Universidade Estadual de Ponta Grossa (UEPG), p\u00f3s-graduada em Arte na Educa\u00e7\u00e3o (FAPI) e Psicopedagogia Escolar (FAPI), idealizadora e propriet\u00e1ria do site Escritora de Sucesso, possui experi\u00eancia em escrita para blogs em geral e atua como redatora e revisora dos conte\u00fados do Ora\u00e7\u00e3o e F\u00e9.\",\"url\":\"https:\\\/\\\/www.oracaoefe.com\\\/fr\\\/author\\\/michele-azevedo\\\/\"}]}<\/script>\n<!-- \/ Yoast SEO plugin. -->","yoast_head_json":{"title":"Santu\u00e1rios mais visitados do Brasil e o que eles representam - Ora\u00e7\u00e3o e F\u00e9","description":"Dieu a une parole de vie pour vous !","robots":{"index":"index","follow":"follow","max-snippet":"max-snippet:-1","max-image-preview":"max-image-preview:large","max-video-preview":"max-video-preview:-1"},"canonical":"https:\/\/www.oracaoefe.com\/fr\/santuarios-mais-visitados-do-brasil-e-o-que-eles-representam\/","og_locale":"fr_FR","og_type":"article","og_title":"Santu\u00e1rios mais visitados do Brasil e o que eles representam - Ora\u00e7\u00e3o e F\u00e9","og_description":"Deus tem pra voc\u00ea uma palavra de vida!","og_url":"https:\/\/www.oracaoefe.com\/fr\/santuarios-mais-visitados-do-brasil-e-o-que-eles-representam\/","og_site_name":"Ora\u00e7\u00e3o e F\u00e9","article_published_time":"2025-04-27T09:00:00+00:00","article_modified_time":"2025-12-16T16:11:14+00:00","og_image":[{"width":1536,"height":1024,"url":"https:\/\/www.oracaoefe.com\/wp-content\/uploads\/2025\/04\/santuarios_mais_visitados_brasil.webp","type":"image\/webp"}],"author":"Michele Azevedo","twitter_card":"summary_large_image","twitter_misc":{"\u00c9crit par":"Michele Azevedo","Dur\u00e9e de lecture estim\u00e9e":"5 minutes"},"schema":{"@context":"https:\/\/schema.org","@graph":[{"@type":"Article","@id":"https:\/\/www.oracaoefe.com\/santuarios-mais-visitados-do-brasil-e-o-que-eles-representam\/#article","isPartOf":{"@id":"https:\/\/www.oracaoefe.com\/santuarios-mais-visitados-do-brasil-e-o-que-eles-representam\/"},"author":{"name":"Michele Azevedo","@id":"https:\/\/www.oracaoefe.com\/#\/schema\/person\/17283c669442cf005c4d5bb58adfb7f5"},"headline":"Santu\u00e1rios mais visitados do Brasil e o que eles representam","datePublished":"2025-04-27T09:00:00+00:00","dateModified":"2025-12-16T16:11:14+00:00","mainEntityOfPage":{"@id":"https:\/\/www.oracaoefe.com\/santuarios-mais-visitados-do-brasil-e-o-que-eles-representam\/"},"wordCount":950,"image":{"@id":"https:\/\/www.oracaoefe.com\/santuarios-mais-visitados-do-brasil-e-o-que-eles-representam\/#primaryimage"},"thumbnailUrl":"https:\/\/www.oracaoefe.com\/wp-content\/uploads\/2025\/04\/santuarios_mais_visitados_brasil.webp","articleSection":["Fique por Dentro"],"inLanguage":"fr-FR"},{"@type":"WebPage","@id":"https:\/\/www.oracaoefe.com\/santuarios-mais-visitados-do-brasil-e-o-que-eles-representam\/","url":"https:\/\/www.oracaoefe.com\/santuarios-mais-visitados-do-brasil-e-o-que-eles-representam\/","name":"Santu\u00e1rios mais visitados do Brasil e o que eles representam - Ora\u00e7\u00e3o e F\u00e9","isPartOf":{"@id":"https:\/\/www.oracaoefe.com\/#website"},"primaryImageOfPage":{"@id":"https:\/\/www.oracaoefe.com\/santuarios-mais-visitados-do-brasil-e-o-que-eles-representam\/#primaryimage"},"image":{"@id":"https:\/\/www.oracaoefe.com\/santuarios-mais-visitados-do-brasil-e-o-que-eles-representam\/#primaryimage"},"thumbnailUrl":"https:\/\/www.oracaoefe.com\/wp-content\/uploads\/2025\/04\/santuarios_mais_visitados_brasil.webp","datePublished":"2025-04-27T09:00:00+00:00","dateModified":"2025-12-16T16:11:14+00:00","author":{"@id":"https:\/\/www.oracaoefe.com\/#\/schema\/person\/17283c669442cf005c4d5bb58adfb7f5"},"description":"Dieu a une parole de vie pour vous !","breadcrumb":{"@id":"https:\/\/www.oracaoefe.com\/santuarios-mais-visitados-do-brasil-e-o-que-eles-representam\/#breadcrumb"},"inLanguage":"fr-FR","potentialAction":[{"@type":"ReadAction","target":["https:\/\/www.oracaoefe.com\/santuarios-mais-visitados-do-brasil-e-o-que-eles-representam\/"]}]},{"@type":"ImageObject","inLanguage":"fr-FR","@id":"https:\/\/www.oracaoefe.com\/santuarios-mais-visitados-do-brasil-e-o-que-eles-representam\/#primaryimage","url":"https:\/\/www.oracaoefe.com\/wp-content\/uploads\/2025\/04\/santuarios_mais_visitados_brasil.webp","contentUrl":"https:\/\/www.oracaoefe.com\/wp-content\/uploads\/2025\/04\/santuarios_mais_visitados_brasil.webp","width":1536,"height":1024},{"@type":"BreadcrumbList","@id":"https:\/\/www.oracaoefe.com\/santuarios-mais-visitados-do-brasil-e-o-que-eles-representam\/#breadcrumb","itemListElement":[{"@type":"ListItem","position":1,"name":"Home","item":"https:\/\/www.oracaoefe.com\/"},{"@type":"ListItem","position":2,"name":"Fique por Dentro","item":"https:\/\/www.oracaoefe.com\/category\/fique-por-dentro\/"},{"@type":"ListItem","position":3,"name":"Santu\u00e1rios mais visitados do Brasil e o que eles representam"}]},{"@type":"WebSite","@id":"https:\/\/www.oracaoefe.com\/#website","url":"https:\/\/www.oracaoefe.com\/","name":"Pri\u00e8re et foi","description":"","potentialAction":[{"@type":"SearchAction","target":{"@type":"EntryPoint","urlTemplate":"https:\/\/www.oracaoefe.com\/?s={search_term_string}"},"query-input":{"@type":"PropertyValueSpecification","valueRequired":true,"valueName":"search_term_string"}}],"inLanguage":"fr-FR"},{"@type":"Person","@id":"https:\/\/www.oracaoefe.com\/#\/schema\/person\/17283c669442cf005c4d5bb58adfb7f5","name":"Michele Azevedo","image":{"@type":"ImageObject","inLanguage":"fr-FR","@id":"https:\/\/secure.gravatar.com\/avatar\/6b0eb9d22841282815e2cd856a0061c45e1761cd54b22e952d98c4746939aa85?s=96&d=mm&r=g","url":"https:\/\/secure.gravatar.com\/avatar\/6b0eb9d22841282815e2cd856a0061c45e1761cd54b22e952d98c4746939aa85?s=96&d=mm&r=g","contentUrl":"https:\/\/secure.gravatar.com\/avatar\/6b0eb9d22841282815e2cd856a0061c45e1761cd54b22e952d98c4746939aa85?s=96&d=mm&r=g","caption":"Michele Azevedo"},"description":"Dipl\u00f4m\u00e9e en litt\u00e9rature portugaise\/anglaise de l&#039;Universit\u00e9 d&#039;\u00c9tat de Ponta Grossa (UEPG), avec des dipl\u00f4mes de troisi\u00e8me cycle en art dans l&#039;\u00e9ducation (FAPI) et en psychop\u00e9dagogie scolaire (FAPI), elle est la cr\u00e9atrice et propri\u00e9taire du site web Escritora de Sucesso, a de l&#039;exp\u00e9rience dans l&#039;\u00e9criture pour les blogs en g\u00e9n\u00e9ral et travaille comme r\u00e9dactrice et \u00e9ditrice du contenu pour Ora\u00e7\u00e3o e F\u00e9.","url":"https:\/\/www.oracaoefe.com\/fr\/author\/michele-azevedo\/"}]}},"_links":{"self":[{"href":"https:\/\/www.oracaoefe.com\/fr\/wp-json\/wp\/v2\/posts\/3532","targetHints":{"allow":["GET"]}}],"collection":[{"href":"https:\/\/www.oracaoefe.com\/fr\/wp-json\/wp\/v2\/posts"}],"about":[{"href":"https:\/\/www.oracaoefe.com\/fr\/wp-json\/wp\/v2\/types\/post"}],"author":[{"embeddable":true,"href":"https:\/\/www.oracaoefe.com\/fr\/wp-json\/wp\/v2\/users\/3"}],"replies":[{"embeddable":true,"href":"https:\/\/www.oracaoefe.com\/fr\/wp-json\/wp\/v2\/comments?post=3532"}],"version-history":[{"count":2,"href":"https:\/\/www.oracaoefe.com\/fr\/wp-json\/wp\/v2\/posts\/3532\/revisions"}],"predecessor-version":[{"id":3552,"href":"https:\/\/www.oracaoefe.com\/fr\/wp-json\/wp\/v2\/posts\/3532\/revisions\/3552"}],"wp:featuredmedia":[{"embeddable":true,"href":"https:\/\/www.oracaoefe.com\/fr\/wp-json\/wp\/v2\/media\/3547"}],"wp:attachment":[{"href":"https:\/\/www.oracaoefe.com\/fr\/wp-json\/wp\/v2\/media?parent=3532"}],"wp:term":[{"taxonomy":"category","embeddable":true,"href":"https:\/\/www.oracaoefe.com\/fr\/wp-json\/wp\/v2\/categories?post=3532"},{"taxonomy":"post_tag","embeddable":true,"href":"https:\/\/www.oracaoefe.com\/fr\/wp-json\/wp\/v2\/tags?post=3532"}],"curies":[{"name":"wp","href":"https:\/\/api.w.org\/{rel}","templated":true}]}}