{"id":3530,"date":"2025-04-24T06:00:00","date_gmt":"2025-04-24T09:00:00","guid":{"rendered":"https:\/\/www.oracaoefe.com\/?p=3530"},"modified":"2025-12-16T13:11:14","modified_gmt":"2025-12-16T16:11:14","slug":"quando-tudo-parece-perdido-e-ai-que-a-fe-comeca-a-agir","status":"publish","type":"post","link":"https:\/\/www.oracaoefe.com\/fr\/quando-tudo-parece-perdido-e-ai-que-a-fe-comeca-a-agir\/","title":{"rendered":"Quando tudo parece perdido, \u00e9 a\u00ed que a f\u00e9 come\u00e7a a agir"},"content":{"rendered":"<p class=\"wp-block-paragraph\">Tem dias que parecem escuros demais. O ch\u00e3o desaparece, a esperan\u00e7a se esconde, e tudo o que a gente sente \u00e9 um sil\u00eancio duro, quase sufocante. A vida vira um peso, e as perguntas surgem em sil\u00eancio: <em>\u201cSer\u00e1 que eu aguento?\u201d<\/em> ou <em>\u201cPor que isso est\u00e1 acontecendo comigo?\u201d<\/em><\/p>\n\n\n\n<p class=\"wp-block-paragraph\">\u00c9 justamente nesses momentos \u2014 quando tudo parece perdido \u2014 que <strong>a f\u00e9 come\u00e7a a agir.<\/strong><\/p>\n\n\n\n<p class=\"wp-block-paragraph\">N\u00e3o como uma m\u00e1gica instant\u00e2nea, mas como uma semente silenciosa que brota no meio do deserto. A f\u00e9 n\u00e3o grita. Ela sussurra. Ela segura a nossa m\u00e3o por dentro, mesmo quando a gente n\u00e3o sente. E se voc\u00ea est\u00e1 passando por algo assim agora, saiba que essa dor <strong>n\u00e3o \u00e9 o fim da sua hist\u00f3ria.<\/strong><\/p>\n\n\n\n<figure class=\"wp-block-image size-large\"><img loading=\"lazy\" decoding=\"async\" width=\"1024\" height=\"683\" src=\"https:\/\/www.oracaoefe.com\/wp-content\/uploads\/2025\/04\/quando_tudo_parece_perdido_fe_paisagem-1024x683.webp\" alt=\"\" class=\"wp-image-3546\" srcset=\"https:\/\/www.oracaoefe.com\/wp-content\/uploads\/2025\/04\/quando_tudo_parece_perdido_fe_paisagem-1024x683.webp 1024w, https:\/\/www.oracaoefe.com\/wp-content\/uploads\/2025\/04\/quando_tudo_parece_perdido_fe_paisagem-300x200.webp 300w, https:\/\/www.oracaoefe.com\/wp-content\/uploads\/2025\/04\/quando_tudo_parece_perdido_fe_paisagem-768x512.webp 768w, https:\/\/www.oracaoefe.com\/wp-content\/uploads\/2025\/04\/quando_tudo_parece_perdido_fe_paisagem-18x12.webp 18w, https:\/\/www.oracaoefe.com\/wp-content\/uploads\/2025\/04\/quando_tudo_parece_perdido_fe_paisagem.webp 1536w\" sizes=\"auto, (max-width: 1024px) 100vw, 1024px\" \/><\/figure>\n\n\n\n<h2 class=\"wp-block-heading\">A f\u00e9 n\u00e3o impede o sofrimento, mas transforma o olhar<\/h2>\n\n\n\n<p class=\"wp-block-paragraph\">Acreditar n\u00e3o \u00e9 viver em um conto de fadas. F\u00e9 n\u00e3o \u00e9 garantia de uma vida sem perdas, sem quedas ou sem noites mal dormidas. F\u00e9 \u00e9 continuar mesmo com medo. \u00c9 olhar o caos ao redor e dizer, com o cora\u00e7\u00e3o apertado: <em>\u201cVai passar.\u201d<\/em><\/p>\n\n\n\n<p class=\"wp-block-paragraph\">F\u00e9 \u00e9 o que sustenta quando a l\u00f3gica falha. Quando o m\u00e9dico diz que n\u00e3o tem mais jeito. Quando o dinheiro acaba. Quando o cora\u00e7\u00e3o despeda\u00e7a. Quando a porta se fecha. \u00c9 nesse exato ponto que <strong>a f\u00e9 se levanta \u2014 e come\u00e7a a agir.<\/strong><\/p>\n\n\n\n<h2 class=\"wp-block-heading\">Por que a f\u00e9 costuma aparecer quando tudo desaba?<\/h2>\n\n\n\n<p class=\"wp-block-paragraph\">Porque \u00e9 a\u00ed que a gente <strong>deixa de tentar controlar tudo.<\/strong><br>\u00c9 a\u00ed que percebemos que h\u00e1 limites para as nossas for\u00e7as humanas. E que, por mais que a gente planeje, insista ou lute, h\u00e1 momentos em que tudo escapa das m\u00e3os.<\/p>\n\n\n\n<p class=\"wp-block-paragraph\">E \u00e9 nesse vazio que a f\u00e9 entra.<br>Porque f\u00e9 <strong>n\u00e3o precisa de garantias<\/strong>.<br>F\u00e9 nasce quando tudo o que era certo vira incerteza.<br>F\u00e9 cresce no escuro.<\/p>\n\n\n\n<h2 class=\"wp-block-heading\">Hist\u00f3rias que mostram isso<\/h2>\n\n\n\n<p class=\"wp-block-paragraph\">Quantas pessoas voc\u00ea conhece que s\u00f3 descobriram a for\u00e7a da f\u00e9 <strong>ap\u00f3s uma perda<\/strong>?<br>Quantos recome\u00e7os nasceram depois de um fundo do po\u00e7o?<br>Quantos milagres pequenos \u2014 e \u00e0s vezes invis\u00edveis \u2014 surgiram no meio de momentos em que tudo parecia perdido?<\/p>\n\n\n\n<p class=\"wp-block-paragraph\">A m\u00e3e que achava que n\u00e3o ia suportar a perda do filho \u2014 e hoje acolhe outras m\u00e3es.<br>O homem que perdeu tudo e hoje reconstruiu n\u00e3o s\u00f3 a carreira, mas o sentido da vida.<br>A mulher que enfrentou o c\u00e2ncer com uma serenidade que n\u00e3o vinha dela, mas de uma for\u00e7a maior.<\/p>\n\n\n\n<p class=\"wp-block-paragraph\">Nada disso veio sem dor.<br>Mas tudo isso floresceu <strong>por causa da f\u00e9 que nasceu na dor.<\/strong><\/p>\n\n\n\n<h2 class=\"wp-block-heading\">A f\u00e9 que vem do invis\u00edvel<\/h2>\n\n\n\n<p class=\"wp-block-paragraph\">F\u00e9 n\u00e3o \u00e9 enxergar com os olhos. \u00c9 <strong>sentir com a alma.<\/strong><br>\u00c9 acreditar que h\u00e1 algo agindo nos bastidores, mesmo quando tudo diz o contr\u00e1rio.<\/p>\n\n\n\n<p class=\"wp-block-paragraph\">\u00c9 orar e n\u00e3o ter respostas \u2014 mas mesmo assim continuar orando.<br>\u00c9 agradecer sem entender.<br>\u00c9 seguir com l\u00e1grimas nos olhos e ainda assim dizer: <em>\u201cEu creio.\u201d<\/em><\/p>\n\n\n\n<p class=\"wp-block-paragraph\">Essa f\u00e9 \u00e9 \u00edntima, silenciosa, muitas vezes solit\u00e1ria. Mas \u00e9 real. E <strong>poderosa.<\/strong><\/p>\n\n\n\n<h2 class=\"wp-block-heading\">Quando tudo parece perdido\u2026 respire<\/h2>\n\n\n\n<p class=\"wp-block-paragraph\">Se voc\u00ea est\u00e1 vivendo um tempo assim agora, aqui vai um lembrete sincero:<\/p>\n\n\n\n<p class=\"wp-block-paragraph\">Voc\u00ea ainda est\u00e1 aqui.<br>Voc\u00ea ainda respira.<br>E s\u00f3 isso j\u00e1 mostra que <strong>a hist\u00f3ria n\u00e3o acabou.<\/strong><\/p>\n\n\n\n<p class=\"wp-block-paragraph\">N\u00e3o importa quantas portas se fecharam.<br>N\u00e3o importa quantas pessoas te deixaram.<br>N\u00e3o importa qu\u00e3o pesada est\u00e1 sua alma.<\/p>\n\n\n\n<p class=\"wp-block-paragraph\"><strong>A f\u00e9 age no invis\u00edvel.<\/strong> Ela est\u00e1 te sustentando agora, mesmo que voc\u00ea n\u00e3o sinta.<\/p>\n\n\n\n<h2 class=\"wp-block-heading\">O que fazer quando a f\u00e9 parece fraca?<\/h2>\n\n\n\n<p class=\"wp-block-paragraph\">Todos n\u00f3s temos dias em que <strong>a f\u00e9 vacila.<\/strong><br>Em que a d\u00favida grita mais alto do que a ora\u00e7\u00e3o.<br>Em que a dor parece vencer.<\/p>\n\n\n\n<p class=\"wp-block-paragraph\">E tudo bem. A f\u00e9 n\u00e3o precisa ser gigante.<br>Ela s\u00f3 precisa existir.<br>Mesmo que do tamanho de um gr\u00e3o de mostarda, como j\u00e1 dizia a escritura.<br>E com esse gr\u00e3ozinho, <strong>milagres acontecem.<\/strong><\/p>\n\n\n\n<p class=\"wp-block-paragraph\">Nos dias dif\u00edceis:<\/p>\n\n\n\n<ul class=\"wp-block-list\">\n<li>Ore, mesmo que em sil\u00eancio<\/li>\n\n\n\n<li>Leia algo que te conecte ao sagrado<\/li>\n\n\n\n<li>Chore, se precisar \u2014 a f\u00e9 n\u00e3o anula as l\u00e1grimas<\/li>\n\n\n\n<li>Converse com pessoas que te fortale\u00e7am<\/li>\n\n\n\n<li>Caminhe um pouco e observe a vida ao redor: tudo se renova, inclusive voc\u00ea<\/li>\n\n\n\n<li>Escreva o que sente, mesmo que bagun\u00e7ado<\/li>\n<\/ul>\n\n\n\n<p class=\"wp-block-paragraph\">A f\u00e9 se expressa de formas simples. E se fortalece aos poucos, na pr\u00e1tica, no cotidiano.<\/p>\n\n\n\n<h2 class=\"wp-block-heading\">A f\u00e9 que transforma sem fazer barulho<\/h2>\n\n\n\n<p class=\"wp-block-paragraph\">Voc\u00ea n\u00e3o vai ouvir fogos de artif\u00edcio.<br>N\u00e3o vai sentir uma onda m\u00e1gica de luz.<br>Mas de repente, algo muda: <strong>a sua postura.<\/strong><br>Voc\u00ea levanta da cama com mais coragem.<br>Consegue sorrir, mesmo com dor.<br>Come\u00e7a a ver possibilidades onde antes s\u00f3 via muros.<br>E ent\u00e3o percebe: <strong>a f\u00e9 agiu.<\/strong><\/p>\n\n\n\n<p class=\"wp-block-paragraph\">Ela te sustentou sem que voc\u00ea percebesse.<br>Ela plantou raiz no caos.<br>Ela foi te reconstruindo por dentro.<\/p>\n\n\n\n<h2 class=\"wp-block-heading\">E o milagre? Ele vem?<\/h2>\n\n\n\n<p class=\"wp-block-paragraph\">Sim. \u00c0s vezes vem como voc\u00ea espera.<br>Mas na maioria das vezes, <strong>ele vem de outro jeito.<\/strong><\/p>\n\n\n\n<ul class=\"wp-block-list\">\n<li>Vem em forma de paz, quando tudo ainda est\u00e1 bagun\u00e7ado<\/li>\n\n\n\n<li>Vem como uma pessoa que surge na hora certa<\/li>\n\n\n\n<li>Vem como uma for\u00e7a inexplic\u00e1vel para continuar<\/li>\n\n\n\n<li>Vem como uma oportunidade inesperada<\/li>\n\n\n\n<li>Vem como perd\u00e3o<\/li>\n\n\n\n<li>Vem como al\u00edvio<\/li>\n\n\n\n<li>Vem como f\u00e9 renovada<\/li>\n<\/ul>\n\n\n\n<p class=\"wp-block-paragraph\">Milagre nem sempre \u00e9 cura ou dinheiro ou solu\u00e7\u00e3o imediata.<br>Milagre \u00e9 <strong>n\u00e3o perder a esperan\u00e7a quando tudo parece perdido.<\/strong><\/p>\n\n\n\n<p class=\"wp-block-paragraph\"><strong>Voir aussi\u00a0: <a href=\"https:\/\/www.oracaoefe.com\/fr\/oracao-para-acalmar-o-coracao-angustiado-e-trazer-paz\/\">Ora\u00e7\u00e3o para acalmar o cora\u00e7\u00e3o angustiado e trazer paz<\/a><\/strong><\/p>\n\n\n\n<p class=\"wp-block-paragraph\">24 de abril de 2025<\/p>","protected":false},"excerpt":{"rendered":"<p>Tem dias que parecem escuros demais. O ch\u00e3o desaparece, a esperan\u00e7a se esconde, e tudo o que a gente sente \u00e9 um sil\u00eancio duro, quase sufocante. A vida vira um peso, e as perguntas surgem em sil\u00eancio: \u201cSer\u00e1 que eu aguento?\u201d ou \u201cPor que isso est\u00e1 acontecendo comigo?\u201d \u00c9 justamente nesses momentos \u2014 quando tudo&hellip;&nbsp;<\/p>","protected":false},"author":3,"featured_media":3546,"comment_status":"closed","ping_status":"closed","sticky":false,"template":"","format":"standard","meta":{"neve_meta_sidebar":"","neve_meta_container":"","neve_meta_enable_content_width":"","neve_meta_content_width":0,"neve_meta_title_alignment":"","neve_meta_author_avatar":"","neve_post_elements_order":"","neve_meta_disable_header":"","neve_meta_disable_footer":"","neve_meta_disable_title":"","footnotes":""},"categories":[3],"tags":[],"class_list":["post-3530","post","type-post","status-publish","format-standard","has-post-thumbnail","hentry","category-fe"],"yoast_head":"<!-- This site is optimized with the Yoast SEO plugin v28.4 - https:\/\/yoast.com\/product\/yoast-seo-wordpress\/ -->\n<title>Quando tudo parece perdido, \u00e9 a\u00ed que a f\u00e9 come\u00e7a a agir - Ora\u00e7\u00e3o e F\u00e9<\/title>\n<meta name=\"description\" content=\"Deus tem pra voc\u00ea uma palavra de vida!\" \/>\n<meta name=\"robots\" content=\"index, follow, max-snippet:-1, max-image-preview:large, max-video-preview:-1\" \/>\n<link rel=\"canonical\" href=\"https:\/\/www.oracaoefe.com\/fr\/quando-tudo-parece-perdido-e-ai-que-a-fe-comeca-a-agir\/\" \/>\n<meta property=\"og:locale\" content=\"fr_FR\" \/>\n<meta property=\"og:type\" content=\"article\" \/>\n<meta property=\"og:title\" content=\"Quando tudo parece perdido, \u00e9 a\u00ed que a f\u00e9 come\u00e7a a agir - Ora\u00e7\u00e3o e F\u00e9\" \/>\n<meta property=\"og:description\" content=\"Deus tem pra voc\u00ea uma palavra de vida!\" \/>\n<meta property=\"og:url\" content=\"https:\/\/www.oracaoefe.com\/fr\/quando-tudo-parece-perdido-e-ai-que-a-fe-comeca-a-agir\/\" \/>\n<meta property=\"og:site_name\" content=\"Ora\u00e7\u00e3o e F\u00e9\" \/>\n<meta property=\"article:published_time\" content=\"2025-04-24T09:00:00+00:00\" \/>\n<meta property=\"article:modified_time\" content=\"2025-12-16T16:11:14+00:00\" \/>\n<meta property=\"og:image\" content=\"https:\/\/www.oracaoefe.com\/wp-content\/uploads\/2025\/04\/quando_tudo_parece_perdido_fe_paisagem.webp\" \/>\n\t<meta property=\"og:image:width\" content=\"1536\" \/>\n\t<meta property=\"og:image:height\" content=\"1024\" \/>\n\t<meta property=\"og:image:type\" content=\"image\/webp\" \/>\n<meta name=\"author\" content=\"Michele Azevedo\" \/>\n<meta name=\"twitter:card\" content=\"summary_large_image\" \/>\n<meta name=\"twitter:label1\" content=\"\u00c9crit par\" \/>\n\t<meta name=\"twitter:data1\" content=\"Michele Azevedo\" \/>\n\t<meta name=\"twitter:label2\" content=\"Dur\u00e9e de lecture estim\u00e9e\" \/>\n\t<meta name=\"twitter:data2\" content=\"5 minutes\" \/>\n<script type=\"application\/ld+json\" class=\"yoast-schema-graph\">{\"@context\":\"https:\\\/\\\/schema.org\",\"@graph\":[{\"@type\":\"Article\",\"@id\":\"https:\\\/\\\/www.oracaoefe.com\\\/quando-tudo-parece-perdido-e-ai-que-a-fe-comeca-a-agir\\\/#article\",\"isPartOf\":{\"@id\":\"https:\\\/\\\/www.oracaoefe.com\\\/quando-tudo-parece-perdido-e-ai-que-a-fe-comeca-a-agir\\\/\"},\"author\":{\"name\":\"Michele Azevedo\",\"@id\":\"https:\\\/\\\/www.oracaoefe.com\\\/#\\\/schema\\\/person\\\/17283c669442cf005c4d5bb58adfb7f5\"},\"headline\":\"Quando tudo parece perdido, \u00e9 a\u00ed que a f\u00e9 come\u00e7a a agir\",\"datePublished\":\"2025-04-24T09:00:00+00:00\",\"dateModified\":\"2025-12-16T16:11:14+00:00\",\"mainEntityOfPage\":{\"@id\":\"https:\\\/\\\/www.oracaoefe.com\\\/quando-tudo-parece-perdido-e-ai-que-a-fe-comeca-a-agir\\\/\"},\"wordCount\":928,\"image\":{\"@id\":\"https:\\\/\\\/www.oracaoefe.com\\\/quando-tudo-parece-perdido-e-ai-que-a-fe-comeca-a-agir\\\/#primaryimage\"},\"thumbnailUrl\":\"https:\\\/\\\/www.oracaoefe.com\\\/wp-content\\\/uploads\\\/2025\\\/04\\\/quando_tudo_parece_perdido_fe_paisagem.webp\",\"articleSection\":[\"F\u00e9\"],\"inLanguage\":\"fr-FR\"},{\"@type\":\"WebPage\",\"@id\":\"https:\\\/\\\/www.oracaoefe.com\\\/quando-tudo-parece-perdido-e-ai-que-a-fe-comeca-a-agir\\\/\",\"url\":\"https:\\\/\\\/www.oracaoefe.com\\\/quando-tudo-parece-perdido-e-ai-que-a-fe-comeca-a-agir\\\/\",\"name\":\"Quando tudo parece perdido, \u00e9 a\u00ed que a f\u00e9 come\u00e7a a agir - Ora\u00e7\u00e3o e F\u00e9\",\"isPartOf\":{\"@id\":\"https:\\\/\\\/www.oracaoefe.com\\\/#website\"},\"primaryImageOfPage\":{\"@id\":\"https:\\\/\\\/www.oracaoefe.com\\\/quando-tudo-parece-perdido-e-ai-que-a-fe-comeca-a-agir\\\/#primaryimage\"},\"image\":{\"@id\":\"https:\\\/\\\/www.oracaoefe.com\\\/quando-tudo-parece-perdido-e-ai-que-a-fe-comeca-a-agir\\\/#primaryimage\"},\"thumbnailUrl\":\"https:\\\/\\\/www.oracaoefe.com\\\/wp-content\\\/uploads\\\/2025\\\/04\\\/quando_tudo_parece_perdido_fe_paisagem.webp\",\"datePublished\":\"2025-04-24T09:00:00+00:00\",\"dateModified\":\"2025-12-16T16:11:14+00:00\",\"author\":{\"@id\":\"https:\\\/\\\/www.oracaoefe.com\\\/#\\\/schema\\\/person\\\/17283c669442cf005c4d5bb58adfb7f5\"},\"description\":\"Deus tem pra voc\u00ea uma palavra de vida!\",\"breadcrumb\":{\"@id\":\"https:\\\/\\\/www.oracaoefe.com\\\/quando-tudo-parece-perdido-e-ai-que-a-fe-comeca-a-agir\\\/#breadcrumb\"},\"inLanguage\":\"fr-FR\",\"potentialAction\":[{\"@type\":\"ReadAction\",\"target\":[\"https:\\\/\\\/www.oracaoefe.com\\\/quando-tudo-parece-perdido-e-ai-que-a-fe-comeca-a-agir\\\/\"]}]},{\"@type\":\"ImageObject\",\"inLanguage\":\"fr-FR\",\"@id\":\"https:\\\/\\\/www.oracaoefe.com\\\/quando-tudo-parece-perdido-e-ai-que-a-fe-comeca-a-agir\\\/#primaryimage\",\"url\":\"https:\\\/\\\/www.oracaoefe.com\\\/wp-content\\\/uploads\\\/2025\\\/04\\\/quando_tudo_parece_perdido_fe_paisagem.webp\",\"contentUrl\":\"https:\\\/\\\/www.oracaoefe.com\\\/wp-content\\\/uploads\\\/2025\\\/04\\\/quando_tudo_parece_perdido_fe_paisagem.webp\",\"width\":1536,\"height\":1024},{\"@type\":\"BreadcrumbList\",\"@id\":\"https:\\\/\\\/www.oracaoefe.com\\\/quando-tudo-parece-perdido-e-ai-que-a-fe-comeca-a-agir\\\/#breadcrumb\",\"itemListElement\":[{\"@type\":\"ListItem\",\"position\":1,\"name\":\"Home\",\"item\":\"https:\\\/\\\/www.oracaoefe.com\\\/\"},{\"@type\":\"ListItem\",\"position\":2,\"name\":\"F\u00e9\",\"item\":\"https:\\\/\\\/www.oracaoefe.com\\\/es\\\/categoria\\\/fe\\\/\"},{\"@type\":\"ListItem\",\"position\":3,\"name\":\"Quando tudo parece perdido, \u00e9 a\u00ed que a f\u00e9 come\u00e7a a agir\"}]},{\"@type\":\"WebSite\",\"@id\":\"https:\\\/\\\/www.oracaoefe.com\\\/#website\",\"url\":\"https:\\\/\\\/www.oracaoefe.com\\\/\",\"name\":\"Ora\u00e7\u00e3o e F\u00e9\",\"description\":\"\",\"potentialAction\":[{\"@type\":\"SearchAction\",\"target\":{\"@type\":\"EntryPoint\",\"urlTemplate\":\"https:\\\/\\\/www.oracaoefe.com\\\/?s={search_term_string}\"},\"query-input\":{\"@type\":\"PropertyValueSpecification\",\"valueRequired\":true,\"valueName\":\"search_term_string\"}}],\"inLanguage\":\"fr-FR\"},{\"@type\":\"Person\",\"@id\":\"https:\\\/\\\/www.oracaoefe.com\\\/#\\\/schema\\\/person\\\/17283c669442cf005c4d5bb58adfb7f5\",\"name\":\"Michele Azevedo\",\"image\":{\"@type\":\"ImageObject\",\"inLanguage\":\"fr-FR\",\"@id\":\"https:\\\/\\\/secure.gravatar.com\\\/avatar\\\/6b0eb9d22841282815e2cd856a0061c45e1761cd54b22e952d98c4746939aa85?s=96&d=mm&r=g\",\"url\":\"https:\\\/\\\/secure.gravatar.com\\\/avatar\\\/6b0eb9d22841282815e2cd856a0061c45e1761cd54b22e952d98c4746939aa85?s=96&d=mm&r=g\",\"contentUrl\":\"https:\\\/\\\/secure.gravatar.com\\\/avatar\\\/6b0eb9d22841282815e2cd856a0061c45e1761cd54b22e952d98c4746939aa85?s=96&d=mm&r=g\",\"caption\":\"Michele Azevedo\"},\"description\":\"Formada em Letras - Portugu\u00eas\\\/ Ingl\u00eas pela Universidade Estadual de Ponta Grossa (UEPG), p\u00f3s-graduada em Arte na Educa\u00e7\u00e3o (FAPI) e Psicopedagogia Escolar (FAPI), idealizadora e propriet\u00e1ria do site Escritora de Sucesso, possui experi\u00eancia em escrita para blogs em geral e atua como redatora e revisora dos conte\u00fados do Ora\u00e7\u00e3o e F\u00e9.\",\"url\":\"https:\\\/\\\/www.oracaoefe.com\\\/fr\\\/author\\\/michele-azevedo\\\/\"}]}<\/script>\n<!-- \/ Yoast SEO plugin. -->","yoast_head_json":{"title":"Quando tudo parece perdido, \u00e9 a\u00ed que a f\u00e9 come\u00e7a a agir - Ora\u00e7\u00e3o e F\u00e9","description":"Dieu a une parole de vie pour vous !","robots":{"index":"index","follow":"follow","max-snippet":"max-snippet:-1","max-image-preview":"max-image-preview:large","max-video-preview":"max-video-preview:-1"},"canonical":"https:\/\/www.oracaoefe.com\/fr\/quando-tudo-parece-perdido-e-ai-que-a-fe-comeca-a-agir\/","og_locale":"fr_FR","og_type":"article","og_title":"Quando tudo parece perdido, \u00e9 a\u00ed que a f\u00e9 come\u00e7a a agir - Ora\u00e7\u00e3o e F\u00e9","og_description":"Deus tem pra voc\u00ea uma palavra de vida!","og_url":"https:\/\/www.oracaoefe.com\/fr\/quando-tudo-parece-perdido-e-ai-que-a-fe-comeca-a-agir\/","og_site_name":"Ora\u00e7\u00e3o e F\u00e9","article_published_time":"2025-04-24T09:00:00+00:00","article_modified_time":"2025-12-16T16:11:14+00:00","og_image":[{"width":1536,"height":1024,"url":"https:\/\/www.oracaoefe.com\/wp-content\/uploads\/2025\/04\/quando_tudo_parece_perdido_fe_paisagem.webp","type":"image\/webp"}],"author":"Michele Azevedo","twitter_card":"summary_large_image","twitter_misc":{"\u00c9crit par":"Michele Azevedo","Dur\u00e9e de lecture estim\u00e9e":"5 minutes"},"schema":{"@context":"https:\/\/schema.org","@graph":[{"@type":"Article","@id":"https:\/\/www.oracaoefe.com\/quando-tudo-parece-perdido-e-ai-que-a-fe-comeca-a-agir\/#article","isPartOf":{"@id":"https:\/\/www.oracaoefe.com\/quando-tudo-parece-perdido-e-ai-que-a-fe-comeca-a-agir\/"},"author":{"name":"Michele Azevedo","@id":"https:\/\/www.oracaoefe.com\/#\/schema\/person\/17283c669442cf005c4d5bb58adfb7f5"},"headline":"Quando tudo parece perdido, \u00e9 a\u00ed que a f\u00e9 come\u00e7a a agir","datePublished":"2025-04-24T09:00:00+00:00","dateModified":"2025-12-16T16:11:14+00:00","mainEntityOfPage":{"@id":"https:\/\/www.oracaoefe.com\/quando-tudo-parece-perdido-e-ai-que-a-fe-comeca-a-agir\/"},"wordCount":928,"image":{"@id":"https:\/\/www.oracaoefe.com\/quando-tudo-parece-perdido-e-ai-que-a-fe-comeca-a-agir\/#primaryimage"},"thumbnailUrl":"https:\/\/www.oracaoefe.com\/wp-content\/uploads\/2025\/04\/quando_tudo_parece_perdido_fe_paisagem.webp","articleSection":["F\u00e9"],"inLanguage":"fr-FR"},{"@type":"WebPage","@id":"https:\/\/www.oracaoefe.com\/quando-tudo-parece-perdido-e-ai-que-a-fe-comeca-a-agir\/","url":"https:\/\/www.oracaoefe.com\/quando-tudo-parece-perdido-e-ai-que-a-fe-comeca-a-agir\/","name":"Quando tudo parece perdido, \u00e9 a\u00ed que a f\u00e9 come\u00e7a a agir - Ora\u00e7\u00e3o e F\u00e9","isPartOf":{"@id":"https:\/\/www.oracaoefe.com\/#website"},"primaryImageOfPage":{"@id":"https:\/\/www.oracaoefe.com\/quando-tudo-parece-perdido-e-ai-que-a-fe-comeca-a-agir\/#primaryimage"},"image":{"@id":"https:\/\/www.oracaoefe.com\/quando-tudo-parece-perdido-e-ai-que-a-fe-comeca-a-agir\/#primaryimage"},"thumbnailUrl":"https:\/\/www.oracaoefe.com\/wp-content\/uploads\/2025\/04\/quando_tudo_parece_perdido_fe_paisagem.webp","datePublished":"2025-04-24T09:00:00+00:00","dateModified":"2025-12-16T16:11:14+00:00","author":{"@id":"https:\/\/www.oracaoefe.com\/#\/schema\/person\/17283c669442cf005c4d5bb58adfb7f5"},"description":"Dieu a une parole de vie pour vous !","breadcrumb":{"@id":"https:\/\/www.oracaoefe.com\/quando-tudo-parece-perdido-e-ai-que-a-fe-comeca-a-agir\/#breadcrumb"},"inLanguage":"fr-FR","potentialAction":[{"@type":"ReadAction","target":["https:\/\/www.oracaoefe.com\/quando-tudo-parece-perdido-e-ai-que-a-fe-comeca-a-agir\/"]}]},{"@type":"ImageObject","inLanguage":"fr-FR","@id":"https:\/\/www.oracaoefe.com\/quando-tudo-parece-perdido-e-ai-que-a-fe-comeca-a-agir\/#primaryimage","url":"https:\/\/www.oracaoefe.com\/wp-content\/uploads\/2025\/04\/quando_tudo_parece_perdido_fe_paisagem.webp","contentUrl":"https:\/\/www.oracaoefe.com\/wp-content\/uploads\/2025\/04\/quando_tudo_parece_perdido_fe_paisagem.webp","width":1536,"height":1024},{"@type":"BreadcrumbList","@id":"https:\/\/www.oracaoefe.com\/quando-tudo-parece-perdido-e-ai-que-a-fe-comeca-a-agir\/#breadcrumb","itemListElement":[{"@type":"ListItem","position":1,"name":"Home","item":"https:\/\/www.oracaoefe.com\/"},{"@type":"ListItem","position":2,"name":"F\u00e9","item":"https:\/\/www.oracaoefe.com\/es\/categoria\/fe\/"},{"@type":"ListItem","position":3,"name":"Quando tudo parece perdido, \u00e9 a\u00ed que a f\u00e9 come\u00e7a a agir"}]},{"@type":"WebSite","@id":"https:\/\/www.oracaoefe.com\/#website","url":"https:\/\/www.oracaoefe.com\/","name":"Pri\u00e8re et foi","description":"","potentialAction":[{"@type":"SearchAction","target":{"@type":"EntryPoint","urlTemplate":"https:\/\/www.oracaoefe.com\/?s={search_term_string}"},"query-input":{"@type":"PropertyValueSpecification","valueRequired":true,"valueName":"search_term_string"}}],"inLanguage":"fr-FR"},{"@type":"Person","@id":"https:\/\/www.oracaoefe.com\/#\/schema\/person\/17283c669442cf005c4d5bb58adfb7f5","name":"Michele Azevedo","image":{"@type":"ImageObject","inLanguage":"fr-FR","@id":"https:\/\/secure.gravatar.com\/avatar\/6b0eb9d22841282815e2cd856a0061c45e1761cd54b22e952d98c4746939aa85?s=96&d=mm&r=g","url":"https:\/\/secure.gravatar.com\/avatar\/6b0eb9d22841282815e2cd856a0061c45e1761cd54b22e952d98c4746939aa85?s=96&d=mm&r=g","contentUrl":"https:\/\/secure.gravatar.com\/avatar\/6b0eb9d22841282815e2cd856a0061c45e1761cd54b22e952d98c4746939aa85?s=96&d=mm&r=g","caption":"Michele Azevedo"},"description":"Dipl\u00f4m\u00e9e en litt\u00e9rature portugaise\/anglaise de l&#039;Universit\u00e9 d&#039;\u00c9tat de Ponta Grossa (UEPG), avec des dipl\u00f4mes de troisi\u00e8me cycle en art dans l&#039;\u00e9ducation (FAPI) et en psychop\u00e9dagogie scolaire (FAPI), elle est la cr\u00e9atrice et propri\u00e9taire du site web Escritora de Sucesso, a de l&#039;exp\u00e9rience dans l&#039;\u00e9criture pour les blogs en g\u00e9n\u00e9ral et travaille comme r\u00e9dactrice et \u00e9ditrice du contenu pour Ora\u00e7\u00e3o e F\u00e9.","url":"https:\/\/www.oracaoefe.com\/fr\/author\/michele-azevedo\/"}]}},"_links":{"self":[{"href":"https:\/\/www.oracaoefe.com\/fr\/wp-json\/wp\/v2\/posts\/3530","targetHints":{"allow":["GET"]}}],"collection":[{"href":"https:\/\/www.oracaoefe.com\/fr\/wp-json\/wp\/v2\/posts"}],"about":[{"href":"https:\/\/www.oracaoefe.com\/fr\/wp-json\/wp\/v2\/types\/post"}],"author":[{"embeddable":true,"href":"https:\/\/www.oracaoefe.com\/fr\/wp-json\/wp\/v2\/users\/3"}],"replies":[{"embeddable":true,"href":"https:\/\/www.oracaoefe.com\/fr\/wp-json\/wp\/v2\/comments?post=3530"}],"version-history":[{"count":2,"href":"https:\/\/www.oracaoefe.com\/fr\/wp-json\/wp\/v2\/posts\/3530\/revisions"}],"predecessor-version":[{"id":3551,"href":"https:\/\/www.oracaoefe.com\/fr\/wp-json\/wp\/v2\/posts\/3530\/revisions\/3551"}],"wp:featuredmedia":[{"embeddable":true,"href":"https:\/\/www.oracaoefe.com\/fr\/wp-json\/wp\/v2\/media\/3546"}],"wp:attachment":[{"href":"https:\/\/www.oracaoefe.com\/fr\/wp-json\/wp\/v2\/media?parent=3530"}],"wp:term":[{"taxonomy":"category","embeddable":true,"href":"https:\/\/www.oracaoefe.com\/fr\/wp-json\/wp\/v2\/categories?post=3530"},{"taxonomy":"post_tag","embeddable":true,"href":"https:\/\/www.oracaoefe.com\/fr\/wp-json\/wp\/v2\/tags?post=3530"}],"curies":[{"name":"wp","href":"https:\/\/api.w.org\/{rel}","templated":true}]}}