{"id":3528,"date":"2025-04-22T21:50:54","date_gmt":"2025-04-23T00:50:54","guid":{"rendered":"https:\/\/www.oracaoefe.com\/?p=3528"},"modified":"2025-12-16T13:11:14","modified_gmt":"2025-12-16T16:11:14","slug":"voce-sabia-esses-alimentos-foram-citados-como-sagrados-nas-escrituras","status":"publish","type":"post","link":"https:\/\/www.oracaoefe.com\/fr\/voce-sabia-esses-alimentos-foram-citados-como-sagrados-nas-escrituras\/","title":{"rendered":"Voc\u00ea sabia? Esses alimentos foram citados como sagrados nas escrituras"},"content":{"rendered":"<p class=\"wp-block-paragraph\">Ao longo da hist\u00f3ria, <strong>a comida sempre teve um papel simb\u00f3lico e espiritual<\/strong>. E nas escrituras sagradas \u2014 como a B\u00edblia, a Tor\u00e1 e o Alcor\u00e3o \u2014 <strong>certos alimentos s\u00e3o mencionados n\u00e3o apenas como sustento f\u00edsico, mas tamb\u00e9m como parte da rela\u00e7\u00e3o entre o ser humano e o divino.<\/strong><\/p>\n\n\n\n<p class=\"wp-block-paragraph\">Muitos desses alimentos s\u00e3o considerados sagrados at\u00e9 hoje, seja por seu significado espiritual, seu uso em rituais ou simplesmente por serem citados em momentos marcantes de f\u00e9. Neste post, voc\u00ea vai conhecer <strong>quais s\u00e3o esses alimentos, o que eles representam e onde s\u00e3o mencionados nas escrituras.<\/strong><\/p>\n\n\n\n<p class=\"wp-block-paragraph\">Prepare-se para redescobrir o p\u00e3o, o vinho, o mel e at\u00e9 as rom\u00e3s com um olhar mais profundo.<\/p>\n\n\n\n<figure class=\"wp-block-image size-large\"><img loading=\"lazy\" decoding=\"async\" width=\"1024\" height=\"683\" src=\"https:\/\/www.oracaoefe.com\/wp-content\/uploads\/2025\/04\/alimentos_sagrados_nas_escrituras-1024x683.webp\" alt=\"\" class=\"wp-image-3544\" srcset=\"https:\/\/www.oracaoefe.com\/wp-content\/uploads\/2025\/04\/alimentos_sagrados_nas_escrituras-1024x683.webp 1024w, https:\/\/www.oracaoefe.com\/wp-content\/uploads\/2025\/04\/alimentos_sagrados_nas_escrituras-300x200.webp 300w, https:\/\/www.oracaoefe.com\/wp-content\/uploads\/2025\/04\/alimentos_sagrados_nas_escrituras-768x512.webp 768w, https:\/\/www.oracaoefe.com\/wp-content\/uploads\/2025\/04\/alimentos_sagrados_nas_escrituras-18x12.webp 18w, https:\/\/www.oracaoefe.com\/wp-content\/uploads\/2025\/04\/alimentos_sagrados_nas_escrituras.webp 1536w\" sizes=\"auto, (max-width: 1024px) 100vw, 1024px\" \/><\/figure>\n\n\n\n<h2 class=\"wp-block-heading\">1# P\u00e3o \u2014 s\u00edmbolo da provis\u00e3o divina<\/h2>\n\n\n\n<p class=\"wp-block-paragraph\">O p\u00e3o \u00e9, sem d\u00favida, <strong>um dos alimentos mais sagrados das escrituras.<\/strong> Ele aparece diversas vezes na B\u00edblia como s\u00edmbolo da provis\u00e3o de Deus ao seu povo. No Antigo Testamento, o \u201cman\u00e1\u201d enviado do c\u00e9u era uma forma divina de alimentar os israelitas no deserto.<\/p>\n\n\n\n<p class=\"wp-block-paragraph\">No Novo Testamento, o p\u00e3o ganha ainda mais destaque com a figura de Jesus:<\/p>\n\n\n\n<blockquote class=\"wp-block-quote is-layout-flow wp-block-quote-is-layout-flow\">\n<p class=\"wp-block-paragraph\">\u201cEu sou o p\u00e3o da vida. Aquele que vem a mim nunca ter\u00e1 fome.\u201d \u2014 Jo\u00e3o 6:35<\/p>\n<\/blockquote>\n\n\n\n<p class=\"wp-block-paragraph\">Na Santa Ceia, Jesus parte o p\u00e3o e o oferece aos disc\u00edpulos como representa\u00e7\u00e3o do seu corpo, criando um dos rituais mais profundos da f\u00e9 crist\u00e3.<\/p>\n\n\n\n<p class=\"wp-block-paragraph\">Mais do que um alimento, <strong>o p\u00e3o representa sustento, comunh\u00e3o e f\u00e9.<\/strong><\/p>\n\n\n\n<h2 class=\"wp-block-heading\">2# Vinho \u2014 s\u00edmbolo de alian\u00e7a e celebra\u00e7\u00e3o<\/h2>\n\n\n\n<p class=\"wp-block-paragraph\">O vinho tamb\u00e9m \u00e9 fortemente presente nas escrituras. No Antigo Testamento, \u00e9 associado \u00e0 <strong>alegria e abund\u00e2ncia.<\/strong> No Novo Testamento, Jesus transforma \u00e1gua em vinho no primeiro milagre, durante as bodas de Can\u00e1, simbolizando <strong>novos come\u00e7os e celebra\u00e7\u00e3o.<\/strong><\/p>\n\n\n\n<p class=\"wp-block-paragraph\">Na Ceia, o vinho representa o sangue de Cristo, <strong>selo de uma nova alian\u00e7a entre Deus e a humanidade.<\/strong><\/p>\n\n\n\n<blockquote class=\"wp-block-quote is-layout-flow wp-block-quote-is-layout-flow\">\n<p class=\"wp-block-paragraph\">\u201cEste c\u00e1lice \u00e9 a nova alian\u00e7a no meu sangue.\u201d \u2014 Lucas 22:20<\/p>\n<\/blockquote>\n\n\n\n<p class=\"wp-block-paragraph\">Para os judeus, o vinho tamb\u00e9m tem forte presen\u00e7a em rituais como o Shabat, e representa <strong>alegria e santifica\u00e7\u00e3o.<\/strong><\/p>\n\n\n\n<h2 class=\"wp-block-heading\">3# Mel \u2014 do\u00e7ura da Palavra e da promessa<\/h2>\n\n\n\n<p class=\"wp-block-paragraph\">O mel \u00e9 citado diversas vezes na B\u00edblia como um presente da natureza e uma met\u00e1fora para aquilo que \u00e9 <strong>agrad\u00e1vel, puro e precioso.<\/strong><\/p>\n\n\n\n<p class=\"wp-block-paragraph\">A famosa descri\u00e7\u00e3o da Terra Prometida como &#8220;terra que mana leite e mel&#8221; (\u00caxodo 3:17) representa <strong>abund\u00e2ncia, fertilidade e b\u00ean\u00e7\u00e3os divinas.<\/strong><\/p>\n\n\n\n<blockquote class=\"wp-block-quote is-layout-flow wp-block-quote-is-layout-flow\">\n<p class=\"wp-block-paragraph\">\u201cQu\u00e3o doces s\u00e3o as tuas palavras ao meu paladar, mais doces do que o mel \u00e0 minha boca!\u201d \u2014 Salmos 119:103<\/p>\n<\/blockquote>\n\n\n\n<p class=\"wp-block-paragraph\">Na tradi\u00e7\u00e3o isl\u00e2mica, o mel tamb\u00e9m \u00e9 mencionado como <strong>alimento curativo<\/strong>, tanto no corpo quanto na alma, como aparece na surata 16 (An-Nahl).<\/p>\n\n\n\n<h2 class=\"wp-block-heading\">4# Azeite de oliva \u2014 s\u00edmbolo de un\u00e7\u00e3o, cura e luz<\/h2>\n\n\n\n<p class=\"wp-block-paragraph\">O azeite de oliva vai muito al\u00e9m da culin\u00e1ria: ele era usado para <strong>ungir reis e profetas<\/strong>, curar feridas e alimentar l\u00e2mpadas nos templos.<\/p>\n\n\n\n<p class=\"wp-block-paragraph\">\u00c9 s\u00edmbolo de <strong>un\u00e7\u00e3o, consagra\u00e7\u00e3o, cura e ilumina\u00e7\u00e3o.<\/strong> Nos Salmos, Davi escreve:<\/p>\n\n\n\n<blockquote class=\"wp-block-quote is-layout-flow wp-block-quote-is-layout-flow\">\n<p class=\"wp-block-paragraph\">\u201cUnges a minha cabe\u00e7a com \u00f3leo, o meu c\u00e1lice transborda.\u201d \u2014 Salmo 23:5<\/p>\n<\/blockquote>\n\n\n\n<p class=\"wp-block-paragraph\">Na cultura hebraica, o azeite puro era essencial para o funcionamento do templo. E ainda hoje, em muitas religi\u00f5es, o \u00f3leo \u00e9 usado em b\u00ean\u00e7\u00e3os, batismos e ora\u00e7\u00f5es de cura.<\/p>\n\n\n\n<h2 class=\"wp-block-heading\">5# Rom\u00e3 \u2014 beleza, fertilidade e justi\u00e7a<\/h2>\n\n\n\n<p class=\"wp-block-paragraph\">A rom\u00e3 aparece em diversas passagens b\u00edblicas, tanto em men\u00e7\u00f5es simb\u00f3licas quanto literais. Era usada na ornamenta\u00e7\u00e3o das vestes dos sacerdotes (\u00caxodo 28:33) e em detalhes do templo constru\u00eddo por Salom\u00e3o.<\/p>\n\n\n\n<p class=\"wp-block-paragraph\">Por conter muitas sementes, passou a simbolizar <strong>fertilidade, multiplica\u00e7\u00e3o e prosperidade.<\/strong> Alguns estudiosos dizem que as 613 sementes da rom\u00e3 representam os 613 mandamentos da Tor\u00e1.<\/p>\n\n\n\n<p class=\"wp-block-paragraph\">\u00c9 tamb\u00e9m considerada s\u00edmbolo de <strong>justi\u00e7a e b\u00ean\u00e7\u00e3os espirituais.<\/strong><\/p>\n\n\n\n<h2 class=\"wp-block-heading\">6# Figo \u2014 fruto da reflex\u00e3o e da responsabilidade<\/h2>\n\n\n\n<p class=\"wp-block-paragraph\">O figo tem presen\u00e7a marcante em passagens simb\u00f3licas. No livro de G\u00eanesis, ap\u00f3s comerem do fruto proibido, Ad\u00e3o e Eva <strong>usam folhas de figueira para cobrir sua nudez<\/strong>, mostrando a tomada de consci\u00eancia.<\/p>\n\n\n\n<p class=\"wp-block-paragraph\">Mais adiante, Jesus amaldi\u00e7oa uma figueira sem frutos, como sinal de alerta espiritual:<\/p>\n\n\n\n<blockquote class=\"wp-block-quote is-layout-flow wp-block-quote-is-layout-flow\">\n<p class=\"wp-block-paragraph\">\u201cNunca mais nas\u00e7a fruto de ti.\u201d \u2014 Mateus 21:19<\/p>\n<\/blockquote>\n\n\n\n<p class=\"wp-block-paragraph\">Na tradi\u00e7\u00e3o judaica, o figo representa tamb\u00e9m <strong>a import\u00e2ncia de dar frutos espirituais e viver com prop\u00f3sito.<\/strong><\/p>\n\n\n\n<h2 class=\"wp-block-heading\">7# Trigo e cevada \u2014 trabalho, colheita e f\u00e9<\/h2>\n\n\n\n<p class=\"wp-block-paragraph\">O trigo e a cevada eram a base da alimenta\u00e7\u00e3o nos tempos b\u00edblicos e est\u00e3o diretamente ligados \u00e0 <strong>ideia de semeadura, colheita e provis\u00e3o.<\/strong><\/p>\n\n\n\n<p class=\"wp-block-paragraph\">Jesus usa o gr\u00e3o de trigo como met\u00e1fora de morte e ressurrei\u00e7\u00e3o:<\/p>\n\n\n\n<blockquote class=\"wp-block-quote is-layout-flow wp-block-quote-is-layout-flow\">\n<p class=\"wp-block-paragraph\">\u201cSe o gr\u00e3o de trigo, caindo na terra, n\u00e3o morrer, fica ele s\u00f3; mas se morrer, d\u00e1 muito fruto.\u201d \u2014 Jo\u00e3o 12:24<\/p>\n<\/blockquote>\n\n\n\n<p class=\"wp-block-paragraph\">A cevada era o gr\u00e3o mais comum entre os pobres e simboliza tamb\u00e9m <strong>a humildade e o sustento simples, mas sagrado.<\/strong><\/p>\n\n\n\n<h2 class=\"wp-block-heading\">8# Peixes \u2014 provis\u00e3o e miss\u00e3o espiritual<\/h2>\n\n\n\n<p class=\"wp-block-paragraph\">Os peixes aparecem com frequ\u00eancia nos Evangelhos. Jesus multiplica os p\u00e3es e os peixes para alimentar multid\u00f5es e <strong>chama pescadores comuns para serem \u201cpescadores de homens.\u201d<\/strong><\/p>\n\n\n\n<blockquote class=\"wp-block-quote is-layout-flow wp-block-quote-is-layout-flow\">\n<p class=\"wp-block-paragraph\">\u201cSigam-me, e eu os farei pescadores de homens.\u201d \u2014 Mateus 4:19<\/p>\n<\/blockquote>\n\n\n\n<p class=\"wp-block-paragraph\">Na cultura crist\u00e3, o peixe virou s\u00edmbolo da f\u00e9, da miss\u00e3o evangelizadora e da partilha.<\/p>\n\n\n\n<h2 class=\"wp-block-heading\">Por que esses alimentos s\u00e3o considerados sagrados?<\/h2>\n\n\n\n<p class=\"wp-block-paragraph\">Porque carregam significados que v\u00e3o al\u00e9m do prato. Eles representam:<\/p>\n\n\n\n<ul class=\"wp-block-list\">\n<li>A rela\u00e7\u00e3o entre o c\u00e9u e a terra<\/li>\n\n\n\n<li>A provis\u00e3o de Deus nos momentos dif\u00edceis<\/li>\n\n\n\n<li>A gratid\u00e3o e a comunh\u00e3o com os outros<\/li>\n\n\n\n<li>O sagrado que existe no simples<\/li>\n\n\n\n<li>A f\u00e9 vivida de forma concreta<\/li>\n<\/ul>\n\n\n\n<p class=\"wp-block-paragraph\">Mesmo hoje, muitos desses alimentos continuam presentes em <strong>ritos, ora\u00e7\u00f5es, festas e momentos importantes da f\u00e9.<\/strong><\/p>\n\n\n\n<p class=\"wp-block-paragraph\"><strong>Voir aussi\u00a0: <a href=\"https:\/\/www.oracaoefe.com\/fr\/oracao-para-acalmar-o-coracao-angustiado-e-trazer-paz\/\">Ora\u00e7\u00e3o para acalmar o cora\u00e7\u00e3o angustiado e trazer paz<\/a><\/strong><\/p>\n\n\n\n<p class=\"wp-block-paragraph\">22 de abril de 2025<\/p>","protected":false},"excerpt":{"rendered":"<p>Ao longo da hist\u00f3ria, a comida sempre teve um papel simb\u00f3lico e espiritual. E nas escrituras sagradas \u2014 como a B\u00edblia, a Tor\u00e1 e o Alcor\u00e3o \u2014 certos alimentos s\u00e3o mencionados n\u00e3o apenas como sustento f\u00edsico, mas tamb\u00e9m como parte da rela\u00e7\u00e3o entre o ser humano e o divino. Muitos desses alimentos s\u00e3o considerados sagrados&hellip;&nbsp;<\/p>","protected":false},"author":3,"featured_media":3544,"comment_status":"closed","ping_status":"closed","sticky":false,"template":"","format":"standard","meta":{"neve_meta_sidebar":"","neve_meta_container":"","neve_meta_enable_content_width":"","neve_meta_content_width":0,"neve_meta_title_alignment":"","neve_meta_author_avatar":"","neve_post_elements_order":"","neve_meta_disable_header":"","neve_meta_disable_footer":"","neve_meta_disable_title":"","footnotes":""},"categories":[1],"tags":[],"class_list":["post-3528","post","type-post","status-publish","format-standard","has-post-thumbnail","hentry","category-curiosidades"],"yoast_head":"<!-- This site is optimized with the Yoast SEO plugin v28.4 - https:\/\/yoast.com\/product\/yoast-seo-wordpress\/ -->\n<title>Voc\u00ea sabia? Esses alimentos foram citados como sagrados nas escrituras - Ora\u00e7\u00e3o e F\u00e9<\/title>\n<meta name=\"description\" content=\"Deus tem pra voc\u00ea uma palavra de vida!\" \/>\n<meta name=\"robots\" content=\"index, follow, max-snippet:-1, max-image-preview:large, max-video-preview:-1\" \/>\n<link rel=\"canonical\" href=\"https:\/\/www.oracaoefe.com\/fr\/voce-sabia-esses-alimentos-foram-citados-como-sagrados-nas-escrituras\/\" \/>\n<meta property=\"og:locale\" content=\"fr_FR\" \/>\n<meta property=\"og:type\" content=\"article\" \/>\n<meta property=\"og:title\" content=\"Voc\u00ea sabia? Esses alimentos foram citados como sagrados nas escrituras - Ora\u00e7\u00e3o e F\u00e9\" \/>\n<meta property=\"og:description\" content=\"Deus tem pra voc\u00ea uma palavra de vida!\" \/>\n<meta property=\"og:url\" content=\"https:\/\/www.oracaoefe.com\/fr\/voce-sabia-esses-alimentos-foram-citados-como-sagrados-nas-escrituras\/\" \/>\n<meta property=\"og:site_name\" content=\"Ora\u00e7\u00e3o e F\u00e9\" \/>\n<meta property=\"article:published_time\" content=\"2025-04-23T00:50:54+00:00\" \/>\n<meta property=\"article:modified_time\" content=\"2025-12-16T16:11:14+00:00\" \/>\n<meta property=\"og:image\" content=\"https:\/\/www.oracaoefe.com\/wp-content\/uploads\/2025\/04\/alimentos_sagrados_nas_escrituras.webp\" \/>\n\t<meta property=\"og:image:width\" content=\"1536\" \/>\n\t<meta property=\"og:image:height\" content=\"1024\" \/>\n\t<meta property=\"og:image:type\" content=\"image\/webp\" \/>\n<meta name=\"author\" content=\"Michele Azevedo\" \/>\n<meta name=\"twitter:card\" content=\"summary_large_image\" \/>\n<meta name=\"twitter:label1\" content=\"\u00c9crit par\" \/>\n\t<meta name=\"twitter:data1\" content=\"Michele Azevedo\" \/>\n\t<meta name=\"twitter:label2\" content=\"Dur\u00e9e de lecture estim\u00e9e\" \/>\n\t<meta name=\"twitter:data2\" content=\"5 minutes\" \/>\n<script type=\"application\/ld+json\" class=\"yoast-schema-graph\">{\"@context\":\"https:\\\/\\\/schema.org\",\"@graph\":[{\"@type\":\"Article\",\"@id\":\"https:\\\/\\\/www.oracaoefe.com\\\/voce-sabia-esses-alimentos-foram-citados-como-sagrados-nas-escrituras\\\/#article\",\"isPartOf\":{\"@id\":\"https:\\\/\\\/www.oracaoefe.com\\\/voce-sabia-esses-alimentos-foram-citados-como-sagrados-nas-escrituras\\\/\"},\"author\":{\"name\":\"Michele Azevedo\",\"@id\":\"https:\\\/\\\/www.oracaoefe.com\\\/#\\\/schema\\\/person\\\/17283c669442cf005c4d5bb58adfb7f5\"},\"headline\":\"Voc\u00ea sabia? Esses alimentos foram citados como sagrados nas escrituras\",\"datePublished\":\"2025-04-23T00:50:54+00:00\",\"dateModified\":\"2025-12-16T16:11:14+00:00\",\"mainEntityOfPage\":{\"@id\":\"https:\\\/\\\/www.oracaoefe.com\\\/voce-sabia-esses-alimentos-foram-citados-como-sagrados-nas-escrituras\\\/\"},\"wordCount\":991,\"image\":{\"@id\":\"https:\\\/\\\/www.oracaoefe.com\\\/voce-sabia-esses-alimentos-foram-citados-como-sagrados-nas-escrituras\\\/#primaryimage\"},\"thumbnailUrl\":\"https:\\\/\\\/www.oracaoefe.com\\\/wp-content\\\/uploads\\\/2025\\\/04\\\/alimentos_sagrados_nas_escrituras.webp\",\"articleSection\":[\"Curiosidades\"],\"inLanguage\":\"fr-FR\"},{\"@type\":\"WebPage\",\"@id\":\"https:\\\/\\\/www.oracaoefe.com\\\/voce-sabia-esses-alimentos-foram-citados-como-sagrados-nas-escrituras\\\/\",\"url\":\"https:\\\/\\\/www.oracaoefe.com\\\/voce-sabia-esses-alimentos-foram-citados-como-sagrados-nas-escrituras\\\/\",\"name\":\"Voc\u00ea sabia? Esses alimentos foram citados como sagrados nas escrituras - Ora\u00e7\u00e3o e F\u00e9\",\"isPartOf\":{\"@id\":\"https:\\\/\\\/www.oracaoefe.com\\\/#website\"},\"primaryImageOfPage\":{\"@id\":\"https:\\\/\\\/www.oracaoefe.com\\\/voce-sabia-esses-alimentos-foram-citados-como-sagrados-nas-escrituras\\\/#primaryimage\"},\"image\":{\"@id\":\"https:\\\/\\\/www.oracaoefe.com\\\/voce-sabia-esses-alimentos-foram-citados-como-sagrados-nas-escrituras\\\/#primaryimage\"},\"thumbnailUrl\":\"https:\\\/\\\/www.oracaoefe.com\\\/wp-content\\\/uploads\\\/2025\\\/04\\\/alimentos_sagrados_nas_escrituras.webp\",\"datePublished\":\"2025-04-23T00:50:54+00:00\",\"dateModified\":\"2025-12-16T16:11:14+00:00\",\"author\":{\"@id\":\"https:\\\/\\\/www.oracaoefe.com\\\/#\\\/schema\\\/person\\\/17283c669442cf005c4d5bb58adfb7f5\"},\"description\":\"Deus tem pra voc\u00ea uma palavra de vida!\",\"breadcrumb\":{\"@id\":\"https:\\\/\\\/www.oracaoefe.com\\\/voce-sabia-esses-alimentos-foram-citados-como-sagrados-nas-escrituras\\\/#breadcrumb\"},\"inLanguage\":\"fr-FR\",\"potentialAction\":[{\"@type\":\"ReadAction\",\"target\":[\"https:\\\/\\\/www.oracaoefe.com\\\/voce-sabia-esses-alimentos-foram-citados-como-sagrados-nas-escrituras\\\/\"]}]},{\"@type\":\"ImageObject\",\"inLanguage\":\"fr-FR\",\"@id\":\"https:\\\/\\\/www.oracaoefe.com\\\/voce-sabia-esses-alimentos-foram-citados-como-sagrados-nas-escrituras\\\/#primaryimage\",\"url\":\"https:\\\/\\\/www.oracaoefe.com\\\/wp-content\\\/uploads\\\/2025\\\/04\\\/alimentos_sagrados_nas_escrituras.webp\",\"contentUrl\":\"https:\\\/\\\/www.oracaoefe.com\\\/wp-content\\\/uploads\\\/2025\\\/04\\\/alimentos_sagrados_nas_escrituras.webp\",\"width\":1536,\"height\":1024},{\"@type\":\"BreadcrumbList\",\"@id\":\"https:\\\/\\\/www.oracaoefe.com\\\/voce-sabia-esses-alimentos-foram-citados-como-sagrados-nas-escrituras\\\/#breadcrumb\",\"itemListElement\":[{\"@type\":\"ListItem\",\"position\":1,\"name\":\"Home\",\"item\":\"https:\\\/\\\/www.oracaoefe.com\\\/\"},{\"@type\":\"ListItem\",\"position\":2,\"name\":\"Curiosidades\",\"item\":\"https:\\\/\\\/www.oracaoefe.com\\\/es\\\/categoria\\\/curiosidades\\\/\"},{\"@type\":\"ListItem\",\"position\":3,\"name\":\"Voc\u00ea sabia? Esses alimentos foram citados como sagrados nas escrituras\"}]},{\"@type\":\"WebSite\",\"@id\":\"https:\\\/\\\/www.oracaoefe.com\\\/#website\",\"url\":\"https:\\\/\\\/www.oracaoefe.com\\\/\",\"name\":\"Ora\u00e7\u00e3o e F\u00e9\",\"description\":\"\",\"potentialAction\":[{\"@type\":\"SearchAction\",\"target\":{\"@type\":\"EntryPoint\",\"urlTemplate\":\"https:\\\/\\\/www.oracaoefe.com\\\/?s={search_term_string}\"},\"query-input\":{\"@type\":\"PropertyValueSpecification\",\"valueRequired\":true,\"valueName\":\"search_term_string\"}}],\"inLanguage\":\"fr-FR\"},{\"@type\":\"Person\",\"@id\":\"https:\\\/\\\/www.oracaoefe.com\\\/#\\\/schema\\\/person\\\/17283c669442cf005c4d5bb58adfb7f5\",\"name\":\"Michele Azevedo\",\"image\":{\"@type\":\"ImageObject\",\"inLanguage\":\"fr-FR\",\"@id\":\"https:\\\/\\\/secure.gravatar.com\\\/avatar\\\/6b0eb9d22841282815e2cd856a0061c45e1761cd54b22e952d98c4746939aa85?s=96&d=mm&r=g\",\"url\":\"https:\\\/\\\/secure.gravatar.com\\\/avatar\\\/6b0eb9d22841282815e2cd856a0061c45e1761cd54b22e952d98c4746939aa85?s=96&d=mm&r=g\",\"contentUrl\":\"https:\\\/\\\/secure.gravatar.com\\\/avatar\\\/6b0eb9d22841282815e2cd856a0061c45e1761cd54b22e952d98c4746939aa85?s=96&d=mm&r=g\",\"caption\":\"Michele Azevedo\"},\"description\":\"Formada em Letras - Portugu\u00eas\\\/ Ingl\u00eas pela Universidade Estadual de Ponta Grossa (UEPG), p\u00f3s-graduada em Arte na Educa\u00e7\u00e3o (FAPI) e Psicopedagogia Escolar (FAPI), idealizadora e propriet\u00e1ria do site Escritora de Sucesso, possui experi\u00eancia em escrita para blogs em geral e atua como redatora e revisora dos conte\u00fados do Ora\u00e7\u00e3o e F\u00e9.\",\"url\":\"https:\\\/\\\/www.oracaoefe.com\\\/fr\\\/author\\\/michele-azevedo\\\/\"}]}<\/script>\n<!-- \/ Yoast SEO plugin. -->","yoast_head_json":{"title":"Voc\u00ea sabia? Esses alimentos foram citados como sagrados nas escrituras - Ora\u00e7\u00e3o e F\u00e9","description":"Dieu a une parole de vie pour vous !","robots":{"index":"index","follow":"follow","max-snippet":"max-snippet:-1","max-image-preview":"max-image-preview:large","max-video-preview":"max-video-preview:-1"},"canonical":"https:\/\/www.oracaoefe.com\/fr\/voce-sabia-esses-alimentos-foram-citados-como-sagrados-nas-escrituras\/","og_locale":"fr_FR","og_type":"article","og_title":"Voc\u00ea sabia? Esses alimentos foram citados como sagrados nas escrituras - Ora\u00e7\u00e3o e F\u00e9","og_description":"Deus tem pra voc\u00ea uma palavra de vida!","og_url":"https:\/\/www.oracaoefe.com\/fr\/voce-sabia-esses-alimentos-foram-citados-como-sagrados-nas-escrituras\/","og_site_name":"Ora\u00e7\u00e3o e F\u00e9","article_published_time":"2025-04-23T00:50:54+00:00","article_modified_time":"2025-12-16T16:11:14+00:00","og_image":[{"width":1536,"height":1024,"url":"https:\/\/www.oracaoefe.com\/wp-content\/uploads\/2025\/04\/alimentos_sagrados_nas_escrituras.webp","type":"image\/webp"}],"author":"Michele Azevedo","twitter_card":"summary_large_image","twitter_misc":{"\u00c9crit par":"Michele Azevedo","Dur\u00e9e de lecture estim\u00e9e":"5 minutes"},"schema":{"@context":"https:\/\/schema.org","@graph":[{"@type":"Article","@id":"https:\/\/www.oracaoefe.com\/voce-sabia-esses-alimentos-foram-citados-como-sagrados-nas-escrituras\/#article","isPartOf":{"@id":"https:\/\/www.oracaoefe.com\/voce-sabia-esses-alimentos-foram-citados-como-sagrados-nas-escrituras\/"},"author":{"name":"Michele Azevedo","@id":"https:\/\/www.oracaoefe.com\/#\/schema\/person\/17283c669442cf005c4d5bb58adfb7f5"},"headline":"Voc\u00ea sabia? Esses alimentos foram citados como sagrados nas escrituras","datePublished":"2025-04-23T00:50:54+00:00","dateModified":"2025-12-16T16:11:14+00:00","mainEntityOfPage":{"@id":"https:\/\/www.oracaoefe.com\/voce-sabia-esses-alimentos-foram-citados-como-sagrados-nas-escrituras\/"},"wordCount":991,"image":{"@id":"https:\/\/www.oracaoefe.com\/voce-sabia-esses-alimentos-foram-citados-como-sagrados-nas-escrituras\/#primaryimage"},"thumbnailUrl":"https:\/\/www.oracaoefe.com\/wp-content\/uploads\/2025\/04\/alimentos_sagrados_nas_escrituras.webp","articleSection":["Curiosidades"],"inLanguage":"fr-FR"},{"@type":"WebPage","@id":"https:\/\/www.oracaoefe.com\/voce-sabia-esses-alimentos-foram-citados-como-sagrados-nas-escrituras\/","url":"https:\/\/www.oracaoefe.com\/voce-sabia-esses-alimentos-foram-citados-como-sagrados-nas-escrituras\/","name":"Voc\u00ea sabia? Esses alimentos foram citados como sagrados nas escrituras - Ora\u00e7\u00e3o e F\u00e9","isPartOf":{"@id":"https:\/\/www.oracaoefe.com\/#website"},"primaryImageOfPage":{"@id":"https:\/\/www.oracaoefe.com\/voce-sabia-esses-alimentos-foram-citados-como-sagrados-nas-escrituras\/#primaryimage"},"image":{"@id":"https:\/\/www.oracaoefe.com\/voce-sabia-esses-alimentos-foram-citados-como-sagrados-nas-escrituras\/#primaryimage"},"thumbnailUrl":"https:\/\/www.oracaoefe.com\/wp-content\/uploads\/2025\/04\/alimentos_sagrados_nas_escrituras.webp","datePublished":"2025-04-23T00:50:54+00:00","dateModified":"2025-12-16T16:11:14+00:00","author":{"@id":"https:\/\/www.oracaoefe.com\/#\/schema\/person\/17283c669442cf005c4d5bb58adfb7f5"},"description":"Dieu a une parole de vie pour vous !","breadcrumb":{"@id":"https:\/\/www.oracaoefe.com\/voce-sabia-esses-alimentos-foram-citados-como-sagrados-nas-escrituras\/#breadcrumb"},"inLanguage":"fr-FR","potentialAction":[{"@type":"ReadAction","target":["https:\/\/www.oracaoefe.com\/voce-sabia-esses-alimentos-foram-citados-como-sagrados-nas-escrituras\/"]}]},{"@type":"ImageObject","inLanguage":"fr-FR","@id":"https:\/\/www.oracaoefe.com\/voce-sabia-esses-alimentos-foram-citados-como-sagrados-nas-escrituras\/#primaryimage","url":"https:\/\/www.oracaoefe.com\/wp-content\/uploads\/2025\/04\/alimentos_sagrados_nas_escrituras.webp","contentUrl":"https:\/\/www.oracaoefe.com\/wp-content\/uploads\/2025\/04\/alimentos_sagrados_nas_escrituras.webp","width":1536,"height":1024},{"@type":"BreadcrumbList","@id":"https:\/\/www.oracaoefe.com\/voce-sabia-esses-alimentos-foram-citados-como-sagrados-nas-escrituras\/#breadcrumb","itemListElement":[{"@type":"ListItem","position":1,"name":"Home","item":"https:\/\/www.oracaoefe.com\/"},{"@type":"ListItem","position":2,"name":"Curiosidades","item":"https:\/\/www.oracaoefe.com\/es\/categoria\/curiosidades\/"},{"@type":"ListItem","position":3,"name":"Voc\u00ea sabia? Esses alimentos foram citados como sagrados nas escrituras"}]},{"@type":"WebSite","@id":"https:\/\/www.oracaoefe.com\/#website","url":"https:\/\/www.oracaoefe.com\/","name":"Pri\u00e8re et foi","description":"","potentialAction":[{"@type":"SearchAction","target":{"@type":"EntryPoint","urlTemplate":"https:\/\/www.oracaoefe.com\/?s={search_term_string}"},"query-input":{"@type":"PropertyValueSpecification","valueRequired":true,"valueName":"search_term_string"}}],"inLanguage":"fr-FR"},{"@type":"Person","@id":"https:\/\/www.oracaoefe.com\/#\/schema\/person\/17283c669442cf005c4d5bb58adfb7f5","name":"Michele Azevedo","image":{"@type":"ImageObject","inLanguage":"fr-FR","@id":"https:\/\/secure.gravatar.com\/avatar\/6b0eb9d22841282815e2cd856a0061c45e1761cd54b22e952d98c4746939aa85?s=96&d=mm&r=g","url":"https:\/\/secure.gravatar.com\/avatar\/6b0eb9d22841282815e2cd856a0061c45e1761cd54b22e952d98c4746939aa85?s=96&d=mm&r=g","contentUrl":"https:\/\/secure.gravatar.com\/avatar\/6b0eb9d22841282815e2cd856a0061c45e1761cd54b22e952d98c4746939aa85?s=96&d=mm&r=g","caption":"Michele Azevedo"},"description":"Dipl\u00f4m\u00e9e en litt\u00e9rature portugaise\/anglaise de l&#039;Universit\u00e9 d&#039;\u00c9tat de Ponta Grossa (UEPG), avec des dipl\u00f4mes de troisi\u00e8me cycle en art dans l&#039;\u00e9ducation (FAPI) et en psychop\u00e9dagogie scolaire (FAPI), elle est la cr\u00e9atrice et propri\u00e9taire du site web Escritora de Sucesso, a de l&#039;exp\u00e9rience dans l&#039;\u00e9criture pour les blogs en g\u00e9n\u00e9ral et travaille comme r\u00e9dactrice et \u00e9ditrice du contenu pour Ora\u00e7\u00e3o e F\u00e9.","url":"https:\/\/www.oracaoefe.com\/fr\/author\/michele-azevedo\/"}]}},"_links":{"self":[{"href":"https:\/\/www.oracaoefe.com\/fr\/wp-json\/wp\/v2\/posts\/3528","targetHints":{"allow":["GET"]}}],"collection":[{"href":"https:\/\/www.oracaoefe.com\/fr\/wp-json\/wp\/v2\/posts"}],"about":[{"href":"https:\/\/www.oracaoefe.com\/fr\/wp-json\/wp\/v2\/types\/post"}],"author":[{"embeddable":true,"href":"https:\/\/www.oracaoefe.com\/fr\/wp-json\/wp\/v2\/users\/3"}],"replies":[{"embeddable":true,"href":"https:\/\/www.oracaoefe.com\/fr\/wp-json\/wp\/v2\/comments?post=3528"}],"version-history":[{"count":2,"href":"https:\/\/www.oracaoefe.com\/fr\/wp-json\/wp\/v2\/posts\/3528\/revisions"}],"predecessor-version":[{"id":3545,"href":"https:\/\/www.oracaoefe.com\/fr\/wp-json\/wp\/v2\/posts\/3528\/revisions\/3545"}],"wp:featuredmedia":[{"embeddable":true,"href":"https:\/\/www.oracaoefe.com\/fr\/wp-json\/wp\/v2\/media\/3544"}],"wp:attachment":[{"href":"https:\/\/www.oracaoefe.com\/fr\/wp-json\/wp\/v2\/media?parent=3528"}],"wp:term":[{"taxonomy":"category","embeddable":true,"href":"https:\/\/www.oracaoefe.com\/fr\/wp-json\/wp\/v2\/categories?post=3528"},{"taxonomy":"post_tag","embeddable":true,"href":"https:\/\/www.oracaoefe.com\/fr\/wp-json\/wp\/v2\/tags?post=3528"}],"curies":[{"name":"wp","href":"https:\/\/api.w.org\/{rel}","templated":true}]}}