{"id":3496,"date":"2025-04-13T06:00:00","date_gmt":"2025-04-13T09:00:00","guid":{"rendered":"https:\/\/www.oracaoefe.com\/?p=3496"},"modified":"2025-12-16T13:11:14","modified_gmt":"2025-12-16T16:11:14","slug":"documentarios-religiosos-lancados-em-2025","status":"publish","type":"post","link":"https:\/\/www.oracaoefe.com\/fr\/documentarios-religiosos-lancados-em-2025\/","title":{"rendered":"Document\u00e1rios religiosos lan\u00e7ados em 2025"},"content":{"rendered":"<p class=\"wp-block-paragraph\">Em um mundo onde a f\u00e9 e a espiritualidade ganham novas formas de express\u00e3o a cada ano, <strong>os document\u00e1rios continuam sendo uma ponte poderosa entre a experi\u00eancia humana e o sagrado.<\/strong> E em 2025, esse formato ganhou ainda mais for\u00e7a, com produ\u00e7\u00f5es que emocionam, informam e questionam \u2014 tudo com muito respeito e profundidade.<\/p>\n\n\n\n<p class=\"wp-block-paragraph\">Se voc\u00ea gosta de temas que tocam a alma, abordam a religi\u00e3o com sensibilidade e ainda trazem narrativas reais, este post \u00e9 pra voc\u00ea.<\/p>\n\n\n\n<p class=\"wp-block-paragraph\">A seguir, voc\u00ea confere <strong>os principais document\u00e1rios religiosos lan\u00e7ados em 2025<\/strong> \u2014 obras que chamaram aten\u00e7\u00e3o por suas hist\u00f3rias, mensagens e relev\u00e2ncia.<\/p>\n\n\n\n<figure class=\"wp-block-image size-large\"><img loading=\"lazy\" decoding=\"async\" width=\"1024\" height=\"585\" src=\"https:\/\/www.oracaoefe.com\/wp-content\/uploads\/2025\/03\/image-7-1024x585.png\" alt=\"\" class=\"wp-image-3497\" srcset=\"https:\/\/www.oracaoefe.com\/wp-content\/uploads\/2025\/03\/image-7-1024x585.png 1024w, https:\/\/www.oracaoefe.com\/wp-content\/uploads\/2025\/03\/image-7-300x171.png 300w, https:\/\/www.oracaoefe.com\/wp-content\/uploads\/2025\/03\/image-7-768x439.png 768w, https:\/\/www.oracaoefe.com\/wp-content\/uploads\/2025\/03\/image-7-1536x878.png 1536w, https:\/\/www.oracaoefe.com\/wp-content\/uploads\/2025\/03\/image-7-18x10.png 18w, https:\/\/www.oracaoefe.com\/wp-content\/uploads\/2025\/03\/image-7.png 1792w\" sizes=\"auto, (max-width: 1024px) 100vw, 1024px\" \/><\/figure>\n\n\n\n<h2 class=\"wp-block-heading\">1# Carlo Acutis: Roteiro para a Realidade<\/h2>\n\n\n\n<p class=\"wp-block-paragraph\">Um dos document\u00e1rios mais esperados do ano, <strong>\u201cCarlo Acutis: Roteiro para a Realidade\u201d<\/strong> foi lan\u00e7ado justamente no per\u00edodo em que o jovem italiano est\u00e1 sendo canonizado.<\/p>\n\n\n\n<p class=\"wp-block-paragraph\">Conhecido como o <strong>\u201csanto da internet\u201d<\/strong>, Carlo conquistou o mundo com sua f\u00e9 simples, amor pela Eucaristia e habilidade em usar a tecnologia para evangelizar.<\/p>\n\n\n\n<p class=\"wp-block-paragraph\">O document\u00e1rio mistura:<\/p>\n\n\n\n<ul class=\"wp-block-list\">\n<li>Depoimentos de familiares e amigos<\/li>\n\n\n\n<li>Imagens da inf\u00e2ncia de Carlo<\/li>\n\n\n\n<li>Cenas das peregrina\u00e7\u00f5es feitas por jovens ao seu t\u00famulo<\/li>\n\n\n\n<li>Anima\u00e7\u00f5es suaves que recriam momentos marcantes da vida dele<\/li>\n<\/ul>\n\n\n\n<p class=\"wp-block-paragraph\">A proposta n\u00e3o \u00e9 idolatrar, mas <strong>inspirar<\/strong>. Mostrar que, mesmo em tempos modernos, <strong>a santidade \u00e9 poss\u00edvel \u2014 e pode acontecer no quarto de um adolescente, entre um videogame e uma ora\u00e7\u00e3o.<\/strong><\/p>\n\n\n\n<p class=\"wp-block-paragraph\">\u00c9 um daqueles filmes que tocam fundo e nos fazem refletir sobre como estamos usando nosso tempo, nossa f\u00e9 e nossa conex\u00e3o com o outro.<\/p>\n\n\n\n<h2 class=\"wp-block-heading\">2# A Chama do Carisma<\/h2>\n\n\n\n<p class=\"wp-block-paragraph\">Mais discreto, mas cheio de significado, o document\u00e1rio <strong>\u201cA Chama do Carisma\u201d<\/strong> estreou no YouTube no dia 23 de fevereiro de 2025. Ele apresenta a miss\u00e3o e o dia a dia do Instituto RIC (Religiosas do Instituto de Carisma), mostrando uma realidade que muitas pessoas nunca viram de perto.<\/p>\n\n\n\n<p class=\"wp-block-paragraph\">O document\u00e1rio traz:<\/p>\n\n\n\n<ul class=\"wp-block-list\">\n<li>Entrevistas com religiosas que vivem em comunidade<\/li>\n\n\n\n<li>Relatos de voca\u00e7\u00f5es tardias<\/li>\n\n\n\n<li>Momentos de sil\u00eancio, trabalho manual e ora\u00e7\u00e3o<\/li>\n<\/ul>\n\n\n\n<p class=\"wp-block-paragraph\">\u00c9 uma obra que mostra que <strong>a vida consagrada n\u00e3o est\u00e1 \u201cfora do tempo\u201d<\/strong>. Ela continua sendo um chamado atual, com desafios, ren\u00fancias e uma entrega que inspira.<\/p>\n\n\n\n<p class=\"wp-block-paragraph\">O ritmo \u00e9 mais calmo, mas \u00e9 justamente isso que prende: a sensa\u00e7\u00e3o de estar entrando num mundo onde tudo tem mais sentido e menos pressa.<\/p>\n\n\n\n<h2 class=\"wp-block-heading\">3# Contra o \u00d3dio, Ax\u00e9! Somos Frutos da Resist\u00eancia<\/h2>\n\n\n\n<p class=\"wp-block-paragraph\">Entre os lan\u00e7amentos mais importantes de 2025, est\u00e1 tamb\u00e9m o document\u00e1rio <strong>\u201cContra o \u00d3dio, Ax\u00e9! Somos Frutos da Resist\u00eancia.\u201d<\/strong><\/p>\n\n\n\n<p class=\"wp-block-paragraph\">Diferente dos outros desta lista, ele foca nas religi\u00f5es de matriz africana e traz um olhar necess\u00e1rio sobre o <strong>racismo religioso e a intoler\u00e2ncia vivida pelo povo de terreiro.<\/strong><\/p>\n\n\n\n<p class=\"wp-block-paragraph\">A produ\u00e7\u00e3o \u00e9 forte, sens\u00edvel e corajosa. Mostra:<\/p>\n\n\n\n<ul class=\"wp-block-list\">\n<li>Depoimentos de m\u00e3es e pais de santo<\/li>\n\n\n\n<li>Casos reais de persegui\u00e7\u00e3o e viol\u00eancia<\/li>\n\n\n\n<li>Iniciativas de resist\u00eancia e preserva\u00e7\u00e3o cultural<\/li>\n\n\n\n<li>A beleza dos rituais, da m\u00fasica e da ancestralidade<\/li>\n<\/ul>\n\n\n\n<p class=\"wp-block-paragraph\">Mais do que um document\u00e1rio, \u00e9 um chamado \u00e0 consci\u00eancia. E \u00e0 conviv\u00eancia pac\u00edfica entre diferentes express\u00f5es de f\u00e9.<\/p>\n\n\n\n<p class=\"wp-block-paragraph\">\u00c9 um lembrete de que, <strong>em pleno 2025, ainda precisamos falar de respeito.<\/strong><\/p>\n\n\n\n<h2 class=\"wp-block-heading\">4# F\u00e9 em Tr\u00e2nsito (lan\u00e7amento previsto para o segundo semestre)<\/h2>\n\n\n\n<p class=\"wp-block-paragraph\">Embora ainda n\u00e3o tenha estreado, o document\u00e1rio <strong>\u201cF\u00e9 em Tr\u00e2nsito\u201d<\/strong> j\u00e1 est\u00e1 sendo aguardado com expectativa.<\/p>\n\n\n\n<p class=\"wp-block-paragraph\">A produ\u00e7\u00e3o acompanha hist\u00f3rias de brasileiros que vivem sua f\u00e9 <strong>nas ruas, nos \u00f4nibus, nos metr\u00f4s, nas caminhadas di\u00e1rias.<\/strong><\/p>\n\n\n\n<p class=\"wp-block-paragraph\">O foco est\u00e1 em:<\/p>\n\n\n\n<ul class=\"wp-block-list\">\n<li>Evang\u00e9licos que evangelizam nas cal\u00e7adas<\/li>\n\n\n\n<li>Cat\u00f3licos que rezam o ter\u00e7o nos vag\u00f5es<\/li>\n\n\n\n<li>Esp\u00edritas que fazem trabalhos sociais silenciosos<\/li>\n\n\n\n<li>Pessoas que descobriram a f\u00e9 fora do templo<\/li>\n<\/ul>\n\n\n\n<p class=\"wp-block-paragraph\">A ideia \u00e9 mostrar que <strong>Deus tamb\u00e9m anda por a\u00ed, nos caminhos do cotidiano.<\/strong> Que a espiritualidade n\u00e3o est\u00e1 presa a quatro paredes, mas pulsa nas hist\u00f3rias que cruzam com a nossa todos os dias.<\/p>\n\n\n\n<h2 class=\"wp-block-heading\">5# A Palavra em Movimento<\/h2>\n\n\n\n<p class=\"wp-block-paragraph\">Outro document\u00e1rio que merece aten\u00e7\u00e3o \u00e9 <strong>\u201cA Palavra em Movimento\u201d<\/strong>, lan\u00e7ado por um coletivo crist\u00e3o independente.<\/p>\n\n\n\n<p class=\"wp-block-paragraph\">O filme mostra a jornada de pessoas que <strong>decidiram viver a B\u00edblia com intensidade \u2014 n\u00e3o apenas como leitura, mas como pr\u00e1tica di\u00e1ria.<\/strong><\/p>\n\n\n\n<p class=\"wp-block-paragraph\">Entre os relatos, est\u00e3o:<\/p>\n\n\n\n<ul class=\"wp-block-list\">\n<li>Jovens que vendem tudo para viver em miss\u00e3o<\/li>\n\n\n\n<li>Fam\u00edlias que criam filhos baseadas em princ\u00edpios b\u00edblicos radicais<\/li>\n\n\n\n<li>Experi\u00eancias de perd\u00e3o verdadeiro em contextos extremos<\/li>\n\n\n\n<li>Pessoas que enfrentaram doen\u00e7as e luto com f\u00e9 viva<\/li>\n<\/ul>\n\n\n\n<p class=\"wp-block-paragraph\">O document\u00e1rio emociona porque \u00e9 real. Mostra que <strong>a f\u00e9, quando \u00e9 aut\u00eantica, transforma. N\u00e3o como f\u00f3rmula, mas como estilo de vida.<\/strong><\/p>\n\n\n\n<h2 class=\"wp-block-heading\">O que esses document\u00e1rios revelam sobre a f\u00e9 em 2025?<\/h2>\n\n\n\n<p class=\"wp-block-paragraph\">Apesar dos avan\u00e7os da tecnologia, da correria do mundo e das mudan\u00e7as culturais, uma coisa continua forte: <strong>a busca por sentido.<\/strong><\/p>\n\n\n\n<p class=\"wp-block-paragraph\">Esses document\u00e1rios mostram que a f\u00e9:<\/p>\n\n\n\n<ul class=\"wp-block-list\">\n<li>N\u00e3o \u00e9 coisa do passado<\/li>\n\n\n\n<li>N\u00e3o est\u00e1 limitada a uma religi\u00e3o<\/li>\n\n\n\n<li>N\u00e3o precisa de holofotes para ser verdadeira<\/li>\n\n\n\n<li>N\u00e3o desaparece \u2014 se reinventa<\/li>\n<\/ul>\n\n\n\n<p class=\"wp-block-paragraph\">E isso \u00e9 bonito de ver. Em diferentes vozes, com diferentes est\u00e9ticas, <strong>essas produ\u00e7\u00f5es lembram que o ser humano continua buscando o transcendente.<\/strong> Que continua tentando entender o invis\u00edvel, o divino, o eterno.<\/p>\n\n\n\n<h2 class=\"wp-block-heading\">Onde assistir?<\/h2>\n\n\n\n<p class=\"wp-block-paragraph\">A maioria dos document\u00e1rios citados est\u00e1 dispon\u00edvel em:<\/p>\n\n\n\n<ul class=\"wp-block-list\">\n<li>YouTube (gratuito)<\/li>\n\n\n\n<li>Plataformas crist\u00e3s como Lumine e Telessa\u00fade Cat\u00f3lica<\/li>\n\n\n\n<li>Sites institucionais dos movimentos religiosos envolvidos<\/li>\n\n\n\n<li>Sess\u00f5es especiais em igrejas, centros culturais e escolas<\/li>\n<\/ul>\n\n\n\n<p class=\"wp-block-paragraph\">Vale a pena pesquisar pelos t\u00edtulos ou visitar as p\u00e1ginas dos produtores. Muitos deles tamb\u00e9m disponibilizam materiais extras, como debates, guias de discuss\u00e3o e testemunhos.<\/p>\n\n\n\n<p class=\"wp-block-paragraph\"><strong>Voir aussi\u00a0: <a href=\"https:\/\/www.oracaoefe.com\/fr\/por-que-a-igreja-guarda-o-domingo-e-nao-o-sabado\/\">Por que a Igreja guarda o Domingo e n\u00e3o o S\u00e1bado?<\/a><\/strong><\/p>\n\n\n\n<p class=\"wp-block-paragraph\">13 de abril de 2025<\/p>","protected":false},"excerpt":{"rendered":"<p>Em um mundo onde a f\u00e9 e a espiritualidade ganham novas formas de express\u00e3o a cada ano, os document\u00e1rios continuam sendo uma ponte poderosa entre a experi\u00eancia humana e o sagrado. E em 2025, esse formato ganhou ainda mais for\u00e7a, com produ\u00e7\u00f5es que emocionam, informam e questionam \u2014 tudo com muito respeito e profundidade. Se&hellip;&nbsp;<\/p>","protected":false},"author":3,"featured_media":3497,"comment_status":"closed","ping_status":"closed","sticky":false,"template":"","format":"standard","meta":{"neve_meta_sidebar":"","neve_meta_container":"","neve_meta_enable_content_width":"","neve_meta_content_width":0,"neve_meta_title_alignment":"","neve_meta_author_avatar":"","neve_post_elements_order":"","neve_meta_disable_header":"","neve_meta_disable_footer":"","neve_meta_disable_title":"","footnotes":""},"categories":[4],"tags":[],"class_list":["post-3496","post","type-post","status-publish","format-standard","has-post-thumbnail","hentry","category-fique-por-dentro"],"yoast_head":"<!-- This site is optimized with the Yoast SEO plugin v28.4 - https:\/\/yoast.com\/product\/yoast-seo-wordpress\/ -->\n<title>Document\u00e1rios religiosos lan\u00e7ados em 2025 - Ora\u00e7\u00e3o e F\u00e9<\/title>\n<meta name=\"description\" content=\"Deus tem pra voc\u00ea uma palavra de vida!\" \/>\n<meta name=\"robots\" content=\"index, follow, max-snippet:-1, max-image-preview:large, max-video-preview:-1\" \/>\n<link rel=\"canonical\" href=\"https:\/\/www.oracaoefe.com\/fr\/documentarios-religiosos-lancados-em-2025\/\" \/>\n<meta property=\"og:locale\" content=\"fr_FR\" \/>\n<meta property=\"og:type\" content=\"article\" \/>\n<meta property=\"og:title\" content=\"Document\u00e1rios religiosos lan\u00e7ados em 2025 - Ora\u00e7\u00e3o e F\u00e9\" \/>\n<meta property=\"og:description\" content=\"Deus tem pra voc\u00ea uma palavra de vida!\" \/>\n<meta property=\"og:url\" content=\"https:\/\/www.oracaoefe.com\/fr\/documentarios-religiosos-lancados-em-2025\/\" \/>\n<meta property=\"og:site_name\" content=\"Ora\u00e7\u00e3o e F\u00e9\" \/>\n<meta property=\"article:published_time\" content=\"2025-04-13T09:00:00+00:00\" \/>\n<meta property=\"article:modified_time\" content=\"2025-12-16T16:11:14+00:00\" \/>\n<meta property=\"og:image\" content=\"https:\/\/www.oracaoefe.com\/wp-content\/uploads\/2025\/03\/image-7-1024x585.png\" \/>\n\t<meta property=\"og:image:width\" content=\"1024\" \/>\n\t<meta property=\"og:image:height\" content=\"585\" \/>\n\t<meta property=\"og:image:type\" content=\"image\/png\" \/>\n<meta name=\"author\" content=\"Michele Azevedo\" \/>\n<meta name=\"twitter:card\" content=\"summary_large_image\" \/>\n<meta name=\"twitter:label1\" content=\"\u00c9crit par\" \/>\n\t<meta name=\"twitter:data1\" content=\"Michele Azevedo\" \/>\n\t<meta name=\"twitter:label2\" content=\"Dur\u00e9e de lecture estim\u00e9e\" \/>\n\t<meta name=\"twitter:data2\" content=\"5 minutes\" \/>\n<script type=\"application\/ld+json\" class=\"yoast-schema-graph\">{\"@context\":\"https:\\\/\\\/schema.org\",\"@graph\":[{\"@type\":\"Article\",\"@id\":\"https:\\\/\\\/www.oracaoefe.com\\\/documentarios-religiosos-lancados-em-2025\\\/#article\",\"isPartOf\":{\"@id\":\"https:\\\/\\\/www.oracaoefe.com\\\/documentarios-religiosos-lancados-em-2025\\\/\"},\"author\":{\"name\":\"Michele Azevedo\",\"@id\":\"https:\\\/\\\/www.oracaoefe.com\\\/#\\\/schema\\\/person\\\/17283c669442cf005c4d5bb58adfb7f5\"},\"headline\":\"Document\u00e1rios religiosos lan\u00e7ados em 2025\",\"datePublished\":\"2025-04-13T09:00:00+00:00\",\"dateModified\":\"2025-12-16T16:11:14+00:00\",\"mainEntityOfPage\":{\"@id\":\"https:\\\/\\\/www.oracaoefe.com\\\/documentarios-religiosos-lancados-em-2025\\\/\"},\"wordCount\":967,\"image\":{\"@id\":\"https:\\\/\\\/www.oracaoefe.com\\\/documentarios-religiosos-lancados-em-2025\\\/#primaryimage\"},\"thumbnailUrl\":\"https:\\\/\\\/www.oracaoefe.com\\\/wp-content\\\/uploads\\\/2025\\\/03\\\/image-7.png\",\"articleSection\":[\"Fique por Dentro\"],\"inLanguage\":\"fr-FR\"},{\"@type\":\"WebPage\",\"@id\":\"https:\\\/\\\/www.oracaoefe.com\\\/documentarios-religiosos-lancados-em-2025\\\/\",\"url\":\"https:\\\/\\\/www.oracaoefe.com\\\/documentarios-religiosos-lancados-em-2025\\\/\",\"name\":\"Document\u00e1rios religiosos lan\u00e7ados em 2025 - Ora\u00e7\u00e3o e F\u00e9\",\"isPartOf\":{\"@id\":\"https:\\\/\\\/www.oracaoefe.com\\\/#website\"},\"primaryImageOfPage\":{\"@id\":\"https:\\\/\\\/www.oracaoefe.com\\\/documentarios-religiosos-lancados-em-2025\\\/#primaryimage\"},\"image\":{\"@id\":\"https:\\\/\\\/www.oracaoefe.com\\\/documentarios-religiosos-lancados-em-2025\\\/#primaryimage\"},\"thumbnailUrl\":\"https:\\\/\\\/www.oracaoefe.com\\\/wp-content\\\/uploads\\\/2025\\\/03\\\/image-7.png\",\"datePublished\":\"2025-04-13T09:00:00+00:00\",\"dateModified\":\"2025-12-16T16:11:14+00:00\",\"author\":{\"@id\":\"https:\\\/\\\/www.oracaoefe.com\\\/#\\\/schema\\\/person\\\/17283c669442cf005c4d5bb58adfb7f5\"},\"description\":\"Deus tem pra voc\u00ea uma palavra de vida!\",\"breadcrumb\":{\"@id\":\"https:\\\/\\\/www.oracaoefe.com\\\/documentarios-religiosos-lancados-em-2025\\\/#breadcrumb\"},\"inLanguage\":\"fr-FR\",\"potentialAction\":[{\"@type\":\"ReadAction\",\"target\":[\"https:\\\/\\\/www.oracaoefe.com\\\/documentarios-religiosos-lancados-em-2025\\\/\"]}]},{\"@type\":\"ImageObject\",\"inLanguage\":\"fr-FR\",\"@id\":\"https:\\\/\\\/www.oracaoefe.com\\\/documentarios-religiosos-lancados-em-2025\\\/#primaryimage\",\"url\":\"https:\\\/\\\/www.oracaoefe.com\\\/wp-content\\\/uploads\\\/2025\\\/03\\\/image-7.png\",\"contentUrl\":\"https:\\\/\\\/www.oracaoefe.com\\\/wp-content\\\/uploads\\\/2025\\\/03\\\/image-7.png\",\"width\":1792,\"height\":1024},{\"@type\":\"BreadcrumbList\",\"@id\":\"https:\\\/\\\/www.oracaoefe.com\\\/documentarios-religiosos-lancados-em-2025\\\/#breadcrumb\",\"itemListElement\":[{\"@type\":\"ListItem\",\"position\":1,\"name\":\"Home\",\"item\":\"https:\\\/\\\/www.oracaoefe.com\\\/\"},{\"@type\":\"ListItem\",\"position\":2,\"name\":\"Fique por Dentro\",\"item\":\"https:\\\/\\\/www.oracaoefe.com\\\/category\\\/fique-por-dentro\\\/\"},{\"@type\":\"ListItem\",\"position\":3,\"name\":\"Document\u00e1rios religiosos lan\u00e7ados em 2025\"}]},{\"@type\":\"WebSite\",\"@id\":\"https:\\\/\\\/www.oracaoefe.com\\\/#website\",\"url\":\"https:\\\/\\\/www.oracaoefe.com\\\/\",\"name\":\"Ora\u00e7\u00e3o e F\u00e9\",\"description\":\"\",\"potentialAction\":[{\"@type\":\"SearchAction\",\"target\":{\"@type\":\"EntryPoint\",\"urlTemplate\":\"https:\\\/\\\/www.oracaoefe.com\\\/?s={search_term_string}\"},\"query-input\":{\"@type\":\"PropertyValueSpecification\",\"valueRequired\":true,\"valueName\":\"search_term_string\"}}],\"inLanguage\":\"fr-FR\"},{\"@type\":\"Person\",\"@id\":\"https:\\\/\\\/www.oracaoefe.com\\\/#\\\/schema\\\/person\\\/17283c669442cf005c4d5bb58adfb7f5\",\"name\":\"Michele Azevedo\",\"image\":{\"@type\":\"ImageObject\",\"inLanguage\":\"fr-FR\",\"@id\":\"https:\\\/\\\/secure.gravatar.com\\\/avatar\\\/6b0eb9d22841282815e2cd856a0061c45e1761cd54b22e952d98c4746939aa85?s=96&d=mm&r=g\",\"url\":\"https:\\\/\\\/secure.gravatar.com\\\/avatar\\\/6b0eb9d22841282815e2cd856a0061c45e1761cd54b22e952d98c4746939aa85?s=96&d=mm&r=g\",\"contentUrl\":\"https:\\\/\\\/secure.gravatar.com\\\/avatar\\\/6b0eb9d22841282815e2cd856a0061c45e1761cd54b22e952d98c4746939aa85?s=96&d=mm&r=g\",\"caption\":\"Michele Azevedo\"},\"description\":\"Formada em Letras - Portugu\u00eas\\\/ Ingl\u00eas pela Universidade Estadual de Ponta Grossa (UEPG), p\u00f3s-graduada em Arte na Educa\u00e7\u00e3o (FAPI) e Psicopedagogia Escolar (FAPI), idealizadora e propriet\u00e1ria do site Escritora de Sucesso, possui experi\u00eancia em escrita para blogs em geral e atua como redatora e revisora dos conte\u00fados do Ora\u00e7\u00e3o e F\u00e9.\",\"url\":\"https:\\\/\\\/www.oracaoefe.com\\\/fr\\\/author\\\/michele-azevedo\\\/\"}]}<\/script>\n<!-- \/ Yoast SEO plugin. -->","yoast_head_json":{"title":"Document\u00e1rios religiosos lan\u00e7ados em 2025 - Ora\u00e7\u00e3o e F\u00e9","description":"Dieu a une parole de vie pour vous !","robots":{"index":"index","follow":"follow","max-snippet":"max-snippet:-1","max-image-preview":"max-image-preview:large","max-video-preview":"max-video-preview:-1"},"canonical":"https:\/\/www.oracaoefe.com\/fr\/documentarios-religiosos-lancados-em-2025\/","og_locale":"fr_FR","og_type":"article","og_title":"Document\u00e1rios religiosos lan\u00e7ados em 2025 - Ora\u00e7\u00e3o e F\u00e9","og_description":"Deus tem pra voc\u00ea uma palavra de vida!","og_url":"https:\/\/www.oracaoefe.com\/fr\/documentarios-religiosos-lancados-em-2025\/","og_site_name":"Ora\u00e7\u00e3o e F\u00e9","article_published_time":"2025-04-13T09:00:00+00:00","article_modified_time":"2025-12-16T16:11:14+00:00","og_image":[{"width":1024,"height":585,"url":"https:\/\/www.oracaoefe.com\/wp-content\/uploads\/2025\/03\/image-7-1024x585.png","type":"image\/png"}],"author":"Michele Azevedo","twitter_card":"summary_large_image","twitter_misc":{"\u00c9crit par":"Michele Azevedo","Dur\u00e9e de lecture estim\u00e9e":"5 minutes"},"schema":{"@context":"https:\/\/schema.org","@graph":[{"@type":"Article","@id":"https:\/\/www.oracaoefe.com\/documentarios-religiosos-lancados-em-2025\/#article","isPartOf":{"@id":"https:\/\/www.oracaoefe.com\/documentarios-religiosos-lancados-em-2025\/"},"author":{"name":"Michele Azevedo","@id":"https:\/\/www.oracaoefe.com\/#\/schema\/person\/17283c669442cf005c4d5bb58adfb7f5"},"headline":"Document\u00e1rios religiosos lan\u00e7ados em 2025","datePublished":"2025-04-13T09:00:00+00:00","dateModified":"2025-12-16T16:11:14+00:00","mainEntityOfPage":{"@id":"https:\/\/www.oracaoefe.com\/documentarios-religiosos-lancados-em-2025\/"},"wordCount":967,"image":{"@id":"https:\/\/www.oracaoefe.com\/documentarios-religiosos-lancados-em-2025\/#primaryimage"},"thumbnailUrl":"https:\/\/www.oracaoefe.com\/wp-content\/uploads\/2025\/03\/image-7.png","articleSection":["Fique por Dentro"],"inLanguage":"fr-FR"},{"@type":"WebPage","@id":"https:\/\/www.oracaoefe.com\/documentarios-religiosos-lancados-em-2025\/","url":"https:\/\/www.oracaoefe.com\/documentarios-religiosos-lancados-em-2025\/","name":"Document\u00e1rios religiosos lan\u00e7ados em 2025 - Ora\u00e7\u00e3o e F\u00e9","isPartOf":{"@id":"https:\/\/www.oracaoefe.com\/#website"},"primaryImageOfPage":{"@id":"https:\/\/www.oracaoefe.com\/documentarios-religiosos-lancados-em-2025\/#primaryimage"},"image":{"@id":"https:\/\/www.oracaoefe.com\/documentarios-religiosos-lancados-em-2025\/#primaryimage"},"thumbnailUrl":"https:\/\/www.oracaoefe.com\/wp-content\/uploads\/2025\/03\/image-7.png","datePublished":"2025-04-13T09:00:00+00:00","dateModified":"2025-12-16T16:11:14+00:00","author":{"@id":"https:\/\/www.oracaoefe.com\/#\/schema\/person\/17283c669442cf005c4d5bb58adfb7f5"},"description":"Dieu a une parole de vie pour vous !","breadcrumb":{"@id":"https:\/\/www.oracaoefe.com\/documentarios-religiosos-lancados-em-2025\/#breadcrumb"},"inLanguage":"fr-FR","potentialAction":[{"@type":"ReadAction","target":["https:\/\/www.oracaoefe.com\/documentarios-religiosos-lancados-em-2025\/"]}]},{"@type":"ImageObject","inLanguage":"fr-FR","@id":"https:\/\/www.oracaoefe.com\/documentarios-religiosos-lancados-em-2025\/#primaryimage","url":"https:\/\/www.oracaoefe.com\/wp-content\/uploads\/2025\/03\/image-7.png","contentUrl":"https:\/\/www.oracaoefe.com\/wp-content\/uploads\/2025\/03\/image-7.png","width":1792,"height":1024},{"@type":"BreadcrumbList","@id":"https:\/\/www.oracaoefe.com\/documentarios-religiosos-lancados-em-2025\/#breadcrumb","itemListElement":[{"@type":"ListItem","position":1,"name":"Home","item":"https:\/\/www.oracaoefe.com\/"},{"@type":"ListItem","position":2,"name":"Fique por Dentro","item":"https:\/\/www.oracaoefe.com\/category\/fique-por-dentro\/"},{"@type":"ListItem","position":3,"name":"Document\u00e1rios religiosos lan\u00e7ados em 2025"}]},{"@type":"WebSite","@id":"https:\/\/www.oracaoefe.com\/#website","url":"https:\/\/www.oracaoefe.com\/","name":"Pri\u00e8re et foi","description":"","potentialAction":[{"@type":"SearchAction","target":{"@type":"EntryPoint","urlTemplate":"https:\/\/www.oracaoefe.com\/?s={search_term_string}"},"query-input":{"@type":"PropertyValueSpecification","valueRequired":true,"valueName":"search_term_string"}}],"inLanguage":"fr-FR"},{"@type":"Person","@id":"https:\/\/www.oracaoefe.com\/#\/schema\/person\/17283c669442cf005c4d5bb58adfb7f5","name":"Michele Azevedo","image":{"@type":"ImageObject","inLanguage":"fr-FR","@id":"https:\/\/secure.gravatar.com\/avatar\/6b0eb9d22841282815e2cd856a0061c45e1761cd54b22e952d98c4746939aa85?s=96&d=mm&r=g","url":"https:\/\/secure.gravatar.com\/avatar\/6b0eb9d22841282815e2cd856a0061c45e1761cd54b22e952d98c4746939aa85?s=96&d=mm&r=g","contentUrl":"https:\/\/secure.gravatar.com\/avatar\/6b0eb9d22841282815e2cd856a0061c45e1761cd54b22e952d98c4746939aa85?s=96&d=mm&r=g","caption":"Michele Azevedo"},"description":"Dipl\u00f4m\u00e9e en litt\u00e9rature portugaise\/anglaise de l&#039;Universit\u00e9 d&#039;\u00c9tat de Ponta Grossa (UEPG), avec des dipl\u00f4mes de troisi\u00e8me cycle en art dans l&#039;\u00e9ducation (FAPI) et en psychop\u00e9dagogie scolaire (FAPI), elle est la cr\u00e9atrice et propri\u00e9taire du site web Escritora de Sucesso, a de l&#039;exp\u00e9rience dans l&#039;\u00e9criture pour les blogs en g\u00e9n\u00e9ral et travaille comme r\u00e9dactrice et \u00e9ditrice du contenu pour Ora\u00e7\u00e3o e F\u00e9.","url":"https:\/\/www.oracaoefe.com\/fr\/author\/michele-azevedo\/"}]}},"_links":{"self":[{"href":"https:\/\/www.oracaoefe.com\/fr\/wp-json\/wp\/v2\/posts\/3496","targetHints":{"allow":["GET"]}}],"collection":[{"href":"https:\/\/www.oracaoefe.com\/fr\/wp-json\/wp\/v2\/posts"}],"about":[{"href":"https:\/\/www.oracaoefe.com\/fr\/wp-json\/wp\/v2\/types\/post"}],"author":[{"embeddable":true,"href":"https:\/\/www.oracaoefe.com\/fr\/wp-json\/wp\/v2\/users\/3"}],"replies":[{"embeddable":true,"href":"https:\/\/www.oracaoefe.com\/fr\/wp-json\/wp\/v2\/comments?post=3496"}],"version-history":[{"count":2,"href":"https:\/\/www.oracaoefe.com\/fr\/wp-json\/wp\/v2\/posts\/3496\/revisions"}],"predecessor-version":[{"id":3505,"href":"https:\/\/www.oracaoefe.com\/fr\/wp-json\/wp\/v2\/posts\/3496\/revisions\/3505"}],"wp:featuredmedia":[{"embeddable":true,"href":"https:\/\/www.oracaoefe.com\/fr\/wp-json\/wp\/v2\/media\/3497"}],"wp:attachment":[{"href":"https:\/\/www.oracaoefe.com\/fr\/wp-json\/wp\/v2\/media?parent=3496"}],"wp:term":[{"taxonomy":"category","embeddable":true,"href":"https:\/\/www.oracaoefe.com\/fr\/wp-json\/wp\/v2\/categories?post=3496"},{"taxonomy":"post_tag","embeddable":true,"href":"https:\/\/www.oracaoefe.com\/fr\/wp-json\/wp\/v2\/tags?post=3496"}],"curies":[{"name":"wp","href":"https:\/\/api.w.org\/{rel}","templated":true}]}}