{"id":3493,"date":"2025-04-10T06:00:00","date_gmt":"2025-04-10T09:00:00","guid":{"rendered":"https:\/\/www.oracaoefe.com\/?p=3493"},"modified":"2025-12-16T13:11:15","modified_gmt":"2025-12-16T16:11:15","slug":"como-manter-a-fe-em-tempos-de-inteligencia-artificial","status":"publish","type":"post","link":"https:\/\/www.oracaoefe.com\/fr\/como-manter-a-fe-em-tempos-de-inteligencia-artificial\/","title":{"rendered":"Como manter a f\u00e9 em tempos de intelig\u00eancia artificial?"},"content":{"rendered":"<p class=\"wp-block-paragraph\">A tecnologia avan\u00e7a a passos largos. Rob\u00f4s falam com naturalidade, algoritmos criam textos, carros se dirigem sozinhos e a intelig\u00eancia artificial (IA) j\u00e1 faz parte do nosso dia a dia \u2014 \u00e0s vezes sem que a gente perceba.<\/p>\n\n\n\n<p class=\"wp-block-paragraph\">Diante de tudo isso, muita gente come\u00e7a a se perguntar:<br><strong>Onde entra a f\u00e9? Como manter o que \u00e9 espiritual em um mundo t\u00e3o automatizado? Deus ainda fala, mesmo quando tudo parece controlado por m\u00e1quinas?<\/strong><\/p>\n\n\n\n<p class=\"wp-block-paragraph\">Essas perguntas s\u00e3o reais, leg\u00edtimas e cada vez mais comuns. E a resposta tamb\u00e9m existe \u2014 simples e profunda: <strong>a f\u00e9 continua sendo essencial, talvez mais do que nunca.<\/strong><\/p>\n\n\n\n<figure class=\"wp-block-image size-large\"><img loading=\"lazy\" decoding=\"async\" width=\"1024\" height=\"585\" src=\"https:\/\/www.oracaoefe.com\/wp-content\/uploads\/2025\/03\/image-6-1024x585.png\" alt=\"\" class=\"wp-image-3494\" srcset=\"https:\/\/www.oracaoefe.com\/wp-content\/uploads\/2025\/03\/image-6-1024x585.png 1024w, https:\/\/www.oracaoefe.com\/wp-content\/uploads\/2025\/03\/image-6-300x171.png 300w, https:\/\/www.oracaoefe.com\/wp-content\/uploads\/2025\/03\/image-6-768x439.png 768w, https:\/\/www.oracaoefe.com\/wp-content\/uploads\/2025\/03\/image-6-1536x878.png 1536w, https:\/\/www.oracaoefe.com\/wp-content\/uploads\/2025\/03\/image-6-18x10.png 18w, https:\/\/www.oracaoefe.com\/wp-content\/uploads\/2025\/03\/image-6.png 1792w\" sizes=\"auto, (max-width: 1024px) 100vw, 1024px\" \/><\/figure>\n\n\n\n<p class=\"wp-block-paragraph\">Vamos conversar sobre isso?<\/p>\n\n\n\n<h2 class=\"wp-block-heading\">A tecnologia muda, mas o ser humano continua buscando sentido<\/h2>\n\n\n\n<p class=\"wp-block-paragraph\">Por mais moderna que seja a IA, ela <strong>n\u00e3o resolve o vazio existencial.<\/strong> Ela responde perguntas, mas <strong>n\u00e3o cura ang\u00fastias.<\/strong> Ela pode prever comportamentos, mas <strong>n\u00e3o entende o cora\u00e7\u00e3o.<\/strong><\/p>\n\n\n\n<p class=\"wp-block-paragraph\">No fundo, a tecnologia nos ajuda a fazer mais, saber mais, acessar mais. Mas <strong>ela n\u00e3o preenche a alma.<\/strong><\/p>\n\n\n\n<p class=\"wp-block-paragraph\">A alma humana continua gritando por:<\/p>\n\n\n\n<ul class=\"wp-block-list\">\n<li>Paz<\/li>\n\n\n\n<li>Amor real<\/li>\n\n\n\n<li>Prop\u00f3sito<\/li>\n\n\n\n<li>Esperan\u00e7a<\/li>\n\n\n\n<li>Perd\u00e3o<\/li>\n\n\n\n<li>Conex\u00e3o com algo maior<\/li>\n<\/ul>\n\n\n\n<p class=\"wp-block-paragraph\">E isso, <strong>nenhuma intelig\u00eancia artificial \u00e9 capaz de oferecer.<\/strong> S\u00f3 Deus pode.<\/p>\n\n\n\n<h2 class=\"wp-block-heading\">1# F\u00e9 n\u00e3o \u00e9 contra a tecnologia \u2014 \u00e9 al\u00e9m dela<\/h2>\n\n\n\n<p class=\"wp-block-paragraph\">A f\u00e9 verdadeira <strong>n\u00e3o entra em conflito com o avan\u00e7o tecnol\u00f3gico.<\/strong> N\u00e3o \u00e9 f\u00e9 retr\u00f3grada, desconectada ou ignorante.<\/p>\n\n\n\n<p class=\"wp-block-paragraph\">A f\u00e9 n\u00e3o \u00e9 inimiga da ci\u00eancia. A f\u00e9 <strong>vai al\u00e9m da l\u00f3gica, mas n\u00e3o anula a raz\u00e3o.<\/strong><\/p>\n\n\n\n<p class=\"wp-block-paragraph\">Usar IA n\u00e3o significa abandonar Deus. Trabalhar com tecnologia n\u00e3o afasta voc\u00ea do espiritual. O problema n\u00e3o est\u00e1 na ferramenta \u2014 mas em como voc\u00ea <strong>se relaciona com ela.<\/strong><\/p>\n\n\n\n<p class=\"wp-block-paragraph\">Voc\u00ea pode usar intelig\u00eancia artificial com sabedoria e, ao mesmo tempo, <strong>nutrir uma vida de ora\u00e7\u00e3o, de B\u00edblia, de comunh\u00e3o com Deus.<\/strong><\/p>\n\n\n\n<h2 class=\"wp-block-heading\">2# Em meio ao ru\u00eddo digital, o sil\u00eancio da f\u00e9 se torna ainda mais valioso<\/h2>\n\n\n\n<p class=\"wp-block-paragraph\">Estamos cercados por notifica\u00e7\u00f5es, mensagens, v\u00eddeos, vozes, est\u00edmulos. \u00c9 tanta informa\u00e7\u00e3o que a mente cansa, e o cora\u00e7\u00e3o se dispersa.<\/p>\n\n\n\n<p class=\"wp-block-paragraph\">Por isso, <strong>a f\u00e9 em tempos de IA \u00e9 um convite ao sil\u00eancio.<\/strong> Aquele sil\u00eancio onde a gente ouve o que nenhuma m\u00e1quina pode dizer:<\/p>\n\n\n\n<ul class=\"wp-block-list\">\n<li>Uma palavra de consolo que s\u00f3 Deus sabe falar<\/li>\n\n\n\n<li>Uma dire\u00e7\u00e3o que vem no meio da ora\u00e7\u00e3o<\/li>\n\n\n\n<li>Uma paz que passa por cima de toda l\u00f3gica humana<\/li>\n<\/ul>\n\n\n\n<p class=\"wp-block-paragraph\">No mundo onde tudo fala o tempo todo, <strong>o mais precioso \u00e9 saber ficar quieto para ouvir a voz de Deus.<\/strong><\/p>\n\n\n\n<h2 class=\"wp-block-heading\">3# A IA n\u00e3o tem alma \u2014 voc\u00ea tem<\/h2>\n\n\n\n<p class=\"wp-block-paragraph\">Intelig\u00eancia artificial pode aprender, responder, at\u00e9 simular emo\u00e7\u00f5es. Mas ela <strong>n\u00e3o tem alma, n\u00e3o sente dor, n\u00e3o ama de verdade.<\/strong><\/p>\n\n\n\n<p class=\"wp-block-paragraph\">Voc\u00ea tem alma.<\/p>\n\n\n\n<p class=\"wp-block-paragraph\">Voc\u00ea sente. Chora. Sorri. Tem d\u00favidas, medos, sonhos. E tudo isso <strong>te conecta com Deus de forma \u00fanica.<\/strong><\/p>\n\n\n\n<p class=\"wp-block-paragraph\">Enquanto o mundo valoriza cada vez mais o \u201cfuncional\u201d, a f\u00e9 <strong>valoriza o essencial: quem voc\u00ea \u00e9, e n\u00e3o s\u00f3 o que voc\u00ea faz.<\/strong><\/p>\n\n\n\n<h2 class=\"wp-block-heading\">4# Deus continua sendo Deus \u2014 mesmo com toda a tecnologia<\/h2>\n\n\n\n<p class=\"wp-block-paragraph\">Muitos acham que, com o avan\u00e7o da IA, as pessoas v\u00e3o \u201cesquecer de Deus\u201d. Mas isso n\u00e3o \u00e9 novo. A humanidade j\u00e1 tentou viver sem Ele de v\u00e1rias formas ao longo dos s\u00e9culos \u2014 com ou sem tecnologia.<\/p>\n\n\n\n<p class=\"wp-block-paragraph\">S\u00f3 que, no fim, <strong>todo mundo volta a perguntar: &#8220;Quem eu sou?&#8221; &#8220;Pra onde eu vou?&#8221; &#8220;Por que estou aqui?&#8221;<\/strong><\/p>\n\n\n\n<p class=\"wp-block-paragraph\">E \u00e9 a\u00ed que Deus se revela de novo. Em meio aos c\u00f3digos, Ele ainda fala com a alma. No meio das telas, Ele ainda toca o cora\u00e7\u00e3o.<\/p>\n\n\n\n<p class=\"wp-block-paragraph\">Ele \u00e9 eterno. E <strong>nada do que \u00e9 criado pelo homem anula aquilo que s\u00f3 Ele pode fazer.<\/strong><\/p>\n\n\n\n<h2 class=\"wp-block-heading\">5# A f\u00e9 precisa ser cultivada com intencionalidade<\/h2>\n\n\n\n<p class=\"wp-block-paragraph\">Nos tempos de hoje, n\u00e3o d\u00e1 mais para deixar a f\u00e9 no autom\u00e1tico.<\/p>\n\n\n\n<p class=\"wp-block-paragraph\">Voc\u00ea precisa:<\/p>\n\n\n\n<ul class=\"wp-block-list\">\n<li>Separar tempo real para orar<\/li>\n\n\n\n<li>Desligar a tela e abrir a B\u00edblia<\/li>\n\n\n\n<li>Evitar distra\u00e7\u00f5es que roubam sua paz<\/li>\n\n\n\n<li>Buscar presen\u00e7a, n\u00e3o apenas conte\u00fado<\/li>\n\n\n\n<li>Fazer perguntas que s\u00f3 Deus pode responder<\/li>\n<\/ul>\n\n\n\n<p class=\"wp-block-paragraph\">Porque, se voc\u00ea n\u00e3o cuidar da sua f\u00e9, <strong>o mundo digital vai ocupar esse espa\u00e7o.<\/strong> E a\u00ed voc\u00ea vai se sentir cheio de informa\u00e7\u00e3o, mas vazio por dentro.<\/p>\n\n\n\n<h2 class=\"wp-block-heading\">6# Sua identidade n\u00e3o est\u00e1 em um algoritmo<\/h2>\n\n\n\n<p class=\"wp-block-paragraph\">As redes sociais e a IA sabem o que voc\u00ea assiste, o que compra, com quem interage. Mas elas <strong>n\u00e3o sabem quem voc\u00ea \u00e9 de verdade.<\/strong><\/p>\n\n\n\n<p class=\"wp-block-paragraph\">Elas mostram o que voc\u00ea aparenta ser. Deus v\u00ea o que voc\u00ea \u00e9 \u2014 mesmo quando voc\u00ea tenta esconder.<\/p>\n\n\n\n<blockquote class=\"wp-block-quote is-layout-flow wp-block-quote-is-layout-flow\">\n<p class=\"wp-block-paragraph\">\u201cO Senhor n\u00e3o v\u00ea como o homem: o homem v\u00ea a apar\u00eancia, mas o Senhor v\u00ea o cora\u00e7\u00e3o.\u201d (1 Samuel 16:7)<\/p>\n<\/blockquote>\n\n\n\n<p class=\"wp-block-paragraph\">Sua identidade <strong>n\u00e3o est\u00e1 nos dados, nas curtidas, nos resultados.<\/strong> Sua identidade est\u00e1 <strong>em Deus.<\/strong><\/p>\n\n\n\n<p class=\"wp-block-paragraph\">E isso n\u00e3o muda com nenhum avan\u00e7o tecnol\u00f3gico.<\/p>\n\n\n\n<h2 class=\"wp-block-heading\">7# A f\u00e9 continua sendo resposta onde a IA n\u00e3o alcan\u00e7a<\/h2>\n\n\n\n<p class=\"wp-block-paragraph\">Voc\u00ea pode perguntar tudo ao ChatGPT. Pode pedir conselho ao Google. Pode montar um plano de vida com IA.<\/p>\n\n\n\n<p class=\"wp-block-paragraph\">Mas quando a dor aperta, quando a d\u00favida \u00e9 existencial, quando o medo chega de madrugada\u2026 <strong>n\u00e3o \u00e9 um rob\u00f4 que responde. \u00c9 Deus.<\/strong><\/p>\n\n\n\n<ul class=\"wp-block-list\">\n<li>\u00c9 Ele que d\u00e1 paz no meio do caos<\/li>\n\n\n\n<li>\u00c9 Ele que segura voc\u00ea quando o ch\u00e3o desaparece<\/li>\n\n\n\n<li>\u00c9 Ele que te d\u00e1 valor quando o mundo te compara<\/li>\n\n\n\n<li>\u00c9 Ele que te ama \u2014 sem algoritmo, sem m\u00e9trica, sem filtro<\/li>\n<\/ul>\n\n\n\n<h2 class=\"wp-block-heading\">F\u00e9 e tecnologia podem caminhar juntas<\/h2>\n\n\n\n<p class=\"wp-block-paragraph\">Voc\u00ea n\u00e3o precisa escolher entre f\u00e9 e modernidade. <strong>Voc\u00ea pode ser digital e, ao mesmo tempo, profundamente espiritual.<\/strong><\/p>\n\n\n\n<p class=\"wp-block-paragraph\">A tecnologia pode facilitar a vida. Mas a f\u00e9 d\u00e1 sentido a ela.<\/p>\n\n\n\n<p class=\"wp-block-paragraph\">Cultive um cora\u00e7\u00e3o conectado com o c\u00e9u, mesmo vivendo no meio das m\u00e1quinas.<br>Busque a sabedoria de Deus, mesmo tendo acesso a todas as informa\u00e7\u00f5es do mundo.<br>E, acima de tudo, <strong>n\u00e3o se perca nesse mar de vozes. Lembre-se de quem te criou \u2014 e do que Ele sonhou pra voc\u00ea.<\/strong><\/p>\n\n\n\n<p class=\"wp-block-paragraph\"><strong>Voir aussi\u00a0: <a href=\"https:\/\/www.oracaoefe.com\/fr\/por-que-a-igreja-guarda-o-domingo-e-nao-o-sabado\/\">Por que a Igreja guarda o Domingo e n\u00e3o o S\u00e1bado?<\/a><\/strong><\/p>\n\n\n\n<p class=\"wp-block-paragraph\">10 de abril de 2025<\/p>","protected":false},"excerpt":{"rendered":"<p>A tecnologia avan\u00e7a a passos largos. Rob\u00f4s falam com naturalidade, algoritmos criam textos, carros se dirigem sozinhos e a intelig\u00eancia artificial (IA) j\u00e1 faz parte do nosso dia a dia \u2014 \u00e0s vezes sem que a gente perceba. Diante de tudo isso, muita gente come\u00e7a a se perguntar:Onde entra a f\u00e9? Como manter o que&hellip;&nbsp;<\/p>","protected":false},"author":3,"featured_media":3494,"comment_status":"closed","ping_status":"closed","sticky":false,"template":"","format":"standard","meta":{"neve_meta_sidebar":"","neve_meta_container":"","neve_meta_enable_content_width":"","neve_meta_content_width":0,"neve_meta_title_alignment":"","neve_meta_author_avatar":"","neve_post_elements_order":"","neve_meta_disable_header":"","neve_meta_disable_footer":"","neve_meta_disable_title":"","footnotes":""},"categories":[4],"tags":[],"class_list":["post-3493","post","type-post","status-publish","format-standard","has-post-thumbnail","hentry","category-fique-por-dentro"],"yoast_head":"<!-- This site is optimized with the Yoast SEO plugin v28.4 - https:\/\/yoast.com\/product\/yoast-seo-wordpress\/ -->\n<title>Como manter a f\u00e9 em tempos de intelig\u00eancia artificial? - Ora\u00e7\u00e3o e F\u00e9<\/title>\n<meta name=\"description\" content=\"Deus tem pra voc\u00ea uma palavra de vida!\" \/>\n<meta name=\"robots\" content=\"index, follow, max-snippet:-1, max-image-preview:large, max-video-preview:-1\" \/>\n<link rel=\"canonical\" href=\"https:\/\/www.oracaoefe.com\/fr\/como-manter-a-fe-em-tempos-de-inteligencia-artificial\/\" \/>\n<meta property=\"og:locale\" content=\"fr_FR\" \/>\n<meta property=\"og:type\" content=\"article\" \/>\n<meta property=\"og:title\" content=\"Como manter a f\u00e9 em tempos de intelig\u00eancia artificial? - Ora\u00e7\u00e3o e F\u00e9\" \/>\n<meta property=\"og:description\" content=\"Deus tem pra voc\u00ea uma palavra de vida!\" \/>\n<meta property=\"og:url\" content=\"https:\/\/www.oracaoefe.com\/fr\/como-manter-a-fe-em-tempos-de-inteligencia-artificial\/\" \/>\n<meta property=\"og:site_name\" content=\"Ora\u00e7\u00e3o e F\u00e9\" \/>\n<meta property=\"article:published_time\" content=\"2025-04-10T09:00:00+00:00\" \/>\n<meta property=\"article:modified_time\" content=\"2025-12-16T16:11:15+00:00\" \/>\n<meta property=\"og:image\" content=\"https:\/\/www.oracaoefe.com\/wp-content\/uploads\/2025\/03\/image-6-1024x585.png\" \/>\n\t<meta property=\"og:image:width\" content=\"1024\" \/>\n\t<meta property=\"og:image:height\" content=\"585\" \/>\n\t<meta property=\"og:image:type\" content=\"image\/png\" \/>\n<meta name=\"author\" content=\"Michele Azevedo\" \/>\n<meta name=\"twitter:card\" content=\"summary_large_image\" \/>\n<meta name=\"twitter:label1\" content=\"\u00c9crit par\" \/>\n\t<meta name=\"twitter:data1\" content=\"Michele Azevedo\" \/>\n\t<meta name=\"twitter:label2\" content=\"Dur\u00e9e de lecture estim\u00e9e\" \/>\n\t<meta name=\"twitter:data2\" content=\"5 minutes\" \/>\n<script type=\"application\/ld+json\" class=\"yoast-schema-graph\">{\"@context\":\"https:\\\/\\\/schema.org\",\"@graph\":[{\"@type\":\"Article\",\"@id\":\"https:\\\/\\\/www.oracaoefe.com\\\/como-manter-a-fe-em-tempos-de-inteligencia-artificial\\\/#article\",\"isPartOf\":{\"@id\":\"https:\\\/\\\/www.oracaoefe.com\\\/como-manter-a-fe-em-tempos-de-inteligencia-artificial\\\/\"},\"author\":{\"name\":\"Michele Azevedo\",\"@id\":\"https:\\\/\\\/www.oracaoefe.com\\\/#\\\/schema\\\/person\\\/17283c669442cf005c4d5bb58adfb7f5\"},\"headline\":\"Como manter a f\u00e9 em tempos de intelig\u00eancia artificial?\",\"datePublished\":\"2025-04-10T09:00:00+00:00\",\"dateModified\":\"2025-12-16T16:11:15+00:00\",\"mainEntityOfPage\":{\"@id\":\"https:\\\/\\\/www.oracaoefe.com\\\/como-manter-a-fe-em-tempos-de-inteligencia-artificial\\\/\"},\"wordCount\":1034,\"image\":{\"@id\":\"https:\\\/\\\/www.oracaoefe.com\\\/como-manter-a-fe-em-tempos-de-inteligencia-artificial\\\/#primaryimage\"},\"thumbnailUrl\":\"https:\\\/\\\/www.oracaoefe.com\\\/wp-content\\\/uploads\\\/2025\\\/03\\\/image-6.png\",\"articleSection\":[\"Fique por Dentro\"],\"inLanguage\":\"fr-FR\"},{\"@type\":\"WebPage\",\"@id\":\"https:\\\/\\\/www.oracaoefe.com\\\/como-manter-a-fe-em-tempos-de-inteligencia-artificial\\\/\",\"url\":\"https:\\\/\\\/www.oracaoefe.com\\\/como-manter-a-fe-em-tempos-de-inteligencia-artificial\\\/\",\"name\":\"Como manter a f\u00e9 em tempos de intelig\u00eancia artificial? - Ora\u00e7\u00e3o e F\u00e9\",\"isPartOf\":{\"@id\":\"https:\\\/\\\/www.oracaoefe.com\\\/#website\"},\"primaryImageOfPage\":{\"@id\":\"https:\\\/\\\/www.oracaoefe.com\\\/como-manter-a-fe-em-tempos-de-inteligencia-artificial\\\/#primaryimage\"},\"image\":{\"@id\":\"https:\\\/\\\/www.oracaoefe.com\\\/como-manter-a-fe-em-tempos-de-inteligencia-artificial\\\/#primaryimage\"},\"thumbnailUrl\":\"https:\\\/\\\/www.oracaoefe.com\\\/wp-content\\\/uploads\\\/2025\\\/03\\\/image-6.png\",\"datePublished\":\"2025-04-10T09:00:00+00:00\",\"dateModified\":\"2025-12-16T16:11:15+00:00\",\"author\":{\"@id\":\"https:\\\/\\\/www.oracaoefe.com\\\/#\\\/schema\\\/person\\\/17283c669442cf005c4d5bb58adfb7f5\"},\"description\":\"Deus tem pra voc\u00ea uma palavra de vida!\",\"breadcrumb\":{\"@id\":\"https:\\\/\\\/www.oracaoefe.com\\\/como-manter-a-fe-em-tempos-de-inteligencia-artificial\\\/#breadcrumb\"},\"inLanguage\":\"fr-FR\",\"potentialAction\":[{\"@type\":\"ReadAction\",\"target\":[\"https:\\\/\\\/www.oracaoefe.com\\\/como-manter-a-fe-em-tempos-de-inteligencia-artificial\\\/\"]}]},{\"@type\":\"ImageObject\",\"inLanguage\":\"fr-FR\",\"@id\":\"https:\\\/\\\/www.oracaoefe.com\\\/como-manter-a-fe-em-tempos-de-inteligencia-artificial\\\/#primaryimage\",\"url\":\"https:\\\/\\\/www.oracaoefe.com\\\/wp-content\\\/uploads\\\/2025\\\/03\\\/image-6.png\",\"contentUrl\":\"https:\\\/\\\/www.oracaoefe.com\\\/wp-content\\\/uploads\\\/2025\\\/03\\\/image-6.png\",\"width\":1792,\"height\":1024},{\"@type\":\"BreadcrumbList\",\"@id\":\"https:\\\/\\\/www.oracaoefe.com\\\/como-manter-a-fe-em-tempos-de-inteligencia-artificial\\\/#breadcrumb\",\"itemListElement\":[{\"@type\":\"ListItem\",\"position\":1,\"name\":\"Home\",\"item\":\"https:\\\/\\\/www.oracaoefe.com\\\/\"},{\"@type\":\"ListItem\",\"position\":2,\"name\":\"Fique por Dentro\",\"item\":\"https:\\\/\\\/www.oracaoefe.com\\\/category\\\/fique-por-dentro\\\/\"},{\"@type\":\"ListItem\",\"position\":3,\"name\":\"Como manter a f\u00e9 em tempos de intelig\u00eancia artificial?\"}]},{\"@type\":\"WebSite\",\"@id\":\"https:\\\/\\\/www.oracaoefe.com\\\/#website\",\"url\":\"https:\\\/\\\/www.oracaoefe.com\\\/\",\"name\":\"Ora\u00e7\u00e3o e F\u00e9\",\"description\":\"\",\"potentialAction\":[{\"@type\":\"SearchAction\",\"target\":{\"@type\":\"EntryPoint\",\"urlTemplate\":\"https:\\\/\\\/www.oracaoefe.com\\\/?s={search_term_string}\"},\"query-input\":{\"@type\":\"PropertyValueSpecification\",\"valueRequired\":true,\"valueName\":\"search_term_string\"}}],\"inLanguage\":\"fr-FR\"},{\"@type\":\"Person\",\"@id\":\"https:\\\/\\\/www.oracaoefe.com\\\/#\\\/schema\\\/person\\\/17283c669442cf005c4d5bb58adfb7f5\",\"name\":\"Michele Azevedo\",\"image\":{\"@type\":\"ImageObject\",\"inLanguage\":\"fr-FR\",\"@id\":\"https:\\\/\\\/secure.gravatar.com\\\/avatar\\\/6b0eb9d22841282815e2cd856a0061c45e1761cd54b22e952d98c4746939aa85?s=96&d=mm&r=g\",\"url\":\"https:\\\/\\\/secure.gravatar.com\\\/avatar\\\/6b0eb9d22841282815e2cd856a0061c45e1761cd54b22e952d98c4746939aa85?s=96&d=mm&r=g\",\"contentUrl\":\"https:\\\/\\\/secure.gravatar.com\\\/avatar\\\/6b0eb9d22841282815e2cd856a0061c45e1761cd54b22e952d98c4746939aa85?s=96&d=mm&r=g\",\"caption\":\"Michele Azevedo\"},\"description\":\"Formada em Letras - Portugu\u00eas\\\/ Ingl\u00eas pela Universidade Estadual de Ponta Grossa (UEPG), p\u00f3s-graduada em Arte na Educa\u00e7\u00e3o (FAPI) e Psicopedagogia Escolar (FAPI), idealizadora e propriet\u00e1ria do site Escritora de Sucesso, possui experi\u00eancia em escrita para blogs em geral e atua como redatora e revisora dos conte\u00fados do Ora\u00e7\u00e3o e F\u00e9.\",\"url\":\"https:\\\/\\\/www.oracaoefe.com\\\/fr\\\/author\\\/michele-azevedo\\\/\"}]}<\/script>\n<!-- \/ Yoast SEO plugin. -->","yoast_head_json":{"title":"Como manter a f\u00e9 em tempos de intelig\u00eancia artificial? - Ora\u00e7\u00e3o e F\u00e9","description":"Dieu a une parole de vie pour vous !","robots":{"index":"index","follow":"follow","max-snippet":"max-snippet:-1","max-image-preview":"max-image-preview:large","max-video-preview":"max-video-preview:-1"},"canonical":"https:\/\/www.oracaoefe.com\/fr\/como-manter-a-fe-em-tempos-de-inteligencia-artificial\/","og_locale":"fr_FR","og_type":"article","og_title":"Como manter a f\u00e9 em tempos de intelig\u00eancia artificial? - Ora\u00e7\u00e3o e F\u00e9","og_description":"Deus tem pra voc\u00ea uma palavra de vida!","og_url":"https:\/\/www.oracaoefe.com\/fr\/como-manter-a-fe-em-tempos-de-inteligencia-artificial\/","og_site_name":"Ora\u00e7\u00e3o e F\u00e9","article_published_time":"2025-04-10T09:00:00+00:00","article_modified_time":"2025-12-16T16:11:15+00:00","og_image":[{"width":1024,"height":585,"url":"https:\/\/www.oracaoefe.com\/wp-content\/uploads\/2025\/03\/image-6-1024x585.png","type":"image\/png"}],"author":"Michele Azevedo","twitter_card":"summary_large_image","twitter_misc":{"\u00c9crit par":"Michele Azevedo","Dur\u00e9e de lecture estim\u00e9e":"5 minutes"},"schema":{"@context":"https:\/\/schema.org","@graph":[{"@type":"Article","@id":"https:\/\/www.oracaoefe.com\/como-manter-a-fe-em-tempos-de-inteligencia-artificial\/#article","isPartOf":{"@id":"https:\/\/www.oracaoefe.com\/como-manter-a-fe-em-tempos-de-inteligencia-artificial\/"},"author":{"name":"Michele Azevedo","@id":"https:\/\/www.oracaoefe.com\/#\/schema\/person\/17283c669442cf005c4d5bb58adfb7f5"},"headline":"Como manter a f\u00e9 em tempos de intelig\u00eancia artificial?","datePublished":"2025-04-10T09:00:00+00:00","dateModified":"2025-12-16T16:11:15+00:00","mainEntityOfPage":{"@id":"https:\/\/www.oracaoefe.com\/como-manter-a-fe-em-tempos-de-inteligencia-artificial\/"},"wordCount":1034,"image":{"@id":"https:\/\/www.oracaoefe.com\/como-manter-a-fe-em-tempos-de-inteligencia-artificial\/#primaryimage"},"thumbnailUrl":"https:\/\/www.oracaoefe.com\/wp-content\/uploads\/2025\/03\/image-6.png","articleSection":["Fique por Dentro"],"inLanguage":"fr-FR"},{"@type":"WebPage","@id":"https:\/\/www.oracaoefe.com\/como-manter-a-fe-em-tempos-de-inteligencia-artificial\/","url":"https:\/\/www.oracaoefe.com\/como-manter-a-fe-em-tempos-de-inteligencia-artificial\/","name":"Como manter a f\u00e9 em tempos de intelig\u00eancia artificial? - Ora\u00e7\u00e3o e F\u00e9","isPartOf":{"@id":"https:\/\/www.oracaoefe.com\/#website"},"primaryImageOfPage":{"@id":"https:\/\/www.oracaoefe.com\/como-manter-a-fe-em-tempos-de-inteligencia-artificial\/#primaryimage"},"image":{"@id":"https:\/\/www.oracaoefe.com\/como-manter-a-fe-em-tempos-de-inteligencia-artificial\/#primaryimage"},"thumbnailUrl":"https:\/\/www.oracaoefe.com\/wp-content\/uploads\/2025\/03\/image-6.png","datePublished":"2025-04-10T09:00:00+00:00","dateModified":"2025-12-16T16:11:15+00:00","author":{"@id":"https:\/\/www.oracaoefe.com\/#\/schema\/person\/17283c669442cf005c4d5bb58adfb7f5"},"description":"Dieu a une parole de vie pour vous !","breadcrumb":{"@id":"https:\/\/www.oracaoefe.com\/como-manter-a-fe-em-tempos-de-inteligencia-artificial\/#breadcrumb"},"inLanguage":"fr-FR","potentialAction":[{"@type":"ReadAction","target":["https:\/\/www.oracaoefe.com\/como-manter-a-fe-em-tempos-de-inteligencia-artificial\/"]}]},{"@type":"ImageObject","inLanguage":"fr-FR","@id":"https:\/\/www.oracaoefe.com\/como-manter-a-fe-em-tempos-de-inteligencia-artificial\/#primaryimage","url":"https:\/\/www.oracaoefe.com\/wp-content\/uploads\/2025\/03\/image-6.png","contentUrl":"https:\/\/www.oracaoefe.com\/wp-content\/uploads\/2025\/03\/image-6.png","width":1792,"height":1024},{"@type":"BreadcrumbList","@id":"https:\/\/www.oracaoefe.com\/como-manter-a-fe-em-tempos-de-inteligencia-artificial\/#breadcrumb","itemListElement":[{"@type":"ListItem","position":1,"name":"Home","item":"https:\/\/www.oracaoefe.com\/"},{"@type":"ListItem","position":2,"name":"Fique por Dentro","item":"https:\/\/www.oracaoefe.com\/category\/fique-por-dentro\/"},{"@type":"ListItem","position":3,"name":"Como manter a f\u00e9 em tempos de intelig\u00eancia artificial?"}]},{"@type":"WebSite","@id":"https:\/\/www.oracaoefe.com\/#website","url":"https:\/\/www.oracaoefe.com\/","name":"Pri\u00e8re et foi","description":"","potentialAction":[{"@type":"SearchAction","target":{"@type":"EntryPoint","urlTemplate":"https:\/\/www.oracaoefe.com\/?s={search_term_string}"},"query-input":{"@type":"PropertyValueSpecification","valueRequired":true,"valueName":"search_term_string"}}],"inLanguage":"fr-FR"},{"@type":"Person","@id":"https:\/\/www.oracaoefe.com\/#\/schema\/person\/17283c669442cf005c4d5bb58adfb7f5","name":"Michele Azevedo","image":{"@type":"ImageObject","inLanguage":"fr-FR","@id":"https:\/\/secure.gravatar.com\/avatar\/6b0eb9d22841282815e2cd856a0061c45e1761cd54b22e952d98c4746939aa85?s=96&d=mm&r=g","url":"https:\/\/secure.gravatar.com\/avatar\/6b0eb9d22841282815e2cd856a0061c45e1761cd54b22e952d98c4746939aa85?s=96&d=mm&r=g","contentUrl":"https:\/\/secure.gravatar.com\/avatar\/6b0eb9d22841282815e2cd856a0061c45e1761cd54b22e952d98c4746939aa85?s=96&d=mm&r=g","caption":"Michele Azevedo"},"description":"Dipl\u00f4m\u00e9e en litt\u00e9rature portugaise\/anglaise de l&#039;Universit\u00e9 d&#039;\u00c9tat de Ponta Grossa (UEPG), avec des dipl\u00f4mes de troisi\u00e8me cycle en art dans l&#039;\u00e9ducation (FAPI) et en psychop\u00e9dagogie scolaire (FAPI), elle est la cr\u00e9atrice et propri\u00e9taire du site web Escritora de Sucesso, a de l&#039;exp\u00e9rience dans l&#039;\u00e9criture pour les blogs en g\u00e9n\u00e9ral et travaille comme r\u00e9dactrice et \u00e9ditrice du contenu pour Ora\u00e7\u00e3o e F\u00e9.","url":"https:\/\/www.oracaoefe.com\/fr\/author\/michele-azevedo\/"}]}},"_links":{"self":[{"href":"https:\/\/www.oracaoefe.com\/fr\/wp-json\/wp\/v2\/posts\/3493","targetHints":{"allow":["GET"]}}],"collection":[{"href":"https:\/\/www.oracaoefe.com\/fr\/wp-json\/wp\/v2\/posts"}],"about":[{"href":"https:\/\/www.oracaoefe.com\/fr\/wp-json\/wp\/v2\/types\/post"}],"author":[{"embeddable":true,"href":"https:\/\/www.oracaoefe.com\/fr\/wp-json\/wp\/v2\/users\/3"}],"replies":[{"embeddable":true,"href":"https:\/\/www.oracaoefe.com\/fr\/wp-json\/wp\/v2\/comments?post=3493"}],"version-history":[{"count":2,"href":"https:\/\/www.oracaoefe.com\/fr\/wp-json\/wp\/v2\/posts\/3493\/revisions"}],"predecessor-version":[{"id":3504,"href":"https:\/\/www.oracaoefe.com\/fr\/wp-json\/wp\/v2\/posts\/3493\/revisions\/3504"}],"wp:featuredmedia":[{"embeddable":true,"href":"https:\/\/www.oracaoefe.com\/fr\/wp-json\/wp\/v2\/media\/3494"}],"wp:attachment":[{"href":"https:\/\/www.oracaoefe.com\/fr\/wp-json\/wp\/v2\/media?parent=3493"}],"wp:term":[{"taxonomy":"category","embeddable":true,"href":"https:\/\/www.oracaoefe.com\/fr\/wp-json\/wp\/v2\/categories?post=3493"},{"taxonomy":"post_tag","embeddable":true,"href":"https:\/\/www.oracaoefe.com\/fr\/wp-json\/wp\/v2\/tags?post=3493"}],"curies":[{"name":"wp","href":"https:\/\/api.w.org\/{rel}","templated":true}]}}