{"id":3484,"date":"2025-03-31T06:00:00","date_gmt":"2025-03-31T09:00:00","guid":{"rendered":"https:\/\/www.oracaoefe.com\/?p=3484"},"modified":"2025-12-16T13:11:16","modified_gmt":"2025-12-16T16:11:16","slug":"como-orar-quando-voce-nao-encontra-palavras","status":"publish","type":"post","link":"https:\/\/www.oracaoefe.com\/fr\/como-orar-quando-voce-nao-encontra-palavras\/","title":{"rendered":"Como orar quando voc\u00ea n\u00e3o encontra palavras"},"content":{"rendered":"<p class=\"wp-block-paragraph\">Voc\u00ea j\u00e1 se sentiu t\u00e3o cansado, triste ou confuso que nem conseguia orar? J\u00e1 tentou come\u00e7ar uma ora\u00e7\u00e3o, mas nada sa\u00eda? S\u00f3 o sil\u00eancio, o aperto no peito e um monte de sentimentos misturados?<\/p>\n\n\n\n<p class=\"wp-block-paragraph\">Se sim, voc\u00ea n\u00e3o est\u00e1 sozinho. Todos n\u00f3s, em algum momento da caminhada, <strong>chegamos diante de Deus sem saber o que dizer<\/strong>.<\/p>\n\n\n\n<p class=\"wp-block-paragraph\">Mas a boa not\u00edcia \u00e9: <strong>Deus entende. Ele escuta at\u00e9 o sil\u00eancio. Ele responde at\u00e9 o choro. Ele acolhe at\u00e9 as ora\u00e7\u00f5es sem palavras.<\/strong><\/p>\n\n\n\n<figure class=\"wp-block-image size-large\"><img loading=\"lazy\" decoding=\"async\" width=\"1024\" height=\"585\" src=\"https:\/\/www.oracaoefe.com\/wp-content\/uploads\/2025\/03\/image-3-1024x585.png\" alt=\"\" class=\"wp-image-3485\" srcset=\"https:\/\/www.oracaoefe.com\/wp-content\/uploads\/2025\/03\/image-3-1024x585.png 1024w, https:\/\/www.oracaoefe.com\/wp-content\/uploads\/2025\/03\/image-3-300x171.png 300w, https:\/\/www.oracaoefe.com\/wp-content\/uploads\/2025\/03\/image-3-768x439.png 768w, https:\/\/www.oracaoefe.com\/wp-content\/uploads\/2025\/03\/image-3-1536x878.png 1536w, https:\/\/www.oracaoefe.com\/wp-content\/uploads\/2025\/03\/image-3-18x10.png 18w, https:\/\/www.oracaoefe.com\/wp-content\/uploads\/2025\/03\/image-3.png 1792w\" sizes=\"auto, (max-width: 1024px) 100vw, 1024px\" \/><\/figure>\n\n\n\n<h2 class=\"wp-block-heading\">Nem sempre a ora\u00e7\u00e3o \u00e9 feita de palavras<\/h2>\n\n\n\n<p class=\"wp-block-paragraph\">A gente aprendeu que orar \u00e9 \u201cfalar com Deus\u201d. E sim, isso \u00e9 verdade. Mas nem sempre a ora\u00e7\u00e3o precisa ser verbal.<\/p>\n\n\n\n<p class=\"wp-block-paragraph\">\u00c0s vezes, a ora\u00e7\u00e3o \u00e9 um suspiro. Um pensamento. Uma l\u00e1grima. Um olhar para o c\u00e9u. Uma m\u00fasica que toca bem na hora certa. Uma respira\u00e7\u00e3o mais longa no meio do caos.<\/p>\n\n\n\n<p class=\"wp-block-paragraph\">Orar \u00e9 <strong>se conectar com Deus de forma sincera \u2014 mesmo quando o que temos a oferecer \u00e9 s\u00f3 sil\u00eancio.<\/strong><\/p>\n\n\n\n<h2 class=\"wp-block-heading\">Deus conhece o cora\u00e7\u00e3o antes da palavra<\/h2>\n\n\n\n<p class=\"wp-block-paragraph\">Antes mesmo de a gente dizer qualquer coisa, <strong>Deus j\u00e1 sabe o que se passa dentro de n\u00f3s.<\/strong><\/p>\n\n\n\n<blockquote class=\"wp-block-quote is-layout-flow wp-block-quote-is-layout-flow\">\n<p class=\"wp-block-paragraph\">\u201cAntes mesmo que a palavra me chegue \u00e0 l\u00edngua, tu j\u00e1 a conheces inteiramente, Senhor.\u201d (Salmo 139:4)<\/p>\n<\/blockquote>\n\n\n\n<p class=\"wp-block-paragraph\">Isso significa que voc\u00ea <strong>n\u00e3o precisa impressionar Deus com palavras bonitas.<\/strong> Ele n\u00e3o est\u00e1 esperando um discurso perfeito. Ele quer o seu cora\u00e7\u00e3o, do jeito que ele est\u00e1 agora.<\/p>\n\n\n\n<h2 class=\"wp-block-heading\">1# Comece do jeito que der<\/h2>\n\n\n\n<p class=\"wp-block-paragraph\">Se voc\u00ea s\u00f3 consegue dizer \u201cSenhor, eu t\u00f4 aqui\u201d, j\u00e1 \u00e9 um come\u00e7o.<br>Se s\u00f3 sai um \u201cDeus, me ajuda\u201d, Ele ouve.<\/p>\n\n\n\n<p class=\"wp-block-paragraph\">Voc\u00ea pode come\u00e7ar com uma frase simples. Ou nem isso. Pode apenas sentar em sil\u00eancio e dizer mentalmente: \u201cEu n\u00e3o sei orar agora, mas quero estar com o Senhor.\u201d<\/p>\n\n\n\n<p class=\"wp-block-paragraph\">Esse desejo de estar com Deus <strong>j\u00e1 \u00e9 uma ora\u00e7\u00e3o poderosa.<\/strong><\/p>\n\n\n\n<h2 class=\"wp-block-heading\">2# Use a pr\u00f3pria B\u00edblia como ora\u00e7\u00e3o<\/h2>\n\n\n\n<p class=\"wp-block-paragraph\">Quando faltarem palavras, a B\u00edblia pode ser sua voz.<\/p>\n\n\n\n<p class=\"wp-block-paragraph\">Os Salmos, por exemplo, s\u00e3o cheios de ora\u00e7\u00f5es reais, humanas, intensas. Davi chorava, reclamava, se sentia abandonado \u2014 mas tudo isso ele levava a Deus.<\/p>\n\n\n\n<p class=\"wp-block-paragraph\">Voc\u00ea pode ler em voz alta ou apenas meditar em trechos como:<\/p>\n\n\n\n<blockquote class=\"wp-block-quote is-layout-flow wp-block-quote-is-layout-flow\">\n<p class=\"wp-block-paragraph\">\u201cAinda que eu ande pelo vale da sombra da morte, n\u00e3o temerei mal algum, porque tu est\u00e1s comigo.\u201d (Salmo 23:4)<\/p>\n\n\n\n<p class=\"wp-block-paragraph\">\u201cCria em mim um cora\u00e7\u00e3o puro, \u00f3 Deus, e renova dentro de mim um esp\u00edrito est\u00e1vel.\u201d (Salmo 51:10)<\/p>\n<\/blockquote>\n\n\n\n<p class=\"wp-block-paragraph\">Ao repetir essas palavras, voc\u00ea est\u00e1 <strong>orando com a Palavra viva<\/strong>. E isso tem poder.<\/p>\n\n\n\n<h2 class=\"wp-block-heading\">3# Ore com o que sente, n\u00e3o com o que acha que deveria sentir<\/h2>\n\n\n\n<p class=\"wp-block-paragraph\">\u00c0s vezes, a gente trava na ora\u00e7\u00e3o porque acha que precisa estar bem. Que precisa agradecer primeiro. Que n\u00e3o pode demonstrar d\u00favida, raiva ou cansa\u00e7o.<\/p>\n\n\n\n<p class=\"wp-block-paragraph\">Mas Deus n\u00e3o espera uma performance. Ele espera <strong>verdade.<\/strong><\/p>\n\n\n\n<p class=\"wp-block-paragraph\">Se voc\u00ea est\u00e1 confuso, diga isso. Se est\u00e1 com raiva, diga tamb\u00e9m. Se sente que Deus est\u00e1 distante, fale com Ele sobre isso.<\/p>\n\n\n\n<p class=\"wp-block-paragraph\">A B\u00edblia mostra pessoas orando assim o tempo todo. J\u00f3, Jeremias, os Salmistas, at\u00e9 Jesus chorou no Gets\u00eamani.<\/p>\n\n\n\n<p class=\"wp-block-paragraph\">N\u00e3o esconda de Deus o que Ele j\u00e1 v\u00ea.<\/p>\n\n\n\n<h2 class=\"wp-block-heading\">4# O Esp\u00edrito Santo intercede por voc\u00ea<\/h2>\n\n\n\n<p class=\"wp-block-paragraph\">Quando voc\u00ea n\u00e3o sabe como orar, <strong>o Esp\u00edrito Santo ora por voc\u00ea.<\/strong><\/p>\n\n\n\n<blockquote class=\"wp-block-quote is-layout-flow wp-block-quote-is-layout-flow\">\n<p class=\"wp-block-paragraph\">\u201cDa mesma forma, o Esp\u00edrito nos ajuda em nossa fraqueza. Pois n\u00e3o sabemos como orar, mas o pr\u00f3prio Esp\u00edrito intercede por n\u00f3s com gemidos que palavras n\u00e3o podem expressar.\u201d (Romanos 8:26)<\/p>\n<\/blockquote>\n\n\n\n<p class=\"wp-block-paragraph\">Isso \u00e9 lindo demais. Deus colocou dentro de voc\u00ea um intercessor que <strong>fala por voc\u00ea quando voc\u00ea n\u00e3o consegue.<\/strong><\/p>\n\n\n\n<p class=\"wp-block-paragraph\">Ent\u00e3o, mesmo no sil\u00eancio, algo est\u00e1 acontecendo no c\u00e9u. Mesmo sem palavras, <strong>sua alma est\u00e1 sendo ouvida.<\/strong><\/p>\n\n\n\n<h2 class=\"wp-block-heading\">5# Use m\u00fasicas como ora\u00e7\u00e3o<\/h2>\n\n\n\n<p class=\"wp-block-paragraph\">Sabe aquela m\u00fasica que te faz chorar no primeiro acorde? Que parece ter sido escrita pra voc\u00ea? Talvez ela seja sua ora\u00e7\u00e3o nesse momento.<\/p>\n\n\n\n<p class=\"wp-block-paragraph\">Muitas vezes, as letras das m\u00fasicas crist\u00e3s <strong>traduzem exatamente o que estamos sentindo<\/strong>, e cantar ou ouvir com aten\u00e7\u00e3o j\u00e1 \u00e9 uma forma de conversar com Deus.<\/p>\n\n\n\n<p class=\"wp-block-paragraph\">Voc\u00ea pode colocar uma m\u00fasica suave, fechar os olhos e apenas ficar ali. Sem pressa. Sem obriga\u00e7\u00e3o. Apenas presente diante do Senhor.<\/p>\n\n\n\n<h2 class=\"wp-block-heading\">6# Escreva sua ora\u00e7\u00e3o<\/h2>\n\n\n\n<p class=\"wp-block-paragraph\">Se a voz n\u00e3o sai, <strong>escreva.<\/strong><\/p>\n\n\n\n<p class=\"wp-block-paragraph\">Papel e caneta. Ou no bloco de notas do celular. Coloque ali tudo o que est\u00e1 sentindo, pensando, temendo, pedindo.<\/p>\n\n\n\n<p class=\"wp-block-paragraph\">Voc\u00ea pode come\u00e7ar assim:<\/p>\n\n\n\n<ul class=\"wp-block-list\">\n<li>\u201cDeus, hoje eu n\u00e3o sei o que dizer\u2026\u201d<\/li>\n\n\n\n<li>\u201cPai, estou cansado\u2026\u201d<\/li>\n\n\n\n<li>\u201cSenhor, meu cora\u00e7\u00e3o t\u00e1 apertado\u2026\u201d<\/li>\n<\/ul>\n\n\n\n<p class=\"wp-block-paragraph\">Escrever pode te ajudar a organizar a alma e liberar tudo o que estava preso. Depois, voc\u00ea pode at\u00e9 reler como testemunho do que Deus j\u00e1 est\u00e1 fazendo.<\/p>\n\n\n\n<h2 class=\"wp-block-heading\">7# Apenas esteja com Ele<\/h2>\n\n\n\n<p class=\"wp-block-paragraph\">\u00c0s vezes, o melhor jeito de orar \u00e9 <strong>apenas estar.<\/strong><\/p>\n\n\n\n<p class=\"wp-block-paragraph\">Voc\u00ea pode sentar, respirar fundo, fechar os olhos e dizer: \u201cSenhor, eu s\u00f3 quero ficar aqui, contigo.\u201d<\/p>\n\n\n\n<p class=\"wp-block-paragraph\">Assim como duas pessoas que se amam podem ficar em sil\u00eancio e ainda assim se sentirem conectadas, voc\u00ea tamb\u00e9m pode estar com Deus <strong>sem dizer nada.<\/strong><\/p>\n\n\n\n<p class=\"wp-block-paragraph\">A presen\u00e7a Dele \u00e9 mais do que palavras.<\/p>\n\n\n\n<h2 class=\"wp-block-heading\">O sil\u00eancio tamb\u00e9m \u00e9 santo<\/h2>\n\n\n\n<p class=\"wp-block-paragraph\">A gente vive num mundo barulhento, apressado, cheio de press\u00e3o. Mas a ora\u00e7\u00e3o n\u00e3o precisa ser mais um peso na sua lista de tarefas.<\/p>\n\n\n\n<p class=\"wp-block-paragraph\">Ela pode ser <strong>o lugar onde voc\u00ea descansa. Onde voc\u00ea respira. Onde voc\u00ea se reconecta.<\/strong><\/p>\n\n\n\n<p class=\"wp-block-paragraph\">Se hoje voc\u00ea n\u00e3o encontra palavras, tudo bem. <strong>Deus entende. Deus v\u00ea. Deus escuta.<\/strong><\/p>\n\n\n\n<p class=\"wp-block-paragraph\">E, acima de tudo, <strong>Deus responde \u2014 mesmo o que voc\u00ea ainda n\u00e3o conseguiu pedir.<\/strong><\/p>\n\n\n\n<p class=\"wp-block-paragraph\"><strong>Voir aussi\u00a0: <a href=\"https:\/\/www.oracaoefe.com\/fr\/por-que-a-igreja-guarda-o-domingo-e-nao-o-sabado\/\">Por que a Igreja guarda o Domingo e n\u00e3o o S\u00e1bado?<\/a><\/strong><\/p>\n\n\n\n<p class=\"wp-block-paragraph\">31 de mar\u00e7o de 2025<\/p>","protected":false},"excerpt":{"rendered":"<p>Voc\u00ea j\u00e1 se sentiu t\u00e3o cansado, triste ou confuso que nem conseguia orar? J\u00e1 tentou come\u00e7ar uma ora\u00e7\u00e3o, mas nada sa\u00eda? S\u00f3 o sil\u00eancio, o aperto no peito e um monte de sentimentos misturados? Se sim, voc\u00ea n\u00e3o est\u00e1 sozinho. Todos n\u00f3s, em algum momento da caminhada, chegamos diante de Deus sem saber o que&hellip;&nbsp;<\/p>","protected":false},"author":3,"featured_media":3485,"comment_status":"closed","ping_status":"closed","sticky":false,"template":"","format":"standard","meta":{"neve_meta_sidebar":"","neve_meta_container":"","neve_meta_enable_content_width":"","neve_meta_content_width":0,"neve_meta_title_alignment":"","neve_meta_author_avatar":"","neve_post_elements_order":"","neve_meta_disable_header":"","neve_meta_disable_footer":"","neve_meta_disable_title":"","footnotes":""},"categories":[2],"tags":[],"class_list":["post-3484","post","type-post","status-publish","format-standard","has-post-thumbnail","hentry","category-oracao"],"yoast_head":"<!-- This site is optimized with the Yoast SEO plugin v28.4 - https:\/\/yoast.com\/product\/yoast-seo-wordpress\/ -->\n<title>Como orar quando voc\u00ea n\u00e3o encontra palavras - Ora\u00e7\u00e3o e F\u00e9<\/title>\n<meta name=\"description\" content=\"Deus tem pra voc\u00ea uma palavra de vida!\" \/>\n<meta name=\"robots\" content=\"index, follow, max-snippet:-1, max-image-preview:large, max-video-preview:-1\" \/>\n<link rel=\"canonical\" href=\"https:\/\/www.oracaoefe.com\/fr\/como-orar-quando-voce-nao-encontra-palavras\/\" \/>\n<meta property=\"og:locale\" content=\"fr_FR\" \/>\n<meta property=\"og:type\" content=\"article\" \/>\n<meta property=\"og:title\" content=\"Como orar quando voc\u00ea n\u00e3o encontra palavras - Ora\u00e7\u00e3o e F\u00e9\" \/>\n<meta property=\"og:description\" content=\"Deus tem pra voc\u00ea uma palavra de vida!\" \/>\n<meta property=\"og:url\" content=\"https:\/\/www.oracaoefe.com\/fr\/como-orar-quando-voce-nao-encontra-palavras\/\" \/>\n<meta property=\"og:site_name\" content=\"Ora\u00e7\u00e3o e F\u00e9\" \/>\n<meta property=\"article:published_time\" content=\"2025-03-31T09:00:00+00:00\" \/>\n<meta property=\"article:modified_time\" content=\"2025-12-16T16:11:16+00:00\" \/>\n<meta property=\"og:image\" content=\"https:\/\/www.oracaoefe.com\/wp-content\/uploads\/2025\/03\/image-3-1024x585.png\" \/>\n\t<meta property=\"og:image:width\" content=\"1024\" \/>\n\t<meta property=\"og:image:height\" content=\"585\" \/>\n\t<meta property=\"og:image:type\" content=\"image\/png\" \/>\n<meta name=\"author\" content=\"Michele Azevedo\" \/>\n<meta name=\"twitter:card\" content=\"summary_large_image\" \/>\n<meta name=\"twitter:label1\" content=\"\u00c9crit par\" \/>\n\t<meta name=\"twitter:data1\" content=\"Michele Azevedo\" \/>\n\t<meta name=\"twitter:label2\" content=\"Dur\u00e9e de lecture estim\u00e9e\" \/>\n\t<meta name=\"twitter:data2\" content=\"5 minutes\" \/>\n<script type=\"application\/ld+json\" class=\"yoast-schema-graph\">{\"@context\":\"https:\\\/\\\/schema.org\",\"@graph\":[{\"@type\":\"Article\",\"@id\":\"https:\\\/\\\/www.oracaoefe.com\\\/como-orar-quando-voce-nao-encontra-palavras\\\/#article\",\"isPartOf\":{\"@id\":\"https:\\\/\\\/www.oracaoefe.com\\\/como-orar-quando-voce-nao-encontra-palavras\\\/\"},\"author\":{\"name\":\"Michele Azevedo\",\"@id\":\"https:\\\/\\\/www.oracaoefe.com\\\/#\\\/schema\\\/person\\\/17283c669442cf005c4d5bb58adfb7f5\"},\"headline\":\"Como orar quando voc\u00ea n\u00e3o encontra palavras\",\"datePublished\":\"2025-03-31T09:00:00+00:00\",\"dateModified\":\"2025-12-16T16:11:16+00:00\",\"mainEntityOfPage\":{\"@id\":\"https:\\\/\\\/www.oracaoefe.com\\\/como-orar-quando-voce-nao-encontra-palavras\\\/\"},\"wordCount\":971,\"image\":{\"@id\":\"https:\\\/\\\/www.oracaoefe.com\\\/como-orar-quando-voce-nao-encontra-palavras\\\/#primaryimage\"},\"thumbnailUrl\":\"https:\\\/\\\/www.oracaoefe.com\\\/wp-content\\\/uploads\\\/2025\\\/03\\\/image-3.png\",\"articleSection\":[\"Ora\u00e7\u00e3o\"],\"inLanguage\":\"fr-FR\"},{\"@type\":\"WebPage\",\"@id\":\"https:\\\/\\\/www.oracaoefe.com\\\/como-orar-quando-voce-nao-encontra-palavras\\\/\",\"url\":\"https:\\\/\\\/www.oracaoefe.com\\\/como-orar-quando-voce-nao-encontra-palavras\\\/\",\"name\":\"Como orar quando voc\u00ea n\u00e3o encontra palavras - Ora\u00e7\u00e3o e F\u00e9\",\"isPartOf\":{\"@id\":\"https:\\\/\\\/www.oracaoefe.com\\\/#website\"},\"primaryImageOfPage\":{\"@id\":\"https:\\\/\\\/www.oracaoefe.com\\\/como-orar-quando-voce-nao-encontra-palavras\\\/#primaryimage\"},\"image\":{\"@id\":\"https:\\\/\\\/www.oracaoefe.com\\\/como-orar-quando-voce-nao-encontra-palavras\\\/#primaryimage\"},\"thumbnailUrl\":\"https:\\\/\\\/www.oracaoefe.com\\\/wp-content\\\/uploads\\\/2025\\\/03\\\/image-3.png\",\"datePublished\":\"2025-03-31T09:00:00+00:00\",\"dateModified\":\"2025-12-16T16:11:16+00:00\",\"author\":{\"@id\":\"https:\\\/\\\/www.oracaoefe.com\\\/#\\\/schema\\\/person\\\/17283c669442cf005c4d5bb58adfb7f5\"},\"description\":\"Deus tem pra voc\u00ea uma palavra de vida!\",\"breadcrumb\":{\"@id\":\"https:\\\/\\\/www.oracaoefe.com\\\/como-orar-quando-voce-nao-encontra-palavras\\\/#breadcrumb\"},\"inLanguage\":\"fr-FR\",\"potentialAction\":[{\"@type\":\"ReadAction\",\"target\":[\"https:\\\/\\\/www.oracaoefe.com\\\/como-orar-quando-voce-nao-encontra-palavras\\\/\"]}]},{\"@type\":\"ImageObject\",\"inLanguage\":\"fr-FR\",\"@id\":\"https:\\\/\\\/www.oracaoefe.com\\\/como-orar-quando-voce-nao-encontra-palavras\\\/#primaryimage\",\"url\":\"https:\\\/\\\/www.oracaoefe.com\\\/wp-content\\\/uploads\\\/2025\\\/03\\\/image-3.png\",\"contentUrl\":\"https:\\\/\\\/www.oracaoefe.com\\\/wp-content\\\/uploads\\\/2025\\\/03\\\/image-3.png\",\"width\":1792,\"height\":1024},{\"@type\":\"BreadcrumbList\",\"@id\":\"https:\\\/\\\/www.oracaoefe.com\\\/como-orar-quando-voce-nao-encontra-palavras\\\/#breadcrumb\",\"itemListElement\":[{\"@type\":\"ListItem\",\"position\":1,\"name\":\"Home\",\"item\":\"https:\\\/\\\/www.oracaoefe.com\\\/\"},{\"@type\":\"ListItem\",\"position\":2,\"name\":\"Ora\u00e7\u00e3o\",\"item\":\"https:\\\/\\\/www.oracaoefe.com\\\/category\\\/oracao\\\/\"},{\"@type\":\"ListItem\",\"position\":3,\"name\":\"Como orar quando voc\u00ea n\u00e3o encontra palavras\"}]},{\"@type\":\"WebSite\",\"@id\":\"https:\\\/\\\/www.oracaoefe.com\\\/#website\",\"url\":\"https:\\\/\\\/www.oracaoefe.com\\\/\",\"name\":\"Ora\u00e7\u00e3o e F\u00e9\",\"description\":\"\",\"potentialAction\":[{\"@type\":\"SearchAction\",\"target\":{\"@type\":\"EntryPoint\",\"urlTemplate\":\"https:\\\/\\\/www.oracaoefe.com\\\/?s={search_term_string}\"},\"query-input\":{\"@type\":\"PropertyValueSpecification\",\"valueRequired\":true,\"valueName\":\"search_term_string\"}}],\"inLanguage\":\"fr-FR\"},{\"@type\":\"Person\",\"@id\":\"https:\\\/\\\/www.oracaoefe.com\\\/#\\\/schema\\\/person\\\/17283c669442cf005c4d5bb58adfb7f5\",\"name\":\"Michele Azevedo\",\"image\":{\"@type\":\"ImageObject\",\"inLanguage\":\"fr-FR\",\"@id\":\"https:\\\/\\\/secure.gravatar.com\\\/avatar\\\/6b0eb9d22841282815e2cd856a0061c45e1761cd54b22e952d98c4746939aa85?s=96&d=mm&r=g\",\"url\":\"https:\\\/\\\/secure.gravatar.com\\\/avatar\\\/6b0eb9d22841282815e2cd856a0061c45e1761cd54b22e952d98c4746939aa85?s=96&d=mm&r=g\",\"contentUrl\":\"https:\\\/\\\/secure.gravatar.com\\\/avatar\\\/6b0eb9d22841282815e2cd856a0061c45e1761cd54b22e952d98c4746939aa85?s=96&d=mm&r=g\",\"caption\":\"Michele Azevedo\"},\"description\":\"Formada em Letras - Portugu\u00eas\\\/ Ingl\u00eas pela Universidade Estadual de Ponta Grossa (UEPG), p\u00f3s-graduada em Arte na Educa\u00e7\u00e3o (FAPI) e Psicopedagogia Escolar (FAPI), idealizadora e propriet\u00e1ria do site Escritora de Sucesso, possui experi\u00eancia em escrita para blogs em geral e atua como redatora e revisora dos conte\u00fados do Ora\u00e7\u00e3o e F\u00e9.\",\"url\":\"https:\\\/\\\/www.oracaoefe.com\\\/fr\\\/author\\\/michele-azevedo\\\/\"}]}<\/script>\n<!-- \/ Yoast SEO plugin. -->","yoast_head_json":{"title":"Como orar quando voc\u00ea n\u00e3o encontra palavras - Ora\u00e7\u00e3o e F\u00e9","description":"Dieu a une parole de vie pour vous !","robots":{"index":"index","follow":"follow","max-snippet":"max-snippet:-1","max-image-preview":"max-image-preview:large","max-video-preview":"max-video-preview:-1"},"canonical":"https:\/\/www.oracaoefe.com\/fr\/como-orar-quando-voce-nao-encontra-palavras\/","og_locale":"fr_FR","og_type":"article","og_title":"Como orar quando voc\u00ea n\u00e3o encontra palavras - Ora\u00e7\u00e3o e F\u00e9","og_description":"Deus tem pra voc\u00ea uma palavra de vida!","og_url":"https:\/\/www.oracaoefe.com\/fr\/como-orar-quando-voce-nao-encontra-palavras\/","og_site_name":"Ora\u00e7\u00e3o e F\u00e9","article_published_time":"2025-03-31T09:00:00+00:00","article_modified_time":"2025-12-16T16:11:16+00:00","og_image":[{"width":1024,"height":585,"url":"https:\/\/www.oracaoefe.com\/wp-content\/uploads\/2025\/03\/image-3-1024x585.png","type":"image\/png"}],"author":"Michele Azevedo","twitter_card":"summary_large_image","twitter_misc":{"\u00c9crit par":"Michele Azevedo","Dur\u00e9e de lecture estim\u00e9e":"5 minutes"},"schema":{"@context":"https:\/\/schema.org","@graph":[{"@type":"Article","@id":"https:\/\/www.oracaoefe.com\/como-orar-quando-voce-nao-encontra-palavras\/#article","isPartOf":{"@id":"https:\/\/www.oracaoefe.com\/como-orar-quando-voce-nao-encontra-palavras\/"},"author":{"name":"Michele Azevedo","@id":"https:\/\/www.oracaoefe.com\/#\/schema\/person\/17283c669442cf005c4d5bb58adfb7f5"},"headline":"Como orar quando voc\u00ea n\u00e3o encontra palavras","datePublished":"2025-03-31T09:00:00+00:00","dateModified":"2025-12-16T16:11:16+00:00","mainEntityOfPage":{"@id":"https:\/\/www.oracaoefe.com\/como-orar-quando-voce-nao-encontra-palavras\/"},"wordCount":971,"image":{"@id":"https:\/\/www.oracaoefe.com\/como-orar-quando-voce-nao-encontra-palavras\/#primaryimage"},"thumbnailUrl":"https:\/\/www.oracaoefe.com\/wp-content\/uploads\/2025\/03\/image-3.png","articleSection":["Ora\u00e7\u00e3o"],"inLanguage":"fr-FR"},{"@type":"WebPage","@id":"https:\/\/www.oracaoefe.com\/como-orar-quando-voce-nao-encontra-palavras\/","url":"https:\/\/www.oracaoefe.com\/como-orar-quando-voce-nao-encontra-palavras\/","name":"Como orar quando voc\u00ea n\u00e3o encontra palavras - Ora\u00e7\u00e3o e F\u00e9","isPartOf":{"@id":"https:\/\/www.oracaoefe.com\/#website"},"primaryImageOfPage":{"@id":"https:\/\/www.oracaoefe.com\/como-orar-quando-voce-nao-encontra-palavras\/#primaryimage"},"image":{"@id":"https:\/\/www.oracaoefe.com\/como-orar-quando-voce-nao-encontra-palavras\/#primaryimage"},"thumbnailUrl":"https:\/\/www.oracaoefe.com\/wp-content\/uploads\/2025\/03\/image-3.png","datePublished":"2025-03-31T09:00:00+00:00","dateModified":"2025-12-16T16:11:16+00:00","author":{"@id":"https:\/\/www.oracaoefe.com\/#\/schema\/person\/17283c669442cf005c4d5bb58adfb7f5"},"description":"Dieu a une parole de vie pour vous !","breadcrumb":{"@id":"https:\/\/www.oracaoefe.com\/como-orar-quando-voce-nao-encontra-palavras\/#breadcrumb"},"inLanguage":"fr-FR","potentialAction":[{"@type":"ReadAction","target":["https:\/\/www.oracaoefe.com\/como-orar-quando-voce-nao-encontra-palavras\/"]}]},{"@type":"ImageObject","inLanguage":"fr-FR","@id":"https:\/\/www.oracaoefe.com\/como-orar-quando-voce-nao-encontra-palavras\/#primaryimage","url":"https:\/\/www.oracaoefe.com\/wp-content\/uploads\/2025\/03\/image-3.png","contentUrl":"https:\/\/www.oracaoefe.com\/wp-content\/uploads\/2025\/03\/image-3.png","width":1792,"height":1024},{"@type":"BreadcrumbList","@id":"https:\/\/www.oracaoefe.com\/como-orar-quando-voce-nao-encontra-palavras\/#breadcrumb","itemListElement":[{"@type":"ListItem","position":1,"name":"Home","item":"https:\/\/www.oracaoefe.com\/"},{"@type":"ListItem","position":2,"name":"Ora\u00e7\u00e3o","item":"https:\/\/www.oracaoefe.com\/category\/oracao\/"},{"@type":"ListItem","position":3,"name":"Como orar quando voc\u00ea n\u00e3o encontra palavras"}]},{"@type":"WebSite","@id":"https:\/\/www.oracaoefe.com\/#website","url":"https:\/\/www.oracaoefe.com\/","name":"Pri\u00e8re et foi","description":"","potentialAction":[{"@type":"SearchAction","target":{"@type":"EntryPoint","urlTemplate":"https:\/\/www.oracaoefe.com\/?s={search_term_string}"},"query-input":{"@type":"PropertyValueSpecification","valueRequired":true,"valueName":"search_term_string"}}],"inLanguage":"fr-FR"},{"@type":"Person","@id":"https:\/\/www.oracaoefe.com\/#\/schema\/person\/17283c669442cf005c4d5bb58adfb7f5","name":"Michele Azevedo","image":{"@type":"ImageObject","inLanguage":"fr-FR","@id":"https:\/\/secure.gravatar.com\/avatar\/6b0eb9d22841282815e2cd856a0061c45e1761cd54b22e952d98c4746939aa85?s=96&d=mm&r=g","url":"https:\/\/secure.gravatar.com\/avatar\/6b0eb9d22841282815e2cd856a0061c45e1761cd54b22e952d98c4746939aa85?s=96&d=mm&r=g","contentUrl":"https:\/\/secure.gravatar.com\/avatar\/6b0eb9d22841282815e2cd856a0061c45e1761cd54b22e952d98c4746939aa85?s=96&d=mm&r=g","caption":"Michele Azevedo"},"description":"Dipl\u00f4m\u00e9e en litt\u00e9rature portugaise\/anglaise de l&#039;Universit\u00e9 d&#039;\u00c9tat de Ponta Grossa (UEPG), avec des dipl\u00f4mes de troisi\u00e8me cycle en art dans l&#039;\u00e9ducation (FAPI) et en psychop\u00e9dagogie scolaire (FAPI), elle est la cr\u00e9atrice et propri\u00e9taire du site web Escritora de Sucesso, a de l&#039;exp\u00e9rience dans l&#039;\u00e9criture pour les blogs en g\u00e9n\u00e9ral et travaille comme r\u00e9dactrice et \u00e9ditrice du contenu pour Ora\u00e7\u00e3o e F\u00e9.","url":"https:\/\/www.oracaoefe.com\/fr\/author\/michele-azevedo\/"}]}},"_links":{"self":[{"href":"https:\/\/www.oracaoefe.com\/fr\/wp-json\/wp\/v2\/posts\/3484","targetHints":{"allow":["GET"]}}],"collection":[{"href":"https:\/\/www.oracaoefe.com\/fr\/wp-json\/wp\/v2\/posts"}],"about":[{"href":"https:\/\/www.oracaoefe.com\/fr\/wp-json\/wp\/v2\/types\/post"}],"author":[{"embeddable":true,"href":"https:\/\/www.oracaoefe.com\/fr\/wp-json\/wp\/v2\/users\/3"}],"replies":[{"embeddable":true,"href":"https:\/\/www.oracaoefe.com\/fr\/wp-json\/wp\/v2\/comments?post=3484"}],"version-history":[{"count":2,"href":"https:\/\/www.oracaoefe.com\/fr\/wp-json\/wp\/v2\/posts\/3484\/revisions"}],"predecessor-version":[{"id":3501,"href":"https:\/\/www.oracaoefe.com\/fr\/wp-json\/wp\/v2\/posts\/3484\/revisions\/3501"}],"wp:featuredmedia":[{"embeddable":true,"href":"https:\/\/www.oracaoefe.com\/fr\/wp-json\/wp\/v2\/media\/3485"}],"wp:attachment":[{"href":"https:\/\/www.oracaoefe.com\/fr\/wp-json\/wp\/v2\/media?parent=3484"}],"wp:term":[{"taxonomy":"category","embeddable":true,"href":"https:\/\/www.oracaoefe.com\/fr\/wp-json\/wp\/v2\/categories?post=3484"},{"taxonomy":"post_tag","embeddable":true,"href":"https:\/\/www.oracaoefe.com\/fr\/wp-json\/wp\/v2\/tags?post=3484"}],"curies":[{"name":"wp","href":"https:\/\/api.w.org\/{rel}","templated":true}]}}