{"id":3481,"date":"2025-03-28T06:00:00","date_gmt":"2025-03-28T09:00:00","guid":{"rendered":"https:\/\/www.oracaoefe.com\/?p=3481"},"modified":"2025-12-16T13:11:16","modified_gmt":"2025-12-16T16:11:16","slug":"igrejas-digitais-por-que-estao-crescendo-tanto-entre-jovens","status":"publish","type":"post","link":"https:\/\/www.oracaoefe.com\/fr\/igrejas-digitais-por-que-estao-crescendo-tanto-entre-jovens\/","title":{"rendered":"Igrejas digitais: por que est\u00e3o crescendo tanto entre jovens"},"content":{"rendered":"<p class=\"wp-block-paragraph\">Nos \u00faltimos anos, especialmente ap\u00f3s a pandemia, um movimento silencioso come\u00e7ou a chamar aten\u00e7\u00e3o: <strong>o crescimento das igrejas digitais, especialmente entre os jovens<\/strong>.<\/p>\n\n\n\n<p class=\"wp-block-paragraph\">Se antes o culto era sin\u00f4nimo de templo, hoje \u00e9 comum ver pessoas assistindo \u00e0 prega\u00e7\u00e3o no celular, participando de grupos de ora\u00e7\u00e3o no WhatsApp, ou at\u00e9 dizimando por Pix. E, diferente do que muitos pensam, isso <strong>n\u00e3o significa perda de f\u00e9<\/strong> \u2014 mas sim <strong>uma nova forma de viv\u00ea-la<\/strong>.<\/p>\n\n\n\n<figure class=\"wp-block-image size-large\"><img loading=\"lazy\" decoding=\"async\" width=\"1024\" height=\"585\" src=\"https:\/\/www.oracaoefe.com\/wp-content\/uploads\/2025\/03\/image-2-1024x585.png\" alt=\"\" class=\"wp-image-3482\" srcset=\"https:\/\/www.oracaoefe.com\/wp-content\/uploads\/2025\/03\/image-2-1024x585.png 1024w, https:\/\/www.oracaoefe.com\/wp-content\/uploads\/2025\/03\/image-2-300x171.png 300w, https:\/\/www.oracaoefe.com\/wp-content\/uploads\/2025\/03\/image-2-768x439.png 768w, https:\/\/www.oracaoefe.com\/wp-content\/uploads\/2025\/03\/image-2-1536x878.png 1536w, https:\/\/www.oracaoefe.com\/wp-content\/uploads\/2025\/03\/image-2-18x10.png 18w, https:\/\/www.oracaoefe.com\/wp-content\/uploads\/2025\/03\/image-2.png 1792w\" sizes=\"auto, (max-width: 1024px) 100vw, 1024px\" \/><\/figure>\n\n\n\n<p class=\"wp-block-paragraph\">Mas por que tantos jovens est\u00e3o optando pelas igrejas digitais? \u00c9 apenas comodidade? \u00c9 fuga da religi\u00e3o tradicional? Ou existe algo mais profundo nessa transforma\u00e7\u00e3o?<\/p>\n\n\n\n<p class=\"wp-block-paragraph\">Vamos entender juntos o que est\u00e1 por tr\u00e1s desse fen\u00f4meno.<\/p>\n\n\n\n<h2 class=\"wp-block-heading\">O que \u00e9 uma igreja digital?<\/h2>\n\n\n\n<p class=\"wp-block-paragraph\">Igreja digital n\u00e3o \u00e9 s\u00f3 aquela que transmite cultos pelo YouTube. Ela vai al\u00e9m. \u00c9 uma comunidade de f\u00e9 <strong>que nasce, cresce e se mant\u00e9m conectada por meio da internet<\/strong>.<\/p>\n\n\n\n<p class=\"wp-block-paragraph\">Pode ter (ou n\u00e3o) um espa\u00e7o f\u00edsico. Mas seu foco principal est\u00e1 no ambiente online:<\/p>\n\n\n\n<ul class=\"wp-block-list\">\n<li>Cultos transmitidos ao vivo ou gravados<\/li>\n\n\n\n<li>Pequenos grupos que se re\u00fanem por v\u00eddeo<\/li>\n\n\n\n<li>Pastores que respondem d\u00favidas por chat<\/li>\n\n\n\n<li>Aplicativos com devocionais e estudos b\u00edblicos<\/li>\n\n\n\n<li>Redes sociais com mensagens, desafios e reflex\u00f5es di\u00e1rias<\/li>\n<\/ul>\n\n\n\n<p class=\"wp-block-paragraph\">A igreja digital <strong>n\u00e3o quebra a ess\u00eancia da f\u00e9 \u2014 mas transforma a forma como ela \u00e9 acessada.<\/strong><\/p>\n\n\n\n<h2 class=\"wp-block-heading\">Por que isso atrai tantos jovens?<\/h2>\n\n\n\n<p class=\"wp-block-paragraph\">A resposta n\u00e3o est\u00e1 s\u00f3 na tecnologia. Est\u00e1 no comportamento dessa gera\u00e7\u00e3o.<\/p>\n\n\n\n<p class=\"wp-block-paragraph\">1# <strong>Os jovens buscam conex\u00e3o real \u2014 e n\u00e3o s\u00f3 ritual<\/strong><\/p>\n\n\n\n<p class=\"wp-block-paragraph\">Muitos jovens se sentem desconectados da estrutura r\u00edgida de algumas igrejas presenciais. Eles querem <strong>di\u00e1logo, acolhimento, linguagem direta e horizontalidade<\/strong>.<\/p>\n\n\n\n<p class=\"wp-block-paragraph\">Na igreja digital, \u00e9 comum ver o pastor respondendo perguntas ao vivo, interagindo pelo Instagram, compartilhando vulnerabilidades. Isso aproxima.<\/p>\n\n\n\n<p class=\"wp-block-paragraph\">2# <strong>Eles j\u00e1 vivem no digital \u2014 e querem levar a f\u00e9 pra esse ambiente<\/strong><\/p>\n\n\n\n<p class=\"wp-block-paragraph\">O celular est\u00e1 nas m\u00e3os o tempo todo. Estudar, trabalhar, namorar, se divertir\u2026 tudo acontece no digital. Ent\u00e3o, por que a espiritualidade deveria ficar de fora?<\/p>\n\n\n\n<p class=\"wp-block-paragraph\">Os jovens n\u00e3o querem uma f\u00e9 \u201cpresencial obrigat\u00f3ria\u201d. Eles querem <strong>uma f\u00e9 que caminhe com eles no cotidiano, inclusive online.<\/strong><\/p>\n\n\n\n<p class=\"wp-block-paragraph\">3# <strong>Flexibilidade e liberdade<\/strong><\/p>\n\n\n\n<p class=\"wp-block-paragraph\">Nem todo jovem tem rotina fixa. Muitos trabalham por conta pr\u00f3pria, estudam em hor\u00e1rios alternativos ou vivem em cidades onde n\u00e3o h\u00e1 igrejas com as quais se identificam.<\/p>\n\n\n\n<p class=\"wp-block-paragraph\">A igreja digital <strong>quebra a barreira do tempo e da geografia<\/strong>. Voc\u00ea pode participar do culto a qualquer hora, em qualquer lugar \u2014 e ainda fazer parte de uma comunidade com valores semelhantes aos seus.<\/p>\n\n\n\n<p class=\"wp-block-paragraph\">4# <strong>Linguagem mais atual e acess\u00edvel<\/strong><\/p>\n\n\n\n<p class=\"wp-block-paragraph\">Enquanto algumas igrejas presenciais ainda usam termos antigos e estruturas distantes, as digitais falam <strong>a linguagem do agora<\/strong>.<\/p>\n\n\n\n<p class=\"wp-block-paragraph\">Os v\u00eddeos s\u00e3o curtos, os temas s\u00e3o diretos, os desafios s\u00e3o pr\u00e1ticos. O jovem sente que est\u00e1 ouvindo <strong>algo relevante pra sua vida real<\/strong>, e n\u00e3o s\u00f3 discursos gen\u00e9ricos.<\/p>\n\n\n\n<p class=\"wp-block-paragraph\">5# <strong>Menos julgamento, mais acolhimento<\/strong><\/p>\n\n\n\n<p class=\"wp-block-paragraph\">Muitos jovens se afastaram da igreja tradicional por se sentirem julgados. Pela apar\u00eancia, pelo passado, pelas d\u00favidas.<\/p>\n\n\n\n<p class=\"wp-block-paragraph\">Nas igrejas digitais, h\u00e1 <strong>mais espa\u00e7o para perguntas, para conversas honestas, para a jornada de cada um ser respeitada<\/strong>. Isso atrai quem est\u00e1 cansado de regras e quer reencontrar a f\u00e9 com leveza e verdade.<\/p>\n\n\n\n<h2 class=\"wp-block-heading\">A pandemia acelerou tudo<\/h2>\n\n\n\n<p class=\"wp-block-paragraph\">Antes de 2020, poucas igrejas investiam de verdade no digital. A pandemia <strong>obrigou todas a se adaptarem<\/strong> \u2014 e isso abriu uma porta que n\u00e3o se fechou mais.<\/p>\n\n\n\n<p class=\"wp-block-paragraph\">Mesmo com o retorno aos cultos presenciais, <strong>muitos jovens preferiram continuar no online<\/strong>, por perceberem que a f\u00e9 <strong>n\u00e3o depende de paredes, mas de conex\u00e3o com Deus e com pessoas.<\/strong><\/p>\n\n\n\n<p class=\"wp-block-paragraph\">O digital deixou de ser \u201cplano B\u201d e virou uma <strong>forma leg\u00edtima de viver a espiritualidade<\/strong>.<\/p>\n\n\n\n<h2 class=\"wp-block-heading\">O que muda na rela\u00e7\u00e3o com a f\u00e9?<\/h2>\n\n\n\n<p class=\"wp-block-paragraph\">A igreja digital convida o jovem a <strong>ser mais ativo, mais engajado, mais respons\u00e1vel pela pr\u00f3pria f\u00e9.<\/strong><\/p>\n\n\n\n<p class=\"wp-block-paragraph\">N\u00e3o h\u00e1 mais \u201cassistir ao culto e ir embora\u201d. O conte\u00fado est\u00e1 ali 24 horas por dia. O jovem pode:<\/p>\n\n\n\n<ul class=\"wp-block-list\">\n<li>Escolher o que quer estudar<\/li>\n\n\n\n<li>Compartilhar com os amigos<\/li>\n\n\n\n<li>Participar de desafios b\u00edblicos<\/li>\n\n\n\n<li>Se voluntariar em projetos digitais<\/li>\n\n\n\n<li>Criar conte\u00fado de f\u00e9 para outras pessoas<\/li>\n<\/ul>\n\n\n\n<p class=\"wp-block-paragraph\">A igreja digital <strong>empodera o jovem a ser igreja, e n\u00e3o apenas frequentar uma.<\/strong><\/p>\n\n\n\n<h2 class=\"wp-block-heading\">Mas tem limites?<\/h2>\n\n\n\n<p class=\"wp-block-paragraph\">Sim, e \u00e9 importante falar disso com maturidade.<\/p>\n\n\n\n<ul class=\"wp-block-list\">\n<li>A comunh\u00e3o presencial ainda \u00e9 importante. Estar junto, orar com algu\u00e9m, tocar, abra\u00e7ar\u2026 tudo isso tem valor.<\/li>\n\n\n\n<li>A igreja digital n\u00e3o substitui totalmente o contato humano, mas pode ser uma ponte para ele.<\/li>\n\n\n\n<li>H\u00e1 o risco de uma f\u00e9 superficial \u2014 onde se consome conte\u00fado, mas n\u00e3o se vive transforma\u00e7\u00e3o.<\/li>\n\n\n\n<li>Tamb\u00e9m existe o desafio de manter a disciplina sem o \u201ccompromisso f\u00edsico\u201d.<\/li>\n<\/ul>\n\n\n\n<p class=\"wp-block-paragraph\">Por isso, <strong>a igreja digital funciona melhor quando \u00e9 vista como complemento, e n\u00e3o como substitui\u00e7\u00e3o total.<\/strong> Para muitos, \u00e9 o ponto de partida que leva a uma viv\u00eancia mais profunda e concreta da f\u00e9.<\/p>\n\n\n\n<h2 class=\"wp-block-heading\">Exemplos que est\u00e3o fazendo diferen\u00e7a<\/h2>\n\n\n\n<p class=\"wp-block-paragraph\">Hoje, v\u00e1rias igrejas e movimentos est\u00e3o se destacando nesse modelo h\u00edbrido ou totalmente digital:<\/p>\n\n\n\n<ul class=\"wp-block-list\">\n<li>Igrejas com cultos interativos no TikTok e Instagram<\/li>\n\n\n\n<li>Pastores que fazem lives semanais para tirar d\u00favidas sobre a B\u00edblia<\/li>\n\n\n\n<li>Minist\u00e9rios que criam s\u00e9ries em v\u00eddeo com temas atuais: ansiedade, autoestima, escolhas<\/li>\n\n\n\n<li>Grupos de discipulado por WhatsApp, Discord ou Telegram<\/li>\n\n\n\n<li>Plataformas com devocionais di\u00e1rios, desafios b\u00edblicos e espa\u00e7o para testemunhos<\/li>\n<\/ul>\n\n\n\n<p class=\"wp-block-paragraph\">Essas iniciativas <strong>est\u00e3o alcan\u00e7ando jovens que talvez nunca entrassem em um templo<\/strong> \u2014 mas que est\u00e3o sedentos por Deus, por sentido, por consolo e dire\u00e7\u00e3o.<\/p>\n\n\n\n<h2 class=\"wp-block-heading\">Ent\u00e3o\u2026 \u00e9 \u201cmenos igreja\u201d?<\/h2>\n\n\n\n<p class=\"wp-block-paragraph\">Pelo contr\u00e1rio. Em muitos casos, \u00e9 <strong>mais igreja do que nunca<\/strong>.<\/p>\n\n\n\n<p class=\"wp-block-paragraph\">Porque igreja n\u00e3o \u00e9 estrutura. \u00c9 gente. \u00c9 comunh\u00e3o. \u00c9 f\u00e9 em movimento.<br>E quando isso acontece, seja por v\u00eddeo, por mensagem ou por \u00e1udio, <strong>o Esp\u00edrito continua se movendo<\/strong>.<\/p>\n\n\n\n<p class=\"wp-block-paragraph\">A igreja digital \u00e9 <strong>o evangelho ocupando novos espa\u00e7os<\/strong>. \u00c9 a Palavra chegando onde antes n\u00e3o chegava. \u00c9 um jovem que se sentia perdido encontrando um culto \u00e0s 3h da manh\u00e3 e ouvindo exatamente o que precisava.<\/p>\n\n\n\n<p class=\"wp-block-paragraph\">Isso n\u00e3o \u00e9 menos. Isso \u00e9 muito.<\/p>\n\n\n\n<p class=\"wp-block-paragraph\"><strong>Voir aussi\u00a0: <a href=\"https:\/\/www.oracaoefe.com\/fr\/por-que-a-igreja-guarda-o-domingo-e-nao-o-sabado\/\">Por que a Igreja guarda o Domingo e n\u00e3o o S\u00e1bado?<\/a><\/strong><\/p>\n\n\n\n<p class=\"wp-block-paragraph\">28 de mar\u00e7o de 2025<\/p>","protected":false},"excerpt":{"rendered":"<p>Nos \u00faltimos anos, especialmente ap\u00f3s a pandemia, um movimento silencioso come\u00e7ou a chamar aten\u00e7\u00e3o: o crescimento das igrejas digitais, especialmente entre os jovens. Se antes o culto era sin\u00f4nimo de templo, hoje \u00e9 comum ver pessoas assistindo \u00e0 prega\u00e7\u00e3o no celular, participando de grupos de ora\u00e7\u00e3o no WhatsApp, ou at\u00e9 dizimando por Pix. E, diferente&hellip;&nbsp;<\/p>","protected":false},"author":3,"featured_media":3482,"comment_status":"closed","ping_status":"closed","sticky":false,"template":"","format":"standard","meta":{"neve_meta_sidebar":"","neve_meta_container":"","neve_meta_enable_content_width":"","neve_meta_content_width":0,"neve_meta_title_alignment":"","neve_meta_author_avatar":"","neve_post_elements_order":"","neve_meta_disable_header":"","neve_meta_disable_footer":"","neve_meta_disable_title":"","footnotes":""},"categories":[4],"tags":[],"class_list":["post-3481","post","type-post","status-publish","format-standard","has-post-thumbnail","hentry","category-fique-por-dentro"],"yoast_head":"<!-- This site is optimized with the Yoast SEO plugin v28.4 - https:\/\/yoast.com\/product\/yoast-seo-wordpress\/ -->\n<title>Igrejas digitais: por que est\u00e3o crescendo tanto entre jovens - Ora\u00e7\u00e3o e F\u00e9<\/title>\n<meta name=\"description\" content=\"Deus tem pra voc\u00ea uma palavra de vida!\" \/>\n<meta name=\"robots\" content=\"index, follow, max-snippet:-1, max-image-preview:large, max-video-preview:-1\" \/>\n<link rel=\"canonical\" href=\"https:\/\/www.oracaoefe.com\/fr\/igrejas-digitais-por-que-estao-crescendo-tanto-entre-jovens\/\" \/>\n<meta property=\"og:locale\" content=\"fr_FR\" \/>\n<meta property=\"og:type\" content=\"article\" \/>\n<meta property=\"og:title\" content=\"Igrejas digitais: por que est\u00e3o crescendo tanto entre jovens - Ora\u00e7\u00e3o e F\u00e9\" \/>\n<meta property=\"og:description\" content=\"Deus tem pra voc\u00ea uma palavra de vida!\" \/>\n<meta property=\"og:url\" content=\"https:\/\/www.oracaoefe.com\/fr\/igrejas-digitais-por-que-estao-crescendo-tanto-entre-jovens\/\" \/>\n<meta property=\"og:site_name\" content=\"Ora\u00e7\u00e3o e F\u00e9\" \/>\n<meta property=\"article:published_time\" content=\"2025-03-28T09:00:00+00:00\" \/>\n<meta property=\"article:modified_time\" content=\"2025-12-16T16:11:16+00:00\" \/>\n<meta property=\"og:image\" content=\"https:\/\/www.oracaoefe.com\/wp-content\/uploads\/2025\/03\/image-2-1024x585.png\" \/>\n\t<meta property=\"og:image:width\" content=\"1024\" \/>\n\t<meta property=\"og:image:height\" content=\"585\" \/>\n\t<meta property=\"og:image:type\" content=\"image\/png\" \/>\n<meta name=\"author\" content=\"Michele Azevedo\" \/>\n<meta name=\"twitter:card\" content=\"summary_large_image\" \/>\n<meta name=\"twitter:label1\" content=\"\u00c9crit par\" \/>\n\t<meta name=\"twitter:data1\" content=\"Michele Azevedo\" \/>\n\t<meta name=\"twitter:label2\" content=\"Dur\u00e9e de lecture estim\u00e9e\" \/>\n\t<meta name=\"twitter:data2\" content=\"5 minutes\" \/>\n<script type=\"application\/ld+json\" class=\"yoast-schema-graph\">{\"@context\":\"https:\\\/\\\/schema.org\",\"@graph\":[{\"@type\":\"Article\",\"@id\":\"https:\\\/\\\/www.oracaoefe.com\\\/igrejas-digitais-por-que-estao-crescendo-tanto-entre-jovens\\\/#article\",\"isPartOf\":{\"@id\":\"https:\\\/\\\/www.oracaoefe.com\\\/igrejas-digitais-por-que-estao-crescendo-tanto-entre-jovens\\\/\"},\"author\":{\"name\":\"Michele Azevedo\",\"@id\":\"https:\\\/\\\/www.oracaoefe.com\\\/#\\\/schema\\\/person\\\/17283c669442cf005c4d5bb58adfb7f5\"},\"headline\":\"Igrejas digitais: por que est\u00e3o crescendo tanto entre jovens\",\"datePublished\":\"2025-03-28T09:00:00+00:00\",\"dateModified\":\"2025-12-16T16:11:16+00:00\",\"mainEntityOfPage\":{\"@id\":\"https:\\\/\\\/www.oracaoefe.com\\\/igrejas-digitais-por-que-estao-crescendo-tanto-entre-jovens\\\/\"},\"wordCount\":1060,\"image\":{\"@id\":\"https:\\\/\\\/www.oracaoefe.com\\\/igrejas-digitais-por-que-estao-crescendo-tanto-entre-jovens\\\/#primaryimage\"},\"thumbnailUrl\":\"https:\\\/\\\/www.oracaoefe.com\\\/wp-content\\\/uploads\\\/2025\\\/03\\\/image-2.png\",\"articleSection\":[\"Fique por Dentro\"],\"inLanguage\":\"fr-FR\"},{\"@type\":\"WebPage\",\"@id\":\"https:\\\/\\\/www.oracaoefe.com\\\/igrejas-digitais-por-que-estao-crescendo-tanto-entre-jovens\\\/\",\"url\":\"https:\\\/\\\/www.oracaoefe.com\\\/igrejas-digitais-por-que-estao-crescendo-tanto-entre-jovens\\\/\",\"name\":\"Igrejas digitais: por que est\u00e3o crescendo tanto entre jovens - Ora\u00e7\u00e3o e F\u00e9\",\"isPartOf\":{\"@id\":\"https:\\\/\\\/www.oracaoefe.com\\\/#website\"},\"primaryImageOfPage\":{\"@id\":\"https:\\\/\\\/www.oracaoefe.com\\\/igrejas-digitais-por-que-estao-crescendo-tanto-entre-jovens\\\/#primaryimage\"},\"image\":{\"@id\":\"https:\\\/\\\/www.oracaoefe.com\\\/igrejas-digitais-por-que-estao-crescendo-tanto-entre-jovens\\\/#primaryimage\"},\"thumbnailUrl\":\"https:\\\/\\\/www.oracaoefe.com\\\/wp-content\\\/uploads\\\/2025\\\/03\\\/image-2.png\",\"datePublished\":\"2025-03-28T09:00:00+00:00\",\"dateModified\":\"2025-12-16T16:11:16+00:00\",\"author\":{\"@id\":\"https:\\\/\\\/www.oracaoefe.com\\\/#\\\/schema\\\/person\\\/17283c669442cf005c4d5bb58adfb7f5\"},\"description\":\"Deus tem pra voc\u00ea uma palavra de vida!\",\"breadcrumb\":{\"@id\":\"https:\\\/\\\/www.oracaoefe.com\\\/igrejas-digitais-por-que-estao-crescendo-tanto-entre-jovens\\\/#breadcrumb\"},\"inLanguage\":\"fr-FR\",\"potentialAction\":[{\"@type\":\"ReadAction\",\"target\":[\"https:\\\/\\\/www.oracaoefe.com\\\/igrejas-digitais-por-que-estao-crescendo-tanto-entre-jovens\\\/\"]}]},{\"@type\":\"ImageObject\",\"inLanguage\":\"fr-FR\",\"@id\":\"https:\\\/\\\/www.oracaoefe.com\\\/igrejas-digitais-por-que-estao-crescendo-tanto-entre-jovens\\\/#primaryimage\",\"url\":\"https:\\\/\\\/www.oracaoefe.com\\\/wp-content\\\/uploads\\\/2025\\\/03\\\/image-2.png\",\"contentUrl\":\"https:\\\/\\\/www.oracaoefe.com\\\/wp-content\\\/uploads\\\/2025\\\/03\\\/image-2.png\",\"width\":1792,\"height\":1024,\"caption\":\"Como orar quando voc\u00ea n\u00e3o encontra palavras\"},{\"@type\":\"BreadcrumbList\",\"@id\":\"https:\\\/\\\/www.oracaoefe.com\\\/igrejas-digitais-por-que-estao-crescendo-tanto-entre-jovens\\\/#breadcrumb\",\"itemListElement\":[{\"@type\":\"ListItem\",\"position\":1,\"name\":\"Home\",\"item\":\"https:\\\/\\\/www.oracaoefe.com\\\/\"},{\"@type\":\"ListItem\",\"position\":2,\"name\":\"Fique por Dentro\",\"item\":\"https:\\\/\\\/www.oracaoefe.com\\\/category\\\/fique-por-dentro\\\/\"},{\"@type\":\"ListItem\",\"position\":3,\"name\":\"Igrejas digitais: por que est\u00e3o crescendo tanto entre jovens\"}]},{\"@type\":\"WebSite\",\"@id\":\"https:\\\/\\\/www.oracaoefe.com\\\/#website\",\"url\":\"https:\\\/\\\/www.oracaoefe.com\\\/\",\"name\":\"Ora\u00e7\u00e3o e F\u00e9\",\"description\":\"\",\"potentialAction\":[{\"@type\":\"SearchAction\",\"target\":{\"@type\":\"EntryPoint\",\"urlTemplate\":\"https:\\\/\\\/www.oracaoefe.com\\\/?s={search_term_string}\"},\"query-input\":{\"@type\":\"PropertyValueSpecification\",\"valueRequired\":true,\"valueName\":\"search_term_string\"}}],\"inLanguage\":\"fr-FR\"},{\"@type\":\"Person\",\"@id\":\"https:\\\/\\\/www.oracaoefe.com\\\/#\\\/schema\\\/person\\\/17283c669442cf005c4d5bb58adfb7f5\",\"name\":\"Michele Azevedo\",\"image\":{\"@type\":\"ImageObject\",\"inLanguage\":\"fr-FR\",\"@id\":\"https:\\\/\\\/secure.gravatar.com\\\/avatar\\\/6b0eb9d22841282815e2cd856a0061c45e1761cd54b22e952d98c4746939aa85?s=96&d=mm&r=g\",\"url\":\"https:\\\/\\\/secure.gravatar.com\\\/avatar\\\/6b0eb9d22841282815e2cd856a0061c45e1761cd54b22e952d98c4746939aa85?s=96&d=mm&r=g\",\"contentUrl\":\"https:\\\/\\\/secure.gravatar.com\\\/avatar\\\/6b0eb9d22841282815e2cd856a0061c45e1761cd54b22e952d98c4746939aa85?s=96&d=mm&r=g\",\"caption\":\"Michele Azevedo\"},\"description\":\"Formada em Letras - Portugu\u00eas\\\/ Ingl\u00eas pela Universidade Estadual de Ponta Grossa (UEPG), p\u00f3s-graduada em Arte na Educa\u00e7\u00e3o (FAPI) e Psicopedagogia Escolar (FAPI), idealizadora e propriet\u00e1ria do site Escritora de Sucesso, possui experi\u00eancia em escrita para blogs em geral e atua como redatora e revisora dos conte\u00fados do Ora\u00e7\u00e3o e F\u00e9.\",\"url\":\"https:\\\/\\\/www.oracaoefe.com\\\/fr\\\/author\\\/michele-azevedo\\\/\"}]}<\/script>\n<!-- \/ Yoast SEO plugin. -->","yoast_head_json":{"title":"Igrejas digitais: por que est\u00e3o crescendo tanto entre jovens - Ora\u00e7\u00e3o e F\u00e9","description":"Dieu a une parole de vie pour vous !","robots":{"index":"index","follow":"follow","max-snippet":"max-snippet:-1","max-image-preview":"max-image-preview:large","max-video-preview":"max-video-preview:-1"},"canonical":"https:\/\/www.oracaoefe.com\/fr\/igrejas-digitais-por-que-estao-crescendo-tanto-entre-jovens\/","og_locale":"fr_FR","og_type":"article","og_title":"Igrejas digitais: por que est\u00e3o crescendo tanto entre jovens - Ora\u00e7\u00e3o e F\u00e9","og_description":"Deus tem pra voc\u00ea uma palavra de vida!","og_url":"https:\/\/www.oracaoefe.com\/fr\/igrejas-digitais-por-que-estao-crescendo-tanto-entre-jovens\/","og_site_name":"Ora\u00e7\u00e3o e F\u00e9","article_published_time":"2025-03-28T09:00:00+00:00","article_modified_time":"2025-12-16T16:11:16+00:00","og_image":[{"width":1024,"height":585,"url":"https:\/\/www.oracaoefe.com\/wp-content\/uploads\/2025\/03\/image-2-1024x585.png","type":"image\/png"}],"author":"Michele Azevedo","twitter_card":"summary_large_image","twitter_misc":{"\u00c9crit par":"Michele Azevedo","Dur\u00e9e de lecture estim\u00e9e":"5 minutes"},"schema":{"@context":"https:\/\/schema.org","@graph":[{"@type":"Article","@id":"https:\/\/www.oracaoefe.com\/igrejas-digitais-por-que-estao-crescendo-tanto-entre-jovens\/#article","isPartOf":{"@id":"https:\/\/www.oracaoefe.com\/igrejas-digitais-por-que-estao-crescendo-tanto-entre-jovens\/"},"author":{"name":"Michele Azevedo","@id":"https:\/\/www.oracaoefe.com\/#\/schema\/person\/17283c669442cf005c4d5bb58adfb7f5"},"headline":"Igrejas digitais: por que est\u00e3o crescendo tanto entre jovens","datePublished":"2025-03-28T09:00:00+00:00","dateModified":"2025-12-16T16:11:16+00:00","mainEntityOfPage":{"@id":"https:\/\/www.oracaoefe.com\/igrejas-digitais-por-que-estao-crescendo-tanto-entre-jovens\/"},"wordCount":1060,"image":{"@id":"https:\/\/www.oracaoefe.com\/igrejas-digitais-por-que-estao-crescendo-tanto-entre-jovens\/#primaryimage"},"thumbnailUrl":"https:\/\/www.oracaoefe.com\/wp-content\/uploads\/2025\/03\/image-2.png","articleSection":["Fique por Dentro"],"inLanguage":"fr-FR"},{"@type":"WebPage","@id":"https:\/\/www.oracaoefe.com\/igrejas-digitais-por-que-estao-crescendo-tanto-entre-jovens\/","url":"https:\/\/www.oracaoefe.com\/igrejas-digitais-por-que-estao-crescendo-tanto-entre-jovens\/","name":"Igrejas digitais: por que est\u00e3o crescendo tanto entre jovens - Ora\u00e7\u00e3o e F\u00e9","isPartOf":{"@id":"https:\/\/www.oracaoefe.com\/#website"},"primaryImageOfPage":{"@id":"https:\/\/www.oracaoefe.com\/igrejas-digitais-por-que-estao-crescendo-tanto-entre-jovens\/#primaryimage"},"image":{"@id":"https:\/\/www.oracaoefe.com\/igrejas-digitais-por-que-estao-crescendo-tanto-entre-jovens\/#primaryimage"},"thumbnailUrl":"https:\/\/www.oracaoefe.com\/wp-content\/uploads\/2025\/03\/image-2.png","datePublished":"2025-03-28T09:00:00+00:00","dateModified":"2025-12-16T16:11:16+00:00","author":{"@id":"https:\/\/www.oracaoefe.com\/#\/schema\/person\/17283c669442cf005c4d5bb58adfb7f5"},"description":"Dieu a une parole de vie pour vous !","breadcrumb":{"@id":"https:\/\/www.oracaoefe.com\/igrejas-digitais-por-que-estao-crescendo-tanto-entre-jovens\/#breadcrumb"},"inLanguage":"fr-FR","potentialAction":[{"@type":"ReadAction","target":["https:\/\/www.oracaoefe.com\/igrejas-digitais-por-que-estao-crescendo-tanto-entre-jovens\/"]}]},{"@type":"ImageObject","inLanguage":"fr-FR","@id":"https:\/\/www.oracaoefe.com\/igrejas-digitais-por-que-estao-crescendo-tanto-entre-jovens\/#primaryimage","url":"https:\/\/www.oracaoefe.com\/wp-content\/uploads\/2025\/03\/image-2.png","contentUrl":"https:\/\/www.oracaoefe.com\/wp-content\/uploads\/2025\/03\/image-2.png","width":1792,"height":1024,"caption":"Como orar quando voc\u00ea n\u00e3o encontra palavras"},{"@type":"BreadcrumbList","@id":"https:\/\/www.oracaoefe.com\/igrejas-digitais-por-que-estao-crescendo-tanto-entre-jovens\/#breadcrumb","itemListElement":[{"@type":"ListItem","position":1,"name":"Home","item":"https:\/\/www.oracaoefe.com\/"},{"@type":"ListItem","position":2,"name":"Fique por Dentro","item":"https:\/\/www.oracaoefe.com\/category\/fique-por-dentro\/"},{"@type":"ListItem","position":3,"name":"Igrejas digitais: por que est\u00e3o crescendo tanto entre jovens"}]},{"@type":"WebSite","@id":"https:\/\/www.oracaoefe.com\/#website","url":"https:\/\/www.oracaoefe.com\/","name":"Pri\u00e8re et foi","description":"","potentialAction":[{"@type":"SearchAction","target":{"@type":"EntryPoint","urlTemplate":"https:\/\/www.oracaoefe.com\/?s={search_term_string}"},"query-input":{"@type":"PropertyValueSpecification","valueRequired":true,"valueName":"search_term_string"}}],"inLanguage":"fr-FR"},{"@type":"Person","@id":"https:\/\/www.oracaoefe.com\/#\/schema\/person\/17283c669442cf005c4d5bb58adfb7f5","name":"Michele Azevedo","image":{"@type":"ImageObject","inLanguage":"fr-FR","@id":"https:\/\/secure.gravatar.com\/avatar\/6b0eb9d22841282815e2cd856a0061c45e1761cd54b22e952d98c4746939aa85?s=96&d=mm&r=g","url":"https:\/\/secure.gravatar.com\/avatar\/6b0eb9d22841282815e2cd856a0061c45e1761cd54b22e952d98c4746939aa85?s=96&d=mm&r=g","contentUrl":"https:\/\/secure.gravatar.com\/avatar\/6b0eb9d22841282815e2cd856a0061c45e1761cd54b22e952d98c4746939aa85?s=96&d=mm&r=g","caption":"Michele Azevedo"},"description":"Dipl\u00f4m\u00e9e en litt\u00e9rature portugaise\/anglaise de l&#039;Universit\u00e9 d&#039;\u00c9tat de Ponta Grossa (UEPG), avec des dipl\u00f4mes de troisi\u00e8me cycle en art dans l&#039;\u00e9ducation (FAPI) et en psychop\u00e9dagogie scolaire (FAPI), elle est la cr\u00e9atrice et propri\u00e9taire du site web Escritora de Sucesso, a de l&#039;exp\u00e9rience dans l&#039;\u00e9criture pour les blogs en g\u00e9n\u00e9ral et travaille comme r\u00e9dactrice et \u00e9ditrice du contenu pour Ora\u00e7\u00e3o e F\u00e9.","url":"https:\/\/www.oracaoefe.com\/fr\/author\/michele-azevedo\/"}]}},"_links":{"self":[{"href":"https:\/\/www.oracaoefe.com\/fr\/wp-json\/wp\/v2\/posts\/3481","targetHints":{"allow":["GET"]}}],"collection":[{"href":"https:\/\/www.oracaoefe.com\/fr\/wp-json\/wp\/v2\/posts"}],"about":[{"href":"https:\/\/www.oracaoefe.com\/fr\/wp-json\/wp\/v2\/types\/post"}],"author":[{"embeddable":true,"href":"https:\/\/www.oracaoefe.com\/fr\/wp-json\/wp\/v2\/users\/3"}],"replies":[{"embeddable":true,"href":"https:\/\/www.oracaoefe.com\/fr\/wp-json\/wp\/v2\/comments?post=3481"}],"version-history":[{"count":2,"href":"https:\/\/www.oracaoefe.com\/fr\/wp-json\/wp\/v2\/posts\/3481\/revisions"}],"predecessor-version":[{"id":3500,"href":"https:\/\/www.oracaoefe.com\/fr\/wp-json\/wp\/v2\/posts\/3481\/revisions\/3500"}],"wp:featuredmedia":[{"embeddable":true,"href":"https:\/\/www.oracaoefe.com\/fr\/wp-json\/wp\/v2\/media\/3482"}],"wp:attachment":[{"href":"https:\/\/www.oracaoefe.com\/fr\/wp-json\/wp\/v2\/media?parent=3481"}],"wp:term":[{"taxonomy":"category","embeddable":true,"href":"https:\/\/www.oracaoefe.com\/fr\/wp-json\/wp\/v2\/categories?post=3481"},{"taxonomy":"post_tag","embeddable":true,"href":"https:\/\/www.oracaoefe.com\/fr\/wp-json\/wp\/v2\/tags?post=3481"}],"curies":[{"name":"wp","href":"https:\/\/api.w.org\/{rel}","templated":true}]}}