{"id":3478,"date":"2025-03-25T06:00:00","date_gmt":"2025-03-25T09:00:00","guid":{"rendered":"https:\/\/www.oracaoefe.com\/?p=3478"},"modified":"2025-12-16T13:11:16","modified_gmt":"2025-12-16T16:11:16","slug":"por-que-deus-permite-que-voce-passe-por-provacoes","status":"publish","type":"post","link":"https:\/\/www.oracaoefe.com\/fr\/por-que-deus-permite-que-voce-passe-por-provacoes\/","title":{"rendered":"Por que Deus permite que voc\u00ea passe por prova\u00e7\u00f5es?"},"content":{"rendered":"<p class=\"wp-block-paragraph\">Essa \u00e9 uma das perguntas mais dif\u00edceis \u2014 e, ao mesmo tempo, uma das mais sinceras: <strong>\u201cSe Deus me ama, por que Ele permite que eu passe por momentos t\u00e3o dif\u00edceis?\u201d<\/strong><\/p>\n\n\n\n<p class=\"wp-block-paragraph\">Quando a vida aperta, quando tudo parece dar errado, quando o cora\u00e7\u00e3o est\u00e1 cansado e a f\u00e9 enfraquece, \u00e9 natural questionar.<\/p>\n\n\n\n<p class=\"wp-block-paragraph\">A verdade \u00e9 que, em algum momento, todos n\u00f3s enfrentamos prova\u00e7\u00f5es. E quando elas chegam, n\u00e3o vem com explica\u00e7\u00e3o pronta. Vem com dor, com sil\u00eancio e com o tipo de pergunta que s\u00f3 se faz de joelhos.<\/p>\n\n\n\n<p class=\"wp-block-paragraph\">Mas ser\u00e1 que Deus realmente se afasta? Ser\u00e1 que Ele se esquece? Ou ser\u00e1 que h\u00e1 algo maior acontecendo \u2014 mesmo quando a gente n\u00e3o entende?<\/p>\n\n\n\n<figure class=\"wp-block-image size-large\"><img loading=\"lazy\" decoding=\"async\" width=\"1024\" height=\"585\" src=\"https:\/\/www.oracaoefe.com\/wp-content\/uploads\/2025\/03\/image-1-1024x585.png\" alt=\"\" class=\"wp-image-3479\" srcset=\"https:\/\/www.oracaoefe.com\/wp-content\/uploads\/2025\/03\/image-1-1024x585.png 1024w, https:\/\/www.oracaoefe.com\/wp-content\/uploads\/2025\/03\/image-1-300x171.png 300w, https:\/\/www.oracaoefe.com\/wp-content\/uploads\/2025\/03\/image-1-768x439.png 768w, https:\/\/www.oracaoefe.com\/wp-content\/uploads\/2025\/03\/image-1-1536x878.png 1536w, https:\/\/www.oracaoefe.com\/wp-content\/uploads\/2025\/03\/image-1-18x10.png 18w, https:\/\/www.oracaoefe.com\/wp-content\/uploads\/2025\/03\/image-1.png 1792w\" sizes=\"auto, (max-width: 1024px) 100vw, 1024px\" \/><\/figure>\n\n\n\n<p class=\"wp-block-paragraph\"><\/p>\n\n\n\n<h2 class=\"wp-block-heading\">Deus n\u00e3o prometeu aus\u00eancia de problemas<\/h2>\n\n\n\n<p class=\"wp-block-paragraph\">Em nenhum lugar da B\u00edblia est\u00e1 escrito que seguir a Deus seria f\u00e1cil. Jesus mesmo disse:<\/p>\n\n\n\n<blockquote class=\"wp-block-quote is-layout-flow wp-block-quote-is-layout-flow\">\n<p class=\"wp-block-paragraph\">\u201cNeste mundo voc\u00eas ter\u00e3o afli\u00e7\u00f5es. Contudo, tenham \u00e2nimo! Eu venci o mundo.\u201d (Jo\u00e3o 16:33)<\/p>\n<\/blockquote>\n\n\n\n<p class=\"wp-block-paragraph\">Ou seja, <strong>os problemas s\u00e3o parte da caminhada<\/strong>, mesmo para quem tem f\u00e9.<\/p>\n\n\n\n<p class=\"wp-block-paragraph\">A boa not\u00edcia \u00e9 que Deus n\u00e3o nos abandona no meio da dor. Ele <strong>promete estar conosco<\/strong>, mesmo quando tudo parece desabar.<\/p>\n\n\n\n<h2 class=\"wp-block-heading\">As prova\u00e7\u00f5es revelam quem somos<\/h2>\n\n\n\n<p class=\"wp-block-paragraph\">Nos dias bons, \u00e9 f\u00e1cil sorrir, agradecer, dizer que confia. Mas \u00e9 <strong>nas prova\u00e7\u00f5es que o nosso car\u00e1ter \u00e9 testado<\/strong>.<\/p>\n\n\n\n<p class=\"wp-block-paragraph\">E n\u00e3o \u00e9 para nos destruir. \u00c9 para nos mostrar o que precisa ser fortalecido.<\/p>\n\n\n\n<ul class=\"wp-block-list\">\n<li>\u00c9 no deserto que aprendemos a confiar<\/li>\n\n\n\n<li>\u00c9 na escassez que reconhecemos a provis\u00e3o<\/li>\n\n\n\n<li>\u00c9 na dor que aprendemos a compaix\u00e3o<\/li>\n\n\n\n<li>\u00c9 na espera que desenvolvemos a paci\u00eancia<\/li>\n\n\n\n<li>\u00c9 na d\u00favida que a f\u00e9 se fortalece<\/li>\n<\/ul>\n\n\n\n<p class=\"wp-block-paragraph\">Dieu <strong>n\u00e3o desperdi\u00e7a sofrimento<\/strong>. Ele transforma at\u00e9 o choro em aprendizado.<\/p>\n\n\n\n<h2 class=\"wp-block-heading\">1# Prova\u00e7\u00f5es nos aproximam de Deus<\/h2>\n\n\n\n<p class=\"wp-block-paragraph\">Quando tudo est\u00e1 bem, \u00e9 comum relaxar na ora\u00e7\u00e3o, se distrair com o mundo, esquecer do que realmente importa.<\/p>\n\n\n\n<p class=\"wp-block-paragraph\">Mas, quando a tempestade vem, o que fazemos? Corremos para Deus. Choramos no colo Dele. E, mesmo em sil\u00eancio, sentimos a presen\u00e7a que nunca foi embora.<\/p>\n\n\n\n<p class=\"wp-block-paragraph\">\u00c0s vezes, <strong>Deus permite a dor para que a gente volte pra Ele<\/strong>.<\/p>\n\n\n\n<p class=\"wp-block-paragraph\">N\u00e3o porque Ele \u00e9 cruel, mas porque <strong>nos ama demais para nos deixar viver longe da fonte da vida<\/strong>.<\/p>\n\n\n\n<h2 class=\"wp-block-heading\">2# Elas nos ensinam a depender \u2014 n\u00e3o controlar<\/h2>\n\n\n\n<p class=\"wp-block-paragraph\">Muitas vezes, queremos resolver tudo com a for\u00e7a dos bra\u00e7os. Planejamos, controlamos, organizamos, prevemos. Mas chega uma hora em que tudo foge do nosso alcance.<\/p>\n\n\n\n<p class=\"wp-block-paragraph\">E \u00e9 ali que aprendemos: <strong>n\u00e3o somos Deus. E tudo bem.<\/strong><\/p>\n\n\n\n<p class=\"wp-block-paragraph\">As prova\u00e7\u00f5es quebram o orgulho, derrubam a falsa sensa\u00e7\u00e3o de controle e nos ensinam a dizer, com sinceridade: \u201cSenhor, eu n\u00e3o consigo sozinho\u201d.<\/p>\n\n\n\n<h2 class=\"wp-block-heading\">3# Elas revelam a for\u00e7a que j\u00e1 est\u00e1 em voc\u00ea<\/h2>\n\n\n\n<p class=\"wp-block-paragraph\">Pensa nas prova\u00e7\u00f5es que voc\u00ea j\u00e1 enfrentou no passado. Na \u00e9poca, parecia que n\u00e3o ia suportar, certo? Mas voc\u00ea passou por elas. Cresceu. Aprendeu. Mudou.<\/p>\n\n\n\n<p class=\"wp-block-paragraph\">Talvez hoje voc\u00ea esteja passando por algo ainda maior. Mas dentro de voc\u00ea h\u00e1 <strong>uma f\u00e9 que resiste, mesmo cansada<\/strong>. H\u00e1 um cora\u00e7\u00e3o que ainda est\u00e1 de p\u00e9, mesmo ferido.<\/p>\n\n\n\n<p class=\"wp-block-paragraph\">E Deus v\u00ea isso. Ele sabe o quanto d\u00f3i. Mas Ele tamb\u00e9m sabe o quanto voc\u00ea pode suportar <strong>com a ajuda Dele<\/strong>.<\/p>\n\n\n\n<blockquote class=\"wp-block-quote is-layout-flow wp-block-quote-is-layout-flow\">\n<p class=\"wp-block-paragraph\">\u201cDeus \u00e9 fiel. Ele n\u00e3o permitir\u00e1 que voc\u00eas sejam tentados al\u00e9m do que podem suportar.\u201d (1 Cor\u00edntios 10:13)<\/p>\n<\/blockquote>\n\n\n\n<h2 class=\"wp-block-heading\">4# As prova\u00e7\u00f5es t\u00eam prop\u00f3sito<\/h2>\n\n\n\n<p class=\"wp-block-paragraph\">Nem tudo a gente entende agora. Algumas respostas s\u00f3 v\u00eam com o tempo. Outras, talvez s\u00f3 na eternidade.<\/p>\n\n\n\n<p class=\"wp-block-paragraph\">Mas uma coisa \u00e9 certa: <strong>Deus n\u00e3o age sem prop\u00f3sito<\/strong>.<\/p>\n\n\n\n<ul class=\"wp-block-list\">\n<li>\u00c0s vezes, Ele est\u00e1 moldando o seu cora\u00e7\u00e3o<\/li>\n\n\n\n<li>Outras vezes, est\u00e1 preparando voc\u00ea para algo maior<\/li>\n\n\n\n<li>Ou at\u00e9 mesmo, protegendo voc\u00ea de algo pior que ainda n\u00e3o viu<\/li>\n<\/ul>\n\n\n\n<p class=\"wp-block-paragraph\">Tem coisas que voc\u00ea s\u00f3 vai entender l\u00e1 na frente, quando olhar para tr\u00e1s e perceber que <strong>foi o caos que te empurrou para o seu destino<\/strong>.<\/p>\n\n\n\n<h2 class=\"wp-block-heading\">5# A prova\u00e7\u00e3o n\u00e3o \u00e9 o fim \u2014 \u00e9 parte do processo<\/h2>\n\n\n\n<p class=\"wp-block-paragraph\">O que voc\u00ea est\u00e1 vivendo <strong>n\u00e3o define quem voc\u00ea \u00e9, nem determina onde vai parar<\/strong>.<\/p>\n\n\n\n<p class=\"wp-block-paragraph\">Lembra de Jos\u00e9? Foi vendido pelos irm\u00e3os, preso injustamente, esquecido por quem prometeu ajud\u00e1-lo. Mas tudo isso fez parte do caminho que o levou at\u00e9 o governo do Egito.<\/p>\n\n\n\n<p class=\"wp-block-paragraph\">Lembra de J\u00f3? Perdeu tudo \u2014 fam\u00edlia, bens, sa\u00fade. Mas <strong>perseverou<\/strong>. E no final, foi restaurado em dobro.<\/p>\n\n\n\n<p class=\"wp-block-paragraph\">A prova\u00e7\u00e3o <strong>\u00e9 um cap\u00edtulo \u2014 n\u00e3o o livro inteiro.<\/strong> N\u00e3o pare de escrever a sua hist\u00f3ria s\u00f3 porque a p\u00e1gina de hoje est\u00e1 dif\u00edcil.<\/p>\n\n\n\n<h2 class=\"wp-block-heading\">Deus n\u00e3o abandona durante a prova\u00e7\u00e3o<\/h2>\n\n\n\n<p class=\"wp-block-paragraph\">Mesmo quando parece que Ele est\u00e1 em sil\u00eancio, <strong>Ele est\u00e1 presente<\/strong>. \u00c0s vezes, Ele n\u00e3o responde do jeito que esperamos \u2014 mas est\u00e1 agindo de um jeito que a gente ainda n\u00e3o consegue ver.<\/p>\n\n\n\n<p class=\"wp-block-paragraph\">A B\u00edblia est\u00e1 cheia de exemplos de pessoas que <strong>sofreram, questionaram, choraram \u2014 mas foram sustentadas.<\/strong><\/p>\n\n\n\n<p class=\"wp-block-paragraph\">E se Deus sustentou a todos eles, <strong>Ele tamb\u00e9m vai sustentar voc\u00ea.<\/strong><\/p>\n\n\n\n<h2 class=\"wp-block-heading\">O que fazer no meio da prova\u00e7\u00e3o?<\/h2>\n\n\n\n<p class=\"wp-block-paragraph\">1# <strong>Ore, mesmo sem palavras<\/strong><br>Deus entende l\u00e1grimas, suspiros e sil\u00eancios.<\/p>\n\n\n\n<p class=\"wp-block-paragraph\">2# <strong>N\u00e3o se isole completamente<\/strong><br>Fale com algu\u00e9m de confian\u00e7a. Ouvir e ser ouvido ajuda a carregar o fardo.<\/p>\n\n\n\n<p class=\"wp-block-paragraph\">3# <strong>Alimente sua f\u00e9 aos poucos<\/strong><br>Leia um vers\u00edculo, escute uma m\u00fasica, veja um testemunho. Uma pequena chama ainda \u00e9 luz.<\/p>\n\n\n\n<p class=\"wp-block-paragraph\">4# <strong>N\u00e3o se culpe por sentir dor<\/strong><br>F\u00e9 n\u00e3o \u00e9 aus\u00eancia de dor. \u00c9 acreditar <strong>mesmo sentindo.<\/strong><\/p>\n\n\n\n<p class=\"wp-block-paragraph\">5# <strong>Confie que vai passar<\/strong><br>Porque vai. Nenhuma tempestade dura para sempre. Nenhuma noite escura impede o amanhecer.<\/p>\n\n\n\n<p class=\"wp-block-paragraph\"><strong>Voir aussi\u00a0: <a href=\"https:\/\/www.oracaoefe.com\/fr\/por-que-a-igreja-guarda-o-domingo-e-nao-o-sabado\/\">Por que a Igreja guarda o Domingo e n\u00e3o o S\u00e1bado?<\/a><\/strong><\/p>\n\n\n\n<p class=\"wp-block-paragraph\">25 de mar\u00e7o de 2025<\/p>","protected":false},"excerpt":{"rendered":"<p>Essa \u00e9 uma das perguntas mais dif\u00edceis \u2014 e, ao mesmo tempo, uma das mais sinceras: \u201cSe Deus me ama, por que Ele permite que eu passe por momentos t\u00e3o dif\u00edceis?\u201d Quando a vida aperta, quando tudo parece dar errado, quando o cora\u00e7\u00e3o est\u00e1 cansado e a f\u00e9 enfraquece, \u00e9 natural questionar. A verdade \u00e9&hellip;&nbsp;<\/p>","protected":false},"author":3,"featured_media":3479,"comment_status":"closed","ping_status":"closed","sticky":false,"template":"","format":"standard","meta":{"neve_meta_sidebar":"","neve_meta_container":"","neve_meta_enable_content_width":"","neve_meta_content_width":0,"neve_meta_title_alignment":"","neve_meta_author_avatar":"","neve_post_elements_order":"","neve_meta_disable_header":"","neve_meta_disable_footer":"","neve_meta_disable_title":"","footnotes":""},"categories":[3],"tags":[],"class_list":["post-3478","post","type-post","status-publish","format-standard","has-post-thumbnail","hentry","category-fe"],"yoast_head":"<!-- This site is optimized with the Yoast SEO plugin v28.4 - https:\/\/yoast.com\/product\/yoast-seo-wordpress\/ -->\n<title>Por que Deus permite que voc\u00ea passe por prova\u00e7\u00f5es? - Ora\u00e7\u00e3o e F\u00e9<\/title>\n<meta name=\"description\" content=\"Deus tem pra voc\u00ea uma palavra de vida!\" \/>\n<meta name=\"robots\" content=\"index, follow, max-snippet:-1, max-image-preview:large, max-video-preview:-1\" \/>\n<link rel=\"canonical\" href=\"https:\/\/www.oracaoefe.com\/fr\/por-que-deus-permite-que-voce-passe-por-provacoes\/\" \/>\n<meta property=\"og:locale\" content=\"fr_FR\" \/>\n<meta property=\"og:type\" content=\"article\" \/>\n<meta property=\"og:title\" content=\"Por que Deus permite que voc\u00ea passe por prova\u00e7\u00f5es? - Ora\u00e7\u00e3o e F\u00e9\" \/>\n<meta property=\"og:description\" content=\"Deus tem pra voc\u00ea uma palavra de vida!\" \/>\n<meta property=\"og:url\" content=\"https:\/\/www.oracaoefe.com\/fr\/por-que-deus-permite-que-voce-passe-por-provacoes\/\" \/>\n<meta property=\"og:site_name\" content=\"Ora\u00e7\u00e3o e F\u00e9\" \/>\n<meta property=\"article:published_time\" content=\"2025-03-25T09:00:00+00:00\" \/>\n<meta property=\"article:modified_time\" content=\"2025-12-16T16:11:16+00:00\" \/>\n<meta property=\"og:image\" content=\"https:\/\/www.oracaoefe.com\/wp-content\/uploads\/2025\/03\/image-1-1024x585.png\" \/>\n\t<meta property=\"og:image:width\" content=\"1024\" \/>\n\t<meta property=\"og:image:height\" content=\"585\" \/>\n\t<meta property=\"og:image:type\" content=\"image\/png\" \/>\n<meta name=\"author\" content=\"Michele Azevedo\" \/>\n<meta name=\"twitter:card\" content=\"summary_large_image\" \/>\n<meta name=\"twitter:label1\" content=\"\u00c9crit par\" \/>\n\t<meta name=\"twitter:data1\" content=\"Michele Azevedo\" \/>\n\t<meta name=\"twitter:label2\" content=\"Dur\u00e9e de lecture estim\u00e9e\" \/>\n\t<meta name=\"twitter:data2\" content=\"5 minutes\" \/>\n<script type=\"application\/ld+json\" class=\"yoast-schema-graph\">{\"@context\":\"https:\\\/\\\/schema.org\",\"@graph\":[{\"@type\":\"Article\",\"@id\":\"https:\\\/\\\/www.oracaoefe.com\\\/por-que-deus-permite-que-voce-passe-por-provacoes\\\/#article\",\"isPartOf\":{\"@id\":\"https:\\\/\\\/www.oracaoefe.com\\\/por-que-deus-permite-que-voce-passe-por-provacoes\\\/\"},\"author\":{\"name\":\"Michele Azevedo\",\"@id\":\"https:\\\/\\\/www.oracaoefe.com\\\/#\\\/schema\\\/person\\\/17283c669442cf005c4d5bb58adfb7f5\"},\"headline\":\"Por que Deus permite que voc\u00ea passe por prova\u00e7\u00f5es?\",\"datePublished\":\"2025-03-25T09:00:00+00:00\",\"dateModified\":\"2025-12-16T16:11:16+00:00\",\"mainEntityOfPage\":{\"@id\":\"https:\\\/\\\/www.oracaoefe.com\\\/por-que-deus-permite-que-voce-passe-por-provacoes\\\/\"},\"wordCount\":955,\"image\":{\"@id\":\"https:\\\/\\\/www.oracaoefe.com\\\/por-que-deus-permite-que-voce-passe-por-provacoes\\\/#primaryimage\"},\"thumbnailUrl\":\"https:\\\/\\\/www.oracaoefe.com\\\/wp-content\\\/uploads\\\/2025\\\/03\\\/image-1.png\",\"articleSection\":[\"F\u00e9\"],\"inLanguage\":\"fr-FR\"},{\"@type\":\"WebPage\",\"@id\":\"https:\\\/\\\/www.oracaoefe.com\\\/por-que-deus-permite-que-voce-passe-por-provacoes\\\/\",\"url\":\"https:\\\/\\\/www.oracaoefe.com\\\/por-que-deus-permite-que-voce-passe-por-provacoes\\\/\",\"name\":\"Por que Deus permite que voc\u00ea passe por prova\u00e7\u00f5es? - Ora\u00e7\u00e3o e F\u00e9\",\"isPartOf\":{\"@id\":\"https:\\\/\\\/www.oracaoefe.com\\\/#website\"},\"primaryImageOfPage\":{\"@id\":\"https:\\\/\\\/www.oracaoefe.com\\\/por-que-deus-permite-que-voce-passe-por-provacoes\\\/#primaryimage\"},\"image\":{\"@id\":\"https:\\\/\\\/www.oracaoefe.com\\\/por-que-deus-permite-que-voce-passe-por-provacoes\\\/#primaryimage\"},\"thumbnailUrl\":\"https:\\\/\\\/www.oracaoefe.com\\\/wp-content\\\/uploads\\\/2025\\\/03\\\/image-1.png\",\"datePublished\":\"2025-03-25T09:00:00+00:00\",\"dateModified\":\"2025-12-16T16:11:16+00:00\",\"author\":{\"@id\":\"https:\\\/\\\/www.oracaoefe.com\\\/#\\\/schema\\\/person\\\/17283c669442cf005c4d5bb58adfb7f5\"},\"description\":\"Deus tem pra voc\u00ea uma palavra de vida!\",\"breadcrumb\":{\"@id\":\"https:\\\/\\\/www.oracaoefe.com\\\/por-que-deus-permite-que-voce-passe-por-provacoes\\\/#breadcrumb\"},\"inLanguage\":\"fr-FR\",\"potentialAction\":[{\"@type\":\"ReadAction\",\"target\":[\"https:\\\/\\\/www.oracaoefe.com\\\/por-que-deus-permite-que-voce-passe-por-provacoes\\\/\"]}]},{\"@type\":\"ImageObject\",\"inLanguage\":\"fr-FR\",\"@id\":\"https:\\\/\\\/www.oracaoefe.com\\\/por-que-deus-permite-que-voce-passe-por-provacoes\\\/#primaryimage\",\"url\":\"https:\\\/\\\/www.oracaoefe.com\\\/wp-content\\\/uploads\\\/2025\\\/03\\\/image-1.png\",\"contentUrl\":\"https:\\\/\\\/www.oracaoefe.com\\\/wp-content\\\/uploads\\\/2025\\\/03\\\/image-1.png\",\"width\":1792,\"height\":1024},{\"@type\":\"BreadcrumbList\",\"@id\":\"https:\\\/\\\/www.oracaoefe.com\\\/por-que-deus-permite-que-voce-passe-por-provacoes\\\/#breadcrumb\",\"itemListElement\":[{\"@type\":\"ListItem\",\"position\":1,\"name\":\"Home\",\"item\":\"https:\\\/\\\/www.oracaoefe.com\\\/\"},{\"@type\":\"ListItem\",\"position\":2,\"name\":\"F\u00e9\",\"item\":\"https:\\\/\\\/www.oracaoefe.com\\\/es\\\/categoria\\\/fe\\\/\"},{\"@type\":\"ListItem\",\"position\":3,\"name\":\"Por que Deus permite que voc\u00ea passe por prova\u00e7\u00f5es?\"}]},{\"@type\":\"WebSite\",\"@id\":\"https:\\\/\\\/www.oracaoefe.com\\\/#website\",\"url\":\"https:\\\/\\\/www.oracaoefe.com\\\/\",\"name\":\"Ora\u00e7\u00e3o e F\u00e9\",\"description\":\"\",\"potentialAction\":[{\"@type\":\"SearchAction\",\"target\":{\"@type\":\"EntryPoint\",\"urlTemplate\":\"https:\\\/\\\/www.oracaoefe.com\\\/?s={search_term_string}\"},\"query-input\":{\"@type\":\"PropertyValueSpecification\",\"valueRequired\":true,\"valueName\":\"search_term_string\"}}],\"inLanguage\":\"fr-FR\"},{\"@type\":\"Person\",\"@id\":\"https:\\\/\\\/www.oracaoefe.com\\\/#\\\/schema\\\/person\\\/17283c669442cf005c4d5bb58adfb7f5\",\"name\":\"Michele Azevedo\",\"image\":{\"@type\":\"ImageObject\",\"inLanguage\":\"fr-FR\",\"@id\":\"https:\\\/\\\/secure.gravatar.com\\\/avatar\\\/6b0eb9d22841282815e2cd856a0061c45e1761cd54b22e952d98c4746939aa85?s=96&d=mm&r=g\",\"url\":\"https:\\\/\\\/secure.gravatar.com\\\/avatar\\\/6b0eb9d22841282815e2cd856a0061c45e1761cd54b22e952d98c4746939aa85?s=96&d=mm&r=g\",\"contentUrl\":\"https:\\\/\\\/secure.gravatar.com\\\/avatar\\\/6b0eb9d22841282815e2cd856a0061c45e1761cd54b22e952d98c4746939aa85?s=96&d=mm&r=g\",\"caption\":\"Michele Azevedo\"},\"description\":\"Formada em Letras - Portugu\u00eas\\\/ Ingl\u00eas pela Universidade Estadual de Ponta Grossa (UEPG), p\u00f3s-graduada em Arte na Educa\u00e7\u00e3o (FAPI) e Psicopedagogia Escolar (FAPI), idealizadora e propriet\u00e1ria do site Escritora de Sucesso, possui experi\u00eancia em escrita para blogs em geral e atua como redatora e revisora dos conte\u00fados do Ora\u00e7\u00e3o e F\u00e9.\",\"url\":\"https:\\\/\\\/www.oracaoefe.com\\\/fr\\\/author\\\/michele-azevedo\\\/\"}]}<\/script>\n<!-- \/ Yoast SEO plugin. -->","yoast_head_json":{"title":"Por que Deus permite que voc\u00ea passe por prova\u00e7\u00f5es? - Ora\u00e7\u00e3o e F\u00e9","description":"Dieu a une parole de vie pour vous !","robots":{"index":"index","follow":"follow","max-snippet":"max-snippet:-1","max-image-preview":"max-image-preview:large","max-video-preview":"max-video-preview:-1"},"canonical":"https:\/\/www.oracaoefe.com\/fr\/por-que-deus-permite-que-voce-passe-por-provacoes\/","og_locale":"fr_FR","og_type":"article","og_title":"Por que Deus permite que voc\u00ea passe por prova\u00e7\u00f5es? - Ora\u00e7\u00e3o e F\u00e9","og_description":"Deus tem pra voc\u00ea uma palavra de vida!","og_url":"https:\/\/www.oracaoefe.com\/fr\/por-que-deus-permite-que-voce-passe-por-provacoes\/","og_site_name":"Ora\u00e7\u00e3o e F\u00e9","article_published_time":"2025-03-25T09:00:00+00:00","article_modified_time":"2025-12-16T16:11:16+00:00","og_image":[{"width":1024,"height":585,"url":"https:\/\/www.oracaoefe.com\/wp-content\/uploads\/2025\/03\/image-1-1024x585.png","type":"image\/png"}],"author":"Michele Azevedo","twitter_card":"summary_large_image","twitter_misc":{"\u00c9crit par":"Michele Azevedo","Dur\u00e9e de lecture estim\u00e9e":"5 minutes"},"schema":{"@context":"https:\/\/schema.org","@graph":[{"@type":"Article","@id":"https:\/\/www.oracaoefe.com\/por-que-deus-permite-que-voce-passe-por-provacoes\/#article","isPartOf":{"@id":"https:\/\/www.oracaoefe.com\/por-que-deus-permite-que-voce-passe-por-provacoes\/"},"author":{"name":"Michele Azevedo","@id":"https:\/\/www.oracaoefe.com\/#\/schema\/person\/17283c669442cf005c4d5bb58adfb7f5"},"headline":"Por que Deus permite que voc\u00ea passe por prova\u00e7\u00f5es?","datePublished":"2025-03-25T09:00:00+00:00","dateModified":"2025-12-16T16:11:16+00:00","mainEntityOfPage":{"@id":"https:\/\/www.oracaoefe.com\/por-que-deus-permite-que-voce-passe-por-provacoes\/"},"wordCount":955,"image":{"@id":"https:\/\/www.oracaoefe.com\/por-que-deus-permite-que-voce-passe-por-provacoes\/#primaryimage"},"thumbnailUrl":"https:\/\/www.oracaoefe.com\/wp-content\/uploads\/2025\/03\/image-1.png","articleSection":["F\u00e9"],"inLanguage":"fr-FR"},{"@type":"WebPage","@id":"https:\/\/www.oracaoefe.com\/por-que-deus-permite-que-voce-passe-por-provacoes\/","url":"https:\/\/www.oracaoefe.com\/por-que-deus-permite-que-voce-passe-por-provacoes\/","name":"Por que Deus permite que voc\u00ea passe por prova\u00e7\u00f5es? - Ora\u00e7\u00e3o e F\u00e9","isPartOf":{"@id":"https:\/\/www.oracaoefe.com\/#website"},"primaryImageOfPage":{"@id":"https:\/\/www.oracaoefe.com\/por-que-deus-permite-que-voce-passe-por-provacoes\/#primaryimage"},"image":{"@id":"https:\/\/www.oracaoefe.com\/por-que-deus-permite-que-voce-passe-por-provacoes\/#primaryimage"},"thumbnailUrl":"https:\/\/www.oracaoefe.com\/wp-content\/uploads\/2025\/03\/image-1.png","datePublished":"2025-03-25T09:00:00+00:00","dateModified":"2025-12-16T16:11:16+00:00","author":{"@id":"https:\/\/www.oracaoefe.com\/#\/schema\/person\/17283c669442cf005c4d5bb58adfb7f5"},"description":"Dieu a une parole de vie pour vous !","breadcrumb":{"@id":"https:\/\/www.oracaoefe.com\/por-que-deus-permite-que-voce-passe-por-provacoes\/#breadcrumb"},"inLanguage":"fr-FR","potentialAction":[{"@type":"ReadAction","target":["https:\/\/www.oracaoefe.com\/por-que-deus-permite-que-voce-passe-por-provacoes\/"]}]},{"@type":"ImageObject","inLanguage":"fr-FR","@id":"https:\/\/www.oracaoefe.com\/por-que-deus-permite-que-voce-passe-por-provacoes\/#primaryimage","url":"https:\/\/www.oracaoefe.com\/wp-content\/uploads\/2025\/03\/image-1.png","contentUrl":"https:\/\/www.oracaoefe.com\/wp-content\/uploads\/2025\/03\/image-1.png","width":1792,"height":1024},{"@type":"BreadcrumbList","@id":"https:\/\/www.oracaoefe.com\/por-que-deus-permite-que-voce-passe-por-provacoes\/#breadcrumb","itemListElement":[{"@type":"ListItem","position":1,"name":"Home","item":"https:\/\/www.oracaoefe.com\/"},{"@type":"ListItem","position":2,"name":"F\u00e9","item":"https:\/\/www.oracaoefe.com\/es\/categoria\/fe\/"},{"@type":"ListItem","position":3,"name":"Por que Deus permite que voc\u00ea passe por prova\u00e7\u00f5es?"}]},{"@type":"WebSite","@id":"https:\/\/www.oracaoefe.com\/#website","url":"https:\/\/www.oracaoefe.com\/","name":"Pri\u00e8re et foi","description":"","potentialAction":[{"@type":"SearchAction","target":{"@type":"EntryPoint","urlTemplate":"https:\/\/www.oracaoefe.com\/?s={search_term_string}"},"query-input":{"@type":"PropertyValueSpecification","valueRequired":true,"valueName":"search_term_string"}}],"inLanguage":"fr-FR"},{"@type":"Person","@id":"https:\/\/www.oracaoefe.com\/#\/schema\/person\/17283c669442cf005c4d5bb58adfb7f5","name":"Michele Azevedo","image":{"@type":"ImageObject","inLanguage":"fr-FR","@id":"https:\/\/secure.gravatar.com\/avatar\/6b0eb9d22841282815e2cd856a0061c45e1761cd54b22e952d98c4746939aa85?s=96&d=mm&r=g","url":"https:\/\/secure.gravatar.com\/avatar\/6b0eb9d22841282815e2cd856a0061c45e1761cd54b22e952d98c4746939aa85?s=96&d=mm&r=g","contentUrl":"https:\/\/secure.gravatar.com\/avatar\/6b0eb9d22841282815e2cd856a0061c45e1761cd54b22e952d98c4746939aa85?s=96&d=mm&r=g","caption":"Michele Azevedo"},"description":"Dipl\u00f4m\u00e9e en litt\u00e9rature portugaise\/anglaise de l&#039;Universit\u00e9 d&#039;\u00c9tat de Ponta Grossa (UEPG), avec des dipl\u00f4mes de troisi\u00e8me cycle en art dans l&#039;\u00e9ducation (FAPI) et en psychop\u00e9dagogie scolaire (FAPI), elle est la cr\u00e9atrice et propri\u00e9taire du site web Escritora de Sucesso, a de l&#039;exp\u00e9rience dans l&#039;\u00e9criture pour les blogs en g\u00e9n\u00e9ral et travaille comme r\u00e9dactrice et \u00e9ditrice du contenu pour Ora\u00e7\u00e3o e F\u00e9.","url":"https:\/\/www.oracaoefe.com\/fr\/author\/michele-azevedo\/"}]}},"_links":{"self":[{"href":"https:\/\/www.oracaoefe.com\/fr\/wp-json\/wp\/v2\/posts\/3478","targetHints":{"allow":["GET"]}}],"collection":[{"href":"https:\/\/www.oracaoefe.com\/fr\/wp-json\/wp\/v2\/posts"}],"about":[{"href":"https:\/\/www.oracaoefe.com\/fr\/wp-json\/wp\/v2\/types\/post"}],"author":[{"embeddable":true,"href":"https:\/\/www.oracaoefe.com\/fr\/wp-json\/wp\/v2\/users\/3"}],"replies":[{"embeddable":true,"href":"https:\/\/www.oracaoefe.com\/fr\/wp-json\/wp\/v2\/comments?post=3478"}],"version-history":[{"count":2,"href":"https:\/\/www.oracaoefe.com\/fr\/wp-json\/wp\/v2\/posts\/3478\/revisions"}],"predecessor-version":[{"id":3499,"href":"https:\/\/www.oracaoefe.com\/fr\/wp-json\/wp\/v2\/posts\/3478\/revisions\/3499"}],"wp:featuredmedia":[{"embeddable":true,"href":"https:\/\/www.oracaoefe.com\/fr\/wp-json\/wp\/v2\/media\/3479"}],"wp:attachment":[{"href":"https:\/\/www.oracaoefe.com\/fr\/wp-json\/wp\/v2\/media?parent=3478"}],"wp:term":[{"taxonomy":"category","embeddable":true,"href":"https:\/\/www.oracaoefe.com\/fr\/wp-json\/wp\/v2\/categories?post=3478"},{"taxonomy":"post_tag","embeddable":true,"href":"https:\/\/www.oracaoefe.com\/fr\/wp-json\/wp\/v2\/tags?post=3478"}],"curies":[{"name":"wp","href":"https:\/\/api.w.org\/{rel}","templated":true}]}}