{"id":3475,"date":"2025-03-22T14:37:00","date_gmt":"2025-03-22T17:37:00","guid":{"rendered":"https:\/\/www.oracaoefe.com\/?p=3475"},"modified":"2025-12-16T13:11:17","modified_gmt":"2025-12-16T16:11:17","slug":"por-que-o-numero-7-e-tao-especial-na-biblia","status":"publish","type":"post","link":"https:\/\/www.oracaoefe.com\/fr\/por-que-o-numero-7-e-tao-especial-na-biblia\/","title":{"rendered":"Por que o n\u00famero 7 \u00e9 t\u00e3o especial na B\u00edblia?"},"content":{"rendered":"<p class=\"wp-block-paragraph\">Quem j\u00e1 leu a B\u00edblia, mesmo que s\u00f3 trechos, provavelmente reparou em uma repeti\u00e7\u00e3o curiosa: o n\u00famero 7 aparece o tempo todo. Mas isso n\u00e3o \u00e9 por acaso.<\/p>\n\n\n\n<p class=\"wp-block-paragraph\">Na tradi\u00e7\u00e3o b\u00edblica, o n\u00famero 7 tem um significado profundo. Ele simboliza algo que vai al\u00e9m da matem\u00e1tica. Representa totalidade, perfei\u00e7\u00e3o, descanso e a alian\u00e7a entre o divino e o humano.<\/p>\n\n\n\n<p class=\"wp-block-paragraph\">Mas por que exatamente o n\u00famero 7? De onde vem essa for\u00e7a simb\u00f3lica? E o que ele representa nas Escrituras?]<\/p>\n\n\n\n<p class=\"wp-block-paragraph\"><\/p>\n\n\n\n<figure class=\"wp-block-image size-full\"><img loading=\"lazy\" decoding=\"async\" width=\"900\" height=\"601\" src=\"https:\/\/www.oracaoefe.com\/wp-content\/uploads\/2025\/03\/image.png\" alt=\"\" class=\"wp-image-3476\" srcset=\"https:\/\/www.oracaoefe.com\/wp-content\/uploads\/2025\/03\/image.png 900w, https:\/\/www.oracaoefe.com\/wp-content\/uploads\/2025\/03\/image-300x200.png 300w, https:\/\/www.oracaoefe.com\/wp-content\/uploads\/2025\/03\/image-768x513.png 768w, https:\/\/www.oracaoefe.com\/wp-content\/uploads\/2025\/03\/image-18x12.png 18w\" sizes=\"auto, (max-width: 900px) 100vw, 900px\" \/><\/figure>\n\n\n\n<p class=\"wp-block-paragraph\"><\/p>\n\n\n\n<h2 class=\"wp-block-heading\">O n\u00famero da perfei\u00e7\u00e3o divina<\/h2>\n\n\n\n<p class=\"wp-block-paragraph\">Na cultura hebraica, os n\u00fameros n\u00e3o s\u00e3o apenas quantidades. Eles tamb\u00e9m carregam significados espirituais. O 7 \u00e9 considerado o n\u00famero da perfei\u00e7\u00e3o \u2014 n\u00e3o no sentido de \u201csem defeito\u201d, mas no sentido de <strong>completo, pleno<\/strong>.<\/p>\n\n\n\n<p class=\"wp-block-paragraph\">\u00c9 o n\u00famero que indica que algo foi finalizado de forma \u00edntegra, com equil\u00edbrio e prop\u00f3sito. N\u00e3o por acaso, a cria\u00e7\u00e3o do mundo, segundo o G\u00eanesis, foi conclu\u00edda em sete dias.<\/p>\n\n\n\n<p class=\"wp-block-paragraph\">Quando o n\u00famero 7 aparece na B\u00edblia, geralmente est\u00e1 ligado a algo que Deus completou, aben\u00e7oou ou separou como sagrado.<\/p>\n\n\n\n<h2 class=\"wp-block-heading\">O que acontece com o n\u00famero 7 logo no in\u00edcio da B\u00edblia?<\/h2>\n\n\n\n<p class=\"wp-block-paragraph\">Logo no primeiro livro da B\u00edblia, o G\u00eanesis, o n\u00famero 7 aparece em destaque. Deus criou o mundo em <strong>seis dias<\/strong> e, no <strong>s\u00e9timo<\/strong>, descansou.<\/p>\n\n\n\n<p class=\"wp-block-paragraph\">Esse descanso n\u00e3o foi apenas f\u00edsico. Foi um s\u00edmbolo de conclus\u00e3o, um gesto de separa\u00e7\u00e3o entre o trabalho e o sagrado.<\/p>\n\n\n\n<p class=\"wp-block-paragraph\">O s\u00e1bado, institu\u00eddo depois como um dia santo, \u00e9 o <strong>s\u00e9timo dia da semana<\/strong>. Para o povo judeu, ele representa o momento de parar, refletir e lembrar que tudo vem de Deus.<\/p>\n\n\n\n<p class=\"wp-block-paragraph\">Esse padr\u00e3o de seis dias de atividade e um de pausa se repete ao longo das Escrituras. \u00c9 uma forma de marcar o tempo com sentido espiritual.<\/p>\n\n\n\n<h2 class=\"wp-block-heading\">Outros momentos b\u00edblicos em que o n\u00famero 7 aparece<\/h2>\n\n\n\n<p class=\"wp-block-paragraph\">O n\u00famero 7 est\u00e1 espalhado por toda a B\u00edblia, tanto no Antigo quanto no Novo Testamento. Veja alguns exemplos marcantes:<\/p>\n\n\n\n<h3 class=\"wp-block-heading\">1# As 7 voltas em Jeric\u00f3<\/h3>\n\n\n\n<p class=\"wp-block-paragraph\">No livro de Josu\u00e9, o povo de Israel recebeu a instru\u00e7\u00e3o de dar <strong>sete voltas<\/strong> ao redor da cidade de Jeric\u00f3, durante sete dias. No s\u00e9timo dia, eles deram <strong>sete voltas<\/strong> e as muralhas ca\u00edram.<\/p>\n\n\n\n<p class=\"wp-block-paragraph\">Esse epis\u00f3dio mostra que o 7 tamb\u00e9m est\u00e1 ligado \u00e0 <strong>vit\u00f3ria pela f\u00e9<\/strong>, \u00e0 a\u00e7\u00e3o divina e ao cumprimento de promessas.<\/p>\n\n\n\n<h3 class=\"wp-block-heading\">2# Os 7 anos de fartura e 7 anos de fome<\/h3>\n\n\n\n<p class=\"wp-block-paragraph\">No Egito, Jos\u00e9 interpretou o sonho de Fara\u00f3 dizendo que haveria <strong>sete anos de fartura<\/strong> seguidos de <strong>sete anos de escassez<\/strong>. Isso preparou o povo para enfrentar um tempo dif\u00edcil.<\/p>\n\n\n\n<p class=\"wp-block-paragraph\">Aqui, o 7 representa um <strong>ciclo completo<\/strong>, tanto no bem quanto na adversidade.<\/p>\n\n\n\n<h3 class=\"wp-block-heading\">3# As 7 igrejas do Apocalipse<\/h3>\n\n\n\n<p class=\"wp-block-paragraph\">No \u00faltimo livro da B\u00edblia, o Apocalipse, o n\u00famero 7 volta a aparecer com for\u00e7a.<\/p>\n\n\n\n<p class=\"wp-block-paragraph\">Il y a <strong>7 igrejas<\/strong>, <strong>7 selos<\/strong>, <strong>7 trombetas<\/strong>, <strong>7 ta\u00e7as<\/strong>. Cada um desses elementos representa algo que est\u00e1 sendo revelado, selado ou julgado.<\/p>\n\n\n\n<p class=\"wp-block-paragraph\">O 7 aqui carrega o sentido de <strong>plenitude do ju\u00edzo e da revela\u00e7\u00e3o<\/strong>. Nada est\u00e1 acontecendo por acaso. Tudo segue um plano divino completo.<\/p>\n\n\n\n<h3 class=\"wp-block-heading\">4# Jesus fala 7 frases na cruz<\/h3>\n\n\n\n<p class=\"wp-block-paragraph\">Durante a crucifica\u00e7\u00e3o, Jesus pronunciou <strong>sete frases<\/strong> diferentes. Cada uma delas tem peso espiritual profundo. Juntas, elas representam <strong>a entrega total<\/strong>, a reconcilia\u00e7\u00e3o com Deus e a conclus\u00e3o da miss\u00e3o de salva\u00e7\u00e3o.<\/p>\n\n\n\n<h3 class=\"wp-block-heading\">5# O perd\u00e3o 70 vezes 7<\/h3>\n\n\n\n<p class=\"wp-block-paragraph\">Quando Pedro pergunta quantas vezes deve perdoar algu\u00e9m, Jesus responde: &#8220;<strong>setenta vezes sete<\/strong>&#8220;.<\/p>\n\n\n\n<p class=\"wp-block-paragraph\">Isso n\u00e3o \u00e9 uma conta literal de 490 vezes. \u00c9 uma express\u00e3o que indica <strong>perd\u00e3o ilimitado<\/strong>, completo, sem fim. Mais uma vez, o n\u00famero 7 aparece como s\u00edmbolo daquilo que \u00e9 pleno.<\/p>\n\n\n\n<h2 class=\"wp-block-heading\">O que o n\u00famero 7 representa espiritualmente?<\/h2>\n\n\n\n<p class=\"wp-block-paragraph\">O n\u00famero 7 tem camadas de significado. E cada uma delas fala com o cora\u00e7\u00e3o de quem l\u00ea a B\u00edblia com aten\u00e7\u00e3o. Ele representa:<\/p>\n\n\n\n<ul class=\"wp-block-list\">\n<li><strong>A perfei\u00e7\u00e3o de Deus<\/strong><\/li>\n\n\n\n<li><strong>A totalidade do plano divino<\/strong><\/li>\n\n\n\n<li><strong>O descanso que vem ap\u00f3s o cumprimento da miss\u00e3o<\/strong><\/li>\n\n\n\n<li><strong>A santidade separada do comum<\/strong><\/li>\n\n\n\n<li><strong>O ciclo completo da vida sob os cuidados de Deus<\/strong><\/li>\n<\/ul>\n\n\n\n<p class=\"wp-block-paragraph\">Mais do que um n\u00famero, o 7 \u00e9 uma mensagem. Ele aparece como um lembrete: Deus est\u00e1 no controle, e tudo tem seu tempo, sua ordem e sua conclus\u00e3o.<\/p>\n\n\n\n<h2 class=\"wp-block-heading\">O n\u00famero 7 e a nossa vida hoje<\/h2>\n\n\n\n<p class=\"wp-block-paragraph\">Mesmo quem n\u00e3o \u00e9 estudioso da B\u00edblia j\u00e1 se deparou com o n\u00famero 7 em situa\u00e7\u00f5es comuns: sete dias da semana, sete cores do arco-\u00edris, sete notas musicais.<\/p>\n\n\n\n<p class=\"wp-block-paragraph\">Parece coincid\u00eancia, mas essas estruturas refor\u00e7am um padr\u00e3o de equil\u00edbrio que tamb\u00e9m aparece nas Escrituras.<\/p>\n\n\n\n<p class=\"wp-block-paragraph\">Para quem tem f\u00e9, prestar aten\u00e7\u00e3o nesses padr\u00f5es pode ser um convite \u00e0 reflex\u00e3o: estou respeitando meus ciclos? Tenho feito pausas? Tenho confiado nos processos?<\/p>\n\n\n\n<p class=\"wp-block-paragraph\">O n\u00famero 7, nesse sentido, nos chama a reconhecer o tempo de agir e o tempo de descansar. O tempo de semear e o tempo de colher. Ele convida \u00e0 <strong>sabedoria do ritmo espiritual<\/strong>.<\/p>\n\n\n\n<h2 class=\"wp-block-heading\">H\u00e1 outros n\u00fameros importantes na B\u00edblia?<\/h2>\n\n\n\n<p class=\"wp-block-paragraph\">Sim. Outros n\u00fameros tamb\u00e9m carregam significado simb\u00f3lico na B\u00edblia. Por exemplo:<\/p>\n\n\n\n<ul class=\"wp-block-list\">\n<li><strong>3<\/strong> representa unidade divina (Pai, Filho e Esp\u00edrito Santo)<\/li>\n\n\n\n<li><strong>12<\/strong> representa governo e organiza\u00e7\u00e3o (12 tribos de Israel, 12 ap\u00f3stolos)<\/li>\n\n\n\n<li><strong>40<\/strong> representa per\u00edodo de prova\u00e7\u00e3o e transforma\u00e7\u00e3o (40 dias no deserto, 40 anos de peregrina\u00e7\u00e3o)<\/li>\n<\/ul>\n\n\n\n<p class=\"wp-block-paragraph\">Mas o 7 continua sendo o mais recorrente quando se trata de plenitude, santidade e prop\u00f3sito cumprido.<\/p>\n\n\n\n<h2 class=\"wp-block-heading\">O n\u00famero 7 como linguagem de Deus<\/h2>\n\n\n\n<p class=\"wp-block-paragraph\">A B\u00edblia n\u00e3o \u00e9 s\u00f3 texto. Ela tamb\u00e9m fala por s\u00edmbolos, imagens e n\u00fameros. E o n\u00famero 7 \u00e9 um dos jeitos de Deus se comunicar com quem l\u00ea com aten\u00e7\u00e3o.<\/p>\n\n\n\n<p class=\"wp-block-paragraph\">\u00c9 como se, a cada vez que o 7 aparece, Ele dissesse: \u201cEu estou aqui. Isso faz parte do plano. Confie.\u201d<\/p>\n\n\n\n<p class=\"wp-block-paragraph\">O 7 nos convida a lembrar que a cria\u00e7\u00e3o foi feita com ordem, que a vida tem ritmo, que h\u00e1 um tempo para tudo \u2014 e que, no final, tudo se completa Nele.<\/p>\n\n\n\n<p class=\"wp-block-paragraph\"><strong>Voir aussi\u00a0: <a href=\"https:\/\/www.oracaoefe.com\/fr\/por-que-cristo-teve-que-ser-crucificado\/\">Por que Cristo teve que ser crucificado<\/a><\/strong><\/p>\n\n\n\n<p class=\"wp-block-paragraph\">22 de mar\u00e7o de 2025<\/p>","protected":false},"excerpt":{"rendered":"<p>Quem j\u00e1 leu a B\u00edblia, mesmo que s\u00f3 trechos, provavelmente reparou em uma repeti\u00e7\u00e3o curiosa: o n\u00famero 7 aparece o tempo todo. Mas isso n\u00e3o \u00e9 por acaso. Na tradi\u00e7\u00e3o b\u00edblica, o n\u00famero 7 tem um significado profundo. Ele simboliza algo que vai al\u00e9m da matem\u00e1tica. Representa totalidade, perfei\u00e7\u00e3o, descanso e a alian\u00e7a entre o&hellip;&nbsp;<\/p>","protected":false},"author":3,"featured_media":3476,"comment_status":"closed","ping_status":"closed","sticky":false,"template":"","format":"standard","meta":{"neve_meta_sidebar":"","neve_meta_container":"","neve_meta_enable_content_width":"","neve_meta_content_width":0,"neve_meta_title_alignment":"","neve_meta_author_avatar":"","neve_post_elements_order":"","neve_meta_disable_header":"","neve_meta_disable_footer":"","neve_meta_disable_title":"","footnotes":""},"categories":[1],"tags":[],"class_list":["post-3475","post","type-post","status-publish","format-standard","has-post-thumbnail","hentry","category-curiosidades"],"yoast_head":"<!-- This site is optimized with the Yoast SEO plugin v28.4 - https:\/\/yoast.com\/product\/yoast-seo-wordpress\/ -->\n<title>Por que o n\u00famero 7 \u00e9 t\u00e3o especial na B\u00edblia? - Ora\u00e7\u00e3o e F\u00e9<\/title>\n<meta name=\"description\" content=\"Deus tem pra voc\u00ea uma palavra de vida!\" \/>\n<meta name=\"robots\" content=\"index, follow, max-snippet:-1, max-image-preview:large, max-video-preview:-1\" \/>\n<link rel=\"canonical\" href=\"https:\/\/www.oracaoefe.com\/fr\/por-que-o-numero-7-e-tao-especial-na-biblia\/\" \/>\n<meta property=\"og:locale\" content=\"fr_FR\" \/>\n<meta property=\"og:type\" content=\"article\" \/>\n<meta property=\"og:title\" content=\"Por que o n\u00famero 7 \u00e9 t\u00e3o especial na B\u00edblia? - Ora\u00e7\u00e3o e F\u00e9\" \/>\n<meta property=\"og:description\" content=\"Deus tem pra voc\u00ea uma palavra de vida!\" \/>\n<meta property=\"og:url\" content=\"https:\/\/www.oracaoefe.com\/fr\/por-que-o-numero-7-e-tao-especial-na-biblia\/\" \/>\n<meta property=\"og:site_name\" content=\"Ora\u00e7\u00e3o e F\u00e9\" \/>\n<meta property=\"article:published_time\" content=\"2025-03-22T17:37:00+00:00\" \/>\n<meta property=\"article:modified_time\" content=\"2025-12-16T16:11:17+00:00\" \/>\n<meta property=\"og:image\" content=\"https:\/\/www.oracaoefe.com\/wp-content\/uploads\/2025\/03\/image.png\" \/>\n\t<meta property=\"og:image:width\" content=\"900\" \/>\n\t<meta property=\"og:image:height\" content=\"601\" \/>\n\t<meta property=\"og:image:type\" content=\"image\/png\" \/>\n<meta name=\"author\" content=\"Michele Azevedo\" \/>\n<meta name=\"twitter:card\" content=\"summary_large_image\" \/>\n<meta name=\"twitter:label1\" content=\"\u00c9crit par\" \/>\n\t<meta name=\"twitter:data1\" content=\"Michele Azevedo\" \/>\n\t<meta name=\"twitter:label2\" content=\"Dur\u00e9e de lecture estim\u00e9e\" \/>\n\t<meta name=\"twitter:data2\" content=\"5 minutes\" \/>\n<script type=\"application\/ld+json\" class=\"yoast-schema-graph\">{\"@context\":\"https:\\\/\\\/schema.org\",\"@graph\":[{\"@type\":\"Article\",\"@id\":\"https:\\\/\\\/www.oracaoefe.com\\\/por-que-o-numero-7-e-tao-especial-na-biblia\\\/#article\",\"isPartOf\":{\"@id\":\"https:\\\/\\\/www.oracaoefe.com\\\/por-que-o-numero-7-e-tao-especial-na-biblia\\\/\"},\"author\":{\"name\":\"Michele Azevedo\",\"@id\":\"https:\\\/\\\/www.oracaoefe.com\\\/#\\\/schema\\\/person\\\/17283c669442cf005c4d5bb58adfb7f5\"},\"headline\":\"Por que o n\u00famero 7 \u00e9 t\u00e3o especial na B\u00edblia?\",\"datePublished\":\"2025-03-22T17:37:00+00:00\",\"dateModified\":\"2025-12-16T16:11:17+00:00\",\"mainEntityOfPage\":{\"@id\":\"https:\\\/\\\/www.oracaoefe.com\\\/por-que-o-numero-7-e-tao-especial-na-biblia\\\/\"},\"wordCount\":1037,\"image\":{\"@id\":\"https:\\\/\\\/www.oracaoefe.com\\\/por-que-o-numero-7-e-tao-especial-na-biblia\\\/#primaryimage\"},\"thumbnailUrl\":\"https:\\\/\\\/www.oracaoefe.com\\\/wp-content\\\/uploads\\\/2025\\\/03\\\/image.png\",\"articleSection\":[\"Curiosidades\"],\"inLanguage\":\"fr-FR\"},{\"@type\":\"WebPage\",\"@id\":\"https:\\\/\\\/www.oracaoefe.com\\\/por-que-o-numero-7-e-tao-especial-na-biblia\\\/\",\"url\":\"https:\\\/\\\/www.oracaoefe.com\\\/por-que-o-numero-7-e-tao-especial-na-biblia\\\/\",\"name\":\"Por que o n\u00famero 7 \u00e9 t\u00e3o especial na B\u00edblia? - Ora\u00e7\u00e3o e F\u00e9\",\"isPartOf\":{\"@id\":\"https:\\\/\\\/www.oracaoefe.com\\\/#website\"},\"primaryImageOfPage\":{\"@id\":\"https:\\\/\\\/www.oracaoefe.com\\\/por-que-o-numero-7-e-tao-especial-na-biblia\\\/#primaryimage\"},\"image\":{\"@id\":\"https:\\\/\\\/www.oracaoefe.com\\\/por-que-o-numero-7-e-tao-especial-na-biblia\\\/#primaryimage\"},\"thumbnailUrl\":\"https:\\\/\\\/www.oracaoefe.com\\\/wp-content\\\/uploads\\\/2025\\\/03\\\/image.png\",\"datePublished\":\"2025-03-22T17:37:00+00:00\",\"dateModified\":\"2025-12-16T16:11:17+00:00\",\"author\":{\"@id\":\"https:\\\/\\\/www.oracaoefe.com\\\/#\\\/schema\\\/person\\\/17283c669442cf005c4d5bb58adfb7f5\"},\"description\":\"Deus tem pra voc\u00ea uma palavra de vida!\",\"breadcrumb\":{\"@id\":\"https:\\\/\\\/www.oracaoefe.com\\\/por-que-o-numero-7-e-tao-especial-na-biblia\\\/#breadcrumb\"},\"inLanguage\":\"fr-FR\",\"potentialAction\":[{\"@type\":\"ReadAction\",\"target\":[\"https:\\\/\\\/www.oracaoefe.com\\\/por-que-o-numero-7-e-tao-especial-na-biblia\\\/\"]}]},{\"@type\":\"ImageObject\",\"inLanguage\":\"fr-FR\",\"@id\":\"https:\\\/\\\/www.oracaoefe.com\\\/por-que-o-numero-7-e-tao-especial-na-biblia\\\/#primaryimage\",\"url\":\"https:\\\/\\\/www.oracaoefe.com\\\/wp-content\\\/uploads\\\/2025\\\/03\\\/image.png\",\"contentUrl\":\"https:\\\/\\\/www.oracaoefe.com\\\/wp-content\\\/uploads\\\/2025\\\/03\\\/image.png\",\"width\":900,\"height\":601},{\"@type\":\"BreadcrumbList\",\"@id\":\"https:\\\/\\\/www.oracaoefe.com\\\/por-que-o-numero-7-e-tao-especial-na-biblia\\\/#breadcrumb\",\"itemListElement\":[{\"@type\":\"ListItem\",\"position\":1,\"name\":\"Home\",\"item\":\"https:\\\/\\\/www.oracaoefe.com\\\/\"},{\"@type\":\"ListItem\",\"position\":2,\"name\":\"Curiosidades\",\"item\":\"https:\\\/\\\/www.oracaoefe.com\\\/es\\\/categoria\\\/curiosidades\\\/\"},{\"@type\":\"ListItem\",\"position\":3,\"name\":\"Por que o n\u00famero 7 \u00e9 t\u00e3o especial na B\u00edblia?\"}]},{\"@type\":\"WebSite\",\"@id\":\"https:\\\/\\\/www.oracaoefe.com\\\/#website\",\"url\":\"https:\\\/\\\/www.oracaoefe.com\\\/\",\"name\":\"Ora\u00e7\u00e3o e F\u00e9\",\"description\":\"\",\"potentialAction\":[{\"@type\":\"SearchAction\",\"target\":{\"@type\":\"EntryPoint\",\"urlTemplate\":\"https:\\\/\\\/www.oracaoefe.com\\\/?s={search_term_string}\"},\"query-input\":{\"@type\":\"PropertyValueSpecification\",\"valueRequired\":true,\"valueName\":\"search_term_string\"}}],\"inLanguage\":\"fr-FR\"},{\"@type\":\"Person\",\"@id\":\"https:\\\/\\\/www.oracaoefe.com\\\/#\\\/schema\\\/person\\\/17283c669442cf005c4d5bb58adfb7f5\",\"name\":\"Michele Azevedo\",\"image\":{\"@type\":\"ImageObject\",\"inLanguage\":\"fr-FR\",\"@id\":\"https:\\\/\\\/secure.gravatar.com\\\/avatar\\\/6b0eb9d22841282815e2cd856a0061c45e1761cd54b22e952d98c4746939aa85?s=96&d=mm&r=g\",\"url\":\"https:\\\/\\\/secure.gravatar.com\\\/avatar\\\/6b0eb9d22841282815e2cd856a0061c45e1761cd54b22e952d98c4746939aa85?s=96&d=mm&r=g\",\"contentUrl\":\"https:\\\/\\\/secure.gravatar.com\\\/avatar\\\/6b0eb9d22841282815e2cd856a0061c45e1761cd54b22e952d98c4746939aa85?s=96&d=mm&r=g\",\"caption\":\"Michele Azevedo\"},\"description\":\"Formada em Letras - Portugu\u00eas\\\/ Ingl\u00eas pela Universidade Estadual de Ponta Grossa (UEPG), p\u00f3s-graduada em Arte na Educa\u00e7\u00e3o (FAPI) e Psicopedagogia Escolar (FAPI), idealizadora e propriet\u00e1ria do site Escritora de Sucesso, possui experi\u00eancia em escrita para blogs em geral e atua como redatora e revisora dos conte\u00fados do Ora\u00e7\u00e3o e F\u00e9.\",\"url\":\"https:\\\/\\\/www.oracaoefe.com\\\/fr\\\/author\\\/michele-azevedo\\\/\"}]}<\/script>\n<!-- \/ Yoast SEO plugin. -->","yoast_head_json":{"title":"Por que o n\u00famero 7 \u00e9 t\u00e3o especial na B\u00edblia? - Ora\u00e7\u00e3o e F\u00e9","description":"Dieu a une parole de vie pour vous !","robots":{"index":"index","follow":"follow","max-snippet":"max-snippet:-1","max-image-preview":"max-image-preview:large","max-video-preview":"max-video-preview:-1"},"canonical":"https:\/\/www.oracaoefe.com\/fr\/por-que-o-numero-7-e-tao-especial-na-biblia\/","og_locale":"fr_FR","og_type":"article","og_title":"Por que o n\u00famero 7 \u00e9 t\u00e3o especial na B\u00edblia? - Ora\u00e7\u00e3o e F\u00e9","og_description":"Deus tem pra voc\u00ea uma palavra de vida!","og_url":"https:\/\/www.oracaoefe.com\/fr\/por-que-o-numero-7-e-tao-especial-na-biblia\/","og_site_name":"Ora\u00e7\u00e3o e F\u00e9","article_published_time":"2025-03-22T17:37:00+00:00","article_modified_time":"2025-12-16T16:11:17+00:00","og_image":[{"width":900,"height":601,"url":"https:\/\/www.oracaoefe.com\/wp-content\/uploads\/2025\/03\/image.png","type":"image\/png"}],"author":"Michele Azevedo","twitter_card":"summary_large_image","twitter_misc":{"\u00c9crit par":"Michele Azevedo","Dur\u00e9e de lecture estim\u00e9e":"5 minutes"},"schema":{"@context":"https:\/\/schema.org","@graph":[{"@type":"Article","@id":"https:\/\/www.oracaoefe.com\/por-que-o-numero-7-e-tao-especial-na-biblia\/#article","isPartOf":{"@id":"https:\/\/www.oracaoefe.com\/por-que-o-numero-7-e-tao-especial-na-biblia\/"},"author":{"name":"Michele Azevedo","@id":"https:\/\/www.oracaoefe.com\/#\/schema\/person\/17283c669442cf005c4d5bb58adfb7f5"},"headline":"Por que o n\u00famero 7 \u00e9 t\u00e3o especial na B\u00edblia?","datePublished":"2025-03-22T17:37:00+00:00","dateModified":"2025-12-16T16:11:17+00:00","mainEntityOfPage":{"@id":"https:\/\/www.oracaoefe.com\/por-que-o-numero-7-e-tao-especial-na-biblia\/"},"wordCount":1037,"image":{"@id":"https:\/\/www.oracaoefe.com\/por-que-o-numero-7-e-tao-especial-na-biblia\/#primaryimage"},"thumbnailUrl":"https:\/\/www.oracaoefe.com\/wp-content\/uploads\/2025\/03\/image.png","articleSection":["Curiosidades"],"inLanguage":"fr-FR"},{"@type":"WebPage","@id":"https:\/\/www.oracaoefe.com\/por-que-o-numero-7-e-tao-especial-na-biblia\/","url":"https:\/\/www.oracaoefe.com\/por-que-o-numero-7-e-tao-especial-na-biblia\/","name":"Por que o n\u00famero 7 \u00e9 t\u00e3o especial na B\u00edblia? - Ora\u00e7\u00e3o e F\u00e9","isPartOf":{"@id":"https:\/\/www.oracaoefe.com\/#website"},"primaryImageOfPage":{"@id":"https:\/\/www.oracaoefe.com\/por-que-o-numero-7-e-tao-especial-na-biblia\/#primaryimage"},"image":{"@id":"https:\/\/www.oracaoefe.com\/por-que-o-numero-7-e-tao-especial-na-biblia\/#primaryimage"},"thumbnailUrl":"https:\/\/www.oracaoefe.com\/wp-content\/uploads\/2025\/03\/image.png","datePublished":"2025-03-22T17:37:00+00:00","dateModified":"2025-12-16T16:11:17+00:00","author":{"@id":"https:\/\/www.oracaoefe.com\/#\/schema\/person\/17283c669442cf005c4d5bb58adfb7f5"},"description":"Dieu a une parole de vie pour vous !","breadcrumb":{"@id":"https:\/\/www.oracaoefe.com\/por-que-o-numero-7-e-tao-especial-na-biblia\/#breadcrumb"},"inLanguage":"fr-FR","potentialAction":[{"@type":"ReadAction","target":["https:\/\/www.oracaoefe.com\/por-que-o-numero-7-e-tao-especial-na-biblia\/"]}]},{"@type":"ImageObject","inLanguage":"fr-FR","@id":"https:\/\/www.oracaoefe.com\/por-que-o-numero-7-e-tao-especial-na-biblia\/#primaryimage","url":"https:\/\/www.oracaoefe.com\/wp-content\/uploads\/2025\/03\/image.png","contentUrl":"https:\/\/www.oracaoefe.com\/wp-content\/uploads\/2025\/03\/image.png","width":900,"height":601},{"@type":"BreadcrumbList","@id":"https:\/\/www.oracaoefe.com\/por-que-o-numero-7-e-tao-especial-na-biblia\/#breadcrumb","itemListElement":[{"@type":"ListItem","position":1,"name":"Home","item":"https:\/\/www.oracaoefe.com\/"},{"@type":"ListItem","position":2,"name":"Curiosidades","item":"https:\/\/www.oracaoefe.com\/es\/categoria\/curiosidades\/"},{"@type":"ListItem","position":3,"name":"Por que o n\u00famero 7 \u00e9 t\u00e3o especial na B\u00edblia?"}]},{"@type":"WebSite","@id":"https:\/\/www.oracaoefe.com\/#website","url":"https:\/\/www.oracaoefe.com\/","name":"Pri\u00e8re et foi","description":"","potentialAction":[{"@type":"SearchAction","target":{"@type":"EntryPoint","urlTemplate":"https:\/\/www.oracaoefe.com\/?s={search_term_string}"},"query-input":{"@type":"PropertyValueSpecification","valueRequired":true,"valueName":"search_term_string"}}],"inLanguage":"fr-FR"},{"@type":"Person","@id":"https:\/\/www.oracaoefe.com\/#\/schema\/person\/17283c669442cf005c4d5bb58adfb7f5","name":"Michele Azevedo","image":{"@type":"ImageObject","inLanguage":"fr-FR","@id":"https:\/\/secure.gravatar.com\/avatar\/6b0eb9d22841282815e2cd856a0061c45e1761cd54b22e952d98c4746939aa85?s=96&d=mm&r=g","url":"https:\/\/secure.gravatar.com\/avatar\/6b0eb9d22841282815e2cd856a0061c45e1761cd54b22e952d98c4746939aa85?s=96&d=mm&r=g","contentUrl":"https:\/\/secure.gravatar.com\/avatar\/6b0eb9d22841282815e2cd856a0061c45e1761cd54b22e952d98c4746939aa85?s=96&d=mm&r=g","caption":"Michele Azevedo"},"description":"Dipl\u00f4m\u00e9e en litt\u00e9rature portugaise\/anglaise de l&#039;Universit\u00e9 d&#039;\u00c9tat de Ponta Grossa (UEPG), avec des dipl\u00f4mes de troisi\u00e8me cycle en art dans l&#039;\u00e9ducation (FAPI) et en psychop\u00e9dagogie scolaire (FAPI), elle est la cr\u00e9atrice et propri\u00e9taire du site web Escritora de Sucesso, a de l&#039;exp\u00e9rience dans l&#039;\u00e9criture pour les blogs en g\u00e9n\u00e9ral et travaille comme r\u00e9dactrice et \u00e9ditrice du contenu pour Ora\u00e7\u00e3o e F\u00e9.","url":"https:\/\/www.oracaoefe.com\/fr\/author\/michele-azevedo\/"}]}},"_links":{"self":[{"href":"https:\/\/www.oracaoefe.com\/fr\/wp-json\/wp\/v2\/posts\/3475","targetHints":{"allow":["GET"]}}],"collection":[{"href":"https:\/\/www.oracaoefe.com\/fr\/wp-json\/wp\/v2\/posts"}],"about":[{"href":"https:\/\/www.oracaoefe.com\/fr\/wp-json\/wp\/v2\/types\/post"}],"author":[{"embeddable":true,"href":"https:\/\/www.oracaoefe.com\/fr\/wp-json\/wp\/v2\/users\/3"}],"replies":[{"embeddable":true,"href":"https:\/\/www.oracaoefe.com\/fr\/wp-json\/wp\/v2\/comments?post=3475"}],"version-history":[{"count":1,"href":"https:\/\/www.oracaoefe.com\/fr\/wp-json\/wp\/v2\/posts\/3475\/revisions"}],"predecessor-version":[{"id":3477,"href":"https:\/\/www.oracaoefe.com\/fr\/wp-json\/wp\/v2\/posts\/3475\/revisions\/3477"}],"wp:featuredmedia":[{"embeddable":true,"href":"https:\/\/www.oracaoefe.com\/fr\/wp-json\/wp\/v2\/media\/3476"}],"wp:attachment":[{"href":"https:\/\/www.oracaoefe.com\/fr\/wp-json\/wp\/v2\/media?parent=3475"}],"wp:term":[{"taxonomy":"category","embeddable":true,"href":"https:\/\/www.oracaoefe.com\/fr\/wp-json\/wp\/v2\/categories?post=3475"},{"taxonomy":"post_tag","embeddable":true,"href":"https:\/\/www.oracaoefe.com\/fr\/wp-json\/wp\/v2\/tags?post=3475"}],"curies":[{"name":"wp","href":"https:\/\/api.w.org\/{rel}","templated":true}]}}