{"id":3456,"date":"2025-03-15T06:00:00","date_gmt":"2025-03-15T09:00:00","guid":{"rendered":"https:\/\/www.oracaoefe.com\/?p=3456"},"modified":"2025-12-16T13:11:17","modified_gmt":"2025-12-16T16:11:17","slug":"pensamentos-positivos-sobre-a-vida-para-mentalizar-sempre","status":"publish","type":"post","link":"https:\/\/www.oracaoefe.com\/fr\/pensamentos-positivos-sobre-a-vida-para-mentalizar-sempre\/","title":{"rendered":"Pensamentos positivos sobre a vida para mentalizar sempre"},"content":{"rendered":"<p class=\"wp-block-paragraph\">A forma como pensamos influencia diretamente a maneira como vivemos. Se cultivamos pensamentos negativos, nossa energia e motiva\u00e7\u00e3o diminuem. Mas quando alimentamos pensamentos positivos, conseguimos enxergar oportunidades, superar desafios e viver com mais leveza.<\/p>\n\n\n\n<p class=\"wp-block-paragraph\">A vida nem sempre \u00e9 f\u00e1cil, mas manter a mente focada no que \u00e9 bom pode transformar qualquer situa\u00e7\u00e3o. Se voc\u00ea quer trazer mais positividade para o seu dia a dia, aqui est\u00e3o alguns pensamentos poderosos para mentalizar sempre.<\/p>\n\n\n\n<figure class=\"wp-block-image size-large\"><img loading=\"lazy\" decoding=\"async\" width=\"1024\" height=\"585\" src=\"https:\/\/www.oracaoefe.com\/wp-content\/uploads\/2025\/02\/image-7-1024x585.png\" alt=\"\" class=\"wp-image-3457\" srcset=\"https:\/\/www.oracaoefe.com\/wp-content\/uploads\/2025\/02\/image-7-1024x585.png 1024w, https:\/\/www.oracaoefe.com\/wp-content\/uploads\/2025\/02\/image-7-300x171.png 300w, https:\/\/www.oracaoefe.com\/wp-content\/uploads\/2025\/02\/image-7-768x439.png 768w, https:\/\/www.oracaoefe.com\/wp-content\/uploads\/2025\/02\/image-7-1536x878.png 1536w, https:\/\/www.oracaoefe.com\/wp-content\/uploads\/2025\/02\/image-7-18x10.png 18w, https:\/\/www.oracaoefe.com\/wp-content\/uploads\/2025\/02\/image-7.png 1792w\" sizes=\"auto, (max-width: 1024px) 100vw, 1024px\" \/><\/figure>\n\n\n\n<h2 class=\"wp-block-heading\"><strong>Tudo passa \u2013 Nada \u00e9 para sempre<\/strong><\/h2>\n\n\n\n<p class=\"wp-block-paragraph\">Por mais dif\u00edcil que uma fase pare\u00e7a, ela n\u00e3o durar\u00e1 para sempre. O tempo cura, transforma e ensina. Mesmo os momentos mais turbulentos passam, e dias melhores sempre chegam.<\/p>\n\n\n\n<p class=\"wp-block-paragraph\"><strong>Mentalize:<\/strong> &#8220;Esse momento vai passar, e coisas boas est\u00e3o a caminho.&#8221;<\/p>\n\n\n\n<h2 class=\"wp-block-heading\"><strong>A gratid\u00e3o muda tudo<\/strong><\/h2>\n\n\n\n<p class=\"wp-block-paragraph\">Quando focamos no que nos falta, vivemos insatisfeitos. Mas quando reconhecemos o que j\u00e1 temos, encontramos felicidade no presente. A gratid\u00e3o muda nossa perspectiva e atrai ainda mais b\u00ean\u00e7\u00e3os.<\/p>\n\n\n\n<p class=\"wp-block-paragraph\"><strong>Mentalize:<\/strong> &#8220;Sou grato(a) por tudo o que tenho e pelas oportunidades que est\u00e3o chegando.&#8221;<\/p>\n\n\n\n<h2 class=\"wp-block-heading\"><strong>Cada dia \u00e9 uma nova chance<\/strong><\/h2>\n\n\n\n<p class=\"wp-block-paragraph\">O passado n\u00e3o pode ser mudado, mas o futuro ainda est\u00e1 em aberto. Cada amanhecer traz a oportunidade de recome\u00e7ar, aprender e fazer melhor.<\/p>\n\n\n\n<p class=\"wp-block-paragraph\"><strong>Mentalize:<\/strong> &#8220;Hoje \u00e9 um novo dia cheio de possibilidades.&#8221;<\/p>\n\n\n\n<h2 class=\"wp-block-heading\"><strong>O que eu penso, eu crio<\/strong><\/h2>\n\n\n\n<p class=\"wp-block-paragraph\">Nossos pensamentos moldam nossa realidade. Se acreditamos no melhor, atra\u00edmos situa\u00e7\u00f5es e pessoas alinhadas com essa energia.<\/p>\n\n\n\n<p class=\"wp-block-paragraph\"><strong>Mentalize:<\/strong> &#8220;Minha mente cria minha realidade, e eu escolho focar no positivo.&#8221;<\/p>\n\n\n\n<h2 class=\"wp-block-heading\"><strong>Eu sou mais forte do que imagino<\/strong><\/h2>\n\n\n\n<p class=\"wp-block-paragraph\">Os desafios que enfrentamos s\u00e3o oportunidades de crescimento. Cada obst\u00e1culo superado nos torna mais resilientes e preparados para o futuro.<\/p>\n\n\n\n<p class=\"wp-block-paragraph\"><strong>Mentalize:<\/strong> &#8220;Eu sou forte, capaz e posso superar qualquer desafio.&#8221;<\/p>\n\n\n\n<h2 class=\"wp-block-heading\"><strong>Pequenos passos levam a grandes conquistas<\/strong><\/h2>\n\n\n\n<p class=\"wp-block-paragraph\">O progresso nem sempre \u00e9 r\u00e1pido, mas cada pequeno passo nos aproxima dos nossos sonhos. O importante \u00e9 continuar avan\u00e7ando.<\/p>\n\n\n\n<p class=\"wp-block-paragraph\"><strong>Mentalize:<\/strong> &#8220;Cada passo me leva mais perto do meu objetivo.&#8221;<\/p>\n\n\n\n<h2 class=\"wp-block-heading\"><strong>A vida acontece no agora<\/strong><\/h2>\n\n\n\n<p class=\"wp-block-paragraph\">Muitas vezes, ficamos presos no passado ou ansiosos pelo futuro e esquecemos de viver o presente. Mas o \u00fanico momento que realmente temos \u00e9 o agora.<\/p>\n\n\n\n<p class=\"wp-block-paragraph\"><strong>Mentalize:<\/strong> &#8220;Eu vivo o presente com plenitude e gratid\u00e3o.&#8221;<\/p>\n\n\n\n<h2 class=\"wp-block-heading\"><strong>O medo n\u00e3o me controla<\/strong><\/h2>\n\n\n\n<p class=\"wp-block-paragraph\">O medo pode nos paralisar, mas tamb\u00e9m pode ser um sinal de que estamos prestes a crescer. A coragem n\u00e3o \u00e9 a aus\u00eancia de medo, mas a decis\u00e3o de seguir em frente apesar dele.<\/p>\n\n\n\n<p class=\"wp-block-paragraph\"><strong>Mentalize:<\/strong> &#8220;Eu sou maior do que meus medos e sigo em frente com confian\u00e7a.&#8221;<\/p>\n\n\n\n<h2 class=\"wp-block-heading\"><strong>O universo conspira a meu favor<\/strong><\/h2>\n\n\n\n<p class=\"wp-block-paragraph\">Quando nos abrimos para o bem, a vida come\u00e7a a fluir de forma mais leve. As coisas acontecem no tempo certo, e tudo coopera para o nosso crescimento.<\/p>\n\n\n\n<p class=\"wp-block-paragraph\"><strong>Mentalize:<\/strong> &#8220;Tudo est\u00e1 se alinhando para o meu bem.&#8221;<\/p>\n\n\n\n<h2 class=\"wp-block-heading\"><strong>Eu mere\u00e7o ser feliz<\/strong><\/h2>\n\n\n\n<p class=\"wp-block-paragraph\">A felicidade n\u00e3o \u00e9 um pr\u00eamio para quem nunca errou. Ela \u00e9 um direito de todos, e cada um de n\u00f3s merece desfrutar da vida com alegria.<\/p>\n\n\n\n<p class=\"wp-block-paragraph\"><strong>Mentalize:<\/strong> &#8220;Eu me permito ser feliz e aproveitar cada momento.&#8221;<\/p>\n\n\n\n<h2 class=\"wp-block-heading\"><strong>Como Mentalizar Pensamentos Positivos Todos os Dias?<\/strong><\/h2>\n\n\n\n<p class=\"wp-block-paragraph\">Se voc\u00ea quer trazer mais positividade para sua rotina, aqui est\u00e3o algumas pr\u00e1ticas simples:<\/p>\n\n\n\n<p class=\"wp-block-paragraph\">1# <strong>Afirma\u00e7\u00f5es di\u00e1rias<\/strong> \u2013 Repita frases positivas em voz alta ou mentalmente ao acordar.<\/p>\n\n\n\n<p class=\"wp-block-paragraph\">2# <strong>Escreva seus pensamentos<\/strong> \u2013 Ter um caderno de gratid\u00e3o ajuda a refor\u00e7ar o foco no positivo.<\/p>\n\n\n\n<p class=\"wp-block-paragraph\">3# <strong>Evite reclama\u00e7\u00f5es<\/strong> \u2013 Substitua pensamentos negativos por solu\u00e7\u00f5es e aprendizados.<\/p>\n\n\n\n<p class=\"wp-block-paragraph\">4# <strong>Cerque-se de boas influ\u00eancias<\/strong> \u2013 Conviver com pessoas positivas faz toda a diferen\u00e7a.<\/p>\n\n\n\n<p class=\"wp-block-paragraph\">5# <strong>Cuide da sua energia<\/strong> \u2013 Pratique atividades que trazem bem-estar, como medita\u00e7\u00e3o, exerc\u00edcios e leitura inspiradora.<\/p>\n\n\n\n<h2 class=\"wp-block-heading\"><strong>Reflex\u00e3o Final<\/strong><\/h2>\n\n\n\n<p class=\"wp-block-paragraph\">A vida \u00e9 feita de altos e baixos, mas manter pensamentos positivos faz toda a diferen\u00e7a. Quando escolhemos enxergar o lado bom, abrimos espa\u00e7o para a felicidade e a realiza\u00e7\u00e3o.<\/p>\n\n\n\n<p class=\"wp-block-paragraph\">Que tal come\u00e7ar agora? Escolha um desses pensamentos e repita para si mesmo. A transforma\u00e7\u00e3o come\u00e7a dentro de voc\u00ea!<\/p>\n\n\n\n<p class=\"wp-block-paragraph\"><strong>Voir aussi\u00a0: <a href=\"https:\/\/www.oracaoefe.com\/fr\/por-que-deus-endureceu-o-coracao-de-farao\/\">Por que Deus endureceu o cora\u00e7\u00e3o de Fara\u00f3?<\/a><\/strong><\/p>\n\n\n\n<p class=\"wp-block-paragraph\">15 de mar\u00e7o de 2025<\/p>","protected":false},"excerpt":{"rendered":"<p>A forma como pensamos influencia diretamente a maneira como vivemos. Se cultivamos pensamentos negativos, nossa energia e motiva\u00e7\u00e3o diminuem. Mas quando alimentamos pensamentos positivos, conseguimos enxergar oportunidades, superar desafios e viver com mais leveza. A vida nem sempre \u00e9 f\u00e1cil, mas manter a mente focada no que \u00e9 bom pode transformar qualquer situa\u00e7\u00e3o. Se voc\u00ea&hellip;&nbsp;<\/p>","protected":false},"author":3,"featured_media":3457,"comment_status":"closed","ping_status":"closed","sticky":false,"template":"","format":"standard","meta":{"neve_meta_sidebar":"","neve_meta_container":"","neve_meta_enable_content_width":"","neve_meta_content_width":0,"neve_meta_title_alignment":"","neve_meta_author_avatar":"","neve_post_elements_order":"","neve_meta_disable_header":"","neve_meta_disable_footer":"","neve_meta_disable_title":"","footnotes":""},"categories":[4],"tags":[],"class_list":["post-3456","post","type-post","status-publish","format-standard","has-post-thumbnail","hentry","category-fique-por-dentro"],"yoast_head":"<!-- This site is optimized with the Yoast SEO plugin v28.4 - https:\/\/yoast.com\/product\/yoast-seo-wordpress\/ -->\n<title>Pensamentos positivos sobre a vida para mentalizar sempre - Ora\u00e7\u00e3o e F\u00e9<\/title>\n<meta name=\"description\" content=\"Deus tem pra voc\u00ea uma palavra de vida!\" \/>\n<meta name=\"robots\" content=\"index, follow, max-snippet:-1, max-image-preview:large, max-video-preview:-1\" \/>\n<link rel=\"canonical\" href=\"https:\/\/www.oracaoefe.com\/fr\/pensamentos-positivos-sobre-a-vida-para-mentalizar-sempre\/\" \/>\n<meta property=\"og:locale\" content=\"fr_FR\" \/>\n<meta property=\"og:type\" content=\"article\" \/>\n<meta property=\"og:title\" content=\"Pensamentos positivos sobre a vida para mentalizar sempre - Ora\u00e7\u00e3o e F\u00e9\" \/>\n<meta property=\"og:description\" content=\"Deus tem pra voc\u00ea uma palavra de vida!\" \/>\n<meta property=\"og:url\" content=\"https:\/\/www.oracaoefe.com\/fr\/pensamentos-positivos-sobre-a-vida-para-mentalizar-sempre\/\" \/>\n<meta property=\"og:site_name\" content=\"Ora\u00e7\u00e3o e F\u00e9\" \/>\n<meta property=\"article:published_time\" content=\"2025-03-15T09:00:00+00:00\" \/>\n<meta property=\"article:modified_time\" content=\"2025-12-16T16:11:17+00:00\" \/>\n<meta property=\"og:image\" content=\"https:\/\/www.oracaoefe.com\/wp-content\/uploads\/2025\/02\/image-7-1024x585.png\" \/>\n\t<meta property=\"og:image:width\" content=\"1024\" \/>\n\t<meta property=\"og:image:height\" content=\"585\" \/>\n\t<meta property=\"og:image:type\" content=\"image\/png\" \/>\n<meta name=\"author\" content=\"Michele Azevedo\" \/>\n<meta name=\"twitter:card\" content=\"summary_large_image\" \/>\n<meta name=\"twitter:label1\" content=\"\u00c9crit par\" \/>\n\t<meta name=\"twitter:data1\" content=\"Michele Azevedo\" \/>\n\t<meta name=\"twitter:label2\" content=\"Dur\u00e9e de lecture estim\u00e9e\" \/>\n\t<meta name=\"twitter:data2\" content=\"3 minutes\" \/>\n<script type=\"application\/ld+json\" class=\"yoast-schema-graph\">{\"@context\":\"https:\\\/\\\/schema.org\",\"@graph\":[{\"@type\":\"Article\",\"@id\":\"https:\\\/\\\/www.oracaoefe.com\\\/pensamentos-positivos-sobre-a-vida-para-mentalizar-sempre\\\/#article\",\"isPartOf\":{\"@id\":\"https:\\\/\\\/www.oracaoefe.com\\\/pensamentos-positivos-sobre-a-vida-para-mentalizar-sempre\\\/\"},\"author\":{\"name\":\"Michele Azevedo\",\"@id\":\"https:\\\/\\\/www.oracaoefe.com\\\/#\\\/schema\\\/person\\\/17283c669442cf005c4d5bb58adfb7f5\"},\"headline\":\"Pensamentos positivos sobre a vida para mentalizar sempre\",\"datePublished\":\"2025-03-15T09:00:00+00:00\",\"dateModified\":\"2025-12-16T16:11:17+00:00\",\"mainEntityOfPage\":{\"@id\":\"https:\\\/\\\/www.oracaoefe.com\\\/pensamentos-positivos-sobre-a-vida-para-mentalizar-sempre\\\/\"},\"wordCount\":690,\"image\":{\"@id\":\"https:\\\/\\\/www.oracaoefe.com\\\/pensamentos-positivos-sobre-a-vida-para-mentalizar-sempre\\\/#primaryimage\"},\"thumbnailUrl\":\"https:\\\/\\\/www.oracaoefe.com\\\/wp-content\\\/uploads\\\/2025\\\/02\\\/image-7.png\",\"articleSection\":[\"Fique por Dentro\"],\"inLanguage\":\"fr-FR\"},{\"@type\":\"WebPage\",\"@id\":\"https:\\\/\\\/www.oracaoefe.com\\\/pensamentos-positivos-sobre-a-vida-para-mentalizar-sempre\\\/\",\"url\":\"https:\\\/\\\/www.oracaoefe.com\\\/pensamentos-positivos-sobre-a-vida-para-mentalizar-sempre\\\/\",\"name\":\"Pensamentos positivos sobre a vida para mentalizar sempre - Ora\u00e7\u00e3o e F\u00e9\",\"isPartOf\":{\"@id\":\"https:\\\/\\\/www.oracaoefe.com\\\/#website\"},\"primaryImageOfPage\":{\"@id\":\"https:\\\/\\\/www.oracaoefe.com\\\/pensamentos-positivos-sobre-a-vida-para-mentalizar-sempre\\\/#primaryimage\"},\"image\":{\"@id\":\"https:\\\/\\\/www.oracaoefe.com\\\/pensamentos-positivos-sobre-a-vida-para-mentalizar-sempre\\\/#primaryimage\"},\"thumbnailUrl\":\"https:\\\/\\\/www.oracaoefe.com\\\/wp-content\\\/uploads\\\/2025\\\/02\\\/image-7.png\",\"datePublished\":\"2025-03-15T09:00:00+00:00\",\"dateModified\":\"2025-12-16T16:11:17+00:00\",\"author\":{\"@id\":\"https:\\\/\\\/www.oracaoefe.com\\\/#\\\/schema\\\/person\\\/17283c669442cf005c4d5bb58adfb7f5\"},\"description\":\"Deus tem pra voc\u00ea uma palavra de vida!\",\"breadcrumb\":{\"@id\":\"https:\\\/\\\/www.oracaoefe.com\\\/pensamentos-positivos-sobre-a-vida-para-mentalizar-sempre\\\/#breadcrumb\"},\"inLanguage\":\"fr-FR\",\"potentialAction\":[{\"@type\":\"ReadAction\",\"target\":[\"https:\\\/\\\/www.oracaoefe.com\\\/pensamentos-positivos-sobre-a-vida-para-mentalizar-sempre\\\/\"]}]},{\"@type\":\"ImageObject\",\"inLanguage\":\"fr-FR\",\"@id\":\"https:\\\/\\\/www.oracaoefe.com\\\/pensamentos-positivos-sobre-a-vida-para-mentalizar-sempre\\\/#primaryimage\",\"url\":\"https:\\\/\\\/www.oracaoefe.com\\\/wp-content\\\/uploads\\\/2025\\\/02\\\/image-7.png\",\"contentUrl\":\"https:\\\/\\\/www.oracaoefe.com\\\/wp-content\\\/uploads\\\/2025\\\/02\\\/image-7.png\",\"width\":1792,\"height\":1024},{\"@type\":\"BreadcrumbList\",\"@id\":\"https:\\\/\\\/www.oracaoefe.com\\\/pensamentos-positivos-sobre-a-vida-para-mentalizar-sempre\\\/#breadcrumb\",\"itemListElement\":[{\"@type\":\"ListItem\",\"position\":1,\"name\":\"Home\",\"item\":\"https:\\\/\\\/www.oracaoefe.com\\\/\"},{\"@type\":\"ListItem\",\"position\":2,\"name\":\"Fique por Dentro\",\"item\":\"https:\\\/\\\/www.oracaoefe.com\\\/category\\\/fique-por-dentro\\\/\"},{\"@type\":\"ListItem\",\"position\":3,\"name\":\"Pensamentos positivos sobre a vida para mentalizar sempre\"}]},{\"@type\":\"WebSite\",\"@id\":\"https:\\\/\\\/www.oracaoefe.com\\\/#website\",\"url\":\"https:\\\/\\\/www.oracaoefe.com\\\/\",\"name\":\"Ora\u00e7\u00e3o e F\u00e9\",\"description\":\"\",\"potentialAction\":[{\"@type\":\"SearchAction\",\"target\":{\"@type\":\"EntryPoint\",\"urlTemplate\":\"https:\\\/\\\/www.oracaoefe.com\\\/?s={search_term_string}\"},\"query-input\":{\"@type\":\"PropertyValueSpecification\",\"valueRequired\":true,\"valueName\":\"search_term_string\"}}],\"inLanguage\":\"fr-FR\"},{\"@type\":\"Person\",\"@id\":\"https:\\\/\\\/www.oracaoefe.com\\\/#\\\/schema\\\/person\\\/17283c669442cf005c4d5bb58adfb7f5\",\"name\":\"Michele Azevedo\",\"image\":{\"@type\":\"ImageObject\",\"inLanguage\":\"fr-FR\",\"@id\":\"https:\\\/\\\/secure.gravatar.com\\\/avatar\\\/6b0eb9d22841282815e2cd856a0061c45e1761cd54b22e952d98c4746939aa85?s=96&d=mm&r=g\",\"url\":\"https:\\\/\\\/secure.gravatar.com\\\/avatar\\\/6b0eb9d22841282815e2cd856a0061c45e1761cd54b22e952d98c4746939aa85?s=96&d=mm&r=g\",\"contentUrl\":\"https:\\\/\\\/secure.gravatar.com\\\/avatar\\\/6b0eb9d22841282815e2cd856a0061c45e1761cd54b22e952d98c4746939aa85?s=96&d=mm&r=g\",\"caption\":\"Michele Azevedo\"},\"description\":\"Formada em Letras - Portugu\u00eas\\\/ Ingl\u00eas pela Universidade Estadual de Ponta Grossa (UEPG), p\u00f3s-graduada em Arte na Educa\u00e7\u00e3o (FAPI) e Psicopedagogia Escolar (FAPI), idealizadora e propriet\u00e1ria do site Escritora de Sucesso, possui experi\u00eancia em escrita para blogs em geral e atua como redatora e revisora dos conte\u00fados do Ora\u00e7\u00e3o e F\u00e9.\",\"url\":\"https:\\\/\\\/www.oracaoefe.com\\\/fr\\\/author\\\/michele-azevedo\\\/\"}]}<\/script>\n<!-- \/ Yoast SEO plugin. -->","yoast_head_json":{"title":"Pensamentos positivos sobre a vida para mentalizar sempre - Ora\u00e7\u00e3o e F\u00e9","description":"Dieu a une parole de vie pour vous !","robots":{"index":"index","follow":"follow","max-snippet":"max-snippet:-1","max-image-preview":"max-image-preview:large","max-video-preview":"max-video-preview:-1"},"canonical":"https:\/\/www.oracaoefe.com\/fr\/pensamentos-positivos-sobre-a-vida-para-mentalizar-sempre\/","og_locale":"fr_FR","og_type":"article","og_title":"Pensamentos positivos sobre a vida para mentalizar sempre - Ora\u00e7\u00e3o e F\u00e9","og_description":"Deus tem pra voc\u00ea uma palavra de vida!","og_url":"https:\/\/www.oracaoefe.com\/fr\/pensamentos-positivos-sobre-a-vida-para-mentalizar-sempre\/","og_site_name":"Ora\u00e7\u00e3o e F\u00e9","article_published_time":"2025-03-15T09:00:00+00:00","article_modified_time":"2025-12-16T16:11:17+00:00","og_image":[{"width":1024,"height":585,"url":"https:\/\/www.oracaoefe.com\/wp-content\/uploads\/2025\/02\/image-7-1024x585.png","type":"image\/png"}],"author":"Michele Azevedo","twitter_card":"summary_large_image","twitter_misc":{"\u00c9crit par":"Michele Azevedo","Dur\u00e9e de lecture estim\u00e9e":"3 minutes"},"schema":{"@context":"https:\/\/schema.org","@graph":[{"@type":"Article","@id":"https:\/\/www.oracaoefe.com\/pensamentos-positivos-sobre-a-vida-para-mentalizar-sempre\/#article","isPartOf":{"@id":"https:\/\/www.oracaoefe.com\/pensamentos-positivos-sobre-a-vida-para-mentalizar-sempre\/"},"author":{"name":"Michele Azevedo","@id":"https:\/\/www.oracaoefe.com\/#\/schema\/person\/17283c669442cf005c4d5bb58adfb7f5"},"headline":"Pensamentos positivos sobre a vida para mentalizar sempre","datePublished":"2025-03-15T09:00:00+00:00","dateModified":"2025-12-16T16:11:17+00:00","mainEntityOfPage":{"@id":"https:\/\/www.oracaoefe.com\/pensamentos-positivos-sobre-a-vida-para-mentalizar-sempre\/"},"wordCount":690,"image":{"@id":"https:\/\/www.oracaoefe.com\/pensamentos-positivos-sobre-a-vida-para-mentalizar-sempre\/#primaryimage"},"thumbnailUrl":"https:\/\/www.oracaoefe.com\/wp-content\/uploads\/2025\/02\/image-7.png","articleSection":["Fique por Dentro"],"inLanguage":"fr-FR"},{"@type":"WebPage","@id":"https:\/\/www.oracaoefe.com\/pensamentos-positivos-sobre-a-vida-para-mentalizar-sempre\/","url":"https:\/\/www.oracaoefe.com\/pensamentos-positivos-sobre-a-vida-para-mentalizar-sempre\/","name":"Pensamentos positivos sobre a vida para mentalizar sempre - Ora\u00e7\u00e3o e F\u00e9","isPartOf":{"@id":"https:\/\/www.oracaoefe.com\/#website"},"primaryImageOfPage":{"@id":"https:\/\/www.oracaoefe.com\/pensamentos-positivos-sobre-a-vida-para-mentalizar-sempre\/#primaryimage"},"image":{"@id":"https:\/\/www.oracaoefe.com\/pensamentos-positivos-sobre-a-vida-para-mentalizar-sempre\/#primaryimage"},"thumbnailUrl":"https:\/\/www.oracaoefe.com\/wp-content\/uploads\/2025\/02\/image-7.png","datePublished":"2025-03-15T09:00:00+00:00","dateModified":"2025-12-16T16:11:17+00:00","author":{"@id":"https:\/\/www.oracaoefe.com\/#\/schema\/person\/17283c669442cf005c4d5bb58adfb7f5"},"description":"Dieu a une parole de vie pour vous !","breadcrumb":{"@id":"https:\/\/www.oracaoefe.com\/pensamentos-positivos-sobre-a-vida-para-mentalizar-sempre\/#breadcrumb"},"inLanguage":"fr-FR","potentialAction":[{"@type":"ReadAction","target":["https:\/\/www.oracaoefe.com\/pensamentos-positivos-sobre-a-vida-para-mentalizar-sempre\/"]}]},{"@type":"ImageObject","inLanguage":"fr-FR","@id":"https:\/\/www.oracaoefe.com\/pensamentos-positivos-sobre-a-vida-para-mentalizar-sempre\/#primaryimage","url":"https:\/\/www.oracaoefe.com\/wp-content\/uploads\/2025\/02\/image-7.png","contentUrl":"https:\/\/www.oracaoefe.com\/wp-content\/uploads\/2025\/02\/image-7.png","width":1792,"height":1024},{"@type":"BreadcrumbList","@id":"https:\/\/www.oracaoefe.com\/pensamentos-positivos-sobre-a-vida-para-mentalizar-sempre\/#breadcrumb","itemListElement":[{"@type":"ListItem","position":1,"name":"Home","item":"https:\/\/www.oracaoefe.com\/"},{"@type":"ListItem","position":2,"name":"Fique por Dentro","item":"https:\/\/www.oracaoefe.com\/category\/fique-por-dentro\/"},{"@type":"ListItem","position":3,"name":"Pensamentos positivos sobre a vida para mentalizar sempre"}]},{"@type":"WebSite","@id":"https:\/\/www.oracaoefe.com\/#website","url":"https:\/\/www.oracaoefe.com\/","name":"Pri\u00e8re et foi","description":"","potentialAction":[{"@type":"SearchAction","target":{"@type":"EntryPoint","urlTemplate":"https:\/\/www.oracaoefe.com\/?s={search_term_string}"},"query-input":{"@type":"PropertyValueSpecification","valueRequired":true,"valueName":"search_term_string"}}],"inLanguage":"fr-FR"},{"@type":"Person","@id":"https:\/\/www.oracaoefe.com\/#\/schema\/person\/17283c669442cf005c4d5bb58adfb7f5","name":"Michele Azevedo","image":{"@type":"ImageObject","inLanguage":"fr-FR","@id":"https:\/\/secure.gravatar.com\/avatar\/6b0eb9d22841282815e2cd856a0061c45e1761cd54b22e952d98c4746939aa85?s=96&d=mm&r=g","url":"https:\/\/secure.gravatar.com\/avatar\/6b0eb9d22841282815e2cd856a0061c45e1761cd54b22e952d98c4746939aa85?s=96&d=mm&r=g","contentUrl":"https:\/\/secure.gravatar.com\/avatar\/6b0eb9d22841282815e2cd856a0061c45e1761cd54b22e952d98c4746939aa85?s=96&d=mm&r=g","caption":"Michele Azevedo"},"description":"Dipl\u00f4m\u00e9e en litt\u00e9rature portugaise\/anglaise de l&#039;Universit\u00e9 d&#039;\u00c9tat de Ponta Grossa (UEPG), avec des dipl\u00f4mes de troisi\u00e8me cycle en art dans l&#039;\u00e9ducation (FAPI) et en psychop\u00e9dagogie scolaire (FAPI), elle est la cr\u00e9atrice et propri\u00e9taire du site web Escritora de Sucesso, a de l&#039;exp\u00e9rience dans l&#039;\u00e9criture pour les blogs en g\u00e9n\u00e9ral et travaille comme r\u00e9dactrice et \u00e9ditrice du contenu pour Ora\u00e7\u00e3o e F\u00e9.","url":"https:\/\/www.oracaoefe.com\/fr\/author\/michele-azevedo\/"}]}},"_links":{"self":[{"href":"https:\/\/www.oracaoefe.com\/fr\/wp-json\/wp\/v2\/posts\/3456","targetHints":{"allow":["GET"]}}],"collection":[{"href":"https:\/\/www.oracaoefe.com\/fr\/wp-json\/wp\/v2\/posts"}],"about":[{"href":"https:\/\/www.oracaoefe.com\/fr\/wp-json\/wp\/v2\/types\/post"}],"author":[{"embeddable":true,"href":"https:\/\/www.oracaoefe.com\/fr\/wp-json\/wp\/v2\/users\/3"}],"replies":[{"embeddable":true,"href":"https:\/\/www.oracaoefe.com\/fr\/wp-json\/wp\/v2\/comments?post=3456"}],"version-history":[{"count":2,"href":"https:\/\/www.oracaoefe.com\/fr\/wp-json\/wp\/v2\/posts\/3456\/revisions"}],"predecessor-version":[{"id":3465,"href":"https:\/\/www.oracaoefe.com\/fr\/wp-json\/wp\/v2\/posts\/3456\/revisions\/3465"}],"wp:featuredmedia":[{"embeddable":true,"href":"https:\/\/www.oracaoefe.com\/fr\/wp-json\/wp\/v2\/media\/3457"}],"wp:attachment":[{"href":"https:\/\/www.oracaoefe.com\/fr\/wp-json\/wp\/v2\/media?parent=3456"}],"wp:term":[{"taxonomy":"category","embeddable":true,"href":"https:\/\/www.oracaoefe.com\/fr\/wp-json\/wp\/v2\/categories?post=3456"},{"taxonomy":"post_tag","embeddable":true,"href":"https:\/\/www.oracaoefe.com\/fr\/wp-json\/wp\/v2\/tags?post=3456"}],"curies":[{"name":"wp","href":"https:\/\/api.w.org\/{rel}","templated":true}]}}