{"id":3450,"date":"2025-03-09T06:00:00","date_gmt":"2025-03-09T09:00:00","guid":{"rendered":"https:\/\/www.oracaoefe.com\/?p=3450"},"modified":"2025-12-16T13:11:17","modified_gmt":"2025-12-16T16:11:17","slug":"versiculos-sobre-morte-e-vida-eterna","status":"publish","type":"post","link":"https:\/\/www.oracaoefe.com\/fr\/versiculos-sobre-morte-e-vida-eterna\/","title":{"rendered":"Vers\u00edculos sobre morte e vida eterna"},"content":{"rendered":"<p class=\"wp-block-paragraph\">A morte \u00e9 um dos maiores mist\u00e9rios da vida, mas a B\u00edblia nos d\u00e1 respostas claras sobre o que acontece depois que partimos deste mundo. Para aqueles que confiam em Deus, a morte n\u00e3o \u00e9 o fim, mas o in\u00edcio de uma vida eterna ao lado do Senhor.<\/p>\n\n\n\n<p class=\"wp-block-paragraph\">Um dos vers\u00edculos mais poderosos sobre isso est\u00e1 em <strong>Jo\u00e3o 11:25-26<\/strong>, onde Jesus diz:<\/p>\n\n\n\n<p class=\"wp-block-paragraph\"><strong>&#8220;Eu sou a ressurrei\u00e7\u00e3o e a vida. Quem cr\u00ea em mim, ainda que morra, viver\u00e1; e todo aquele que vive e cr\u00ea em mim, jamais morrer\u00e1.&#8221;<\/strong><\/p>\n\n\n\n<figure class=\"wp-block-image size-large\"><img loading=\"lazy\" decoding=\"async\" width=\"1024\" height=\"585\" src=\"https:\/\/www.oracaoefe.com\/wp-content\/uploads\/2025\/02\/image-5-1024x585.png\" alt=\"\" class=\"wp-image-3451\" srcset=\"https:\/\/www.oracaoefe.com\/wp-content\/uploads\/2025\/02\/image-5-1024x585.png 1024w, https:\/\/www.oracaoefe.com\/wp-content\/uploads\/2025\/02\/image-5-300x171.png 300w, https:\/\/www.oracaoefe.com\/wp-content\/uploads\/2025\/02\/image-5-768x439.png 768w, https:\/\/www.oracaoefe.com\/wp-content\/uploads\/2025\/02\/image-5-1536x878.png 1536w, https:\/\/www.oracaoefe.com\/wp-content\/uploads\/2025\/02\/image-5-18x10.png 18w, https:\/\/www.oracaoefe.com\/wp-content\/uploads\/2025\/02\/image-5.png 1792w\" sizes=\"auto, (max-width: 1024px) 100vw, 1024px\" \/><\/figure>\n\n\n\n<p class=\"wp-block-paragraph\">Essa promessa nos ensina que a morte n\u00e3o tem a palavra final. Para os que t\u00eam f\u00e9, existe uma esperan\u00e7a maior: a eternidade com Deus. Mas o que mais a B\u00edblia nos revela sobre a morte e a vida eterna? Vamos explorar essa mensagem e entender como ela pode transformar nossa vis\u00e3o sobre a exist\u00eancia.<\/p>\n\n\n\n<h2 class=\"wp-block-heading\"><strong>O Que a B\u00edblia Diz Sobre a Morte?<\/strong><\/h2>\n\n\n\n<p class=\"wp-block-paragraph\">A morte \u00e9 tratada na B\u00edblia de duas formas: como consequ\u00eancia do pecado e como passagem para a eternidade. Desde o in\u00edcio, Deus deixou claro que o pecado trouxe a separa\u00e7\u00e3o entre a humanidade e Ele:<\/p>\n\n\n\n<ul class=\"wp-block-list\">\n<li><strong>Romanos 6:23<\/strong> \u2013 \u201cPorque o sal\u00e1rio do pecado \u00e9 a morte, mas o dom gratuito de Deus \u00e9 a vida eterna em Cristo Jesus, nosso Senhor.\u201d<\/li>\n<\/ul>\n\n\n\n<p class=\"wp-block-paragraph\">Isso significa que a morte f\u00edsica \u00e9 uma realidade para todos, mas a vida eterna est\u00e1 dispon\u00edvel para aqueles que creem em Cristo.<\/p>\n\n\n\n<p class=\"wp-block-paragraph\">Al\u00e9m disso, a B\u00edblia nos conforta ao dizer que Deus tem o controle da vida e da morte:<\/p>\n\n\n\n<ul class=\"wp-block-list\">\n<li><strong>Eclesiastes 3:1-2<\/strong> \u2013 \u201cTudo tem o seu tempo determinado, e h\u00e1 tempo para todo prop\u00f3sito debaixo do c\u00e9u. H\u00e1 tempo de nascer, e tempo de morrer.\u201d<\/li>\n<\/ul>\n\n\n\n<h2 class=\"wp-block-heading\"><strong>O Que Acontece Depois da Morte?<\/strong><\/h2>\n\n\n\n<p class=\"wp-block-paragraph\">A B\u00edblia ensina que a morte n\u00e3o \u00e9 o fim da exist\u00eancia, mas o in\u00edcio de uma nova realidade. Aqueles que est\u00e3o em Cristo ter\u00e3o a vida eterna, enquanto os que rejeitam a Deus enfrentar\u00e3o a separa\u00e7\u00e3o d\u2019Ele.<\/p>\n\n\n\n<ul class=\"wp-block-list\">\n<li><strong>Jo\u00e3o 5:24<\/strong> \u2013 \u201cEm verdade, em verdade vos digo que quem ouve a minha palavra e cr\u00ea naquele que me enviou tem a vida eterna e n\u00e3o entra em ju\u00edzo, mas passou da morte para a vida.\u201d<\/li>\n<\/ul>\n\n\n\n<p class=\"wp-block-paragraph\">A vida eterna n\u00e3o \u00e9 apenas um conceito abstrato, mas uma promessa real. Jesus garantiu que aqueles que Nele confiam estar\u00e3o com Ele para sempre.<\/p>\n\n\n\n<h2 class=\"wp-block-heading\"><strong>Vers\u00edculos Sobre Vida Eterna<\/strong><\/h2>\n\n\n\n<p class=\"wp-block-paragraph\">A esperan\u00e7a da vida eterna \u00e9 uma das mensagens mais repetidas na B\u00edblia. Veja alguns vers\u00edculos que refor\u00e7am essa verdade:<\/p>\n\n\n\n<p class=\"wp-block-paragraph\">1# <strong>Jo\u00e3o 3:16<\/strong> \u2013 \u201cPorque Deus amou o mundo de tal maneira que deu o seu Filho unig\u00eanito, para que todo aquele que nele cr\u00ea n\u00e3o pere\u00e7a, mas tenha a vida eterna.\u201d<\/p>\n\n\n\n<p class=\"wp-block-paragraph\">2# <strong>Filipenses 1:21<\/strong> \u2013 \u201cPorque para mim o viver \u00e9 Cristo, e o morrer \u00e9 ganho.\u201d<\/p>\n\n\n\n<p class=\"wp-block-paragraph\">3# <strong>Apocalipse 21:4<\/strong> \u2013 \u201cE Deus limpar\u00e1 de seus olhos toda l\u00e1grima; e n\u00e3o haver\u00e1 mais morte, nem pranto, nem clamor, nem dor; porque j\u00e1 as primeiras coisas s\u00e3o passadas.\u201d<\/p>\n\n\n\n<p class=\"wp-block-paragraph\">4# <strong>2 Cor\u00edntios 5:1<\/strong> \u2013 \u201cPorque sabemos que, se a nossa casa terrestre deste tabern\u00e1culo se desfizer, temos de Deus um edif\u00edcio, uma casa n\u00e3o feita por m\u00e3os, eterna, nos c\u00e9us.\u201d<\/p>\n\n\n\n<p class=\"wp-block-paragraph\">5# <strong>Romanos 8:38-39<\/strong> \u2013 \u201cPorque estou certo de que nem a morte, nem a vida, nem os anjos, nem os principados, nem as potestades, nem o presente, nem o porvir, nem a altura, nem a profundidade, nem alguma outra criatura nos poder\u00e1 separar do amor de Deus, que est\u00e1 em Cristo Jesus, nosso Senhor.\u201d<\/p>\n\n\n\n<p class=\"wp-block-paragraph\">Esses vers\u00edculos mostram que a vida eterna n\u00e3o \u00e9 uma possibilidade, mas uma certeza para aqueles que colocam sua f\u00e9 em Deus.<\/p>\n\n\n\n<h2 class=\"wp-block-heading\"><strong>Como Essa Promessa Nos Conforta?<\/strong><\/h2>\n\n\n\n<p class=\"wp-block-paragraph\">A ideia da morte pode gerar medo, mas a B\u00edblia nos convida a olhar para ela com esperan\u00e7a. Se voc\u00ea j\u00e1 perdeu algu\u00e9m querido ou sente ang\u00fastia ao pensar no fim da vida, lembre-se:<\/p>\n\n\n\n<p class=\"wp-block-paragraph\">1# <strong>A morte n\u00e3o \u00e9 o fim<\/strong> \u2013 Para aqueles que creem, \u00e9 apenas o in\u00edcio da eternidade com Deus.<\/p>\n\n\n\n<p class=\"wp-block-paragraph\">2# <strong>Deus tem um prop\u00f3sito em tudo<\/strong> \u2013 Nada acontece sem a permiss\u00e3o d\u2019Ele, e isso inclui o momento da nossa partida deste mundo.<\/p>\n\n\n\n<p class=\"wp-block-paragraph\">3# <strong>H\u00e1 um reencontro na eternidade<\/strong> \u2013 A promessa de vida eterna significa que um dia estaremos juntos novamente com aqueles que partiram na f\u00e9.<\/p>\n\n\n\n<h2 class=\"wp-block-heading\"><strong>O Que Fazer Para Garantir a Vida Eterna?<\/strong><\/h2>\n\n\n\n<p class=\"wp-block-paragraph\">A B\u00edblia \u00e9 clara ao dizer que a salva\u00e7\u00e3o n\u00e3o vem por obras, mas pela f\u00e9 em Jesus. Para receber a vida eterna, \u00e9 necess\u00e1rio:<\/p>\n\n\n\n<ul class=\"wp-block-list\">\n<li><strong>Crer em Jesus como Salvador<\/strong> \u2013 Jo\u00e3o 14:6: \u201cEu sou o caminho, a verdade e a vida. Ningu\u00e9m vem ao Pai, sen\u00e3o por mim.\u201d<\/li>\n\n\n\n<li><strong>Arrepender-se dos pecados<\/strong> \u2013 Atos 3:19: \u201cArrependei-vos, pois, e convertei-vos, para que sejam apagados os vossos pecados.\u201d<\/li>\n\n\n\n<li><strong>Viver de acordo com a f\u00e9<\/strong> \u2013 G\u00e1latas 2:20: \u201cJ\u00e1 estou crucificado com Cristo; e vivo, n\u00e3o mais eu, mas Cristo vive em mim.\u201d<\/li>\n<\/ul>\n\n\n\n<p class=\"wp-block-paragraph\">A vida eterna \u00e9 um presente de Deus, e cabe a n\u00f3s aceit\u00e1-lo.<\/p>\n\n\n\n<h2 class=\"wp-block-heading\"><strong>Reflex\u00e3o Final<\/strong><\/h2>\n\n\n\n<p class=\"wp-block-paragraph\">A morte pode parecer assustadora, mas para aqueles que confiam em Deus, ela \u00e9 apenas uma passagem para algo maior. A B\u00edblia nos ensina que n\u00e3o devemos temer, pois a promessa da vida eterna \u00e9 real e acess\u00edvel a todos que creem.<\/p>\n\n\n\n<p class=\"wp-block-paragraph\">Se hoje voc\u00ea carrega d\u00favidas ou medos sobre o futuro, lembre-se dessas palavras de Jesus:<\/p>\n\n\n\n<p class=\"wp-block-paragraph\"><strong>\u201cNa casa de meu Pai h\u00e1 muitas moradas; se n\u00e3o fosse assim, eu vo-lo teria dito. Vou preparar-vos lugar.\u201d (Jo\u00e3o 14:2)<\/strong><\/p>\n\n\n\n<p class=\"wp-block-paragraph\">Essa promessa \u00e9 para voc\u00ea. Creia, confie e viva com a certeza de que a eternidade ao lado de Deus est\u00e1 garantida!<\/p>\n\n\n\n<p class=\"wp-block-paragraph\"><strong>Voir aussi\u00a0: <a href=\"https:\/\/www.oracaoefe.com\/fr\/por-que-deus-endureceu-o-coracao-de-farao\/\">Por que Deus endureceu o cora\u00e7\u00e3o de Fara\u00f3?<\/a><\/strong><\/p>\n\n\n\n<p class=\"wp-block-paragraph\">09 de mar\u00e7o de 2025<\/p>","protected":false},"excerpt":{"rendered":"<p>A morte \u00e9 um dos maiores mist\u00e9rios da vida, mas a B\u00edblia nos d\u00e1 respostas claras sobre o que acontece depois que partimos deste mundo. Para aqueles que confiam em Deus, a morte n\u00e3o \u00e9 o fim, mas o in\u00edcio de uma vida eterna ao lado do Senhor. Um dos vers\u00edculos mais poderosos sobre isso&hellip;&nbsp;<\/p>","protected":false},"author":3,"featured_media":3451,"comment_status":"closed","ping_status":"closed","sticky":false,"template":"","format":"standard","meta":{"neve_meta_sidebar":"","neve_meta_container":"","neve_meta_enable_content_width":"","neve_meta_content_width":0,"neve_meta_title_alignment":"","neve_meta_author_avatar":"","neve_post_elements_order":"","neve_meta_disable_header":"","neve_meta_disable_footer":"","neve_meta_disable_title":"","footnotes":""},"categories":[1],"tags":[],"class_list":["post-3450","post","type-post","status-publish","format-standard","has-post-thumbnail","hentry","category-curiosidades"],"yoast_head":"<!-- This site is optimized with the Yoast SEO plugin v28.4 - https:\/\/yoast.com\/product\/yoast-seo-wordpress\/ -->\n<title>Vers\u00edculos sobre morte e vida eterna - Ora\u00e7\u00e3o e F\u00e9<\/title>\n<meta name=\"description\" content=\"Deus tem pra voc\u00ea uma palavra de vida!\" \/>\n<meta name=\"robots\" content=\"index, follow, max-snippet:-1, max-image-preview:large, max-video-preview:-1\" \/>\n<link rel=\"canonical\" href=\"https:\/\/www.oracaoefe.com\/fr\/versiculos-sobre-morte-e-vida-eterna\/\" \/>\n<meta property=\"og:locale\" content=\"fr_FR\" \/>\n<meta property=\"og:type\" content=\"article\" \/>\n<meta property=\"og:title\" content=\"Vers\u00edculos sobre morte e vida eterna - Ora\u00e7\u00e3o e F\u00e9\" \/>\n<meta property=\"og:description\" content=\"Deus tem pra voc\u00ea uma palavra de vida!\" \/>\n<meta property=\"og:url\" content=\"https:\/\/www.oracaoefe.com\/fr\/versiculos-sobre-morte-e-vida-eterna\/\" \/>\n<meta property=\"og:site_name\" content=\"Ora\u00e7\u00e3o e F\u00e9\" \/>\n<meta property=\"article:published_time\" content=\"2025-03-09T09:00:00+00:00\" \/>\n<meta property=\"article:modified_time\" content=\"2025-12-16T16:11:17+00:00\" \/>\n<meta property=\"og:image\" content=\"https:\/\/www.oracaoefe.com\/wp-content\/uploads\/2025\/02\/image-5-1024x585.png\" \/>\n\t<meta property=\"og:image:width\" content=\"1024\" \/>\n\t<meta property=\"og:image:height\" content=\"585\" \/>\n\t<meta property=\"og:image:type\" content=\"image\/png\" \/>\n<meta name=\"author\" content=\"Michele Azevedo\" \/>\n<meta name=\"twitter:card\" content=\"summary_large_image\" \/>\n<meta name=\"twitter:label1\" content=\"\u00c9crit par\" \/>\n\t<meta name=\"twitter:data1\" content=\"Michele Azevedo\" \/>\n\t<meta name=\"twitter:label2\" content=\"Dur\u00e9e de lecture estim\u00e9e\" \/>\n\t<meta name=\"twitter:data2\" content=\"5 minutes\" \/>\n<script type=\"application\/ld+json\" class=\"yoast-schema-graph\">{\"@context\":\"https:\\\/\\\/schema.org\",\"@graph\":[{\"@type\":\"Article\",\"@id\":\"https:\\\/\\\/www.oracaoefe.com\\\/versiculos-sobre-morte-e-vida-eterna\\\/#article\",\"isPartOf\":{\"@id\":\"https:\\\/\\\/www.oracaoefe.com\\\/versiculos-sobre-morte-e-vida-eterna\\\/\"},\"author\":{\"name\":\"Michele Azevedo\",\"@id\":\"https:\\\/\\\/www.oracaoefe.com\\\/#\\\/schema\\\/person\\\/17283c669442cf005c4d5bb58adfb7f5\"},\"headline\":\"Vers\u00edculos sobre morte e vida eterna\",\"datePublished\":\"2025-03-09T09:00:00+00:00\",\"dateModified\":\"2025-12-16T16:11:17+00:00\",\"mainEntityOfPage\":{\"@id\":\"https:\\\/\\\/www.oracaoefe.com\\\/versiculos-sobre-morte-e-vida-eterna\\\/\"},\"wordCount\":972,\"image\":{\"@id\":\"https:\\\/\\\/www.oracaoefe.com\\\/versiculos-sobre-morte-e-vida-eterna\\\/#primaryimage\"},\"thumbnailUrl\":\"https:\\\/\\\/www.oracaoefe.com\\\/wp-content\\\/uploads\\\/2025\\\/02\\\/image-5.png\",\"articleSection\":[\"Curiosidades\"],\"inLanguage\":\"fr-FR\"},{\"@type\":\"WebPage\",\"@id\":\"https:\\\/\\\/www.oracaoefe.com\\\/versiculos-sobre-morte-e-vida-eterna\\\/\",\"url\":\"https:\\\/\\\/www.oracaoefe.com\\\/versiculos-sobre-morte-e-vida-eterna\\\/\",\"name\":\"Vers\u00edculos sobre morte e vida eterna - Ora\u00e7\u00e3o e F\u00e9\",\"isPartOf\":{\"@id\":\"https:\\\/\\\/www.oracaoefe.com\\\/#website\"},\"primaryImageOfPage\":{\"@id\":\"https:\\\/\\\/www.oracaoefe.com\\\/versiculos-sobre-morte-e-vida-eterna\\\/#primaryimage\"},\"image\":{\"@id\":\"https:\\\/\\\/www.oracaoefe.com\\\/versiculos-sobre-morte-e-vida-eterna\\\/#primaryimage\"},\"thumbnailUrl\":\"https:\\\/\\\/www.oracaoefe.com\\\/wp-content\\\/uploads\\\/2025\\\/02\\\/image-5.png\",\"datePublished\":\"2025-03-09T09:00:00+00:00\",\"dateModified\":\"2025-12-16T16:11:17+00:00\",\"author\":{\"@id\":\"https:\\\/\\\/www.oracaoefe.com\\\/#\\\/schema\\\/person\\\/17283c669442cf005c4d5bb58adfb7f5\"},\"description\":\"Deus tem pra voc\u00ea uma palavra de vida!\",\"breadcrumb\":{\"@id\":\"https:\\\/\\\/www.oracaoefe.com\\\/versiculos-sobre-morte-e-vida-eterna\\\/#breadcrumb\"},\"inLanguage\":\"fr-FR\",\"potentialAction\":[{\"@type\":\"ReadAction\",\"target\":[\"https:\\\/\\\/www.oracaoefe.com\\\/versiculos-sobre-morte-e-vida-eterna\\\/\"]}]},{\"@type\":\"ImageObject\",\"inLanguage\":\"fr-FR\",\"@id\":\"https:\\\/\\\/www.oracaoefe.com\\\/versiculos-sobre-morte-e-vida-eterna\\\/#primaryimage\",\"url\":\"https:\\\/\\\/www.oracaoefe.com\\\/wp-content\\\/uploads\\\/2025\\\/02\\\/image-5.png\",\"contentUrl\":\"https:\\\/\\\/www.oracaoefe.com\\\/wp-content\\\/uploads\\\/2025\\\/02\\\/image-5.png\",\"width\":1792,\"height\":1024},{\"@type\":\"BreadcrumbList\",\"@id\":\"https:\\\/\\\/www.oracaoefe.com\\\/versiculos-sobre-morte-e-vida-eterna\\\/#breadcrumb\",\"itemListElement\":[{\"@type\":\"ListItem\",\"position\":1,\"name\":\"Home\",\"item\":\"https:\\\/\\\/www.oracaoefe.com\\\/\"},{\"@type\":\"ListItem\",\"position\":2,\"name\":\"Curiosidades\",\"item\":\"https:\\\/\\\/www.oracaoefe.com\\\/es\\\/categoria\\\/curiosidades\\\/\"},{\"@type\":\"ListItem\",\"position\":3,\"name\":\"Vers\u00edculos sobre morte e vida eterna\"}]},{\"@type\":\"WebSite\",\"@id\":\"https:\\\/\\\/www.oracaoefe.com\\\/#website\",\"url\":\"https:\\\/\\\/www.oracaoefe.com\\\/\",\"name\":\"Ora\u00e7\u00e3o e F\u00e9\",\"description\":\"\",\"potentialAction\":[{\"@type\":\"SearchAction\",\"target\":{\"@type\":\"EntryPoint\",\"urlTemplate\":\"https:\\\/\\\/www.oracaoefe.com\\\/?s={search_term_string}\"},\"query-input\":{\"@type\":\"PropertyValueSpecification\",\"valueRequired\":true,\"valueName\":\"search_term_string\"}}],\"inLanguage\":\"fr-FR\"},{\"@type\":\"Person\",\"@id\":\"https:\\\/\\\/www.oracaoefe.com\\\/#\\\/schema\\\/person\\\/17283c669442cf005c4d5bb58adfb7f5\",\"name\":\"Michele Azevedo\",\"image\":{\"@type\":\"ImageObject\",\"inLanguage\":\"fr-FR\",\"@id\":\"https:\\\/\\\/secure.gravatar.com\\\/avatar\\\/6b0eb9d22841282815e2cd856a0061c45e1761cd54b22e952d98c4746939aa85?s=96&d=mm&r=g\",\"url\":\"https:\\\/\\\/secure.gravatar.com\\\/avatar\\\/6b0eb9d22841282815e2cd856a0061c45e1761cd54b22e952d98c4746939aa85?s=96&d=mm&r=g\",\"contentUrl\":\"https:\\\/\\\/secure.gravatar.com\\\/avatar\\\/6b0eb9d22841282815e2cd856a0061c45e1761cd54b22e952d98c4746939aa85?s=96&d=mm&r=g\",\"caption\":\"Michele Azevedo\"},\"description\":\"Formada em Letras - Portugu\u00eas\\\/ Ingl\u00eas pela Universidade Estadual de Ponta Grossa (UEPG), p\u00f3s-graduada em Arte na Educa\u00e7\u00e3o (FAPI) e Psicopedagogia Escolar (FAPI), idealizadora e propriet\u00e1ria do site Escritora de Sucesso, possui experi\u00eancia em escrita para blogs em geral e atua como redatora e revisora dos conte\u00fados do Ora\u00e7\u00e3o e F\u00e9.\",\"url\":\"https:\\\/\\\/www.oracaoefe.com\\\/fr\\\/author\\\/michele-azevedo\\\/\"}]}<\/script>\n<!-- \/ Yoast SEO plugin. -->","yoast_head_json":{"title":"Vers\u00edculos sobre morte e vida eterna - Ora\u00e7\u00e3o e F\u00e9","description":"Dieu a une parole de vie pour vous !","robots":{"index":"index","follow":"follow","max-snippet":"max-snippet:-1","max-image-preview":"max-image-preview:large","max-video-preview":"max-video-preview:-1"},"canonical":"https:\/\/www.oracaoefe.com\/fr\/versiculos-sobre-morte-e-vida-eterna\/","og_locale":"fr_FR","og_type":"article","og_title":"Vers\u00edculos sobre morte e vida eterna - Ora\u00e7\u00e3o e F\u00e9","og_description":"Deus tem pra voc\u00ea uma palavra de vida!","og_url":"https:\/\/www.oracaoefe.com\/fr\/versiculos-sobre-morte-e-vida-eterna\/","og_site_name":"Ora\u00e7\u00e3o e F\u00e9","article_published_time":"2025-03-09T09:00:00+00:00","article_modified_time":"2025-12-16T16:11:17+00:00","og_image":[{"width":1024,"height":585,"url":"https:\/\/www.oracaoefe.com\/wp-content\/uploads\/2025\/02\/image-5-1024x585.png","type":"image\/png"}],"author":"Michele Azevedo","twitter_card":"summary_large_image","twitter_misc":{"\u00c9crit par":"Michele Azevedo","Dur\u00e9e de lecture estim\u00e9e":"5 minutes"},"schema":{"@context":"https:\/\/schema.org","@graph":[{"@type":"Article","@id":"https:\/\/www.oracaoefe.com\/versiculos-sobre-morte-e-vida-eterna\/#article","isPartOf":{"@id":"https:\/\/www.oracaoefe.com\/versiculos-sobre-morte-e-vida-eterna\/"},"author":{"name":"Michele Azevedo","@id":"https:\/\/www.oracaoefe.com\/#\/schema\/person\/17283c669442cf005c4d5bb58adfb7f5"},"headline":"Vers\u00edculos sobre morte e vida eterna","datePublished":"2025-03-09T09:00:00+00:00","dateModified":"2025-12-16T16:11:17+00:00","mainEntityOfPage":{"@id":"https:\/\/www.oracaoefe.com\/versiculos-sobre-morte-e-vida-eterna\/"},"wordCount":972,"image":{"@id":"https:\/\/www.oracaoefe.com\/versiculos-sobre-morte-e-vida-eterna\/#primaryimage"},"thumbnailUrl":"https:\/\/www.oracaoefe.com\/wp-content\/uploads\/2025\/02\/image-5.png","articleSection":["Curiosidades"],"inLanguage":"fr-FR"},{"@type":"WebPage","@id":"https:\/\/www.oracaoefe.com\/versiculos-sobre-morte-e-vida-eterna\/","url":"https:\/\/www.oracaoefe.com\/versiculos-sobre-morte-e-vida-eterna\/","name":"Vers\u00edculos sobre morte e vida eterna - Ora\u00e7\u00e3o e F\u00e9","isPartOf":{"@id":"https:\/\/www.oracaoefe.com\/#website"},"primaryImageOfPage":{"@id":"https:\/\/www.oracaoefe.com\/versiculos-sobre-morte-e-vida-eterna\/#primaryimage"},"image":{"@id":"https:\/\/www.oracaoefe.com\/versiculos-sobre-morte-e-vida-eterna\/#primaryimage"},"thumbnailUrl":"https:\/\/www.oracaoefe.com\/wp-content\/uploads\/2025\/02\/image-5.png","datePublished":"2025-03-09T09:00:00+00:00","dateModified":"2025-12-16T16:11:17+00:00","author":{"@id":"https:\/\/www.oracaoefe.com\/#\/schema\/person\/17283c669442cf005c4d5bb58adfb7f5"},"description":"Dieu a une parole de vie pour vous !","breadcrumb":{"@id":"https:\/\/www.oracaoefe.com\/versiculos-sobre-morte-e-vida-eterna\/#breadcrumb"},"inLanguage":"fr-FR","potentialAction":[{"@type":"ReadAction","target":["https:\/\/www.oracaoefe.com\/versiculos-sobre-morte-e-vida-eterna\/"]}]},{"@type":"ImageObject","inLanguage":"fr-FR","@id":"https:\/\/www.oracaoefe.com\/versiculos-sobre-morte-e-vida-eterna\/#primaryimage","url":"https:\/\/www.oracaoefe.com\/wp-content\/uploads\/2025\/02\/image-5.png","contentUrl":"https:\/\/www.oracaoefe.com\/wp-content\/uploads\/2025\/02\/image-5.png","width":1792,"height":1024},{"@type":"BreadcrumbList","@id":"https:\/\/www.oracaoefe.com\/versiculos-sobre-morte-e-vida-eterna\/#breadcrumb","itemListElement":[{"@type":"ListItem","position":1,"name":"Home","item":"https:\/\/www.oracaoefe.com\/"},{"@type":"ListItem","position":2,"name":"Curiosidades","item":"https:\/\/www.oracaoefe.com\/es\/categoria\/curiosidades\/"},{"@type":"ListItem","position":3,"name":"Vers\u00edculos sobre morte e vida eterna"}]},{"@type":"WebSite","@id":"https:\/\/www.oracaoefe.com\/#website","url":"https:\/\/www.oracaoefe.com\/","name":"Pri\u00e8re et foi","description":"","potentialAction":[{"@type":"SearchAction","target":{"@type":"EntryPoint","urlTemplate":"https:\/\/www.oracaoefe.com\/?s={search_term_string}"},"query-input":{"@type":"PropertyValueSpecification","valueRequired":true,"valueName":"search_term_string"}}],"inLanguage":"fr-FR"},{"@type":"Person","@id":"https:\/\/www.oracaoefe.com\/#\/schema\/person\/17283c669442cf005c4d5bb58adfb7f5","name":"Michele Azevedo","image":{"@type":"ImageObject","inLanguage":"fr-FR","@id":"https:\/\/secure.gravatar.com\/avatar\/6b0eb9d22841282815e2cd856a0061c45e1761cd54b22e952d98c4746939aa85?s=96&d=mm&r=g","url":"https:\/\/secure.gravatar.com\/avatar\/6b0eb9d22841282815e2cd856a0061c45e1761cd54b22e952d98c4746939aa85?s=96&d=mm&r=g","contentUrl":"https:\/\/secure.gravatar.com\/avatar\/6b0eb9d22841282815e2cd856a0061c45e1761cd54b22e952d98c4746939aa85?s=96&d=mm&r=g","caption":"Michele Azevedo"},"description":"Dipl\u00f4m\u00e9e en litt\u00e9rature portugaise\/anglaise de l&#039;Universit\u00e9 d&#039;\u00c9tat de Ponta Grossa (UEPG), avec des dipl\u00f4mes de troisi\u00e8me cycle en art dans l&#039;\u00e9ducation (FAPI) et en psychop\u00e9dagogie scolaire (FAPI), elle est la cr\u00e9atrice et propri\u00e9taire du site web Escritora de Sucesso, a de l&#039;exp\u00e9rience dans l&#039;\u00e9criture pour les blogs en g\u00e9n\u00e9ral et travaille comme r\u00e9dactrice et \u00e9ditrice du contenu pour Ora\u00e7\u00e3o e F\u00e9.","url":"https:\/\/www.oracaoefe.com\/fr\/author\/michele-azevedo\/"}]}},"_links":{"self":[{"href":"https:\/\/www.oracaoefe.com\/fr\/wp-json\/wp\/v2\/posts\/3450","targetHints":{"allow":["GET"]}}],"collection":[{"href":"https:\/\/www.oracaoefe.com\/fr\/wp-json\/wp\/v2\/posts"}],"about":[{"href":"https:\/\/www.oracaoefe.com\/fr\/wp-json\/wp\/v2\/types\/post"}],"author":[{"embeddable":true,"href":"https:\/\/www.oracaoefe.com\/fr\/wp-json\/wp\/v2\/users\/3"}],"replies":[{"embeddable":true,"href":"https:\/\/www.oracaoefe.com\/fr\/wp-json\/wp\/v2\/comments?post=3450"}],"version-history":[{"count":2,"href":"https:\/\/www.oracaoefe.com\/fr\/wp-json\/wp\/v2\/posts\/3450\/revisions"}],"predecessor-version":[{"id":3463,"href":"https:\/\/www.oracaoefe.com\/fr\/wp-json\/wp\/v2\/posts\/3450\/revisions\/3463"}],"wp:featuredmedia":[{"embeddable":true,"href":"https:\/\/www.oracaoefe.com\/fr\/wp-json\/wp\/v2\/media\/3451"}],"wp:attachment":[{"href":"https:\/\/www.oracaoefe.com\/fr\/wp-json\/wp\/v2\/media?parent=3450"}],"wp:term":[{"taxonomy":"category","embeddable":true,"href":"https:\/\/www.oracaoefe.com\/fr\/wp-json\/wp\/v2\/categories?post=3450"},{"taxonomy":"post_tag","embeddable":true,"href":"https:\/\/www.oracaoefe.com\/fr\/wp-json\/wp\/v2\/tags?post=3450"}],"curies":[{"name":"wp","href":"https:\/\/api.w.org\/{rel}","templated":true}]}}