{"id":3444,"date":"2025-03-03T06:00:00","date_gmt":"2025-03-03T09:00:00","guid":{"rendered":"https:\/\/www.oracaoefe.com\/?p=3444"},"modified":"2025-02-22T19:42:31","modified_gmt":"2025-02-22T22:42:31","slug":"oracao-de-nossa-senhora-de-lourdes","status":"publish","type":"post","link":"https:\/\/www.oracaoefe.com\/fr\/oracao-de-nossa-senhora-de-lourdes\/","title":{"rendered":"Ora\u00e7\u00e3o de Nossa Senhora de Lourdes"},"content":{"rendered":"<p class=\"wp-block-paragraph\">A ora\u00e7\u00e3o a Nossa Senhora de Lourdes \u00e9 um ref\u00fagio para aqueles que buscam conforto, cura e prote\u00e7\u00e3o. Conhecida como a padroeira dos enfermos, ela apareceu em 1858 a uma jovem chamada Bernadette Soubirous, em Lourdes, na Fran\u00e7a, deixando uma mensagem de f\u00e9 e esperan\u00e7a. Desde ent\u00e3o, sua intercess\u00e3o tem sido procurada por milh\u00f5es de fi\u00e9is ao redor do mundo.<\/p>\n\n\n\n<p class=\"wp-block-paragraph\">Se voc\u00ea precisa de uma b\u00ean\u00e7\u00e3o, seja para a sa\u00fade, paz no cora\u00e7\u00e3o ou qualquer outra necessidade, essa ora\u00e7\u00e3o pode trazer al\u00edvio e fortalecer sua conex\u00e3o com Deus.<\/p>\n\n\n\n<figure class=\"wp-block-image size-large\"><img loading=\"lazy\" decoding=\"async\" width=\"1024\" height=\"585\" src=\"https:\/\/www.oracaoefe.com\/wp-content\/uploads\/2025\/02\/image-3-1024x585.png\" alt=\"\" class=\"wp-image-3445\" srcset=\"https:\/\/www.oracaoefe.com\/wp-content\/uploads\/2025\/02\/image-3-1024x585.png 1024w, https:\/\/www.oracaoefe.com\/wp-content\/uploads\/2025\/02\/image-3-300x171.png 300w, https:\/\/www.oracaoefe.com\/wp-content\/uploads\/2025\/02\/image-3-768x439.png 768w, https:\/\/www.oracaoefe.com\/wp-content\/uploads\/2025\/02\/image-3-1536x878.png 1536w, https:\/\/www.oracaoefe.com\/wp-content\/uploads\/2025\/02\/image-3-18x10.png 18w, https:\/\/www.oracaoefe.com\/wp-content\/uploads\/2025\/02\/image-3.png 1792w\" sizes=\"auto, (max-width: 1024px) 100vw, 1024px\" \/><\/figure>\n\n\n\n<h2 class=\"wp-block-heading\"><strong>Ora\u00e7\u00e3o de Nossa Senhora de Lourdes<\/strong><\/h2>\n\n\n\n<p class=\"wp-block-paragraph\"><em>&#8220;\u00d3 Virgem pur\u00edssima, Nossa Senhora de Lourdes, que vos dignastes aparecer a Santa Bernadette no lugar solit\u00e1rio da gruta para recordar ao mundo as maravilhas da ora\u00e7\u00e3o e da penit\u00eancia, eu vos pe\u00e7o com toda a confian\u00e7a e amor: ouvi minhas s\u00faplicas!<\/em><\/p>\n\n\n\n<p class=\"wp-block-paragraph\"><em>Concedei-me, Senhora, a gra\u00e7a que ardentemente desejo (fazer o pedido), se for para o bem de minha alma. Nossa Senhora de Lourdes, M\u00e3e de miseric\u00f3rdia, sa\u00fade dos enfermos, ref\u00fagio dos pecadores, consoladora dos aflitos, v\u00f3s conheceis minhas necessidades e sofrimentos; dignai-vos lan\u00e7ar sobre mim um olhar de bondade e interceder por mim junto a vosso Divino Filho.<\/em><\/p>\n\n\n\n<p class=\"wp-block-paragraph\"><em>\u00d3 M\u00e3e amada, dai-me coragem nos momentos dif\u00edceis, fortalecei minha f\u00e9 e ajudai-me a seguir os caminhos do Evangelho. Am\u00e9m.\u201d<\/em><\/p>\n\n\n\n<h2 class=\"wp-block-heading\"><strong>A hist\u00f3ria das apari\u00e7\u00f5es em Lourdes<\/strong><\/h2>\n\n\n\n<p class=\"wp-block-paragraph\">A devo\u00e7\u00e3o a Nossa Senhora de Lourdes come\u00e7ou em 1858, quando a Virgem Maria apareceu a Santa Bernadette Soubirous, uma jovem humilde de 14 anos. Durante 18 apari\u00e7\u00f5es, Nossa Senhora revelou mensagens de f\u00e9, incentivando a ora\u00e7\u00e3o e a penit\u00eancia.<\/p>\n\n\n\n<p class=\"wp-block-paragraph\">Em uma dessas apari\u00e7\u00f5es, Maria indicou uma fonte de \u00e1gua milagrosa, onde in\u00fameros fi\u00e9is relataram curas inexplic\u00e1veis. At\u00e9 hoje, Lourdes \u00e9 um dos maiores destinos de peregrina\u00e7\u00e3o do mundo, atraindo milh\u00f5es de pessoas que buscam b\u00ean\u00e7\u00e3os e milagres.<\/p>\n\n\n\n<h2 class=\"wp-block-heading\"><strong>Por que rezar para Nossa Senhora de Lourdes?<\/strong><\/h2>\n\n\n\n<p class=\"wp-block-paragraph\">Nossa Senhora de Lourdes \u00e9 um s\u00edmbolo de amor e compaix\u00e3o, especialmente para aqueles que sofrem com doen\u00e7as f\u00edsicas e espirituais. Sua intercess\u00e3o \u00e9 procurada por fi\u00e9is que buscam:<\/p>\n\n\n\n<p class=\"wp-block-paragraph\">1# <strong>Cura f\u00edsica e espiritual<\/strong> \u2013 Muitos recorrem a essa ora\u00e7\u00e3o pedindo sa\u00fade e for\u00e7a para enfrentar desafios.<\/p>\n\n\n\n<p class=\"wp-block-paragraph\">2# <strong>Prote\u00e7\u00e3o e paz<\/strong> \u2013 Em momentos de dificuldades, pedir sua intercess\u00e3o traz consolo e esperan\u00e7a.<\/p>\n\n\n\n<p class=\"wp-block-paragraph\">3# <strong>Fortalecimento da f\u00e9<\/strong> \u2013 A ora\u00e7\u00e3o nos aproxima de Deus e renova nossa confian\u00e7a na provid\u00eancia divina.<\/p>\n\n\n\n<h2 class=\"wp-block-heading\"><strong>Como incluir essa ora\u00e7\u00e3o no seu dia a dia?<\/strong><\/h2>\n\n\n\n<p class=\"wp-block-paragraph\">Se deseja fortalecer sua devo\u00e7\u00e3o a Nossa Senhora de Lourdes, aqui est\u00e3o algumas formas de incluir essa ora\u00e7\u00e3o na sua rotina:<\/p>\n\n\n\n<ul class=\"wp-block-list\">\n<li><strong>Reze ao acordar e antes de dormir<\/strong>, entregando seu dia e suas preocupa\u00e7\u00f5es a Maria.<\/li>\n\n\n\n<li><strong>Acenda uma vela e medite na ora\u00e7\u00e3o<\/strong>, buscando um momento de paz e conex\u00e3o espiritual.<\/li>\n\n\n\n<li><strong>Visite um santu\u00e1rio ou igreja dedicada a Nossa Senhora de Lourdes<\/strong> e fa\u00e7a seu pedido com f\u00e9.<\/li>\n\n\n\n<li><strong>No Dia de Nossa Senhora de Lourdes (11 de fevereiro), fa\u00e7a uma ora\u00e7\u00e3o especial<\/strong>, agradecendo por todas as b\u00ean\u00e7\u00e3os recebidas.<\/li>\n<\/ul>\n\n\n\n<h2 class=\"wp-block-heading\"><strong>Milagres de Nossa Senhora de Lourdes<\/strong><\/h2>\n\n\n\n<p class=\"wp-block-paragraph\">Ao longo dos anos, diversos relatos de milagres foram registrados em Lourdes. Pessoas que estavam desenganadas pela medicina relataram curas surpreendentes ap\u00f3s entrarem em contato com a \u00e1gua da fonte sagrada.<\/p>\n\n\n\n<p class=\"wp-block-paragraph\">A Igreja Cat\u00f3lica reconheceu oficialmente v\u00e1rias dessas curas como milagrosas, sempre ap\u00f3s rigorosos estudos m\u00e9dicos. Esses testemunhos refor\u00e7am a f\u00e9 e a cren\u00e7a de que Nossa Senhora intercede por aqueles que nela confiam.<\/p>\n\n\n\n<h2 class=\"wp-block-heading\"><strong>Reflex\u00e3o Final<\/strong><\/h2>\n\n\n\n<p class=\"wp-block-paragraph\">A ora\u00e7\u00e3o de Nossa Senhora de Lourdes \u00e9 um convite \u00e0 f\u00e9, ao amor e \u00e0 confian\u00e7a em Deus. Seja qual for a sua necessidade, entregue-a com sinceridade e esperan\u00e7a, pois Maria, como M\u00e3e, jamais abandona aqueles que recorrem a ela.<\/p>\n\n\n\n<p class=\"wp-block-paragraph\">Se voc\u00ea sente que precisa de um milagre, uma b\u00ean\u00e7\u00e3o ou simplesmente um momento de paz, que tal fazer essa ora\u00e7\u00e3o agora mesmo? Nossa Senhora de Lourdes est\u00e1 sempre pronta para ouvir seu cora\u00e7\u00e3o.<\/p>\n\n\n\n<p class=\"wp-block-paragraph\"><strong>Voir aussi\u00a0: <a href=\"https:\/\/www.oracaoefe.com\/fr\/por-que-deus-endureceu-o-coracao-de-farao\/\">Por que Deus endureceu o cora\u00e7\u00e3o de Fara\u00f3?<\/a><\/strong><\/p>\n\n\n\n<p class=\"wp-block-paragraph\">03 de mar\u00e7o de 2025<\/p>","protected":false},"excerpt":{"rendered":"<p>A ora\u00e7\u00e3o a Nossa Senhora de Lourdes \u00e9 um ref\u00fagio para aqueles que buscam conforto, cura e prote\u00e7\u00e3o. Conhecida como a padroeira dos enfermos, ela apareceu em 1858 a uma jovem chamada Bernadette Soubirous, em Lourdes, na Fran\u00e7a, deixando uma mensagem de f\u00e9 e esperan\u00e7a. Desde ent\u00e3o, sua intercess\u00e3o tem sido procurada por milh\u00f5es de&hellip;&nbsp;<\/p>","protected":false},"author":3,"featured_media":3445,"comment_status":"closed","ping_status":"closed","sticky":false,"template":"","format":"standard","meta":{"neve_meta_sidebar":"","neve_meta_container":"","neve_meta_enable_content_width":"","neve_meta_content_width":0,"neve_meta_title_alignment":"","neve_meta_author_avatar":"","neve_post_elements_order":"","neve_meta_disable_header":"","neve_meta_disable_footer":"","neve_meta_disable_title":"","footnotes":""},"categories":[2],"tags":[],"class_list":["post-3444","post","type-post","status-publish","format-standard","has-post-thumbnail","hentry","category-oracao"],"yoast_head":"<!-- This site is optimized with the Yoast SEO plugin v28.4 - https:\/\/yoast.com\/product\/yoast-seo-wordpress\/ -->\n<title>Ora\u00e7\u00e3o de Nossa Senhora de Lourdes - Ora\u00e7\u00e3o e F\u00e9<\/title>\n<meta name=\"description\" content=\"Deus tem pra voc\u00ea uma palavra de vida!\" \/>\n<meta name=\"robots\" content=\"index, follow, max-snippet:-1, max-image-preview:large, max-video-preview:-1\" \/>\n<link rel=\"canonical\" href=\"https:\/\/www.oracaoefe.com\/fr\/oracao-de-nossa-senhora-de-lourdes\/\" \/>\n<meta property=\"og:locale\" content=\"fr_FR\" \/>\n<meta property=\"og:type\" content=\"article\" \/>\n<meta property=\"og:title\" content=\"Ora\u00e7\u00e3o de Nossa Senhora de Lourdes - Ora\u00e7\u00e3o e F\u00e9\" \/>\n<meta property=\"og:description\" content=\"Deus tem pra voc\u00ea uma palavra de vida!\" \/>\n<meta property=\"og:url\" content=\"https:\/\/www.oracaoefe.com\/fr\/oracao-de-nossa-senhora-de-lourdes\/\" \/>\n<meta property=\"og:site_name\" content=\"Ora\u00e7\u00e3o e F\u00e9\" \/>\n<meta property=\"article:published_time\" content=\"2025-03-03T09:00:00+00:00\" \/>\n<meta property=\"og:image\" content=\"https:\/\/www.oracaoefe.com\/wp-content\/uploads\/2025\/02\/image-3-1024x585.png\" \/>\n\t<meta property=\"og:image:width\" content=\"1024\" \/>\n\t<meta property=\"og:image:height\" content=\"585\" \/>\n\t<meta property=\"og:image:type\" content=\"image\/png\" \/>\n<meta name=\"author\" content=\"Michele Azevedo\" \/>\n<meta name=\"twitter:card\" content=\"summary_large_image\" \/>\n<meta name=\"twitter:label1\" content=\"\u00c9crit par\" \/>\n\t<meta name=\"twitter:data1\" content=\"Michele Azevedo\" \/>\n\t<meta name=\"twitter:label2\" content=\"Dur\u00e9e de lecture estim\u00e9e\" \/>\n\t<meta name=\"twitter:data2\" content=\"4 minutes\" \/>\n<script type=\"application\/ld+json\" class=\"yoast-schema-graph\">{\"@context\":\"https:\\\/\\\/schema.org\",\"@graph\":[{\"@type\":\"Article\",\"@id\":\"https:\\\/\\\/www.oracaoefe.com\\\/oracao-de-nossa-senhora-de-lourdes\\\/#article\",\"isPartOf\":{\"@id\":\"https:\\\/\\\/www.oracaoefe.com\\\/oracao-de-nossa-senhora-de-lourdes\\\/\"},\"author\":{\"name\":\"Michele Azevedo\",\"@id\":\"https:\\\/\\\/www.oracaoefe.com\\\/#\\\/schema\\\/person\\\/17283c669442cf005c4d5bb58adfb7f5\"},\"headline\":\"Ora\u00e7\u00e3o de Nossa Senhora de Lourdes\",\"datePublished\":\"2025-03-03T09:00:00+00:00\",\"mainEntityOfPage\":{\"@id\":\"https:\\\/\\\/www.oracaoefe.com\\\/oracao-de-nossa-senhora-de-lourdes\\\/\"},\"wordCount\":727,\"image\":{\"@id\":\"https:\\\/\\\/www.oracaoefe.com\\\/oracao-de-nossa-senhora-de-lourdes\\\/#primaryimage\"},\"thumbnailUrl\":\"https:\\\/\\\/www.oracaoefe.com\\\/wp-content\\\/uploads\\\/2025\\\/02\\\/image-3.png\",\"articleSection\":[\"Ora\u00e7\u00e3o\"],\"inLanguage\":\"fr-FR\"},{\"@type\":\"WebPage\",\"@id\":\"https:\\\/\\\/www.oracaoefe.com\\\/oracao-de-nossa-senhora-de-lourdes\\\/\",\"url\":\"https:\\\/\\\/www.oracaoefe.com\\\/oracao-de-nossa-senhora-de-lourdes\\\/\",\"name\":\"Ora\u00e7\u00e3o de Nossa Senhora de Lourdes - Ora\u00e7\u00e3o e F\u00e9\",\"isPartOf\":{\"@id\":\"https:\\\/\\\/www.oracaoefe.com\\\/#website\"},\"primaryImageOfPage\":{\"@id\":\"https:\\\/\\\/www.oracaoefe.com\\\/oracao-de-nossa-senhora-de-lourdes\\\/#primaryimage\"},\"image\":{\"@id\":\"https:\\\/\\\/www.oracaoefe.com\\\/oracao-de-nossa-senhora-de-lourdes\\\/#primaryimage\"},\"thumbnailUrl\":\"https:\\\/\\\/www.oracaoefe.com\\\/wp-content\\\/uploads\\\/2025\\\/02\\\/image-3.png\",\"datePublished\":\"2025-03-03T09:00:00+00:00\",\"author\":{\"@id\":\"https:\\\/\\\/www.oracaoefe.com\\\/#\\\/schema\\\/person\\\/17283c669442cf005c4d5bb58adfb7f5\"},\"description\":\"Deus tem pra voc\u00ea uma palavra de vida!\",\"breadcrumb\":{\"@id\":\"https:\\\/\\\/www.oracaoefe.com\\\/oracao-de-nossa-senhora-de-lourdes\\\/#breadcrumb\"},\"inLanguage\":\"fr-FR\",\"potentialAction\":[{\"@type\":\"ReadAction\",\"target\":[\"https:\\\/\\\/www.oracaoefe.com\\\/oracao-de-nossa-senhora-de-lourdes\\\/\"]}]},{\"@type\":\"ImageObject\",\"inLanguage\":\"fr-FR\",\"@id\":\"https:\\\/\\\/www.oracaoefe.com\\\/oracao-de-nossa-senhora-de-lourdes\\\/#primaryimage\",\"url\":\"https:\\\/\\\/www.oracaoefe.com\\\/wp-content\\\/uploads\\\/2025\\\/02\\\/image-3.png\",\"contentUrl\":\"https:\\\/\\\/www.oracaoefe.com\\\/wp-content\\\/uploads\\\/2025\\\/02\\\/image-3.png\",\"width\":1792,\"height\":1024},{\"@type\":\"BreadcrumbList\",\"@id\":\"https:\\\/\\\/www.oracaoefe.com\\\/oracao-de-nossa-senhora-de-lourdes\\\/#breadcrumb\",\"itemListElement\":[{\"@type\":\"ListItem\",\"position\":1,\"name\":\"Home\",\"item\":\"https:\\\/\\\/www.oracaoefe.com\\\/\"},{\"@type\":\"ListItem\",\"position\":2,\"name\":\"Ora\u00e7\u00e3o\",\"item\":\"https:\\\/\\\/www.oracaoefe.com\\\/category\\\/oracao\\\/\"},{\"@type\":\"ListItem\",\"position\":3,\"name\":\"Ora\u00e7\u00e3o de Nossa Senhora de Lourdes\"}]},{\"@type\":\"WebSite\",\"@id\":\"https:\\\/\\\/www.oracaoefe.com\\\/#website\",\"url\":\"https:\\\/\\\/www.oracaoefe.com\\\/\",\"name\":\"Ora\u00e7\u00e3o e F\u00e9\",\"description\":\"\",\"potentialAction\":[{\"@type\":\"SearchAction\",\"target\":{\"@type\":\"EntryPoint\",\"urlTemplate\":\"https:\\\/\\\/www.oracaoefe.com\\\/?s={search_term_string}\"},\"query-input\":{\"@type\":\"PropertyValueSpecification\",\"valueRequired\":true,\"valueName\":\"search_term_string\"}}],\"inLanguage\":\"fr-FR\"},{\"@type\":\"Person\",\"@id\":\"https:\\\/\\\/www.oracaoefe.com\\\/#\\\/schema\\\/person\\\/17283c669442cf005c4d5bb58adfb7f5\",\"name\":\"Michele Azevedo\",\"image\":{\"@type\":\"ImageObject\",\"inLanguage\":\"fr-FR\",\"@id\":\"https:\\\/\\\/secure.gravatar.com\\\/avatar\\\/6b0eb9d22841282815e2cd856a0061c45e1761cd54b22e952d98c4746939aa85?s=96&d=mm&r=g\",\"url\":\"https:\\\/\\\/secure.gravatar.com\\\/avatar\\\/6b0eb9d22841282815e2cd856a0061c45e1761cd54b22e952d98c4746939aa85?s=96&d=mm&r=g\",\"contentUrl\":\"https:\\\/\\\/secure.gravatar.com\\\/avatar\\\/6b0eb9d22841282815e2cd856a0061c45e1761cd54b22e952d98c4746939aa85?s=96&d=mm&r=g\",\"caption\":\"Michele Azevedo\"},\"description\":\"Formada em Letras - Portugu\u00eas\\\/ Ingl\u00eas pela Universidade Estadual de Ponta Grossa (UEPG), p\u00f3s-graduada em Arte na Educa\u00e7\u00e3o (FAPI) e Psicopedagogia Escolar (FAPI), idealizadora e propriet\u00e1ria do site Escritora de Sucesso, possui experi\u00eancia em escrita para blogs em geral e atua como redatora e revisora dos conte\u00fados do Ora\u00e7\u00e3o e F\u00e9.\",\"url\":\"https:\\\/\\\/www.oracaoefe.com\\\/fr\\\/author\\\/michele-azevedo\\\/\"}]}<\/script>\n<!-- \/ Yoast SEO plugin. -->","yoast_head_json":{"title":"Ora\u00e7\u00e3o de Nossa Senhora de Lourdes - Ora\u00e7\u00e3o e F\u00e9","description":"Dieu a une parole de vie pour vous !","robots":{"index":"index","follow":"follow","max-snippet":"max-snippet:-1","max-image-preview":"max-image-preview:large","max-video-preview":"max-video-preview:-1"},"canonical":"https:\/\/www.oracaoefe.com\/fr\/oracao-de-nossa-senhora-de-lourdes\/","og_locale":"fr_FR","og_type":"article","og_title":"Ora\u00e7\u00e3o de Nossa Senhora de Lourdes - Ora\u00e7\u00e3o e F\u00e9","og_description":"Deus tem pra voc\u00ea uma palavra de vida!","og_url":"https:\/\/www.oracaoefe.com\/fr\/oracao-de-nossa-senhora-de-lourdes\/","og_site_name":"Ora\u00e7\u00e3o e F\u00e9","article_published_time":"2025-03-03T09:00:00+00:00","og_image":[{"width":1024,"height":585,"url":"https:\/\/www.oracaoefe.com\/wp-content\/uploads\/2025\/02\/image-3-1024x585.png","type":"image\/png"}],"author":"Michele Azevedo","twitter_card":"summary_large_image","twitter_misc":{"\u00c9crit par":"Michele Azevedo","Dur\u00e9e de lecture estim\u00e9e":"4 minutes"},"schema":{"@context":"https:\/\/schema.org","@graph":[{"@type":"Article","@id":"https:\/\/www.oracaoefe.com\/oracao-de-nossa-senhora-de-lourdes\/#article","isPartOf":{"@id":"https:\/\/www.oracaoefe.com\/oracao-de-nossa-senhora-de-lourdes\/"},"author":{"name":"Michele Azevedo","@id":"https:\/\/www.oracaoefe.com\/#\/schema\/person\/17283c669442cf005c4d5bb58adfb7f5"},"headline":"Ora\u00e7\u00e3o de Nossa Senhora de Lourdes","datePublished":"2025-03-03T09:00:00+00:00","mainEntityOfPage":{"@id":"https:\/\/www.oracaoefe.com\/oracao-de-nossa-senhora-de-lourdes\/"},"wordCount":727,"image":{"@id":"https:\/\/www.oracaoefe.com\/oracao-de-nossa-senhora-de-lourdes\/#primaryimage"},"thumbnailUrl":"https:\/\/www.oracaoefe.com\/wp-content\/uploads\/2025\/02\/image-3.png","articleSection":["Ora\u00e7\u00e3o"],"inLanguage":"fr-FR"},{"@type":"WebPage","@id":"https:\/\/www.oracaoefe.com\/oracao-de-nossa-senhora-de-lourdes\/","url":"https:\/\/www.oracaoefe.com\/oracao-de-nossa-senhora-de-lourdes\/","name":"Ora\u00e7\u00e3o de Nossa Senhora de Lourdes - Ora\u00e7\u00e3o e F\u00e9","isPartOf":{"@id":"https:\/\/www.oracaoefe.com\/#website"},"primaryImageOfPage":{"@id":"https:\/\/www.oracaoefe.com\/oracao-de-nossa-senhora-de-lourdes\/#primaryimage"},"image":{"@id":"https:\/\/www.oracaoefe.com\/oracao-de-nossa-senhora-de-lourdes\/#primaryimage"},"thumbnailUrl":"https:\/\/www.oracaoefe.com\/wp-content\/uploads\/2025\/02\/image-3.png","datePublished":"2025-03-03T09:00:00+00:00","author":{"@id":"https:\/\/www.oracaoefe.com\/#\/schema\/person\/17283c669442cf005c4d5bb58adfb7f5"},"description":"Dieu a une parole de vie pour vous !","breadcrumb":{"@id":"https:\/\/www.oracaoefe.com\/oracao-de-nossa-senhora-de-lourdes\/#breadcrumb"},"inLanguage":"fr-FR","potentialAction":[{"@type":"ReadAction","target":["https:\/\/www.oracaoefe.com\/oracao-de-nossa-senhora-de-lourdes\/"]}]},{"@type":"ImageObject","inLanguage":"fr-FR","@id":"https:\/\/www.oracaoefe.com\/oracao-de-nossa-senhora-de-lourdes\/#primaryimage","url":"https:\/\/www.oracaoefe.com\/wp-content\/uploads\/2025\/02\/image-3.png","contentUrl":"https:\/\/www.oracaoefe.com\/wp-content\/uploads\/2025\/02\/image-3.png","width":1792,"height":1024},{"@type":"BreadcrumbList","@id":"https:\/\/www.oracaoefe.com\/oracao-de-nossa-senhora-de-lourdes\/#breadcrumb","itemListElement":[{"@type":"ListItem","position":1,"name":"Home","item":"https:\/\/www.oracaoefe.com\/"},{"@type":"ListItem","position":2,"name":"Ora\u00e7\u00e3o","item":"https:\/\/www.oracaoefe.com\/category\/oracao\/"},{"@type":"ListItem","position":3,"name":"Ora\u00e7\u00e3o de Nossa Senhora de Lourdes"}]},{"@type":"WebSite","@id":"https:\/\/www.oracaoefe.com\/#website","url":"https:\/\/www.oracaoefe.com\/","name":"Pri\u00e8re et foi","description":"","potentialAction":[{"@type":"SearchAction","target":{"@type":"EntryPoint","urlTemplate":"https:\/\/www.oracaoefe.com\/?s={search_term_string}"},"query-input":{"@type":"PropertyValueSpecification","valueRequired":true,"valueName":"search_term_string"}}],"inLanguage":"fr-FR"},{"@type":"Person","@id":"https:\/\/www.oracaoefe.com\/#\/schema\/person\/17283c669442cf005c4d5bb58adfb7f5","name":"Michele Azevedo","image":{"@type":"ImageObject","inLanguage":"fr-FR","@id":"https:\/\/secure.gravatar.com\/avatar\/6b0eb9d22841282815e2cd856a0061c45e1761cd54b22e952d98c4746939aa85?s=96&d=mm&r=g","url":"https:\/\/secure.gravatar.com\/avatar\/6b0eb9d22841282815e2cd856a0061c45e1761cd54b22e952d98c4746939aa85?s=96&d=mm&r=g","contentUrl":"https:\/\/secure.gravatar.com\/avatar\/6b0eb9d22841282815e2cd856a0061c45e1761cd54b22e952d98c4746939aa85?s=96&d=mm&r=g","caption":"Michele Azevedo"},"description":"Dipl\u00f4m\u00e9e en litt\u00e9rature portugaise\/anglaise de l&#039;Universit\u00e9 d&#039;\u00c9tat de Ponta Grossa (UEPG), avec des dipl\u00f4mes de troisi\u00e8me cycle en art dans l&#039;\u00e9ducation (FAPI) et en psychop\u00e9dagogie scolaire (FAPI), elle est la cr\u00e9atrice et propri\u00e9taire du site web Escritora de Sucesso, a de l&#039;exp\u00e9rience dans l&#039;\u00e9criture pour les blogs en g\u00e9n\u00e9ral et travaille comme r\u00e9dactrice et \u00e9ditrice du contenu pour Ora\u00e7\u00e3o e F\u00e9.","url":"https:\/\/www.oracaoefe.com\/fr\/author\/michele-azevedo\/"}]}},"_links":{"self":[{"href":"https:\/\/www.oracaoefe.com\/fr\/wp-json\/wp\/v2\/posts\/3444","targetHints":{"allow":["GET"]}}],"collection":[{"href":"https:\/\/www.oracaoefe.com\/fr\/wp-json\/wp\/v2\/posts"}],"about":[{"href":"https:\/\/www.oracaoefe.com\/fr\/wp-json\/wp\/v2\/types\/post"}],"author":[{"embeddable":true,"href":"https:\/\/www.oracaoefe.com\/fr\/wp-json\/wp\/v2\/users\/3"}],"replies":[{"embeddable":true,"href":"https:\/\/www.oracaoefe.com\/fr\/wp-json\/wp\/v2\/comments?post=3444"}],"version-history":[{"count":2,"href":"https:\/\/www.oracaoefe.com\/fr\/wp-json\/wp\/v2\/posts\/3444\/revisions"}],"predecessor-version":[{"id":3461,"href":"https:\/\/www.oracaoefe.com\/fr\/wp-json\/wp\/v2\/posts\/3444\/revisions\/3461"}],"wp:featuredmedia":[{"embeddable":true,"href":"https:\/\/www.oracaoefe.com\/fr\/wp-json\/wp\/v2\/media\/3445"}],"wp:attachment":[{"href":"https:\/\/www.oracaoefe.com\/fr\/wp-json\/wp\/v2\/media?parent=3444"}],"wp:term":[{"taxonomy":"category","embeddable":true,"href":"https:\/\/www.oracaoefe.com\/fr\/wp-json\/wp\/v2\/categories?post=3444"},{"taxonomy":"post_tag","embeddable":true,"href":"https:\/\/www.oracaoefe.com\/fr\/wp-json\/wp\/v2\/tags?post=3444"}],"curies":[{"name":"wp","href":"https:\/\/api.w.org\/{rel}","templated":true}]}}