{"id":3441,"date":"2025-02-27T06:00:00","date_gmt":"2025-02-27T09:00:00","guid":{"rendered":"https:\/\/www.oracaoefe.com\/?p=3441"},"modified":"2025-02-22T19:42:30","modified_gmt":"2025-02-22T22:42:30","slug":"versiculo-de-forca-e-fe-para-voce-lembrar-todos-os-dias","status":"publish","type":"post","link":"https:\/\/www.oracaoefe.com\/fr\/versiculo-de-forca-e-fe-para-voce-lembrar-todos-os-dias\/","title":{"rendered":"Vers\u00edculo de for\u00e7a e f\u00e9 para voc\u00ea lembrar todos os dias"},"content":{"rendered":"<p class=\"wp-block-paragraph\">A vida \u00e9 cheia de desafios, momentos de incerteza e situa\u00e7\u00f5es que colocam nossa f\u00e9 \u00e0 prova. Mas, independentemente das dificuldades, h\u00e1 uma verdade que nunca muda: Deus est\u00e1 presente e nos fortalece. Um vers\u00edculo poderoso para se lembrar todos os dias \u00e9 <strong>Isa\u00edas 41:10<\/strong>, que diz:<\/p>\n\n\n\n<p class=\"wp-block-paragraph\"><strong>\u201cN\u00e3o temas, porque eu sou contigo; n\u00e3o te assombres, porque eu sou o teu Deus; eu te fortale\u00e7o, e te ajudo, e te sustento com a destra da minha justi\u00e7a.\u201d<\/strong><\/p>\n\n\n\n<figure class=\"wp-block-image size-large\"><img loading=\"lazy\" decoding=\"async\" width=\"1024\" height=\"585\" src=\"https:\/\/www.oracaoefe.com\/wp-content\/uploads\/2025\/02\/image-2-1024x585.png\" alt=\"\" class=\"wp-image-3442\" srcset=\"https:\/\/www.oracaoefe.com\/wp-content\/uploads\/2025\/02\/image-2-1024x585.png 1024w, https:\/\/www.oracaoefe.com\/wp-content\/uploads\/2025\/02\/image-2-300x171.png 300w, https:\/\/www.oracaoefe.com\/wp-content\/uploads\/2025\/02\/image-2-768x439.png 768w, https:\/\/www.oracaoefe.com\/wp-content\/uploads\/2025\/02\/image-2-1536x878.png 1536w, https:\/\/www.oracaoefe.com\/wp-content\/uploads\/2025\/02\/image-2-18x10.png 18w, https:\/\/www.oracaoefe.com\/wp-content\/uploads\/2025\/02\/image-2.png 1792w\" sizes=\"auto, (max-width: 1024px) 100vw, 1024px\" \/><\/figure>\n\n\n\n<p class=\"wp-block-paragraph\">Essa passagem traz uma mensagem clara: voc\u00ea n\u00e3o est\u00e1 sozinho. Deus caminha ao seu lado, te fortalece e te sustenta nos momentos dif\u00edceis. Mas como aplicar essa verdade no dia a dia? O que realmente significa confiar nessa promessa? Vamos explorar esse vers\u00edculo e entender como ele pode transformar a sua vida.<\/p>\n\n\n\n<h2 class=\"wp-block-heading\"><strong>Por que lembrar desse vers\u00edculo todos os dias?<\/strong><\/h2>\n\n\n\n<p class=\"wp-block-paragraph\">O mundo em que vivemos pode ser cruel. H\u00e1 dias em que tudo parece dar errado, os problemas parecem maiores do que conseguimos suportar e a f\u00e9 pode ficar abalada. Nesse cen\u00e1rio, Isa\u00edas 41:10 funciona como um lembrete di\u00e1rio de que:<\/p>\n\n\n\n<ul class=\"wp-block-list\">\n<li>Deus est\u00e1 com voc\u00ea, independentemente da situa\u00e7\u00e3o.<\/li>\n\n\n\n<li>O medo n\u00e3o pode te dominar, pois voc\u00ea tem um ref\u00fagio seguro.<\/li>\n\n\n\n<li>A for\u00e7a n\u00e3o vem apenas de voc\u00ea, mas do Senhor que te sustenta.<\/li>\n<\/ul>\n\n\n\n<p class=\"wp-block-paragraph\">Quando essa verdade \u00e9 internalizada, as dificuldades n\u00e3o desaparecem, mas a forma de enfrent\u00e1-las muda completamente. Voc\u00ea passa a encarar a vida com mais coragem e confian\u00e7a, sabendo que n\u00e3o est\u00e1 lutando sozinho.<\/p>\n\n\n\n<h3 class=\"wp-block-heading\"><strong>\u201cN\u00e3o temas, porque eu sou contigo\u201d<\/strong><\/h3>\n\n\n\n<p class=\"wp-block-paragraph\">O medo \u00e9 uma das maiores barreiras da vida. Ele paralisa, faz duvidar e rouba a paz. Mas Deus nos d\u00e1 uma ordem direta: <strong>n\u00e3o temas<\/strong>. E Ele n\u00e3o pede isso de maneira vazia, mas com uma justificativa poderosa: <strong>porque Eu sou contigo<\/strong>.<\/p>\n\n\n\n<p class=\"wp-block-paragraph\">Se Deus est\u00e1 ao seu lado, o que pode realmente te abalar? A presen\u00e7a d\u2019Ele \u00e9 suficiente para afastar qualquer temor.<\/p>\n\n\n\n<h3 class=\"wp-block-heading\"><strong>\u201cN\u00e3o te assombres, porque eu sou o teu Deus\u201d<\/strong><\/h3>\n\n\n\n<p class=\"wp-block-paragraph\">Assombro, neste contexto, significa desespero ou p\u00e2nico. A vida pode trazer situa\u00e7\u00f5es inesperadas, mas Deus refor\u00e7a: n\u00e3o se desespere. Ele \u00e9 o seu Deus, o seu sustento, e n\u00e3o h\u00e1 raz\u00e3o para se perder na ansiedade.<\/p>\n\n\n\n<p class=\"wp-block-paragraph\">\u00c9 natural sentir medo ou preocupa\u00e7\u00e3o, mas quando lembramos que Deus tem o controle de tudo, conseguimos encontrar paz, mesmo no meio da tempestade.<\/p>\n\n\n\n<h3 class=\"wp-block-heading\"><strong>\u201cEu te fortale\u00e7o, e te ajudo, e te sustento com a destra da minha justi\u00e7a\u201d<\/strong><\/h3>\n\n\n\n<p class=\"wp-block-paragraph\">Esse trecho traz tr\u00eas promessas incr\u00edveis:<\/p>\n\n\n\n<p class=\"wp-block-paragraph\">1# <strong>Deus te fortalece<\/strong> \u2013 Nos dias de fraqueza, quando parece que n\u00e3o h\u00e1 mais for\u00e7as para seguir, Ele renova suas energias.<\/p>\n\n\n\n<p class=\"wp-block-paragraph\">2# <strong>Deus te ajuda<\/strong> \u2013 Quando n\u00e3o souber o que fazer, Ele te guiar\u00e1 no caminho certo.<\/p>\n\n\n\n<p class=\"wp-block-paragraph\">3# <strong>Deus te sustenta<\/strong> \u2013 Mesmo quando tudo ao redor parece inst\u00e1vel, Ele \u00e9 a base firme que mant\u00e9m voc\u00ea de p\u00e9.<\/p>\n\n\n\n<p class=\"wp-block-paragraph\">N\u00e3o importa o tamanho da dificuldade, Deus sempre ser\u00e1 maior.<\/p>\n\n\n\n<h2 class=\"wp-block-heading\"><strong>Como aplicar esse vers\u00edculo na sua vida?<\/strong><\/h2>\n\n\n\n<p class=\"wp-block-paragraph\">Agora que entendemos o significado de Isa\u00edas 41:10, como podemos traz\u00ea-lo para a nossa rotina di\u00e1ria?<\/p>\n\n\n\n<p class=\"wp-block-paragraph\">1# <strong>Ao acordar, lembre-se da promessa<\/strong> \u2013 Antes de come\u00e7ar o dia, repita esse vers\u00edculo. Mentalize essas palavras e carregue essa confian\u00e7a ao longo do dia.<\/p>\n\n\n\n<p class=\"wp-block-paragraph\">2# <strong>Nos momentos de medo, declare essa verdade<\/strong> \u2013 Sempre que sentir ansiedade ou inseguran\u00e7a, lembre-se: <strong>Deus est\u00e1 contigo e te fortalece.<\/strong><\/p>\n\n\n\n<p class=\"wp-block-paragraph\">3# <strong>Antes de dormir, agrade\u00e7a<\/strong> \u2013 Fa\u00e7a uma ora\u00e7\u00e3o reconhecendo que Deus sustentou voc\u00ea mais um dia e entregue suas preocupa\u00e7\u00f5es a Ele.<\/p>\n\n\n\n<p class=\"wp-block-paragraph\">4# <strong>Anote esse vers\u00edculo em um lugar vis\u00edvel<\/strong> \u2013 Pode ser no espelho, na mesa de trabalho ou no celular. Quanto mais voc\u00ea l\u00ea, mais essa verdade se fortalece no seu cora\u00e7\u00e3o.<\/p>\n\n\n\n<h2 class=\"wp-block-heading\"><strong>Outros vers\u00edculos para refor\u00e7ar sua f\u00e9<\/strong><\/h2>\n\n\n\n<p class=\"wp-block-paragraph\">Se voc\u00ea quer ainda mais inspira\u00e7\u00e3o para fortalecer sua f\u00e9 todos os dias, aqui est\u00e3o outros vers\u00edculos que trazem essa mesma mensagem de for\u00e7a e confian\u00e7a:<\/p>\n\n\n\n<ul class=\"wp-block-list\">\n<li><strong>Filipenses 4:13<\/strong> \u2013 \u201cTudo posso naquele que me fortalece.\u201d<\/li>\n\n\n\n<li><strong>Salmo 46:1<\/strong> \u2013 \u201cDeus \u00e9 o nosso ref\u00fagio e fortaleza, socorro bem presente na ang\u00fastia.\u201d<\/li>\n\n\n\n<li><strong>Deuteron\u00f4mio 31:6<\/strong> \u2013 \u201cSede fortes e corajosos; n\u00e3o temais, nem vos atemorizeis diante deles, porque o Senhor, vosso Deus, \u00e9 quem vai convosco; n\u00e3o vos deixar\u00e1, nem vos desamparar\u00e1.\u201d<\/li>\n<\/ul>\n\n\n\n<h3 class=\"wp-block-heading\"><strong>Reflex\u00e3o Final<\/strong><\/h3>\n\n\n\n<p class=\"wp-block-paragraph\">Isa\u00edas 41:10 n\u00e3o \u00e9 apenas um vers\u00edculo bonito; \u00e9 uma verdade poderosa que pode transformar sua vida. Ao lembrar dessas palavras diariamente, voc\u00ea se fortalece, enfrenta os desafios com mais f\u00e9 e encontra paz em meio \u00e0s dificuldades.<\/p>\n\n\n\n<p class=\"wp-block-paragraph\">Que tal come\u00e7ar agora? Feche os olhos por um momento e repita para si mesmo: <strong>\u201cN\u00e3o temas, porque Deus est\u00e1 comigo. Ele me fortalece e me sustenta todos os dias.\u201d<\/strong><\/p>\n\n\n\n<p class=\"wp-block-paragraph\">Guarde essa mensagem no cora\u00e7\u00e3o e leve essa for\u00e7a com voc\u00ea a cada dia!<\/p>\n\n\n\n<p class=\"wp-block-paragraph\"><strong>Voir aussi\u00a0: <a href=\"https:\/\/www.oracaoefe.com\/fr\/por-que-deus-endureceu-o-coracao-de-farao\/\">Por que Deus endureceu o cora\u00e7\u00e3o de Fara\u00f3?<\/a><\/strong><\/p>\n\n\n\n<p class=\"wp-block-paragraph\">27 de fevereiro de 2025<\/p>","protected":false},"excerpt":{"rendered":"<p>A vida \u00e9 cheia de desafios, momentos de incerteza e situa\u00e7\u00f5es que colocam nossa f\u00e9 \u00e0 prova. Mas, independentemente das dificuldades, h\u00e1 uma verdade que nunca muda: Deus est\u00e1 presente e nos fortalece. Um vers\u00edculo poderoso para se lembrar todos os dias \u00e9 Isa\u00edas 41:10, que diz: \u201cN\u00e3o temas, porque eu sou contigo; n\u00e3o te&hellip;&nbsp;<\/p>","protected":false},"author":3,"featured_media":3442,"comment_status":"closed","ping_status":"closed","sticky":false,"template":"","format":"standard","meta":{"neve_meta_sidebar":"","neve_meta_container":"","neve_meta_enable_content_width":"","neve_meta_content_width":0,"neve_meta_title_alignment":"","neve_meta_author_avatar":"","neve_post_elements_order":"","neve_meta_disable_header":"","neve_meta_disable_footer":"","neve_meta_disable_title":"","footnotes":""},"categories":[4],"tags":[],"class_list":["post-3441","post","type-post","status-publish","format-standard","has-post-thumbnail","hentry","category-fique-por-dentro"],"yoast_head":"<!-- This site is optimized with the Yoast SEO plugin v28.4 - https:\/\/yoast.com\/product\/yoast-seo-wordpress\/ -->\n<title>Vers\u00edculo de for\u00e7a e f\u00e9 para voc\u00ea lembrar todos os dias - Ora\u00e7\u00e3o e F\u00e9<\/title>\n<meta name=\"description\" content=\"Deus tem pra voc\u00ea uma palavra de vida!\" \/>\n<meta name=\"robots\" content=\"index, follow, max-snippet:-1, max-image-preview:large, max-video-preview:-1\" \/>\n<link rel=\"canonical\" href=\"https:\/\/www.oracaoefe.com\/fr\/versiculo-de-forca-e-fe-para-voce-lembrar-todos-os-dias\/\" \/>\n<meta property=\"og:locale\" content=\"fr_FR\" \/>\n<meta property=\"og:type\" content=\"article\" \/>\n<meta property=\"og:title\" content=\"Vers\u00edculo de for\u00e7a e f\u00e9 para voc\u00ea lembrar todos os dias - Ora\u00e7\u00e3o e F\u00e9\" \/>\n<meta property=\"og:description\" content=\"Deus tem pra voc\u00ea uma palavra de vida!\" \/>\n<meta property=\"og:url\" content=\"https:\/\/www.oracaoefe.com\/fr\/versiculo-de-forca-e-fe-para-voce-lembrar-todos-os-dias\/\" \/>\n<meta property=\"og:site_name\" content=\"Ora\u00e7\u00e3o e F\u00e9\" \/>\n<meta property=\"article:published_time\" content=\"2025-02-27T09:00:00+00:00\" \/>\n<meta property=\"og:image\" content=\"https:\/\/www.oracaoefe.com\/wp-content\/uploads\/2025\/02\/image-2-1024x585.png\" \/>\n\t<meta property=\"og:image:width\" content=\"1024\" \/>\n\t<meta property=\"og:image:height\" content=\"585\" \/>\n\t<meta property=\"og:image:type\" content=\"image\/png\" \/>\n<meta name=\"author\" content=\"Michele Azevedo\" \/>\n<meta name=\"twitter:card\" content=\"summary_large_image\" \/>\n<meta name=\"twitter:label1\" content=\"\u00c9crit par\" \/>\n\t<meta name=\"twitter:data1\" content=\"Michele Azevedo\" \/>\n\t<meta name=\"twitter:label2\" content=\"Dur\u00e9e de lecture estim\u00e9e\" \/>\n\t<meta name=\"twitter:data2\" content=\"4 minutes\" \/>\n<script type=\"application\/ld+json\" class=\"yoast-schema-graph\">{\"@context\":\"https:\\\/\\\/schema.org\",\"@graph\":[{\"@type\":\"Article\",\"@id\":\"https:\\\/\\\/www.oracaoefe.com\\\/versiculo-de-forca-e-fe-para-voce-lembrar-todos-os-dias\\\/#article\",\"isPartOf\":{\"@id\":\"https:\\\/\\\/www.oracaoefe.com\\\/versiculo-de-forca-e-fe-para-voce-lembrar-todos-os-dias\\\/\"},\"author\":{\"name\":\"Michele Azevedo\",\"@id\":\"https:\\\/\\\/www.oracaoefe.com\\\/#\\\/schema\\\/person\\\/17283c669442cf005c4d5bb58adfb7f5\"},\"headline\":\"Vers\u00edculo de for\u00e7a e f\u00e9 para voc\u00ea lembrar todos os dias\",\"datePublished\":\"2025-02-27T09:00:00+00:00\",\"mainEntityOfPage\":{\"@id\":\"https:\\\/\\\/www.oracaoefe.com\\\/versiculo-de-forca-e-fe-para-voce-lembrar-todos-os-dias\\\/\"},\"wordCount\":841,\"image\":{\"@id\":\"https:\\\/\\\/www.oracaoefe.com\\\/versiculo-de-forca-e-fe-para-voce-lembrar-todos-os-dias\\\/#primaryimage\"},\"thumbnailUrl\":\"https:\\\/\\\/www.oracaoefe.com\\\/wp-content\\\/uploads\\\/2025\\\/02\\\/image-2.png\",\"articleSection\":[\"Fique por Dentro\"],\"inLanguage\":\"fr-FR\"},{\"@type\":\"WebPage\",\"@id\":\"https:\\\/\\\/www.oracaoefe.com\\\/versiculo-de-forca-e-fe-para-voce-lembrar-todos-os-dias\\\/\",\"url\":\"https:\\\/\\\/www.oracaoefe.com\\\/versiculo-de-forca-e-fe-para-voce-lembrar-todos-os-dias\\\/\",\"name\":\"Vers\u00edculo de for\u00e7a e f\u00e9 para voc\u00ea lembrar todos os dias - Ora\u00e7\u00e3o e F\u00e9\",\"isPartOf\":{\"@id\":\"https:\\\/\\\/www.oracaoefe.com\\\/#website\"},\"primaryImageOfPage\":{\"@id\":\"https:\\\/\\\/www.oracaoefe.com\\\/versiculo-de-forca-e-fe-para-voce-lembrar-todos-os-dias\\\/#primaryimage\"},\"image\":{\"@id\":\"https:\\\/\\\/www.oracaoefe.com\\\/versiculo-de-forca-e-fe-para-voce-lembrar-todos-os-dias\\\/#primaryimage\"},\"thumbnailUrl\":\"https:\\\/\\\/www.oracaoefe.com\\\/wp-content\\\/uploads\\\/2025\\\/02\\\/image-2.png\",\"datePublished\":\"2025-02-27T09:00:00+00:00\",\"author\":{\"@id\":\"https:\\\/\\\/www.oracaoefe.com\\\/#\\\/schema\\\/person\\\/17283c669442cf005c4d5bb58adfb7f5\"},\"description\":\"Deus tem pra voc\u00ea uma palavra de vida!\",\"breadcrumb\":{\"@id\":\"https:\\\/\\\/www.oracaoefe.com\\\/versiculo-de-forca-e-fe-para-voce-lembrar-todos-os-dias\\\/#breadcrumb\"},\"inLanguage\":\"fr-FR\",\"potentialAction\":[{\"@type\":\"ReadAction\",\"target\":[\"https:\\\/\\\/www.oracaoefe.com\\\/versiculo-de-forca-e-fe-para-voce-lembrar-todos-os-dias\\\/\"]}]},{\"@type\":\"ImageObject\",\"inLanguage\":\"fr-FR\",\"@id\":\"https:\\\/\\\/www.oracaoefe.com\\\/versiculo-de-forca-e-fe-para-voce-lembrar-todos-os-dias\\\/#primaryimage\",\"url\":\"https:\\\/\\\/www.oracaoefe.com\\\/wp-content\\\/uploads\\\/2025\\\/02\\\/image-2.png\",\"contentUrl\":\"https:\\\/\\\/www.oracaoefe.com\\\/wp-content\\\/uploads\\\/2025\\\/02\\\/image-2.png\",\"width\":1792,\"height\":1024},{\"@type\":\"BreadcrumbList\",\"@id\":\"https:\\\/\\\/www.oracaoefe.com\\\/versiculo-de-forca-e-fe-para-voce-lembrar-todos-os-dias\\\/#breadcrumb\",\"itemListElement\":[{\"@type\":\"ListItem\",\"position\":1,\"name\":\"Home\",\"item\":\"https:\\\/\\\/www.oracaoefe.com\\\/\"},{\"@type\":\"ListItem\",\"position\":2,\"name\":\"Fique por Dentro\",\"item\":\"https:\\\/\\\/www.oracaoefe.com\\\/category\\\/fique-por-dentro\\\/\"},{\"@type\":\"ListItem\",\"position\":3,\"name\":\"Vers\u00edculo de for\u00e7a e f\u00e9 para voc\u00ea lembrar todos os dias\"}]},{\"@type\":\"WebSite\",\"@id\":\"https:\\\/\\\/www.oracaoefe.com\\\/#website\",\"url\":\"https:\\\/\\\/www.oracaoefe.com\\\/\",\"name\":\"Ora\u00e7\u00e3o e F\u00e9\",\"description\":\"\",\"potentialAction\":[{\"@type\":\"SearchAction\",\"target\":{\"@type\":\"EntryPoint\",\"urlTemplate\":\"https:\\\/\\\/www.oracaoefe.com\\\/?s={search_term_string}\"},\"query-input\":{\"@type\":\"PropertyValueSpecification\",\"valueRequired\":true,\"valueName\":\"search_term_string\"}}],\"inLanguage\":\"fr-FR\"},{\"@type\":\"Person\",\"@id\":\"https:\\\/\\\/www.oracaoefe.com\\\/#\\\/schema\\\/person\\\/17283c669442cf005c4d5bb58adfb7f5\",\"name\":\"Michele Azevedo\",\"image\":{\"@type\":\"ImageObject\",\"inLanguage\":\"fr-FR\",\"@id\":\"https:\\\/\\\/secure.gravatar.com\\\/avatar\\\/6b0eb9d22841282815e2cd856a0061c45e1761cd54b22e952d98c4746939aa85?s=96&d=mm&r=g\",\"url\":\"https:\\\/\\\/secure.gravatar.com\\\/avatar\\\/6b0eb9d22841282815e2cd856a0061c45e1761cd54b22e952d98c4746939aa85?s=96&d=mm&r=g\",\"contentUrl\":\"https:\\\/\\\/secure.gravatar.com\\\/avatar\\\/6b0eb9d22841282815e2cd856a0061c45e1761cd54b22e952d98c4746939aa85?s=96&d=mm&r=g\",\"caption\":\"Michele Azevedo\"},\"description\":\"Formada em Letras - Portugu\u00eas\\\/ Ingl\u00eas pela Universidade Estadual de Ponta Grossa (UEPG), p\u00f3s-graduada em Arte na Educa\u00e7\u00e3o (FAPI) e Psicopedagogia Escolar (FAPI), idealizadora e propriet\u00e1ria do site Escritora de Sucesso, possui experi\u00eancia em escrita para blogs em geral e atua como redatora e revisora dos conte\u00fados do Ora\u00e7\u00e3o e F\u00e9.\",\"url\":\"https:\\\/\\\/www.oracaoefe.com\\\/fr\\\/author\\\/michele-azevedo\\\/\"}]}<\/script>\n<!-- \/ Yoast SEO plugin. -->","yoast_head_json":{"title":"Vers\u00edculo de for\u00e7a e f\u00e9 para voc\u00ea lembrar todos os dias - Ora\u00e7\u00e3o e F\u00e9","description":"Dieu a une parole de vie pour vous !","robots":{"index":"index","follow":"follow","max-snippet":"max-snippet:-1","max-image-preview":"max-image-preview:large","max-video-preview":"max-video-preview:-1"},"canonical":"https:\/\/www.oracaoefe.com\/fr\/versiculo-de-forca-e-fe-para-voce-lembrar-todos-os-dias\/","og_locale":"fr_FR","og_type":"article","og_title":"Vers\u00edculo de for\u00e7a e f\u00e9 para voc\u00ea lembrar todos os dias - Ora\u00e7\u00e3o e F\u00e9","og_description":"Deus tem pra voc\u00ea uma palavra de vida!","og_url":"https:\/\/www.oracaoefe.com\/fr\/versiculo-de-forca-e-fe-para-voce-lembrar-todos-os-dias\/","og_site_name":"Ora\u00e7\u00e3o e F\u00e9","article_published_time":"2025-02-27T09:00:00+00:00","og_image":[{"width":1024,"height":585,"url":"https:\/\/www.oracaoefe.com\/wp-content\/uploads\/2025\/02\/image-2-1024x585.png","type":"image\/png"}],"author":"Michele Azevedo","twitter_card":"summary_large_image","twitter_misc":{"\u00c9crit par":"Michele Azevedo","Dur\u00e9e de lecture estim\u00e9e":"4 minutes"},"schema":{"@context":"https:\/\/schema.org","@graph":[{"@type":"Article","@id":"https:\/\/www.oracaoefe.com\/versiculo-de-forca-e-fe-para-voce-lembrar-todos-os-dias\/#article","isPartOf":{"@id":"https:\/\/www.oracaoefe.com\/versiculo-de-forca-e-fe-para-voce-lembrar-todos-os-dias\/"},"author":{"name":"Michele Azevedo","@id":"https:\/\/www.oracaoefe.com\/#\/schema\/person\/17283c669442cf005c4d5bb58adfb7f5"},"headline":"Vers\u00edculo de for\u00e7a e f\u00e9 para voc\u00ea lembrar todos os dias","datePublished":"2025-02-27T09:00:00+00:00","mainEntityOfPage":{"@id":"https:\/\/www.oracaoefe.com\/versiculo-de-forca-e-fe-para-voce-lembrar-todos-os-dias\/"},"wordCount":841,"image":{"@id":"https:\/\/www.oracaoefe.com\/versiculo-de-forca-e-fe-para-voce-lembrar-todos-os-dias\/#primaryimage"},"thumbnailUrl":"https:\/\/www.oracaoefe.com\/wp-content\/uploads\/2025\/02\/image-2.png","articleSection":["Fique por Dentro"],"inLanguage":"fr-FR"},{"@type":"WebPage","@id":"https:\/\/www.oracaoefe.com\/versiculo-de-forca-e-fe-para-voce-lembrar-todos-os-dias\/","url":"https:\/\/www.oracaoefe.com\/versiculo-de-forca-e-fe-para-voce-lembrar-todos-os-dias\/","name":"Vers\u00edculo de for\u00e7a e f\u00e9 para voc\u00ea lembrar todos os dias - Ora\u00e7\u00e3o e F\u00e9","isPartOf":{"@id":"https:\/\/www.oracaoefe.com\/#website"},"primaryImageOfPage":{"@id":"https:\/\/www.oracaoefe.com\/versiculo-de-forca-e-fe-para-voce-lembrar-todos-os-dias\/#primaryimage"},"image":{"@id":"https:\/\/www.oracaoefe.com\/versiculo-de-forca-e-fe-para-voce-lembrar-todos-os-dias\/#primaryimage"},"thumbnailUrl":"https:\/\/www.oracaoefe.com\/wp-content\/uploads\/2025\/02\/image-2.png","datePublished":"2025-02-27T09:00:00+00:00","author":{"@id":"https:\/\/www.oracaoefe.com\/#\/schema\/person\/17283c669442cf005c4d5bb58adfb7f5"},"description":"Dieu a une parole de vie pour vous !","breadcrumb":{"@id":"https:\/\/www.oracaoefe.com\/versiculo-de-forca-e-fe-para-voce-lembrar-todos-os-dias\/#breadcrumb"},"inLanguage":"fr-FR","potentialAction":[{"@type":"ReadAction","target":["https:\/\/www.oracaoefe.com\/versiculo-de-forca-e-fe-para-voce-lembrar-todos-os-dias\/"]}]},{"@type":"ImageObject","inLanguage":"fr-FR","@id":"https:\/\/www.oracaoefe.com\/versiculo-de-forca-e-fe-para-voce-lembrar-todos-os-dias\/#primaryimage","url":"https:\/\/www.oracaoefe.com\/wp-content\/uploads\/2025\/02\/image-2.png","contentUrl":"https:\/\/www.oracaoefe.com\/wp-content\/uploads\/2025\/02\/image-2.png","width":1792,"height":1024},{"@type":"BreadcrumbList","@id":"https:\/\/www.oracaoefe.com\/versiculo-de-forca-e-fe-para-voce-lembrar-todos-os-dias\/#breadcrumb","itemListElement":[{"@type":"ListItem","position":1,"name":"Home","item":"https:\/\/www.oracaoefe.com\/"},{"@type":"ListItem","position":2,"name":"Fique por Dentro","item":"https:\/\/www.oracaoefe.com\/category\/fique-por-dentro\/"},{"@type":"ListItem","position":3,"name":"Vers\u00edculo de for\u00e7a e f\u00e9 para voc\u00ea lembrar todos os dias"}]},{"@type":"WebSite","@id":"https:\/\/www.oracaoefe.com\/#website","url":"https:\/\/www.oracaoefe.com\/","name":"Pri\u00e8re et foi","description":"","potentialAction":[{"@type":"SearchAction","target":{"@type":"EntryPoint","urlTemplate":"https:\/\/www.oracaoefe.com\/?s={search_term_string}"},"query-input":{"@type":"PropertyValueSpecification","valueRequired":true,"valueName":"search_term_string"}}],"inLanguage":"fr-FR"},{"@type":"Person","@id":"https:\/\/www.oracaoefe.com\/#\/schema\/person\/17283c669442cf005c4d5bb58adfb7f5","name":"Michele Azevedo","image":{"@type":"ImageObject","inLanguage":"fr-FR","@id":"https:\/\/secure.gravatar.com\/avatar\/6b0eb9d22841282815e2cd856a0061c45e1761cd54b22e952d98c4746939aa85?s=96&d=mm&r=g","url":"https:\/\/secure.gravatar.com\/avatar\/6b0eb9d22841282815e2cd856a0061c45e1761cd54b22e952d98c4746939aa85?s=96&d=mm&r=g","contentUrl":"https:\/\/secure.gravatar.com\/avatar\/6b0eb9d22841282815e2cd856a0061c45e1761cd54b22e952d98c4746939aa85?s=96&d=mm&r=g","caption":"Michele Azevedo"},"description":"Dipl\u00f4m\u00e9e en litt\u00e9rature portugaise\/anglaise de l&#039;Universit\u00e9 d&#039;\u00c9tat de Ponta Grossa (UEPG), avec des dipl\u00f4mes de troisi\u00e8me cycle en art dans l&#039;\u00e9ducation (FAPI) et en psychop\u00e9dagogie scolaire (FAPI), elle est la cr\u00e9atrice et propri\u00e9taire du site web Escritora de Sucesso, a de l&#039;exp\u00e9rience dans l&#039;\u00e9criture pour les blogs en g\u00e9n\u00e9ral et travaille comme r\u00e9dactrice et \u00e9ditrice du contenu pour Ora\u00e7\u00e3o e F\u00e9.","url":"https:\/\/www.oracaoefe.com\/fr\/author\/michele-azevedo\/"}]}},"_links":{"self":[{"href":"https:\/\/www.oracaoefe.com\/fr\/wp-json\/wp\/v2\/posts\/3441","targetHints":{"allow":["GET"]}}],"collection":[{"href":"https:\/\/www.oracaoefe.com\/fr\/wp-json\/wp\/v2\/posts"}],"about":[{"href":"https:\/\/www.oracaoefe.com\/fr\/wp-json\/wp\/v2\/types\/post"}],"author":[{"embeddable":true,"href":"https:\/\/www.oracaoefe.com\/fr\/wp-json\/wp\/v2\/users\/3"}],"replies":[{"embeddable":true,"href":"https:\/\/www.oracaoefe.com\/fr\/wp-json\/wp\/v2\/comments?post=3441"}],"version-history":[{"count":2,"href":"https:\/\/www.oracaoefe.com\/fr\/wp-json\/wp\/v2\/posts\/3441\/revisions"}],"predecessor-version":[{"id":3460,"href":"https:\/\/www.oracaoefe.com\/fr\/wp-json\/wp\/v2\/posts\/3441\/revisions\/3460"}],"wp:featuredmedia":[{"embeddable":true,"href":"https:\/\/www.oracaoefe.com\/fr\/wp-json\/wp\/v2\/media\/3442"}],"wp:attachment":[{"href":"https:\/\/www.oracaoefe.com\/fr\/wp-json\/wp\/v2\/media?parent=3441"}],"wp:term":[{"taxonomy":"category","embeddable":true,"href":"https:\/\/www.oracaoefe.com\/fr\/wp-json\/wp\/v2\/categories?post=3441"},{"taxonomy":"post_tag","embeddable":true,"href":"https:\/\/www.oracaoefe.com\/fr\/wp-json\/wp\/v2\/tags?post=3441"}],"curies":[{"name":"wp","href":"https:\/\/api.w.org\/{rel}","templated":true}]}}