{"id":3435,"date":"2025-02-21T21:35:19","date_gmt":"2025-02-22T00:35:19","guid":{"rendered":"https:\/\/www.oracaoefe.com\/?p=3435"},"modified":"2025-02-21T21:35:20","modified_gmt":"2025-02-22T00:35:20","slug":"nossa-senhora-de-lourdes-saiba-tudo-sobre-a-intercessora-dos-doentes","status":"publish","type":"post","link":"https:\/\/www.oracaoefe.com\/fr\/nossa-senhora-de-lourdes-saiba-tudo-sobre-a-intercessora-dos-doentes\/","title":{"rendered":"Nossa Senhora de Lourdes: saiba tudo sobre a intercessora dos doentes"},"content":{"rendered":"<p class=\"wp-block-paragraph\">A devo\u00e7\u00e3o a <strong>Nossa Senhora de Lourdes<\/strong> \u00e9 uma das mais populares no mundo cat\u00f3lico, especialmente entre aqueles que buscam cura para doen\u00e7as e fortalecimento espiritual. Seu nome est\u00e1 diretamente ligado \u00e0s apari\u00e7\u00f5es em Lourdes, na Fran\u00e7a, onde uma jovem chamada <strong>Bernadette Soubirous<\/strong> testemunhou a presen\u00e7a da Virgem Maria e recebeu mensagens que transformaram o local em um dos maiores centros de peregrina\u00e7\u00e3o do mundo.<\/p>\n\n\n\n<p class=\"wp-block-paragraph\">A f\u00e9 em Nossa Senhora de Lourdes ultrapassa fronteiras e culturas, atraindo milh\u00f5es de devotos que acreditam em seu poder de intercess\u00e3o, principalmente quando se trata de sa\u00fade. Vamos conhecer a hist\u00f3ria das apari\u00e7\u00f5es, os milagres atribu\u00eddos a ela, a import\u00e2ncia do Santu\u00e1rio de Lourdes e como essa devo\u00e7\u00e3o continua a impactar a vida de milhares de fi\u00e9is.<\/p>\n\n\n\n<figure class=\"wp-block-image size-large\"><img loading=\"lazy\" decoding=\"async\" width=\"1024\" height=\"585\" src=\"https:\/\/www.oracaoefe.com\/wp-content\/uploads\/2025\/02\/image-1024x585.png\" alt=\"\" class=\"wp-image-3436\" srcset=\"https:\/\/www.oracaoefe.com\/wp-content\/uploads\/2025\/02\/image-1024x585.png 1024w, https:\/\/www.oracaoefe.com\/wp-content\/uploads\/2025\/02\/image-300x171.png 300w, https:\/\/www.oracaoefe.com\/wp-content\/uploads\/2025\/02\/image-768x439.png 768w, https:\/\/www.oracaoefe.com\/wp-content\/uploads\/2025\/02\/image-1536x878.png 1536w, https:\/\/www.oracaoefe.com\/wp-content\/uploads\/2025\/02\/image-18x10.png 18w, https:\/\/www.oracaoefe.com\/wp-content\/uploads\/2025\/02\/image.png 1792w\" sizes=\"auto, (max-width: 1024px) 100vw, 1024px\" \/><\/figure>\n\n\n\n<h2 class=\"wp-block-heading\"><strong>Apari\u00e7\u00f5es de Nossa Senhora de Lourdes<\/strong><\/h2>\n\n\n\n<p class=\"wp-block-paragraph\">O que tornou Nossa Senhora de Lourdes t\u00e3o conhecida foram as <strong>18 apari\u00e7\u00f5es<\/strong> que ocorreram entre <strong>11 de fevereiro e 16 de julho de 1858<\/strong>, na cidade de Lourdes, no sul da Fran\u00e7a. As vis\u00f5es foram testemunhadas por <strong>Bernadette Soubirous<\/strong>, uma jovem camponesa de apenas <strong>14 anos<\/strong> que vinha de uma fam\u00edlia pobre e sem grandes estudos.<\/p>\n\n\n\n<h3 class=\"wp-block-heading\"><strong>Primeira apari\u00e7\u00e3o (11 de fevereiro de 1858)<\/strong><\/h3>\n\n\n\n<p class=\"wp-block-paragraph\">No dia <strong>11 de fevereiro<\/strong>, Bernadette foi at\u00e9 a gruta de Massabielle para buscar lenha junto com sua irm\u00e3 e uma amiga. Enquanto procurava galhos secos, sentiu um vento forte, mas nenhuma \u00e1rvore se mexia. Ao olhar para cima, viu uma jovem <strong>de vestes brancas, um v\u00e9u azul e uma faixa dourada<\/strong>, que segurava um ros\u00e1rio nas m\u00e3os.<\/p>\n\n\n\n<p class=\"wp-block-paragraph\">A menina ficou paralisada diante daquela figura, que apenas sorriu para ela. Sem entender o que estava acontecendo, Bernadette fez o sinal da cruz e come\u00e7ou a rezar o ros\u00e1rio. A apari\u00e7\u00e3o rezou junto com ela, mas sem pronunciar palavras. Depois de algum tempo, desapareceu.<\/p>\n\n\n\n<p class=\"wp-block-paragraph\">Bernadette contou para sua fam\u00edlia, mas muitos n\u00e3o acreditaram. Apesar disso, ela voltou \u00e0 gruta e viu a senhora outras vezes.<\/p>\n\n\n\n<h3 class=\"wp-block-heading\"><strong>As mensagens de Nossa Senhora<\/strong><\/h3>\n\n\n\n<p class=\"wp-block-paragraph\">Ao longo das apari\u00e7\u00f5es, Nossa Senhora transmitiu algumas mensagens a Bernadette. Entre elas, os pedidos mais importantes foram:<\/p>\n\n\n\n<ul class=\"wp-block-list\">\n<li><strong>Arrependimento e ora\u00e7\u00e3o<\/strong>: Nossa Senhora pediu que as pessoas se arrependessem de seus pecados e rezassem pela convers\u00e3o dos pecadores.<\/li>\n\n\n\n<li><strong>Constru\u00e7\u00e3o de uma capela<\/strong>: A Virgem solicitou que uma igreja fosse erguida no local das apari\u00e7\u00f5es.<\/li>\n\n\n\n<li><strong>\u00c1gua milagrosa<\/strong>: Em uma das vis\u00f5es, pediu que Bernadette escavasse o ch\u00e3o da gruta. Surgiu ent\u00e3o uma fonte de \u00e1gua que at\u00e9 hoje \u00e9 considerada milagrosa.<\/li>\n<\/ul>\n\n\n\n<p class=\"wp-block-paragraph\">Foi apenas na <strong>16\u00aa apari\u00e7\u00e3o<\/strong>, no dia <strong>25 de mar\u00e7o de 1858<\/strong>, que a Senhora revelou sua identidade, dizendo: <strong>\u201cEu sou a Imaculada Concei\u00e7\u00e3o\u201d<\/strong>. Esse t\u00edtulo havia sido declarado dogma da Igreja poucos anos antes, em <strong>1854<\/strong>, pelo Papa Pio IX.<\/p>\n\n\n\n<h3 class=\"wp-block-heading\"><strong>A fonte milagrosa<\/strong><\/h3>\n\n\n\n<p class=\"wp-block-paragraph\">Durante as apari\u00e7\u00f5es, Nossa Senhora indicou a Bernadette um local onde deveria cavar. Ap\u00f3s escavar um pouco a terra, surgiu uma fonte de \u00e1gua. A princ\u00edpio, a \u00e1gua estava barrenta, mas logo se tornou cristalina.<\/p>\n\n\n\n<p class=\"wp-block-paragraph\">Desde ent\u00e3o, <strong>milhares de pessoas<\/strong> relatam curas inexplic\u00e1veis ap\u00f3s beberem ou se banharem nessa \u00e1gua. A Igreja Cat\u00f3lica j\u00e1 reconheceu oficialmente <strong>70 milagres<\/strong> ocorridos por meio da intercess\u00e3o de Nossa Senhora de Lourdes.<\/p>\n\n\n\n<h2 class=\"wp-block-heading\"><strong>O Santu\u00e1rio de Lourdes e os milagres<\/strong><\/h2>\n\n\n\n<p class=\"wp-block-paragraph\">Ap\u00f3s as apari\u00e7\u00f5es, Lourdes se tornou um dos maiores centros de peregrina\u00e7\u00e3o cat\u00f3lica do mundo. A cidade recebe <strong>mais de 6 milh\u00f5es de fi\u00e9is todos os anos<\/strong>, que visitam a gruta, participam das prociss\u00f5es e buscam as \u00e1guas da fonte milagrosa.<\/p>\n\n\n\n<p class=\"wp-block-paragraph\">No local, foi constru\u00eddo o <strong>Santu\u00e1rio de Nossa Senhora de Lourdes<\/strong>, composto por v\u00e1rias igrejas, capelas e locais de ora\u00e7\u00e3o.<\/p>\n\n\n\n<p class=\"wp-block-paragraph\">A fama dos milagres atrai milhares de pessoas doentes em busca de cura. A <strong>Piscina de Lourdes<\/strong>, onde os peregrinos se banham na \u00e1gua da fonte, \u00e9 um dos pontos mais visitados.<\/p>\n\n\n\n<h3 class=\"wp-block-heading\"><strong>Milagres reconhecidos pela Igreja<\/strong><\/h3>\n\n\n\n<p class=\"wp-block-paragraph\">A Igreja Cat\u00f3lica analisa cuidadosamente os relatos de milagres antes de reconhec\u00ea-los oficialmente. O <strong>Bureau M\u00e9dico de Lourdes<\/strong> foi criado para investigar as curas inexplic\u00e1veis que acontecem no santu\u00e1rio.<\/p>\n\n\n\n<p class=\"wp-block-paragraph\">Para que um milagre seja reconhecido, ele precisa atender a alguns crit\u00e9rios:<\/p>\n\n\n\n<ul class=\"wp-block-list\">\n<li><strong>N\u00e3o pode ter explica\u00e7\u00e3o cient\u00edfica<\/strong><\/li>\n\n\n\n<li><strong>Deve ser imediato e completo<\/strong><\/li>\n\n\n\n<li><strong>A cura deve ser definitiva<\/strong><\/li>\n<\/ul>\n\n\n\n<p class=\"wp-block-paragraph\">Dentre os milagres reconhecidos, um dos mais impressionantes foi o de <strong>Marie-Bernard Moreau<\/strong>, que sofria de uma doen\u00e7a grave nos ossos. Ap\u00f3s se banhar na \u00e1gua de Lourdes, foi completamente curada.<\/p>\n\n\n\n<h2 class=\"wp-block-heading\"><strong>Nossa Senhora de Lourdes e a intercess\u00e3o pelos doentes<\/strong><\/h2>\n\n\n\n<p class=\"wp-block-paragraph\">Desde as apari\u00e7\u00f5es, Nossa Senhora de Lourdes passou a ser conhecida como a <strong>intercessora dos enfermos<\/strong>. Muitas pessoas que enfrentam doen\u00e7as recorrem a ela em busca de consolo, f\u00e9 e cura.<\/p>\n\n\n\n<p class=\"wp-block-paragraph\">A <strong>Ora\u00e7\u00e3o a Nossa Senhora de Lourdes<\/strong> \u00e9 feita por milhares de fi\u00e9is diariamente. Um dos trechos mais conhecidos diz:<\/p>\n\n\n\n<p class=\"wp-block-paragraph\"><em>&#8220;\u00d3 Virgem pur\u00edssima, rogai por n\u00f3s e por todos os doentes que a v\u00f3s recorrem. Alcan\u00e7ai-nos a sa\u00fade do corpo e da alma. Am\u00e9m.&#8221;<\/em><\/p>\n\n\n\n<p class=\"wp-block-paragraph\">Al\u00e9m das preces individuais, muitos devotos realizam peregrina\u00e7\u00f5es at\u00e9 Lourdes ou organizam novenas pedindo pela intercess\u00e3o da Santa.<\/p>\n\n\n\n<h2 class=\"wp-block-heading\"><strong>O dia de Nossa Senhora de Lourdes<\/strong><\/h2>\n\n\n\n<p class=\"wp-block-paragraph\">A festa de <strong>Nossa Senhora de Lourdes<\/strong> \u00e9 celebrada no dia <strong>11 de fevereiro<\/strong>, data da primeira apari\u00e7\u00e3o. Esse dia tamb\u00e9m foi institu\u00eddo pelo Papa Jo\u00e3o Paulo II como o <strong>Dia Mundial do Enfermo<\/strong>, um momento especial de ora\u00e7\u00e3o por todos os que sofrem com doen\u00e7as.<\/p>\n\n\n\n<p class=\"wp-block-paragraph\">Em v\u00e1rias igrejas pelo mundo, s\u00e3o realizadas missas e prociss\u00f5es em homenagem \u00e0 Santa, reunindo fi\u00e9is que agradecem as gra\u00e7as alcan\u00e7adas ou pedem por cura e prote\u00e7\u00e3o.<\/p>\n\n\n\n<h2 class=\"wp-block-heading\"><strong>A rela\u00e7\u00e3o de Bernadette Soubirous com a Santa<\/strong><\/h2>\n\n\n\n<p class=\"wp-block-paragraph\">Ap\u00f3s as apari\u00e7\u00f5es, Bernadette decidiu seguir a vida religiosa e entrou para um convento. Ela nunca quis fama ou reconhecimento, e sempre repetia que sua miss\u00e3o era apenas transmitir a mensagem de Nossa Senhora.<\/p>\n\n\n\n<p class=\"wp-block-paragraph\">Ela faleceu em <strong>1879<\/strong>, aos 35 anos, e foi canonizada pelo Papa Pio XI em <strong>1933<\/strong>. Seu corpo permanece preservado at\u00e9 hoje, sem sinais de decomposi\u00e7\u00e3o, algo que a Igreja considera um fen\u00f4meno m\u00edstico.<\/p>\n\n\n\n<h2 class=\"wp-block-heading\"><strong>Por que a devo\u00e7\u00e3o a Nossa Senhora de Lourdes \u00e9 t\u00e3o forte?<\/strong><\/h2>\n\n\n\n<p class=\"wp-block-paragraph\">O grande n\u00famero de relatos de cura e a forte liga\u00e7\u00e3o de Lourdes com a f\u00e9 fazem com que essa devo\u00e7\u00e3o continue viva at\u00e9 hoje. Muitas pessoas encontram em Nossa Senhora de Lourdes um <strong>ref\u00fagio espiritual<\/strong>, especialmente em momentos de dor e incerteza causados por doen\u00e7as.<\/p>\n\n\n\n<p class=\"wp-block-paragraph\">Al\u00e9m disso, sua mensagem de f\u00e9, arrependimento e amor ao pr\u00f3ximo permanece atual, incentivando os fi\u00e9is a cultivarem a compaix\u00e3o e a confian\u00e7a na provid\u00eancia divina.<\/p>\n\n\n\n<p class=\"wp-block-paragraph\">Seja por meio da ora\u00e7\u00e3o, da peregrina\u00e7\u00e3o ao Santu\u00e1rio de Lourdes ou da simples f\u00e9 em sua intercess\u00e3o, <strong>Nossa Senhora de Lourdes continua sendo um dos maiores s\u00edmbolos de esperan\u00e7a para os doentes e necessitados<\/strong>.<\/p>\n\n\n\n<p class=\"wp-block-paragraph\">Que a sua hist\u00f3ria e seus milagres inspirem a todos a manter a f\u00e9, independentemente dos desafios que surgirem.<\/p>\n\n\n\n<p class=\"wp-block-paragraph\"><strong>Voir aussi\u00a0: <a href=\"https:\/\/www.oracaoefe.com\/fr\/o-santo-das-causas-impossiveis-saiba-quem-e-sao-judas-tadeu\/\">O santo das causas imposs\u00edveis: Saiba quem \u00e9 S\u00e3o Judas Tadeu<\/a><\/strong><\/p>\n\n\n\n<p class=\"wp-block-paragraph\">21 de fevereiro de 2025<\/p>","protected":false},"excerpt":{"rendered":"<p>A devo\u00e7\u00e3o a Nossa Senhora de Lourdes \u00e9 uma das mais populares no mundo cat\u00f3lico, especialmente entre aqueles que buscam cura para doen\u00e7as e fortalecimento espiritual. Seu nome est\u00e1 diretamente ligado \u00e0s apari\u00e7\u00f5es em Lourdes, na Fran\u00e7a, onde uma jovem chamada Bernadette Soubirous testemunhou a presen\u00e7a da Virgem Maria e recebeu mensagens que transformaram o&hellip;&nbsp;<\/p>","protected":false},"author":3,"featured_media":3436,"comment_status":"closed","ping_status":"closed","sticky":false,"template":"","format":"standard","meta":{"neve_meta_sidebar":"","neve_meta_container":"","neve_meta_enable_content_width":"","neve_meta_content_width":0,"neve_meta_title_alignment":"","neve_meta_author_avatar":"","neve_post_elements_order":"","neve_meta_disable_header":"","neve_meta_disable_footer":"","neve_meta_disable_title":"","footnotes":""},"categories":[1],"tags":[],"class_list":["post-3435","post","type-post","status-publish","format-standard","has-post-thumbnail","hentry","category-curiosidades"],"yoast_head":"<!-- This site is optimized with the Yoast SEO plugin v28.4 - https:\/\/yoast.com\/product\/yoast-seo-wordpress\/ -->\n<title>Nossa Senhora de Lourdes: saiba tudo sobre a intercessora dos doentes - Ora\u00e7\u00e3o e F\u00e9<\/title>\n<meta name=\"description\" content=\"Deus tem pra voc\u00ea uma palavra de vida!\" \/>\n<meta name=\"robots\" content=\"index, follow, max-snippet:-1, max-image-preview:large, max-video-preview:-1\" \/>\n<link rel=\"canonical\" href=\"https:\/\/www.oracaoefe.com\/fr\/nossa-senhora-de-lourdes-saiba-tudo-sobre-a-intercessora-dos-doentes\/\" \/>\n<meta property=\"og:locale\" content=\"fr_FR\" \/>\n<meta property=\"og:type\" content=\"article\" \/>\n<meta property=\"og:title\" content=\"Nossa Senhora de Lourdes: saiba tudo sobre a intercessora dos doentes - Ora\u00e7\u00e3o e F\u00e9\" \/>\n<meta property=\"og:description\" content=\"Deus tem pra voc\u00ea uma palavra de vida!\" \/>\n<meta property=\"og:url\" content=\"https:\/\/www.oracaoefe.com\/fr\/nossa-senhora-de-lourdes-saiba-tudo-sobre-a-intercessora-dos-doentes\/\" \/>\n<meta property=\"og:site_name\" content=\"Ora\u00e7\u00e3o e F\u00e9\" \/>\n<meta property=\"article:published_time\" content=\"2025-02-22T00:35:19+00:00\" \/>\n<meta property=\"article:modified_time\" content=\"2025-02-22T00:35:20+00:00\" \/>\n<meta property=\"og:image\" content=\"https:\/\/www.oracaoefe.com\/wp-content\/uploads\/2025\/02\/image-1024x585.png\" \/>\n\t<meta property=\"og:image:width\" content=\"1024\" \/>\n\t<meta property=\"og:image:height\" content=\"585\" \/>\n\t<meta property=\"og:image:type\" content=\"image\/png\" \/>\n<meta name=\"author\" content=\"Michele Azevedo\" \/>\n<meta name=\"twitter:card\" content=\"summary_large_image\" \/>\n<meta name=\"twitter:label1\" content=\"\u00c9crit par\" \/>\n\t<meta name=\"twitter:data1\" content=\"Michele Azevedo\" \/>\n\t<meta name=\"twitter:label2\" content=\"Dur\u00e9e de lecture estim\u00e9e\" \/>\n\t<meta name=\"twitter:data2\" content=\"6 minutes\" \/>\n<script type=\"application\/ld+json\" class=\"yoast-schema-graph\">{\"@context\":\"https:\\\/\\\/schema.org\",\"@graph\":[{\"@type\":\"Article\",\"@id\":\"https:\\\/\\\/www.oracaoefe.com\\\/nossa-senhora-de-lourdes-saiba-tudo-sobre-a-intercessora-dos-doentes\\\/#article\",\"isPartOf\":{\"@id\":\"https:\\\/\\\/www.oracaoefe.com\\\/nossa-senhora-de-lourdes-saiba-tudo-sobre-a-intercessora-dos-doentes\\\/\"},\"author\":{\"name\":\"Michele Azevedo\",\"@id\":\"https:\\\/\\\/www.oracaoefe.com\\\/#\\\/schema\\\/person\\\/17283c669442cf005c4d5bb58adfb7f5\"},\"headline\":\"Nossa Senhora de Lourdes: saiba tudo sobre a intercessora dos doentes\",\"datePublished\":\"2025-02-22T00:35:19+00:00\",\"dateModified\":\"2025-02-22T00:35:20+00:00\",\"mainEntityOfPage\":{\"@id\":\"https:\\\/\\\/www.oracaoefe.com\\\/nossa-senhora-de-lourdes-saiba-tudo-sobre-a-intercessora-dos-doentes\\\/\"},\"wordCount\":1232,\"image\":{\"@id\":\"https:\\\/\\\/www.oracaoefe.com\\\/nossa-senhora-de-lourdes-saiba-tudo-sobre-a-intercessora-dos-doentes\\\/#primaryimage\"},\"thumbnailUrl\":\"https:\\\/\\\/www.oracaoefe.com\\\/wp-content\\\/uploads\\\/2025\\\/02\\\/image.png\",\"articleSection\":[\"Curiosidades\"],\"inLanguage\":\"fr-FR\"},{\"@type\":\"WebPage\",\"@id\":\"https:\\\/\\\/www.oracaoefe.com\\\/nossa-senhora-de-lourdes-saiba-tudo-sobre-a-intercessora-dos-doentes\\\/\",\"url\":\"https:\\\/\\\/www.oracaoefe.com\\\/nossa-senhora-de-lourdes-saiba-tudo-sobre-a-intercessora-dos-doentes\\\/\",\"name\":\"Nossa Senhora de Lourdes: saiba tudo sobre a intercessora dos doentes - Ora\u00e7\u00e3o e F\u00e9\",\"isPartOf\":{\"@id\":\"https:\\\/\\\/www.oracaoefe.com\\\/#website\"},\"primaryImageOfPage\":{\"@id\":\"https:\\\/\\\/www.oracaoefe.com\\\/nossa-senhora-de-lourdes-saiba-tudo-sobre-a-intercessora-dos-doentes\\\/#primaryimage\"},\"image\":{\"@id\":\"https:\\\/\\\/www.oracaoefe.com\\\/nossa-senhora-de-lourdes-saiba-tudo-sobre-a-intercessora-dos-doentes\\\/#primaryimage\"},\"thumbnailUrl\":\"https:\\\/\\\/www.oracaoefe.com\\\/wp-content\\\/uploads\\\/2025\\\/02\\\/image.png\",\"datePublished\":\"2025-02-22T00:35:19+00:00\",\"dateModified\":\"2025-02-22T00:35:20+00:00\",\"author\":{\"@id\":\"https:\\\/\\\/www.oracaoefe.com\\\/#\\\/schema\\\/person\\\/17283c669442cf005c4d5bb58adfb7f5\"},\"description\":\"Deus tem pra voc\u00ea uma palavra de vida!\",\"breadcrumb\":{\"@id\":\"https:\\\/\\\/www.oracaoefe.com\\\/nossa-senhora-de-lourdes-saiba-tudo-sobre-a-intercessora-dos-doentes\\\/#breadcrumb\"},\"inLanguage\":\"fr-FR\",\"potentialAction\":[{\"@type\":\"ReadAction\",\"target\":[\"https:\\\/\\\/www.oracaoefe.com\\\/nossa-senhora-de-lourdes-saiba-tudo-sobre-a-intercessora-dos-doentes\\\/\"]}]},{\"@type\":\"ImageObject\",\"inLanguage\":\"fr-FR\",\"@id\":\"https:\\\/\\\/www.oracaoefe.com\\\/nossa-senhora-de-lourdes-saiba-tudo-sobre-a-intercessora-dos-doentes\\\/#primaryimage\",\"url\":\"https:\\\/\\\/www.oracaoefe.com\\\/wp-content\\\/uploads\\\/2025\\\/02\\\/image.png\",\"contentUrl\":\"https:\\\/\\\/www.oracaoefe.com\\\/wp-content\\\/uploads\\\/2025\\\/02\\\/image.png\",\"width\":1792,\"height\":1024},{\"@type\":\"BreadcrumbList\",\"@id\":\"https:\\\/\\\/www.oracaoefe.com\\\/nossa-senhora-de-lourdes-saiba-tudo-sobre-a-intercessora-dos-doentes\\\/#breadcrumb\",\"itemListElement\":[{\"@type\":\"ListItem\",\"position\":1,\"name\":\"Home\",\"item\":\"https:\\\/\\\/www.oracaoefe.com\\\/\"},{\"@type\":\"ListItem\",\"position\":2,\"name\":\"Curiosidades\",\"item\":\"https:\\\/\\\/www.oracaoefe.com\\\/es\\\/categoria\\\/curiosidades\\\/\"},{\"@type\":\"ListItem\",\"position\":3,\"name\":\"Nossa Senhora de Lourdes: saiba tudo sobre a intercessora dos doentes\"}]},{\"@type\":\"WebSite\",\"@id\":\"https:\\\/\\\/www.oracaoefe.com\\\/#website\",\"url\":\"https:\\\/\\\/www.oracaoefe.com\\\/\",\"name\":\"Ora\u00e7\u00e3o e F\u00e9\",\"description\":\"\",\"potentialAction\":[{\"@type\":\"SearchAction\",\"target\":{\"@type\":\"EntryPoint\",\"urlTemplate\":\"https:\\\/\\\/www.oracaoefe.com\\\/?s={search_term_string}\"},\"query-input\":{\"@type\":\"PropertyValueSpecification\",\"valueRequired\":true,\"valueName\":\"search_term_string\"}}],\"inLanguage\":\"fr-FR\"},{\"@type\":\"Person\",\"@id\":\"https:\\\/\\\/www.oracaoefe.com\\\/#\\\/schema\\\/person\\\/17283c669442cf005c4d5bb58adfb7f5\",\"name\":\"Michele Azevedo\",\"image\":{\"@type\":\"ImageObject\",\"inLanguage\":\"fr-FR\",\"@id\":\"https:\\\/\\\/secure.gravatar.com\\\/avatar\\\/6b0eb9d22841282815e2cd856a0061c45e1761cd54b22e952d98c4746939aa85?s=96&d=mm&r=g\",\"url\":\"https:\\\/\\\/secure.gravatar.com\\\/avatar\\\/6b0eb9d22841282815e2cd856a0061c45e1761cd54b22e952d98c4746939aa85?s=96&d=mm&r=g\",\"contentUrl\":\"https:\\\/\\\/secure.gravatar.com\\\/avatar\\\/6b0eb9d22841282815e2cd856a0061c45e1761cd54b22e952d98c4746939aa85?s=96&d=mm&r=g\",\"caption\":\"Michele Azevedo\"},\"description\":\"Formada em Letras - Portugu\u00eas\\\/ Ingl\u00eas pela Universidade Estadual de Ponta Grossa (UEPG), p\u00f3s-graduada em Arte na Educa\u00e7\u00e3o (FAPI) e Psicopedagogia Escolar (FAPI), idealizadora e propriet\u00e1ria do site Escritora de Sucesso, possui experi\u00eancia em escrita para blogs em geral e atua como redatora e revisora dos conte\u00fados do Ora\u00e7\u00e3o e F\u00e9.\",\"url\":\"https:\\\/\\\/www.oracaoefe.com\\\/fr\\\/author\\\/michele-azevedo\\\/\"}]}<\/script>\n<!-- \/ Yoast SEO plugin. -->","yoast_head_json":{"title":"Nossa Senhora de Lourdes: saiba tudo sobre a intercessora dos doentes - Ora\u00e7\u00e3o e F\u00e9","description":"Dieu a une parole de vie pour vous !","robots":{"index":"index","follow":"follow","max-snippet":"max-snippet:-1","max-image-preview":"max-image-preview:large","max-video-preview":"max-video-preview:-1"},"canonical":"https:\/\/www.oracaoefe.com\/fr\/nossa-senhora-de-lourdes-saiba-tudo-sobre-a-intercessora-dos-doentes\/","og_locale":"fr_FR","og_type":"article","og_title":"Nossa Senhora de Lourdes: saiba tudo sobre a intercessora dos doentes - Ora\u00e7\u00e3o e F\u00e9","og_description":"Deus tem pra voc\u00ea uma palavra de vida!","og_url":"https:\/\/www.oracaoefe.com\/fr\/nossa-senhora-de-lourdes-saiba-tudo-sobre-a-intercessora-dos-doentes\/","og_site_name":"Ora\u00e7\u00e3o e F\u00e9","article_published_time":"2025-02-22T00:35:19+00:00","article_modified_time":"2025-02-22T00:35:20+00:00","og_image":[{"width":1024,"height":585,"url":"https:\/\/www.oracaoefe.com\/wp-content\/uploads\/2025\/02\/image-1024x585.png","type":"image\/png"}],"author":"Michele Azevedo","twitter_card":"summary_large_image","twitter_misc":{"\u00c9crit par":"Michele Azevedo","Dur\u00e9e de lecture estim\u00e9e":"6 minutes"},"schema":{"@context":"https:\/\/schema.org","@graph":[{"@type":"Article","@id":"https:\/\/www.oracaoefe.com\/nossa-senhora-de-lourdes-saiba-tudo-sobre-a-intercessora-dos-doentes\/#article","isPartOf":{"@id":"https:\/\/www.oracaoefe.com\/nossa-senhora-de-lourdes-saiba-tudo-sobre-a-intercessora-dos-doentes\/"},"author":{"name":"Michele Azevedo","@id":"https:\/\/www.oracaoefe.com\/#\/schema\/person\/17283c669442cf005c4d5bb58adfb7f5"},"headline":"Nossa Senhora de Lourdes: saiba tudo sobre a intercessora dos doentes","datePublished":"2025-02-22T00:35:19+00:00","dateModified":"2025-02-22T00:35:20+00:00","mainEntityOfPage":{"@id":"https:\/\/www.oracaoefe.com\/nossa-senhora-de-lourdes-saiba-tudo-sobre-a-intercessora-dos-doentes\/"},"wordCount":1232,"image":{"@id":"https:\/\/www.oracaoefe.com\/nossa-senhora-de-lourdes-saiba-tudo-sobre-a-intercessora-dos-doentes\/#primaryimage"},"thumbnailUrl":"https:\/\/www.oracaoefe.com\/wp-content\/uploads\/2025\/02\/image.png","articleSection":["Curiosidades"],"inLanguage":"fr-FR"},{"@type":"WebPage","@id":"https:\/\/www.oracaoefe.com\/nossa-senhora-de-lourdes-saiba-tudo-sobre-a-intercessora-dos-doentes\/","url":"https:\/\/www.oracaoefe.com\/nossa-senhora-de-lourdes-saiba-tudo-sobre-a-intercessora-dos-doentes\/","name":"Nossa Senhora de Lourdes: saiba tudo sobre a intercessora dos doentes - Ora\u00e7\u00e3o e F\u00e9","isPartOf":{"@id":"https:\/\/www.oracaoefe.com\/#website"},"primaryImageOfPage":{"@id":"https:\/\/www.oracaoefe.com\/nossa-senhora-de-lourdes-saiba-tudo-sobre-a-intercessora-dos-doentes\/#primaryimage"},"image":{"@id":"https:\/\/www.oracaoefe.com\/nossa-senhora-de-lourdes-saiba-tudo-sobre-a-intercessora-dos-doentes\/#primaryimage"},"thumbnailUrl":"https:\/\/www.oracaoefe.com\/wp-content\/uploads\/2025\/02\/image.png","datePublished":"2025-02-22T00:35:19+00:00","dateModified":"2025-02-22T00:35:20+00:00","author":{"@id":"https:\/\/www.oracaoefe.com\/#\/schema\/person\/17283c669442cf005c4d5bb58adfb7f5"},"description":"Dieu a une parole de vie pour vous !","breadcrumb":{"@id":"https:\/\/www.oracaoefe.com\/nossa-senhora-de-lourdes-saiba-tudo-sobre-a-intercessora-dos-doentes\/#breadcrumb"},"inLanguage":"fr-FR","potentialAction":[{"@type":"ReadAction","target":["https:\/\/www.oracaoefe.com\/nossa-senhora-de-lourdes-saiba-tudo-sobre-a-intercessora-dos-doentes\/"]}]},{"@type":"ImageObject","inLanguage":"fr-FR","@id":"https:\/\/www.oracaoefe.com\/nossa-senhora-de-lourdes-saiba-tudo-sobre-a-intercessora-dos-doentes\/#primaryimage","url":"https:\/\/www.oracaoefe.com\/wp-content\/uploads\/2025\/02\/image.png","contentUrl":"https:\/\/www.oracaoefe.com\/wp-content\/uploads\/2025\/02\/image.png","width":1792,"height":1024},{"@type":"BreadcrumbList","@id":"https:\/\/www.oracaoefe.com\/nossa-senhora-de-lourdes-saiba-tudo-sobre-a-intercessora-dos-doentes\/#breadcrumb","itemListElement":[{"@type":"ListItem","position":1,"name":"Home","item":"https:\/\/www.oracaoefe.com\/"},{"@type":"ListItem","position":2,"name":"Curiosidades","item":"https:\/\/www.oracaoefe.com\/es\/categoria\/curiosidades\/"},{"@type":"ListItem","position":3,"name":"Nossa Senhora de Lourdes: saiba tudo sobre a intercessora dos doentes"}]},{"@type":"WebSite","@id":"https:\/\/www.oracaoefe.com\/#website","url":"https:\/\/www.oracaoefe.com\/","name":"Pri\u00e8re et foi","description":"","potentialAction":[{"@type":"SearchAction","target":{"@type":"EntryPoint","urlTemplate":"https:\/\/www.oracaoefe.com\/?s={search_term_string}"},"query-input":{"@type":"PropertyValueSpecification","valueRequired":true,"valueName":"search_term_string"}}],"inLanguage":"fr-FR"},{"@type":"Person","@id":"https:\/\/www.oracaoefe.com\/#\/schema\/person\/17283c669442cf005c4d5bb58adfb7f5","name":"Michele Azevedo","image":{"@type":"ImageObject","inLanguage":"fr-FR","@id":"https:\/\/secure.gravatar.com\/avatar\/6b0eb9d22841282815e2cd856a0061c45e1761cd54b22e952d98c4746939aa85?s=96&d=mm&r=g","url":"https:\/\/secure.gravatar.com\/avatar\/6b0eb9d22841282815e2cd856a0061c45e1761cd54b22e952d98c4746939aa85?s=96&d=mm&r=g","contentUrl":"https:\/\/secure.gravatar.com\/avatar\/6b0eb9d22841282815e2cd856a0061c45e1761cd54b22e952d98c4746939aa85?s=96&d=mm&r=g","caption":"Michele Azevedo"},"description":"Dipl\u00f4m\u00e9e en litt\u00e9rature portugaise\/anglaise de l&#039;Universit\u00e9 d&#039;\u00c9tat de Ponta Grossa (UEPG), avec des dipl\u00f4mes de troisi\u00e8me cycle en art dans l&#039;\u00e9ducation (FAPI) et en psychop\u00e9dagogie scolaire (FAPI), elle est la cr\u00e9atrice et propri\u00e9taire du site web Escritora de Sucesso, a de l&#039;exp\u00e9rience dans l&#039;\u00e9criture pour les blogs en g\u00e9n\u00e9ral et travaille comme r\u00e9dactrice et \u00e9ditrice du contenu pour Ora\u00e7\u00e3o e F\u00e9.","url":"https:\/\/www.oracaoefe.com\/fr\/author\/michele-azevedo\/"}]}},"_links":{"self":[{"href":"https:\/\/www.oracaoefe.com\/fr\/wp-json\/wp\/v2\/posts\/3435","targetHints":{"allow":["GET"]}}],"collection":[{"href":"https:\/\/www.oracaoefe.com\/fr\/wp-json\/wp\/v2\/posts"}],"about":[{"href":"https:\/\/www.oracaoefe.com\/fr\/wp-json\/wp\/v2\/types\/post"}],"author":[{"embeddable":true,"href":"https:\/\/www.oracaoefe.com\/fr\/wp-json\/wp\/v2\/users\/3"}],"replies":[{"embeddable":true,"href":"https:\/\/www.oracaoefe.com\/fr\/wp-json\/wp\/v2\/comments?post=3435"}],"version-history":[{"count":1,"href":"https:\/\/www.oracaoefe.com\/fr\/wp-json\/wp\/v2\/posts\/3435\/revisions"}],"predecessor-version":[{"id":3437,"href":"https:\/\/www.oracaoefe.com\/fr\/wp-json\/wp\/v2\/posts\/3435\/revisions\/3437"}],"wp:featuredmedia":[{"embeddable":true,"href":"https:\/\/www.oracaoefe.com\/fr\/wp-json\/wp\/v2\/media\/3436"}],"wp:attachment":[{"href":"https:\/\/www.oracaoefe.com\/fr\/wp-json\/wp\/v2\/media?parent=3435"}],"wp:term":[{"taxonomy":"category","embeddable":true,"href":"https:\/\/www.oracaoefe.com\/fr\/wp-json\/wp\/v2\/categories?post=3435"},{"taxonomy":"post_tag","embeddable":true,"href":"https:\/\/www.oracaoefe.com\/fr\/wp-json\/wp\/v2\/tags?post=3435"}],"curies":[{"name":"wp","href":"https:\/\/api.w.org\/{rel}","templated":true}]}}