{"id":3408,"date":"2025-02-12T06:00:00","date_gmt":"2025-02-12T09:00:00","guid":{"rendered":"https:\/\/www.oracaoefe.com\/?p=3408"},"modified":"2025-01-23T18:21:52","modified_gmt":"2025-01-23T21:21:52","slug":"o-abraco-de-jesus-veja-a-plataforma-que-cria-a-animacao-de-fe","status":"publish","type":"post","link":"https:\/\/www.oracaoefe.com\/fr\/o-abraco-de-jesus-veja-a-plataforma-que-cria-a-animacao-de-fe\/","title":{"rendered":"O abra\u00e7o de Jesus: veja a plataforma que cria a anima\u00e7\u00e3o de f\u00e9"},"content":{"rendered":"<p class=\"wp-block-paragraph\">Voc\u00ea j\u00e1 imaginou poder personalizar anima\u00e7\u00f5es que falam diretamente ao seu cora\u00e7\u00e3o? Com a Pixverse, isso \u00e9 mais do que poss\u00edvel, \u00e9 inspirador. &#8220;O abra\u00e7o de Jesus&#8221; usa essa plataforma incr\u00edvel para criar anima\u00e7\u00f5es que n\u00e3o s\u00f3 contam hist\u00f3rias, mas que interagem com voc\u00ea, proporcionando uma experi\u00eancia realmente \u00fanica de f\u00e9. Vamos conhecer como a Pixverse pode transformar sua maneira de vivenciar ensinamentos espirituais atrav\u00e9s da tecnologia.<\/p>\n\n\n\n<figure class=\"wp-block-image size-large\"><img loading=\"lazy\" decoding=\"async\" width=\"1024\" height=\"585\" src=\"https:\/\/www.oracaoefe.com\/wp-content\/uploads\/2025\/01\/image-6-1024x585.png\" alt=\"\" class=\"wp-image-3418\" srcset=\"https:\/\/www.oracaoefe.com\/wp-content\/uploads\/2025\/01\/image-6-1024x585.png 1024w, https:\/\/www.oracaoefe.com\/wp-content\/uploads\/2025\/01\/image-6-300x171.png 300w, https:\/\/www.oracaoefe.com\/wp-content\/uploads\/2025\/01\/image-6-768x439.png 768w, https:\/\/www.oracaoefe.com\/wp-content\/uploads\/2025\/01\/image-6-18x10.png 18w, https:\/\/www.oracaoefe.com\/wp-content\/uploads\/2025\/01\/image-6.png 1280w\" sizes=\"auto, (max-width: 1024px) 100vw, 1024px\" \/><\/figure>\n\n\n\n<h2 class=\"wp-block-heading\">Pixverse: Inova\u00e7\u00e3o ao seu alcance<\/h2>\n\n\n\n<p class=\"wp-block-paragraph\">Imagine uma plataforma que permite moldar hist\u00f3rias de f\u00e9 como se fossem suas pr\u00f3prias experi\u00eancias. Isso \u00e9 o que a Pixverse faz. Com apenas alguns cliques, voc\u00ea pode alterar personagens, cen\u00e1rios e at\u00e9 di\u00e1logos. \u00c9 como ter o poder de dar vida \u00e0s suas ora\u00e7\u00f5es e pensamentos mais profundos atrav\u00e9s de anima\u00e7\u00f5es personalizadas.<\/p>\n\n\n\n<h3 class=\"wp-block-heading\">Por que escolher a Pixverse?<\/h3>\n\n\n\n<ol class=\"wp-block-list\">\n<li><strong>Personaliza\u00e7\u00e3o ao extremo<\/strong>: Quer ver uma hist\u00f3ria que espelha sua pr\u00f3pria jornada espiritual? A Pixverse permite isso. Cada elemento pode ser ajustado para refletir suas pr\u00f3prias experi\u00eancias e insights.<\/li>\n\n\n\n<li><strong>Interatividade que envolve<\/strong>: N\u00e3o \u00e9 apenas assistir; \u00e9 participar. Voc\u00ea decide como as hist\u00f3rias se desenrolam, escolhendo caminhos que fazem sentido para voc\u00ea. Cada escolha \u00e9 um passo na sua jornada espiritual.<\/li>\n\n\n\n<li><strong>Acessibilidade total<\/strong>: Em casa ou na igreja, no \u00f4nibus ou esperando numa fila \u2014 a Pixverse traz o sagrado para o seu dia a dia, acess\u00edvel de qualquer dispositivo. \u00c9 a f\u00e9 sem fronteiras, literalmente ao alcance de suas m\u00e3os.<\/li>\n<\/ol>\n\n\n\n<h3 class=\"wp-block-heading\">Como a Pixverse toca os cora\u00e7\u00f5es<\/h3>\n\n\n\n<p class=\"wp-block-paragraph\">Vamos falar sobre &#8220;O abra\u00e7o de Jesus&#8221;. Esta anima\u00e7\u00e3o n\u00e3o \u00e9 apenas uma hist\u00f3ria; \u00e9 uma experi\u00eancia que convida \u00e0 reflex\u00e3o. Voc\u00ea j\u00e1 sentiu como se uma hist\u00f3ria fosse feita s\u00f3 para voc\u00ea? \u00c9 assim que a Pixverse trabalha, conectando a narrativa com sua vida, seus questionamentos e suas esperan\u00e7as.<\/p>\n\n\n\n<h4 class=\"wp-block-heading\">Transforme sua experi\u00eancia de f\u00e9<\/h4>\n\n\n\n<p class=\"wp-block-paragraph\">A Pixverse n\u00e3o apenas conta hist\u00f3rias, ela as faz ressoar com a sua alma. Ao personalizar uma anima\u00e7\u00e3o, voc\u00ea est\u00e1 criando um espa\u00e7o para di\u00e1logo com o divino. Imagine que cada cena, cada palavra, cada virada de trama \u00e9 uma ponte para entender melhor a sua f\u00e9.<\/p>\n\n\n\n<h2 class=\"wp-block-heading\">Um abra\u00e7o de Jesus<\/h2>\n\n\n\n<p class=\"wp-block-paragraph\">Com a Pixverse, &#8220;O abra\u00e7o de Jesus&#8221; se torna mais do que uma anima\u00e7\u00e3o; \u00e9 uma jornada pessoal que voc\u00ea molda e experi\u00eancia. \u00c9 sobre ver a f\u00e9 em a\u00e7\u00e3o de um jeito que voc\u00ea nunca viu antes. Se voc\u00ea est\u00e1 procurando uma nova maneira de conectar-se espiritualmente, d\u00ea uma chance para esta plataforma. Pode ser que voc\u00ea descubra n\u00e3o apenas hist\u00f3rias de f\u00e9, mas o reflexo da sua pr\u00f3pria alma.<\/p>\n\n\n\n<p class=\"wp-block-paragraph\">Espero que essa explora\u00e7\u00e3o tenha ressoado com voc\u00ea e mostrado o poder transformador da Pixverse na sua jornada de f\u00e9. Se voc\u00ea tiver alguma d\u00favida ou quiser saber mais, n\u00e3o hesite em se aprofundar e explorar as possibilidades que essa plataforma pode oferecer. Sua f\u00e9 merece essa nova dimens\u00e3o de express\u00e3o, n\u00e3o acha?<\/p>\n\n\n\n<p class=\"wp-block-paragraph\"><strong>Voir aussi\u00a0: <a href=\"https:\/\/www.oracaoefe.com\/fr\/oracao-para-comecar-o-dia-ame-o-seu-proximo\/\">Pri\u00e8re pour commencer la journ\u00e9e : Aimez votre prochain !<\/a><\/strong><\/p>\n\n\n\n<p class=\"wp-block-paragraph\">12 de fevereiro de 2025<\/p>","protected":false},"excerpt":{"rendered":"<p>Voc\u00ea j\u00e1 imaginou poder personalizar anima\u00e7\u00f5es que falam diretamente ao seu cora\u00e7\u00e3o? Com a Pixverse, isso \u00e9 mais do que poss\u00edvel, \u00e9 inspirador. &#8220;O abra\u00e7o de Jesus&#8221; usa essa plataforma incr\u00edvel para criar anima\u00e7\u00f5es que n\u00e3o s\u00f3 contam hist\u00f3rias, mas que interagem com voc\u00ea, proporcionando uma experi\u00eancia realmente \u00fanica de f\u00e9. Vamos conhecer como a&hellip;&nbsp;<\/p>","protected":false},"author":3,"featured_media":3418,"comment_status":"closed","ping_status":"closed","sticky":false,"template":"","format":"standard","meta":{"neve_meta_sidebar":"","neve_meta_container":"","neve_meta_enable_content_width":"","neve_meta_content_width":0,"neve_meta_title_alignment":"","neve_meta_author_avatar":"","neve_post_elements_order":"","neve_meta_disable_header":"","neve_meta_disable_footer":"","neve_meta_disable_title":"","footnotes":""},"categories":[3],"tags":[],"class_list":["post-3408","post","type-post","status-publish","format-standard","has-post-thumbnail","hentry","category-fe"],"yoast_head":"<!-- This site is optimized with the Yoast SEO plugin v28.4 - https:\/\/yoast.com\/product\/yoast-seo-wordpress\/ -->\n<title>O abra\u00e7o de Jesus: veja a plataforma que cria a anima\u00e7\u00e3o de f\u00e9 - Ora\u00e7\u00e3o e F\u00e9<\/title>\n<meta name=\"description\" content=\"Deus tem pra voc\u00ea uma palavra de vida!\" \/>\n<meta name=\"robots\" content=\"index, follow, max-snippet:-1, max-image-preview:large, max-video-preview:-1\" \/>\n<link rel=\"canonical\" href=\"https:\/\/www.oracaoefe.com\/fr\/o-abraco-de-jesus-veja-a-plataforma-que-cria-a-animacao-de-fe\/\" \/>\n<meta property=\"og:locale\" content=\"fr_FR\" \/>\n<meta property=\"og:type\" content=\"article\" \/>\n<meta property=\"og:title\" content=\"O abra\u00e7o de Jesus: veja a plataforma que cria a anima\u00e7\u00e3o de f\u00e9 - Ora\u00e7\u00e3o e F\u00e9\" \/>\n<meta property=\"og:description\" content=\"Deus tem pra voc\u00ea uma palavra de vida!\" \/>\n<meta property=\"og:url\" content=\"https:\/\/www.oracaoefe.com\/fr\/o-abraco-de-jesus-veja-a-plataforma-que-cria-a-animacao-de-fe\/\" \/>\n<meta property=\"og:site_name\" content=\"Ora\u00e7\u00e3o e F\u00e9\" \/>\n<meta property=\"article:published_time\" content=\"2025-02-12T09:00:00+00:00\" \/>\n<meta property=\"og:image\" content=\"https:\/\/www.oracaoefe.com\/wp-content\/uploads\/2025\/01\/image-6.png\" \/>\n\t<meta property=\"og:image:width\" content=\"1280\" \/>\n\t<meta property=\"og:image:height\" content=\"731\" \/>\n\t<meta property=\"og:image:type\" content=\"image\/png\" \/>\n<meta name=\"author\" content=\"Michele Azevedo\" \/>\n<meta name=\"twitter:card\" content=\"summary_large_image\" \/>\n<meta name=\"twitter:label1\" content=\"\u00c9crit par\" \/>\n\t<meta name=\"twitter:data1\" content=\"Michele Azevedo\" \/>\n\t<meta name=\"twitter:label2\" content=\"Dur\u00e9e de lecture estim\u00e9e\" \/>\n\t<meta name=\"twitter:data2\" content=\"3 minutes\" \/>\n<script type=\"application\/ld+json\" class=\"yoast-schema-graph\">{\"@context\":\"https:\\\/\\\/schema.org\",\"@graph\":[{\"@type\":\"Article\",\"@id\":\"https:\\\/\\\/www.oracaoefe.com\\\/o-abraco-de-jesus-veja-a-plataforma-que-cria-a-animacao-de-fe\\\/#article\",\"isPartOf\":{\"@id\":\"https:\\\/\\\/www.oracaoefe.com\\\/o-abraco-de-jesus-veja-a-plataforma-que-cria-a-animacao-de-fe\\\/\"},\"author\":{\"name\":\"Michele Azevedo\",\"@id\":\"https:\\\/\\\/www.oracaoefe.com\\\/#\\\/schema\\\/person\\\/17283c669442cf005c4d5bb58adfb7f5\"},\"headline\":\"O abra\u00e7o de Jesus: veja a plataforma que cria a anima\u00e7\u00e3o de f\u00e9\",\"datePublished\":\"2025-02-12T09:00:00+00:00\",\"mainEntityOfPage\":{\"@id\":\"https:\\\/\\\/www.oracaoefe.com\\\/o-abraco-de-jesus-veja-a-plataforma-que-cria-a-animacao-de-fe\\\/\"},\"wordCount\":541,\"image\":{\"@id\":\"https:\\\/\\\/www.oracaoefe.com\\\/o-abraco-de-jesus-veja-a-plataforma-que-cria-a-animacao-de-fe\\\/#primaryimage\"},\"thumbnailUrl\":\"https:\\\/\\\/www.oracaoefe.com\\\/wp-content\\\/uploads\\\/2025\\\/01\\\/image-6.png\",\"articleSection\":[\"F\u00e9\"],\"inLanguage\":\"fr-FR\"},{\"@type\":\"WebPage\",\"@id\":\"https:\\\/\\\/www.oracaoefe.com\\\/o-abraco-de-jesus-veja-a-plataforma-que-cria-a-animacao-de-fe\\\/\",\"url\":\"https:\\\/\\\/www.oracaoefe.com\\\/o-abraco-de-jesus-veja-a-plataforma-que-cria-a-animacao-de-fe\\\/\",\"name\":\"O abra\u00e7o de Jesus: veja a plataforma que cria a anima\u00e7\u00e3o de f\u00e9 - Ora\u00e7\u00e3o e F\u00e9\",\"isPartOf\":{\"@id\":\"https:\\\/\\\/www.oracaoefe.com\\\/#website\"},\"primaryImageOfPage\":{\"@id\":\"https:\\\/\\\/www.oracaoefe.com\\\/o-abraco-de-jesus-veja-a-plataforma-que-cria-a-animacao-de-fe\\\/#primaryimage\"},\"image\":{\"@id\":\"https:\\\/\\\/www.oracaoefe.com\\\/o-abraco-de-jesus-veja-a-plataforma-que-cria-a-animacao-de-fe\\\/#primaryimage\"},\"thumbnailUrl\":\"https:\\\/\\\/www.oracaoefe.com\\\/wp-content\\\/uploads\\\/2025\\\/01\\\/image-6.png\",\"datePublished\":\"2025-02-12T09:00:00+00:00\",\"author\":{\"@id\":\"https:\\\/\\\/www.oracaoefe.com\\\/#\\\/schema\\\/person\\\/17283c669442cf005c4d5bb58adfb7f5\"},\"description\":\"Deus tem pra voc\u00ea uma palavra de vida!\",\"breadcrumb\":{\"@id\":\"https:\\\/\\\/www.oracaoefe.com\\\/o-abraco-de-jesus-veja-a-plataforma-que-cria-a-animacao-de-fe\\\/#breadcrumb\"},\"inLanguage\":\"fr-FR\",\"potentialAction\":[{\"@type\":\"ReadAction\",\"target\":[\"https:\\\/\\\/www.oracaoefe.com\\\/o-abraco-de-jesus-veja-a-plataforma-que-cria-a-animacao-de-fe\\\/\"]}]},{\"@type\":\"ImageObject\",\"inLanguage\":\"fr-FR\",\"@id\":\"https:\\\/\\\/www.oracaoefe.com\\\/o-abraco-de-jesus-veja-a-plataforma-que-cria-a-animacao-de-fe\\\/#primaryimage\",\"url\":\"https:\\\/\\\/www.oracaoefe.com\\\/wp-content\\\/uploads\\\/2025\\\/01\\\/image-6.png\",\"contentUrl\":\"https:\\\/\\\/www.oracaoefe.com\\\/wp-content\\\/uploads\\\/2025\\\/01\\\/image-6.png\",\"width\":1280,\"height\":731},{\"@type\":\"BreadcrumbList\",\"@id\":\"https:\\\/\\\/www.oracaoefe.com\\\/o-abraco-de-jesus-veja-a-plataforma-que-cria-a-animacao-de-fe\\\/#breadcrumb\",\"itemListElement\":[{\"@type\":\"ListItem\",\"position\":1,\"name\":\"Home\",\"item\":\"https:\\\/\\\/www.oracaoefe.com\\\/\"},{\"@type\":\"ListItem\",\"position\":2,\"name\":\"F\u00e9\",\"item\":\"https:\\\/\\\/www.oracaoefe.com\\\/es\\\/categoria\\\/fe\\\/\"},{\"@type\":\"ListItem\",\"position\":3,\"name\":\"O abra\u00e7o de Jesus: veja a plataforma que cria a anima\u00e7\u00e3o de f\u00e9\"}]},{\"@type\":\"WebSite\",\"@id\":\"https:\\\/\\\/www.oracaoefe.com\\\/#website\",\"url\":\"https:\\\/\\\/www.oracaoefe.com\\\/\",\"name\":\"Ora\u00e7\u00e3o e F\u00e9\",\"description\":\"\",\"potentialAction\":[{\"@type\":\"SearchAction\",\"target\":{\"@type\":\"EntryPoint\",\"urlTemplate\":\"https:\\\/\\\/www.oracaoefe.com\\\/?s={search_term_string}\"},\"query-input\":{\"@type\":\"PropertyValueSpecification\",\"valueRequired\":true,\"valueName\":\"search_term_string\"}}],\"inLanguage\":\"fr-FR\"},{\"@type\":\"Person\",\"@id\":\"https:\\\/\\\/www.oracaoefe.com\\\/#\\\/schema\\\/person\\\/17283c669442cf005c4d5bb58adfb7f5\",\"name\":\"Michele Azevedo\",\"image\":{\"@type\":\"ImageObject\",\"inLanguage\":\"fr-FR\",\"@id\":\"https:\\\/\\\/secure.gravatar.com\\\/avatar\\\/6b0eb9d22841282815e2cd856a0061c45e1761cd54b22e952d98c4746939aa85?s=96&d=mm&r=g\",\"url\":\"https:\\\/\\\/secure.gravatar.com\\\/avatar\\\/6b0eb9d22841282815e2cd856a0061c45e1761cd54b22e952d98c4746939aa85?s=96&d=mm&r=g\",\"contentUrl\":\"https:\\\/\\\/secure.gravatar.com\\\/avatar\\\/6b0eb9d22841282815e2cd856a0061c45e1761cd54b22e952d98c4746939aa85?s=96&d=mm&r=g\",\"caption\":\"Michele Azevedo\"},\"description\":\"Formada em Letras - Portugu\u00eas\\\/ Ingl\u00eas pela Universidade Estadual de Ponta Grossa (UEPG), p\u00f3s-graduada em Arte na Educa\u00e7\u00e3o (FAPI) e Psicopedagogia Escolar (FAPI), idealizadora e propriet\u00e1ria do site Escritora de Sucesso, possui experi\u00eancia em escrita para blogs em geral e atua como redatora e revisora dos conte\u00fados do Ora\u00e7\u00e3o e F\u00e9.\",\"url\":\"https:\\\/\\\/www.oracaoefe.com\\\/fr\\\/author\\\/michele-azevedo\\\/\"}]}<\/script>\n<!-- \/ Yoast SEO plugin. -->","yoast_head_json":{"title":"O abra\u00e7o de Jesus: veja a plataforma que cria a anima\u00e7\u00e3o de f\u00e9 - Ora\u00e7\u00e3o e F\u00e9","description":"Dieu a une parole de vie pour vous !","robots":{"index":"index","follow":"follow","max-snippet":"max-snippet:-1","max-image-preview":"max-image-preview:large","max-video-preview":"max-video-preview:-1"},"canonical":"https:\/\/www.oracaoefe.com\/fr\/o-abraco-de-jesus-veja-a-plataforma-que-cria-a-animacao-de-fe\/","og_locale":"fr_FR","og_type":"article","og_title":"O abra\u00e7o de Jesus: veja a plataforma que cria a anima\u00e7\u00e3o de f\u00e9 - Ora\u00e7\u00e3o e F\u00e9","og_description":"Deus tem pra voc\u00ea uma palavra de vida!","og_url":"https:\/\/www.oracaoefe.com\/fr\/o-abraco-de-jesus-veja-a-plataforma-que-cria-a-animacao-de-fe\/","og_site_name":"Ora\u00e7\u00e3o e F\u00e9","article_published_time":"2025-02-12T09:00:00+00:00","og_image":[{"width":1280,"height":731,"url":"https:\/\/www.oracaoefe.com\/wp-content\/uploads\/2025\/01\/image-6.png","type":"image\/png"}],"author":"Michele Azevedo","twitter_card":"summary_large_image","twitter_misc":{"\u00c9crit par":"Michele Azevedo","Dur\u00e9e de lecture estim\u00e9e":"3 minutes"},"schema":{"@context":"https:\/\/schema.org","@graph":[{"@type":"Article","@id":"https:\/\/www.oracaoefe.com\/o-abraco-de-jesus-veja-a-plataforma-que-cria-a-animacao-de-fe\/#article","isPartOf":{"@id":"https:\/\/www.oracaoefe.com\/o-abraco-de-jesus-veja-a-plataforma-que-cria-a-animacao-de-fe\/"},"author":{"name":"Michele Azevedo","@id":"https:\/\/www.oracaoefe.com\/#\/schema\/person\/17283c669442cf005c4d5bb58adfb7f5"},"headline":"O abra\u00e7o de Jesus: veja a plataforma que cria a anima\u00e7\u00e3o de f\u00e9","datePublished":"2025-02-12T09:00:00+00:00","mainEntityOfPage":{"@id":"https:\/\/www.oracaoefe.com\/o-abraco-de-jesus-veja-a-plataforma-que-cria-a-animacao-de-fe\/"},"wordCount":541,"image":{"@id":"https:\/\/www.oracaoefe.com\/o-abraco-de-jesus-veja-a-plataforma-que-cria-a-animacao-de-fe\/#primaryimage"},"thumbnailUrl":"https:\/\/www.oracaoefe.com\/wp-content\/uploads\/2025\/01\/image-6.png","articleSection":["F\u00e9"],"inLanguage":"fr-FR"},{"@type":"WebPage","@id":"https:\/\/www.oracaoefe.com\/o-abraco-de-jesus-veja-a-plataforma-que-cria-a-animacao-de-fe\/","url":"https:\/\/www.oracaoefe.com\/o-abraco-de-jesus-veja-a-plataforma-que-cria-a-animacao-de-fe\/","name":"O abra\u00e7o de Jesus: veja a plataforma que cria a anima\u00e7\u00e3o de f\u00e9 - Ora\u00e7\u00e3o e F\u00e9","isPartOf":{"@id":"https:\/\/www.oracaoefe.com\/#website"},"primaryImageOfPage":{"@id":"https:\/\/www.oracaoefe.com\/o-abraco-de-jesus-veja-a-plataforma-que-cria-a-animacao-de-fe\/#primaryimage"},"image":{"@id":"https:\/\/www.oracaoefe.com\/o-abraco-de-jesus-veja-a-plataforma-que-cria-a-animacao-de-fe\/#primaryimage"},"thumbnailUrl":"https:\/\/www.oracaoefe.com\/wp-content\/uploads\/2025\/01\/image-6.png","datePublished":"2025-02-12T09:00:00+00:00","author":{"@id":"https:\/\/www.oracaoefe.com\/#\/schema\/person\/17283c669442cf005c4d5bb58adfb7f5"},"description":"Dieu a une parole de vie pour vous !","breadcrumb":{"@id":"https:\/\/www.oracaoefe.com\/o-abraco-de-jesus-veja-a-plataforma-que-cria-a-animacao-de-fe\/#breadcrumb"},"inLanguage":"fr-FR","potentialAction":[{"@type":"ReadAction","target":["https:\/\/www.oracaoefe.com\/o-abraco-de-jesus-veja-a-plataforma-que-cria-a-animacao-de-fe\/"]}]},{"@type":"ImageObject","inLanguage":"fr-FR","@id":"https:\/\/www.oracaoefe.com\/o-abraco-de-jesus-veja-a-plataforma-que-cria-a-animacao-de-fe\/#primaryimage","url":"https:\/\/www.oracaoefe.com\/wp-content\/uploads\/2025\/01\/image-6.png","contentUrl":"https:\/\/www.oracaoefe.com\/wp-content\/uploads\/2025\/01\/image-6.png","width":1280,"height":731},{"@type":"BreadcrumbList","@id":"https:\/\/www.oracaoefe.com\/o-abraco-de-jesus-veja-a-plataforma-que-cria-a-animacao-de-fe\/#breadcrumb","itemListElement":[{"@type":"ListItem","position":1,"name":"Home","item":"https:\/\/www.oracaoefe.com\/"},{"@type":"ListItem","position":2,"name":"F\u00e9","item":"https:\/\/www.oracaoefe.com\/es\/categoria\/fe\/"},{"@type":"ListItem","position":3,"name":"O abra\u00e7o de Jesus: veja a plataforma que cria a anima\u00e7\u00e3o de f\u00e9"}]},{"@type":"WebSite","@id":"https:\/\/www.oracaoefe.com\/#website","url":"https:\/\/www.oracaoefe.com\/","name":"Pri\u00e8re et foi","description":"","potentialAction":[{"@type":"SearchAction","target":{"@type":"EntryPoint","urlTemplate":"https:\/\/www.oracaoefe.com\/?s={search_term_string}"},"query-input":{"@type":"PropertyValueSpecification","valueRequired":true,"valueName":"search_term_string"}}],"inLanguage":"fr-FR"},{"@type":"Person","@id":"https:\/\/www.oracaoefe.com\/#\/schema\/person\/17283c669442cf005c4d5bb58adfb7f5","name":"Michele Azevedo","image":{"@type":"ImageObject","inLanguage":"fr-FR","@id":"https:\/\/secure.gravatar.com\/avatar\/6b0eb9d22841282815e2cd856a0061c45e1761cd54b22e952d98c4746939aa85?s=96&d=mm&r=g","url":"https:\/\/secure.gravatar.com\/avatar\/6b0eb9d22841282815e2cd856a0061c45e1761cd54b22e952d98c4746939aa85?s=96&d=mm&r=g","contentUrl":"https:\/\/secure.gravatar.com\/avatar\/6b0eb9d22841282815e2cd856a0061c45e1761cd54b22e952d98c4746939aa85?s=96&d=mm&r=g","caption":"Michele Azevedo"},"description":"Dipl\u00f4m\u00e9e en litt\u00e9rature portugaise\/anglaise de l&#039;Universit\u00e9 d&#039;\u00c9tat de Ponta Grossa (UEPG), avec des dipl\u00f4mes de troisi\u00e8me cycle en art dans l&#039;\u00e9ducation (FAPI) et en psychop\u00e9dagogie scolaire (FAPI), elle est la cr\u00e9atrice et propri\u00e9taire du site web Escritora de Sucesso, a de l&#039;exp\u00e9rience dans l&#039;\u00e9criture pour les blogs en g\u00e9n\u00e9ral et travaille comme r\u00e9dactrice et \u00e9ditrice du contenu pour Ora\u00e7\u00e3o e F\u00e9.","url":"https:\/\/www.oracaoefe.com\/fr\/author\/michele-azevedo\/"}]}},"_links":{"self":[{"href":"https:\/\/www.oracaoefe.com\/fr\/wp-json\/wp\/v2\/posts\/3408","targetHints":{"allow":["GET"]}}],"collection":[{"href":"https:\/\/www.oracaoefe.com\/fr\/wp-json\/wp\/v2\/posts"}],"about":[{"href":"https:\/\/www.oracaoefe.com\/fr\/wp-json\/wp\/v2\/types\/post"}],"author":[{"embeddable":true,"href":"https:\/\/www.oracaoefe.com\/fr\/wp-json\/wp\/v2\/users\/3"}],"replies":[{"embeddable":true,"href":"https:\/\/www.oracaoefe.com\/fr\/wp-json\/wp\/v2\/comments?post=3408"}],"version-history":[{"count":2,"href":"https:\/\/www.oracaoefe.com\/fr\/wp-json\/wp\/v2\/posts\/3408\/revisions"}],"predecessor-version":[{"id":3426,"href":"https:\/\/www.oracaoefe.com\/fr\/wp-json\/wp\/v2\/posts\/3408\/revisions\/3426"}],"wp:featuredmedia":[{"embeddable":true,"href":"https:\/\/www.oracaoefe.com\/fr\/wp-json\/wp\/v2\/media\/3418"}],"wp:attachment":[{"href":"https:\/\/www.oracaoefe.com\/fr\/wp-json\/wp\/v2\/media?parent=3408"}],"wp:term":[{"taxonomy":"category","embeddable":true,"href":"https:\/\/www.oracaoefe.com\/fr\/wp-json\/wp\/v2\/categories?post=3408"},{"taxonomy":"post_tag","embeddable":true,"href":"https:\/\/www.oracaoefe.com\/fr\/wp-json\/wp\/v2\/tags?post=3408"}],"curies":[{"name":"wp","href":"https:\/\/api.w.org\/{rel}","templated":true}]}}