{"id":3406,"date":"2025-02-09T06:00:00","date_gmt":"2025-02-09T09:00:00","guid":{"rendered":"https:\/\/www.oracaoefe.com\/?p=3406"},"modified":"2025-01-23T18:21:50","modified_gmt":"2025-01-23T21:21:50","slug":"luta-pela-fe-veja-a-sinopse-do-filme","status":"publish","type":"post","link":"https:\/\/www.oracaoefe.com\/fr\/luta-pela-fe-veja-a-sinopse-do-filme\/","title":{"rendered":"Luta pela f\u00e9: veja a sinopse do filme"},"content":{"rendered":"<p class=\"wp-block-paragraph\">&#8220;Luta pela f\u00e9&#8221; \u00e9 um filme inspirador que narra a jornada de um homem em busca de reden\u00e7\u00e3o e significado atrav\u00e9s da sua rela\u00e7\u00e3o com a f\u00e9. Este drama, envolvente e emocionante, explora temas de perd\u00e3o, resili\u00eancia e a busca constante pelo prop\u00f3sito espiritual em meio a adversidades. Vamos mergulhar na sinopse deste filme que tem tocado o cora\u00e7\u00e3o de muitos espectadores.<\/p>\n\n\n\n<figure class=\"wp-block-image size-large\"><img loading=\"lazy\" decoding=\"async\" width=\"1024\" height=\"683\" src=\"https:\/\/www.oracaoefe.com\/wp-content\/uploads\/2025\/01\/image-5-1024x683.png\" alt=\"\" class=\"wp-image-3417\" srcset=\"https:\/\/www.oracaoefe.com\/wp-content\/uploads\/2025\/01\/image-5-1024x683.png 1024w, https:\/\/www.oracaoefe.com\/wp-content\/uploads\/2025\/01\/image-5-300x200.png 300w, https:\/\/www.oracaoefe.com\/wp-content\/uploads\/2025\/01\/image-5-768x512.png 768w, https:\/\/www.oracaoefe.com\/wp-content\/uploads\/2025\/01\/image-5-18x12.png 18w, https:\/\/www.oracaoefe.com\/wp-content\/uploads\/2025\/01\/image-5.png 1170w\" sizes=\"auto, (max-width: 1024px) 100vw, 1024px\" \/><\/figure>\n\n\n\n<h2 class=\"wp-block-heading\">Sinopse de &#8220;Luta pela f\u00e9&#8221;<\/h2>\n\n\n\n<p class=\"wp-block-paragraph\">O filme segue a hist\u00f3ria de Daniel, um ex-boxeador que lutou contra numerosos desafios, tanto dentro quanto fora do ringue. Depois de uma carreira promissora que \u00e9 abruptamente interrompida por uma les\u00e3o grave, Daniel se v\u00ea perdido e sem dire\u00e7\u00e3o. Sua jornada de queda e reden\u00e7\u00e3o come\u00e7a com um encontro inesperado em um centro de reabilita\u00e7\u00e3o, onde ele conhece Esther, uma capel\u00e3 que introduz Daniel \u00e0 f\u00e9 crist\u00e3.<\/p>\n\n\n\n<h3 class=\"wp-block-heading\">Personagens principais<\/h3>\n\n\n\n<ul class=\"wp-block-list\">\n<li><strong>Daniel<\/strong>: Um ex-boxeador cuja vida toma um rumo inesperado ap\u00f3s uma les\u00e3o que encerra sua carreira. Ele luta com quest\u00f5es de identidade, prop\u00f3sito e reden\u00e7\u00e3o.<\/li>\n\n\n\n<li><strong>Esther<\/strong>: Capel\u00e3 do centro de reabilita\u00e7\u00e3o, cuja f\u00e9 inabal\u00e1vel e compaix\u00e3o por Daniel o ajudam a encontrar um novo caminho. Ela \u00e9 o pilar espiritual do filme, oferecendo sabedoria e orienta\u00e7\u00e3o.<\/li>\n<\/ul>\n\n\n\n<h3 class=\"wp-block-heading\">Enredo e desenvolvimento<\/h3>\n\n\n\n<p class=\"wp-block-paragraph\">Enquanto Daniel luta para aceitar sua nova realidade, ele \u00e9 confrontado com seus dem\u00f4nios internos e os erros do passado que continuam a assombr\u00e1-lo. Atrav\u00e9s de sua amizade com Esther e os ensinamentos que ela compartilha, Daniel come\u00e7a a ver a f\u00e9 como uma forma de purificar sua vida e buscar perd\u00e3o pelas suas falhas.<\/p>\n\n\n\n<p class=\"wp-block-paragraph\">Esther, usando sua experi\u00eancia e paci\u00eancia, guia Daniel atrav\u00e9s de suas d\u00favidas e medos, ensinando-o sobre a import\u00e2ncia da ora\u00e7\u00e3o, do servi\u00e7o aos outros e do amor ao pr\u00f3ximo. \u00c0 medida que Daniel se envolve mais com a comunidade da igreja local, ele encontra um novo sentido de comunidade e esperan\u00e7a.<\/p>\n\n\n\n<h2 class=\"wp-block-heading\">Temas explorados<\/h2>\n\n\n\n<p class=\"wp-block-paragraph\">&#8220;Luta pela f\u00e9&#8221; aborda profundamente os temas de transforma\u00e7\u00e3o pessoal e espiritual. O filme destaca a luta de uma pessoa para encontrar paz interior e prop\u00f3sito atrav\u00e9s da f\u00e9, mesmo quando enfrenta obst\u00e1culos aparentemente insuper\u00e1veis. Ele tamb\u00e9m explora a capacidade de perd\u00e3o, tanto divino quanto humano, e como essa pr\u00e1tica pode levar \u00e0 cura e ao renascimento.<\/p>\n\n\n\n<h2 class=\"wp-block-heading\">Impacto e recep\u00e7\u00e3o<\/h2>\n\n\n\n<p class=\"wp-block-paragraph\">O filme foi bem recebido por cr\u00edticos e p\u00fablico por sua narrativa aut\u00eantica e performances poderosas. A habilidade de &#8220;Luta pela f\u00e9&#8221; em tratar de quest\u00f5es espirituais complexas de uma maneira acess\u00edvel tem sido elogiada, assim como sua capacidade de inspirar e motivar os espectadores a refletirem sobre suas pr\u00f3prias vidas e cren\u00e7as.<\/p>\n\n\n\n<h2 class=\"wp-block-heading\">Um filme para refletir<\/h2>\n\n\n\n<p class=\"wp-block-paragraph\">&#8220;Luta pela f\u00e9&#8221; \u00e9 um filme que n\u00e3o apenas entretem, mas tamb\u00e9m provoca reflex\u00e3o, oferecendo uma janela para as lutas e triunfos da jornada espiritual de um homem. \u00c9 uma obra que ressoa com qualquer um que j\u00e1 enfrentou desafios em busca de reden\u00e7\u00e3o e um sentido mais profundo para a vida. Ao assistir a &#8220;Luta pela f\u00e9&#8221;, os espectadores s\u00e3o convidados a explorar suas pr\u00f3prias cren\u00e7as e a for\u00e7a transformadora da f\u00e9.<\/p>\n\n\n\n<p class=\"wp-block-paragraph\"><strong>Voir aussi\u00a0: <a href=\"https:\/\/www.oracaoefe.com\/fr\/oracao-para-comecar-o-dia-ame-o-seu-proximo\/\">Pri\u00e8re pour commencer la journ\u00e9e : Aimez votre prochain !<\/a><\/strong><\/p>\n\n\n\n<p class=\"wp-block-paragraph\">9 de fevereiro de 2025<\/p>","protected":false},"excerpt":{"rendered":"<p>&#8220;Luta pela f\u00e9&#8221; \u00e9 um filme inspirador que narra a jornada de um homem em busca de reden\u00e7\u00e3o e significado atrav\u00e9s da sua rela\u00e7\u00e3o com a f\u00e9. Este drama, envolvente e emocionante, explora temas de perd\u00e3o, resili\u00eancia e a busca constante pelo prop\u00f3sito espiritual em meio a adversidades. Vamos mergulhar na sinopse deste filme que&hellip;&nbsp;<\/p>","protected":false},"author":3,"featured_media":3417,"comment_status":"closed","ping_status":"closed","sticky":false,"template":"","format":"standard","meta":{"neve_meta_sidebar":"","neve_meta_container":"","neve_meta_enable_content_width":"","neve_meta_content_width":0,"neve_meta_title_alignment":"","neve_meta_author_avatar":"","neve_post_elements_order":"","neve_meta_disable_header":"","neve_meta_disable_footer":"","neve_meta_disable_title":"","footnotes":""},"categories":[1],"tags":[],"class_list":["post-3406","post","type-post","status-publish","format-standard","has-post-thumbnail","hentry","category-curiosidades"],"yoast_head":"<!-- This site is optimized with the Yoast SEO plugin v28.4 - https:\/\/yoast.com\/product\/yoast-seo-wordpress\/ -->\n<title>Luta pela f\u00e9: veja a sinopse do filme - Ora\u00e7\u00e3o e F\u00e9<\/title>\n<meta name=\"description\" content=\"Deus tem pra voc\u00ea uma palavra de vida!\" \/>\n<meta name=\"robots\" content=\"index, follow, max-snippet:-1, max-image-preview:large, max-video-preview:-1\" \/>\n<link rel=\"canonical\" href=\"https:\/\/www.oracaoefe.com\/fr\/luta-pela-fe-veja-a-sinopse-do-filme\/\" \/>\n<meta property=\"og:locale\" content=\"fr_FR\" \/>\n<meta property=\"og:type\" content=\"article\" \/>\n<meta property=\"og:title\" content=\"Luta pela f\u00e9: veja a sinopse do filme - Ora\u00e7\u00e3o e F\u00e9\" \/>\n<meta property=\"og:description\" content=\"Deus tem pra voc\u00ea uma palavra de vida!\" \/>\n<meta property=\"og:url\" content=\"https:\/\/www.oracaoefe.com\/fr\/luta-pela-fe-veja-a-sinopse-do-filme\/\" \/>\n<meta property=\"og:site_name\" content=\"Ora\u00e7\u00e3o e F\u00e9\" \/>\n<meta property=\"article:published_time\" content=\"2025-02-09T09:00:00+00:00\" \/>\n<meta property=\"og:image\" content=\"https:\/\/www.oracaoefe.com\/wp-content\/uploads\/2025\/01\/image-5-1024x683.png\" \/>\n\t<meta property=\"og:image:width\" content=\"1024\" \/>\n\t<meta property=\"og:image:height\" content=\"683\" \/>\n\t<meta property=\"og:image:type\" content=\"image\/png\" \/>\n<meta name=\"author\" content=\"Michele Azevedo\" \/>\n<meta name=\"twitter:card\" content=\"summary_large_image\" \/>\n<meta name=\"twitter:label1\" content=\"\u00c9crit par\" \/>\n\t<meta name=\"twitter:data1\" content=\"Michele Azevedo\" \/>\n\t<meta name=\"twitter:label2\" content=\"Dur\u00e9e de lecture estim\u00e9e\" \/>\n\t<meta name=\"twitter:data2\" content=\"3 minutes\" \/>\n<script type=\"application\/ld+json\" class=\"yoast-schema-graph\">{\"@context\":\"https:\\\/\\\/schema.org\",\"@graph\":[{\"@type\":\"Article\",\"@id\":\"https:\\\/\\\/www.oracaoefe.com\\\/luta-pela-fe-veja-a-sinopse-do-filme\\\/#article\",\"isPartOf\":{\"@id\":\"https:\\\/\\\/www.oracaoefe.com\\\/luta-pela-fe-veja-a-sinopse-do-filme\\\/\"},\"author\":{\"name\":\"Michele Azevedo\",\"@id\":\"https:\\\/\\\/www.oracaoefe.com\\\/#\\\/schema\\\/person\\\/17283c669442cf005c4d5bb58adfb7f5\"},\"headline\":\"Luta pela f\u00e9: veja a sinopse do filme\",\"datePublished\":\"2025-02-09T09:00:00+00:00\",\"mainEntityOfPage\":{\"@id\":\"https:\\\/\\\/www.oracaoefe.com\\\/luta-pela-fe-veja-a-sinopse-do-filme\\\/\"},\"wordCount\":571,\"image\":{\"@id\":\"https:\\\/\\\/www.oracaoefe.com\\\/luta-pela-fe-veja-a-sinopse-do-filme\\\/#primaryimage\"},\"thumbnailUrl\":\"https:\\\/\\\/www.oracaoefe.com\\\/wp-content\\\/uploads\\\/2025\\\/01\\\/image-5.png\",\"articleSection\":[\"Curiosidades\"],\"inLanguage\":\"fr-FR\"},{\"@type\":\"WebPage\",\"@id\":\"https:\\\/\\\/www.oracaoefe.com\\\/luta-pela-fe-veja-a-sinopse-do-filme\\\/\",\"url\":\"https:\\\/\\\/www.oracaoefe.com\\\/luta-pela-fe-veja-a-sinopse-do-filme\\\/\",\"name\":\"Luta pela f\u00e9: veja a sinopse do filme - Ora\u00e7\u00e3o e F\u00e9\",\"isPartOf\":{\"@id\":\"https:\\\/\\\/www.oracaoefe.com\\\/#website\"},\"primaryImageOfPage\":{\"@id\":\"https:\\\/\\\/www.oracaoefe.com\\\/luta-pela-fe-veja-a-sinopse-do-filme\\\/#primaryimage\"},\"image\":{\"@id\":\"https:\\\/\\\/www.oracaoefe.com\\\/luta-pela-fe-veja-a-sinopse-do-filme\\\/#primaryimage\"},\"thumbnailUrl\":\"https:\\\/\\\/www.oracaoefe.com\\\/wp-content\\\/uploads\\\/2025\\\/01\\\/image-5.png\",\"datePublished\":\"2025-02-09T09:00:00+00:00\",\"author\":{\"@id\":\"https:\\\/\\\/www.oracaoefe.com\\\/#\\\/schema\\\/person\\\/17283c669442cf005c4d5bb58adfb7f5\"},\"description\":\"Deus tem pra voc\u00ea uma palavra de vida!\",\"breadcrumb\":{\"@id\":\"https:\\\/\\\/www.oracaoefe.com\\\/luta-pela-fe-veja-a-sinopse-do-filme\\\/#breadcrumb\"},\"inLanguage\":\"fr-FR\",\"potentialAction\":[{\"@type\":\"ReadAction\",\"target\":[\"https:\\\/\\\/www.oracaoefe.com\\\/luta-pela-fe-veja-a-sinopse-do-filme\\\/\"]}]},{\"@type\":\"ImageObject\",\"inLanguage\":\"fr-FR\",\"@id\":\"https:\\\/\\\/www.oracaoefe.com\\\/luta-pela-fe-veja-a-sinopse-do-filme\\\/#primaryimage\",\"url\":\"https:\\\/\\\/www.oracaoefe.com\\\/wp-content\\\/uploads\\\/2025\\\/01\\\/image-5.png\",\"contentUrl\":\"https:\\\/\\\/www.oracaoefe.com\\\/wp-content\\\/uploads\\\/2025\\\/01\\\/image-5.png\",\"width\":1170,\"height\":780},{\"@type\":\"BreadcrumbList\",\"@id\":\"https:\\\/\\\/www.oracaoefe.com\\\/luta-pela-fe-veja-a-sinopse-do-filme\\\/#breadcrumb\",\"itemListElement\":[{\"@type\":\"ListItem\",\"position\":1,\"name\":\"Home\",\"item\":\"https:\\\/\\\/www.oracaoefe.com\\\/\"},{\"@type\":\"ListItem\",\"position\":2,\"name\":\"Curiosidades\",\"item\":\"https:\\\/\\\/www.oracaoefe.com\\\/es\\\/categoria\\\/curiosidades\\\/\"},{\"@type\":\"ListItem\",\"position\":3,\"name\":\"Luta pela f\u00e9: veja a sinopse do filme\"}]},{\"@type\":\"WebSite\",\"@id\":\"https:\\\/\\\/www.oracaoefe.com\\\/#website\",\"url\":\"https:\\\/\\\/www.oracaoefe.com\\\/\",\"name\":\"Ora\u00e7\u00e3o e F\u00e9\",\"description\":\"\",\"potentialAction\":[{\"@type\":\"SearchAction\",\"target\":{\"@type\":\"EntryPoint\",\"urlTemplate\":\"https:\\\/\\\/www.oracaoefe.com\\\/?s={search_term_string}\"},\"query-input\":{\"@type\":\"PropertyValueSpecification\",\"valueRequired\":true,\"valueName\":\"search_term_string\"}}],\"inLanguage\":\"fr-FR\"},{\"@type\":\"Person\",\"@id\":\"https:\\\/\\\/www.oracaoefe.com\\\/#\\\/schema\\\/person\\\/17283c669442cf005c4d5bb58adfb7f5\",\"name\":\"Michele Azevedo\",\"image\":{\"@type\":\"ImageObject\",\"inLanguage\":\"fr-FR\",\"@id\":\"https:\\\/\\\/secure.gravatar.com\\\/avatar\\\/6b0eb9d22841282815e2cd856a0061c45e1761cd54b22e952d98c4746939aa85?s=96&d=mm&r=g\",\"url\":\"https:\\\/\\\/secure.gravatar.com\\\/avatar\\\/6b0eb9d22841282815e2cd856a0061c45e1761cd54b22e952d98c4746939aa85?s=96&d=mm&r=g\",\"contentUrl\":\"https:\\\/\\\/secure.gravatar.com\\\/avatar\\\/6b0eb9d22841282815e2cd856a0061c45e1761cd54b22e952d98c4746939aa85?s=96&d=mm&r=g\",\"caption\":\"Michele Azevedo\"},\"description\":\"Formada em Letras - Portugu\u00eas\\\/ Ingl\u00eas pela Universidade Estadual de Ponta Grossa (UEPG), p\u00f3s-graduada em Arte na Educa\u00e7\u00e3o (FAPI) e Psicopedagogia Escolar (FAPI), idealizadora e propriet\u00e1ria do site Escritora de Sucesso, possui experi\u00eancia em escrita para blogs em geral e atua como redatora e revisora dos conte\u00fados do Ora\u00e7\u00e3o e F\u00e9.\",\"url\":\"https:\\\/\\\/www.oracaoefe.com\\\/fr\\\/author\\\/michele-azevedo\\\/\"}]}<\/script>\n<!-- \/ Yoast SEO plugin. -->","yoast_head_json":{"title":"Luta pela f\u00e9: veja a sinopse do filme - Ora\u00e7\u00e3o e F\u00e9","description":"Dieu a une parole de vie pour vous !","robots":{"index":"index","follow":"follow","max-snippet":"max-snippet:-1","max-image-preview":"max-image-preview:large","max-video-preview":"max-video-preview:-1"},"canonical":"https:\/\/www.oracaoefe.com\/fr\/luta-pela-fe-veja-a-sinopse-do-filme\/","og_locale":"fr_FR","og_type":"article","og_title":"Luta pela f\u00e9: veja a sinopse do filme - Ora\u00e7\u00e3o e F\u00e9","og_description":"Deus tem pra voc\u00ea uma palavra de vida!","og_url":"https:\/\/www.oracaoefe.com\/fr\/luta-pela-fe-veja-a-sinopse-do-filme\/","og_site_name":"Ora\u00e7\u00e3o e F\u00e9","article_published_time":"2025-02-09T09:00:00+00:00","og_image":[{"width":1024,"height":683,"url":"https:\/\/www.oracaoefe.com\/wp-content\/uploads\/2025\/01\/image-5-1024x683.png","type":"image\/png"}],"author":"Michele Azevedo","twitter_card":"summary_large_image","twitter_misc":{"\u00c9crit par":"Michele Azevedo","Dur\u00e9e de lecture estim\u00e9e":"3 minutes"},"schema":{"@context":"https:\/\/schema.org","@graph":[{"@type":"Article","@id":"https:\/\/www.oracaoefe.com\/luta-pela-fe-veja-a-sinopse-do-filme\/#article","isPartOf":{"@id":"https:\/\/www.oracaoefe.com\/luta-pela-fe-veja-a-sinopse-do-filme\/"},"author":{"name":"Michele Azevedo","@id":"https:\/\/www.oracaoefe.com\/#\/schema\/person\/17283c669442cf005c4d5bb58adfb7f5"},"headline":"Luta pela f\u00e9: veja a sinopse do filme","datePublished":"2025-02-09T09:00:00+00:00","mainEntityOfPage":{"@id":"https:\/\/www.oracaoefe.com\/luta-pela-fe-veja-a-sinopse-do-filme\/"},"wordCount":571,"image":{"@id":"https:\/\/www.oracaoefe.com\/luta-pela-fe-veja-a-sinopse-do-filme\/#primaryimage"},"thumbnailUrl":"https:\/\/www.oracaoefe.com\/wp-content\/uploads\/2025\/01\/image-5.png","articleSection":["Curiosidades"],"inLanguage":"fr-FR"},{"@type":"WebPage","@id":"https:\/\/www.oracaoefe.com\/luta-pela-fe-veja-a-sinopse-do-filme\/","url":"https:\/\/www.oracaoefe.com\/luta-pela-fe-veja-a-sinopse-do-filme\/","name":"Luta pela f\u00e9: veja a sinopse do filme - Ora\u00e7\u00e3o e F\u00e9","isPartOf":{"@id":"https:\/\/www.oracaoefe.com\/#website"},"primaryImageOfPage":{"@id":"https:\/\/www.oracaoefe.com\/luta-pela-fe-veja-a-sinopse-do-filme\/#primaryimage"},"image":{"@id":"https:\/\/www.oracaoefe.com\/luta-pela-fe-veja-a-sinopse-do-filme\/#primaryimage"},"thumbnailUrl":"https:\/\/www.oracaoefe.com\/wp-content\/uploads\/2025\/01\/image-5.png","datePublished":"2025-02-09T09:00:00+00:00","author":{"@id":"https:\/\/www.oracaoefe.com\/#\/schema\/person\/17283c669442cf005c4d5bb58adfb7f5"},"description":"Dieu a une parole de vie pour vous !","breadcrumb":{"@id":"https:\/\/www.oracaoefe.com\/luta-pela-fe-veja-a-sinopse-do-filme\/#breadcrumb"},"inLanguage":"fr-FR","potentialAction":[{"@type":"ReadAction","target":["https:\/\/www.oracaoefe.com\/luta-pela-fe-veja-a-sinopse-do-filme\/"]}]},{"@type":"ImageObject","inLanguage":"fr-FR","@id":"https:\/\/www.oracaoefe.com\/luta-pela-fe-veja-a-sinopse-do-filme\/#primaryimage","url":"https:\/\/www.oracaoefe.com\/wp-content\/uploads\/2025\/01\/image-5.png","contentUrl":"https:\/\/www.oracaoefe.com\/wp-content\/uploads\/2025\/01\/image-5.png","width":1170,"height":780},{"@type":"BreadcrumbList","@id":"https:\/\/www.oracaoefe.com\/luta-pela-fe-veja-a-sinopse-do-filme\/#breadcrumb","itemListElement":[{"@type":"ListItem","position":1,"name":"Home","item":"https:\/\/www.oracaoefe.com\/"},{"@type":"ListItem","position":2,"name":"Curiosidades","item":"https:\/\/www.oracaoefe.com\/es\/categoria\/curiosidades\/"},{"@type":"ListItem","position":3,"name":"Luta pela f\u00e9: veja a sinopse do filme"}]},{"@type":"WebSite","@id":"https:\/\/www.oracaoefe.com\/#website","url":"https:\/\/www.oracaoefe.com\/","name":"Pri\u00e8re et foi","description":"","potentialAction":[{"@type":"SearchAction","target":{"@type":"EntryPoint","urlTemplate":"https:\/\/www.oracaoefe.com\/?s={search_term_string}"},"query-input":{"@type":"PropertyValueSpecification","valueRequired":true,"valueName":"search_term_string"}}],"inLanguage":"fr-FR"},{"@type":"Person","@id":"https:\/\/www.oracaoefe.com\/#\/schema\/person\/17283c669442cf005c4d5bb58adfb7f5","name":"Michele Azevedo","image":{"@type":"ImageObject","inLanguage":"fr-FR","@id":"https:\/\/secure.gravatar.com\/avatar\/6b0eb9d22841282815e2cd856a0061c45e1761cd54b22e952d98c4746939aa85?s=96&d=mm&r=g","url":"https:\/\/secure.gravatar.com\/avatar\/6b0eb9d22841282815e2cd856a0061c45e1761cd54b22e952d98c4746939aa85?s=96&d=mm&r=g","contentUrl":"https:\/\/secure.gravatar.com\/avatar\/6b0eb9d22841282815e2cd856a0061c45e1761cd54b22e952d98c4746939aa85?s=96&d=mm&r=g","caption":"Michele Azevedo"},"description":"Dipl\u00f4m\u00e9e en litt\u00e9rature portugaise\/anglaise de l&#039;Universit\u00e9 d&#039;\u00c9tat de Ponta Grossa (UEPG), avec des dipl\u00f4mes de troisi\u00e8me cycle en art dans l&#039;\u00e9ducation (FAPI) et en psychop\u00e9dagogie scolaire (FAPI), elle est la cr\u00e9atrice et propri\u00e9taire du site web Escritora de Sucesso, a de l&#039;exp\u00e9rience dans l&#039;\u00e9criture pour les blogs en g\u00e9n\u00e9ral et travaille comme r\u00e9dactrice et \u00e9ditrice du contenu pour Ora\u00e7\u00e3o e F\u00e9.","url":"https:\/\/www.oracaoefe.com\/fr\/author\/michele-azevedo\/"}]}},"_links":{"self":[{"href":"https:\/\/www.oracaoefe.com\/fr\/wp-json\/wp\/v2\/posts\/3406","targetHints":{"allow":["GET"]}}],"collection":[{"href":"https:\/\/www.oracaoefe.com\/fr\/wp-json\/wp\/v2\/posts"}],"about":[{"href":"https:\/\/www.oracaoefe.com\/fr\/wp-json\/wp\/v2\/types\/post"}],"author":[{"embeddable":true,"href":"https:\/\/www.oracaoefe.com\/fr\/wp-json\/wp\/v2\/users\/3"}],"replies":[{"embeddable":true,"href":"https:\/\/www.oracaoefe.com\/fr\/wp-json\/wp\/v2\/comments?post=3406"}],"version-history":[{"count":2,"href":"https:\/\/www.oracaoefe.com\/fr\/wp-json\/wp\/v2\/posts\/3406\/revisions"}],"predecessor-version":[{"id":3425,"href":"https:\/\/www.oracaoefe.com\/fr\/wp-json\/wp\/v2\/posts\/3406\/revisions\/3425"}],"wp:featuredmedia":[{"embeddable":true,"href":"https:\/\/www.oracaoefe.com\/fr\/wp-json\/wp\/v2\/media\/3417"}],"wp:attachment":[{"href":"https:\/\/www.oracaoefe.com\/fr\/wp-json\/wp\/v2\/media?parent=3406"}],"wp:term":[{"taxonomy":"category","embeddable":true,"href":"https:\/\/www.oracaoefe.com\/fr\/wp-json\/wp\/v2\/categories?post=3406"},{"taxonomy":"post_tag","embeddable":true,"href":"https:\/\/www.oracaoefe.com\/fr\/wp-json\/wp\/v2\/tags?post=3406"}],"curies":[{"name":"wp","href":"https:\/\/api.w.org\/{rel}","templated":true}]}}