{"id":3396,"date":"2025-01-24T06:00:00","date_gmt":"2025-01-24T09:00:00","guid":{"rendered":"https:\/\/www.oracaoefe.com\/?p=3396"},"modified":"2025-01-23T18:21:36","modified_gmt":"2025-01-23T21:21:36","slug":"cafe-com-deus-pai-saiba-mais-sobre-o-livro-de-mensagens-divinas","status":"publish","type":"post","link":"https:\/\/www.oracaoefe.com\/fr\/cafe-com-deus-pai-saiba-mais-sobre-o-livro-de-mensagens-divinas\/","title":{"rendered":"Caf\u00e9 com Deus Pai: Saiba mais sobre o livro de mensagens divinas"},"content":{"rendered":"<p class=\"wp-block-paragraph\">J\u00e1 imaginou tomar um caf\u00e9 enquanto conversa com Deus? Esse \u00e9 o convite do livro &#8220;Caf\u00e9 com Deus Pai&#8221;, uma obra que oferece reflex\u00f5es profundas atrav\u00e9s de di\u00e1logos imagin\u00e1rios com o divino. Vamos explorar o que faz deste livro uma leitura t\u00e3o especial e como ele pode influenciar positivamente a sua vida espiritual.<\/p>\n\n\n\n<figure class=\"wp-block-image size-large\"><img loading=\"lazy\" decoding=\"async\" width=\"1024\" height=\"683\" src=\"https:\/\/www.oracaoefe.com\/wp-content\/uploads\/2025\/01\/image-1024x683.png\" alt=\"\" class=\"wp-image-3412\" srcset=\"https:\/\/www.oracaoefe.com\/wp-content\/uploads\/2025\/01\/image-1024x683.png 1024w, https:\/\/www.oracaoefe.com\/wp-content\/uploads\/2025\/01\/image-300x200.png 300w, https:\/\/www.oracaoefe.com\/wp-content\/uploads\/2025\/01\/image-768x512.png 768w, https:\/\/www.oracaoefe.com\/wp-content\/uploads\/2025\/01\/image-18x12.png 18w, https:\/\/www.oracaoefe.com\/wp-content\/uploads\/2025\/01\/image.png 1125w\" sizes=\"auto, (max-width: 1024px) 100vw, 1024px\" \/><\/figure>\n\n\n\n<h2 class=\"wp-block-heading\">Introdu\u00e7\u00e3o ao livro &#8220;Caf\u00e9 com Deus Pai&#8221;<\/h2>\n\n\n\n<p class=\"wp-block-paragraph\">&#8220;Caf\u00e9 com Deus Pai&#8221; \u00e9 mais que um simples livro; \u00e9 um encontro espiritual que desafia os leitores a refletirem sobre suas pr\u00f3prias vidas e cren\u00e7as. Escrito por Mark Victor Hansen, coautor da famosa s\u00e9rie &#8220;Sopa de Galinha para a Alma&#8221;, este livro se destaca por sua abordagem \u00fanica e pessoal sobre a espiritualidade.<\/p>\n\n\n\n<h3 class=\"wp-block-heading\">Origem e inspira\u00e7\u00e3o<\/h3>\n\n\n\n<p class=\"wp-block-paragraph\">Mark Victor Hansen apresenta uma s\u00e9rie de di\u00e1logos que ele alega ter tido com Deus. Estas conversas s\u00e3o transformadas em textos que exploram temas como amor, perd\u00e3o, prop\u00f3sito de vida e muitos outros. Cada cap\u00edtulo \u00e9 estruturado como um encontro, onde Deus oferece palavras de sabedoria e encorajamento para ajudar os leitores a enfrentarem seus desafios di\u00e1rios.<\/p>\n\n\n\n<h2 class=\"wp-block-heading\">Estrutura e temas do livro<\/h2>\n\n\n\n<p class=\"wp-block-paragraph\">&#8220;Caf\u00e9 com Deus Pai&#8221; organiza seus cap\u00edtulos em torno de encontros espec\u00edficos que abordam diferentes aspectos da vida espiritual. Aqui est\u00e3o alguns dos temas mais impactantes:<\/p>\n\n\n\n<p class=\"wp-block-paragraph\">1# Amor e como pratic\u00e1-lo no dia a dia 2# A import\u00e2ncia do perd\u00e3o na liberta\u00e7\u00e3o pessoal 3# Encontrando e seguindo seu prop\u00f3sito de vida<\/p>\n\n\n\n<h3 class=\"wp-block-heading\">Mensagens que tocam o cora\u00e7\u00e3o<\/h3>\n\n\n\n<p class=\"wp-block-paragraph\">Cada mensagem do livro \u00e9 escrita de forma a parecer que Deus est\u00e1 falando diretamente com voc\u00ea, o leitor. Isso torna a experi\u00eancia de leitura intensamente pessoal e profunda, permitindo uma conex\u00e3o verdadeira com o conte\u00fado.<\/p>\n\n\n\n<h4 class=\"wp-block-heading\">Exemplos de di\u00e1logos inspiradores<\/h4>\n\n\n\n<ul class=\"wp-block-list\">\n<li><strong>Sobre o amor:<\/strong> &#8220;O verdadeiro amor se estende al\u00e9m das condi\u00e7\u00f5es e das circunst\u00e2ncias. Ele \u00e9 um ato de vontade, uma escolha constante que voc\u00ea faz todos os dias.&#8221;<\/li>\n\n\n\n<li><strong>Sobre o perd\u00e3o:<\/strong> &#8220;Perdoar \u00e9 soltar as correntes que te prendem ao passado. \u00c9 um ato de liberdade para si mesmo, mais do que para aquele que te feriu.&#8221;<\/li>\n\n\n\n<li><strong>Sobre o prop\u00f3sito:<\/strong> &#8220;Cada pessoa carrega uma centelha divina, um chamado que, quando seguido, ilumina o caminho n\u00e3o s\u00f3 para si, mas para os outros.&#8221;<\/li>\n<\/ul>\n\n\n\n<h2 class=\"wp-block-heading\">Impacto e recep\u00e7\u00e3o<\/h2>\n\n\n\n<p class=\"wp-block-paragraph\">O livro tem sido recebido com entusiasmo por muitos leitores que buscam uma nova perspectiva sobre sua f\u00e9 e rela\u00e7\u00e3o com o divino. Relatos de pessoas que encontraram consolo e inspira\u00e7\u00e3o nas p\u00e1ginas de &#8220;Caf\u00e9 com Deus Pai&#8221; s\u00e3o comuns, destacando como a leitura propicia momentos de verdadeira introspec\u00e7\u00e3o e renova\u00e7\u00e3o espiritual.<\/p>\n\n\n\n<h3 class=\"wp-block-heading\">Como o livro pode ajudar voc\u00ea<\/h3>\n\n\n\n<p class=\"wp-block-paragraph\">Incorporar as leituras de &#8220;Caf\u00e9 com Deus Pai&#8221; em sua rotina pode ser uma maneira poderosa de iniciar o dia com pensamentos positivos ou de refletir sobre sua jornada espiritual antes de dormir. Muitos usam o livro como um guia de medita\u00e7\u00e3o e ora\u00e7\u00e3o, encontrando nas mensagens di\u00e1rias um suporte para sua pr\u00e1tica espiritual.<\/p>\n\n\n\n<h2 class=\"wp-block-heading\">Uma experi\u00eancia<\/h2>\n\n\n\n<p class=\"wp-block-paragraph\">&#8220;Caf\u00e9 com Deus Pai&#8221; n\u00e3o \u00e9 apenas uma leitura; \u00e9 uma experi\u00eancia. Se voc\u00ea est\u00e1 procurando por uma nova forma de explorar sua f\u00e9 ou simplesmente deseja encontrar um momento de paz no seu dia a dia, este livro pode ser o companheiro perfeito. Com suas mensagens poderosas e di\u00e1logos tocantes, \u00e9 uma obra que promete tocar o cora\u00e7\u00e3o e a alma de quem se aventura por suas p\u00e1ginas.<\/p>\n\n\n\n<p class=\"wp-block-paragraph\">Ao concluir este texto, espero ter transmitido uma vis\u00e3o clara e completa sobre o que torna &#8220;Caf\u00e9 com Deus Pai&#8221; uma leitura t\u00e3o enriquecedora. Este livro oferece n\u00e3o apenas palavras de conforto, mas tamb\u00e9m um convite para uma viagem de autodescoberta e conex\u00e3o espiritual.<\/p>\n\n\n\n<p class=\"wp-block-paragraph\"><strong>Voir aussi\u00a0: <a href=\"https:\/\/www.oracaoefe.com\/fr\/oracao-para-comecar-o-dia-ame-o-seu-proximo\/\">Pri\u00e8re pour commencer la journ\u00e9e : Aimez votre prochain !<\/a><\/strong><\/p>\n\n\n\n<p class=\"wp-block-paragraph\">24 de janeiro de 2025<\/p>","protected":false},"excerpt":{"rendered":"<p>J\u00e1 imaginou tomar um caf\u00e9 enquanto conversa com Deus? Esse \u00e9 o convite do livro &#8220;Caf\u00e9 com Deus Pai&#8221;, uma obra que oferece reflex\u00f5es profundas atrav\u00e9s de di\u00e1logos imagin\u00e1rios com o divino. Vamos explorar o que faz deste livro uma leitura t\u00e3o especial e como ele pode influenciar positivamente a sua vida espiritual. Introdu\u00e7\u00e3o ao&hellip;&nbsp;<\/p>","protected":false},"author":3,"featured_media":3412,"comment_status":"closed","ping_status":"closed","sticky":false,"template":"","format":"standard","meta":{"neve_meta_sidebar":"","neve_meta_container":"","neve_meta_enable_content_width":"","neve_meta_content_width":0,"neve_meta_title_alignment":"","neve_meta_author_avatar":"","neve_post_elements_order":"","neve_meta_disable_header":"","neve_meta_disable_footer":"","neve_meta_disable_title":"","footnotes":""},"categories":[1],"tags":[],"class_list":["post-3396","post","type-post","status-publish","format-standard","has-post-thumbnail","hentry","category-curiosidades"],"yoast_head":"<!-- This site is optimized with the Yoast SEO plugin v28.4 - https:\/\/yoast.com\/product\/yoast-seo-wordpress\/ -->\n<title>Caf\u00e9 com Deus Pai: Saiba mais sobre o livro de mensagens divinas - Ora\u00e7\u00e3o e F\u00e9<\/title>\n<meta name=\"description\" content=\"Deus tem pra voc\u00ea uma palavra de vida!\" \/>\n<meta name=\"robots\" content=\"index, follow, max-snippet:-1, max-image-preview:large, max-video-preview:-1\" \/>\n<link rel=\"canonical\" href=\"https:\/\/www.oracaoefe.com\/fr\/cafe-com-deus-pai-saiba-mais-sobre-o-livro-de-mensagens-divinas\/\" \/>\n<meta property=\"og:locale\" content=\"fr_FR\" \/>\n<meta property=\"og:type\" content=\"article\" \/>\n<meta property=\"og:title\" content=\"Caf\u00e9 com Deus Pai: Saiba mais sobre o livro de mensagens divinas - Ora\u00e7\u00e3o e F\u00e9\" \/>\n<meta property=\"og:description\" content=\"Deus tem pra voc\u00ea uma palavra de vida!\" \/>\n<meta property=\"og:url\" content=\"https:\/\/www.oracaoefe.com\/fr\/cafe-com-deus-pai-saiba-mais-sobre-o-livro-de-mensagens-divinas\/\" \/>\n<meta property=\"og:site_name\" content=\"Ora\u00e7\u00e3o e F\u00e9\" \/>\n<meta property=\"article:published_time\" content=\"2025-01-24T09:00:00+00:00\" \/>\n<meta property=\"og:image\" content=\"https:\/\/www.oracaoefe.com\/wp-content\/uploads\/2025\/01\/image.png\" \/>\n\t<meta property=\"og:image:width\" content=\"1125\" \/>\n\t<meta property=\"og:image:height\" content=\"750\" \/>\n\t<meta property=\"og:image:type\" content=\"image\/png\" \/>\n<meta name=\"author\" content=\"Michele Azevedo\" \/>\n<meta name=\"twitter:card\" content=\"summary_large_image\" \/>\n<meta name=\"twitter:label1\" content=\"\u00c9crit par\" \/>\n\t<meta name=\"twitter:data1\" content=\"Michele Azevedo\" \/>\n\t<meta name=\"twitter:label2\" content=\"Dur\u00e9e de lecture estim\u00e9e\" \/>\n\t<meta name=\"twitter:data2\" content=\"3 minutes\" \/>\n<script type=\"application\/ld+json\" class=\"yoast-schema-graph\">{\"@context\":\"https:\\\/\\\/schema.org\",\"@graph\":[{\"@type\":\"Article\",\"@id\":\"https:\\\/\\\/www.oracaoefe.com\\\/cafe-com-deus-pai-saiba-mais-sobre-o-livro-de-mensagens-divinas\\\/#article\",\"isPartOf\":{\"@id\":\"https:\\\/\\\/www.oracaoefe.com\\\/cafe-com-deus-pai-saiba-mais-sobre-o-livro-de-mensagens-divinas\\\/\"},\"author\":{\"name\":\"Michele Azevedo\",\"@id\":\"https:\\\/\\\/www.oracaoefe.com\\\/#\\\/schema\\\/person\\\/17283c669442cf005c4d5bb58adfb7f5\"},\"headline\":\"Caf\u00e9 com Deus Pai: Saiba mais sobre o livro de mensagens divinas\",\"datePublished\":\"2025-01-24T09:00:00+00:00\",\"mainEntityOfPage\":{\"@id\":\"https:\\\/\\\/www.oracaoefe.com\\\/cafe-com-deus-pai-saiba-mais-sobre-o-livro-de-mensagens-divinas\\\/\"},\"wordCount\":662,\"image\":{\"@id\":\"https:\\\/\\\/www.oracaoefe.com\\\/cafe-com-deus-pai-saiba-mais-sobre-o-livro-de-mensagens-divinas\\\/#primaryimage\"},\"thumbnailUrl\":\"https:\\\/\\\/www.oracaoefe.com\\\/wp-content\\\/uploads\\\/2025\\\/01\\\/image.png\",\"articleSection\":[\"Curiosidades\"],\"inLanguage\":\"fr-FR\"},{\"@type\":\"WebPage\",\"@id\":\"https:\\\/\\\/www.oracaoefe.com\\\/cafe-com-deus-pai-saiba-mais-sobre-o-livro-de-mensagens-divinas\\\/\",\"url\":\"https:\\\/\\\/www.oracaoefe.com\\\/cafe-com-deus-pai-saiba-mais-sobre-o-livro-de-mensagens-divinas\\\/\",\"name\":\"Caf\u00e9 com Deus Pai: Saiba mais sobre o livro de mensagens divinas - Ora\u00e7\u00e3o e F\u00e9\",\"isPartOf\":{\"@id\":\"https:\\\/\\\/www.oracaoefe.com\\\/#website\"},\"primaryImageOfPage\":{\"@id\":\"https:\\\/\\\/www.oracaoefe.com\\\/cafe-com-deus-pai-saiba-mais-sobre-o-livro-de-mensagens-divinas\\\/#primaryimage\"},\"image\":{\"@id\":\"https:\\\/\\\/www.oracaoefe.com\\\/cafe-com-deus-pai-saiba-mais-sobre-o-livro-de-mensagens-divinas\\\/#primaryimage\"},\"thumbnailUrl\":\"https:\\\/\\\/www.oracaoefe.com\\\/wp-content\\\/uploads\\\/2025\\\/01\\\/image.png\",\"datePublished\":\"2025-01-24T09:00:00+00:00\",\"author\":{\"@id\":\"https:\\\/\\\/www.oracaoefe.com\\\/#\\\/schema\\\/person\\\/17283c669442cf005c4d5bb58adfb7f5\"},\"description\":\"Deus tem pra voc\u00ea uma palavra de vida!\",\"breadcrumb\":{\"@id\":\"https:\\\/\\\/www.oracaoefe.com\\\/cafe-com-deus-pai-saiba-mais-sobre-o-livro-de-mensagens-divinas\\\/#breadcrumb\"},\"inLanguage\":\"fr-FR\",\"potentialAction\":[{\"@type\":\"ReadAction\",\"target\":[\"https:\\\/\\\/www.oracaoefe.com\\\/cafe-com-deus-pai-saiba-mais-sobre-o-livro-de-mensagens-divinas\\\/\"]}]},{\"@type\":\"ImageObject\",\"inLanguage\":\"fr-FR\",\"@id\":\"https:\\\/\\\/www.oracaoefe.com\\\/cafe-com-deus-pai-saiba-mais-sobre-o-livro-de-mensagens-divinas\\\/#primaryimage\",\"url\":\"https:\\\/\\\/www.oracaoefe.com\\\/wp-content\\\/uploads\\\/2025\\\/01\\\/image.png\",\"contentUrl\":\"https:\\\/\\\/www.oracaoefe.com\\\/wp-content\\\/uploads\\\/2025\\\/01\\\/image.png\",\"width\":1125,\"height\":750},{\"@type\":\"BreadcrumbList\",\"@id\":\"https:\\\/\\\/www.oracaoefe.com\\\/cafe-com-deus-pai-saiba-mais-sobre-o-livro-de-mensagens-divinas\\\/#breadcrumb\",\"itemListElement\":[{\"@type\":\"ListItem\",\"position\":1,\"name\":\"Home\",\"item\":\"https:\\\/\\\/www.oracaoefe.com\\\/\"},{\"@type\":\"ListItem\",\"position\":2,\"name\":\"Curiosidades\",\"item\":\"https:\\\/\\\/www.oracaoefe.com\\\/es\\\/categoria\\\/curiosidades\\\/\"},{\"@type\":\"ListItem\",\"position\":3,\"name\":\"Caf\u00e9 com Deus Pai: Saiba mais sobre o livro de mensagens divinas\"}]},{\"@type\":\"WebSite\",\"@id\":\"https:\\\/\\\/www.oracaoefe.com\\\/#website\",\"url\":\"https:\\\/\\\/www.oracaoefe.com\\\/\",\"name\":\"Ora\u00e7\u00e3o e F\u00e9\",\"description\":\"\",\"potentialAction\":[{\"@type\":\"SearchAction\",\"target\":{\"@type\":\"EntryPoint\",\"urlTemplate\":\"https:\\\/\\\/www.oracaoefe.com\\\/?s={search_term_string}\"},\"query-input\":{\"@type\":\"PropertyValueSpecification\",\"valueRequired\":true,\"valueName\":\"search_term_string\"}}],\"inLanguage\":\"fr-FR\"},{\"@type\":\"Person\",\"@id\":\"https:\\\/\\\/www.oracaoefe.com\\\/#\\\/schema\\\/person\\\/17283c669442cf005c4d5bb58adfb7f5\",\"name\":\"Michele Azevedo\",\"image\":{\"@type\":\"ImageObject\",\"inLanguage\":\"fr-FR\",\"@id\":\"https:\\\/\\\/secure.gravatar.com\\\/avatar\\\/6b0eb9d22841282815e2cd856a0061c45e1761cd54b22e952d98c4746939aa85?s=96&d=mm&r=g\",\"url\":\"https:\\\/\\\/secure.gravatar.com\\\/avatar\\\/6b0eb9d22841282815e2cd856a0061c45e1761cd54b22e952d98c4746939aa85?s=96&d=mm&r=g\",\"contentUrl\":\"https:\\\/\\\/secure.gravatar.com\\\/avatar\\\/6b0eb9d22841282815e2cd856a0061c45e1761cd54b22e952d98c4746939aa85?s=96&d=mm&r=g\",\"caption\":\"Michele Azevedo\"},\"description\":\"Formada em Letras - Portugu\u00eas\\\/ Ingl\u00eas pela Universidade Estadual de Ponta Grossa (UEPG), p\u00f3s-graduada em Arte na Educa\u00e7\u00e3o (FAPI) e Psicopedagogia Escolar (FAPI), idealizadora e propriet\u00e1ria do site Escritora de Sucesso, possui experi\u00eancia em escrita para blogs em geral e atua como redatora e revisora dos conte\u00fados do Ora\u00e7\u00e3o e F\u00e9.\",\"url\":\"https:\\\/\\\/www.oracaoefe.com\\\/fr\\\/author\\\/michele-azevedo\\\/\"}]}<\/script>\n<!-- \/ Yoast SEO plugin. -->","yoast_head_json":{"title":"Caf\u00e9 com Deus Pai: Saiba mais sobre o livro de mensagens divinas - Ora\u00e7\u00e3o e F\u00e9","description":"Dieu a une parole de vie pour vous !","robots":{"index":"index","follow":"follow","max-snippet":"max-snippet:-1","max-image-preview":"max-image-preview:large","max-video-preview":"max-video-preview:-1"},"canonical":"https:\/\/www.oracaoefe.com\/fr\/cafe-com-deus-pai-saiba-mais-sobre-o-livro-de-mensagens-divinas\/","og_locale":"fr_FR","og_type":"article","og_title":"Caf\u00e9 com Deus Pai: Saiba mais sobre o livro de mensagens divinas - Ora\u00e7\u00e3o e F\u00e9","og_description":"Deus tem pra voc\u00ea uma palavra de vida!","og_url":"https:\/\/www.oracaoefe.com\/fr\/cafe-com-deus-pai-saiba-mais-sobre-o-livro-de-mensagens-divinas\/","og_site_name":"Ora\u00e7\u00e3o e F\u00e9","article_published_time":"2025-01-24T09:00:00+00:00","og_image":[{"width":1125,"height":750,"url":"https:\/\/www.oracaoefe.com\/wp-content\/uploads\/2025\/01\/image.png","type":"image\/png"}],"author":"Michele Azevedo","twitter_card":"summary_large_image","twitter_misc":{"\u00c9crit par":"Michele Azevedo","Dur\u00e9e de lecture estim\u00e9e":"3 minutes"},"schema":{"@context":"https:\/\/schema.org","@graph":[{"@type":"Article","@id":"https:\/\/www.oracaoefe.com\/cafe-com-deus-pai-saiba-mais-sobre-o-livro-de-mensagens-divinas\/#article","isPartOf":{"@id":"https:\/\/www.oracaoefe.com\/cafe-com-deus-pai-saiba-mais-sobre-o-livro-de-mensagens-divinas\/"},"author":{"name":"Michele Azevedo","@id":"https:\/\/www.oracaoefe.com\/#\/schema\/person\/17283c669442cf005c4d5bb58adfb7f5"},"headline":"Caf\u00e9 com Deus Pai: Saiba mais sobre o livro de mensagens divinas","datePublished":"2025-01-24T09:00:00+00:00","mainEntityOfPage":{"@id":"https:\/\/www.oracaoefe.com\/cafe-com-deus-pai-saiba-mais-sobre-o-livro-de-mensagens-divinas\/"},"wordCount":662,"image":{"@id":"https:\/\/www.oracaoefe.com\/cafe-com-deus-pai-saiba-mais-sobre-o-livro-de-mensagens-divinas\/#primaryimage"},"thumbnailUrl":"https:\/\/www.oracaoefe.com\/wp-content\/uploads\/2025\/01\/image.png","articleSection":["Curiosidades"],"inLanguage":"fr-FR"},{"@type":"WebPage","@id":"https:\/\/www.oracaoefe.com\/cafe-com-deus-pai-saiba-mais-sobre-o-livro-de-mensagens-divinas\/","url":"https:\/\/www.oracaoefe.com\/cafe-com-deus-pai-saiba-mais-sobre-o-livro-de-mensagens-divinas\/","name":"Caf\u00e9 com Deus Pai: Saiba mais sobre o livro de mensagens divinas - Ora\u00e7\u00e3o e F\u00e9","isPartOf":{"@id":"https:\/\/www.oracaoefe.com\/#website"},"primaryImageOfPage":{"@id":"https:\/\/www.oracaoefe.com\/cafe-com-deus-pai-saiba-mais-sobre-o-livro-de-mensagens-divinas\/#primaryimage"},"image":{"@id":"https:\/\/www.oracaoefe.com\/cafe-com-deus-pai-saiba-mais-sobre-o-livro-de-mensagens-divinas\/#primaryimage"},"thumbnailUrl":"https:\/\/www.oracaoefe.com\/wp-content\/uploads\/2025\/01\/image.png","datePublished":"2025-01-24T09:00:00+00:00","author":{"@id":"https:\/\/www.oracaoefe.com\/#\/schema\/person\/17283c669442cf005c4d5bb58adfb7f5"},"description":"Dieu a une parole de vie pour vous !","breadcrumb":{"@id":"https:\/\/www.oracaoefe.com\/cafe-com-deus-pai-saiba-mais-sobre-o-livro-de-mensagens-divinas\/#breadcrumb"},"inLanguage":"fr-FR","potentialAction":[{"@type":"ReadAction","target":["https:\/\/www.oracaoefe.com\/cafe-com-deus-pai-saiba-mais-sobre-o-livro-de-mensagens-divinas\/"]}]},{"@type":"ImageObject","inLanguage":"fr-FR","@id":"https:\/\/www.oracaoefe.com\/cafe-com-deus-pai-saiba-mais-sobre-o-livro-de-mensagens-divinas\/#primaryimage","url":"https:\/\/www.oracaoefe.com\/wp-content\/uploads\/2025\/01\/image.png","contentUrl":"https:\/\/www.oracaoefe.com\/wp-content\/uploads\/2025\/01\/image.png","width":1125,"height":750},{"@type":"BreadcrumbList","@id":"https:\/\/www.oracaoefe.com\/cafe-com-deus-pai-saiba-mais-sobre-o-livro-de-mensagens-divinas\/#breadcrumb","itemListElement":[{"@type":"ListItem","position":1,"name":"Home","item":"https:\/\/www.oracaoefe.com\/"},{"@type":"ListItem","position":2,"name":"Curiosidades","item":"https:\/\/www.oracaoefe.com\/es\/categoria\/curiosidades\/"},{"@type":"ListItem","position":3,"name":"Caf\u00e9 com Deus Pai: Saiba mais sobre o livro de mensagens divinas"}]},{"@type":"WebSite","@id":"https:\/\/www.oracaoefe.com\/#website","url":"https:\/\/www.oracaoefe.com\/","name":"Pri\u00e8re et foi","description":"","potentialAction":[{"@type":"SearchAction","target":{"@type":"EntryPoint","urlTemplate":"https:\/\/www.oracaoefe.com\/?s={search_term_string}"},"query-input":{"@type":"PropertyValueSpecification","valueRequired":true,"valueName":"search_term_string"}}],"inLanguage":"fr-FR"},{"@type":"Person","@id":"https:\/\/www.oracaoefe.com\/#\/schema\/person\/17283c669442cf005c4d5bb58adfb7f5","name":"Michele Azevedo","image":{"@type":"ImageObject","inLanguage":"fr-FR","@id":"https:\/\/secure.gravatar.com\/avatar\/6b0eb9d22841282815e2cd856a0061c45e1761cd54b22e952d98c4746939aa85?s=96&d=mm&r=g","url":"https:\/\/secure.gravatar.com\/avatar\/6b0eb9d22841282815e2cd856a0061c45e1761cd54b22e952d98c4746939aa85?s=96&d=mm&r=g","contentUrl":"https:\/\/secure.gravatar.com\/avatar\/6b0eb9d22841282815e2cd856a0061c45e1761cd54b22e952d98c4746939aa85?s=96&d=mm&r=g","caption":"Michele Azevedo"},"description":"Dipl\u00f4m\u00e9e en litt\u00e9rature portugaise\/anglaise de l&#039;Universit\u00e9 d&#039;\u00c9tat de Ponta Grossa (UEPG), avec des dipl\u00f4mes de troisi\u00e8me cycle en art dans l&#039;\u00e9ducation (FAPI) et en psychop\u00e9dagogie scolaire (FAPI), elle est la cr\u00e9atrice et propri\u00e9taire du site web Escritora de Sucesso, a de l&#039;exp\u00e9rience dans l&#039;\u00e9criture pour les blogs en g\u00e9n\u00e9ral et travaille comme r\u00e9dactrice et \u00e9ditrice du contenu pour Ora\u00e7\u00e3o e F\u00e9.","url":"https:\/\/www.oracaoefe.com\/fr\/author\/michele-azevedo\/"}]}},"_links":{"self":[{"href":"https:\/\/www.oracaoefe.com\/fr\/wp-json\/wp\/v2\/posts\/3396","targetHints":{"allow":["GET"]}}],"collection":[{"href":"https:\/\/www.oracaoefe.com\/fr\/wp-json\/wp\/v2\/posts"}],"about":[{"href":"https:\/\/www.oracaoefe.com\/fr\/wp-json\/wp\/v2\/types\/post"}],"author":[{"embeddable":true,"href":"https:\/\/www.oracaoefe.com\/fr\/wp-json\/wp\/v2\/users\/3"}],"replies":[{"embeddable":true,"href":"https:\/\/www.oracaoefe.com\/fr\/wp-json\/wp\/v2\/comments?post=3396"}],"version-history":[{"count":2,"href":"https:\/\/www.oracaoefe.com\/fr\/wp-json\/wp\/v2\/posts\/3396\/revisions"}],"predecessor-version":[{"id":3420,"href":"https:\/\/www.oracaoefe.com\/fr\/wp-json\/wp\/v2\/posts\/3396\/revisions\/3420"}],"wp:featuredmedia":[{"embeddable":true,"href":"https:\/\/www.oracaoefe.com\/fr\/wp-json\/wp\/v2\/media\/3412"}],"wp:attachment":[{"href":"https:\/\/www.oracaoefe.com\/fr\/wp-json\/wp\/v2\/media?parent=3396"}],"wp:term":[{"taxonomy":"category","embeddable":true,"href":"https:\/\/www.oracaoefe.com\/fr\/wp-json\/wp\/v2\/categories?post=3396"},{"taxonomy":"post_tag","embeddable":true,"href":"https:\/\/www.oracaoefe.com\/fr\/wp-json\/wp\/v2\/tags?post=3396"}],"curies":[{"name":"wp","href":"https:\/\/api.w.org\/{rel}","templated":true}]}}