{"id":3325,"date":"2025-01-21T06:00:00","date_gmt":"2025-01-21T09:00:00","guid":{"rendered":"https:\/\/www.oracaoefe.com\/?p=3325"},"modified":"2024-12-19T17:18:59","modified_gmt":"2024-12-19T20:18:59","slug":"oracao-de-santa-gertrudes-para-salvar-mil-almas-do-purgatorio","status":"publish","type":"post","link":"https:\/\/www.oracaoefe.com\/fr\/oracao-de-santa-gertrudes-para-salvar-mil-almas-do-purgatorio\/","title":{"rendered":"Ora\u00e7\u00e3o de Santa Gertrudes para salvar mil almas do purgat\u00f3rio"},"content":{"rendered":"<p class=\"wp-block-paragraph\">A <strong>ora\u00e7\u00e3o de Santa Gertrudes<\/strong> \u00e9 uma das mais conhecidas entre os cat\u00f3licos e tem um prop\u00f3sito muito especial: ajudar na liberta\u00e7\u00e3o das almas do purgat\u00f3rio. Santa Gertrudes, uma grande m\u00edstica e te\u00f3loga do s\u00e9culo XIII, foi conhecida por sua profunda devo\u00e7\u00e3o e amor pelas almas necessitadas, especialmente as que estavam em purgat\u00f3rio. Ela teve a gra\u00e7a de receber uma revela\u00e7\u00e3o divina sobre o poder dessa ora\u00e7\u00e3o, que foi formulada para aliviar o sofrimento das almas e ajud\u00e1-las a alcan\u00e7ar a paz eterna.<\/p>\n\n\n\n<figure class=\"wp-block-image size-full is-resized\"><img loading=\"lazy\" decoding=\"async\" width=\"740\" height=\"416\" src=\"https:\/\/www.oracaoefe.com\/wp-content\/uploads\/2024\/12\/image-7.png\" alt=\"\" class=\"wp-image-3334\" style=\"width:840px;height:auto\" srcset=\"https:\/\/www.oracaoefe.com\/wp-content\/uploads\/2024\/12\/image-7.png 740w, https:\/\/www.oracaoefe.com\/wp-content\/uploads\/2024\/12\/image-7-300x169.png 300w, https:\/\/www.oracaoefe.com\/wp-content\/uploads\/2024\/12\/image-7-18x10.png 18w, https:\/\/www.oracaoefe.com\/wp-content\/uploads\/2024\/12\/image-7-383x215.png 383w\" sizes=\"auto, (max-width: 740px) 100vw, 740px\" \/><\/figure>\n\n\n\n<h2 class=\"wp-block-heading\">O que \u00e9 o purgat\u00f3rio?<\/h2>\n\n\n\n<p class=\"wp-block-paragraph\">Antes de falarmos sobre a ora\u00e7\u00e3o em si, \u00e9 importante entender o conceito de purgat\u00f3rio. O purgat\u00f3rio \u00e9, de acordo com a doutrina cat\u00f3lica, um estado tempor\u00e1rio de purifica\u00e7\u00e3o das almas que morreram em gra\u00e7a, mas que ainda precisam ser purificadas antes de entrarem no c\u00e9u. Essas almas passam por um processo de purifica\u00e7\u00e3o para se tornarem plenamente puras e dignas da presen\u00e7a de Deus.<\/p>\n\n\n\n<p class=\"wp-block-paragraph\">Por isso, os cat\u00f3licos acreditam que, ao rezar pelas almas no purgat\u00f3rio, podemos ajud\u00e1-las a alcan\u00e7ar a liberta\u00e7\u00e3o e, assim, a vida eterna com Deus. A ora\u00e7\u00e3o de Santa Gertrudes \u00e9 uma forma de interceder por essas almas e aliviar seu sofrimento, para que possam ser recebidas no c\u00e9u.<\/p>\n\n\n\n<h2 class=\"wp-block-heading\">A Ora\u00e7\u00e3o de Santa Gertrudes<\/h2>\n\n\n\n<p class=\"wp-block-paragraph\">A ora\u00e7\u00e3o de Santa Gertrudes para salvar mil almas do purgat\u00f3rio \u00e9 simples, mas de grande poder. Ela \u00e9 baseada na revela\u00e7\u00e3o que Santa Gertrudes recebeu de Jesus, que lhe disse que toda vez que essa ora\u00e7\u00e3o fosse rezada com devo\u00e7\u00e3o, mil almas seriam libertadas do purgat\u00f3rio. A ora\u00e7\u00e3o \u00e9 a seguinte:<\/p>\n\n\n\n<p class=\"wp-block-paragraph\"><strong>&#8220;Eterno Pai, eu Te ofere\u00e7o o Precioso Sangue de Teu Divino Filho Jesus, em uni\u00e3o com as Missas ditas em todo o mundo hoje, em repara\u00e7\u00e3o pelos pecados, pelas almas no purgat\u00f3rio, especialmente aquelas mais necessitadas da Tua miseric\u00f3rdia. Am\u00e9m.&#8221;<\/strong><\/p>\n\n\n\n<h2 class=\"wp-block-heading\">O Significado Profundo da Ora\u00e7\u00e3o<\/h2>\n\n\n\n<p class=\"wp-block-paragraph\">Essa ora\u00e7\u00e3o \u00e9 muito poderosa porque oferece a Deus o Sangue Precioso de Jesus, que foi derramado por nossa salva\u00e7\u00e3o. A ora\u00e7\u00e3o invoca a miseric\u00f3rdia divina e pede a Deus que, em uni\u00e3o com as missas celebradas no mundo inteiro, seja feita repara\u00e7\u00e3o pelos pecados e pela liberta\u00e7\u00e3o das almas que est\u00e3o no purgat\u00f3rio.<\/p>\n\n\n\n<p class=\"wp-block-paragraph\">O pedido de que mil almas sejam libertadas \u00e9 um sinal do grande amor de Deus pelas almas necessitadas e do poder da intercess\u00e3o. A ora\u00e7\u00e3o \u00e9 uma maneira de aplicar, de forma espiritual, a gra\u00e7a de Deus a essas almas, para que possam ser purificadas e alcan\u00e7ar a vis\u00e3o beat\u00edfica, que \u00e9 a contempla\u00e7\u00e3o da face de Deus no c\u00e9u.<\/p>\n\n\n\n<h2 class=\"wp-block-heading\">O poder da ora\u00e7\u00e3o para as almas do purgat\u00f3rio<\/h2>\n\n\n\n<p class=\"wp-block-paragraph\">A ora\u00e7\u00e3o de Santa Gertrudes \u00e9 um meio eficaz de ajudar as almas que est\u00e3o no purgat\u00f3rio. A Igreja ensina que, atrav\u00e9s da ora\u00e7\u00e3o, podemos interceder por essas almas e ajud\u00e1-las a ser purificadas mais rapidamente, j\u00e1 que elas n\u00e3o t\u00eam como orar por si mesmas. As almas no purgat\u00f3rio dependem das ora\u00e7\u00f5es dos vivos, especialmente de ora\u00e7\u00f5es como essa, que s\u00e3o t\u00e3o poderosas.<\/p>\n\n\n\n<p class=\"wp-block-paragraph\">Al\u00e9m disso, a ora\u00e7\u00e3o de Santa Gertrudes nos ensina sobre a import\u00e2ncia da miseric\u00f3rdia. Jesus, ao revelar a efic\u00e1cia dessa ora\u00e7\u00e3o a Santa Gertrudes, nos lembra da Sua infinita miseric\u00f3rdia e da import\u00e2ncia de intercedermos uns pelos outros. Quando rezamos pelas almas do purgat\u00f3rio, estamos tamb\u00e9m exercendo um ato de amor e compaix\u00e3o.<\/p>\n\n\n\n<h3 class=\"wp-block-heading\">Como rez\u00e1-la de forma eficaz?<\/h3>\n\n\n\n<p class=\"wp-block-paragraph\">Para que a ora\u00e7\u00e3o seja eficaz, \u00e9 importante rez\u00e1-la com f\u00e9 e devo\u00e7\u00e3o. Ao orar, lembre-se de que voc\u00ea est\u00e1 oferecendo o Sangue Precioso de Jesus como um meio de repara\u00e7\u00e3o e liberta\u00e7\u00e3o das almas que est\u00e3o sofrendo no purgat\u00f3rio. <\/p>\n\n\n\n<p class=\"wp-block-paragraph\">A ora\u00e7\u00e3o pode ser rezada a qualquer hora, mas muitos devotos preferem rez\u00e1-la diariamente, especialmente em momentos de ora\u00e7\u00e3o pessoal ou quando est\u00e3o celebrando a Eucaristia.<\/p>\n\n\n\n<h2 class=\"wp-block-heading\">A ora\u00e7\u00e3o de Santa Gertrudes na tradi\u00e7\u00e3o cat\u00f3lica<\/h2>\n\n\n\n<p class=\"wp-block-paragraph\">A ora\u00e7\u00e3o de Santa Gertrudes tem sido uma pr\u00e1tica comum entre os cat\u00f3licos ao longo dos s\u00e9culos. \u00c9 uma ora\u00e7\u00e3o que nos conecta \u00e0 tradi\u00e7\u00e3o da Igreja, que sempre enfatizou a import\u00e2ncia de rezar pelas almas do purgat\u00f3rio. Al\u00e9m disso, ela \u00e9 um exemplo claro de como podemos interceder uns pelos outros, ajudando aqueles que j\u00e1 partiram a alcan\u00e7ar a paz eterna.<\/p>\n\n\n\n<p class=\"wp-block-paragraph\">Muitas pessoas, ao rezar essa ora\u00e7\u00e3o, testemunham grandes gra\u00e7as e aliviam seu pr\u00f3prio sofrimento ao saberem que est\u00e3o ajudando as almas necessitadas. Esse gesto de compaix\u00e3o e f\u00e9 \u00e9 um reflexo do amor de Cristo, que nos ensina a amar e a ajudar nossos irm\u00e3os e irm\u00e3s, mesmo ap\u00f3s a morte.<\/p>\n\n\n\n<h2 class=\"wp-block-heading\">O que a ora\u00e7\u00e3o de Santa Gertrudes pode significar para sua vida espiritual?<\/h2>\n\n\n\n<p class=\"wp-block-paragraph\">Rezar a ora\u00e7\u00e3o de Santa Gertrudes n\u00e3o \u00e9 apenas um ato de caridade pelas almas do purgat\u00f3rio. Tamb\u00e9m \u00e9 uma maneira de aprofundar nossa pr\u00f3pria vida espiritual. Quando rezamos com f\u00e9 pelas almas, estamos nos colocando em sintonia com o sofrimento dos outros e com o desejo de que todos alcancem a salva\u00e7\u00e3o. Isso nos ajuda a cultivar a humildade, a miseric\u00f3rdia e o amor ao pr\u00f3ximo.<\/p>\n\n\n\n<p class=\"wp-block-paragraph\">Al\u00e9m disso, a ora\u00e7\u00e3o \u00e9 uma oportunidade de nos unirmos ao Corpo de Cristo, que \u00e9 a Igreja. Ao intercedermos pelas almas no purgat\u00f3rio, estamos fortalecendo nossa pr\u00f3pria rela\u00e7\u00e3o com Deus, participando ativamente do mist\u00e9rio da salva\u00e7\u00e3o.<\/p>\n\n\n\n<h2 class=\"wp-block-heading\">Intercess\u00e3o<\/h2>\n\n\n\n<p class=\"wp-block-paragraph\">A ora\u00e7\u00e3o de Santa Gertrudes para salvar mil almas do purgat\u00f3rio \u00e9 um poderoso meio de intercess\u00e3o que demonstra a miseric\u00f3rdia infinita de Deus e a import\u00e2ncia de orarmos uns pelos outros. Atrav\u00e9s dessa ora\u00e7\u00e3o, podemos ajudar as almas do purgat\u00f3rio a alcan\u00e7ar a paz eterna e, ao mesmo tempo, fortalecer nossa pr\u00f3pria vida espiritual. Que possamos rezar com f\u00e9 e confian\u00e7a, sabendo que Deus ouve nossas s\u00faplicas e responde com grande amor e compaix\u00e3o.<\/p>\n\n\n\n<p class=\"wp-block-paragraph\"><strong>Voir aussi\u00a0: <a href=\"https:\/\/www.oracaoefe.com\/fr\/conecte-se-com-seus-irmaos-de-fe-no-whatsapp\/\">Restez en contact avec vos fr\u00e8res et s\u0153urs dans la foi sur WhatsApp !<\/a><\/strong><\/p>\n\n\n\n<p class=\"wp-block-paragraph\">21 de janeiro de 2025<\/p>","protected":false},"excerpt":{"rendered":"<p>A ora\u00e7\u00e3o de Santa Gertrudes \u00e9 uma das mais conhecidas entre os cat\u00f3licos e tem um prop\u00f3sito muito especial: ajudar na liberta\u00e7\u00e3o das almas do purgat\u00f3rio. Santa Gertrudes, uma grande m\u00edstica e te\u00f3loga do s\u00e9culo XIII, foi conhecida por sua profunda devo\u00e7\u00e3o e amor pelas almas necessitadas, especialmente as que estavam em purgat\u00f3rio. Ela teve&hellip;&nbsp;<\/p>","protected":false},"author":3,"featured_media":3334,"comment_status":"closed","ping_status":"closed","sticky":false,"template":"","format":"standard","meta":{"neve_meta_sidebar":"","neve_meta_container":"","neve_meta_enable_content_width":"","neve_meta_content_width":0,"neve_meta_title_alignment":"","neve_meta_author_avatar":"","neve_post_elements_order":"","neve_meta_disable_header":"","neve_meta_disable_footer":"","neve_meta_disable_title":"","footnotes":""},"categories":[2],"tags":[],"class_list":["post-3325","post","type-post","status-publish","format-standard","has-post-thumbnail","hentry","category-oracao"],"yoast_head":"<!-- This site is optimized with the Yoast SEO plugin v28.4 - https:\/\/yoast.com\/product\/yoast-seo-wordpress\/ -->\n<title>Ora\u00e7\u00e3o de Santa Gertrudes para salvar mil almas do purgat\u00f3rio - Ora\u00e7\u00e3o e F\u00e9<\/title>\n<meta name=\"description\" content=\"Deus tem pra voc\u00ea uma palavra de vida!\" \/>\n<meta name=\"robots\" content=\"index, follow, max-snippet:-1, max-image-preview:large, max-video-preview:-1\" \/>\n<link rel=\"canonical\" href=\"https:\/\/www.oracaoefe.com\/fr\/oracao-de-santa-gertrudes-para-salvar-mil-almas-do-purgatorio\/\" \/>\n<meta property=\"og:locale\" content=\"fr_FR\" \/>\n<meta property=\"og:type\" content=\"article\" \/>\n<meta property=\"og:title\" content=\"Ora\u00e7\u00e3o de Santa Gertrudes para salvar mil almas do purgat\u00f3rio - Ora\u00e7\u00e3o e F\u00e9\" \/>\n<meta property=\"og:description\" content=\"Deus tem pra voc\u00ea uma palavra de vida!\" \/>\n<meta property=\"og:url\" content=\"https:\/\/www.oracaoefe.com\/fr\/oracao-de-santa-gertrudes-para-salvar-mil-almas-do-purgatorio\/\" \/>\n<meta property=\"og:site_name\" content=\"Ora\u00e7\u00e3o e F\u00e9\" \/>\n<meta property=\"article:published_time\" content=\"2025-01-21T09:00:00+00:00\" \/>\n<meta property=\"og:image\" content=\"https:\/\/www.oracaoefe.com\/wp-content\/uploads\/2024\/12\/image-7.png\" \/>\n\t<meta property=\"og:image:width\" content=\"740\" \/>\n\t<meta property=\"og:image:height\" content=\"416\" \/>\n\t<meta property=\"og:image:type\" content=\"image\/png\" \/>\n<meta name=\"author\" content=\"Michele Azevedo\" \/>\n<meta name=\"twitter:card\" content=\"summary_large_image\" \/>\n<meta name=\"twitter:label1\" content=\"\u00c9crit par\" \/>\n\t<meta name=\"twitter:data1\" content=\"Michele Azevedo\" \/>\n\t<meta name=\"twitter:label2\" content=\"Dur\u00e9e de lecture estim\u00e9e\" \/>\n\t<meta name=\"twitter:data2\" content=\"5 minutes\" \/>\n<script type=\"application\/ld+json\" class=\"yoast-schema-graph\">{\"@context\":\"https:\\\/\\\/schema.org\",\"@graph\":[{\"@type\":\"Article\",\"@id\":\"https:\\\/\\\/www.oracaoefe.com\\\/oracao-de-santa-gertrudes-para-salvar-mil-almas-do-purgatorio\\\/#article\",\"isPartOf\":{\"@id\":\"https:\\\/\\\/www.oracaoefe.com\\\/oracao-de-santa-gertrudes-para-salvar-mil-almas-do-purgatorio\\\/\"},\"author\":{\"name\":\"Michele Azevedo\",\"@id\":\"https:\\\/\\\/www.oracaoefe.com\\\/#\\\/schema\\\/person\\\/17283c669442cf005c4d5bb58adfb7f5\"},\"headline\":\"Ora\u00e7\u00e3o de Santa Gertrudes para salvar mil almas do purgat\u00f3rio\",\"datePublished\":\"2025-01-21T09:00:00+00:00\",\"mainEntityOfPage\":{\"@id\":\"https:\\\/\\\/www.oracaoefe.com\\\/oracao-de-santa-gertrudes-para-salvar-mil-almas-do-purgatorio\\\/\"},\"wordCount\":1088,\"image\":{\"@id\":\"https:\\\/\\\/www.oracaoefe.com\\\/oracao-de-santa-gertrudes-para-salvar-mil-almas-do-purgatorio\\\/#primaryimage\"},\"thumbnailUrl\":\"https:\\\/\\\/www.oracaoefe.com\\\/wp-content\\\/uploads\\\/2024\\\/12\\\/image-7.png\",\"articleSection\":[\"Ora\u00e7\u00e3o\"],\"inLanguage\":\"fr-FR\"},{\"@type\":\"WebPage\",\"@id\":\"https:\\\/\\\/www.oracaoefe.com\\\/oracao-de-santa-gertrudes-para-salvar-mil-almas-do-purgatorio\\\/\",\"url\":\"https:\\\/\\\/www.oracaoefe.com\\\/oracao-de-santa-gertrudes-para-salvar-mil-almas-do-purgatorio\\\/\",\"name\":\"Ora\u00e7\u00e3o de Santa Gertrudes para salvar mil almas do purgat\u00f3rio - Ora\u00e7\u00e3o e F\u00e9\",\"isPartOf\":{\"@id\":\"https:\\\/\\\/www.oracaoefe.com\\\/#website\"},\"primaryImageOfPage\":{\"@id\":\"https:\\\/\\\/www.oracaoefe.com\\\/oracao-de-santa-gertrudes-para-salvar-mil-almas-do-purgatorio\\\/#primaryimage\"},\"image\":{\"@id\":\"https:\\\/\\\/www.oracaoefe.com\\\/oracao-de-santa-gertrudes-para-salvar-mil-almas-do-purgatorio\\\/#primaryimage\"},\"thumbnailUrl\":\"https:\\\/\\\/www.oracaoefe.com\\\/wp-content\\\/uploads\\\/2024\\\/12\\\/image-7.png\",\"datePublished\":\"2025-01-21T09:00:00+00:00\",\"author\":{\"@id\":\"https:\\\/\\\/www.oracaoefe.com\\\/#\\\/schema\\\/person\\\/17283c669442cf005c4d5bb58adfb7f5\"},\"description\":\"Deus tem pra voc\u00ea uma palavra de vida!\",\"breadcrumb\":{\"@id\":\"https:\\\/\\\/www.oracaoefe.com\\\/oracao-de-santa-gertrudes-para-salvar-mil-almas-do-purgatorio\\\/#breadcrumb\"},\"inLanguage\":\"fr-FR\",\"potentialAction\":[{\"@type\":\"ReadAction\",\"target\":[\"https:\\\/\\\/www.oracaoefe.com\\\/oracao-de-santa-gertrudes-para-salvar-mil-almas-do-purgatorio\\\/\"]}]},{\"@type\":\"ImageObject\",\"inLanguage\":\"fr-FR\",\"@id\":\"https:\\\/\\\/www.oracaoefe.com\\\/oracao-de-santa-gertrudes-para-salvar-mil-almas-do-purgatorio\\\/#primaryimage\",\"url\":\"https:\\\/\\\/www.oracaoefe.com\\\/wp-content\\\/uploads\\\/2024\\\/12\\\/image-7.png\",\"contentUrl\":\"https:\\\/\\\/www.oracaoefe.com\\\/wp-content\\\/uploads\\\/2024\\\/12\\\/image-7.png\",\"width\":740,\"height\":416,\"caption\":\"ora\u00e7\u00e3o de Santa Gertrudes\"},{\"@type\":\"BreadcrumbList\",\"@id\":\"https:\\\/\\\/www.oracaoefe.com\\\/oracao-de-santa-gertrudes-para-salvar-mil-almas-do-purgatorio\\\/#breadcrumb\",\"itemListElement\":[{\"@type\":\"ListItem\",\"position\":1,\"name\":\"Home\",\"item\":\"https:\\\/\\\/www.oracaoefe.com\\\/\"},{\"@type\":\"ListItem\",\"position\":2,\"name\":\"Ora\u00e7\u00e3o\",\"item\":\"https:\\\/\\\/www.oracaoefe.com\\\/category\\\/oracao\\\/\"},{\"@type\":\"ListItem\",\"position\":3,\"name\":\"Ora\u00e7\u00e3o de Santa Gertrudes para salvar mil almas do purgat\u00f3rio\"}]},{\"@type\":\"WebSite\",\"@id\":\"https:\\\/\\\/www.oracaoefe.com\\\/#website\",\"url\":\"https:\\\/\\\/www.oracaoefe.com\\\/\",\"name\":\"Ora\u00e7\u00e3o e F\u00e9\",\"description\":\"\",\"potentialAction\":[{\"@type\":\"SearchAction\",\"target\":{\"@type\":\"EntryPoint\",\"urlTemplate\":\"https:\\\/\\\/www.oracaoefe.com\\\/?s={search_term_string}\"},\"query-input\":{\"@type\":\"PropertyValueSpecification\",\"valueRequired\":true,\"valueName\":\"search_term_string\"}}],\"inLanguage\":\"fr-FR\"},{\"@type\":\"Person\",\"@id\":\"https:\\\/\\\/www.oracaoefe.com\\\/#\\\/schema\\\/person\\\/17283c669442cf005c4d5bb58adfb7f5\",\"name\":\"Michele Azevedo\",\"image\":{\"@type\":\"ImageObject\",\"inLanguage\":\"fr-FR\",\"@id\":\"https:\\\/\\\/secure.gravatar.com\\\/avatar\\\/6b0eb9d22841282815e2cd856a0061c45e1761cd54b22e952d98c4746939aa85?s=96&d=mm&r=g\",\"url\":\"https:\\\/\\\/secure.gravatar.com\\\/avatar\\\/6b0eb9d22841282815e2cd856a0061c45e1761cd54b22e952d98c4746939aa85?s=96&d=mm&r=g\",\"contentUrl\":\"https:\\\/\\\/secure.gravatar.com\\\/avatar\\\/6b0eb9d22841282815e2cd856a0061c45e1761cd54b22e952d98c4746939aa85?s=96&d=mm&r=g\",\"caption\":\"Michele Azevedo\"},\"description\":\"Formada em Letras - Portugu\u00eas\\\/ Ingl\u00eas pela Universidade Estadual de Ponta Grossa (UEPG), p\u00f3s-graduada em Arte na Educa\u00e7\u00e3o (FAPI) e Psicopedagogia Escolar (FAPI), idealizadora e propriet\u00e1ria do site Escritora de Sucesso, possui experi\u00eancia em escrita para blogs em geral e atua como redatora e revisora dos conte\u00fados do Ora\u00e7\u00e3o e F\u00e9.\",\"url\":\"https:\\\/\\\/www.oracaoefe.com\\\/fr\\\/author\\\/michele-azevedo\\\/\"}]}<\/script>\n<!-- \/ Yoast SEO plugin. -->","yoast_head_json":{"title":"Ora\u00e7\u00e3o de Santa Gertrudes para salvar mil almas do purgat\u00f3rio - Ora\u00e7\u00e3o e F\u00e9","description":"Dieu a une parole de vie pour vous !","robots":{"index":"index","follow":"follow","max-snippet":"max-snippet:-1","max-image-preview":"max-image-preview:large","max-video-preview":"max-video-preview:-1"},"canonical":"https:\/\/www.oracaoefe.com\/fr\/oracao-de-santa-gertrudes-para-salvar-mil-almas-do-purgatorio\/","og_locale":"fr_FR","og_type":"article","og_title":"Ora\u00e7\u00e3o de Santa Gertrudes para salvar mil almas do purgat\u00f3rio - Ora\u00e7\u00e3o e F\u00e9","og_description":"Deus tem pra voc\u00ea uma palavra de vida!","og_url":"https:\/\/www.oracaoefe.com\/fr\/oracao-de-santa-gertrudes-para-salvar-mil-almas-do-purgatorio\/","og_site_name":"Ora\u00e7\u00e3o e F\u00e9","article_published_time":"2025-01-21T09:00:00+00:00","og_image":[{"width":740,"height":416,"url":"https:\/\/www.oracaoefe.com\/wp-content\/uploads\/2024\/12\/image-7.png","type":"image\/png"}],"author":"Michele Azevedo","twitter_card":"summary_large_image","twitter_misc":{"\u00c9crit par":"Michele Azevedo","Dur\u00e9e de lecture estim\u00e9e":"5 minutes"},"schema":{"@context":"https:\/\/schema.org","@graph":[{"@type":"Article","@id":"https:\/\/www.oracaoefe.com\/oracao-de-santa-gertrudes-para-salvar-mil-almas-do-purgatorio\/#article","isPartOf":{"@id":"https:\/\/www.oracaoefe.com\/oracao-de-santa-gertrudes-para-salvar-mil-almas-do-purgatorio\/"},"author":{"name":"Michele Azevedo","@id":"https:\/\/www.oracaoefe.com\/#\/schema\/person\/17283c669442cf005c4d5bb58adfb7f5"},"headline":"Ora\u00e7\u00e3o de Santa Gertrudes para salvar mil almas do purgat\u00f3rio","datePublished":"2025-01-21T09:00:00+00:00","mainEntityOfPage":{"@id":"https:\/\/www.oracaoefe.com\/oracao-de-santa-gertrudes-para-salvar-mil-almas-do-purgatorio\/"},"wordCount":1088,"image":{"@id":"https:\/\/www.oracaoefe.com\/oracao-de-santa-gertrudes-para-salvar-mil-almas-do-purgatorio\/#primaryimage"},"thumbnailUrl":"https:\/\/www.oracaoefe.com\/wp-content\/uploads\/2024\/12\/image-7.png","articleSection":["Ora\u00e7\u00e3o"],"inLanguage":"fr-FR"},{"@type":"WebPage","@id":"https:\/\/www.oracaoefe.com\/oracao-de-santa-gertrudes-para-salvar-mil-almas-do-purgatorio\/","url":"https:\/\/www.oracaoefe.com\/oracao-de-santa-gertrudes-para-salvar-mil-almas-do-purgatorio\/","name":"Ora\u00e7\u00e3o de Santa Gertrudes para salvar mil almas do purgat\u00f3rio - Ora\u00e7\u00e3o e F\u00e9","isPartOf":{"@id":"https:\/\/www.oracaoefe.com\/#website"},"primaryImageOfPage":{"@id":"https:\/\/www.oracaoefe.com\/oracao-de-santa-gertrudes-para-salvar-mil-almas-do-purgatorio\/#primaryimage"},"image":{"@id":"https:\/\/www.oracaoefe.com\/oracao-de-santa-gertrudes-para-salvar-mil-almas-do-purgatorio\/#primaryimage"},"thumbnailUrl":"https:\/\/www.oracaoefe.com\/wp-content\/uploads\/2024\/12\/image-7.png","datePublished":"2025-01-21T09:00:00+00:00","author":{"@id":"https:\/\/www.oracaoefe.com\/#\/schema\/person\/17283c669442cf005c4d5bb58adfb7f5"},"description":"Dieu a une parole de vie pour vous !","breadcrumb":{"@id":"https:\/\/www.oracaoefe.com\/oracao-de-santa-gertrudes-para-salvar-mil-almas-do-purgatorio\/#breadcrumb"},"inLanguage":"fr-FR","potentialAction":[{"@type":"ReadAction","target":["https:\/\/www.oracaoefe.com\/oracao-de-santa-gertrudes-para-salvar-mil-almas-do-purgatorio\/"]}]},{"@type":"ImageObject","inLanguage":"fr-FR","@id":"https:\/\/www.oracaoefe.com\/oracao-de-santa-gertrudes-para-salvar-mil-almas-do-purgatorio\/#primaryimage","url":"https:\/\/www.oracaoefe.com\/wp-content\/uploads\/2024\/12\/image-7.png","contentUrl":"https:\/\/www.oracaoefe.com\/wp-content\/uploads\/2024\/12\/image-7.png","width":740,"height":416,"caption":"ora\u00e7\u00e3o de Santa Gertrudes"},{"@type":"BreadcrumbList","@id":"https:\/\/www.oracaoefe.com\/oracao-de-santa-gertrudes-para-salvar-mil-almas-do-purgatorio\/#breadcrumb","itemListElement":[{"@type":"ListItem","position":1,"name":"Home","item":"https:\/\/www.oracaoefe.com\/"},{"@type":"ListItem","position":2,"name":"Ora\u00e7\u00e3o","item":"https:\/\/www.oracaoefe.com\/category\/oracao\/"},{"@type":"ListItem","position":3,"name":"Ora\u00e7\u00e3o de Santa Gertrudes para salvar mil almas do purgat\u00f3rio"}]},{"@type":"WebSite","@id":"https:\/\/www.oracaoefe.com\/#website","url":"https:\/\/www.oracaoefe.com\/","name":"Pri\u00e8re et foi","description":"","potentialAction":[{"@type":"SearchAction","target":{"@type":"EntryPoint","urlTemplate":"https:\/\/www.oracaoefe.com\/?s={search_term_string}"},"query-input":{"@type":"PropertyValueSpecification","valueRequired":true,"valueName":"search_term_string"}}],"inLanguage":"fr-FR"},{"@type":"Person","@id":"https:\/\/www.oracaoefe.com\/#\/schema\/person\/17283c669442cf005c4d5bb58adfb7f5","name":"Michele Azevedo","image":{"@type":"ImageObject","inLanguage":"fr-FR","@id":"https:\/\/secure.gravatar.com\/avatar\/6b0eb9d22841282815e2cd856a0061c45e1761cd54b22e952d98c4746939aa85?s=96&d=mm&r=g","url":"https:\/\/secure.gravatar.com\/avatar\/6b0eb9d22841282815e2cd856a0061c45e1761cd54b22e952d98c4746939aa85?s=96&d=mm&r=g","contentUrl":"https:\/\/secure.gravatar.com\/avatar\/6b0eb9d22841282815e2cd856a0061c45e1761cd54b22e952d98c4746939aa85?s=96&d=mm&r=g","caption":"Michele Azevedo"},"description":"Dipl\u00f4m\u00e9e en litt\u00e9rature portugaise\/anglaise de l&#039;Universit\u00e9 d&#039;\u00c9tat de Ponta Grossa (UEPG), avec des dipl\u00f4mes de troisi\u00e8me cycle en art dans l&#039;\u00e9ducation (FAPI) et en psychop\u00e9dagogie scolaire (FAPI), elle est la cr\u00e9atrice et propri\u00e9taire du site web Escritora de Sucesso, a de l&#039;exp\u00e9rience dans l&#039;\u00e9criture pour les blogs en g\u00e9n\u00e9ral et travaille comme r\u00e9dactrice et \u00e9ditrice du contenu pour Ora\u00e7\u00e3o e F\u00e9.","url":"https:\/\/www.oracaoefe.com\/fr\/author\/michele-azevedo\/"}]}},"_links":{"self":[{"href":"https:\/\/www.oracaoefe.com\/fr\/wp-json\/wp\/v2\/posts\/3325","targetHints":{"allow":["GET"]}}],"collection":[{"href":"https:\/\/www.oracaoefe.com\/fr\/wp-json\/wp\/v2\/posts"}],"about":[{"href":"https:\/\/www.oracaoefe.com\/fr\/wp-json\/wp\/v2\/types\/post"}],"author":[{"embeddable":true,"href":"https:\/\/www.oracaoefe.com\/fr\/wp-json\/wp\/v2\/users\/3"}],"replies":[{"embeddable":true,"href":"https:\/\/www.oracaoefe.com\/fr\/wp-json\/wp\/v2\/comments?post=3325"}],"version-history":[{"count":2,"href":"https:\/\/www.oracaoefe.com\/fr\/wp-json\/wp\/v2\/posts\/3325\/revisions"}],"predecessor-version":[{"id":3342,"href":"https:\/\/www.oracaoefe.com\/fr\/wp-json\/wp\/v2\/posts\/3325\/revisions\/3342"}],"wp:featuredmedia":[{"embeddable":true,"href":"https:\/\/www.oracaoefe.com\/fr\/wp-json\/wp\/v2\/media\/3334"}],"wp:attachment":[{"href":"https:\/\/www.oracaoefe.com\/fr\/wp-json\/wp\/v2\/media?parent=3325"}],"wp:term":[{"taxonomy":"category","embeddable":true,"href":"https:\/\/www.oracaoefe.com\/fr\/wp-json\/wp\/v2\/categories?post=3325"},{"taxonomy":"post_tag","embeddable":true,"href":"https:\/\/www.oracaoefe.com\/fr\/wp-json\/wp\/v2\/tags?post=3325"}],"curies":[{"name":"wp","href":"https:\/\/api.w.org\/{rel}","templated":true}]}}