{"id":3300,"date":"2024-12-07T06:00:00","date_gmt":"2024-12-07T09:00:00","guid":{"rendered":"https:\/\/www.oracaoefe.com\/?p=3300"},"modified":"2025-08-18T23:14:34","modified_gmt":"2025-08-19T02:14:34","slug":"versiculos-de-forca-em-momentos-dificeis-o-que-deus-tem-a-nos-dizer","status":"publish","type":"post","link":"https:\/\/www.oracaoefe.com\/fr\/versiculos-de-forca-em-momentos-dificeis-o-que-deus-tem-a-nos-dizer\/","title":{"rendered":"Vers\u00edculos de for\u00e7a em momentos dif\u00edceis: O que Deus tem a nos dizer"},"content":{"rendered":"<p class=\"wp-block-paragraph\">Voc\u00ea j\u00e1 se sentiu perdido, como se o peso do mundo estivesse sobre seus ombros? Momentos dif\u00edceis fazem parte da nossa caminhada, e nem sempre \u00e9 f\u00e1cil encontrar uma sa\u00edda. N\u00e3o importa o qu\u00e3o forte voc\u00ea seja, todos n\u00f3s passamos por momentos em que parece que nossas for\u00e7as est\u00e3o esgotadas. Nessas horas, buscar inspira\u00e7\u00e3o em algo maior pode fazer toda a diferen\u00e7a. E se voc\u00ea est\u00e1 aqui, \u00e9 porque est\u00e1 em busca de uma mensagem, um conforto. Talvez, seja a hora de ouvir o que Deus tem a nos dizer.<\/p>\n\n\n\n<figure class=\"wp-block-image size-large\"><img loading=\"lazy\" decoding=\"async\" width=\"1024\" height=\"683\" src=\"https:\/\/www.oracaoefe.com\/wp-content\/uploads\/2024\/11\/image-1-1024x683.png\" alt=\"\" class=\"wp-image-3305\" srcset=\"https:\/\/www.oracaoefe.com\/wp-content\/uploads\/2024\/11\/image-1-1024x683.png 1024w, https:\/\/www.oracaoefe.com\/wp-content\/uploads\/2024\/11\/image-1-300x200.png 300w, https:\/\/www.oracaoefe.com\/wp-content\/uploads\/2024\/11\/image-1-768x512.png 768w, https:\/\/www.oracaoefe.com\/wp-content\/uploads\/2024\/11\/image-1-18x12.png 18w, https:\/\/www.oracaoefe.com\/wp-content\/uploads\/2024\/11\/image-1.png 1125w\" sizes=\"auto, (max-width: 1024px) 100vw, 1024px\" \/><\/figure>\n\n\n\n<p class=\"wp-block-paragraph\">Na B\u00edblia, encontramos palavras de esperan\u00e7a e for\u00e7a que parecem ser escritas para esses momentos dif\u00edceis da nossa vida. Que tal explorar algumas dessas palavras juntos? Vamos ver como os vers\u00edculos podem nos lembrar que, mesmo na adversidade, n\u00e3o estamos sozinhos.<\/p>\n\n\n\n<h2 class=\"wp-block-heading\">Enfrentando a dor: O conforto que vem do alto<\/h2>\n\n\n\n<p class=\"wp-block-paragraph\">Em momentos de dor, quando parece que o mundo desmorona ao nosso redor, \u00e9 natural sentir que estamos s\u00f3s. Mas, e se eu te dissesse que h\u00e1 um conforto esperando por voc\u00ea, apenas \u00e0 dist\u00e2ncia de uma ora\u00e7\u00e3o? Um dos vers\u00edculos que nos lembra da presen\u00e7a constante de Deus \u00e9 o Salmo 34:18: &#8220;O Senhor est\u00e1 perto dos que t\u00eam o cora\u00e7\u00e3o quebrantado e salva os de esp\u00edrito abatido&#8221;.<\/p>\n\n\n\n<p class=\"wp-block-paragraph\">Voc\u00ea j\u00e1 sentiu como se seu cora\u00e7\u00e3o estivesse em peda\u00e7os? Esse vers\u00edculo nos lembra que Deus n\u00e3o apenas v\u00ea a nossa dor, mas est\u00e1 ao nosso lado nesses momentos. Ele n\u00e3o nos deixa enfrent\u00e1-la sozinhos. N\u00e3o \u00e9 reconfortante saber que, mesmo quando tudo parece perdido, n\u00f3s somos vistos e acolhidos por Deus?<\/p>\n\n\n\n<h2 class=\"wp-block-heading\">A coragem para seguir em frente<\/h2>\n\n\n\n<p class=\"wp-block-paragraph\">N\u00e3o importa quantas vezes a vida nos derrube, o que realmente faz a diferen\u00e7a \u00e9 nossa capacidade de nos levantar. \u00c9 dif\u00edcil, eu sei. E talvez, neste exato momento, voc\u00ea esteja se perguntando como ter\u00e1 for\u00e7as para continuar. Isa\u00edas 41:10 nos d\u00e1 uma resposta direta: &#8220;N\u00e3o temas, pois eu estou contigo; n\u00e3o te assombres, pois eu sou o teu Deus; eu te fortale\u00e7o, e te ajudo, e te sustento com a destra da minha justi\u00e7a&#8221;.<\/p>\n\n\n\n<p class=\"wp-block-paragraph\">O que isso significa para voc\u00ea? A vida \u00e9 cheia de desafios e muitas vezes sentimos medo, mas Deus promete estar conosco em cada passo do caminho. Quando a coragem parece distante, \u00e9 nesse momento que podemos confiar que Ele nos dar\u00e1 a for\u00e7a necess\u00e1ria. A pergunta que fica \u00e9: Voc\u00ea est\u00e1 disposto a confiar e entregar seus medos para que Ele cuide?<\/p>\n\n\n\n<h2 class=\"wp-block-heading\">Quando nos sentimos fracos, h\u00e1 for\u00e7a em Deus<\/h2>\n\n\n\n<p class=\"wp-block-paragraph\">H\u00e1 momentos em que, mesmo com toda nossa f\u00e9, parece que simplesmente n\u00e3o temos mais energia. Nessas horas, \u00e9 confortante saber que n\u00e3o precisamos ser fortes o tempo todo. O ap\u00f3stolo Paulo, em 2 Cor\u00edntios 12:9, nos ensina que \u00e9 justamente na nossa fraqueza que encontramos a gra\u00e7a de Deus: &#8220;A minha gra\u00e7a te basta, porque o meu poder se aperfei\u00e7oa na fraqueza&#8221;.<\/p>\n\n\n\n<p class=\"wp-block-paragraph\">J\u00e1 pensou que talvez, ao reconhecer nossa fragilidade, estejamos abrindo espa\u00e7o para que Deus atue em nossas vidas de forma poderosa? Muitas vezes, queremos ser her\u00f3is de nossa pr\u00f3pria hist\u00f3ria, mas talvez seja importante lembrar que n\u00e3o precisamos carregar tudo sozinhos. Voc\u00ea est\u00e1 pronto para deixar Deus ser sua for\u00e7a quando a sua se esgotar?<\/p>\n\n\n\n<h2 class=\"wp-block-heading\">A esperan\u00e7a que nos sustenta<\/h2>\n\n\n\n<p class=\"wp-block-paragraph\">Em tempos de desespero, a esperan\u00e7a \u00e9 como uma luz no fim do t\u00fanel. Mesmo quando tudo parece estar dando errado, \u00e9 importante lembrar que as dificuldades s\u00e3o tempor\u00e1rias. Romanos 8:18 diz: &#8220;Considero que os nossos sofrimentos atuais n\u00e3o podem ser comparados com a gl\u00f3ria que em n\u00f3s ser\u00e1 revelada&#8221;.<\/p>\n\n\n\n<p class=\"wp-block-paragraph\">Pense por um instante: e se os momentos dif\u00edceis fossem apenas um cap\u00edtulo da sua hist\u00f3ria? O que vem depois \u00e9 algo muito maior e mais bonito do que voc\u00ea pode imaginar. Esse vers\u00edculo nos lembra de que h\u00e1 algo melhor nos esperando, que a dor de agora n\u00e3o \u00e9 o fim. Como podemos, ent\u00e3o, focar no que est\u00e1 por vir e n\u00e3o no que estamos vivendo agora?<\/p>\n\n\n\n<h2 class=\"wp-block-heading\">Apoio em tempos de fraqueza<\/h2>\n\n\n\n<p class=\"wp-block-paragraph\">N\u00e3o podemos esquecer que, al\u00e9m do apoio espiritual, somos chamados a apoiar uns aos outros. Em G\u00e1latas 6:2, lemos: &#8220;Levai as cargas uns dos outros, e assim cumprireis a lei de Cristo&#8221;. Voc\u00ea tem permitido que outras pessoas estejam ao seu lado em tempos de dificuldade? Ou tem carregado o peso sozinho, sem pedir ajuda?<\/p>\n\n\n\n<p class=\"wp-block-paragraph\">N\u00e3o h\u00e1 vergonha em pedir apoio. Na verdade, \u00e9 um ato de coragem. Deus nos criou para viver em comunidade, para nos apoiarmos mutuamente. Que tal permitir que outros sejam parte do seu caminho, assim como voc\u00ea pode ser parte do caminho de outros?<\/p>\n\n\n\n<p class=\"wp-block-paragraph\"><strong>Veja tamb\u00e9m: Conhe\u00e7a os benef\u00edcios dos apps de m\u00fasica crist\u00e3 para seu dia a dia<\/strong><\/p>\n\n\n\n<p class=\"wp-block-paragraph\">7 de dezembro de 2024<\/p>","protected":false},"excerpt":{"rendered":"<p>Voc\u00ea j\u00e1 se sentiu perdido, como se o peso do mundo estivesse sobre seus ombros? Momentos dif\u00edceis fazem parte da nossa caminhada, e nem sempre \u00e9 f\u00e1cil encontrar uma sa\u00edda. N\u00e3o importa o qu\u00e3o forte voc\u00ea seja, todos n\u00f3s passamos por momentos em que parece que nossas for\u00e7as est\u00e3o esgotadas. Nessas horas, buscar inspira\u00e7\u00e3o em&hellip;&nbsp;<\/p>","protected":false},"author":3,"featured_media":3305,"comment_status":"closed","ping_status":"closed","sticky":false,"template":"","format":"standard","meta":{"neve_meta_sidebar":"","neve_meta_container":"","neve_meta_enable_content_width":"","neve_meta_content_width":0,"neve_meta_title_alignment":"","neve_meta_author_avatar":"","neve_post_elements_order":"","neve_meta_disable_header":"","neve_meta_disable_footer":"","neve_meta_disable_title":"","footnotes":""},"categories":[3],"tags":[],"class_list":["post-3300","post","type-post","status-publish","format-standard","has-post-thumbnail","hentry","category-fe"],"yoast_head":"<!-- This site is optimized with the Yoast SEO plugin v28.4 - https:\/\/yoast.com\/product\/yoast-seo-wordpress\/ -->\n<title>Vers\u00edculos de for\u00e7a em momentos dif\u00edceis: O que Deus tem a nos dizer - Ora\u00e7\u00e3o e F\u00e9<\/title>\n<meta name=\"description\" content=\"Deus tem pra voc\u00ea uma palavra de vida!\" \/>\n<meta name=\"robots\" content=\"index, follow, max-snippet:-1, max-image-preview:large, max-video-preview:-1\" \/>\n<link rel=\"canonical\" href=\"https:\/\/www.oracaoefe.com\/fr\/versiculos-de-forca-em-momentos-dificeis-o-que-deus-tem-a-nos-dizer\/\" \/>\n<meta property=\"og:locale\" content=\"fr_FR\" \/>\n<meta property=\"og:type\" content=\"article\" \/>\n<meta property=\"og:title\" content=\"Vers\u00edculos de for\u00e7a em momentos dif\u00edceis: O que Deus tem a nos dizer - Ora\u00e7\u00e3o e F\u00e9\" \/>\n<meta property=\"og:description\" content=\"Deus tem pra voc\u00ea uma palavra de vida!\" \/>\n<meta property=\"og:url\" content=\"https:\/\/www.oracaoefe.com\/fr\/versiculos-de-forca-em-momentos-dificeis-o-que-deus-tem-a-nos-dizer\/\" \/>\n<meta property=\"og:site_name\" content=\"Ora\u00e7\u00e3o e F\u00e9\" \/>\n<meta property=\"article:published_time\" content=\"2024-12-07T09:00:00+00:00\" \/>\n<meta property=\"article:modified_time\" content=\"2025-08-19T02:14:34+00:00\" \/>\n<meta property=\"og:image\" content=\"https:\/\/www.oracaoefe.com\/wp-content\/uploads\/2024\/11\/image-1.png\" \/>\n\t<meta property=\"og:image:width\" content=\"1125\" \/>\n\t<meta property=\"og:image:height\" content=\"750\" \/>\n\t<meta property=\"og:image:type\" content=\"image\/png\" \/>\n<meta name=\"author\" content=\"Michele Azevedo\" \/>\n<meta name=\"twitter:card\" content=\"summary_large_image\" \/>\n<meta name=\"twitter:label1\" content=\"\u00c9crit par\" \/>\n\t<meta name=\"twitter:data1\" content=\"Michele Azevedo\" \/>\n\t<meta name=\"twitter:label2\" content=\"Dur\u00e9e de lecture estim\u00e9e\" \/>\n\t<meta name=\"twitter:data2\" content=\"4 minutes\" \/>\n<script type=\"application\/ld+json\" class=\"yoast-schema-graph\">{\"@context\":\"https:\\\/\\\/schema.org\",\"@graph\":[{\"@type\":\"Article\",\"@id\":\"https:\\\/\\\/www.oracaoefe.com\\\/versiculos-de-forca-em-momentos-dificeis-o-que-deus-tem-a-nos-dizer\\\/#article\",\"isPartOf\":{\"@id\":\"https:\\\/\\\/www.oracaoefe.com\\\/versiculos-de-forca-em-momentos-dificeis-o-que-deus-tem-a-nos-dizer\\\/\"},\"author\":{\"name\":\"Michele Azevedo\",\"@id\":\"https:\\\/\\\/www.oracaoefe.com\\\/#\\\/schema\\\/person\\\/17283c669442cf005c4d5bb58adfb7f5\"},\"headline\":\"Vers\u00edculos de for\u00e7a em momentos dif\u00edceis: O que Deus tem a nos dizer\",\"datePublished\":\"2024-12-07T09:00:00+00:00\",\"dateModified\":\"2025-08-19T02:14:34+00:00\",\"mainEntityOfPage\":{\"@id\":\"https:\\\/\\\/www.oracaoefe.com\\\/versiculos-de-forca-em-momentos-dificeis-o-que-deus-tem-a-nos-dizer\\\/\"},\"wordCount\":848,\"image\":{\"@id\":\"https:\\\/\\\/www.oracaoefe.com\\\/versiculos-de-forca-em-momentos-dificeis-o-que-deus-tem-a-nos-dizer\\\/#primaryimage\"},\"thumbnailUrl\":\"https:\\\/\\\/www.oracaoefe.com\\\/wp-content\\\/uploads\\\/2024\\\/11\\\/image-1.png\",\"articleSection\":[\"F\u00e9\"],\"inLanguage\":\"fr-FR\"},{\"@type\":\"WebPage\",\"@id\":\"https:\\\/\\\/www.oracaoefe.com\\\/versiculos-de-forca-em-momentos-dificeis-o-que-deus-tem-a-nos-dizer\\\/\",\"url\":\"https:\\\/\\\/www.oracaoefe.com\\\/versiculos-de-forca-em-momentos-dificeis-o-que-deus-tem-a-nos-dizer\\\/\",\"name\":\"Vers\u00edculos de for\u00e7a em momentos dif\u00edceis: O que Deus tem a nos dizer - Ora\u00e7\u00e3o e F\u00e9\",\"isPartOf\":{\"@id\":\"https:\\\/\\\/www.oracaoefe.com\\\/#website\"},\"primaryImageOfPage\":{\"@id\":\"https:\\\/\\\/www.oracaoefe.com\\\/versiculos-de-forca-em-momentos-dificeis-o-que-deus-tem-a-nos-dizer\\\/#primaryimage\"},\"image\":{\"@id\":\"https:\\\/\\\/www.oracaoefe.com\\\/versiculos-de-forca-em-momentos-dificeis-o-que-deus-tem-a-nos-dizer\\\/#primaryimage\"},\"thumbnailUrl\":\"https:\\\/\\\/www.oracaoefe.com\\\/wp-content\\\/uploads\\\/2024\\\/11\\\/image-1.png\",\"datePublished\":\"2024-12-07T09:00:00+00:00\",\"dateModified\":\"2025-08-19T02:14:34+00:00\",\"author\":{\"@id\":\"https:\\\/\\\/www.oracaoefe.com\\\/#\\\/schema\\\/person\\\/17283c669442cf005c4d5bb58adfb7f5\"},\"description\":\"Deus tem pra voc\u00ea uma palavra de vida!\",\"breadcrumb\":{\"@id\":\"https:\\\/\\\/www.oracaoefe.com\\\/versiculos-de-forca-em-momentos-dificeis-o-que-deus-tem-a-nos-dizer\\\/#breadcrumb\"},\"inLanguage\":\"fr-FR\",\"potentialAction\":[{\"@type\":\"ReadAction\",\"target\":[\"https:\\\/\\\/www.oracaoefe.com\\\/versiculos-de-forca-em-momentos-dificeis-o-que-deus-tem-a-nos-dizer\\\/\"]}]},{\"@type\":\"ImageObject\",\"inLanguage\":\"fr-FR\",\"@id\":\"https:\\\/\\\/www.oracaoefe.com\\\/versiculos-de-forca-em-momentos-dificeis-o-que-deus-tem-a-nos-dizer\\\/#primaryimage\",\"url\":\"https:\\\/\\\/www.oracaoefe.com\\\/wp-content\\\/uploads\\\/2024\\\/11\\\/image-1.png\",\"contentUrl\":\"https:\\\/\\\/www.oracaoefe.com\\\/wp-content\\\/uploads\\\/2024\\\/11\\\/image-1.png\",\"width\":1125,\"height\":750},{\"@type\":\"BreadcrumbList\",\"@id\":\"https:\\\/\\\/www.oracaoefe.com\\\/versiculos-de-forca-em-momentos-dificeis-o-que-deus-tem-a-nos-dizer\\\/#breadcrumb\",\"itemListElement\":[{\"@type\":\"ListItem\",\"position\":1,\"name\":\"Home\",\"item\":\"https:\\\/\\\/www.oracaoefe.com\\\/\"},{\"@type\":\"ListItem\",\"position\":2,\"name\":\"F\u00e9\",\"item\":\"https:\\\/\\\/www.oracaoefe.com\\\/es\\\/categoria\\\/fe\\\/\"},{\"@type\":\"ListItem\",\"position\":3,\"name\":\"Vers\u00edculos de for\u00e7a em momentos dif\u00edceis: O que Deus tem a nos dizer\"}]},{\"@type\":\"WebSite\",\"@id\":\"https:\\\/\\\/www.oracaoefe.com\\\/#website\",\"url\":\"https:\\\/\\\/www.oracaoefe.com\\\/\",\"name\":\"Ora\u00e7\u00e3o e F\u00e9\",\"description\":\"\",\"potentialAction\":[{\"@type\":\"SearchAction\",\"target\":{\"@type\":\"EntryPoint\",\"urlTemplate\":\"https:\\\/\\\/www.oracaoefe.com\\\/?s={search_term_string}\"},\"query-input\":{\"@type\":\"PropertyValueSpecification\",\"valueRequired\":true,\"valueName\":\"search_term_string\"}}],\"inLanguage\":\"fr-FR\"},{\"@type\":\"Person\",\"@id\":\"https:\\\/\\\/www.oracaoefe.com\\\/#\\\/schema\\\/person\\\/17283c669442cf005c4d5bb58adfb7f5\",\"name\":\"Michele Azevedo\",\"image\":{\"@type\":\"ImageObject\",\"inLanguage\":\"fr-FR\",\"@id\":\"https:\\\/\\\/secure.gravatar.com\\\/avatar\\\/6b0eb9d22841282815e2cd856a0061c45e1761cd54b22e952d98c4746939aa85?s=96&d=mm&r=g\",\"url\":\"https:\\\/\\\/secure.gravatar.com\\\/avatar\\\/6b0eb9d22841282815e2cd856a0061c45e1761cd54b22e952d98c4746939aa85?s=96&d=mm&r=g\",\"contentUrl\":\"https:\\\/\\\/secure.gravatar.com\\\/avatar\\\/6b0eb9d22841282815e2cd856a0061c45e1761cd54b22e952d98c4746939aa85?s=96&d=mm&r=g\",\"caption\":\"Michele Azevedo\"},\"description\":\"Formada em Letras - Portugu\u00eas\\\/ Ingl\u00eas pela Universidade Estadual de Ponta Grossa (UEPG), p\u00f3s-graduada em Arte na Educa\u00e7\u00e3o (FAPI) e Psicopedagogia Escolar (FAPI), idealizadora e propriet\u00e1ria do site Escritora de Sucesso, possui experi\u00eancia em escrita para blogs em geral e atua como redatora e revisora dos conte\u00fados do Ora\u00e7\u00e3o e F\u00e9.\",\"url\":\"https:\\\/\\\/www.oracaoefe.com\\\/fr\\\/author\\\/michele-azevedo\\\/\"}]}<\/script>\n<!-- \/ Yoast SEO plugin. -->","yoast_head_json":{"title":"Vers\u00edculos de for\u00e7a em momentos dif\u00edceis: O que Deus tem a nos dizer - Ora\u00e7\u00e3o e F\u00e9","description":"Dieu a une parole de vie pour vous !","robots":{"index":"index","follow":"follow","max-snippet":"max-snippet:-1","max-image-preview":"max-image-preview:large","max-video-preview":"max-video-preview:-1"},"canonical":"https:\/\/www.oracaoefe.com\/fr\/versiculos-de-forca-em-momentos-dificeis-o-que-deus-tem-a-nos-dizer\/","og_locale":"fr_FR","og_type":"article","og_title":"Vers\u00edculos de for\u00e7a em momentos dif\u00edceis: O que Deus tem a nos dizer - Ora\u00e7\u00e3o e F\u00e9","og_description":"Deus tem pra voc\u00ea uma palavra de vida!","og_url":"https:\/\/www.oracaoefe.com\/fr\/versiculos-de-forca-em-momentos-dificeis-o-que-deus-tem-a-nos-dizer\/","og_site_name":"Ora\u00e7\u00e3o e F\u00e9","article_published_time":"2024-12-07T09:00:00+00:00","article_modified_time":"2025-08-19T02:14:34+00:00","og_image":[{"width":1125,"height":750,"url":"https:\/\/www.oracaoefe.com\/wp-content\/uploads\/2024\/11\/image-1.png","type":"image\/png"}],"author":"Michele Azevedo","twitter_card":"summary_large_image","twitter_misc":{"\u00c9crit par":"Michele Azevedo","Dur\u00e9e de lecture estim\u00e9e":"4 minutes"},"schema":{"@context":"https:\/\/schema.org","@graph":[{"@type":"Article","@id":"https:\/\/www.oracaoefe.com\/versiculos-de-forca-em-momentos-dificeis-o-que-deus-tem-a-nos-dizer\/#article","isPartOf":{"@id":"https:\/\/www.oracaoefe.com\/versiculos-de-forca-em-momentos-dificeis-o-que-deus-tem-a-nos-dizer\/"},"author":{"name":"Michele Azevedo","@id":"https:\/\/www.oracaoefe.com\/#\/schema\/person\/17283c669442cf005c4d5bb58adfb7f5"},"headline":"Vers\u00edculos de for\u00e7a em momentos dif\u00edceis: O que Deus tem a nos dizer","datePublished":"2024-12-07T09:00:00+00:00","dateModified":"2025-08-19T02:14:34+00:00","mainEntityOfPage":{"@id":"https:\/\/www.oracaoefe.com\/versiculos-de-forca-em-momentos-dificeis-o-que-deus-tem-a-nos-dizer\/"},"wordCount":848,"image":{"@id":"https:\/\/www.oracaoefe.com\/versiculos-de-forca-em-momentos-dificeis-o-que-deus-tem-a-nos-dizer\/#primaryimage"},"thumbnailUrl":"https:\/\/www.oracaoefe.com\/wp-content\/uploads\/2024\/11\/image-1.png","articleSection":["F\u00e9"],"inLanguage":"fr-FR"},{"@type":"WebPage","@id":"https:\/\/www.oracaoefe.com\/versiculos-de-forca-em-momentos-dificeis-o-que-deus-tem-a-nos-dizer\/","url":"https:\/\/www.oracaoefe.com\/versiculos-de-forca-em-momentos-dificeis-o-que-deus-tem-a-nos-dizer\/","name":"Vers\u00edculos de for\u00e7a em momentos dif\u00edceis: O que Deus tem a nos dizer - Ora\u00e7\u00e3o e F\u00e9","isPartOf":{"@id":"https:\/\/www.oracaoefe.com\/#website"},"primaryImageOfPage":{"@id":"https:\/\/www.oracaoefe.com\/versiculos-de-forca-em-momentos-dificeis-o-que-deus-tem-a-nos-dizer\/#primaryimage"},"image":{"@id":"https:\/\/www.oracaoefe.com\/versiculos-de-forca-em-momentos-dificeis-o-que-deus-tem-a-nos-dizer\/#primaryimage"},"thumbnailUrl":"https:\/\/www.oracaoefe.com\/wp-content\/uploads\/2024\/11\/image-1.png","datePublished":"2024-12-07T09:00:00+00:00","dateModified":"2025-08-19T02:14:34+00:00","author":{"@id":"https:\/\/www.oracaoefe.com\/#\/schema\/person\/17283c669442cf005c4d5bb58adfb7f5"},"description":"Dieu a une parole de vie pour vous !","breadcrumb":{"@id":"https:\/\/www.oracaoefe.com\/versiculos-de-forca-em-momentos-dificeis-o-que-deus-tem-a-nos-dizer\/#breadcrumb"},"inLanguage":"fr-FR","potentialAction":[{"@type":"ReadAction","target":["https:\/\/www.oracaoefe.com\/versiculos-de-forca-em-momentos-dificeis-o-que-deus-tem-a-nos-dizer\/"]}]},{"@type":"ImageObject","inLanguage":"fr-FR","@id":"https:\/\/www.oracaoefe.com\/versiculos-de-forca-em-momentos-dificeis-o-que-deus-tem-a-nos-dizer\/#primaryimage","url":"https:\/\/www.oracaoefe.com\/wp-content\/uploads\/2024\/11\/image-1.png","contentUrl":"https:\/\/www.oracaoefe.com\/wp-content\/uploads\/2024\/11\/image-1.png","width":1125,"height":750},{"@type":"BreadcrumbList","@id":"https:\/\/www.oracaoefe.com\/versiculos-de-forca-em-momentos-dificeis-o-que-deus-tem-a-nos-dizer\/#breadcrumb","itemListElement":[{"@type":"ListItem","position":1,"name":"Home","item":"https:\/\/www.oracaoefe.com\/"},{"@type":"ListItem","position":2,"name":"F\u00e9","item":"https:\/\/www.oracaoefe.com\/es\/categoria\/fe\/"},{"@type":"ListItem","position":3,"name":"Vers\u00edculos de for\u00e7a em momentos dif\u00edceis: O que Deus tem a nos dizer"}]},{"@type":"WebSite","@id":"https:\/\/www.oracaoefe.com\/#website","url":"https:\/\/www.oracaoefe.com\/","name":"Pri\u00e8re et foi","description":"","potentialAction":[{"@type":"SearchAction","target":{"@type":"EntryPoint","urlTemplate":"https:\/\/www.oracaoefe.com\/?s={search_term_string}"},"query-input":{"@type":"PropertyValueSpecification","valueRequired":true,"valueName":"search_term_string"}}],"inLanguage":"fr-FR"},{"@type":"Person","@id":"https:\/\/www.oracaoefe.com\/#\/schema\/person\/17283c669442cf005c4d5bb58adfb7f5","name":"Michele Azevedo","image":{"@type":"ImageObject","inLanguage":"fr-FR","@id":"https:\/\/secure.gravatar.com\/avatar\/6b0eb9d22841282815e2cd856a0061c45e1761cd54b22e952d98c4746939aa85?s=96&d=mm&r=g","url":"https:\/\/secure.gravatar.com\/avatar\/6b0eb9d22841282815e2cd856a0061c45e1761cd54b22e952d98c4746939aa85?s=96&d=mm&r=g","contentUrl":"https:\/\/secure.gravatar.com\/avatar\/6b0eb9d22841282815e2cd856a0061c45e1761cd54b22e952d98c4746939aa85?s=96&d=mm&r=g","caption":"Michele Azevedo"},"description":"Dipl\u00f4m\u00e9e en litt\u00e9rature portugaise\/anglaise de l&#039;Universit\u00e9 d&#039;\u00c9tat de Ponta Grossa (UEPG), avec des dipl\u00f4mes de troisi\u00e8me cycle en art dans l&#039;\u00e9ducation (FAPI) et en psychop\u00e9dagogie scolaire (FAPI), elle est la cr\u00e9atrice et propri\u00e9taire du site web Escritora de Sucesso, a de l&#039;exp\u00e9rience dans l&#039;\u00e9criture pour les blogs en g\u00e9n\u00e9ral et travaille comme r\u00e9dactrice et \u00e9ditrice du contenu pour Ora\u00e7\u00e3o e F\u00e9.","url":"https:\/\/www.oracaoefe.com\/fr\/author\/michele-azevedo\/"}]}},"_links":{"self":[{"href":"https:\/\/www.oracaoefe.com\/fr\/wp-json\/wp\/v2\/posts\/3300","targetHints":{"allow":["GET"]}}],"collection":[{"href":"https:\/\/www.oracaoefe.com\/fr\/wp-json\/wp\/v2\/posts"}],"about":[{"href":"https:\/\/www.oracaoefe.com\/fr\/wp-json\/wp\/v2\/types\/post"}],"author":[{"embeddable":true,"href":"https:\/\/www.oracaoefe.com\/fr\/wp-json\/wp\/v2\/users\/3"}],"replies":[{"embeddable":true,"href":"https:\/\/www.oracaoefe.com\/fr\/wp-json\/wp\/v2\/comments?post=3300"}],"version-history":[{"count":3,"href":"https:\/\/www.oracaoefe.com\/fr\/wp-json\/wp\/v2\/posts\/3300\/revisions"}],"predecessor-version":[{"id":3754,"href":"https:\/\/www.oracaoefe.com\/fr\/wp-json\/wp\/v2\/posts\/3300\/revisions\/3754"}],"wp:featuredmedia":[{"embeddable":true,"href":"https:\/\/www.oracaoefe.com\/fr\/wp-json\/wp\/v2\/media\/3305"}],"wp:attachment":[{"href":"https:\/\/www.oracaoefe.com\/fr\/wp-json\/wp\/v2\/media?parent=3300"}],"wp:term":[{"taxonomy":"category","embeddable":true,"href":"https:\/\/www.oracaoefe.com\/fr\/wp-json\/wp\/v2\/categories?post=3300"},{"taxonomy":"post_tag","embeddable":true,"href":"https:\/\/www.oracaoefe.com\/fr\/wp-json\/wp\/v2\/tags?post=3300"}],"curies":[{"name":"wp","href":"https:\/\/api.w.org\/{rel}","templated":true}]}}