{"id":3236,"date":"2024-11-14T06:00:00","date_gmt":"2024-11-14T09:00:00","guid":{"rendered":"https:\/\/www.oracaoefe.com\/?p=3236"},"modified":"2025-06-15T15:15:30","modified_gmt":"2025-06-15T18:15:30","slug":"o-que-diz-em-joao-832-entenda-a-palavra","status":"publish","type":"post","link":"https:\/\/www.oracaoefe.com\/fr\/o-que-diz-em-joao-832-entenda-a-palavra\/","title":{"rendered":"O que diz em Jo\u00e3o 8:32? Entenda a palavra"},"content":{"rendered":"<p class=\"wp-block-paragraph\">Jo\u00e3o 8:32 \u00e9 um dos vers\u00edculos mais citados e conhecidos da B\u00edblia. Ele pertence ao evangelho de Jo\u00e3o e traz uma mensagem profunda e relevante para diversas situa\u00e7\u00f5es da vida. Compreenda melhor o que significa essa passagem, como ela se aplica e qual o contexto em que foi dita por Jesus.<\/p>\n\n\n\n<h2 class=\"wp-block-heading\">Jo\u00e3o 8:32 e o seu significado<\/h2>\n\n\n\n<p class=\"wp-block-paragraph\">O vers\u00edculo completo diz: \u201cE conhecereis a verdade, e a verdade vos libertar\u00e1.\u201d Esta frase est\u00e1 relacionada \u00e0 promessa de liberdade espiritual atrav\u00e9s do conhecimento da verdade. Mas o que significa, afinal, essa \u201cverdade\u201d mencionada por Jesus?<\/p>\n\n\n\n<figure class=\"wp-block-image size-full is-resized\"><img loading=\"lazy\" decoding=\"async\" width=\"740\" height=\"493\" src=\"https:\/\/www.oracaoefe.com\/wp-content\/uploads\/2024\/10\/image-9.png\" alt=\"\" class=\"wp-image-3247\" style=\"width:840px;height:auto\" srcset=\"https:\/\/www.oracaoefe.com\/wp-content\/uploads\/2024\/10\/image-9.png 740w, https:\/\/www.oracaoefe.com\/wp-content\/uploads\/2024\/10\/image-9-300x200.png 300w, https:\/\/www.oracaoefe.com\/wp-content\/uploads\/2024\/10\/image-9-18x12.png 18w\" sizes=\"auto, (max-width: 740px) 100vw, 740px\" \/><\/figure>\n\n\n\n<p class=\"wp-block-paragraph\">No contexto crist\u00e3o, a verdade refere-se \u00e0 mensagem de Jesus e ao conhecimento profundo sobre Deus, revelado nas Escrituras. Quando Jesus fala sobre conhecer a verdade, Ele se refere n\u00e3o apenas a fatos ou conhecimento intelectual, mas a uma viv\u00eancia com base nos ensinamentos divinos.<\/p>\n\n\n\n<p class=\"wp-block-paragraph\">Essa verdade tem o poder de transformar a vida das pessoas, trazendo liberta\u00e7\u00e3o de medos, culpas e dos falsos conceitos que aprisionam. A liberdade mencionada n\u00e3o \u00e9 meramente f\u00edsica, mas espiritual e interior, libertando o ser humano das cadeias do pecado e da ignor\u00e2ncia.<\/p>\n\n\n\n<h2 class=\"wp-block-heading\">O contexto em que Jo\u00e3o 8:32 foi dito<\/h2>\n\n\n\n<p class=\"wp-block-paragraph\">Este vers\u00edculo faz parte de uma conversa entre Jesus e os judeus que acreditavam nele, mas ainda estavam presos a conceitos religiosos r\u00edgidos. Ele enfatiza que acreditar em sua mensagem n\u00e3o \u00e9 suficiente se n\u00e3o houver um relacionamento genu\u00edno com a verdade.<\/p>\n\n\n\n<p class=\"wp-block-paragraph\">A ideia principal desse di\u00e1logo \u00e9 que apenas a verdade revelada por Cristo pode conceder uma liberta\u00e7\u00e3o real. A religi\u00e3o e as tradi\u00e7\u00f5es, por si s\u00f3, n\u00e3o t\u00eam o poder de transformar a ess\u00eancia humana. Por isso, Ele convida seus ouvintes a irem al\u00e9m das pr\u00e1ticas externas, vivendo de forma plena e consciente na verdade de Deus.<\/p>\n\n\n\n<h2 class=\"wp-block-heading\">A verdade como caminho de transforma\u00e7\u00e3o<\/h2>\n\n\n\n<p class=\"wp-block-paragraph\">A mensagem de Jo\u00e3o 8:32 inspira a reflex\u00e3o sobre a import\u00e2ncia de viver de forma aut\u00eantica e coerente com os ensinamentos crist\u00e3os. Conhecer a verdade n\u00e3o \u00e9 um ato instant\u00e2neo, mas um processo cont\u00ednuo de aprendizado e pr\u00e1tica di\u00e1ria.<\/p>\n\n\n\n<p class=\"wp-block-paragraph\"><strong>1# Buscar a verdade exige abertura e humildade<br><\/strong>Para viver essa liberdade mencionada no vers\u00edculo, \u00e9 necess\u00e1rio abandonar preconceitos e reconhecer a necessidade de transforma\u00e7\u00e3o. A verdade traz luz \u00e0s \u00e1reas obscuras da vida e conduz a um caminho mais claro e justo.<\/p>\n\n\n\n<p class=\"wp-block-paragraph\"><strong>2# A pr\u00e1tica da verdade traz mudan\u00e7a interior<br><\/strong>Al\u00e9m de conhecer a verdade, Jesus destaca que \u00e9 preciso viver conforme ela. Isso significa colocar em pr\u00e1tica os ensinamentos que levam a uma vida plena e significativa. A mudan\u00e7a interior ocorre quando h\u00e1 coer\u00eancia entre o que se acredita e o que se faz.<\/p>\n\n\n\n<p class=\"wp-block-paragraph\"><strong>3# A liberdade mencionada \u00e9 espiritual e emocional<br><\/strong>O conceito de liberdade em Jo\u00e3o 8:32 vai al\u00e9m do que se v\u00ea. Ele aponta para uma paz interior e liberta\u00e7\u00e3o de tudo aquilo que impede o crescimento pessoal e espiritual, como culpas, medos e padr\u00f5es negativos.<\/p>\n\n\n\n<h2 class=\"wp-block-heading\">Como aplicar Jo\u00e3o 8:32 no dia a dia<\/h2>\n\n\n\n<p class=\"wp-block-paragraph\">Para aplicar a mensagem desse vers\u00edculo na rotina, \u00e9 importante desenvolver uma rela\u00e7\u00e3o cont\u00ednua com a palavra de Deus e manter o cora\u00e7\u00e3o aberto para aprender. A verdade \u00e9 revelada a cada dia, por meio de experi\u00eancias, ora\u00e7\u00f5es e da pr\u00e1tica do amor ao pr\u00f3ximo.<\/p>\n\n\n\n<p class=\"wp-block-paragraph\">Viver na verdade significa tamb\u00e9m ser honesto consigo mesmo, reconhecendo limita\u00e7\u00f5es e buscando melhorias. A liberdade espiritual \u00e9 alcan\u00e7ada \u00e0 medida que a vida \u00e9 conduzida de acordo com princ\u00edpios que promovem paz e harmonia.<\/p>\n\n\n\n<h2 class=\"wp-block-heading\">Buscando a verdade como estilo de vida<\/h2>\n\n\n\n<p class=\"wp-block-paragraph\">Jo\u00e3o 8:32 n\u00e3o \u00e9 apenas uma frase motivacional, mas uma orienta\u00e7\u00e3o poderosa para quem busca crescimento pessoal e espiritual. A verdade \u00e9 uma escolha di\u00e1ria e exige comprometimento em seguir um caminho de integridade.<\/p>\n\n\n\n<p class=\"wp-block-paragraph\">Abra\u00e7ar essa verdade \u00e9 permitir que cada \u00e1rea da vida seja transformada pelo amor e pelos ensinamentos de Cristo. Viver na verdade \u00e9 um processo cont\u00ednuo que conduz \u00e0 verdadeira liberdade, aquela que come\u00e7a no cora\u00e7\u00e3o e reflete em todas as atitudes.<\/p>\n\n\n\n<p class=\"wp-block-paragraph\"><strong>Voir aussi\u00a0: <a href=\"https:\/\/www.oracaoefe.com\/fr\/o-que-a-biblia-diz-sobre-o-eclipse-solar-veja-a-curiosidade\/\">O que a B\u00edblia diz sobre o eclipse solar; veja a curiosidade<\/a><\/strong><\/p>\n\n\n\n<p class=\"wp-block-paragraph\">14 de novembro de 2024<\/p>","protected":false},"excerpt":{"rendered":"<p>Jo\u00e3o 8:32 \u00e9 um dos vers\u00edculos mais citados e conhecidos da B\u00edblia. Ele pertence ao evangelho de Jo\u00e3o e traz uma mensagem profunda e relevante para diversas situa\u00e7\u00f5es da vida. Compreenda melhor o que significa essa passagem, como ela se aplica e qual o contexto em que foi dita por Jesus. Jo\u00e3o 8:32 e o&hellip;&nbsp;<\/p>","protected":false},"author":3,"featured_media":3247,"comment_status":"closed","ping_status":"closed","sticky":false,"template":"","format":"standard","meta":{"neve_meta_sidebar":"","neve_meta_container":"","neve_meta_enable_content_width":"","neve_meta_content_width":0,"neve_meta_title_alignment":"","neve_meta_author_avatar":"","neve_post_elements_order":"","neve_meta_disable_header":"","neve_meta_disable_footer":"","neve_meta_disable_title":"","footnotes":""},"categories":[3],"tags":[],"class_list":["post-3236","post","type-post","status-publish","format-standard","has-post-thumbnail","hentry","category-fe"],"yoast_head":"<!-- This site is optimized with the Yoast SEO plugin v28.4 - https:\/\/yoast.com\/product\/yoast-seo-wordpress\/ -->\n<title>O que diz em Jo\u00e3o 8:32? Entenda a palavra - Ora\u00e7\u00e3o e F\u00e9<\/title>\n<meta name=\"description\" content=\"Deus tem pra voc\u00ea uma palavra de vida!\" \/>\n<meta name=\"robots\" content=\"index, follow, max-snippet:-1, max-image-preview:large, max-video-preview:-1\" \/>\n<link rel=\"canonical\" href=\"https:\/\/www.oracaoefe.com\/fr\/o-que-diz-em-joao-832-entenda-a-palavra\/\" \/>\n<meta property=\"og:locale\" content=\"fr_FR\" \/>\n<meta property=\"og:type\" content=\"article\" \/>\n<meta property=\"og:title\" content=\"O que diz em Jo\u00e3o 8:32? Entenda a palavra - Ora\u00e7\u00e3o e F\u00e9\" \/>\n<meta property=\"og:description\" content=\"Deus tem pra voc\u00ea uma palavra de vida!\" \/>\n<meta property=\"og:url\" content=\"https:\/\/www.oracaoefe.com\/fr\/o-que-diz-em-joao-832-entenda-a-palavra\/\" \/>\n<meta property=\"og:site_name\" content=\"Ora\u00e7\u00e3o e F\u00e9\" \/>\n<meta property=\"article:published_time\" content=\"2024-11-14T09:00:00+00:00\" \/>\n<meta property=\"article:modified_time\" content=\"2025-06-15T18:15:30+00:00\" \/>\n<meta property=\"og:image\" content=\"https:\/\/www.oracaoefe.com\/wp-content\/uploads\/2024\/10\/image-9.png\" \/>\n\t<meta property=\"og:image:width\" content=\"740\" \/>\n\t<meta property=\"og:image:height\" content=\"493\" \/>\n\t<meta property=\"og:image:type\" content=\"image\/png\" \/>\n<meta name=\"author\" content=\"Michele Azevedo\" \/>\n<meta name=\"twitter:card\" content=\"summary_large_image\" \/>\n<meta name=\"twitter:label1\" content=\"\u00c9crit par\" \/>\n\t<meta name=\"twitter:data1\" content=\"Michele Azevedo\" \/>\n\t<meta name=\"twitter:label2\" content=\"Dur\u00e9e de lecture estim\u00e9e\" \/>\n\t<meta name=\"twitter:data2\" content=\"4 minutes\" \/>\n<script type=\"application\/ld+json\" class=\"yoast-schema-graph\">{\"@context\":\"https:\\\/\\\/schema.org\",\"@graph\":[{\"@type\":\"Article\",\"@id\":\"https:\\\/\\\/www.oracaoefe.com\\\/o-que-diz-em-joao-832-entenda-a-palavra\\\/#article\",\"isPartOf\":{\"@id\":\"https:\\\/\\\/www.oracaoefe.com\\\/o-que-diz-em-joao-832-entenda-a-palavra\\\/\"},\"author\":{\"name\":\"Michele Azevedo\",\"@id\":\"https:\\\/\\\/www.oracaoefe.com\\\/#\\\/schema\\\/person\\\/17283c669442cf005c4d5bb58adfb7f5\"},\"headline\":\"O que diz em Jo\u00e3o 8:32? Entenda a palavra\",\"datePublished\":\"2024-11-14T09:00:00+00:00\",\"dateModified\":\"2025-06-15T18:15:30+00:00\",\"mainEntityOfPage\":{\"@id\":\"https:\\\/\\\/www.oracaoefe.com\\\/o-que-diz-em-joao-832-entenda-a-palavra\\\/\"},\"wordCount\":720,\"image\":{\"@id\":\"https:\\\/\\\/www.oracaoefe.com\\\/o-que-diz-em-joao-832-entenda-a-palavra\\\/#primaryimage\"},\"thumbnailUrl\":\"https:\\\/\\\/www.oracaoefe.com\\\/wp-content\\\/uploads\\\/2024\\\/10\\\/image-9.png\",\"articleSection\":[\"F\u00e9\"],\"inLanguage\":\"fr-FR\"},{\"@type\":\"WebPage\",\"@id\":\"https:\\\/\\\/www.oracaoefe.com\\\/o-que-diz-em-joao-832-entenda-a-palavra\\\/\",\"url\":\"https:\\\/\\\/www.oracaoefe.com\\\/o-que-diz-em-joao-832-entenda-a-palavra\\\/\",\"name\":\"O que diz em Jo\u00e3o 8:32? Entenda a palavra - Ora\u00e7\u00e3o e F\u00e9\",\"isPartOf\":{\"@id\":\"https:\\\/\\\/www.oracaoefe.com\\\/#website\"},\"primaryImageOfPage\":{\"@id\":\"https:\\\/\\\/www.oracaoefe.com\\\/o-que-diz-em-joao-832-entenda-a-palavra\\\/#primaryimage\"},\"image\":{\"@id\":\"https:\\\/\\\/www.oracaoefe.com\\\/o-que-diz-em-joao-832-entenda-a-palavra\\\/#primaryimage\"},\"thumbnailUrl\":\"https:\\\/\\\/www.oracaoefe.com\\\/wp-content\\\/uploads\\\/2024\\\/10\\\/image-9.png\",\"datePublished\":\"2024-11-14T09:00:00+00:00\",\"dateModified\":\"2025-06-15T18:15:30+00:00\",\"author\":{\"@id\":\"https:\\\/\\\/www.oracaoefe.com\\\/#\\\/schema\\\/person\\\/17283c669442cf005c4d5bb58adfb7f5\"},\"description\":\"Deus tem pra voc\u00ea uma palavra de vida!\",\"breadcrumb\":{\"@id\":\"https:\\\/\\\/www.oracaoefe.com\\\/o-que-diz-em-joao-832-entenda-a-palavra\\\/#breadcrumb\"},\"inLanguage\":\"fr-FR\",\"potentialAction\":[{\"@type\":\"ReadAction\",\"target\":[\"https:\\\/\\\/www.oracaoefe.com\\\/o-que-diz-em-joao-832-entenda-a-palavra\\\/\"]}]},{\"@type\":\"ImageObject\",\"inLanguage\":\"fr-FR\",\"@id\":\"https:\\\/\\\/www.oracaoefe.com\\\/o-que-diz-em-joao-832-entenda-a-palavra\\\/#primaryimage\",\"url\":\"https:\\\/\\\/www.oracaoefe.com\\\/wp-content\\\/uploads\\\/2024\\\/10\\\/image-9.png\",\"contentUrl\":\"https:\\\/\\\/www.oracaoefe.com\\\/wp-content\\\/uploads\\\/2024\\\/10\\\/image-9.png\",\"width\":740,\"height\":493},{\"@type\":\"BreadcrumbList\",\"@id\":\"https:\\\/\\\/www.oracaoefe.com\\\/o-que-diz-em-joao-832-entenda-a-palavra\\\/#breadcrumb\",\"itemListElement\":[{\"@type\":\"ListItem\",\"position\":1,\"name\":\"Home\",\"item\":\"https:\\\/\\\/www.oracaoefe.com\\\/\"},{\"@type\":\"ListItem\",\"position\":2,\"name\":\"O que diz em Jo\u00e3o 8:32? Entenda a palavra\"}]},{\"@type\":\"WebSite\",\"@id\":\"https:\\\/\\\/www.oracaoefe.com\\\/#website\",\"url\":\"https:\\\/\\\/www.oracaoefe.com\\\/\",\"name\":\"Ora\u00e7\u00e3o e F\u00e9\",\"description\":\"\",\"potentialAction\":[{\"@type\":\"SearchAction\",\"target\":{\"@type\":\"EntryPoint\",\"urlTemplate\":\"https:\\\/\\\/www.oracaoefe.com\\\/?s={search_term_string}\"},\"query-input\":{\"@type\":\"PropertyValueSpecification\",\"valueRequired\":true,\"valueName\":\"search_term_string\"}}],\"inLanguage\":\"fr-FR\"},{\"@type\":\"Person\",\"@id\":\"https:\\\/\\\/www.oracaoefe.com\\\/#\\\/schema\\\/person\\\/17283c669442cf005c4d5bb58adfb7f5\",\"name\":\"Michele Azevedo\",\"image\":{\"@type\":\"ImageObject\",\"inLanguage\":\"fr-FR\",\"@id\":\"https:\\\/\\\/secure.gravatar.com\\\/avatar\\\/6b0eb9d22841282815e2cd856a0061c45e1761cd54b22e952d98c4746939aa85?s=96&d=mm&r=g\",\"url\":\"https:\\\/\\\/secure.gravatar.com\\\/avatar\\\/6b0eb9d22841282815e2cd856a0061c45e1761cd54b22e952d98c4746939aa85?s=96&d=mm&r=g\",\"contentUrl\":\"https:\\\/\\\/secure.gravatar.com\\\/avatar\\\/6b0eb9d22841282815e2cd856a0061c45e1761cd54b22e952d98c4746939aa85?s=96&d=mm&r=g\",\"caption\":\"Michele Azevedo\"},\"description\":\"Formada em Letras - Portugu\u00eas\\\/ Ingl\u00eas pela Universidade Estadual de Ponta Grossa (UEPG), p\u00f3s-graduada em Arte na Educa\u00e7\u00e3o (FAPI) e Psicopedagogia Escolar (FAPI), idealizadora e propriet\u00e1ria do site Escritora de Sucesso, possui experi\u00eancia em escrita para blogs em geral e atua como redatora e revisora dos conte\u00fados do Ora\u00e7\u00e3o e F\u00e9.\",\"url\":\"https:\\\/\\\/www.oracaoefe.com\\\/fr\\\/author\\\/michele-azevedo\\\/\"}]}<\/script>\n<!-- \/ Yoast SEO plugin. -->","yoast_head_json":{"title":"O que diz em Jo\u00e3o 8:32? Entenda a palavra - Ora\u00e7\u00e3o e F\u00e9","description":"Dieu a une parole de vie pour vous !","robots":{"index":"index","follow":"follow","max-snippet":"max-snippet:-1","max-image-preview":"max-image-preview:large","max-video-preview":"max-video-preview:-1"},"canonical":"https:\/\/www.oracaoefe.com\/fr\/o-que-diz-em-joao-832-entenda-a-palavra\/","og_locale":"fr_FR","og_type":"article","og_title":"O que diz em Jo\u00e3o 8:32? Entenda a palavra - Ora\u00e7\u00e3o e F\u00e9","og_description":"Deus tem pra voc\u00ea uma palavra de vida!","og_url":"https:\/\/www.oracaoefe.com\/fr\/o-que-diz-em-joao-832-entenda-a-palavra\/","og_site_name":"Ora\u00e7\u00e3o e F\u00e9","article_published_time":"2024-11-14T09:00:00+00:00","article_modified_time":"2025-06-15T18:15:30+00:00","og_image":[{"width":740,"height":493,"url":"https:\/\/www.oracaoefe.com\/wp-content\/uploads\/2024\/10\/image-9.png","type":"image\/png"}],"author":"Michele Azevedo","twitter_card":"summary_large_image","twitter_misc":{"\u00c9crit par":"Michele Azevedo","Dur\u00e9e de lecture estim\u00e9e":"4 minutes"},"schema":{"@context":"https:\/\/schema.org","@graph":[{"@type":"Article","@id":"https:\/\/www.oracaoefe.com\/o-que-diz-em-joao-832-entenda-a-palavra\/#article","isPartOf":{"@id":"https:\/\/www.oracaoefe.com\/o-que-diz-em-joao-832-entenda-a-palavra\/"},"author":{"name":"Michele Azevedo","@id":"https:\/\/www.oracaoefe.com\/#\/schema\/person\/17283c669442cf005c4d5bb58adfb7f5"},"headline":"O que diz em Jo\u00e3o 8:32? Entenda a palavra","datePublished":"2024-11-14T09:00:00+00:00","dateModified":"2025-06-15T18:15:30+00:00","mainEntityOfPage":{"@id":"https:\/\/www.oracaoefe.com\/o-que-diz-em-joao-832-entenda-a-palavra\/"},"wordCount":720,"image":{"@id":"https:\/\/www.oracaoefe.com\/o-que-diz-em-joao-832-entenda-a-palavra\/#primaryimage"},"thumbnailUrl":"https:\/\/www.oracaoefe.com\/wp-content\/uploads\/2024\/10\/image-9.png","articleSection":["F\u00e9"],"inLanguage":"fr-FR"},{"@type":"WebPage","@id":"https:\/\/www.oracaoefe.com\/o-que-diz-em-joao-832-entenda-a-palavra\/","url":"https:\/\/www.oracaoefe.com\/o-que-diz-em-joao-832-entenda-a-palavra\/","name":"O que diz em Jo\u00e3o 8:32? Entenda a palavra - Ora\u00e7\u00e3o e F\u00e9","isPartOf":{"@id":"https:\/\/www.oracaoefe.com\/#website"},"primaryImageOfPage":{"@id":"https:\/\/www.oracaoefe.com\/o-que-diz-em-joao-832-entenda-a-palavra\/#primaryimage"},"image":{"@id":"https:\/\/www.oracaoefe.com\/o-que-diz-em-joao-832-entenda-a-palavra\/#primaryimage"},"thumbnailUrl":"https:\/\/www.oracaoefe.com\/wp-content\/uploads\/2024\/10\/image-9.png","datePublished":"2024-11-14T09:00:00+00:00","dateModified":"2025-06-15T18:15:30+00:00","author":{"@id":"https:\/\/www.oracaoefe.com\/#\/schema\/person\/17283c669442cf005c4d5bb58adfb7f5"},"description":"Dieu a une parole de vie pour vous !","breadcrumb":{"@id":"https:\/\/www.oracaoefe.com\/o-que-diz-em-joao-832-entenda-a-palavra\/#breadcrumb"},"inLanguage":"fr-FR","potentialAction":[{"@type":"ReadAction","target":["https:\/\/www.oracaoefe.com\/o-que-diz-em-joao-832-entenda-a-palavra\/"]}]},{"@type":"ImageObject","inLanguage":"fr-FR","@id":"https:\/\/www.oracaoefe.com\/o-que-diz-em-joao-832-entenda-a-palavra\/#primaryimage","url":"https:\/\/www.oracaoefe.com\/wp-content\/uploads\/2024\/10\/image-9.png","contentUrl":"https:\/\/www.oracaoefe.com\/wp-content\/uploads\/2024\/10\/image-9.png","width":740,"height":493},{"@type":"BreadcrumbList","@id":"https:\/\/www.oracaoefe.com\/o-que-diz-em-joao-832-entenda-a-palavra\/#breadcrumb","itemListElement":[{"@type":"ListItem","position":1,"name":"Home","item":"https:\/\/www.oracaoefe.com\/"},{"@type":"ListItem","position":2,"name":"O que diz em Jo\u00e3o 8:32? Entenda a palavra"}]},{"@type":"WebSite","@id":"https:\/\/www.oracaoefe.com\/#website","url":"https:\/\/www.oracaoefe.com\/","name":"Pri\u00e8re et foi","description":"","potentialAction":[{"@type":"SearchAction","target":{"@type":"EntryPoint","urlTemplate":"https:\/\/www.oracaoefe.com\/?s={search_term_string}"},"query-input":{"@type":"PropertyValueSpecification","valueRequired":true,"valueName":"search_term_string"}}],"inLanguage":"fr-FR"},{"@type":"Person","@id":"https:\/\/www.oracaoefe.com\/#\/schema\/person\/17283c669442cf005c4d5bb58adfb7f5","name":"Michele Azevedo","image":{"@type":"ImageObject","inLanguage":"fr-FR","@id":"https:\/\/secure.gravatar.com\/avatar\/6b0eb9d22841282815e2cd856a0061c45e1761cd54b22e952d98c4746939aa85?s=96&d=mm&r=g","url":"https:\/\/secure.gravatar.com\/avatar\/6b0eb9d22841282815e2cd856a0061c45e1761cd54b22e952d98c4746939aa85?s=96&d=mm&r=g","contentUrl":"https:\/\/secure.gravatar.com\/avatar\/6b0eb9d22841282815e2cd856a0061c45e1761cd54b22e952d98c4746939aa85?s=96&d=mm&r=g","caption":"Michele Azevedo"},"description":"Dipl\u00f4m\u00e9e en litt\u00e9rature portugaise\/anglaise de l&#039;Universit\u00e9 d&#039;\u00c9tat de Ponta Grossa (UEPG), avec des dipl\u00f4mes de troisi\u00e8me cycle en art dans l&#039;\u00e9ducation (FAPI) et en psychop\u00e9dagogie scolaire (FAPI), elle est la cr\u00e9atrice et propri\u00e9taire du site web Escritora de Sucesso, a de l&#039;exp\u00e9rience dans l&#039;\u00e9criture pour les blogs en g\u00e9n\u00e9ral et travaille comme r\u00e9dactrice et \u00e9ditrice du contenu pour Ora\u00e7\u00e3o e F\u00e9.","url":"https:\/\/www.oracaoefe.com\/fr\/author\/michele-azevedo\/"}]}},"_links":{"self":[{"href":"https:\/\/www.oracaoefe.com\/fr\/wp-json\/wp\/v2\/posts\/3236","targetHints":{"allow":["GET"]}}],"collection":[{"href":"https:\/\/www.oracaoefe.com\/fr\/wp-json\/wp\/v2\/posts"}],"about":[{"href":"https:\/\/www.oracaoefe.com\/fr\/wp-json\/wp\/v2\/types\/post"}],"author":[{"embeddable":true,"href":"https:\/\/www.oracaoefe.com\/fr\/wp-json\/wp\/v2\/users\/3"}],"replies":[{"embeddable":true,"href":"https:\/\/www.oracaoefe.com\/fr\/wp-json\/wp\/v2\/comments?post=3236"}],"version-history":[{"count":2,"href":"https:\/\/www.oracaoefe.com\/fr\/wp-json\/wp\/v2\/posts\/3236\/revisions"}],"predecessor-version":[{"id":3257,"href":"https:\/\/www.oracaoefe.com\/fr\/wp-json\/wp\/v2\/posts\/3236\/revisions\/3257"}],"wp:featuredmedia":[{"embeddable":true,"href":"https:\/\/www.oracaoefe.com\/fr\/wp-json\/wp\/v2\/media\/3247"}],"wp:attachment":[{"href":"https:\/\/www.oracaoefe.com\/fr\/wp-json\/wp\/v2\/media?parent=3236"}],"wp:term":[{"taxonomy":"category","embeddable":true,"href":"https:\/\/www.oracaoefe.com\/fr\/wp-json\/wp\/v2\/categories?post=3236"},{"taxonomy":"post_tag","embeddable":true,"href":"https:\/\/www.oracaoefe.com\/fr\/wp-json\/wp\/v2\/tags?post=3236"}],"curies":[{"name":"wp","href":"https:\/\/api.w.org\/{rel}","templated":true}]}}