{"id":3234,"date":"2024-11-11T06:00:00","date_gmt":"2024-11-11T09:00:00","guid":{"rendered":"https:\/\/www.oracaoefe.com\/?p=3234"},"modified":"2024-10-18T00:43:40","modified_gmt":"2024-10-18T03:43:40","slug":"oracao-que-ajuda-a-desatar-os-nos-dos-negocios","status":"publish","type":"post","link":"https:\/\/www.oracaoefe.com\/fr\/oracao-que-ajuda-a-desatar-os-nos-dos-negocios\/","title":{"rendered":"Ora\u00e7\u00e3o que ajuda a desatar os n\u00f3s dos neg\u00f3cios"},"content":{"rendered":"<p class=\"wp-block-paragraph\">Nos momentos de dificuldade, quando as portas parecem n\u00e3o se abrir e os obst\u00e1culos se acumulam, muitos empreendedores buscam n\u00e3o apenas estrat\u00e9gias pr\u00e1ticas, mas tamb\u00e9m apoio espiritual. Neg\u00f3cios exigem planejamento e a\u00e7\u00e3o, mas tamb\u00e9m \u00e9 preciso calma e confian\u00e7a para superar momentos de estagna\u00e7\u00e3o. A ora\u00e7\u00e3o que ajuda a desatar os n\u00f3s dos neg\u00f3cios \u00e9 uma ferramenta espiritual poderosa. Al\u00e9m de trazer serenidade e clareza, ela \u00e9 um ato de entrega que fortalece a esperan\u00e7a e abre caminhos para oportunidades inesperadas.<\/p>\n\n\n\n<figure class=\"wp-block-image size-full is-resized\"><img loading=\"lazy\" decoding=\"async\" width=\"740\" height=\"494\" src=\"https:\/\/www.oracaoefe.com\/wp-content\/uploads\/2024\/10\/image-8.png\" alt=\"\" class=\"wp-image-3246\" style=\"width:840px;height:auto\" srcset=\"https:\/\/www.oracaoefe.com\/wp-content\/uploads\/2024\/10\/image-8.png 740w, https:\/\/www.oracaoefe.com\/wp-content\/uploads\/2024\/10\/image-8-300x200.png 300w, https:\/\/www.oracaoefe.com\/wp-content\/uploads\/2024\/10\/image-8-18x12.png 18w\" sizes=\"auto, (max-width: 740px) 100vw, 740px\" \/><\/figure>\n\n\n\n<h2 class=\"wp-block-heading\">O poder da f\u00e9 como complemento das estrat\u00e9gias empresariais<\/h2>\n\n\n\n<p class=\"wp-block-paragraph\">A espiritualidade pode ser um ponto de apoio em momentos cr\u00edticos. A f\u00e9 n\u00e3o substitui as a\u00e7\u00f5es pr\u00e1ticas, mas oferece o equil\u00edbrio necess\u00e1rio para enfrentar os desafios. Quem empreende sabe que os imprevistos s\u00e3o constantes e que, mesmo com planejamento, nem tudo sai como esperado. Nessas horas, \u00e9 essencial manter a calma para tomar decis\u00f5es assertivas e buscar for\u00e7as para seguir adiante. A ora\u00e7\u00e3o n\u00e3o \u00e9 um ato m\u00e1gico, mas um caminho para reorganizar os pensamentos, aliviar a mente e encontrar inspira\u00e7\u00e3o para agir com sabedoria.<\/p>\n\n\n\n<h2 class=\"wp-block-heading\">Ora\u00e7\u00e3o para desatar os n\u00f3s dos neg\u00f3cios<\/h2>\n\n\n\n<p class=\"wp-block-paragraph\">Abaixo, apresento uma ora\u00e7\u00e3o direcionada a quem busca libertar-se de bloqueios em seus neg\u00f3cios. Escolha um momento de paz para recit\u00e1-la, com a mente serena e concentrada:<\/p>\n\n\n\n<p class=\"wp-block-paragraph\"><em>&#8220;Senhor, apresento diante de Ti os n\u00f3s que travam o crescimento e o progresso do meu neg\u00f3cio. Pe\u00e7o a Tua orienta\u00e7\u00e3o para que eu tenha discernimento em minhas decis\u00f5es e sabedoria para encontrar solu\u00e7\u00f5es.<br>Desata cada la\u00e7o que prende o meu caminho e remove a ansiedade e o medo que tentam enfraquecer minha mente. Que a esperan\u00e7a renas\u00e7a em meu cora\u00e7\u00e3o, e que eu enxergue novas oportunidades com clareza e confian\u00e7a.<br>Ilumina os meus passos e abre as portas certas para que eu possa caminhar com seguran\u00e7a. Agrade\u00e7o pela for\u00e7a que me sustenta, pelas li\u00e7\u00f5es aprendidas e pelas vit\u00f3rias que est\u00e3o por vir. Am\u00e9m.&#8221;<\/em><\/p>\n\n\n\n<h2 class=\"wp-block-heading\">Como e quando fazer essa ora\u00e7\u00e3o<\/h2>\n\n\n\n<p class=\"wp-block-paragraph\">1# Antes de decis\u00f5es importantes no neg\u00f3cio<br>Ao enfrentar negocia\u00e7\u00f5es ou reuni\u00f5es estrat\u00e9gicas, \u00e9 comum que o medo e a inseguran\u00e7a apare\u00e7am. A ora\u00e7\u00e3o, nesses momentos, pode ser uma forma de fortalecer a confian\u00e7a e abrir espa\u00e7o para a clareza mental.<\/p>\n\n\n\n<p class=\"wp-block-paragraph\">2# No in\u00edcio e ao final de cada dia de trabalho<br>Iniciar o dia com uma prece traz serenidade e prepara a mente para os desafios. Finalizar o expediente com a mesma pr\u00e1tica ajuda a liberar as tens\u00f5es e renovar o esp\u00edrito para o dia seguinte.<\/p>\n\n\n\n<p class=\"wp-block-paragraph\">3# Diante de imprevistos e obst\u00e1culos inesperados<br>Todo neg\u00f3cio passa por fases de incerteza e momentos dif\u00edceis. Quando algo fora do controle surge, a ora\u00e7\u00e3o pode ser uma ferramenta para manter o equil\u00edbrio e encontrar respostas.<\/p>\n\n\n\n<h2 class=\"wp-block-heading\">F\u00e9 e a\u00e7\u00e3o: a uni\u00e3o necess\u00e1ria para prosperar<\/h2>\n\n\n\n<p class=\"wp-block-paragraph\">A ora\u00e7\u00e3o por si s\u00f3 n\u00e3o substitui o trabalho e a disciplina, mas fortalece o esp\u00edrito e a mente para agir com sabedoria. Neg\u00f3cios exigem planejamento, estrat\u00e9gia e perseveran\u00e7a. A espiritualidade complementa esses esfor\u00e7os, ajudando a manter o foco e a motiva\u00e7\u00e3o, mesmo nos momentos mais dif\u00edceis. A confian\u00e7a que vem da f\u00e9 \u00e9 um est\u00edmulo para continuar tentando, corrigir erros e n\u00e3o desistir nos momentos de adversidade. A pr\u00e1tica di\u00e1ria da ora\u00e7\u00e3o n\u00e3o significa esperar que tudo aconte\u00e7a sem esfor\u00e7o, mas sim encontrar for\u00e7as para agir e buscar as solu\u00e7\u00f5es necess\u00e1rias.<\/p>\n\n\n\n<h2 class=\"wp-block-heading\">Como desenvolver uma rotina espiritual nos neg\u00f3cios<\/h2>\n\n\n\n<p class=\"wp-block-paragraph\">Muitos empreendedores encontram benef\u00edcios em incorporar a ora\u00e7\u00e3o em sua rotina. A espiritualidade pode fazer parte do cotidiano de forma leve e natural, sem precisar seguir um ritual r\u00edgido. Ter um momento de reflex\u00e3o no in\u00edcio do dia pode ajudar a definir prioridades e encontrar um prop\u00f3sito claro para cada a\u00e7\u00e3o. Ao final do expediente, \u00e9 interessante usar a ora\u00e7\u00e3o para agradecer pelas conquistas e aprender com os erros. O importante \u00e9 que essa pr\u00e1tica seja feita com sinceridade e inten\u00e7\u00e3o verdadeira, fortalecendo a mente e renovando o \u00e2nimo.<\/p>\n\n\n\n<h2 class=\"wp-block-heading\">Renovando o prop\u00f3sito com f\u00e9 e determina\u00e7\u00e3o<\/h2>\n\n\n\n<p class=\"wp-block-paragraph\">Todo empreendedor encontra dificuldades em algum momento, mas \u00e9 essencial renovar o prop\u00f3sito e seguir adiante com determina\u00e7\u00e3o. A ora\u00e7\u00e3o \u00e9 uma forma de reencontrar o foco e lembrar por que voc\u00ea come\u00e7ou sua jornada. Os n\u00f3s que surgem ao longo do caminho s\u00e3o oportunidades para crescer e aprender, e cada desafio superado fortalece a trajet\u00f3ria. Com f\u00e9 e a\u00e7\u00e3o, os obst\u00e1culos perdem a for\u00e7a e as oportunidades se tornam mais vis\u00edveis. A ora\u00e7\u00e3o n\u00e3o elimina os problemas, mas transforma a forma como voc\u00ea lida com eles, abrindo espa\u00e7o para novas solu\u00e7\u00f5es e aprendizados.<\/p>\n\n\n\n<p class=\"wp-block-paragraph\"><strong>Voir aussi\u00a0: <a href=\"https:\/\/www.oracaoefe.com\/fr\/o-que-a-biblia-diz-sobre-o-eclipse-solar-veja-a-curiosidade\/\">O que a B\u00edblia diz sobre o eclipse solar; veja a curiosidade<\/a><\/strong><\/p>\n\n\n\n<p class=\"wp-block-paragraph\">11 de novembro de 2024<\/p>","protected":false},"excerpt":{"rendered":"<p>Nos momentos de dificuldade, quando as portas parecem n\u00e3o se abrir e os obst\u00e1culos se acumulam, muitos empreendedores buscam n\u00e3o apenas estrat\u00e9gias pr\u00e1ticas, mas tamb\u00e9m apoio espiritual. Neg\u00f3cios exigem planejamento e a\u00e7\u00e3o, mas tamb\u00e9m \u00e9 preciso calma e confian\u00e7a para superar momentos de estagna\u00e7\u00e3o. A ora\u00e7\u00e3o que ajuda a desatar os n\u00f3s dos neg\u00f3cios \u00e9&hellip;&nbsp;<\/p>","protected":false},"author":3,"featured_media":3246,"comment_status":"closed","ping_status":"closed","sticky":false,"template":"","format":"standard","meta":{"neve_meta_sidebar":"","neve_meta_container":"","neve_meta_enable_content_width":"","neve_meta_content_width":0,"neve_meta_title_alignment":"","neve_meta_author_avatar":"","neve_post_elements_order":"","neve_meta_disable_header":"","neve_meta_disable_footer":"","neve_meta_disable_title":"","footnotes":""},"categories":[2],"tags":[],"class_list":["post-3234","post","type-post","status-publish","format-standard","has-post-thumbnail","hentry","category-oracao"],"yoast_head":"<!-- This site is optimized with the Yoast SEO plugin v28.4 - https:\/\/yoast.com\/product\/yoast-seo-wordpress\/ -->\n<title>Ora\u00e7\u00e3o que ajuda a desatar os n\u00f3s dos neg\u00f3cios - Ora\u00e7\u00e3o e F\u00e9<\/title>\n<meta name=\"description\" content=\"Deus tem pra voc\u00ea uma palavra de vida!\" \/>\n<meta name=\"robots\" content=\"index, follow, max-snippet:-1, max-image-preview:large, max-video-preview:-1\" \/>\n<link rel=\"canonical\" href=\"https:\/\/www.oracaoefe.com\/fr\/oracao-que-ajuda-a-desatar-os-nos-dos-negocios\/\" \/>\n<meta property=\"og:locale\" content=\"fr_FR\" \/>\n<meta property=\"og:type\" content=\"article\" \/>\n<meta property=\"og:title\" content=\"Ora\u00e7\u00e3o que ajuda a desatar os n\u00f3s dos neg\u00f3cios - Ora\u00e7\u00e3o e F\u00e9\" \/>\n<meta property=\"og:description\" content=\"Deus tem pra voc\u00ea uma palavra de vida!\" \/>\n<meta property=\"og:url\" content=\"https:\/\/www.oracaoefe.com\/fr\/oracao-que-ajuda-a-desatar-os-nos-dos-negocios\/\" \/>\n<meta property=\"og:site_name\" content=\"Ora\u00e7\u00e3o e F\u00e9\" \/>\n<meta property=\"article:published_time\" content=\"2024-11-11T09:00:00+00:00\" \/>\n<meta property=\"og:image\" content=\"https:\/\/www.oracaoefe.com\/wp-content\/uploads\/2024\/10\/image-8.png\" \/>\n\t<meta property=\"og:image:width\" content=\"740\" \/>\n\t<meta property=\"og:image:height\" content=\"494\" \/>\n\t<meta property=\"og:image:type\" content=\"image\/png\" \/>\n<meta name=\"author\" content=\"Michele Azevedo\" \/>\n<meta name=\"twitter:card\" content=\"summary_large_image\" \/>\n<meta name=\"twitter:label1\" content=\"\u00c9crit par\" \/>\n\t<meta name=\"twitter:data1\" content=\"Michele Azevedo\" \/>\n\t<meta name=\"twitter:label2\" content=\"Dur\u00e9e de lecture estim\u00e9e\" \/>\n\t<meta name=\"twitter:data2\" content=\"4 minutes\" \/>\n<script type=\"application\/ld+json\" class=\"yoast-schema-graph\">{\"@context\":\"https:\\\/\\\/schema.org\",\"@graph\":[{\"@type\":\"Article\",\"@id\":\"https:\\\/\\\/www.oracaoefe.com\\\/oracao-que-ajuda-a-desatar-os-nos-dos-negocios\\\/#article\",\"isPartOf\":{\"@id\":\"https:\\\/\\\/www.oracaoefe.com\\\/oracao-que-ajuda-a-desatar-os-nos-dos-negocios\\\/\"},\"author\":{\"name\":\"Michele Azevedo\",\"@id\":\"https:\\\/\\\/www.oracaoefe.com\\\/#\\\/schema\\\/person\\\/17283c669442cf005c4d5bb58adfb7f5\"},\"headline\":\"Ora\u00e7\u00e3o que ajuda a desatar os n\u00f3s dos neg\u00f3cios\",\"datePublished\":\"2024-11-11T09:00:00+00:00\",\"mainEntityOfPage\":{\"@id\":\"https:\\\/\\\/www.oracaoefe.com\\\/oracao-que-ajuda-a-desatar-os-nos-dos-negocios\\\/\"},\"wordCount\":880,\"image\":{\"@id\":\"https:\\\/\\\/www.oracaoefe.com\\\/oracao-que-ajuda-a-desatar-os-nos-dos-negocios\\\/#primaryimage\"},\"thumbnailUrl\":\"https:\\\/\\\/www.oracaoefe.com\\\/wp-content\\\/uploads\\\/2024\\\/10\\\/image-8.png\",\"articleSection\":[\"Ora\u00e7\u00e3o\"],\"inLanguage\":\"fr-FR\"},{\"@type\":\"WebPage\",\"@id\":\"https:\\\/\\\/www.oracaoefe.com\\\/oracao-que-ajuda-a-desatar-os-nos-dos-negocios\\\/\",\"url\":\"https:\\\/\\\/www.oracaoefe.com\\\/oracao-que-ajuda-a-desatar-os-nos-dos-negocios\\\/\",\"name\":\"Ora\u00e7\u00e3o que ajuda a desatar os n\u00f3s dos neg\u00f3cios - Ora\u00e7\u00e3o e F\u00e9\",\"isPartOf\":{\"@id\":\"https:\\\/\\\/www.oracaoefe.com\\\/#website\"},\"primaryImageOfPage\":{\"@id\":\"https:\\\/\\\/www.oracaoefe.com\\\/oracao-que-ajuda-a-desatar-os-nos-dos-negocios\\\/#primaryimage\"},\"image\":{\"@id\":\"https:\\\/\\\/www.oracaoefe.com\\\/oracao-que-ajuda-a-desatar-os-nos-dos-negocios\\\/#primaryimage\"},\"thumbnailUrl\":\"https:\\\/\\\/www.oracaoefe.com\\\/wp-content\\\/uploads\\\/2024\\\/10\\\/image-8.png\",\"datePublished\":\"2024-11-11T09:00:00+00:00\",\"author\":{\"@id\":\"https:\\\/\\\/www.oracaoefe.com\\\/#\\\/schema\\\/person\\\/17283c669442cf005c4d5bb58adfb7f5\"},\"description\":\"Deus tem pra voc\u00ea uma palavra de vida!\",\"breadcrumb\":{\"@id\":\"https:\\\/\\\/www.oracaoefe.com\\\/oracao-que-ajuda-a-desatar-os-nos-dos-negocios\\\/#breadcrumb\"},\"inLanguage\":\"fr-FR\",\"potentialAction\":[{\"@type\":\"ReadAction\",\"target\":[\"https:\\\/\\\/www.oracaoefe.com\\\/oracao-que-ajuda-a-desatar-os-nos-dos-negocios\\\/\"]}]},{\"@type\":\"ImageObject\",\"inLanguage\":\"fr-FR\",\"@id\":\"https:\\\/\\\/www.oracaoefe.com\\\/oracao-que-ajuda-a-desatar-os-nos-dos-negocios\\\/#primaryimage\",\"url\":\"https:\\\/\\\/www.oracaoefe.com\\\/wp-content\\\/uploads\\\/2024\\\/10\\\/image-8.png\",\"contentUrl\":\"https:\\\/\\\/www.oracaoefe.com\\\/wp-content\\\/uploads\\\/2024\\\/10\\\/image-8.png\",\"width\":740,\"height\":494},{\"@type\":\"BreadcrumbList\",\"@id\":\"https:\\\/\\\/www.oracaoefe.com\\\/oracao-que-ajuda-a-desatar-os-nos-dos-negocios\\\/#breadcrumb\",\"itemListElement\":[{\"@type\":\"ListItem\",\"position\":1,\"name\":\"Home\",\"item\":\"https:\\\/\\\/www.oracaoefe.com\\\/\"},{\"@type\":\"ListItem\",\"position\":2,\"name\":\"Ora\u00e7\u00e3o\",\"item\":\"https:\\\/\\\/www.oracaoefe.com\\\/category\\\/oracao\\\/\"},{\"@type\":\"ListItem\",\"position\":3,\"name\":\"Ora\u00e7\u00e3o que ajuda a desatar os n\u00f3s dos neg\u00f3cios\"}]},{\"@type\":\"WebSite\",\"@id\":\"https:\\\/\\\/www.oracaoefe.com\\\/#website\",\"url\":\"https:\\\/\\\/www.oracaoefe.com\\\/\",\"name\":\"Ora\u00e7\u00e3o e F\u00e9\",\"description\":\"\",\"potentialAction\":[{\"@type\":\"SearchAction\",\"target\":{\"@type\":\"EntryPoint\",\"urlTemplate\":\"https:\\\/\\\/www.oracaoefe.com\\\/?s={search_term_string}\"},\"query-input\":{\"@type\":\"PropertyValueSpecification\",\"valueRequired\":true,\"valueName\":\"search_term_string\"}}],\"inLanguage\":\"fr-FR\"},{\"@type\":\"Person\",\"@id\":\"https:\\\/\\\/www.oracaoefe.com\\\/#\\\/schema\\\/person\\\/17283c669442cf005c4d5bb58adfb7f5\",\"name\":\"Michele Azevedo\",\"image\":{\"@type\":\"ImageObject\",\"inLanguage\":\"fr-FR\",\"@id\":\"https:\\\/\\\/secure.gravatar.com\\\/avatar\\\/6b0eb9d22841282815e2cd856a0061c45e1761cd54b22e952d98c4746939aa85?s=96&d=mm&r=g\",\"url\":\"https:\\\/\\\/secure.gravatar.com\\\/avatar\\\/6b0eb9d22841282815e2cd856a0061c45e1761cd54b22e952d98c4746939aa85?s=96&d=mm&r=g\",\"contentUrl\":\"https:\\\/\\\/secure.gravatar.com\\\/avatar\\\/6b0eb9d22841282815e2cd856a0061c45e1761cd54b22e952d98c4746939aa85?s=96&d=mm&r=g\",\"caption\":\"Michele Azevedo\"},\"description\":\"Formada em Letras - Portugu\u00eas\\\/ Ingl\u00eas pela Universidade Estadual de Ponta Grossa (UEPG), p\u00f3s-graduada em Arte na Educa\u00e7\u00e3o (FAPI) e Psicopedagogia Escolar (FAPI), idealizadora e propriet\u00e1ria do site Escritora de Sucesso, possui experi\u00eancia em escrita para blogs em geral e atua como redatora e revisora dos conte\u00fados do Ora\u00e7\u00e3o e F\u00e9.\",\"url\":\"https:\\\/\\\/www.oracaoefe.com\\\/fr\\\/author\\\/michele-azevedo\\\/\"}]}<\/script>\n<!-- \/ Yoast SEO plugin. -->","yoast_head_json":{"title":"Ora\u00e7\u00e3o que ajuda a desatar os n\u00f3s dos neg\u00f3cios - Ora\u00e7\u00e3o e F\u00e9","description":"Dieu a une parole de vie pour vous !","robots":{"index":"index","follow":"follow","max-snippet":"max-snippet:-1","max-image-preview":"max-image-preview:large","max-video-preview":"max-video-preview:-1"},"canonical":"https:\/\/www.oracaoefe.com\/fr\/oracao-que-ajuda-a-desatar-os-nos-dos-negocios\/","og_locale":"fr_FR","og_type":"article","og_title":"Ora\u00e7\u00e3o que ajuda a desatar os n\u00f3s dos neg\u00f3cios - Ora\u00e7\u00e3o e F\u00e9","og_description":"Deus tem pra voc\u00ea uma palavra de vida!","og_url":"https:\/\/www.oracaoefe.com\/fr\/oracao-que-ajuda-a-desatar-os-nos-dos-negocios\/","og_site_name":"Ora\u00e7\u00e3o e F\u00e9","article_published_time":"2024-11-11T09:00:00+00:00","og_image":[{"width":740,"height":494,"url":"https:\/\/www.oracaoefe.com\/wp-content\/uploads\/2024\/10\/image-8.png","type":"image\/png"}],"author":"Michele Azevedo","twitter_card":"summary_large_image","twitter_misc":{"\u00c9crit par":"Michele Azevedo","Dur\u00e9e de lecture estim\u00e9e":"4 minutes"},"schema":{"@context":"https:\/\/schema.org","@graph":[{"@type":"Article","@id":"https:\/\/www.oracaoefe.com\/oracao-que-ajuda-a-desatar-os-nos-dos-negocios\/#article","isPartOf":{"@id":"https:\/\/www.oracaoefe.com\/oracao-que-ajuda-a-desatar-os-nos-dos-negocios\/"},"author":{"name":"Michele Azevedo","@id":"https:\/\/www.oracaoefe.com\/#\/schema\/person\/17283c669442cf005c4d5bb58adfb7f5"},"headline":"Ora\u00e7\u00e3o que ajuda a desatar os n\u00f3s dos neg\u00f3cios","datePublished":"2024-11-11T09:00:00+00:00","mainEntityOfPage":{"@id":"https:\/\/www.oracaoefe.com\/oracao-que-ajuda-a-desatar-os-nos-dos-negocios\/"},"wordCount":880,"image":{"@id":"https:\/\/www.oracaoefe.com\/oracao-que-ajuda-a-desatar-os-nos-dos-negocios\/#primaryimage"},"thumbnailUrl":"https:\/\/www.oracaoefe.com\/wp-content\/uploads\/2024\/10\/image-8.png","articleSection":["Ora\u00e7\u00e3o"],"inLanguage":"fr-FR"},{"@type":"WebPage","@id":"https:\/\/www.oracaoefe.com\/oracao-que-ajuda-a-desatar-os-nos-dos-negocios\/","url":"https:\/\/www.oracaoefe.com\/oracao-que-ajuda-a-desatar-os-nos-dos-negocios\/","name":"Ora\u00e7\u00e3o que ajuda a desatar os n\u00f3s dos neg\u00f3cios - Ora\u00e7\u00e3o e F\u00e9","isPartOf":{"@id":"https:\/\/www.oracaoefe.com\/#website"},"primaryImageOfPage":{"@id":"https:\/\/www.oracaoefe.com\/oracao-que-ajuda-a-desatar-os-nos-dos-negocios\/#primaryimage"},"image":{"@id":"https:\/\/www.oracaoefe.com\/oracao-que-ajuda-a-desatar-os-nos-dos-negocios\/#primaryimage"},"thumbnailUrl":"https:\/\/www.oracaoefe.com\/wp-content\/uploads\/2024\/10\/image-8.png","datePublished":"2024-11-11T09:00:00+00:00","author":{"@id":"https:\/\/www.oracaoefe.com\/#\/schema\/person\/17283c669442cf005c4d5bb58adfb7f5"},"description":"Dieu a une parole de vie pour vous !","breadcrumb":{"@id":"https:\/\/www.oracaoefe.com\/oracao-que-ajuda-a-desatar-os-nos-dos-negocios\/#breadcrumb"},"inLanguage":"fr-FR","potentialAction":[{"@type":"ReadAction","target":["https:\/\/www.oracaoefe.com\/oracao-que-ajuda-a-desatar-os-nos-dos-negocios\/"]}]},{"@type":"ImageObject","inLanguage":"fr-FR","@id":"https:\/\/www.oracaoefe.com\/oracao-que-ajuda-a-desatar-os-nos-dos-negocios\/#primaryimage","url":"https:\/\/www.oracaoefe.com\/wp-content\/uploads\/2024\/10\/image-8.png","contentUrl":"https:\/\/www.oracaoefe.com\/wp-content\/uploads\/2024\/10\/image-8.png","width":740,"height":494},{"@type":"BreadcrumbList","@id":"https:\/\/www.oracaoefe.com\/oracao-que-ajuda-a-desatar-os-nos-dos-negocios\/#breadcrumb","itemListElement":[{"@type":"ListItem","position":1,"name":"Home","item":"https:\/\/www.oracaoefe.com\/"},{"@type":"ListItem","position":2,"name":"Ora\u00e7\u00e3o","item":"https:\/\/www.oracaoefe.com\/category\/oracao\/"},{"@type":"ListItem","position":3,"name":"Ora\u00e7\u00e3o que ajuda a desatar os n\u00f3s dos neg\u00f3cios"}]},{"@type":"WebSite","@id":"https:\/\/www.oracaoefe.com\/#website","url":"https:\/\/www.oracaoefe.com\/","name":"Pri\u00e8re et foi","description":"","potentialAction":[{"@type":"SearchAction","target":{"@type":"EntryPoint","urlTemplate":"https:\/\/www.oracaoefe.com\/?s={search_term_string}"},"query-input":{"@type":"PropertyValueSpecification","valueRequired":true,"valueName":"search_term_string"}}],"inLanguage":"fr-FR"},{"@type":"Person","@id":"https:\/\/www.oracaoefe.com\/#\/schema\/person\/17283c669442cf005c4d5bb58adfb7f5","name":"Michele Azevedo","image":{"@type":"ImageObject","inLanguage":"fr-FR","@id":"https:\/\/secure.gravatar.com\/avatar\/6b0eb9d22841282815e2cd856a0061c45e1761cd54b22e952d98c4746939aa85?s=96&d=mm&r=g","url":"https:\/\/secure.gravatar.com\/avatar\/6b0eb9d22841282815e2cd856a0061c45e1761cd54b22e952d98c4746939aa85?s=96&d=mm&r=g","contentUrl":"https:\/\/secure.gravatar.com\/avatar\/6b0eb9d22841282815e2cd856a0061c45e1761cd54b22e952d98c4746939aa85?s=96&d=mm&r=g","caption":"Michele Azevedo"},"description":"Dipl\u00f4m\u00e9e en litt\u00e9rature portugaise\/anglaise de l&#039;Universit\u00e9 d&#039;\u00c9tat de Ponta Grossa (UEPG), avec des dipl\u00f4mes de troisi\u00e8me cycle en art dans l&#039;\u00e9ducation (FAPI) et en psychop\u00e9dagogie scolaire (FAPI), elle est la cr\u00e9atrice et propri\u00e9taire du site web Escritora de Sucesso, a de l&#039;exp\u00e9rience dans l&#039;\u00e9criture pour les blogs en g\u00e9n\u00e9ral et travaille comme r\u00e9dactrice et \u00e9ditrice du contenu pour Ora\u00e7\u00e3o e F\u00e9.","url":"https:\/\/www.oracaoefe.com\/fr\/author\/michele-azevedo\/"}]}},"_links":{"self":[{"href":"https:\/\/www.oracaoefe.com\/fr\/wp-json\/wp\/v2\/posts\/3234","targetHints":{"allow":["GET"]}}],"collection":[{"href":"https:\/\/www.oracaoefe.com\/fr\/wp-json\/wp\/v2\/posts"}],"about":[{"href":"https:\/\/www.oracaoefe.com\/fr\/wp-json\/wp\/v2\/types\/post"}],"author":[{"embeddable":true,"href":"https:\/\/www.oracaoefe.com\/fr\/wp-json\/wp\/v2\/users\/3"}],"replies":[{"embeddable":true,"href":"https:\/\/www.oracaoefe.com\/fr\/wp-json\/wp\/v2\/comments?post=3234"}],"version-history":[{"count":2,"href":"https:\/\/www.oracaoefe.com\/fr\/wp-json\/wp\/v2\/posts\/3234\/revisions"}],"predecessor-version":[{"id":3256,"href":"https:\/\/www.oracaoefe.com\/fr\/wp-json\/wp\/v2\/posts\/3234\/revisions\/3256"}],"wp:featuredmedia":[{"embeddable":true,"href":"https:\/\/www.oracaoefe.com\/fr\/wp-json\/wp\/v2\/media\/3246"}],"wp:attachment":[{"href":"https:\/\/www.oracaoefe.com\/fr\/wp-json\/wp\/v2\/media?parent=3234"}],"wp:term":[{"taxonomy":"category","embeddable":true,"href":"https:\/\/www.oracaoefe.com\/fr\/wp-json\/wp\/v2\/categories?post=3234"},{"taxonomy":"post_tag","embeddable":true,"href":"https:\/\/www.oracaoefe.com\/fr\/wp-json\/wp\/v2\/tags?post=3234"}],"curies":[{"name":"wp","href":"https:\/\/api.w.org\/{rel}","templated":true}]}}