{"id":3232,"date":"2024-11-08T06:00:00","date_gmt":"2024-11-08T09:00:00","guid":{"rendered":"https:\/\/www.oracaoefe.com\/?p=3232"},"modified":"2024-10-18T00:43:28","modified_gmt":"2024-10-18T03:43:28","slug":"por-que-cristo-teve-que-ser-crucificado","status":"publish","type":"post","link":"https:\/\/www.oracaoefe.com\/fr\/por-que-cristo-teve-que-ser-crucificado\/","title":{"rendered":"Por que Cristo teve que ser crucificado"},"content":{"rendered":"<p class=\"wp-block-paragraph\">A <strong>crucifica\u00e7\u00e3o de Cristo<\/strong> \u00e9 um dos eventos mais marcantes da hist\u00f3ria da humanidade, central para a f\u00e9 crist\u00e3. Muitos se perguntam por que essa morte t\u00e3o dolorosa e p\u00fablica foi necess\u00e1ria. Entender esse sacrif\u00edcio envolve compreender conceitos espirituais, hist\u00f3ricos e teol\u00f3gicos que explicam o prop\u00f3sito maior por tr\u00e1s desse ato.<\/p>\n\n\n\n<h2 class=\"wp-block-heading\">O plano de reden\u00e7\u00e3o divina<\/h2>\n\n\n\n<p class=\"wp-block-paragraph\">A crucifica\u00e7\u00e3o de Jesus n\u00e3o foi um acidente hist\u00f3rico, mas um evento planejado para redimir a humanidade do pecado. Na teologia crist\u00e3, o pecado entrou no mundo atrav\u00e9s da desobedi\u00eancia de Ad\u00e3o e Eva, rompendo a rela\u00e7\u00e3o entre Deus e o ser humano. Assim, era necess\u00e1rio um sacrif\u00edcio perfeito para restaurar essa conex\u00e3o.<\/p>\n\n\n\n<figure class=\"wp-block-image size-full is-resized\"><img loading=\"lazy\" decoding=\"async\" width=\"740\" height=\"493\" src=\"https:\/\/www.oracaoefe.com\/wp-content\/uploads\/2024\/10\/image-7.png\" alt=\"\" class=\"wp-image-3245\" style=\"width:840px;height:auto\" srcset=\"https:\/\/www.oracaoefe.com\/wp-content\/uploads\/2024\/10\/image-7.png 740w, https:\/\/www.oracaoefe.com\/wp-content\/uploads\/2024\/10\/image-7-300x200.png 300w, https:\/\/www.oracaoefe.com\/wp-content\/uploads\/2024\/10\/image-7-18x12.png 18w\" sizes=\"auto, (max-width: 740px) 100vw, 740px\" \/><\/figure>\n\n\n\n<p class=\"wp-block-paragraph\">Jesus, sendo considerado o Filho de Deus, sem pecado, veio \u00e0 terra para cumprir essa miss\u00e3o de forma definitiva. Ele assumiu o papel de substituto, oferecendo sua vida para que a humanidade pudesse ser reconciliada com Deus.<\/p>\n\n\n\n<h2 class=\"wp-block-heading\">Por que a morte na cruz foi necess\u00e1ria<\/h2>\n\n\n\n<p class=\"wp-block-paragraph\">A morte de Cristo na cruz tem um significado profundo. N\u00e3o era apenas uma morte qualquer; a crucifica\u00e7\u00e3o foi a forma mais dolorosa e humilhante de execu\u00e7\u00e3o da \u00e9poca. Sua escolha tem v\u00e1rios significados espirituais:<\/p>\n\n\n\n<p class=\"wp-block-paragraph\">1# Demonstrar o amor incondicional de Deus pela humanidade, oferecendo Seu pr\u00f3prio Filho.<br>2# Cumprir as profecias antigas que previam um Messias sofredor, como relatado em Isa\u00edas 53.<br>3# Satisfazer a justi\u00e7a divina, pois a puni\u00e7\u00e3o pelo pecado \u00e9 a morte, e apenas um sacrif\u00edcio perfeito poderia pagar essa d\u00edvida.<\/p>\n\n\n\n<h2 class=\"wp-block-heading\">A conex\u00e3o entre justi\u00e7a e gra\u00e7a<\/h2>\n\n\n\n<p class=\"wp-block-paragraph\">A justi\u00e7a e a gra\u00e7a s\u00e3o conceitos essenciais para entender por que Cristo foi crucificado. A justi\u00e7a de Deus exige que o pecado seja punido, mas Sua gra\u00e7a permite que os pecadores sejam perdoados. Por isso, Cristo assumiu a culpa dos pecados da humanidade, pagando com sua vida para que os seres humanos pudessem receber a gra\u00e7a divina.<\/p>\n\n\n\n<p class=\"wp-block-paragraph\">A cruz, assim, se torna um s\u00edmbolo da uni\u00e3o desses dois princ\u00edpios: a justi\u00e7a \u00e9 satisfeita e a gra\u00e7a \u00e9 derramada sobre aqueles que creem.<\/p>\n\n\n\n<h2 class=\"wp-block-heading\">A import\u00e2ncia da ressurrei\u00e7\u00e3o ap\u00f3s a crucifica\u00e7\u00e3o<\/h2>\n\n\n\n<p class=\"wp-block-paragraph\">A hist\u00f3ria da crucifica\u00e7\u00e3o n\u00e3o termina com a morte de Cristo. Tr\u00eas dias depois, Ele ressuscitou, mostrando que a morte n\u00e3o tinha poder sobre Ele. A ressurrei\u00e7\u00e3o \u00e9 a prova da vit\u00f3ria sobre o pecado e a morte, oferecendo esperan\u00e7a de vida eterna para todos os que acreditam.<\/p>\n\n\n\n<p class=\"wp-block-paragraph\">Sem a ressurrei\u00e7\u00e3o, a crucifica\u00e7\u00e3o seria apenas um sacrif\u00edcio comum. No entanto, a ressurrei\u00e7\u00e3o confirma que Jesus era verdadeiramente o Filho de Deus e que Sua miss\u00e3o foi cumprida com sucesso.<\/p>\n\n\n\n<h2 class=\"wp-block-heading\">O significado da crucifica\u00e7\u00e3o para os crist\u00e3os hoje<\/h2>\n\n\n\n<p class=\"wp-block-paragraph\">Para os crist\u00e3os, a crucifica\u00e7\u00e3o de Cristo n\u00e3o \u00e9 apenas um evento hist\u00f3rico, mas um lembrete constante de que o amor e a gra\u00e7a de Deus est\u00e3o dispon\u00edveis a todos. Ela simboliza a esperan\u00e7a de uma nova vida, o perd\u00e3o dos pecados e a certeza de que Deus n\u00e3o abandona Seus filhos, mesmo em momentos de sofrimento.<\/p>\n\n\n\n<p class=\"wp-block-paragraph\">A cruz tamb\u00e9m inspira a pr\u00e1tica do amor e do perd\u00e3o. Assim como Cristo perdoou Seus algozes, os crist\u00e3os s\u00e3o chamados a perdoar os outros e a viver com compaix\u00e3o.<\/p>\n\n\n\n<h2 class=\"wp-block-heading\">O que aprendemos com o sacrif\u00edcio de Cristo<\/h2>\n\n\n\n<p class=\"wp-block-paragraph\">A crucifica\u00e7\u00e3o de Cristo ensina sobre humildade, amor e sacrif\u00edcio. Atrav\u00e9s desse ato, aprendemos que n\u00e3o h\u00e1 sofrimento em v\u00e3o e que a dor pode ter um prop\u00f3sito maior. A vida crist\u00e3 \u00e9 marcada pela esperan\u00e7a de que, assim como Cristo superou a morte, n\u00f3s tamb\u00e9m podemos vencer desafios e encontrar reden\u00e7\u00e3o.<\/p>\n\n\n\n<p class=\"wp-block-paragraph\">Assim, a crucifica\u00e7\u00e3o n\u00e3o \u00e9 apenas sobre morte, mas sobre a promessa de uma nova vida e um relacionamento restaurado com Deus.<\/p>\n\n\n\n<p class=\"wp-block-paragraph\"><strong>Voir aussi\u00a0: <a href=\"https:\/\/www.oracaoefe.com\/fr\/o-que-a-biblia-diz-sobre-o-eclipse-solar-veja-a-curiosidade\/\">O que a B\u00edblia diz sobre o eclipse solar; veja a curiosidade<\/a><\/strong><\/p>\n\n\n\n<p class=\"wp-block-paragraph\">8 de novembro de 2024<\/p>","protected":false},"excerpt":{"rendered":"<p>A crucifica\u00e7\u00e3o de Cristo \u00e9 um dos eventos mais marcantes da hist\u00f3ria da humanidade, central para a f\u00e9 crist\u00e3. Muitos se perguntam por que essa morte t\u00e3o dolorosa e p\u00fablica foi necess\u00e1ria. Entender esse sacrif\u00edcio envolve compreender conceitos espirituais, hist\u00f3ricos e teol\u00f3gicos que explicam o prop\u00f3sito maior por tr\u00e1s desse ato. O plano de reden\u00e7\u00e3o&hellip;&nbsp;<\/p>","protected":false},"author":3,"featured_media":3245,"comment_status":"closed","ping_status":"closed","sticky":false,"template":"","format":"standard","meta":{"neve_meta_sidebar":"","neve_meta_container":"","neve_meta_enable_content_width":"","neve_meta_content_width":0,"neve_meta_title_alignment":"","neve_meta_author_avatar":"","neve_post_elements_order":"","neve_meta_disable_header":"","neve_meta_disable_footer":"","neve_meta_disable_title":"","footnotes":""},"categories":[4],"tags":[],"class_list":["post-3232","post","type-post","status-publish","format-standard","has-post-thumbnail","hentry","category-fique-por-dentro"],"yoast_head":"<!-- This site is optimized with the Yoast SEO plugin v28.4 - https:\/\/yoast.com\/product\/yoast-seo-wordpress\/ -->\n<title>Por que Cristo teve que ser crucificado - Ora\u00e7\u00e3o e F\u00e9<\/title>\n<meta name=\"description\" content=\"Deus tem pra voc\u00ea uma palavra de vida!\" \/>\n<meta name=\"robots\" content=\"index, follow, max-snippet:-1, max-image-preview:large, max-video-preview:-1\" \/>\n<link rel=\"canonical\" href=\"https:\/\/www.oracaoefe.com\/fr\/por-que-cristo-teve-que-ser-crucificado\/\" \/>\n<meta property=\"og:locale\" content=\"fr_FR\" \/>\n<meta property=\"og:type\" content=\"article\" \/>\n<meta property=\"og:title\" content=\"Por que Cristo teve que ser crucificado - Ora\u00e7\u00e3o e F\u00e9\" \/>\n<meta property=\"og:description\" content=\"Deus tem pra voc\u00ea uma palavra de vida!\" \/>\n<meta property=\"og:url\" content=\"https:\/\/www.oracaoefe.com\/fr\/por-que-cristo-teve-que-ser-crucificado\/\" \/>\n<meta property=\"og:site_name\" content=\"Ora\u00e7\u00e3o e F\u00e9\" \/>\n<meta property=\"article:published_time\" content=\"2024-11-08T09:00:00+00:00\" \/>\n<meta property=\"og:image\" content=\"https:\/\/www.oracaoefe.com\/wp-content\/uploads\/2024\/10\/image-7.png\" \/>\n\t<meta property=\"og:image:width\" content=\"740\" \/>\n\t<meta property=\"og:image:height\" content=\"493\" \/>\n\t<meta property=\"og:image:type\" content=\"image\/png\" \/>\n<meta name=\"author\" content=\"Michele Azevedo\" \/>\n<meta name=\"twitter:card\" content=\"summary_large_image\" \/>\n<meta name=\"twitter:label1\" content=\"\u00c9crit par\" \/>\n\t<meta name=\"twitter:data1\" content=\"Michele Azevedo\" \/>\n\t<meta name=\"twitter:label2\" content=\"Dur\u00e9e de lecture estim\u00e9e\" \/>\n\t<meta name=\"twitter:data2\" content=\"3 minutes\" \/>\n<script type=\"application\/ld+json\" class=\"yoast-schema-graph\">{\"@context\":\"https:\\\/\\\/schema.org\",\"@graph\":[{\"@type\":\"Article\",\"@id\":\"https:\\\/\\\/www.oracaoefe.com\\\/por-que-cristo-teve-que-ser-crucificado\\\/#article\",\"isPartOf\":{\"@id\":\"https:\\\/\\\/www.oracaoefe.com\\\/por-que-cristo-teve-que-ser-crucificado\\\/\"},\"author\":{\"name\":\"Michele Azevedo\",\"@id\":\"https:\\\/\\\/www.oracaoefe.com\\\/#\\\/schema\\\/person\\\/17283c669442cf005c4d5bb58adfb7f5\"},\"headline\":\"Por que Cristo teve que ser crucificado\",\"datePublished\":\"2024-11-08T09:00:00+00:00\",\"mainEntityOfPage\":{\"@id\":\"https:\\\/\\\/www.oracaoefe.com\\\/por-que-cristo-teve-que-ser-crucificado\\\/\"},\"wordCount\":699,\"image\":{\"@id\":\"https:\\\/\\\/www.oracaoefe.com\\\/por-que-cristo-teve-que-ser-crucificado\\\/#primaryimage\"},\"thumbnailUrl\":\"https:\\\/\\\/www.oracaoefe.com\\\/wp-content\\\/uploads\\\/2024\\\/10\\\/image-7.png\",\"articleSection\":[\"Fique por Dentro\"],\"inLanguage\":\"fr-FR\"},{\"@type\":\"WebPage\",\"@id\":\"https:\\\/\\\/www.oracaoefe.com\\\/por-que-cristo-teve-que-ser-crucificado\\\/\",\"url\":\"https:\\\/\\\/www.oracaoefe.com\\\/por-que-cristo-teve-que-ser-crucificado\\\/\",\"name\":\"Por que Cristo teve que ser crucificado - Ora\u00e7\u00e3o e F\u00e9\",\"isPartOf\":{\"@id\":\"https:\\\/\\\/www.oracaoefe.com\\\/#website\"},\"primaryImageOfPage\":{\"@id\":\"https:\\\/\\\/www.oracaoefe.com\\\/por-que-cristo-teve-que-ser-crucificado\\\/#primaryimage\"},\"image\":{\"@id\":\"https:\\\/\\\/www.oracaoefe.com\\\/por-que-cristo-teve-que-ser-crucificado\\\/#primaryimage\"},\"thumbnailUrl\":\"https:\\\/\\\/www.oracaoefe.com\\\/wp-content\\\/uploads\\\/2024\\\/10\\\/image-7.png\",\"datePublished\":\"2024-11-08T09:00:00+00:00\",\"author\":{\"@id\":\"https:\\\/\\\/www.oracaoefe.com\\\/#\\\/schema\\\/person\\\/17283c669442cf005c4d5bb58adfb7f5\"},\"description\":\"Deus tem pra voc\u00ea uma palavra de vida!\",\"breadcrumb\":{\"@id\":\"https:\\\/\\\/www.oracaoefe.com\\\/por-que-cristo-teve-que-ser-crucificado\\\/#breadcrumb\"},\"inLanguage\":\"fr-FR\",\"potentialAction\":[{\"@type\":\"ReadAction\",\"target\":[\"https:\\\/\\\/www.oracaoefe.com\\\/por-que-cristo-teve-que-ser-crucificado\\\/\"]}]},{\"@type\":\"ImageObject\",\"inLanguage\":\"fr-FR\",\"@id\":\"https:\\\/\\\/www.oracaoefe.com\\\/por-que-cristo-teve-que-ser-crucificado\\\/#primaryimage\",\"url\":\"https:\\\/\\\/www.oracaoefe.com\\\/wp-content\\\/uploads\\\/2024\\\/10\\\/image-7.png\",\"contentUrl\":\"https:\\\/\\\/www.oracaoefe.com\\\/wp-content\\\/uploads\\\/2024\\\/10\\\/image-7.png\",\"width\":740,\"height\":493},{\"@type\":\"BreadcrumbList\",\"@id\":\"https:\\\/\\\/www.oracaoefe.com\\\/por-que-cristo-teve-que-ser-crucificado\\\/#breadcrumb\",\"itemListElement\":[{\"@type\":\"ListItem\",\"position\":1,\"name\":\"Home\",\"item\":\"https:\\\/\\\/www.oracaoefe.com\\\/\"},{\"@type\":\"ListItem\",\"position\":2,\"name\":\"Fique por Dentro\",\"item\":\"https:\\\/\\\/www.oracaoefe.com\\\/category\\\/fique-por-dentro\\\/\"},{\"@type\":\"ListItem\",\"position\":3,\"name\":\"Por que Cristo teve que ser crucificado\"}]},{\"@type\":\"WebSite\",\"@id\":\"https:\\\/\\\/www.oracaoefe.com\\\/#website\",\"url\":\"https:\\\/\\\/www.oracaoefe.com\\\/\",\"name\":\"Ora\u00e7\u00e3o e F\u00e9\",\"description\":\"\",\"potentialAction\":[{\"@type\":\"SearchAction\",\"target\":{\"@type\":\"EntryPoint\",\"urlTemplate\":\"https:\\\/\\\/www.oracaoefe.com\\\/?s={search_term_string}\"},\"query-input\":{\"@type\":\"PropertyValueSpecification\",\"valueRequired\":true,\"valueName\":\"search_term_string\"}}],\"inLanguage\":\"fr-FR\"},{\"@type\":\"Person\",\"@id\":\"https:\\\/\\\/www.oracaoefe.com\\\/#\\\/schema\\\/person\\\/17283c669442cf005c4d5bb58adfb7f5\",\"name\":\"Michele Azevedo\",\"image\":{\"@type\":\"ImageObject\",\"inLanguage\":\"fr-FR\",\"@id\":\"https:\\\/\\\/secure.gravatar.com\\\/avatar\\\/6b0eb9d22841282815e2cd856a0061c45e1761cd54b22e952d98c4746939aa85?s=96&d=mm&r=g\",\"url\":\"https:\\\/\\\/secure.gravatar.com\\\/avatar\\\/6b0eb9d22841282815e2cd856a0061c45e1761cd54b22e952d98c4746939aa85?s=96&d=mm&r=g\",\"contentUrl\":\"https:\\\/\\\/secure.gravatar.com\\\/avatar\\\/6b0eb9d22841282815e2cd856a0061c45e1761cd54b22e952d98c4746939aa85?s=96&d=mm&r=g\",\"caption\":\"Michele Azevedo\"},\"description\":\"Formada em Letras - Portugu\u00eas\\\/ Ingl\u00eas pela Universidade Estadual de Ponta Grossa (UEPG), p\u00f3s-graduada em Arte na Educa\u00e7\u00e3o (FAPI) e Psicopedagogia Escolar (FAPI), idealizadora e propriet\u00e1ria do site Escritora de Sucesso, possui experi\u00eancia em escrita para blogs em geral e atua como redatora e revisora dos conte\u00fados do Ora\u00e7\u00e3o e F\u00e9.\",\"url\":\"https:\\\/\\\/www.oracaoefe.com\\\/fr\\\/author\\\/michele-azevedo\\\/\"}]}<\/script>\n<!-- \/ Yoast SEO plugin. -->","yoast_head_json":{"title":"Por que Cristo teve que ser crucificado - Ora\u00e7\u00e3o e F\u00e9","description":"Dieu a une parole de vie pour vous !","robots":{"index":"index","follow":"follow","max-snippet":"max-snippet:-1","max-image-preview":"max-image-preview:large","max-video-preview":"max-video-preview:-1"},"canonical":"https:\/\/www.oracaoefe.com\/fr\/por-que-cristo-teve-que-ser-crucificado\/","og_locale":"fr_FR","og_type":"article","og_title":"Por que Cristo teve que ser crucificado - Ora\u00e7\u00e3o e F\u00e9","og_description":"Deus tem pra voc\u00ea uma palavra de vida!","og_url":"https:\/\/www.oracaoefe.com\/fr\/por-que-cristo-teve-que-ser-crucificado\/","og_site_name":"Ora\u00e7\u00e3o e F\u00e9","article_published_time":"2024-11-08T09:00:00+00:00","og_image":[{"width":740,"height":493,"url":"https:\/\/www.oracaoefe.com\/wp-content\/uploads\/2024\/10\/image-7.png","type":"image\/png"}],"author":"Michele Azevedo","twitter_card":"summary_large_image","twitter_misc":{"\u00c9crit par":"Michele Azevedo","Dur\u00e9e de lecture estim\u00e9e":"3 minutes"},"schema":{"@context":"https:\/\/schema.org","@graph":[{"@type":"Article","@id":"https:\/\/www.oracaoefe.com\/por-que-cristo-teve-que-ser-crucificado\/#article","isPartOf":{"@id":"https:\/\/www.oracaoefe.com\/por-que-cristo-teve-que-ser-crucificado\/"},"author":{"name":"Michele Azevedo","@id":"https:\/\/www.oracaoefe.com\/#\/schema\/person\/17283c669442cf005c4d5bb58adfb7f5"},"headline":"Por que Cristo teve que ser crucificado","datePublished":"2024-11-08T09:00:00+00:00","mainEntityOfPage":{"@id":"https:\/\/www.oracaoefe.com\/por-que-cristo-teve-que-ser-crucificado\/"},"wordCount":699,"image":{"@id":"https:\/\/www.oracaoefe.com\/por-que-cristo-teve-que-ser-crucificado\/#primaryimage"},"thumbnailUrl":"https:\/\/www.oracaoefe.com\/wp-content\/uploads\/2024\/10\/image-7.png","articleSection":["Fique por Dentro"],"inLanguage":"fr-FR"},{"@type":"WebPage","@id":"https:\/\/www.oracaoefe.com\/por-que-cristo-teve-que-ser-crucificado\/","url":"https:\/\/www.oracaoefe.com\/por-que-cristo-teve-que-ser-crucificado\/","name":"Por que Cristo teve que ser crucificado - Ora\u00e7\u00e3o e F\u00e9","isPartOf":{"@id":"https:\/\/www.oracaoefe.com\/#website"},"primaryImageOfPage":{"@id":"https:\/\/www.oracaoefe.com\/por-que-cristo-teve-que-ser-crucificado\/#primaryimage"},"image":{"@id":"https:\/\/www.oracaoefe.com\/por-que-cristo-teve-que-ser-crucificado\/#primaryimage"},"thumbnailUrl":"https:\/\/www.oracaoefe.com\/wp-content\/uploads\/2024\/10\/image-7.png","datePublished":"2024-11-08T09:00:00+00:00","author":{"@id":"https:\/\/www.oracaoefe.com\/#\/schema\/person\/17283c669442cf005c4d5bb58adfb7f5"},"description":"Dieu a une parole de vie pour vous !","breadcrumb":{"@id":"https:\/\/www.oracaoefe.com\/por-que-cristo-teve-que-ser-crucificado\/#breadcrumb"},"inLanguage":"fr-FR","potentialAction":[{"@type":"ReadAction","target":["https:\/\/www.oracaoefe.com\/por-que-cristo-teve-que-ser-crucificado\/"]}]},{"@type":"ImageObject","inLanguage":"fr-FR","@id":"https:\/\/www.oracaoefe.com\/por-que-cristo-teve-que-ser-crucificado\/#primaryimage","url":"https:\/\/www.oracaoefe.com\/wp-content\/uploads\/2024\/10\/image-7.png","contentUrl":"https:\/\/www.oracaoefe.com\/wp-content\/uploads\/2024\/10\/image-7.png","width":740,"height":493},{"@type":"BreadcrumbList","@id":"https:\/\/www.oracaoefe.com\/por-que-cristo-teve-que-ser-crucificado\/#breadcrumb","itemListElement":[{"@type":"ListItem","position":1,"name":"Home","item":"https:\/\/www.oracaoefe.com\/"},{"@type":"ListItem","position":2,"name":"Fique por Dentro","item":"https:\/\/www.oracaoefe.com\/category\/fique-por-dentro\/"},{"@type":"ListItem","position":3,"name":"Por que Cristo teve que ser crucificado"}]},{"@type":"WebSite","@id":"https:\/\/www.oracaoefe.com\/#website","url":"https:\/\/www.oracaoefe.com\/","name":"Pri\u00e8re et foi","description":"","potentialAction":[{"@type":"SearchAction","target":{"@type":"EntryPoint","urlTemplate":"https:\/\/www.oracaoefe.com\/?s={search_term_string}"},"query-input":{"@type":"PropertyValueSpecification","valueRequired":true,"valueName":"search_term_string"}}],"inLanguage":"fr-FR"},{"@type":"Person","@id":"https:\/\/www.oracaoefe.com\/#\/schema\/person\/17283c669442cf005c4d5bb58adfb7f5","name":"Michele Azevedo","image":{"@type":"ImageObject","inLanguage":"fr-FR","@id":"https:\/\/secure.gravatar.com\/avatar\/6b0eb9d22841282815e2cd856a0061c45e1761cd54b22e952d98c4746939aa85?s=96&d=mm&r=g","url":"https:\/\/secure.gravatar.com\/avatar\/6b0eb9d22841282815e2cd856a0061c45e1761cd54b22e952d98c4746939aa85?s=96&d=mm&r=g","contentUrl":"https:\/\/secure.gravatar.com\/avatar\/6b0eb9d22841282815e2cd856a0061c45e1761cd54b22e952d98c4746939aa85?s=96&d=mm&r=g","caption":"Michele Azevedo"},"description":"Dipl\u00f4m\u00e9e en litt\u00e9rature portugaise\/anglaise de l&#039;Universit\u00e9 d&#039;\u00c9tat de Ponta Grossa (UEPG), avec des dipl\u00f4mes de troisi\u00e8me cycle en art dans l&#039;\u00e9ducation (FAPI) et en psychop\u00e9dagogie scolaire (FAPI), elle est la cr\u00e9atrice et propri\u00e9taire du site web Escritora de Sucesso, a de l&#039;exp\u00e9rience dans l&#039;\u00e9criture pour les blogs en g\u00e9n\u00e9ral et travaille comme r\u00e9dactrice et \u00e9ditrice du contenu pour Ora\u00e7\u00e3o e F\u00e9.","url":"https:\/\/www.oracaoefe.com\/fr\/author\/michele-azevedo\/"}]}},"_links":{"self":[{"href":"https:\/\/www.oracaoefe.com\/fr\/wp-json\/wp\/v2\/posts\/3232","targetHints":{"allow":["GET"]}}],"collection":[{"href":"https:\/\/www.oracaoefe.com\/fr\/wp-json\/wp\/v2\/posts"}],"about":[{"href":"https:\/\/www.oracaoefe.com\/fr\/wp-json\/wp\/v2\/types\/post"}],"author":[{"embeddable":true,"href":"https:\/\/www.oracaoefe.com\/fr\/wp-json\/wp\/v2\/users\/3"}],"replies":[{"embeddable":true,"href":"https:\/\/www.oracaoefe.com\/fr\/wp-json\/wp\/v2\/comments?post=3232"}],"version-history":[{"count":2,"href":"https:\/\/www.oracaoefe.com\/fr\/wp-json\/wp\/v2\/posts\/3232\/revisions"}],"predecessor-version":[{"id":3255,"href":"https:\/\/www.oracaoefe.com\/fr\/wp-json\/wp\/v2\/posts\/3232\/revisions\/3255"}],"wp:featuredmedia":[{"embeddable":true,"href":"https:\/\/www.oracaoefe.com\/fr\/wp-json\/wp\/v2\/media\/3245"}],"wp:attachment":[{"href":"https:\/\/www.oracaoefe.com\/fr\/wp-json\/wp\/v2\/media?parent=3232"}],"wp:term":[{"taxonomy":"category","embeddable":true,"href":"https:\/\/www.oracaoefe.com\/fr\/wp-json\/wp\/v2\/categories?post=3232"},{"taxonomy":"post_tag","embeddable":true,"href":"https:\/\/www.oracaoefe.com\/fr\/wp-json\/wp\/v2\/tags?post=3232"}],"curies":[{"name":"wp","href":"https:\/\/api.w.org\/{rel}","templated":true}]}}