{"id":3230,"date":"2024-11-05T06:00:00","date_gmt":"2024-11-05T09:00:00","guid":{"rendered":"https:\/\/www.oracaoefe.com\/?p=3230"},"modified":"2024-10-18T00:42:54","modified_gmt":"2024-10-18T03:42:54","slug":"6-coisas-que-deus-tem-a-dizer-para-voce-hoje","status":"publish","type":"post","link":"https:\/\/www.oracaoefe.com\/fr\/6-coisas-que-deus-tem-a-dizer-para-voce-hoje\/","title":{"rendered":"6 coisas que Deus tem a dizer para voc\u00ea hoje"},"content":{"rendered":"<p class=\"wp-block-paragraph\">A vida \u00e9 cheia de desafios, e em muitos momentos, tudo que precisamos \u00e9 de uma palavra de esperan\u00e7a. Deus sempre tem algo a nos dizer. Seja em tempos de d\u00favida ou em dias de alegria, Ele nos lembra de sua presen\u00e7a e prop\u00f3sito. A seguir, veja algumas mensagens que podem transformar o seu dia e trazer conforto para a sua jornada.<\/p>\n\n\n\n<h2 class=\"wp-block-heading\">1# Voc\u00ea \u00e9 amado<\/h2>\n\n\n\n<p class=\"wp-block-paragraph\">Independentemente de como voc\u00ea se sente ou do que esteja enfrentando, Deus quer que voc\u00ea saiba: voc\u00ea \u00e9 profundamente amado. Seu valor n\u00e3o est\u00e1 condicionado aos seus erros ou acertos, mas ao simples fato de que voc\u00ea \u00e9 filho Dele. A B\u00edblia refor\u00e7a esse amor em Jo\u00e3o 3:16: <em>\u201cPorque Deus amou o mundo de tal maneira que deu seu Filho unig\u00eanito&#8230;\u201d<\/em>.<\/p>\n\n\n\n<figure class=\"wp-block-image size-full is-resized\"><img loading=\"lazy\" decoding=\"async\" width=\"740\" height=\"444\" src=\"https:\/\/www.oracaoefe.com\/wp-content\/uploads\/2024\/10\/image-6.png\" alt=\"\" class=\"wp-image-3244\" style=\"width:840px;height:auto\" srcset=\"https:\/\/www.oracaoefe.com\/wp-content\/uploads\/2024\/10\/image-6.png 740w, https:\/\/www.oracaoefe.com\/wp-content\/uploads\/2024\/10\/image-6-300x180.png 300w, https:\/\/www.oracaoefe.com\/wp-content\/uploads\/2024\/10\/image-6-18x12.png 18w\" sizes=\"auto, (max-width: 740px) 100vw, 740px\" \/><\/figure>\n\n\n\n<p class=\"wp-block-paragraph\">Esse amor \u00e9 incondicional e constante. Em tempos dif\u00edceis, lembrar-se dessa verdade pode fortalecer sua f\u00e9 e ajud\u00e1-lo a seguir em frente.<\/p>\n\n\n\n<h2 class=\"wp-block-heading\">2# N\u00e3o tenha medo<\/h2>\n\n\n\n<p class=\"wp-block-paragraph\">O medo pode nos paralisar, mas Deus nos convida a confiar Nele. A mensagem &#8220;N\u00e3o temas&#8221; aparece repetidamente nas Escrituras, porque Ele entende nossas fraquezas e quer que nos sintamos seguros em sua presen\u00e7a. Em Isa\u00edas 41:10, Deus diz: <em>\u201cN\u00e3o temas, porque eu sou contigo; n\u00e3o te assombres, porque eu sou o teu Deus.\u201d<\/em><\/p>\n\n\n\n<p class=\"wp-block-paragraph\">Ele \u00e9 o seu amparo, e n\u00e3o importa o que voc\u00ea esteja enfrentando, Ele promete estar ao seu lado.<\/p>\n\n\n\n<h2 class=\"wp-block-heading\">3# Seu futuro est\u00e1 seguro<\/h2>\n\n\n\n<p class=\"wp-block-paragraph\">O futuro pode parecer incerto, mas Deus j\u00e1 o conhece e cuida de cada detalhe. Muitas vezes, nos sentimos ansiosos com o que vir\u00e1, mas em Jeremias 29:11, encontramos uma promessa: <em>\u201cEu \u00e9 que sei que pensamentos tenho a vosso respeito, pensamentos de paz e n\u00e3o de mal, para vos dar um futuro e uma esperan\u00e7a.\u201d<\/em><\/p>\n\n\n\n<p class=\"wp-block-paragraph\">Confiar nessa seguran\u00e7a traz paz ao cora\u00e7\u00e3o e permite que vivamos um dia de cada vez, sem carregar o peso do amanh\u00e3.<\/p>\n\n\n\n<h2 class=\"wp-block-heading\">4# Voc\u00ea n\u00e3o est\u00e1 sozinho<\/h2>\n\n\n\n<p class=\"wp-block-paragraph\">Nos momentos de solid\u00e3o, \u00e9 essencial lembrar que Deus nunca nos abandona. Ele caminha conosco, mesmo quando n\u00e3o conseguimos enxerg\u00e1-lo. Jesus prometeu em Mateus 28:20: <em>\u201cE eis que estou convosco todos os dias, at\u00e9 \u00e0 consuma\u00e7\u00e3o dos s\u00e9culos.\u201d<\/em><\/p>\n\n\n\n<p class=\"wp-block-paragraph\">Sua companhia \u00e9 constante e real, mesmo quando tudo ao nosso redor parece desmoronar.<\/p>\n\n\n\n<h2 class=\"wp-block-heading\">5# H\u00e1 prop\u00f3sito em sua dor<\/h2>\n\n\n\n<p class=\"wp-block-paragraph\">Muitas vezes, \u00e9 dif\u00edcil compreender por que enfrentamos certos sofrimentos. No entanto, Deus trabalha por meio das nossas dores para nos moldar e nos fortalecer. Romanos 8:28 nos lembra: <em>\u201cSabemos que todas as coisas cooperam para o bem daqueles que amam a Deus.\u201d<\/em><\/p>\n\n\n\n<p class=\"wp-block-paragraph\">Sua dificuldade pode ser um meio de crescimento e aprendizado. Confie que Ele est\u00e1 trabalhando algo bom, mesmo que agora voc\u00ea n\u00e3o consiga ver.<\/p>\n\n\n\n<h2 class=\"wp-block-heading\">6# Nunca pare de acreditar<\/h2>\n\n\n\n<p class=\"wp-block-paragraph\">A f\u00e9 \u00e9 a chave que nos mant\u00e9m conectados a Deus. Ele nos chama a perseverar, mesmo diante das adversidades. Em Hebreus 11:6, lemos: <em>\u201cSem f\u00e9 \u00e9 imposs\u00edvel agradar a Deus.\u201d<\/em><\/p>\n\n\n\n<p class=\"wp-block-paragraph\">Sua f\u00e9 move montanhas e traz a presen\u00e7a divina para mais perto de voc\u00ea. Mantenha-se firme, sabendo que Deus \u00e9 fiel para cumprir suas promessas.<\/p>\n\n\n\n<h2 class=\"wp-block-heading\">O que voc\u00ea pode fazer com essas mensagens hoje<\/h2>\n\n\n\n<p class=\"wp-block-paragraph\">Agora que voc\u00ea recebeu essas palavras, que tal refletir sobre cada uma delas? Talvez Deus esteja falando diretamente ao seu cora\u00e7\u00e3o por meio desse texto. Tire um momento para meditar, orar e agradecer. Cada mensagem pode ser um ponto de partida para mudan\u00e7as importantes em sua vida, especialmente se voc\u00ea se abrir para ouvir o que Ele tem a dizer diariamente.<\/p>\n\n\n\n<p class=\"wp-block-paragraph\">Essas palavras n\u00e3o s\u00e3o apenas uma inspira\u00e7\u00e3o para hoje, mas uma base para enfrentar cada novo dia com confian\u00e7a e f\u00e9.<\/p>\n\n\n\n<p class=\"wp-block-paragraph\"><strong>Voir aussi\u00a0: <a href=\"https:\/\/www.oracaoefe.com\/fr\/o-que-a-biblia-diz-sobre-o-eclipse-solar-veja-a-curiosidade\/\">O que a B\u00edblia diz sobre o eclipse solar; veja a curiosidade<\/a><\/strong><\/p>\n\n\n\n<p class=\"wp-block-paragraph\">5 de novembro de 2024<\/p>","protected":false},"excerpt":{"rendered":"<p>A vida \u00e9 cheia de desafios, e em muitos momentos, tudo que precisamos \u00e9 de uma palavra de esperan\u00e7a. Deus sempre tem algo a nos dizer. Seja em tempos de d\u00favida ou em dias de alegria, Ele nos lembra de sua presen\u00e7a e prop\u00f3sito. A seguir, veja algumas mensagens que podem transformar o seu dia&hellip;&nbsp;<\/p>","protected":false},"author":3,"featured_media":3244,"comment_status":"closed","ping_status":"closed","sticky":false,"template":"","format":"standard","meta":{"neve_meta_sidebar":"","neve_meta_container":"","neve_meta_enable_content_width":"","neve_meta_content_width":0,"neve_meta_title_alignment":"","neve_meta_author_avatar":"","neve_post_elements_order":"","neve_meta_disable_header":"","neve_meta_disable_footer":"","neve_meta_disable_title":"","footnotes":""},"categories":[3],"tags":[],"class_list":["post-3230","post","type-post","status-publish","format-standard","has-post-thumbnail","hentry","category-fe"],"yoast_head":"<!-- This site is optimized with the Yoast SEO plugin v28.4 - https:\/\/yoast.com\/product\/yoast-seo-wordpress\/ -->\n<title>6 coisas que Deus tem a dizer para voc\u00ea hoje - Ora\u00e7\u00e3o e F\u00e9<\/title>\n<meta name=\"description\" content=\"Deus tem pra voc\u00ea uma palavra de vida!\" \/>\n<meta name=\"robots\" content=\"index, follow, max-snippet:-1, max-image-preview:large, max-video-preview:-1\" \/>\n<link rel=\"canonical\" href=\"https:\/\/www.oracaoefe.com\/fr\/6-coisas-que-deus-tem-a-dizer-para-voce-hoje\/\" \/>\n<meta property=\"og:locale\" content=\"fr_FR\" \/>\n<meta property=\"og:type\" content=\"article\" \/>\n<meta property=\"og:title\" content=\"6 coisas que Deus tem a dizer para voc\u00ea hoje - Ora\u00e7\u00e3o e F\u00e9\" \/>\n<meta property=\"og:description\" content=\"Deus tem pra voc\u00ea uma palavra de vida!\" \/>\n<meta property=\"og:url\" content=\"https:\/\/www.oracaoefe.com\/fr\/6-coisas-que-deus-tem-a-dizer-para-voce-hoje\/\" \/>\n<meta property=\"og:site_name\" content=\"Ora\u00e7\u00e3o e F\u00e9\" \/>\n<meta property=\"article:published_time\" content=\"2024-11-05T09:00:00+00:00\" \/>\n<meta property=\"og:image\" content=\"https:\/\/www.oracaoefe.com\/wp-content\/uploads\/2024\/10\/image-6.png\" \/>\n\t<meta property=\"og:image:width\" content=\"740\" \/>\n\t<meta property=\"og:image:height\" content=\"444\" \/>\n\t<meta property=\"og:image:type\" content=\"image\/png\" \/>\n<meta name=\"author\" content=\"Michele Azevedo\" \/>\n<meta name=\"twitter:card\" content=\"summary_large_image\" \/>\n<meta name=\"twitter:label1\" content=\"\u00c9crit par\" \/>\n\t<meta name=\"twitter:data1\" content=\"Michele Azevedo\" \/>\n\t<meta name=\"twitter:label2\" content=\"Dur\u00e9e de lecture estim\u00e9e\" \/>\n\t<meta name=\"twitter:data2\" content=\"3 minutes\" \/>\n<script type=\"application\/ld+json\" class=\"yoast-schema-graph\">{\"@context\":\"https:\\\/\\\/schema.org\",\"@graph\":[{\"@type\":\"Article\",\"@id\":\"https:\\\/\\\/www.oracaoefe.com\\\/6-coisas-que-deus-tem-a-dizer-para-voce-hoje\\\/#article\",\"isPartOf\":{\"@id\":\"https:\\\/\\\/www.oracaoefe.com\\\/6-coisas-que-deus-tem-a-dizer-para-voce-hoje\\\/\"},\"author\":{\"name\":\"Michele Azevedo\",\"@id\":\"https:\\\/\\\/www.oracaoefe.com\\\/#\\\/schema\\\/person\\\/17283c669442cf005c4d5bb58adfb7f5\"},\"headline\":\"6 coisas que Deus tem a dizer para voc\u00ea hoje\",\"datePublished\":\"2024-11-05T09:00:00+00:00\",\"mainEntityOfPage\":{\"@id\":\"https:\\\/\\\/www.oracaoefe.com\\\/6-coisas-que-deus-tem-a-dizer-para-voce-hoje\\\/\"},\"wordCount\":632,\"image\":{\"@id\":\"https:\\\/\\\/www.oracaoefe.com\\\/6-coisas-que-deus-tem-a-dizer-para-voce-hoje\\\/#primaryimage\"},\"thumbnailUrl\":\"https:\\\/\\\/www.oracaoefe.com\\\/wp-content\\\/uploads\\\/2024\\\/10\\\/image-6.png\",\"articleSection\":[\"F\u00e9\"],\"inLanguage\":\"fr-FR\"},{\"@type\":\"WebPage\",\"@id\":\"https:\\\/\\\/www.oracaoefe.com\\\/6-coisas-que-deus-tem-a-dizer-para-voce-hoje\\\/\",\"url\":\"https:\\\/\\\/www.oracaoefe.com\\\/6-coisas-que-deus-tem-a-dizer-para-voce-hoje\\\/\",\"name\":\"6 coisas que Deus tem a dizer para voc\u00ea hoje - Ora\u00e7\u00e3o e F\u00e9\",\"isPartOf\":{\"@id\":\"https:\\\/\\\/www.oracaoefe.com\\\/#website\"},\"primaryImageOfPage\":{\"@id\":\"https:\\\/\\\/www.oracaoefe.com\\\/6-coisas-que-deus-tem-a-dizer-para-voce-hoje\\\/#primaryimage\"},\"image\":{\"@id\":\"https:\\\/\\\/www.oracaoefe.com\\\/6-coisas-que-deus-tem-a-dizer-para-voce-hoje\\\/#primaryimage\"},\"thumbnailUrl\":\"https:\\\/\\\/www.oracaoefe.com\\\/wp-content\\\/uploads\\\/2024\\\/10\\\/image-6.png\",\"datePublished\":\"2024-11-05T09:00:00+00:00\",\"author\":{\"@id\":\"https:\\\/\\\/www.oracaoefe.com\\\/#\\\/schema\\\/person\\\/17283c669442cf005c4d5bb58adfb7f5\"},\"description\":\"Deus tem pra voc\u00ea uma palavra de vida!\",\"breadcrumb\":{\"@id\":\"https:\\\/\\\/www.oracaoefe.com\\\/6-coisas-que-deus-tem-a-dizer-para-voce-hoje\\\/#breadcrumb\"},\"inLanguage\":\"fr-FR\",\"potentialAction\":[{\"@type\":\"ReadAction\",\"target\":[\"https:\\\/\\\/www.oracaoefe.com\\\/6-coisas-que-deus-tem-a-dizer-para-voce-hoje\\\/\"]}]},{\"@type\":\"ImageObject\",\"inLanguage\":\"fr-FR\",\"@id\":\"https:\\\/\\\/www.oracaoefe.com\\\/6-coisas-que-deus-tem-a-dizer-para-voce-hoje\\\/#primaryimage\",\"url\":\"https:\\\/\\\/www.oracaoefe.com\\\/wp-content\\\/uploads\\\/2024\\\/10\\\/image-6.png\",\"contentUrl\":\"https:\\\/\\\/www.oracaoefe.com\\\/wp-content\\\/uploads\\\/2024\\\/10\\\/image-6.png\",\"width\":740,\"height\":444},{\"@type\":\"BreadcrumbList\",\"@id\":\"https:\\\/\\\/www.oracaoefe.com\\\/6-coisas-que-deus-tem-a-dizer-para-voce-hoje\\\/#breadcrumb\",\"itemListElement\":[{\"@type\":\"ListItem\",\"position\":1,\"name\":\"Home\",\"item\":\"https:\\\/\\\/www.oracaoefe.com\\\/\"},{\"@type\":\"ListItem\",\"position\":2,\"name\":\"F\u00e9\",\"item\":\"https:\\\/\\\/www.oracaoefe.com\\\/es\\\/categoria\\\/fe\\\/\"},{\"@type\":\"ListItem\",\"position\":3,\"name\":\"6 coisas que Deus tem a dizer para voc\u00ea hoje\"}]},{\"@type\":\"WebSite\",\"@id\":\"https:\\\/\\\/www.oracaoefe.com\\\/#website\",\"url\":\"https:\\\/\\\/www.oracaoefe.com\\\/\",\"name\":\"Ora\u00e7\u00e3o e F\u00e9\",\"description\":\"\",\"potentialAction\":[{\"@type\":\"SearchAction\",\"target\":{\"@type\":\"EntryPoint\",\"urlTemplate\":\"https:\\\/\\\/www.oracaoefe.com\\\/?s={search_term_string}\"},\"query-input\":{\"@type\":\"PropertyValueSpecification\",\"valueRequired\":true,\"valueName\":\"search_term_string\"}}],\"inLanguage\":\"fr-FR\"},{\"@type\":\"Person\",\"@id\":\"https:\\\/\\\/www.oracaoefe.com\\\/#\\\/schema\\\/person\\\/17283c669442cf005c4d5bb58adfb7f5\",\"name\":\"Michele Azevedo\",\"image\":{\"@type\":\"ImageObject\",\"inLanguage\":\"fr-FR\",\"@id\":\"https:\\\/\\\/secure.gravatar.com\\\/avatar\\\/6b0eb9d22841282815e2cd856a0061c45e1761cd54b22e952d98c4746939aa85?s=96&d=mm&r=g\",\"url\":\"https:\\\/\\\/secure.gravatar.com\\\/avatar\\\/6b0eb9d22841282815e2cd856a0061c45e1761cd54b22e952d98c4746939aa85?s=96&d=mm&r=g\",\"contentUrl\":\"https:\\\/\\\/secure.gravatar.com\\\/avatar\\\/6b0eb9d22841282815e2cd856a0061c45e1761cd54b22e952d98c4746939aa85?s=96&d=mm&r=g\",\"caption\":\"Michele Azevedo\"},\"description\":\"Formada em Letras - Portugu\u00eas\\\/ Ingl\u00eas pela Universidade Estadual de Ponta Grossa (UEPG), p\u00f3s-graduada em Arte na Educa\u00e7\u00e3o (FAPI) e Psicopedagogia Escolar (FAPI), idealizadora e propriet\u00e1ria do site Escritora de Sucesso, possui experi\u00eancia em escrita para blogs em geral e atua como redatora e revisora dos conte\u00fados do Ora\u00e7\u00e3o e F\u00e9.\",\"url\":\"https:\\\/\\\/www.oracaoefe.com\\\/fr\\\/author\\\/michele-azevedo\\\/\"}]}<\/script>\n<!-- \/ Yoast SEO plugin. -->","yoast_head_json":{"title":"6 coisas que Deus tem a dizer para voc\u00ea hoje - Ora\u00e7\u00e3o e F\u00e9","description":"Dieu a une parole de vie pour vous !","robots":{"index":"index","follow":"follow","max-snippet":"max-snippet:-1","max-image-preview":"max-image-preview:large","max-video-preview":"max-video-preview:-1"},"canonical":"https:\/\/www.oracaoefe.com\/fr\/6-coisas-que-deus-tem-a-dizer-para-voce-hoje\/","og_locale":"fr_FR","og_type":"article","og_title":"6 coisas que Deus tem a dizer para voc\u00ea hoje - Ora\u00e7\u00e3o e F\u00e9","og_description":"Deus tem pra voc\u00ea uma palavra de vida!","og_url":"https:\/\/www.oracaoefe.com\/fr\/6-coisas-que-deus-tem-a-dizer-para-voce-hoje\/","og_site_name":"Ora\u00e7\u00e3o e F\u00e9","article_published_time":"2024-11-05T09:00:00+00:00","og_image":[{"width":740,"height":444,"url":"https:\/\/www.oracaoefe.com\/wp-content\/uploads\/2024\/10\/image-6.png","type":"image\/png"}],"author":"Michele Azevedo","twitter_card":"summary_large_image","twitter_misc":{"\u00c9crit par":"Michele Azevedo","Dur\u00e9e de lecture estim\u00e9e":"3 minutes"},"schema":{"@context":"https:\/\/schema.org","@graph":[{"@type":"Article","@id":"https:\/\/www.oracaoefe.com\/6-coisas-que-deus-tem-a-dizer-para-voce-hoje\/#article","isPartOf":{"@id":"https:\/\/www.oracaoefe.com\/6-coisas-que-deus-tem-a-dizer-para-voce-hoje\/"},"author":{"name":"Michele Azevedo","@id":"https:\/\/www.oracaoefe.com\/#\/schema\/person\/17283c669442cf005c4d5bb58adfb7f5"},"headline":"6 coisas que Deus tem a dizer para voc\u00ea hoje","datePublished":"2024-11-05T09:00:00+00:00","mainEntityOfPage":{"@id":"https:\/\/www.oracaoefe.com\/6-coisas-que-deus-tem-a-dizer-para-voce-hoje\/"},"wordCount":632,"image":{"@id":"https:\/\/www.oracaoefe.com\/6-coisas-que-deus-tem-a-dizer-para-voce-hoje\/#primaryimage"},"thumbnailUrl":"https:\/\/www.oracaoefe.com\/wp-content\/uploads\/2024\/10\/image-6.png","articleSection":["F\u00e9"],"inLanguage":"fr-FR"},{"@type":"WebPage","@id":"https:\/\/www.oracaoefe.com\/6-coisas-que-deus-tem-a-dizer-para-voce-hoje\/","url":"https:\/\/www.oracaoefe.com\/6-coisas-que-deus-tem-a-dizer-para-voce-hoje\/","name":"6 coisas que Deus tem a dizer para voc\u00ea hoje - Ora\u00e7\u00e3o e F\u00e9","isPartOf":{"@id":"https:\/\/www.oracaoefe.com\/#website"},"primaryImageOfPage":{"@id":"https:\/\/www.oracaoefe.com\/6-coisas-que-deus-tem-a-dizer-para-voce-hoje\/#primaryimage"},"image":{"@id":"https:\/\/www.oracaoefe.com\/6-coisas-que-deus-tem-a-dizer-para-voce-hoje\/#primaryimage"},"thumbnailUrl":"https:\/\/www.oracaoefe.com\/wp-content\/uploads\/2024\/10\/image-6.png","datePublished":"2024-11-05T09:00:00+00:00","author":{"@id":"https:\/\/www.oracaoefe.com\/#\/schema\/person\/17283c669442cf005c4d5bb58adfb7f5"},"description":"Dieu a une parole de vie pour vous !","breadcrumb":{"@id":"https:\/\/www.oracaoefe.com\/6-coisas-que-deus-tem-a-dizer-para-voce-hoje\/#breadcrumb"},"inLanguage":"fr-FR","potentialAction":[{"@type":"ReadAction","target":["https:\/\/www.oracaoefe.com\/6-coisas-que-deus-tem-a-dizer-para-voce-hoje\/"]}]},{"@type":"ImageObject","inLanguage":"fr-FR","@id":"https:\/\/www.oracaoefe.com\/6-coisas-que-deus-tem-a-dizer-para-voce-hoje\/#primaryimage","url":"https:\/\/www.oracaoefe.com\/wp-content\/uploads\/2024\/10\/image-6.png","contentUrl":"https:\/\/www.oracaoefe.com\/wp-content\/uploads\/2024\/10\/image-6.png","width":740,"height":444},{"@type":"BreadcrumbList","@id":"https:\/\/www.oracaoefe.com\/6-coisas-que-deus-tem-a-dizer-para-voce-hoje\/#breadcrumb","itemListElement":[{"@type":"ListItem","position":1,"name":"Home","item":"https:\/\/www.oracaoefe.com\/"},{"@type":"ListItem","position":2,"name":"F\u00e9","item":"https:\/\/www.oracaoefe.com\/es\/categoria\/fe\/"},{"@type":"ListItem","position":3,"name":"6 coisas que Deus tem a dizer para voc\u00ea hoje"}]},{"@type":"WebSite","@id":"https:\/\/www.oracaoefe.com\/#website","url":"https:\/\/www.oracaoefe.com\/","name":"Pri\u00e8re et foi","description":"","potentialAction":[{"@type":"SearchAction","target":{"@type":"EntryPoint","urlTemplate":"https:\/\/www.oracaoefe.com\/?s={search_term_string}"},"query-input":{"@type":"PropertyValueSpecification","valueRequired":true,"valueName":"search_term_string"}}],"inLanguage":"fr-FR"},{"@type":"Person","@id":"https:\/\/www.oracaoefe.com\/#\/schema\/person\/17283c669442cf005c4d5bb58adfb7f5","name":"Michele Azevedo","image":{"@type":"ImageObject","inLanguage":"fr-FR","@id":"https:\/\/secure.gravatar.com\/avatar\/6b0eb9d22841282815e2cd856a0061c45e1761cd54b22e952d98c4746939aa85?s=96&d=mm&r=g","url":"https:\/\/secure.gravatar.com\/avatar\/6b0eb9d22841282815e2cd856a0061c45e1761cd54b22e952d98c4746939aa85?s=96&d=mm&r=g","contentUrl":"https:\/\/secure.gravatar.com\/avatar\/6b0eb9d22841282815e2cd856a0061c45e1761cd54b22e952d98c4746939aa85?s=96&d=mm&r=g","caption":"Michele Azevedo"},"description":"Dipl\u00f4m\u00e9e en litt\u00e9rature portugaise\/anglaise de l&#039;Universit\u00e9 d&#039;\u00c9tat de Ponta Grossa (UEPG), avec des dipl\u00f4mes de troisi\u00e8me cycle en art dans l&#039;\u00e9ducation (FAPI) et en psychop\u00e9dagogie scolaire (FAPI), elle est la cr\u00e9atrice et propri\u00e9taire du site web Escritora de Sucesso, a de l&#039;exp\u00e9rience dans l&#039;\u00e9criture pour les blogs en g\u00e9n\u00e9ral et travaille comme r\u00e9dactrice et \u00e9ditrice du contenu pour Ora\u00e7\u00e3o e F\u00e9.","url":"https:\/\/www.oracaoefe.com\/fr\/author\/michele-azevedo\/"}]}},"_links":{"self":[{"href":"https:\/\/www.oracaoefe.com\/fr\/wp-json\/wp\/v2\/posts\/3230","targetHints":{"allow":["GET"]}}],"collection":[{"href":"https:\/\/www.oracaoefe.com\/fr\/wp-json\/wp\/v2\/posts"}],"about":[{"href":"https:\/\/www.oracaoefe.com\/fr\/wp-json\/wp\/v2\/types\/post"}],"author":[{"embeddable":true,"href":"https:\/\/www.oracaoefe.com\/fr\/wp-json\/wp\/v2\/users\/3"}],"replies":[{"embeddable":true,"href":"https:\/\/www.oracaoefe.com\/fr\/wp-json\/wp\/v2\/comments?post=3230"}],"version-history":[{"count":2,"href":"https:\/\/www.oracaoefe.com\/fr\/wp-json\/wp\/v2\/posts\/3230\/revisions"}],"predecessor-version":[{"id":3254,"href":"https:\/\/www.oracaoefe.com\/fr\/wp-json\/wp\/v2\/posts\/3230\/revisions\/3254"}],"wp:featuredmedia":[{"embeddable":true,"href":"https:\/\/www.oracaoefe.com\/fr\/wp-json\/wp\/v2\/media\/3244"}],"wp:attachment":[{"href":"https:\/\/www.oracaoefe.com\/fr\/wp-json\/wp\/v2\/media?parent=3230"}],"wp:term":[{"taxonomy":"category","embeddable":true,"href":"https:\/\/www.oracaoefe.com\/fr\/wp-json\/wp\/v2\/categories?post=3230"},{"taxonomy":"post_tag","embeddable":true,"href":"https:\/\/www.oracaoefe.com\/fr\/wp-json\/wp\/v2\/tags?post=3230"}],"curies":[{"name":"wp","href":"https:\/\/api.w.org\/{rel}","templated":true}]}}