{"id":3228,"date":"2024-11-02T06:00:00","date_gmt":"2024-11-02T09:00:00","guid":{"rendered":"https:\/\/www.oracaoefe.com\/?p=3228"},"modified":"2024-10-18T00:42:44","modified_gmt":"2024-10-18T03:42:44","slug":"quem-foi-a-rainha-da-persia-na-biblia","status":"publish","type":"post","link":"https:\/\/www.oracaoefe.com\/fr\/quem-foi-a-rainha-da-persia-na-biblia\/","title":{"rendered":"Quem foi a rainha da P\u00e9rsia na B\u00edblia?"},"content":{"rendered":"<p class=\"wp-block-paragraph\">A B\u00edblia apresenta algumas figuras importantes que ocuparam o trono da P\u00e9rsia. Entre elas, duas rainhas ganham destaque nos textos sagrados: Vasti e Ester. Cada uma possui um papel relevante dentro dos acontecimentos narrados no livro de Ester, revelando ensinamentos sobre coragem, destino e justi\u00e7a divina. Veja, a seguir, quem foram essas rainhas e o impacto de suas hist\u00f3rias.<\/p>\n\n\n\n<h2 class=\"wp-block-heading\">Vasti: a rainha destitu\u00edda por desafiar o rei<\/h2>\n\n\n\n<p class=\"wp-block-paragraph\">Vasti \u00e9 apresentada no in\u00edcio do livro de Ester como a esposa do rei Assuero, conhecido historicamente como Xerxes I. Durante uma grande festa promovida pelo rei, Vasti \u00e9 chamada para se apresentar diante dos convidados, mas ela se recusa a obedecer \u00e0 ordem. Seu ato \u00e9 interpretado como um desrespeito ao rei e uma amea\u00e7a \u00e0 sua autoridade.<\/p>\n\n\n\n<figure class=\"wp-block-image size-full\"><img loading=\"lazy\" decoding=\"async\" width=\"900\" height=\"447\" src=\"https:\/\/www.oracaoefe.com\/wp-content\/uploads\/2024\/10\/image-5.png\" alt=\"\" class=\"wp-image-3243\" srcset=\"https:\/\/www.oracaoefe.com\/wp-content\/uploads\/2024\/10\/image-5.png 900w, https:\/\/www.oracaoefe.com\/wp-content\/uploads\/2024\/10\/image-5-300x149.png 300w, https:\/\/www.oracaoefe.com\/wp-content\/uploads\/2024\/10\/image-5-768x381.png 768w, https:\/\/www.oracaoefe.com\/wp-content\/uploads\/2024\/10\/image-5-18x9.png 18w\" sizes=\"auto, (max-width: 900px) 100vw, 900px\" \/><\/figure>\n\n\n\n<p class=\"wp-block-paragraph\">Como resultado, Vasti \u00e9 destitu\u00edda de seu t\u00edtulo, e uma nova rainha \u00e9 escolhida para ocupar o seu lugar. Embora sua apari\u00e7\u00e3o na B\u00edblia seja breve, sua atitude corajosa de negar um pedido considerado humilhante faz dela uma figura que gera diferentes interpreta\u00e7\u00f5es: alguns a veem como uma mulher de dignidade, enquanto outros a interpretam como algu\u00e9m que desafiou uma ordem real.<\/p>\n\n\n\n<h2 class=\"wp-block-heading\">Ester: a rainha que salvou o povo judeu<\/h2>\n\n\n\n<p class=\"wp-block-paragraph\">Ap\u00f3s a destitui\u00e7\u00e3o de Vasti, o rei Assuero inicia uma busca para escolher uma nova rainha. Entre as jovens candidatas, Ester, uma judia \u00f3rf\u00e3 criada por seu primo Mardoqueu, \u00e9 escolhida por sua beleza e gra\u00e7a. A identidade de Ester como judia \u00e9 inicialmente mantida em segredo, e ela se torna rainha da P\u00e9rsia em um contexto que logo exigir\u00e1 sua coragem.<\/p>\n\n\n\n<p class=\"wp-block-paragraph\">Ester assume um papel essencial na narrativa b\u00edblica quando descobre que Ham\u00e3, um dos ministros mais influentes do rei, trama exterminar o povo judeu. Ao ser informada por Mardoqueu sobre o decreto que condenaria seu povo \u00e0 morte, Ester se v\u00ea diante de uma decis\u00e3o dif\u00edcil: permanecer em sil\u00eancio para proteger sua posi\u00e7\u00e3o ou arriscar a pr\u00f3pria vida para salvar seu povo.<\/p>\n\n\n\n<h2 class=\"wp-block-heading\">A coragem de Ester e a interven\u00e7\u00e3o divina<\/h2>\n\n\n\n<p class=\"wp-block-paragraph\">Ester decide se apresentar diante do rei sem ser chamada, um ato que poderia resultar em sua morte. Antes disso, ela pede que os judeus jejuem e orem por tr\u00eas dias, buscando o favor divino. Esse momento simboliza a confian\u00e7a de Ester em Deus e na import\u00e2ncia da ora\u00e7\u00e3o para enfrentar situa\u00e7\u00f5es dif\u00edceis.<\/p>\n\n\n\n<p class=\"wp-block-paragraph\">O rei Assuero, tocado por sua presen\u00e7a, estende seu cetro para Ester, permitindo que ela fale. Em um banquete preparado por Ester, ela revela a trama de Ham\u00e3 e sua identidade como judia. Com a interven\u00e7\u00e3o do rei, o decreto de Ham\u00e3 \u00e9 revertido, e os judeus s\u00e3o salvos. Ham\u00e3 \u00e9 punido, e Mardoqueu assume uma posi\u00e7\u00e3o de destaque no reino.<\/p>\n\n\n\n<h2 class=\"wp-block-heading\">O legado de Ester e Vasti<\/h2>\n\n\n\n<p class=\"wp-block-paragraph\">As hist\u00f3rias de Vasti e Ester oferecem li\u00e7\u00f5es distintas. Vasti representa resist\u00eancia e dignidade ao se recusar a ser objetificada, enquanto Ester \u00e9 um exemplo de coragem e f\u00e9 ao colocar sua vida em risco para salvar seu povo. Ambas demonstram que escolhas dif\u00edceis fazem parte da vida e que, em momentos cruciais, a postura de uma pessoa pode impactar o destino de muitos.<\/p>\n\n\n\n<p class=\"wp-block-paragraph\">A coragem de Ester \u00e9 lembrada anualmente na festa de Purim, uma celebra\u00e7\u00e3o judaica que relembra a salva\u00e7\u00e3o do povo judeu e o livramento alcan\u00e7ado por meio da interven\u00e7\u00e3o divina.<\/p>\n\n\n\n<h2 class=\"wp-block-heading\">Por que a hist\u00f3ria dessas rainhas ainda inspira hoje?<\/h2>\n\n\n\n<p class=\"wp-block-paragraph\">A hist\u00f3ria de Ester e Vasti continua a ser uma fonte de inspira\u00e7\u00e3o porque aborda temas universais, como coragem, identidade e prop\u00f3sito. Ela nos lembra da import\u00e2ncia de lutar por justi\u00e7a e defender o que \u00e9 certo, mesmo quando as circunst\u00e2ncias parecem desfavor\u00e1veis. Al\u00e9m disso, mostra que a confian\u00e7a em Deus pode trazer vit\u00f3ria em momentos de incerteza.<\/p>\n\n\n\n<p class=\"wp-block-paragraph\">Ester n\u00e3o apenas salvou seu povo, mas tamb\u00e9m nos deixou uma li\u00e7\u00e3o sobre o poder da determina\u00e7\u00e3o e da f\u00e9. Sua hist\u00f3ria \u00e9 um exemplo de que cada pessoa pode ter um papel essencial na vida dos outros, mesmo que os desafios pare\u00e7am grandes demais.<\/p>\n\n\n\n<h2 class=\"wp-block-heading\">O impacto das decis\u00f5es<\/h2>\n\n\n\n<p class=\"wp-block-paragraph\">As escolhas que Vasti e Ester fizeram moldaram seus destinos e marcaram a hist\u00f3ria. A atitude de ambas nos ensina que a forma como respondemos \u00e0s situa\u00e7\u00f5es dif\u00edceis pode fazer toda a diferen\u00e7a. Seja enfrentando uma ordem injusta ou colocando a vida em risco por um prop\u00f3sito maior, cada decis\u00e3o tem o poder de mudar o rumo dos acontecimentos.<\/p>\n\n\n\n<p class=\"wp-block-paragraph\">Assim como Ester e Vasti, cada um de n\u00f3s pode encontrar momentos em que precisa tomar decis\u00f5es corajosas. O mais importante \u00e9 seguir com confian\u00e7a, sabendo que o prop\u00f3sito de Deus se cumpre mesmo nas situa\u00e7\u00f5es mais desafiadoras.<\/p>\n\n\n\n<p class=\"wp-block-paragraph\"><strong>Voir aussi\u00a0: <a href=\"https:\/\/www.oracaoefe.com\/fr\/o-que-a-biblia-diz-sobre-o-eclipse-solar-veja-a-curiosidade\/\">O que a B\u00edblia diz sobre o eclipse solar; veja a curiosidade<\/a><\/strong><\/p>\n\n\n\n<p class=\"wp-block-paragraph\">2 de novembro de 2024<\/p>","protected":false},"excerpt":{"rendered":"<p>A B\u00edblia apresenta algumas figuras importantes que ocuparam o trono da P\u00e9rsia. Entre elas, duas rainhas ganham destaque nos textos sagrados: Vasti e Ester. Cada uma possui um papel relevante dentro dos acontecimentos narrados no livro de Ester, revelando ensinamentos sobre coragem, destino e justi\u00e7a divina. Veja, a seguir, quem foram essas rainhas e o&hellip;&nbsp;<\/p>","protected":false},"author":3,"featured_media":3243,"comment_status":"closed","ping_status":"closed","sticky":false,"template":"","format":"standard","meta":{"neve_meta_sidebar":"","neve_meta_container":"","neve_meta_enable_content_width":"","neve_meta_content_width":0,"neve_meta_title_alignment":"","neve_meta_author_avatar":"","neve_post_elements_order":"","neve_meta_disable_header":"","neve_meta_disable_footer":"","neve_meta_disable_title":"","footnotes":""},"categories":[1],"tags":[],"class_list":["post-3228","post","type-post","status-publish","format-standard","has-post-thumbnail","hentry","category-curiosidades"],"yoast_head":"<!-- This site is optimized with the Yoast SEO plugin v28.4 - https:\/\/yoast.com\/product\/yoast-seo-wordpress\/ -->\n<title>Quem foi a rainha da P\u00e9rsia na B\u00edblia? - Ora\u00e7\u00e3o e F\u00e9<\/title>\n<meta name=\"description\" content=\"Deus tem pra voc\u00ea uma palavra de vida!\" \/>\n<meta name=\"robots\" content=\"index, follow, max-snippet:-1, max-image-preview:large, max-video-preview:-1\" \/>\n<link rel=\"canonical\" href=\"https:\/\/www.oracaoefe.com\/fr\/quem-foi-a-rainha-da-persia-na-biblia\/\" \/>\n<meta property=\"og:locale\" content=\"fr_FR\" \/>\n<meta property=\"og:type\" content=\"article\" \/>\n<meta property=\"og:title\" content=\"Quem foi a rainha da P\u00e9rsia na B\u00edblia? - Ora\u00e7\u00e3o e F\u00e9\" \/>\n<meta property=\"og:description\" content=\"Deus tem pra voc\u00ea uma palavra de vida!\" \/>\n<meta property=\"og:url\" content=\"https:\/\/www.oracaoefe.com\/fr\/quem-foi-a-rainha-da-persia-na-biblia\/\" \/>\n<meta property=\"og:site_name\" content=\"Ora\u00e7\u00e3o e F\u00e9\" \/>\n<meta property=\"article:published_time\" content=\"2024-11-02T09:00:00+00:00\" \/>\n<meta property=\"og:image\" content=\"https:\/\/www.oracaoefe.com\/wp-content\/uploads\/2024\/10\/image-5.png\" \/>\n\t<meta property=\"og:image:width\" content=\"900\" \/>\n\t<meta property=\"og:image:height\" content=\"447\" \/>\n\t<meta property=\"og:image:type\" content=\"image\/png\" \/>\n<meta name=\"author\" content=\"Michele Azevedo\" \/>\n<meta name=\"twitter:card\" content=\"summary_large_image\" \/>\n<meta name=\"twitter:label1\" content=\"\u00c9crit par\" \/>\n\t<meta name=\"twitter:data1\" content=\"Michele Azevedo\" \/>\n\t<meta name=\"twitter:label2\" content=\"Dur\u00e9e de lecture estim\u00e9e\" \/>\n\t<meta name=\"twitter:data2\" content=\"4 minutes\" \/>\n<script type=\"application\/ld+json\" class=\"yoast-schema-graph\">{\"@context\":\"https:\\\/\\\/schema.org\",\"@graph\":[{\"@type\":\"Article\",\"@id\":\"https:\\\/\\\/www.oracaoefe.com\\\/quem-foi-a-rainha-da-persia-na-biblia\\\/#article\",\"isPartOf\":{\"@id\":\"https:\\\/\\\/www.oracaoefe.com\\\/quem-foi-a-rainha-da-persia-na-biblia\\\/\"},\"author\":{\"name\":\"Michele Azevedo\",\"@id\":\"https:\\\/\\\/www.oracaoefe.com\\\/#\\\/schema\\\/person\\\/17283c669442cf005c4d5bb58adfb7f5\"},\"headline\":\"Quem foi a rainha da P\u00e9rsia na B\u00edblia?\",\"datePublished\":\"2024-11-02T09:00:00+00:00\",\"mainEntityOfPage\":{\"@id\":\"https:\\\/\\\/www.oracaoefe.com\\\/quem-foi-a-rainha-da-persia-na-biblia\\\/\"},\"wordCount\":838,\"image\":{\"@id\":\"https:\\\/\\\/www.oracaoefe.com\\\/quem-foi-a-rainha-da-persia-na-biblia\\\/#primaryimage\"},\"thumbnailUrl\":\"https:\\\/\\\/www.oracaoefe.com\\\/wp-content\\\/uploads\\\/2024\\\/10\\\/image-5.png\",\"articleSection\":[\"Curiosidades\"],\"inLanguage\":\"fr-FR\"},{\"@type\":\"WebPage\",\"@id\":\"https:\\\/\\\/www.oracaoefe.com\\\/quem-foi-a-rainha-da-persia-na-biblia\\\/\",\"url\":\"https:\\\/\\\/www.oracaoefe.com\\\/quem-foi-a-rainha-da-persia-na-biblia\\\/\",\"name\":\"Quem foi a rainha da P\u00e9rsia na B\u00edblia? - Ora\u00e7\u00e3o e F\u00e9\",\"isPartOf\":{\"@id\":\"https:\\\/\\\/www.oracaoefe.com\\\/#website\"},\"primaryImageOfPage\":{\"@id\":\"https:\\\/\\\/www.oracaoefe.com\\\/quem-foi-a-rainha-da-persia-na-biblia\\\/#primaryimage\"},\"image\":{\"@id\":\"https:\\\/\\\/www.oracaoefe.com\\\/quem-foi-a-rainha-da-persia-na-biblia\\\/#primaryimage\"},\"thumbnailUrl\":\"https:\\\/\\\/www.oracaoefe.com\\\/wp-content\\\/uploads\\\/2024\\\/10\\\/image-5.png\",\"datePublished\":\"2024-11-02T09:00:00+00:00\",\"author\":{\"@id\":\"https:\\\/\\\/www.oracaoefe.com\\\/#\\\/schema\\\/person\\\/17283c669442cf005c4d5bb58adfb7f5\"},\"description\":\"Deus tem pra voc\u00ea uma palavra de vida!\",\"breadcrumb\":{\"@id\":\"https:\\\/\\\/www.oracaoefe.com\\\/quem-foi-a-rainha-da-persia-na-biblia\\\/#breadcrumb\"},\"inLanguage\":\"fr-FR\",\"potentialAction\":[{\"@type\":\"ReadAction\",\"target\":[\"https:\\\/\\\/www.oracaoefe.com\\\/quem-foi-a-rainha-da-persia-na-biblia\\\/\"]}]},{\"@type\":\"ImageObject\",\"inLanguage\":\"fr-FR\",\"@id\":\"https:\\\/\\\/www.oracaoefe.com\\\/quem-foi-a-rainha-da-persia-na-biblia\\\/#primaryimage\",\"url\":\"https:\\\/\\\/www.oracaoefe.com\\\/wp-content\\\/uploads\\\/2024\\\/10\\\/image-5.png\",\"contentUrl\":\"https:\\\/\\\/www.oracaoefe.com\\\/wp-content\\\/uploads\\\/2024\\\/10\\\/image-5.png\",\"width\":900,\"height\":447},{\"@type\":\"BreadcrumbList\",\"@id\":\"https:\\\/\\\/www.oracaoefe.com\\\/quem-foi-a-rainha-da-persia-na-biblia\\\/#breadcrumb\",\"itemListElement\":[{\"@type\":\"ListItem\",\"position\":1,\"name\":\"Home\",\"item\":\"https:\\\/\\\/www.oracaoefe.com\\\/\"},{\"@type\":\"ListItem\",\"position\":2,\"name\":\"Curiosidades\",\"item\":\"https:\\\/\\\/www.oracaoefe.com\\\/es\\\/categoria\\\/curiosidades\\\/\"},{\"@type\":\"ListItem\",\"position\":3,\"name\":\"Quem foi a rainha da P\u00e9rsia na B\u00edblia?\"}]},{\"@type\":\"WebSite\",\"@id\":\"https:\\\/\\\/www.oracaoefe.com\\\/#website\",\"url\":\"https:\\\/\\\/www.oracaoefe.com\\\/\",\"name\":\"Ora\u00e7\u00e3o e F\u00e9\",\"description\":\"\",\"potentialAction\":[{\"@type\":\"SearchAction\",\"target\":{\"@type\":\"EntryPoint\",\"urlTemplate\":\"https:\\\/\\\/www.oracaoefe.com\\\/?s={search_term_string}\"},\"query-input\":{\"@type\":\"PropertyValueSpecification\",\"valueRequired\":true,\"valueName\":\"search_term_string\"}}],\"inLanguage\":\"fr-FR\"},{\"@type\":\"Person\",\"@id\":\"https:\\\/\\\/www.oracaoefe.com\\\/#\\\/schema\\\/person\\\/17283c669442cf005c4d5bb58adfb7f5\",\"name\":\"Michele Azevedo\",\"image\":{\"@type\":\"ImageObject\",\"inLanguage\":\"fr-FR\",\"@id\":\"https:\\\/\\\/secure.gravatar.com\\\/avatar\\\/6b0eb9d22841282815e2cd856a0061c45e1761cd54b22e952d98c4746939aa85?s=96&d=mm&r=g\",\"url\":\"https:\\\/\\\/secure.gravatar.com\\\/avatar\\\/6b0eb9d22841282815e2cd856a0061c45e1761cd54b22e952d98c4746939aa85?s=96&d=mm&r=g\",\"contentUrl\":\"https:\\\/\\\/secure.gravatar.com\\\/avatar\\\/6b0eb9d22841282815e2cd856a0061c45e1761cd54b22e952d98c4746939aa85?s=96&d=mm&r=g\",\"caption\":\"Michele Azevedo\"},\"description\":\"Formada em Letras - Portugu\u00eas\\\/ Ingl\u00eas pela Universidade Estadual de Ponta Grossa (UEPG), p\u00f3s-graduada em Arte na Educa\u00e7\u00e3o (FAPI) e Psicopedagogia Escolar (FAPI), idealizadora e propriet\u00e1ria do site Escritora de Sucesso, possui experi\u00eancia em escrita para blogs em geral e atua como redatora e revisora dos conte\u00fados do Ora\u00e7\u00e3o e F\u00e9.\",\"url\":\"https:\\\/\\\/www.oracaoefe.com\\\/fr\\\/author\\\/michele-azevedo\\\/\"}]}<\/script>\n<!-- \/ Yoast SEO plugin. -->","yoast_head_json":{"title":"Quem foi a rainha da P\u00e9rsia na B\u00edblia? - Ora\u00e7\u00e3o e F\u00e9","description":"Dieu a une parole de vie pour vous !","robots":{"index":"index","follow":"follow","max-snippet":"max-snippet:-1","max-image-preview":"max-image-preview:large","max-video-preview":"max-video-preview:-1"},"canonical":"https:\/\/www.oracaoefe.com\/fr\/quem-foi-a-rainha-da-persia-na-biblia\/","og_locale":"fr_FR","og_type":"article","og_title":"Quem foi a rainha da P\u00e9rsia na B\u00edblia? - Ora\u00e7\u00e3o e F\u00e9","og_description":"Deus tem pra voc\u00ea uma palavra de vida!","og_url":"https:\/\/www.oracaoefe.com\/fr\/quem-foi-a-rainha-da-persia-na-biblia\/","og_site_name":"Ora\u00e7\u00e3o e F\u00e9","article_published_time":"2024-11-02T09:00:00+00:00","og_image":[{"width":900,"height":447,"url":"https:\/\/www.oracaoefe.com\/wp-content\/uploads\/2024\/10\/image-5.png","type":"image\/png"}],"author":"Michele Azevedo","twitter_card":"summary_large_image","twitter_misc":{"\u00c9crit par":"Michele Azevedo","Dur\u00e9e de lecture estim\u00e9e":"4 minutes"},"schema":{"@context":"https:\/\/schema.org","@graph":[{"@type":"Article","@id":"https:\/\/www.oracaoefe.com\/quem-foi-a-rainha-da-persia-na-biblia\/#article","isPartOf":{"@id":"https:\/\/www.oracaoefe.com\/quem-foi-a-rainha-da-persia-na-biblia\/"},"author":{"name":"Michele Azevedo","@id":"https:\/\/www.oracaoefe.com\/#\/schema\/person\/17283c669442cf005c4d5bb58adfb7f5"},"headline":"Quem foi a rainha da P\u00e9rsia na B\u00edblia?","datePublished":"2024-11-02T09:00:00+00:00","mainEntityOfPage":{"@id":"https:\/\/www.oracaoefe.com\/quem-foi-a-rainha-da-persia-na-biblia\/"},"wordCount":838,"image":{"@id":"https:\/\/www.oracaoefe.com\/quem-foi-a-rainha-da-persia-na-biblia\/#primaryimage"},"thumbnailUrl":"https:\/\/www.oracaoefe.com\/wp-content\/uploads\/2024\/10\/image-5.png","articleSection":["Curiosidades"],"inLanguage":"fr-FR"},{"@type":"WebPage","@id":"https:\/\/www.oracaoefe.com\/quem-foi-a-rainha-da-persia-na-biblia\/","url":"https:\/\/www.oracaoefe.com\/quem-foi-a-rainha-da-persia-na-biblia\/","name":"Quem foi a rainha da P\u00e9rsia na B\u00edblia? - Ora\u00e7\u00e3o e F\u00e9","isPartOf":{"@id":"https:\/\/www.oracaoefe.com\/#website"},"primaryImageOfPage":{"@id":"https:\/\/www.oracaoefe.com\/quem-foi-a-rainha-da-persia-na-biblia\/#primaryimage"},"image":{"@id":"https:\/\/www.oracaoefe.com\/quem-foi-a-rainha-da-persia-na-biblia\/#primaryimage"},"thumbnailUrl":"https:\/\/www.oracaoefe.com\/wp-content\/uploads\/2024\/10\/image-5.png","datePublished":"2024-11-02T09:00:00+00:00","author":{"@id":"https:\/\/www.oracaoefe.com\/#\/schema\/person\/17283c669442cf005c4d5bb58adfb7f5"},"description":"Dieu a une parole de vie pour vous !","breadcrumb":{"@id":"https:\/\/www.oracaoefe.com\/quem-foi-a-rainha-da-persia-na-biblia\/#breadcrumb"},"inLanguage":"fr-FR","potentialAction":[{"@type":"ReadAction","target":["https:\/\/www.oracaoefe.com\/quem-foi-a-rainha-da-persia-na-biblia\/"]}]},{"@type":"ImageObject","inLanguage":"fr-FR","@id":"https:\/\/www.oracaoefe.com\/quem-foi-a-rainha-da-persia-na-biblia\/#primaryimage","url":"https:\/\/www.oracaoefe.com\/wp-content\/uploads\/2024\/10\/image-5.png","contentUrl":"https:\/\/www.oracaoefe.com\/wp-content\/uploads\/2024\/10\/image-5.png","width":900,"height":447},{"@type":"BreadcrumbList","@id":"https:\/\/www.oracaoefe.com\/quem-foi-a-rainha-da-persia-na-biblia\/#breadcrumb","itemListElement":[{"@type":"ListItem","position":1,"name":"Home","item":"https:\/\/www.oracaoefe.com\/"},{"@type":"ListItem","position":2,"name":"Curiosidades","item":"https:\/\/www.oracaoefe.com\/es\/categoria\/curiosidades\/"},{"@type":"ListItem","position":3,"name":"Quem foi a rainha da P\u00e9rsia na B\u00edblia?"}]},{"@type":"WebSite","@id":"https:\/\/www.oracaoefe.com\/#website","url":"https:\/\/www.oracaoefe.com\/","name":"Pri\u00e8re et foi","description":"","potentialAction":[{"@type":"SearchAction","target":{"@type":"EntryPoint","urlTemplate":"https:\/\/www.oracaoefe.com\/?s={search_term_string}"},"query-input":{"@type":"PropertyValueSpecification","valueRequired":true,"valueName":"search_term_string"}}],"inLanguage":"fr-FR"},{"@type":"Person","@id":"https:\/\/www.oracaoefe.com\/#\/schema\/person\/17283c669442cf005c4d5bb58adfb7f5","name":"Michele Azevedo","image":{"@type":"ImageObject","inLanguage":"fr-FR","@id":"https:\/\/secure.gravatar.com\/avatar\/6b0eb9d22841282815e2cd856a0061c45e1761cd54b22e952d98c4746939aa85?s=96&d=mm&r=g","url":"https:\/\/secure.gravatar.com\/avatar\/6b0eb9d22841282815e2cd856a0061c45e1761cd54b22e952d98c4746939aa85?s=96&d=mm&r=g","contentUrl":"https:\/\/secure.gravatar.com\/avatar\/6b0eb9d22841282815e2cd856a0061c45e1761cd54b22e952d98c4746939aa85?s=96&d=mm&r=g","caption":"Michele Azevedo"},"description":"Dipl\u00f4m\u00e9e en litt\u00e9rature portugaise\/anglaise de l&#039;Universit\u00e9 d&#039;\u00c9tat de Ponta Grossa (UEPG), avec des dipl\u00f4mes de troisi\u00e8me cycle en art dans l&#039;\u00e9ducation (FAPI) et en psychop\u00e9dagogie scolaire (FAPI), elle est la cr\u00e9atrice et propri\u00e9taire du site web Escritora de Sucesso, a de l&#039;exp\u00e9rience dans l&#039;\u00e9criture pour les blogs en g\u00e9n\u00e9ral et travaille comme r\u00e9dactrice et \u00e9ditrice du contenu pour Ora\u00e7\u00e3o e F\u00e9.","url":"https:\/\/www.oracaoefe.com\/fr\/author\/michele-azevedo\/"}]}},"_links":{"self":[{"href":"https:\/\/www.oracaoefe.com\/fr\/wp-json\/wp\/v2\/posts\/3228","targetHints":{"allow":["GET"]}}],"collection":[{"href":"https:\/\/www.oracaoefe.com\/fr\/wp-json\/wp\/v2\/posts"}],"about":[{"href":"https:\/\/www.oracaoefe.com\/fr\/wp-json\/wp\/v2\/types\/post"}],"author":[{"embeddable":true,"href":"https:\/\/www.oracaoefe.com\/fr\/wp-json\/wp\/v2\/users\/3"}],"replies":[{"embeddable":true,"href":"https:\/\/www.oracaoefe.com\/fr\/wp-json\/wp\/v2\/comments?post=3228"}],"version-history":[{"count":2,"href":"https:\/\/www.oracaoefe.com\/fr\/wp-json\/wp\/v2\/posts\/3228\/revisions"}],"predecessor-version":[{"id":3253,"href":"https:\/\/www.oracaoefe.com\/fr\/wp-json\/wp\/v2\/posts\/3228\/revisions\/3253"}],"wp:featuredmedia":[{"embeddable":true,"href":"https:\/\/www.oracaoefe.com\/fr\/wp-json\/wp\/v2\/media\/3243"}],"wp:attachment":[{"href":"https:\/\/www.oracaoefe.com\/fr\/wp-json\/wp\/v2\/media?parent=3228"}],"wp:term":[{"taxonomy":"category","embeddable":true,"href":"https:\/\/www.oracaoefe.com\/fr\/wp-json\/wp\/v2\/categories?post=3228"},{"taxonomy":"post_tag","embeddable":true,"href":"https:\/\/www.oracaoefe.com\/fr\/wp-json\/wp\/v2\/tags?post=3228"}],"curies":[{"name":"wp","href":"https:\/\/api.w.org\/{rel}","templated":true}]}}