{"id":3226,"date":"2024-10-30T06:00:00","date_gmt":"2024-10-30T09:00:00","guid":{"rendered":"https:\/\/www.oracaoefe.com\/?p=3226"},"modified":"2025-06-15T15:15:30","modified_gmt":"2025-06-15T18:15:30","slug":"o-que-diz-mateus-24-na-biblia-entenda-a-palavra","status":"publish","type":"post","link":"https:\/\/www.oracaoefe.com\/fr\/o-que-diz-mateus-24-na-biblia-entenda-a-palavra\/","title":{"rendered":"O que diz Mateus 24 na B\u00edblia? Entenda a palavra"},"content":{"rendered":"<p class=\"wp-block-paragraph\">Mateus 24 \u00e9 um dos cap\u00edtulos mais estudados da B\u00edblia. Nele, Jesus fala sobre o fim dos tempos e prepara seus disc\u00edpulos para eventos futuros. As palavras de Jesus nesse trecho geram muitas reflex\u00f5es, pois trazem profecias e ensinamentos que despertam o interesse tanto de religiosos quanto de estudiosos. Veja como interpretar cada parte de Mateus 24 e entender o que essa passagem nos revela.<\/p>\n\n\n\n<h2 class=\"wp-block-heading\">O serm\u00e3o prof\u00e9tico: o discurso de Jesus sobre o fim dos tempos<\/h2>\n\n\n\n<p class=\"wp-block-paragraph\">Jesus come\u00e7a a conversar com seus disc\u00edpulos sobre o que aconteceria no futuro enquanto estavam no Monte das Oliveiras. Eles perguntam quando esses eventos ocorreriam e quais seriam os sinais da sua vinda e do fim dos tempos. Esse contexto \u00e9 essencial para compreender que Mateus 24 fala n\u00e3o apenas de eventos iminentes, mas tamb\u00e9m de acontecimentos que ainda n\u00e3o se realizaram completamente.<\/p>\n\n\n\n<figure class=\"wp-block-image size-full is-resized\"><img loading=\"lazy\" decoding=\"async\" width=\"740\" height=\"493\" src=\"https:\/\/www.oracaoefe.com\/wp-content\/uploads\/2024\/10\/image-4.png\" alt=\"\" class=\"wp-image-3242\" style=\"width:840px;height:auto\" srcset=\"https:\/\/www.oracaoefe.com\/wp-content\/uploads\/2024\/10\/image-4.png 740w, https:\/\/www.oracaoefe.com\/wp-content\/uploads\/2024\/10\/image-4-300x200.png 300w, https:\/\/www.oracaoefe.com\/wp-content\/uploads\/2024\/10\/image-4-18x12.png 18w\" sizes=\"auto, (max-width: 740px) 100vw, 740px\" \/><\/figure>\n\n\n\n<p class=\"wp-block-paragraph\">Jesus alerta sobre guerras, terremotos e falsos profetas, trazendo uma mensagem de vigil\u00e2ncia e esperan\u00e7a. O cap\u00edtulo \u00e9 dividido em partes que explicam as dificuldades que surgir\u00e3o e orientam os seguidores sobre como permanecer firmes na f\u00e9.<\/p>\n\n\n\n<h2 class=\"wp-block-heading\">O in\u00edcio das dores<\/h2>\n\n\n\n<p class=\"wp-block-paragraph\">Jesus fala sobre o come\u00e7o das dificuldades que precederiam o fim. Ele descreve:<\/p>\n\n\n\n<p class=\"wp-block-paragraph\">1# <strong>Falsos cristos e falsos profetas<\/strong><br>Essas figuras tentar\u00e3o enganar muitas pessoas, afirmando serem enviados de Deus ou at\u00e9 mesmo o pr\u00f3prio Cristo.<\/p>\n\n\n\n<p class=\"wp-block-paragraph\">2# <strong>Guerras e rumores de guerras<\/strong><br>Jesus avisa que na\u00e7\u00f5es se levantar\u00e3o contra outras, mas que isso ainda n\u00e3o seria o fim.<\/p>\n\n\n\n<p class=\"wp-block-paragraph\">3# <strong>Fome, pestes e terremotos<\/strong><br>Esses acontecimentos marcar\u00e3o o que Ele chama de &#8220;o in\u00edcio das dores&#8221;, ou seja, os primeiros sinais de tribula\u00e7\u00f5es que anteceder\u00e3o tempos mais dif\u00edceis.<\/p>\n\n\n\n<h2 class=\"wp-block-heading\">A grande tribula\u00e7\u00e3o<\/h2>\n\n\n\n<p class=\"wp-block-paragraph\">Jesus fala sobre um per\u00edodo de sofrimento e persegui\u00e7\u00e3o mais intenso. Ele menciona que seus seguidores ser\u00e3o odiados, e muitos abandonar\u00e3o a f\u00e9. A mensagem \u00e9 clara: momentos de prova\u00e7\u00e3o exigir\u00e3o perseveran\u00e7a e confian\u00e7a na Palavra de Deus.<\/p>\n\n\n\n<p class=\"wp-block-paragraph\">Nesse trecho, h\u00e1 tamb\u00e9m a advert\u00eancia de que o amor de muitos se esfriar\u00e1. No entanto, aqueles que permanecerem firmes at\u00e9 o fim ser\u00e3o salvos. Esse ensinamento refor\u00e7a a necessidade de paci\u00eancia e f\u00e9 inabal\u00e1vel, mesmo em tempos desafiadores.<\/p>\n\n\n\n<h2 class=\"wp-block-heading\">O sinal da volta de Jesus<\/h2>\n\n\n\n<p class=\"wp-block-paragraph\">Jesus explica que sua volta ser\u00e1 inconfund\u00edvel e vis\u00edvel para todos. Ele compara esse momento com um rel\u00e2mpago, que cruza o c\u00e9u de um lado ao outro, indicando que n\u00e3o haver\u00e1 d\u00favida quando Ele retornar.<\/p>\n\n\n\n<p class=\"wp-block-paragraph\">Jesus tamb\u00e9m menciona a necessidade de discernir os sinais dos tempos. Assim como se sabe que o ver\u00e3o est\u00e1 pr\u00f3ximo ao ver as folhas brotando nas \u00e1rvores, os seguidores de Cristo tamb\u00e9m devem estar atentos aos sinais para entender que o tempo de sua vinda est\u00e1 pr\u00f3ximo.<\/p>\n\n\n\n<h2 class=\"wp-block-heading\">A vigil\u00e2ncia e a prepara\u00e7\u00e3o para a volta de Jesus<\/h2>\n\n\n\n<p class=\"wp-block-paragraph\">Jesus refor\u00e7a que ningu\u00e9m sabe o dia ou a hora exata da sua volta. A mensagem \u00e9 para que todos permane\u00e7am atentos e preparados. Ele usa exemplos como o de No\u00e9, que construiu a arca em meio \u00e0 incredulidade dos demais, e tamb\u00e9m a met\u00e1fora de um servo fiel que espera seu senhor voltar a qualquer momento.<\/p>\n\n\n\n<p class=\"wp-block-paragraph\">Essa parte do texto destaca que a prepara\u00e7\u00e3o espiritual \u00e9 di\u00e1ria. Assim como o ladr\u00e3o n\u00e3o avisa quando vai chegar, o retorno de Jesus ser\u00e1 inesperado. O chamado \u00e9 para que todos vivam em prontid\u00e3o, em obedi\u00eancia aos ensinamentos de Deus.<\/p>\n\n\n\n<h2 class=\"wp-block-heading\">Como entender Mateus 24 hoje<\/h2>\n\n\n\n<p class=\"wp-block-paragraph\">Esse cap\u00edtulo n\u00e3o \u00e9 apenas uma mensagem sobre o fim do mundo. Ele fala sobre a import\u00e2ncia de viver uma vida de vigil\u00e2ncia espiritual. A cada gera\u00e7\u00e3o, esses ensinamentos continuam a ter relev\u00e2ncia, pois nos lembram que a f\u00e9 precisa ser alimentada todos os dias, independente das circunst\u00e2ncias.<\/p>\n\n\n\n<p class=\"wp-block-paragraph\">Al\u00e9m disso, Mateus 24 nos ensina sobre confian\u00e7a. As dificuldades s\u00e3o inevit\u00e1veis, mas a promessa \u00e9 que aqueles que permanecem firmes ser\u00e3o recompensados. A volta de Jesus n\u00e3o \u00e9 apenas um evento distante no futuro, mas uma esperan\u00e7a viva para aqueles que acreditam em seu retorno.<\/p>\n\n\n\n<h2 class=\"wp-block-heading\">Mateus 24 e a pr\u00e1tica da f\u00e9 hoje<\/h2>\n\n\n\n<p class=\"wp-block-paragraph\">As palavras de Jesus em Mateus 24 convidam cada pessoa a refletir sobre sua pr\u00f3pria f\u00e9 e conduta. Vivemos em um mundo cheio de incertezas, e o discurso de Jesus nos alerta para que n\u00e3o sejamos enganados por falsas promessas ou profetas. Ele tamb\u00e9m nos lembra de que nossa miss\u00e3o \u00e9 viver com prop\u00f3sito, fazendo o bem e confiando na soberania de Deus.<\/p>\n\n\n\n<p class=\"wp-block-paragraph\">O mais importante \u00e9 que essa passagem n\u00e3o \u00e9 um convite ao medo, mas \u00e0 confian\u00e7a e vigil\u00e2ncia. Jesus quer que seus seguidores estejam preparados e seguros de que, independentemente das circunst\u00e2ncias, Ele estar\u00e1 presente e trar\u00e1 consolo e vit\u00f3ria no tempo certo.<\/p>\n\n\n\n<h2 class=\"wp-block-heading\">Uma vida de esperan\u00e7a e vigil\u00e2ncia<\/h2>\n\n\n\n<p class=\"wp-block-paragraph\">Mateus 24 nos ensina que o futuro pode ser incerto, mas a promessa da volta de Jesus \u00e9 uma certeza que traz esperan\u00e7a. A mensagem principal \u00e9 clara: estejamos sempre preparados. Isso significa viver em harmonia com os princ\u00edpios de amor, f\u00e9 e justi\u00e7a ensinados por Cristo.<\/p>\n\n\n\n<p class=\"wp-block-paragraph\">Assim, quando os tempos dif\u00edceis chegarem, cada pessoa poder\u00e1 enfrentar as adversidades com confian\u00e7a, sabendo que faz parte de um plano maior. Jesus voltar\u00e1, e a miss\u00e3o de todos \u00e9 viver de forma digna dessa promessa.<\/p>\n\n\n\n<p class=\"wp-block-paragraph\"><strong>Voir aussi\u00a0: <a href=\"https:\/\/www.oracaoefe.com\/fr\/o-que-a-biblia-diz-sobre-o-eclipse-solar-veja-a-curiosidade\/\">O que a B\u00edblia diz sobre o eclipse solar; veja a curiosidade<\/a><\/strong><\/p>\n\n\n\n<p class=\"wp-block-paragraph\">30 de outubro de 2024<\/p>","protected":false},"excerpt":{"rendered":"<p>Mateus 24 \u00e9 um dos cap\u00edtulos mais estudados da B\u00edblia. Nele, Jesus fala sobre o fim dos tempos e prepara seus disc\u00edpulos para eventos futuros. As palavras de Jesus nesse trecho geram muitas reflex\u00f5es, pois trazem profecias e ensinamentos que despertam o interesse tanto de religiosos quanto de estudiosos. Veja como interpretar cada parte de&hellip;&nbsp;<\/p>","protected":false},"author":3,"featured_media":3242,"comment_status":"closed","ping_status":"closed","sticky":false,"template":"","format":"standard","meta":{"neve_meta_sidebar":"","neve_meta_container":"","neve_meta_enable_content_width":"","neve_meta_content_width":0,"neve_meta_title_alignment":"","neve_meta_author_avatar":"","neve_post_elements_order":"","neve_meta_disable_header":"","neve_meta_disable_footer":"","neve_meta_disable_title":"","footnotes":""},"categories":[3],"tags":[],"class_list":["post-3226","post","type-post","status-publish","format-standard","has-post-thumbnail","hentry","category-fe"],"yoast_head":"<!-- This site is optimized with the Yoast SEO plugin v28.4 - https:\/\/yoast.com\/product\/yoast-seo-wordpress\/ -->\n<title>O que diz Mateus 24 na B\u00edblia? Entenda a palavra - Ora\u00e7\u00e3o e F\u00e9<\/title>\n<meta name=\"description\" content=\"Deus tem pra voc\u00ea uma palavra de vida!\" \/>\n<meta name=\"robots\" content=\"index, follow, max-snippet:-1, max-image-preview:large, max-video-preview:-1\" \/>\n<link rel=\"canonical\" href=\"https:\/\/www.oracaoefe.com\/fr\/o-que-diz-mateus-24-na-biblia-entenda-a-palavra\/\" \/>\n<meta property=\"og:locale\" content=\"fr_FR\" \/>\n<meta property=\"og:type\" content=\"article\" \/>\n<meta property=\"og:title\" content=\"O que diz Mateus 24 na B\u00edblia? Entenda a palavra - Ora\u00e7\u00e3o e F\u00e9\" \/>\n<meta property=\"og:description\" content=\"Deus tem pra voc\u00ea uma palavra de vida!\" \/>\n<meta property=\"og:url\" content=\"https:\/\/www.oracaoefe.com\/fr\/o-que-diz-mateus-24-na-biblia-entenda-a-palavra\/\" \/>\n<meta property=\"og:site_name\" content=\"Ora\u00e7\u00e3o e F\u00e9\" \/>\n<meta property=\"article:published_time\" content=\"2024-10-30T09:00:00+00:00\" \/>\n<meta property=\"article:modified_time\" content=\"2025-06-15T18:15:30+00:00\" \/>\n<meta property=\"og:image\" content=\"https:\/\/www.oracaoefe.com\/wp-content\/uploads\/2024\/10\/image-4.png\" \/>\n\t<meta property=\"og:image:width\" content=\"740\" \/>\n\t<meta property=\"og:image:height\" content=\"493\" \/>\n\t<meta property=\"og:image:type\" content=\"image\/png\" \/>\n<meta name=\"author\" content=\"Michele Azevedo\" \/>\n<meta name=\"twitter:card\" content=\"summary_large_image\" \/>\n<meta name=\"twitter:label1\" content=\"\u00c9crit par\" \/>\n\t<meta name=\"twitter:data1\" content=\"Michele Azevedo\" \/>\n\t<meta name=\"twitter:label2\" content=\"Dur\u00e9e de lecture estim\u00e9e\" \/>\n\t<meta name=\"twitter:data2\" content=\"5 minutes\" \/>\n<script type=\"application\/ld+json\" class=\"yoast-schema-graph\">{\"@context\":\"https:\\\/\\\/schema.org\",\"@graph\":[{\"@type\":\"Article\",\"@id\":\"https:\\\/\\\/www.oracaoefe.com\\\/o-que-diz-mateus-24-na-biblia-entenda-a-palavra\\\/#article\",\"isPartOf\":{\"@id\":\"https:\\\/\\\/www.oracaoefe.com\\\/o-que-diz-mateus-24-na-biblia-entenda-a-palavra\\\/\"},\"author\":{\"name\":\"Michele Azevedo\",\"@id\":\"https:\\\/\\\/www.oracaoefe.com\\\/#\\\/schema\\\/person\\\/17283c669442cf005c4d5bb58adfb7f5\"},\"headline\":\"O que diz Mateus 24 na B\u00edblia? Entenda a palavra\",\"datePublished\":\"2024-10-30T09:00:00+00:00\",\"dateModified\":\"2025-06-15T18:15:30+00:00\",\"mainEntityOfPage\":{\"@id\":\"https:\\\/\\\/www.oracaoefe.com\\\/o-que-diz-mateus-24-na-biblia-entenda-a-palavra\\\/\"},\"wordCount\":945,\"image\":{\"@id\":\"https:\\\/\\\/www.oracaoefe.com\\\/o-que-diz-mateus-24-na-biblia-entenda-a-palavra\\\/#primaryimage\"},\"thumbnailUrl\":\"https:\\\/\\\/www.oracaoefe.com\\\/wp-content\\\/uploads\\\/2024\\\/10\\\/image-4.png\",\"articleSection\":[\"F\u00e9\"],\"inLanguage\":\"fr-FR\"},{\"@type\":\"WebPage\",\"@id\":\"https:\\\/\\\/www.oracaoefe.com\\\/o-que-diz-mateus-24-na-biblia-entenda-a-palavra\\\/\",\"url\":\"https:\\\/\\\/www.oracaoefe.com\\\/o-que-diz-mateus-24-na-biblia-entenda-a-palavra\\\/\",\"name\":\"O que diz Mateus 24 na B\u00edblia? Entenda a palavra - Ora\u00e7\u00e3o e F\u00e9\",\"isPartOf\":{\"@id\":\"https:\\\/\\\/www.oracaoefe.com\\\/#website\"},\"primaryImageOfPage\":{\"@id\":\"https:\\\/\\\/www.oracaoefe.com\\\/o-que-diz-mateus-24-na-biblia-entenda-a-palavra\\\/#primaryimage\"},\"image\":{\"@id\":\"https:\\\/\\\/www.oracaoefe.com\\\/o-que-diz-mateus-24-na-biblia-entenda-a-palavra\\\/#primaryimage\"},\"thumbnailUrl\":\"https:\\\/\\\/www.oracaoefe.com\\\/wp-content\\\/uploads\\\/2024\\\/10\\\/image-4.png\",\"datePublished\":\"2024-10-30T09:00:00+00:00\",\"dateModified\":\"2025-06-15T18:15:30+00:00\",\"author\":{\"@id\":\"https:\\\/\\\/www.oracaoefe.com\\\/#\\\/schema\\\/person\\\/17283c669442cf005c4d5bb58adfb7f5\"},\"description\":\"Deus tem pra voc\u00ea uma palavra de vida!\",\"breadcrumb\":{\"@id\":\"https:\\\/\\\/www.oracaoefe.com\\\/o-que-diz-mateus-24-na-biblia-entenda-a-palavra\\\/#breadcrumb\"},\"inLanguage\":\"fr-FR\",\"potentialAction\":[{\"@type\":\"ReadAction\",\"target\":[\"https:\\\/\\\/www.oracaoefe.com\\\/o-que-diz-mateus-24-na-biblia-entenda-a-palavra\\\/\"]}]},{\"@type\":\"ImageObject\",\"inLanguage\":\"fr-FR\",\"@id\":\"https:\\\/\\\/www.oracaoefe.com\\\/o-que-diz-mateus-24-na-biblia-entenda-a-palavra\\\/#primaryimage\",\"url\":\"https:\\\/\\\/www.oracaoefe.com\\\/wp-content\\\/uploads\\\/2024\\\/10\\\/image-4.png\",\"contentUrl\":\"https:\\\/\\\/www.oracaoefe.com\\\/wp-content\\\/uploads\\\/2024\\\/10\\\/image-4.png\",\"width\":740,\"height\":493,\"caption\":\"Mateus 24\"},{\"@type\":\"BreadcrumbList\",\"@id\":\"https:\\\/\\\/www.oracaoefe.com\\\/o-que-diz-mateus-24-na-biblia-entenda-a-palavra\\\/#breadcrumb\",\"itemListElement\":[{\"@type\":\"ListItem\",\"position\":1,\"name\":\"Home\",\"item\":\"https:\\\/\\\/www.oracaoefe.com\\\/\"},{\"@type\":\"ListItem\",\"position\":2,\"name\":\"O que diz Mateus 24 na B\u00edblia? Entenda a palavra\"}]},{\"@type\":\"WebSite\",\"@id\":\"https:\\\/\\\/www.oracaoefe.com\\\/#website\",\"url\":\"https:\\\/\\\/www.oracaoefe.com\\\/\",\"name\":\"Ora\u00e7\u00e3o e F\u00e9\",\"description\":\"\",\"potentialAction\":[{\"@type\":\"SearchAction\",\"target\":{\"@type\":\"EntryPoint\",\"urlTemplate\":\"https:\\\/\\\/www.oracaoefe.com\\\/?s={search_term_string}\"},\"query-input\":{\"@type\":\"PropertyValueSpecification\",\"valueRequired\":true,\"valueName\":\"search_term_string\"}}],\"inLanguage\":\"fr-FR\"},{\"@type\":\"Person\",\"@id\":\"https:\\\/\\\/www.oracaoefe.com\\\/#\\\/schema\\\/person\\\/17283c669442cf005c4d5bb58adfb7f5\",\"name\":\"Michele Azevedo\",\"image\":{\"@type\":\"ImageObject\",\"inLanguage\":\"fr-FR\",\"@id\":\"https:\\\/\\\/secure.gravatar.com\\\/avatar\\\/6b0eb9d22841282815e2cd856a0061c45e1761cd54b22e952d98c4746939aa85?s=96&d=mm&r=g\",\"url\":\"https:\\\/\\\/secure.gravatar.com\\\/avatar\\\/6b0eb9d22841282815e2cd856a0061c45e1761cd54b22e952d98c4746939aa85?s=96&d=mm&r=g\",\"contentUrl\":\"https:\\\/\\\/secure.gravatar.com\\\/avatar\\\/6b0eb9d22841282815e2cd856a0061c45e1761cd54b22e952d98c4746939aa85?s=96&d=mm&r=g\",\"caption\":\"Michele Azevedo\"},\"description\":\"Formada em Letras - Portugu\u00eas\\\/ Ingl\u00eas pela Universidade Estadual de Ponta Grossa (UEPG), p\u00f3s-graduada em Arte na Educa\u00e7\u00e3o (FAPI) e Psicopedagogia Escolar (FAPI), idealizadora e propriet\u00e1ria do site Escritora de Sucesso, possui experi\u00eancia em escrita para blogs em geral e atua como redatora e revisora dos conte\u00fados do Ora\u00e7\u00e3o e F\u00e9.\",\"url\":\"https:\\\/\\\/www.oracaoefe.com\\\/fr\\\/author\\\/michele-azevedo\\\/\"}]}<\/script>\n<!-- \/ Yoast SEO plugin. -->","yoast_head_json":{"title":"O que diz Mateus 24 na B\u00edblia? Entenda a palavra - Ora\u00e7\u00e3o e F\u00e9","description":"Dieu a une parole de vie pour vous !","robots":{"index":"index","follow":"follow","max-snippet":"max-snippet:-1","max-image-preview":"max-image-preview:large","max-video-preview":"max-video-preview:-1"},"canonical":"https:\/\/www.oracaoefe.com\/fr\/o-que-diz-mateus-24-na-biblia-entenda-a-palavra\/","og_locale":"fr_FR","og_type":"article","og_title":"O que diz Mateus 24 na B\u00edblia? Entenda a palavra - Ora\u00e7\u00e3o e F\u00e9","og_description":"Deus tem pra voc\u00ea uma palavra de vida!","og_url":"https:\/\/www.oracaoefe.com\/fr\/o-que-diz-mateus-24-na-biblia-entenda-a-palavra\/","og_site_name":"Ora\u00e7\u00e3o e F\u00e9","article_published_time":"2024-10-30T09:00:00+00:00","article_modified_time":"2025-06-15T18:15:30+00:00","og_image":[{"width":740,"height":493,"url":"https:\/\/www.oracaoefe.com\/wp-content\/uploads\/2024\/10\/image-4.png","type":"image\/png"}],"author":"Michele Azevedo","twitter_card":"summary_large_image","twitter_misc":{"\u00c9crit par":"Michele Azevedo","Dur\u00e9e de lecture estim\u00e9e":"5 minutes"},"schema":{"@context":"https:\/\/schema.org","@graph":[{"@type":"Article","@id":"https:\/\/www.oracaoefe.com\/o-que-diz-mateus-24-na-biblia-entenda-a-palavra\/#article","isPartOf":{"@id":"https:\/\/www.oracaoefe.com\/o-que-diz-mateus-24-na-biblia-entenda-a-palavra\/"},"author":{"name":"Michele Azevedo","@id":"https:\/\/www.oracaoefe.com\/#\/schema\/person\/17283c669442cf005c4d5bb58adfb7f5"},"headline":"O que diz Mateus 24 na B\u00edblia? Entenda a palavra","datePublished":"2024-10-30T09:00:00+00:00","dateModified":"2025-06-15T18:15:30+00:00","mainEntityOfPage":{"@id":"https:\/\/www.oracaoefe.com\/o-que-diz-mateus-24-na-biblia-entenda-a-palavra\/"},"wordCount":945,"image":{"@id":"https:\/\/www.oracaoefe.com\/o-que-diz-mateus-24-na-biblia-entenda-a-palavra\/#primaryimage"},"thumbnailUrl":"https:\/\/www.oracaoefe.com\/wp-content\/uploads\/2024\/10\/image-4.png","articleSection":["F\u00e9"],"inLanguage":"fr-FR"},{"@type":"WebPage","@id":"https:\/\/www.oracaoefe.com\/o-que-diz-mateus-24-na-biblia-entenda-a-palavra\/","url":"https:\/\/www.oracaoefe.com\/o-que-diz-mateus-24-na-biblia-entenda-a-palavra\/","name":"O que diz Mateus 24 na B\u00edblia? Entenda a palavra - Ora\u00e7\u00e3o e F\u00e9","isPartOf":{"@id":"https:\/\/www.oracaoefe.com\/#website"},"primaryImageOfPage":{"@id":"https:\/\/www.oracaoefe.com\/o-que-diz-mateus-24-na-biblia-entenda-a-palavra\/#primaryimage"},"image":{"@id":"https:\/\/www.oracaoefe.com\/o-que-diz-mateus-24-na-biblia-entenda-a-palavra\/#primaryimage"},"thumbnailUrl":"https:\/\/www.oracaoefe.com\/wp-content\/uploads\/2024\/10\/image-4.png","datePublished":"2024-10-30T09:00:00+00:00","dateModified":"2025-06-15T18:15:30+00:00","author":{"@id":"https:\/\/www.oracaoefe.com\/#\/schema\/person\/17283c669442cf005c4d5bb58adfb7f5"},"description":"Dieu a une parole de vie pour vous !","breadcrumb":{"@id":"https:\/\/www.oracaoefe.com\/o-que-diz-mateus-24-na-biblia-entenda-a-palavra\/#breadcrumb"},"inLanguage":"fr-FR","potentialAction":[{"@type":"ReadAction","target":["https:\/\/www.oracaoefe.com\/o-que-diz-mateus-24-na-biblia-entenda-a-palavra\/"]}]},{"@type":"ImageObject","inLanguage":"fr-FR","@id":"https:\/\/www.oracaoefe.com\/o-que-diz-mateus-24-na-biblia-entenda-a-palavra\/#primaryimage","url":"https:\/\/www.oracaoefe.com\/wp-content\/uploads\/2024\/10\/image-4.png","contentUrl":"https:\/\/www.oracaoefe.com\/wp-content\/uploads\/2024\/10\/image-4.png","width":740,"height":493,"caption":"Mateus 24"},{"@type":"BreadcrumbList","@id":"https:\/\/www.oracaoefe.com\/o-que-diz-mateus-24-na-biblia-entenda-a-palavra\/#breadcrumb","itemListElement":[{"@type":"ListItem","position":1,"name":"Home","item":"https:\/\/www.oracaoefe.com\/"},{"@type":"ListItem","position":2,"name":"O que diz Mateus 24 na B\u00edblia? Entenda a palavra"}]},{"@type":"WebSite","@id":"https:\/\/www.oracaoefe.com\/#website","url":"https:\/\/www.oracaoefe.com\/","name":"Pri\u00e8re et foi","description":"","potentialAction":[{"@type":"SearchAction","target":{"@type":"EntryPoint","urlTemplate":"https:\/\/www.oracaoefe.com\/?s={search_term_string}"},"query-input":{"@type":"PropertyValueSpecification","valueRequired":true,"valueName":"search_term_string"}}],"inLanguage":"fr-FR"},{"@type":"Person","@id":"https:\/\/www.oracaoefe.com\/#\/schema\/person\/17283c669442cf005c4d5bb58adfb7f5","name":"Michele Azevedo","image":{"@type":"ImageObject","inLanguage":"fr-FR","@id":"https:\/\/secure.gravatar.com\/avatar\/6b0eb9d22841282815e2cd856a0061c45e1761cd54b22e952d98c4746939aa85?s=96&d=mm&r=g","url":"https:\/\/secure.gravatar.com\/avatar\/6b0eb9d22841282815e2cd856a0061c45e1761cd54b22e952d98c4746939aa85?s=96&d=mm&r=g","contentUrl":"https:\/\/secure.gravatar.com\/avatar\/6b0eb9d22841282815e2cd856a0061c45e1761cd54b22e952d98c4746939aa85?s=96&d=mm&r=g","caption":"Michele Azevedo"},"description":"Dipl\u00f4m\u00e9e en litt\u00e9rature portugaise\/anglaise de l&#039;Universit\u00e9 d&#039;\u00c9tat de Ponta Grossa (UEPG), avec des dipl\u00f4mes de troisi\u00e8me cycle en art dans l&#039;\u00e9ducation (FAPI) et en psychop\u00e9dagogie scolaire (FAPI), elle est la cr\u00e9atrice et propri\u00e9taire du site web Escritora de Sucesso, a de l&#039;exp\u00e9rience dans l&#039;\u00e9criture pour les blogs en g\u00e9n\u00e9ral et travaille comme r\u00e9dactrice et \u00e9ditrice du contenu pour Ora\u00e7\u00e3o e F\u00e9.","url":"https:\/\/www.oracaoefe.com\/fr\/author\/michele-azevedo\/"}]}},"_links":{"self":[{"href":"https:\/\/www.oracaoefe.com\/fr\/wp-json\/wp\/v2\/posts\/3226","targetHints":{"allow":["GET"]}}],"collection":[{"href":"https:\/\/www.oracaoefe.com\/fr\/wp-json\/wp\/v2\/posts"}],"about":[{"href":"https:\/\/www.oracaoefe.com\/fr\/wp-json\/wp\/v2\/types\/post"}],"author":[{"embeddable":true,"href":"https:\/\/www.oracaoefe.com\/fr\/wp-json\/wp\/v2\/users\/3"}],"replies":[{"embeddable":true,"href":"https:\/\/www.oracaoefe.com\/fr\/wp-json\/wp\/v2\/comments?post=3226"}],"version-history":[{"count":2,"href":"https:\/\/www.oracaoefe.com\/fr\/wp-json\/wp\/v2\/posts\/3226\/revisions"}],"predecessor-version":[{"id":3252,"href":"https:\/\/www.oracaoefe.com\/fr\/wp-json\/wp\/v2\/posts\/3226\/revisions\/3252"}],"wp:featuredmedia":[{"embeddable":true,"href":"https:\/\/www.oracaoefe.com\/fr\/wp-json\/wp\/v2\/media\/3242"}],"wp:attachment":[{"href":"https:\/\/www.oracaoefe.com\/fr\/wp-json\/wp\/v2\/media?parent=3226"}],"wp:term":[{"taxonomy":"category","embeddable":true,"href":"https:\/\/www.oracaoefe.com\/fr\/wp-json\/wp\/v2\/categories?post=3226"},{"taxonomy":"post_tag","embeddable":true,"href":"https:\/\/www.oracaoefe.com\/fr\/wp-json\/wp\/v2\/tags?post=3226"}],"curies":[{"name":"wp","href":"https:\/\/api.w.org\/{rel}","templated":true}]}}