{"id":3224,"date":"2024-10-27T06:00:00","date_gmt":"2024-10-27T09:00:00","guid":{"rendered":"https:\/\/www.oracaoefe.com\/?p=3224"},"modified":"2024-10-18T00:42:20","modified_gmt":"2024-10-18T03:42:20","slug":"o-que-rezar-quando-esta-com-ansiedade","status":"publish","type":"post","link":"https:\/\/www.oracaoefe.com\/fr\/o-que-rezar-quando-esta-com-ansiedade\/","title":{"rendered":"O que rezar quando est\u00e1 com ansiedade?"},"content":{"rendered":"<p class=\"wp-block-paragraph\">A ansiedade \u00e9 uma experi\u00eancia comum, mas desafiadora. Muitas pessoas sentem essa emo\u00e7\u00e3o em momentos de estresse, preocupa\u00e7\u00e3o ou incerteza. Para muitos, a ora\u00e7\u00e3o se torna um ref\u00fagio. \u00c9 um meio de expressar medos e buscar conforto em algo maior. Veja as ora\u00e7\u00f5es que podem ajudar a acalmar a mente e o cora\u00e7\u00e3o, al\u00e9m de discutir a import\u00e2ncia da espiritualidade no enfrentamento da ansiedade.<\/p>\n\n\n\n<h2 class=\"wp-block-heading\">A rela\u00e7\u00e3o entre ora\u00e7\u00e3o e ansiedade<\/h2>\n\n\n\n<p class=\"wp-block-paragraph\">Rezar \u00e9 uma pr\u00e1tica que remonta a s\u00e9culos e est\u00e1 presente em diversas culturas e religi\u00f5es. Para muitos, a ora\u00e7\u00e3o \u00e9 uma forma de di\u00e1logo com Deus ou com o universo. Esse ato pode trazer diversos benef\u00edcios emocionais e espirituais, especialmente em momentos de ansiedade.<\/p>\n\n\n\n<figure class=\"wp-block-image size-full is-resized\"><img loading=\"lazy\" decoding=\"async\" width=\"740\" height=\"493\" src=\"https:\/\/www.oracaoefe.com\/wp-content\/uploads\/2024\/10\/image-3.png\" alt=\"\" class=\"wp-image-3241\" style=\"width:840px;height:auto\" srcset=\"https:\/\/www.oracaoefe.com\/wp-content\/uploads\/2024\/10\/image-3.png 740w, https:\/\/www.oracaoefe.com\/wp-content\/uploads\/2024\/10\/image-3-300x200.png 300w, https:\/\/www.oracaoefe.com\/wp-content\/uploads\/2024\/10\/image-3-18x12.png 18w\" sizes=\"auto, (max-width: 740px) 100vw, 740px\" \/><\/figure>\n\n\n\n<p class=\"wp-block-paragraph\">1# <strong>Promove a paz interior<\/strong><\/p>\n\n\n\n<p class=\"wp-block-paragraph\">Quando estamos ansiosos, a mente pode se tornar um turbilh\u00e3o de pensamentos negativos. A ora\u00e7\u00e3o oferece um espa\u00e7o para acalmar esses pensamentos. Ao recitar uma ora\u00e7\u00e3o, muitos sentem uma diminui\u00e7\u00e3o na intensidade da ansiedade. \u00c9 como se, ao direcionar as preocupa\u00e7\u00f5es para algo al\u00e9m de n\u00f3s, pud\u00e9ssemos aliviar o peso que carregamos.<\/p>\n\n\n\n<p class=\"wp-block-paragraph\">2# <strong>Facilita a reflex\u00e3o<\/strong><\/p>\n\n\n\n<p class=\"wp-block-paragraph\">A ora\u00e7\u00e3o permite uma reflex\u00e3o profunda sobre nossos sentimentos. Ao verbalizar o que nos aflige, conseguimos entender melhor nossas emo\u00e7\u00f5es. Muitas vezes, ao expressar nossos medos em forma de ora\u00e7\u00e3o, encontramos clareza e perspectiva sobre a situa\u00e7\u00e3o que nos causa ang\u00fastia.<\/p>\n\n\n\n<p class=\"wp-block-paragraph\">3# <strong>Fortalece a f\u00e9 e a esperan\u00e7a<\/strong><\/p>\n\n\n\n<p class=\"wp-block-paragraph\">Rezar tamb\u00e9m refor\u00e7a a f\u00e9. Saber que existe uma for\u00e7a maior nos d\u00e1 esperan\u00e7a. Essa cren\u00e7a pode ser especialmente reconfortante em momentos de incerteza. A f\u00e9 se torna uma \u00e2ncora, ajudando-nos a lidar com as dificuldades da vida.<\/p>\n\n\n\n<h2 class=\"wp-block-heading\">Ora\u00e7\u00f5es recomendadas para momentos de ansiedade<\/h2>\n\n\n\n<p class=\"wp-block-paragraph\">Existem diversas ora\u00e7\u00f5es que podem ser eficazes para lidar com a ansiedade. Aqui est\u00e3o algumas que podem trazer conforto:<\/p>\n\n\n\n<h3 class=\"wp-block-heading\">1# Ora\u00e7\u00e3o da serenidade<\/h3>\n\n\n\n<p class=\"wp-block-paragraph\">A Ora\u00e7\u00e3o da Serenidade \u00e9 uma das mais conhecidas e frequentemente recitada por aqueles que buscam paz e aceita\u00e7\u00e3o. \u00c9 uma s\u00faplica por sabedoria e coragem.<\/p>\n\n\n\n<p class=\"wp-block-paragraph\">\"<strong>Deus, concedei-me a serenidade para aceitar as coisas que n\u00e3o posso mudar, coragem para mudar as que posso e sabedoria para saber a diferen\u00e7a.<\/strong>\"<\/p>\n\n\n\n<h3 class=\"wp-block-heading\">2# Ora\u00e7\u00e3o a Nossa Senhora<\/h3>\n\n\n\n<p class=\"wp-block-paragraph\">Muitos encontram consolo na intercess\u00e3o de Nossa Senhora. Esta ora\u00e7\u00e3o \u00e9 um pedido de prote\u00e7\u00e3o e paz em momentos dif\u00edceis.<\/p>\n\n\n\n<p class=\"wp-block-paragraph\">\"<strong>\u00d3 Maria, m\u00e3e de Jesus, pe\u00e7o-te que olhe por mim neste momento de ang\u00fastia. Que tu possas trazer paz ao meu cora\u00e7\u00e3o e tranquilidade \u00e0 minha mente.<\/strong>\"<\/p>\n\n\n\n<h3 class=\"wp-block-heading\">3# Ora\u00e7\u00e3o do Salmo 23<\/h3>\n\n\n\n<p class=\"wp-block-paragraph\">O Salmo 23 \u00e9 reconfortante e muito utilizado em momentos de afli\u00e7\u00e3o. Ele traz a lembran\u00e7a da prote\u00e7\u00e3o divina.<\/p>\n\n\n\n<p class=\"wp-block-paragraph\">\"<strong>O Senhor \u00e9 meu pastor; nada me faltar\u00e1. Em verdes pastagens me faz repousar, e me conduz a \u00e1guas tranquilas.<\/strong>\"<\/p>\n\n\n\n<h3 class=\"wp-block-heading\">4# Ora\u00e7\u00e3o do Pai Nosso<\/h3>\n\n\n\n<p class=\"wp-block-paragraph\">O Pai Nosso \u00e9 uma ora\u00e7\u00e3o fundamental para muitos crist\u00e3os e pode ser uma fonte de conforto e for\u00e7a.<\/p>\n\n\n\n<p class=\"wp-block-paragraph\">\"<strong>Pai nosso que estais nos c\u00e9us, santificado seja o Vosso Nome; venha a n\u00f3s o Vosso Reino; seja feita a Vossa vontade, assim na terra como no c\u00e9u.<\/strong>\"<\/p>\n\n\n\n<h2 class=\"wp-block-heading\">Outras pr\u00e1ticas para aliviar a ansiedade<\/h2>\n\n\n\n<p class=\"wp-block-paragraph\">Al\u00e9m da ora\u00e7\u00e3o, outras pr\u00e1ticas podem ajudar a gerenciar a ansiedade e promover bem-estar.<\/p>\n\n\n\n<h3 class=\"wp-block-heading\">1# Medita\u00e7\u00e3o<\/h3>\n\n\n\n<p class=\"wp-block-paragraph\">A medita\u00e7\u00e3o \u00e9 uma pr\u00e1tica poderosa para acalmar a mente. Reserve alguns minutos do seu dia para meditar. Concentre-se na respira\u00e7\u00e3o, permitindo que os pensamentos flutuem sem se apegar a eles. Essa pr\u00e1tica pode ajudar a reduzir a ansiedade e trazer clareza mental.<\/p>\n\n\n\n<h3 class=\"wp-block-heading\">2# Exerc\u00edcios f\u00edsicos<\/h3>\n\n\n\n<p class=\"wp-block-paragraph\">A atividade f\u00edsica \u00e9 uma maneira eficaz de liberar tens\u00f5es acumuladas. O exerc\u00edcio estimula a produ\u00e7\u00e3o de endorfinas, subst\u00e2ncias que promovem a sensa\u00e7\u00e3o de bem-estar. Uma caminhada, corrida ou at\u00e9 mesmo uma aula de dan\u00e7a pode fazer maravilhas pela sa\u00fade mental.<\/p>\n\n\n\n<h3 class=\"wp-block-heading\">3# Contato com a natureza<\/h3>\n\n\n\n<p class=\"wp-block-paragraph\">Passar tempo ao ar livre e em contato com a natureza pode trazer um al\u00edvio significativo para a ansiedade. A beleza natural e a tranquilidade do ambiente contribuem para a paz de esp\u00edrito. Experimente passar um tempo em um parque, fazer uma trilha ou simplesmente sentar-se em um jardim.<\/p>\n\n\n\n<h3 class=\"wp-block-heading\">4# Manuten\u00e7\u00e3o de um di\u00e1rio<\/h3>\n\n\n\n<p class=\"wp-block-paragraph\">Escrever sobre suas emo\u00e7\u00f5es pode ser uma forma terap\u00eautica de lidar com a ansiedade. Um di\u00e1rio \u00e9 um espa\u00e7o seguro onde voc\u00ea pode expressar seus sentimentos, registrar preocupa\u00e7\u00f5es e at\u00e9 mesmo anotar suas ora\u00e7\u00f5es. Essa pr\u00e1tica pode ajudar a organizar os pensamentos e a encontrar solu\u00e7\u00f5es para problemas que parecem insuper\u00e1veis.<\/p>\n\n\n\n<h2 class=\"wp-block-heading\">O valor do apoio comunit\u00e1rio<\/h2>\n\n\n\n<p class=\"wp-block-paragraph\">Buscar apoio em amigos e familiares \u00e9 essencial. Compartilhar sentimentos com pessoas de confian\u00e7a pode proporcionar conforto e compreens\u00e3o. O di\u00e1logo aberto sobre a ansiedade pode ajudar a desmistific\u00e1-la, fazendo com que voc\u00ea se sinta menos sozinho em sua luta. Al\u00e9m disso, participar de grupos de ora\u00e7\u00e3o ou comunidades religiosas pode fortalecer o senso de pertencimento.<\/p>\n\n\n\n<p class=\"wp-block-paragraph\">A espiritualidade desempenha um papel importante no enfrentamento da ansiedade. Cultivar uma conex\u00e3o com o divino pode trazer conforto e esperan\u00e7a. A espiritualidade pode ser expressa de diferentes maneiras, incluindo rituais, medita\u00e7\u00f5es e leituras de textos sagrados. Essa rela\u00e7\u00e3o proporciona um espa\u00e7o para a reflex\u00e3o e o crescimento pessoal.<\/p>\n\n\n\n<h2 class=\"wp-block-heading\">O papel da terapia<\/h2>\n\n\n\n<p class=\"wp-block-paragraph\">Embora a ora\u00e7\u00e3o e a espiritualidade sejam fundamentais, tamb\u00e9m \u00e9 importante reconhecer a import\u00e2ncia da terapia. Um profissional qualificado pode ajudar a explorar as causas da ansiedade e desenvolver estrat\u00e9gias eficazes para lidar com ela. A terapia cognitivo-comportamental, por exemplo, \u00e9 uma abordagem que tem se mostrado eficaz no tratamento da ansiedade.<\/p>\n\n\n\n<h2 class=\"wp-block-heading\">Encontre o que funciona para voc\u00ea<\/h2>\n\n\n\n<p class=\"wp-block-paragraph\">Cada pessoa tem suas pr\u00f3prias formas de lidar com a ansiedade. O que funciona para uma pessoa pode n\u00e3o ser eficaz para outra. Por isso, \u00e9 essencial experimentar diferentes ora\u00e7\u00f5es e pr\u00e1ticas at\u00e9 encontrar o que funciona melhor para voc\u00ea. Isso pode incluir uma combina\u00e7\u00e3o de ora\u00e7\u00e3o, medita\u00e7\u00e3o, exerc\u00edcios e apoio de profissionais e amigos.<\/p>\n\n\n\n<p class=\"wp-block-paragraph\">Em momentos de ansiedade, a ora\u00e7\u00e3o pode ser uma luz na escurid\u00e3o. Use-a para encontrar paz e clareza em sua vida. Que cada ora\u00e7\u00e3o ajude a trazer um pouco mais de serenidade para o seu dia a dia. Nunca subestime o poder de um cora\u00e7\u00e3o que busca a calma.<\/p>\n\n\n\n<p class=\"wp-block-paragraph\"><strong>Quais ora\u00e7\u00f5es ou pr\u00e1ticas voc\u00ea j\u00e1 utiliza para lidar com a ansiedade?<\/strong> Reflita sobre isso e busque a pr\u00e1tica que mais fala ao seu cora\u00e7\u00e3o. O importante \u00e9 lembrar que voc\u00ea n\u00e3o est\u00e1 sozinho nessa jornada e que h\u00e1 recursos dispon\u00edveis para ajudar a enfrentar os desafios da ansiedade.<\/p>\n\n\n\n<p class=\"wp-block-paragraph\"><strong>Voir aussi\u00a0: <a href=\"https:\/\/www.oracaoefe.com\/fr\/o-que-a-biblia-diz-sobre-o-eclipse-solar-veja-a-curiosidade\/\">O que a B\u00edblia diz sobre o eclipse solar; veja a curiosidade<\/a><\/strong><\/p>\n\n\n\n<p class=\"wp-block-paragraph\">27 de outubro de 2024<\/p>","protected":false},"excerpt":{"rendered":"<p>A ansiedade \u00e9 uma experi\u00eancia comum, mas desafiadora. Muitas pessoas sentem essa emo\u00e7\u00e3o em momentos de estresse, preocupa\u00e7\u00e3o ou incerteza. Para muitos, a ora\u00e7\u00e3o se torna um ref\u00fagio. \u00c9 um meio de expressar medos e buscar conforto em algo maior. Veja as ora\u00e7\u00f5es que podem ajudar a acalmar a mente e o cora\u00e7\u00e3o, al\u00e9m de&hellip;&nbsp;<\/p>","protected":false},"author":3,"featured_media":3241,"comment_status":"closed","ping_status":"closed","sticky":false,"template":"","format":"standard","meta":{"neve_meta_sidebar":"","neve_meta_container":"","neve_meta_enable_content_width":"","neve_meta_content_width":0,"neve_meta_title_alignment":"","neve_meta_author_avatar":"","neve_post_elements_order":"","neve_meta_disable_header":"","neve_meta_disable_footer":"","neve_meta_disable_title":"","footnotes":""},"categories":[2],"tags":[],"class_list":["post-3224","post","type-post","status-publish","format-standard","has-post-thumbnail","hentry","category-oracao"],"yoast_head":"<!-- This site is optimized with the Yoast SEO plugin v28.4 - https:\/\/yoast.com\/product\/yoast-seo-wordpress\/ -->\n<title>O que rezar quando est\u00e1 com ansiedade? - Ora\u00e7\u00e3o e F\u00e9<\/title>\n<meta name=\"description\" content=\"Deus tem pra voc\u00ea uma palavra de vida!\" \/>\n<meta name=\"robots\" content=\"index, follow, max-snippet:-1, max-image-preview:large, max-video-preview:-1\" \/>\n<link rel=\"canonical\" href=\"https:\/\/www.oracaoefe.com\/fr\/o-que-rezar-quando-esta-com-ansiedade\/\" \/>\n<meta property=\"og:locale\" content=\"fr_FR\" \/>\n<meta property=\"og:type\" content=\"article\" \/>\n<meta property=\"og:title\" content=\"O que rezar quando est\u00e1 com ansiedade? - Ora\u00e7\u00e3o e F\u00e9\" \/>\n<meta property=\"og:description\" content=\"Deus tem pra voc\u00ea uma palavra de vida!\" \/>\n<meta property=\"og:url\" content=\"https:\/\/www.oracaoefe.com\/fr\/o-que-rezar-quando-esta-com-ansiedade\/\" \/>\n<meta property=\"og:site_name\" content=\"Ora\u00e7\u00e3o e F\u00e9\" \/>\n<meta property=\"article:published_time\" content=\"2024-10-27T09:00:00+00:00\" \/>\n<meta property=\"og:image\" content=\"https:\/\/www.oracaoefe.com\/wp-content\/uploads\/2024\/10\/image-3.png\" \/>\n\t<meta property=\"og:image:width\" content=\"740\" \/>\n\t<meta property=\"og:image:height\" content=\"493\" \/>\n\t<meta property=\"og:image:type\" content=\"image\/png\" \/>\n<meta name=\"author\" content=\"Michele Azevedo\" \/>\n<meta name=\"twitter:card\" content=\"summary_large_image\" \/>\n<meta name=\"twitter:label1\" content=\"\u00c9crit par\" \/>\n\t<meta name=\"twitter:data1\" content=\"Michele Azevedo\" \/>\n\t<meta name=\"twitter:label2\" content=\"Dur\u00e9e de lecture estim\u00e9e\" \/>\n\t<meta name=\"twitter:data2\" content=\"6 minutes\" \/>\n<script type=\"application\/ld+json\" class=\"yoast-schema-graph\">{\"@context\":\"https:\\\/\\\/schema.org\",\"@graph\":[{\"@type\":\"Article\",\"@id\":\"https:\\\/\\\/www.oracaoefe.com\\\/o-que-rezar-quando-esta-com-ansiedade\\\/#article\",\"isPartOf\":{\"@id\":\"https:\\\/\\\/www.oracaoefe.com\\\/o-que-rezar-quando-esta-com-ansiedade\\\/\"},\"author\":{\"name\":\"Michele Azevedo\",\"@id\":\"https:\\\/\\\/www.oracaoefe.com\\\/#\\\/schema\\\/person\\\/17283c669442cf005c4d5bb58adfb7f5\"},\"headline\":\"O que rezar quando est\u00e1 com ansiedade?\",\"datePublished\":\"2024-10-27T09:00:00+00:00\",\"mainEntityOfPage\":{\"@id\":\"https:\\\/\\\/www.oracaoefe.com\\\/o-que-rezar-quando-esta-com-ansiedade\\\/\"},\"wordCount\":1160,\"image\":{\"@id\":\"https:\\\/\\\/www.oracaoefe.com\\\/o-que-rezar-quando-esta-com-ansiedade\\\/#primaryimage\"},\"thumbnailUrl\":\"https:\\\/\\\/www.oracaoefe.com\\\/wp-content\\\/uploads\\\/2024\\\/10\\\/image-3.png\",\"articleSection\":[\"Ora\u00e7\u00e3o\"],\"inLanguage\":\"fr-FR\"},{\"@type\":\"WebPage\",\"@id\":\"https:\\\/\\\/www.oracaoefe.com\\\/o-que-rezar-quando-esta-com-ansiedade\\\/\",\"url\":\"https:\\\/\\\/www.oracaoefe.com\\\/o-que-rezar-quando-esta-com-ansiedade\\\/\",\"name\":\"O que rezar quando est\u00e1 com ansiedade? - Ora\u00e7\u00e3o e F\u00e9\",\"isPartOf\":{\"@id\":\"https:\\\/\\\/www.oracaoefe.com\\\/#website\"},\"primaryImageOfPage\":{\"@id\":\"https:\\\/\\\/www.oracaoefe.com\\\/o-que-rezar-quando-esta-com-ansiedade\\\/#primaryimage\"},\"image\":{\"@id\":\"https:\\\/\\\/www.oracaoefe.com\\\/o-que-rezar-quando-esta-com-ansiedade\\\/#primaryimage\"},\"thumbnailUrl\":\"https:\\\/\\\/www.oracaoefe.com\\\/wp-content\\\/uploads\\\/2024\\\/10\\\/image-3.png\",\"datePublished\":\"2024-10-27T09:00:00+00:00\",\"author\":{\"@id\":\"https:\\\/\\\/www.oracaoefe.com\\\/#\\\/schema\\\/person\\\/17283c669442cf005c4d5bb58adfb7f5\"},\"description\":\"Deus tem pra voc\u00ea uma palavra de vida!\",\"breadcrumb\":{\"@id\":\"https:\\\/\\\/www.oracaoefe.com\\\/o-que-rezar-quando-esta-com-ansiedade\\\/#breadcrumb\"},\"inLanguage\":\"fr-FR\",\"potentialAction\":[{\"@type\":\"ReadAction\",\"target\":[\"https:\\\/\\\/www.oracaoefe.com\\\/o-que-rezar-quando-esta-com-ansiedade\\\/\"]}]},{\"@type\":\"ImageObject\",\"inLanguage\":\"fr-FR\",\"@id\":\"https:\\\/\\\/www.oracaoefe.com\\\/o-que-rezar-quando-esta-com-ansiedade\\\/#primaryimage\",\"url\":\"https:\\\/\\\/www.oracaoefe.com\\\/wp-content\\\/uploads\\\/2024\\\/10\\\/image-3.png\",\"contentUrl\":\"https:\\\/\\\/www.oracaoefe.com\\\/wp-content\\\/uploads\\\/2024\\\/10\\\/image-3.png\",\"width\":740,\"height\":493},{\"@type\":\"BreadcrumbList\",\"@id\":\"https:\\\/\\\/www.oracaoefe.com\\\/o-que-rezar-quando-esta-com-ansiedade\\\/#breadcrumb\",\"itemListElement\":[{\"@type\":\"ListItem\",\"position\":1,\"name\":\"Home\",\"item\":\"https:\\\/\\\/www.oracaoefe.com\\\/\"},{\"@type\":\"ListItem\",\"position\":2,\"name\":\"Ora\u00e7\u00e3o\",\"item\":\"https:\\\/\\\/www.oracaoefe.com\\\/category\\\/oracao\\\/\"},{\"@type\":\"ListItem\",\"position\":3,\"name\":\"O que rezar quando est\u00e1 com ansiedade?\"}]},{\"@type\":\"WebSite\",\"@id\":\"https:\\\/\\\/www.oracaoefe.com\\\/#website\",\"url\":\"https:\\\/\\\/www.oracaoefe.com\\\/\",\"name\":\"Ora\u00e7\u00e3o e F\u00e9\",\"description\":\"\",\"potentialAction\":[{\"@type\":\"SearchAction\",\"target\":{\"@type\":\"EntryPoint\",\"urlTemplate\":\"https:\\\/\\\/www.oracaoefe.com\\\/?s={search_term_string}\"},\"query-input\":{\"@type\":\"PropertyValueSpecification\",\"valueRequired\":true,\"valueName\":\"search_term_string\"}}],\"inLanguage\":\"fr-FR\"},{\"@type\":\"Person\",\"@id\":\"https:\\\/\\\/www.oracaoefe.com\\\/#\\\/schema\\\/person\\\/17283c669442cf005c4d5bb58adfb7f5\",\"name\":\"Michele Azevedo\",\"image\":{\"@type\":\"ImageObject\",\"inLanguage\":\"fr-FR\",\"@id\":\"https:\\\/\\\/secure.gravatar.com\\\/avatar\\\/6b0eb9d22841282815e2cd856a0061c45e1761cd54b22e952d98c4746939aa85?s=96&d=mm&r=g\",\"url\":\"https:\\\/\\\/secure.gravatar.com\\\/avatar\\\/6b0eb9d22841282815e2cd856a0061c45e1761cd54b22e952d98c4746939aa85?s=96&d=mm&r=g\",\"contentUrl\":\"https:\\\/\\\/secure.gravatar.com\\\/avatar\\\/6b0eb9d22841282815e2cd856a0061c45e1761cd54b22e952d98c4746939aa85?s=96&d=mm&r=g\",\"caption\":\"Michele Azevedo\"},\"description\":\"Formada em Letras - Portugu\u00eas\\\/ Ingl\u00eas pela Universidade Estadual de Ponta Grossa (UEPG), p\u00f3s-graduada em Arte na Educa\u00e7\u00e3o (FAPI) e Psicopedagogia Escolar (FAPI), idealizadora e propriet\u00e1ria do site Escritora de Sucesso, possui experi\u00eancia em escrita para blogs em geral e atua como redatora e revisora dos conte\u00fados do Ora\u00e7\u00e3o e F\u00e9.\",\"url\":\"https:\\\/\\\/www.oracaoefe.com\\\/fr\\\/author\\\/michele-azevedo\\\/\"}]}<\/script>\n<!-- \/ Yoast SEO plugin. -->","yoast_head_json":{"title":"O que rezar quando est\u00e1 com ansiedade? - Ora\u00e7\u00e3o e F\u00e9","description":"Dieu a une parole de vie pour vous !","robots":{"index":"index","follow":"follow","max-snippet":"max-snippet:-1","max-image-preview":"max-image-preview:large","max-video-preview":"max-video-preview:-1"},"canonical":"https:\/\/www.oracaoefe.com\/fr\/o-que-rezar-quando-esta-com-ansiedade\/","og_locale":"fr_FR","og_type":"article","og_title":"O que rezar quando est\u00e1 com ansiedade? - Ora\u00e7\u00e3o e F\u00e9","og_description":"Deus tem pra voc\u00ea uma palavra de vida!","og_url":"https:\/\/www.oracaoefe.com\/fr\/o-que-rezar-quando-esta-com-ansiedade\/","og_site_name":"Ora\u00e7\u00e3o e F\u00e9","article_published_time":"2024-10-27T09:00:00+00:00","og_image":[{"width":740,"height":493,"url":"https:\/\/www.oracaoefe.com\/wp-content\/uploads\/2024\/10\/image-3.png","type":"image\/png"}],"author":"Michele Azevedo","twitter_card":"summary_large_image","twitter_misc":{"\u00c9crit par":"Michele Azevedo","Dur\u00e9e de lecture estim\u00e9e":"6 minutes"},"schema":{"@context":"https:\/\/schema.org","@graph":[{"@type":"Article","@id":"https:\/\/www.oracaoefe.com\/o-que-rezar-quando-esta-com-ansiedade\/#article","isPartOf":{"@id":"https:\/\/www.oracaoefe.com\/o-que-rezar-quando-esta-com-ansiedade\/"},"author":{"name":"Michele Azevedo","@id":"https:\/\/www.oracaoefe.com\/#\/schema\/person\/17283c669442cf005c4d5bb58adfb7f5"},"headline":"O que rezar quando est\u00e1 com ansiedade?","datePublished":"2024-10-27T09:00:00+00:00","mainEntityOfPage":{"@id":"https:\/\/www.oracaoefe.com\/o-que-rezar-quando-esta-com-ansiedade\/"},"wordCount":1160,"image":{"@id":"https:\/\/www.oracaoefe.com\/o-que-rezar-quando-esta-com-ansiedade\/#primaryimage"},"thumbnailUrl":"https:\/\/www.oracaoefe.com\/wp-content\/uploads\/2024\/10\/image-3.png","articleSection":["Ora\u00e7\u00e3o"],"inLanguage":"fr-FR"},{"@type":"WebPage","@id":"https:\/\/www.oracaoefe.com\/o-que-rezar-quando-esta-com-ansiedade\/","url":"https:\/\/www.oracaoefe.com\/o-que-rezar-quando-esta-com-ansiedade\/","name":"O que rezar quando est\u00e1 com ansiedade? - Ora\u00e7\u00e3o e F\u00e9","isPartOf":{"@id":"https:\/\/www.oracaoefe.com\/#website"},"primaryImageOfPage":{"@id":"https:\/\/www.oracaoefe.com\/o-que-rezar-quando-esta-com-ansiedade\/#primaryimage"},"image":{"@id":"https:\/\/www.oracaoefe.com\/o-que-rezar-quando-esta-com-ansiedade\/#primaryimage"},"thumbnailUrl":"https:\/\/www.oracaoefe.com\/wp-content\/uploads\/2024\/10\/image-3.png","datePublished":"2024-10-27T09:00:00+00:00","author":{"@id":"https:\/\/www.oracaoefe.com\/#\/schema\/person\/17283c669442cf005c4d5bb58adfb7f5"},"description":"Dieu a une parole de vie pour vous !","breadcrumb":{"@id":"https:\/\/www.oracaoefe.com\/o-que-rezar-quando-esta-com-ansiedade\/#breadcrumb"},"inLanguage":"fr-FR","potentialAction":[{"@type":"ReadAction","target":["https:\/\/www.oracaoefe.com\/o-que-rezar-quando-esta-com-ansiedade\/"]}]},{"@type":"ImageObject","inLanguage":"fr-FR","@id":"https:\/\/www.oracaoefe.com\/o-que-rezar-quando-esta-com-ansiedade\/#primaryimage","url":"https:\/\/www.oracaoefe.com\/wp-content\/uploads\/2024\/10\/image-3.png","contentUrl":"https:\/\/www.oracaoefe.com\/wp-content\/uploads\/2024\/10\/image-3.png","width":740,"height":493},{"@type":"BreadcrumbList","@id":"https:\/\/www.oracaoefe.com\/o-que-rezar-quando-esta-com-ansiedade\/#breadcrumb","itemListElement":[{"@type":"ListItem","position":1,"name":"Home","item":"https:\/\/www.oracaoefe.com\/"},{"@type":"ListItem","position":2,"name":"Ora\u00e7\u00e3o","item":"https:\/\/www.oracaoefe.com\/category\/oracao\/"},{"@type":"ListItem","position":3,"name":"O que rezar quando est\u00e1 com ansiedade?"}]},{"@type":"WebSite","@id":"https:\/\/www.oracaoefe.com\/#website","url":"https:\/\/www.oracaoefe.com\/","name":"Pri\u00e8re et foi","description":"","potentialAction":[{"@type":"SearchAction","target":{"@type":"EntryPoint","urlTemplate":"https:\/\/www.oracaoefe.com\/?s={search_term_string}"},"query-input":{"@type":"PropertyValueSpecification","valueRequired":true,"valueName":"search_term_string"}}],"inLanguage":"fr-FR"},{"@type":"Person","@id":"https:\/\/www.oracaoefe.com\/#\/schema\/person\/17283c669442cf005c4d5bb58adfb7f5","name":"Michele Azevedo","image":{"@type":"ImageObject","inLanguage":"fr-FR","@id":"https:\/\/secure.gravatar.com\/avatar\/6b0eb9d22841282815e2cd856a0061c45e1761cd54b22e952d98c4746939aa85?s=96&d=mm&r=g","url":"https:\/\/secure.gravatar.com\/avatar\/6b0eb9d22841282815e2cd856a0061c45e1761cd54b22e952d98c4746939aa85?s=96&d=mm&r=g","contentUrl":"https:\/\/secure.gravatar.com\/avatar\/6b0eb9d22841282815e2cd856a0061c45e1761cd54b22e952d98c4746939aa85?s=96&d=mm&r=g","caption":"Michele Azevedo"},"description":"Dipl\u00f4m\u00e9e en litt\u00e9rature portugaise\/anglaise de l&#039;Universit\u00e9 d&#039;\u00c9tat de Ponta Grossa (UEPG), avec des dipl\u00f4mes de troisi\u00e8me cycle en art dans l&#039;\u00e9ducation (FAPI) et en psychop\u00e9dagogie scolaire (FAPI), elle est la cr\u00e9atrice et propri\u00e9taire du site web Escritora de Sucesso, a de l&#039;exp\u00e9rience dans l&#039;\u00e9criture pour les blogs en g\u00e9n\u00e9ral et travaille comme r\u00e9dactrice et \u00e9ditrice du contenu pour Ora\u00e7\u00e3o e F\u00e9.","url":"https:\/\/www.oracaoefe.com\/fr\/author\/michele-azevedo\/"}]}},"_links":{"self":[{"href":"https:\/\/www.oracaoefe.com\/fr\/wp-json\/wp\/v2\/posts\/3224","targetHints":{"allow":["GET"]}}],"collection":[{"href":"https:\/\/www.oracaoefe.com\/fr\/wp-json\/wp\/v2\/posts"}],"about":[{"href":"https:\/\/www.oracaoefe.com\/fr\/wp-json\/wp\/v2\/types\/post"}],"author":[{"embeddable":true,"href":"https:\/\/www.oracaoefe.com\/fr\/wp-json\/wp\/v2\/users\/3"}],"replies":[{"embeddable":true,"href":"https:\/\/www.oracaoefe.com\/fr\/wp-json\/wp\/v2\/comments?post=3224"}],"version-history":[{"count":2,"href":"https:\/\/www.oracaoefe.com\/fr\/wp-json\/wp\/v2\/posts\/3224\/revisions"}],"predecessor-version":[{"id":3251,"href":"https:\/\/www.oracaoefe.com\/fr\/wp-json\/wp\/v2\/posts\/3224\/revisions\/3251"}],"wp:featuredmedia":[{"embeddable":true,"href":"https:\/\/www.oracaoefe.com\/fr\/wp-json\/wp\/v2\/media\/3241"}],"wp:attachment":[{"href":"https:\/\/www.oracaoefe.com\/fr\/wp-json\/wp\/v2\/media?parent=3224"}],"wp:term":[{"taxonomy":"category","embeddable":true,"href":"https:\/\/www.oracaoefe.com\/fr\/wp-json\/wp\/v2\/categories?post=3224"},{"taxonomy":"post_tag","embeddable":true,"href":"https:\/\/www.oracaoefe.com\/fr\/wp-json\/wp\/v2\/tags?post=3224"}],"curies":[{"name":"wp","href":"https:\/\/api.w.org\/{rel}","templated":true}]}}