{"id":3222,"date":"2024-10-24T06:00:00","date_gmt":"2024-10-24T09:00:00","guid":{"rendered":"https:\/\/www.oracaoefe.com\/?p=3222"},"modified":"2024-10-18T00:42:08","modified_gmt":"2024-10-18T03:42:08","slug":"dia-de-cosme-e-damiao-conheca-a-origem-dessa-data","status":"publish","type":"post","link":"https:\/\/www.oracaoefe.com\/fr\/dia-de-cosme-e-damiao-conheca-a-origem-dessa-data\/","title":{"rendered":"Dia de Cosme e Dami\u00e3o: conhe\u00e7a a origem dessa data"},"content":{"rendered":"<p class=\"wp-block-paragraph\">O Dia de Cosme e Dami\u00e3o, celebrado em 26 de setembro, \u00e9 uma data marcada por devo\u00e7\u00e3o e tradi\u00e7\u00f5es em v\u00e1rias culturas, especialmente no Brasil. Este dia homenageia dois irm\u00e3os que, segundo a tradi\u00e7\u00e3o crist\u00e3, se tornaram m\u00e1rtires por sua f\u00e9. Conhecer a origem dessa data \u00e9 essencial para compreender suas celebra\u00e7\u00f5es e significados ao longo da hist\u00f3ria. Veja mais sobre a fascinante trajet\u00f3ria dos santos Cosme e Dami\u00e3o e como essa data se tornou t\u00e3o especial.<\/p>\n\n\n\n<figure class=\"wp-block-image size-large is-resized\"><img loading=\"lazy\" decoding=\"async\" width=\"1024\" height=\"576\" src=\"https:\/\/www.oracaoefe.com\/wp-content\/uploads\/2024\/10\/image-2-1024x576.png\" alt=\"\" class=\"wp-image-3240\" style=\"width:840px;height:auto\" srcset=\"https:\/\/www.oracaoefe.com\/wp-content\/uploads\/2024\/10\/image-2-1024x576.png 1024w, https:\/\/www.oracaoefe.com\/wp-content\/uploads\/2024\/10\/image-2-300x169.png 300w, https:\/\/www.oracaoefe.com\/wp-content\/uploads\/2024\/10\/image-2-768x432.png 768w, https:\/\/www.oracaoefe.com\/wp-content\/uploads\/2024\/10\/image-2-18x10.png 18w, https:\/\/www.oracaoefe.com\/wp-content\/uploads\/2024\/10\/image-2-383x215.png 383w, https:\/\/www.oracaoefe.com\/wp-content\/uploads\/2024\/10\/image-2.png 1280w\" sizes=\"auto, (max-width: 1024px) 100vw, 1024px\" \/><\/figure>\n\n\n\n<h2 class=\"wp-block-heading\">A hist\u00f3ria de Cosme e Dami\u00e3o<\/h2>\n\n\n\n<p class=\"wp-block-paragraph\">Cosme e Dami\u00e3o foram irm\u00e3os g\u00eameos, conhecidos por suas habilidades m\u00e9dicas e por atenderem gratuitamente aos necessitados. Nascidos na Cil\u00edcia, atual Turquia, durante o s\u00e9culo III, eles se destacaram n\u00e3o apenas pela pr\u00e1tica da medicina, mas tamb\u00e9m pela prega\u00e7\u00e3o do cristianismo. Acredita-se que, durante o reinado do imperador romano Diocleciano, eles foram perseguidos por sua f\u00e9 e por curarem doentes sem cobrar pelos servi\u00e7os.<\/p>\n\n\n\n<h3 class=\"wp-block-heading\">1# <strong>M\u00e1rtires da f\u00e9<\/strong><\/h3>\n\n\n\n<p class=\"wp-block-paragraph\">A devo\u00e7\u00e3o a Cosme e Dami\u00e3o come\u00e7ou a se espalhar no s\u00e9culo IV, quando foram canonizados como santos pela Igreja Cat\u00f3lica. A hist\u00f3ria dos irm\u00e3os g\u00eameos se tornou s\u00edmbolo de compaix\u00e3o e generosidade, inspirando muitos fi\u00e9is. Sua capacidade de curar, associada ao amor ao pr\u00f3ximo, os tornou figuras veneradas em v\u00e1rias partes do mundo, especialmente entre os crist\u00e3os.<\/p>\n\n\n\n<h2 class=\"wp-block-heading\">As tradi\u00e7\u00f5es do Dia de Cosme e Dami\u00e3o<\/h2>\n\n\n\n<p class=\"wp-block-paragraph\">No Brasil, o Dia de Cosme e Dami\u00e3o \u00e9 celebrado com diversas tradi\u00e7\u00f5es, muitas das quais s\u00e3o influenciadas pelas culturas africanas e ind\u00edgenas. Em algumas regi\u00f5es, as celebra\u00e7\u00f5es incluem a distribui\u00e7\u00e3o de doces, especialmente para crian\u00e7as, simbolizando a generosidade dos santos.<\/p>\n\n\n\n<h3 class=\"wp-block-heading\">1# O que fazer nesse dia?<\/h3>\n\n\n\n<p class=\"wp-block-paragraph\"><strong>Celebra\u00e7\u00f5es religiosas<\/strong><\/p>\n\n\n\n<p class=\"wp-block-paragraph\">Muitas comunidades realizam missas e prociss\u00f5es em honra aos santos. Esses eventos n\u00e3o apenas fortalecem a f\u00e9, mas tamb\u00e9m promovem a uni\u00e3o entre os participantes, refor\u00e7ando la\u00e7os de amizade e solidariedade.<\/p>\n\n\n\n<p class=\"wp-block-paragraph\"><strong>Distribui\u00e7\u00e3o de doces<\/strong><\/p>\n\n\n\n<p class=\"wp-block-paragraph\">A distribui\u00e7\u00e3o de doces, como balas, pirulitos e bolos, \u00e9 uma das tradi\u00e7\u00f5es mais conhecidas. As crian\u00e7as, em especial, aguardam ansiosamente essa parte da celebra\u00e7\u00e3o, que simboliza a generosidade de Cosme e Dami\u00e3o. Em algumas localidades, os doces s\u00e3o oferecidos em altar montado em casa ou nas igrejas.<\/p>\n\n\n\n<p class=\"wp-block-paragraph\"><strong>Festas e eventos comunit\u00e1rios<\/strong><\/p>\n\n\n\n<p class=\"wp-block-paragraph\">Al\u00e9m das celebra\u00e7\u00f5es religiosas, o Dia de Cosme e Dami\u00e3o \u00e9 uma oportunidade para eventos comunit\u00e1rios. Muitas vezes, s\u00e3o organizadas festas, com dan\u00e7as, m\u00fasicas e comidas t\u00edpicas. Esses encontros promovem a socializa\u00e7\u00e3o e a alegria entre os participantes.<\/p>\n\n\n\n<h2 class=\"wp-block-heading\">A influ\u00eancia cultural da data<\/h2>\n\n\n\n<p class=\"wp-block-paragraph\">O Dia de Cosme e Dami\u00e3o vai al\u00e9m das festividades religiosas. A data \u00e9 um ponto de encontro para diversas express\u00f5es culturais. Em v\u00e1rias regi\u00f5es do Brasil, \u00e9 comum ver manifesta\u00e7\u00f5es art\u00edsticas e folcl\u00f3ricas que celebram a vida e a obra dos santos.<\/p>\n\n\n\n<h3 class=\"wp-block-heading\">1# A m\u00fasica e a dan\u00e7a<\/h3>\n\n\n\n<p class=\"wp-block-paragraph\">A m\u00fasica e a dan\u00e7a s\u00e3o elementos essenciais nas celebra\u00e7\u00f5es. Grupos locais costumam se reunir para tocar instrumentos t\u00edpicos, dan\u00e7ar e cantar em homenagem a Cosme e Dami\u00e3o. Esses momentos criam um ambiente festivo e alegre, trazendo \u00e0 tona as tradi\u00e7\u00f5es culturais da comunidade.<\/p>\n\n\n\n<h3 class=\"wp-block-heading\">2# A gastronomia<\/h3>\n\n\n\n<p class=\"wp-block-paragraph\">A gastronomia \u00e9 outro aspecto importante das celebra\u00e7\u00f5es. As fam\u00edlias se re\u00fanem para preparar pratos t\u00edpicos, e a comida se torna uma forma de compartilhar momentos especiais. A culin\u00e1ria local \u00e9 valorizada, e a troca de receitas se torna um s\u00edmbolo de uni\u00e3o entre as gera\u00e7\u00f5es.<\/p>\n\n\n\n<h2 class=\"wp-block-heading\">O significado da data na atualidade<\/h2>\n\n\n\n<p class=\"wp-block-paragraph\">Nos dias de hoje, o Dia de Cosme e Dami\u00e3o continua a ser um momento de reflex\u00e3o e gratid\u00e3o. Muitas pessoas aproveitam a data para lembrar da import\u00e2ncia da solidariedade e da generosidade no cotidiano. As li\u00e7\u00f5es dos santos ganham ainda mais relev\u00e2ncia em um mundo onde a empatia e a compaix\u00e3o s\u00e3o essenciais.<\/p>\n\n\n\n<h3 class=\"wp-block-heading\">1# A import\u00e2ncia da solidariedade<\/h3>\n\n\n\n<p class=\"wp-block-paragraph\">A celebra\u00e7\u00e3o nos lembra da import\u00e2ncia de ajudar o pr\u00f3ximo, assim como Cosme e Dami\u00e3o fizeram durante suas vidas. Muitas pessoas se envolvem em a\u00e7\u00f5es sociais, arrecadando alimentos e doa\u00e7\u00f5es para os mais necessitados. Essa pr\u00e1tica n\u00e3o s\u00f3 refor\u00e7a os valores crist\u00e3os, mas tamb\u00e9m promove a mudan\u00e7a social.<\/p>\n\n\n\n<h3 class=\"wp-block-heading\">2# O papel da comunidade<\/h3>\n\n\n\n<p class=\"wp-block-paragraph\">O Dia de Cosme e Dami\u00e3o fortalece os la\u00e7os comunit\u00e1rios. As festividades re\u00fanem pessoas de diferentes idades e origens, promovendo um ambiente de respeito e amizade. \u00c9 uma oportunidade para compartilhar hist\u00f3rias, experi\u00eancias e, principalmente, amor ao pr\u00f3ximo.<\/p>\n\n\n\n<p class=\"wp-block-paragraph\">Mais do que uma data religiosa, \u00e9 um momento de celebra\u00e7\u00e3o dos valores que permeiam a sociedade. A compaix\u00e3o, a generosidade e a solidariedade s\u00e3o aspectos que devem ser cultivados diariamente. Ao comemorarmos essa data, lembramos da import\u00e2ncia de sermos melhores uns para os outros, assim como os santos que homenageamos.<\/p>\n\n\n\n<h2 class=\"wp-block-heading\">Celebre com amor e gratid\u00e3o<\/h2>\n\n\n\n<p class=\"wp-block-paragraph\">Ao celebrar o Dia de Cosme e Dami\u00e3o, \u00e9 essencial lembrar que cada gesto conta. Seja participando das festividades, ajudando os necessitados ou simplesmente refletindo sobre os valores que essas figuras representam, o importante \u00e9 que cada um fa\u00e7a a sua parte.<\/p>\n\n\n\n<p class=\"wp-block-paragraph\">Mantenha viva a chama da solidariedade e do amor, n\u00e3o apenas nesse dia, mas em todos os momentos. Que a mensagem de Cosme e Dami\u00e3o inspire a todos a praticar o bem, trazendo luz e esperan\u00e7a para o mundo.<\/p>\n\n\n\n<p class=\"wp-block-paragraph\"><strong>Voir aussi\u00a0: <a href=\"https:\/\/www.oracaoefe.com\/fr\/o-que-a-biblia-diz-sobre-o-eclipse-solar-veja-a-curiosidade\/\">O que a B\u00edblia diz sobre o eclipse solar; veja a curiosidade<\/a><\/strong><\/p>\n\n\n\n<p class=\"wp-block-paragraph\">24 de outubro de 2024<\/p>","protected":false},"excerpt":{"rendered":"<p>O Dia de Cosme e Dami\u00e3o, celebrado em 26 de setembro, \u00e9 uma data marcada por devo\u00e7\u00e3o e tradi\u00e7\u00f5es em v\u00e1rias culturas, especialmente no Brasil. Este dia homenageia dois irm\u00e3os que, segundo a tradi\u00e7\u00e3o crist\u00e3, se tornaram m\u00e1rtires por sua f\u00e9. Conhecer a origem dessa data \u00e9 essencial para compreender suas celebra\u00e7\u00f5es e significados ao&hellip;&nbsp;<\/p>","protected":false},"author":3,"featured_media":3240,"comment_status":"closed","ping_status":"closed","sticky":false,"template":"","format":"standard","meta":{"neve_meta_sidebar":"","neve_meta_container":"","neve_meta_enable_content_width":"","neve_meta_content_width":0,"neve_meta_title_alignment":"","neve_meta_author_avatar":"","neve_post_elements_order":"","neve_meta_disable_header":"","neve_meta_disable_footer":"","neve_meta_disable_title":"","footnotes":""},"categories":[4],"tags":[],"class_list":["post-3222","post","type-post","status-publish","format-standard","has-post-thumbnail","hentry","category-fique-por-dentro"],"yoast_head":"<!-- This site is optimized with the Yoast SEO plugin v28.4 - https:\/\/yoast.com\/product\/yoast-seo-wordpress\/ -->\n<title>Dia de Cosme e Dami\u00e3o: conhe\u00e7a a origem dessa data - Ora\u00e7\u00e3o e F\u00e9<\/title>\n<meta name=\"description\" content=\"Deus tem pra voc\u00ea uma palavra de vida!\" \/>\n<meta name=\"robots\" content=\"index, follow, max-snippet:-1, max-image-preview:large, max-video-preview:-1\" \/>\n<link rel=\"canonical\" href=\"https:\/\/www.oracaoefe.com\/fr\/dia-de-cosme-e-damiao-conheca-a-origem-dessa-data\/\" \/>\n<meta property=\"og:locale\" content=\"fr_FR\" \/>\n<meta property=\"og:type\" content=\"article\" \/>\n<meta property=\"og:title\" content=\"Dia de Cosme e Dami\u00e3o: conhe\u00e7a a origem dessa data - Ora\u00e7\u00e3o e F\u00e9\" \/>\n<meta property=\"og:description\" content=\"Deus tem pra voc\u00ea uma palavra de vida!\" \/>\n<meta property=\"og:url\" content=\"https:\/\/www.oracaoefe.com\/fr\/dia-de-cosme-e-damiao-conheca-a-origem-dessa-data\/\" \/>\n<meta property=\"og:site_name\" content=\"Ora\u00e7\u00e3o e F\u00e9\" \/>\n<meta property=\"article:published_time\" content=\"2024-10-24T09:00:00+00:00\" \/>\n<meta property=\"og:image\" content=\"https:\/\/www.oracaoefe.com\/wp-content\/uploads\/2024\/10\/image-2.png\" \/>\n\t<meta property=\"og:image:width\" content=\"1280\" \/>\n\t<meta property=\"og:image:height\" content=\"720\" \/>\n\t<meta property=\"og:image:type\" content=\"image\/png\" \/>\n<meta name=\"author\" content=\"Michele Azevedo\" \/>\n<meta name=\"twitter:card\" content=\"summary_large_image\" \/>\n<meta name=\"twitter:label1\" content=\"\u00c9crit par\" \/>\n\t<meta name=\"twitter:data1\" content=\"Michele Azevedo\" \/>\n\t<meta name=\"twitter:label2\" content=\"Dur\u00e9e de lecture estim\u00e9e\" \/>\n\t<meta name=\"twitter:data2\" content=\"5 minutes\" \/>\n<script type=\"application\/ld+json\" class=\"yoast-schema-graph\">{\"@context\":\"https:\\\/\\\/schema.org\",\"@graph\":[{\"@type\":\"Article\",\"@id\":\"https:\\\/\\\/www.oracaoefe.com\\\/dia-de-cosme-e-damiao-conheca-a-origem-dessa-data\\\/#article\",\"isPartOf\":{\"@id\":\"https:\\\/\\\/www.oracaoefe.com\\\/dia-de-cosme-e-damiao-conheca-a-origem-dessa-data\\\/\"},\"author\":{\"name\":\"Michele Azevedo\",\"@id\":\"https:\\\/\\\/www.oracaoefe.com\\\/#\\\/schema\\\/person\\\/17283c669442cf005c4d5bb58adfb7f5\"},\"headline\":\"Dia de Cosme e Dami\u00e3o: conhe\u00e7a a origem dessa data\",\"datePublished\":\"2024-10-24T09:00:00+00:00\",\"mainEntityOfPage\":{\"@id\":\"https:\\\/\\\/www.oracaoefe.com\\\/dia-de-cosme-e-damiao-conheca-a-origem-dessa-data\\\/\"},\"wordCount\":979,\"image\":{\"@id\":\"https:\\\/\\\/www.oracaoefe.com\\\/dia-de-cosme-e-damiao-conheca-a-origem-dessa-data\\\/#primaryimage\"},\"thumbnailUrl\":\"https:\\\/\\\/www.oracaoefe.com\\\/wp-content\\\/uploads\\\/2024\\\/10\\\/image-2.png\",\"articleSection\":[\"Fique por Dentro\"],\"inLanguage\":\"fr-FR\"},{\"@type\":\"WebPage\",\"@id\":\"https:\\\/\\\/www.oracaoefe.com\\\/dia-de-cosme-e-damiao-conheca-a-origem-dessa-data\\\/\",\"url\":\"https:\\\/\\\/www.oracaoefe.com\\\/dia-de-cosme-e-damiao-conheca-a-origem-dessa-data\\\/\",\"name\":\"Dia de Cosme e Dami\u00e3o: conhe\u00e7a a origem dessa data - Ora\u00e7\u00e3o e F\u00e9\",\"isPartOf\":{\"@id\":\"https:\\\/\\\/www.oracaoefe.com\\\/#website\"},\"primaryImageOfPage\":{\"@id\":\"https:\\\/\\\/www.oracaoefe.com\\\/dia-de-cosme-e-damiao-conheca-a-origem-dessa-data\\\/#primaryimage\"},\"image\":{\"@id\":\"https:\\\/\\\/www.oracaoefe.com\\\/dia-de-cosme-e-damiao-conheca-a-origem-dessa-data\\\/#primaryimage\"},\"thumbnailUrl\":\"https:\\\/\\\/www.oracaoefe.com\\\/wp-content\\\/uploads\\\/2024\\\/10\\\/image-2.png\",\"datePublished\":\"2024-10-24T09:00:00+00:00\",\"author\":{\"@id\":\"https:\\\/\\\/www.oracaoefe.com\\\/#\\\/schema\\\/person\\\/17283c669442cf005c4d5bb58adfb7f5\"},\"description\":\"Deus tem pra voc\u00ea uma palavra de vida!\",\"breadcrumb\":{\"@id\":\"https:\\\/\\\/www.oracaoefe.com\\\/dia-de-cosme-e-damiao-conheca-a-origem-dessa-data\\\/#breadcrumb\"},\"inLanguage\":\"fr-FR\",\"potentialAction\":[{\"@type\":\"ReadAction\",\"target\":[\"https:\\\/\\\/www.oracaoefe.com\\\/dia-de-cosme-e-damiao-conheca-a-origem-dessa-data\\\/\"]}]},{\"@type\":\"ImageObject\",\"inLanguage\":\"fr-FR\",\"@id\":\"https:\\\/\\\/www.oracaoefe.com\\\/dia-de-cosme-e-damiao-conheca-a-origem-dessa-data\\\/#primaryimage\",\"url\":\"https:\\\/\\\/www.oracaoefe.com\\\/wp-content\\\/uploads\\\/2024\\\/10\\\/image-2.png\",\"contentUrl\":\"https:\\\/\\\/www.oracaoefe.com\\\/wp-content\\\/uploads\\\/2024\\\/10\\\/image-2.png\",\"width\":1280,\"height\":720,\"caption\":\"Dia de Cosme e Dami\u00e3o\"},{\"@type\":\"BreadcrumbList\",\"@id\":\"https:\\\/\\\/www.oracaoefe.com\\\/dia-de-cosme-e-damiao-conheca-a-origem-dessa-data\\\/#breadcrumb\",\"itemListElement\":[{\"@type\":\"ListItem\",\"position\":1,\"name\":\"Home\",\"item\":\"https:\\\/\\\/www.oracaoefe.com\\\/\"},{\"@type\":\"ListItem\",\"position\":2,\"name\":\"Fique por Dentro\",\"item\":\"https:\\\/\\\/www.oracaoefe.com\\\/category\\\/fique-por-dentro\\\/\"},{\"@type\":\"ListItem\",\"position\":3,\"name\":\"Dia de Cosme e Dami\u00e3o: conhe\u00e7a a origem dessa data\"}]},{\"@type\":\"WebSite\",\"@id\":\"https:\\\/\\\/www.oracaoefe.com\\\/#website\",\"url\":\"https:\\\/\\\/www.oracaoefe.com\\\/\",\"name\":\"Ora\u00e7\u00e3o e F\u00e9\",\"description\":\"\",\"potentialAction\":[{\"@type\":\"SearchAction\",\"target\":{\"@type\":\"EntryPoint\",\"urlTemplate\":\"https:\\\/\\\/www.oracaoefe.com\\\/?s={search_term_string}\"},\"query-input\":{\"@type\":\"PropertyValueSpecification\",\"valueRequired\":true,\"valueName\":\"search_term_string\"}}],\"inLanguage\":\"fr-FR\"},{\"@type\":\"Person\",\"@id\":\"https:\\\/\\\/www.oracaoefe.com\\\/#\\\/schema\\\/person\\\/17283c669442cf005c4d5bb58adfb7f5\",\"name\":\"Michele Azevedo\",\"image\":{\"@type\":\"ImageObject\",\"inLanguage\":\"fr-FR\",\"@id\":\"https:\\\/\\\/secure.gravatar.com\\\/avatar\\\/6b0eb9d22841282815e2cd856a0061c45e1761cd54b22e952d98c4746939aa85?s=96&d=mm&r=g\",\"url\":\"https:\\\/\\\/secure.gravatar.com\\\/avatar\\\/6b0eb9d22841282815e2cd856a0061c45e1761cd54b22e952d98c4746939aa85?s=96&d=mm&r=g\",\"contentUrl\":\"https:\\\/\\\/secure.gravatar.com\\\/avatar\\\/6b0eb9d22841282815e2cd856a0061c45e1761cd54b22e952d98c4746939aa85?s=96&d=mm&r=g\",\"caption\":\"Michele Azevedo\"},\"description\":\"Formada em Letras - Portugu\u00eas\\\/ Ingl\u00eas pela Universidade Estadual de Ponta Grossa (UEPG), p\u00f3s-graduada em Arte na Educa\u00e7\u00e3o (FAPI) e Psicopedagogia Escolar (FAPI), idealizadora e propriet\u00e1ria do site Escritora de Sucesso, possui experi\u00eancia em escrita para blogs em geral e atua como redatora e revisora dos conte\u00fados do Ora\u00e7\u00e3o e F\u00e9.\",\"url\":\"https:\\\/\\\/www.oracaoefe.com\\\/fr\\\/author\\\/michele-azevedo\\\/\"}]}<\/script>\n<!-- \/ Yoast SEO plugin. -->","yoast_head_json":{"title":"Dia de Cosme e Dami\u00e3o: conhe\u00e7a a origem dessa data - Ora\u00e7\u00e3o e F\u00e9","description":"Dieu a une parole de vie pour vous !","robots":{"index":"index","follow":"follow","max-snippet":"max-snippet:-1","max-image-preview":"max-image-preview:large","max-video-preview":"max-video-preview:-1"},"canonical":"https:\/\/www.oracaoefe.com\/fr\/dia-de-cosme-e-damiao-conheca-a-origem-dessa-data\/","og_locale":"fr_FR","og_type":"article","og_title":"Dia de Cosme e Dami\u00e3o: conhe\u00e7a a origem dessa data - Ora\u00e7\u00e3o e F\u00e9","og_description":"Deus tem pra voc\u00ea uma palavra de vida!","og_url":"https:\/\/www.oracaoefe.com\/fr\/dia-de-cosme-e-damiao-conheca-a-origem-dessa-data\/","og_site_name":"Ora\u00e7\u00e3o e F\u00e9","article_published_time":"2024-10-24T09:00:00+00:00","og_image":[{"width":1280,"height":720,"url":"https:\/\/www.oracaoefe.com\/wp-content\/uploads\/2024\/10\/image-2.png","type":"image\/png"}],"author":"Michele Azevedo","twitter_card":"summary_large_image","twitter_misc":{"\u00c9crit par":"Michele Azevedo","Dur\u00e9e de lecture estim\u00e9e":"5 minutes"},"schema":{"@context":"https:\/\/schema.org","@graph":[{"@type":"Article","@id":"https:\/\/www.oracaoefe.com\/dia-de-cosme-e-damiao-conheca-a-origem-dessa-data\/#article","isPartOf":{"@id":"https:\/\/www.oracaoefe.com\/dia-de-cosme-e-damiao-conheca-a-origem-dessa-data\/"},"author":{"name":"Michele Azevedo","@id":"https:\/\/www.oracaoefe.com\/#\/schema\/person\/17283c669442cf005c4d5bb58adfb7f5"},"headline":"Dia de Cosme e Dami\u00e3o: conhe\u00e7a a origem dessa data","datePublished":"2024-10-24T09:00:00+00:00","mainEntityOfPage":{"@id":"https:\/\/www.oracaoefe.com\/dia-de-cosme-e-damiao-conheca-a-origem-dessa-data\/"},"wordCount":979,"image":{"@id":"https:\/\/www.oracaoefe.com\/dia-de-cosme-e-damiao-conheca-a-origem-dessa-data\/#primaryimage"},"thumbnailUrl":"https:\/\/www.oracaoefe.com\/wp-content\/uploads\/2024\/10\/image-2.png","articleSection":["Fique por Dentro"],"inLanguage":"fr-FR"},{"@type":"WebPage","@id":"https:\/\/www.oracaoefe.com\/dia-de-cosme-e-damiao-conheca-a-origem-dessa-data\/","url":"https:\/\/www.oracaoefe.com\/dia-de-cosme-e-damiao-conheca-a-origem-dessa-data\/","name":"Dia de Cosme e Dami\u00e3o: conhe\u00e7a a origem dessa data - Ora\u00e7\u00e3o e F\u00e9","isPartOf":{"@id":"https:\/\/www.oracaoefe.com\/#website"},"primaryImageOfPage":{"@id":"https:\/\/www.oracaoefe.com\/dia-de-cosme-e-damiao-conheca-a-origem-dessa-data\/#primaryimage"},"image":{"@id":"https:\/\/www.oracaoefe.com\/dia-de-cosme-e-damiao-conheca-a-origem-dessa-data\/#primaryimage"},"thumbnailUrl":"https:\/\/www.oracaoefe.com\/wp-content\/uploads\/2024\/10\/image-2.png","datePublished":"2024-10-24T09:00:00+00:00","author":{"@id":"https:\/\/www.oracaoefe.com\/#\/schema\/person\/17283c669442cf005c4d5bb58adfb7f5"},"description":"Dieu a une parole de vie pour vous !","breadcrumb":{"@id":"https:\/\/www.oracaoefe.com\/dia-de-cosme-e-damiao-conheca-a-origem-dessa-data\/#breadcrumb"},"inLanguage":"fr-FR","potentialAction":[{"@type":"ReadAction","target":["https:\/\/www.oracaoefe.com\/dia-de-cosme-e-damiao-conheca-a-origem-dessa-data\/"]}]},{"@type":"ImageObject","inLanguage":"fr-FR","@id":"https:\/\/www.oracaoefe.com\/dia-de-cosme-e-damiao-conheca-a-origem-dessa-data\/#primaryimage","url":"https:\/\/www.oracaoefe.com\/wp-content\/uploads\/2024\/10\/image-2.png","contentUrl":"https:\/\/www.oracaoefe.com\/wp-content\/uploads\/2024\/10\/image-2.png","width":1280,"height":720,"caption":"Dia de Cosme e Dami\u00e3o"},{"@type":"BreadcrumbList","@id":"https:\/\/www.oracaoefe.com\/dia-de-cosme-e-damiao-conheca-a-origem-dessa-data\/#breadcrumb","itemListElement":[{"@type":"ListItem","position":1,"name":"Home","item":"https:\/\/www.oracaoefe.com\/"},{"@type":"ListItem","position":2,"name":"Fique por Dentro","item":"https:\/\/www.oracaoefe.com\/category\/fique-por-dentro\/"},{"@type":"ListItem","position":3,"name":"Dia de Cosme e Dami\u00e3o: conhe\u00e7a a origem dessa data"}]},{"@type":"WebSite","@id":"https:\/\/www.oracaoefe.com\/#website","url":"https:\/\/www.oracaoefe.com\/","name":"Pri\u00e8re et foi","description":"","potentialAction":[{"@type":"SearchAction","target":{"@type":"EntryPoint","urlTemplate":"https:\/\/www.oracaoefe.com\/?s={search_term_string}"},"query-input":{"@type":"PropertyValueSpecification","valueRequired":true,"valueName":"search_term_string"}}],"inLanguage":"fr-FR"},{"@type":"Person","@id":"https:\/\/www.oracaoefe.com\/#\/schema\/person\/17283c669442cf005c4d5bb58adfb7f5","name":"Michele Azevedo","image":{"@type":"ImageObject","inLanguage":"fr-FR","@id":"https:\/\/secure.gravatar.com\/avatar\/6b0eb9d22841282815e2cd856a0061c45e1761cd54b22e952d98c4746939aa85?s=96&d=mm&r=g","url":"https:\/\/secure.gravatar.com\/avatar\/6b0eb9d22841282815e2cd856a0061c45e1761cd54b22e952d98c4746939aa85?s=96&d=mm&r=g","contentUrl":"https:\/\/secure.gravatar.com\/avatar\/6b0eb9d22841282815e2cd856a0061c45e1761cd54b22e952d98c4746939aa85?s=96&d=mm&r=g","caption":"Michele Azevedo"},"description":"Dipl\u00f4m\u00e9e en litt\u00e9rature portugaise\/anglaise de l&#039;Universit\u00e9 d&#039;\u00c9tat de Ponta Grossa (UEPG), avec des dipl\u00f4mes de troisi\u00e8me cycle en art dans l&#039;\u00e9ducation (FAPI) et en psychop\u00e9dagogie scolaire (FAPI), elle est la cr\u00e9atrice et propri\u00e9taire du site web Escritora de Sucesso, a de l&#039;exp\u00e9rience dans l&#039;\u00e9criture pour les blogs en g\u00e9n\u00e9ral et travaille comme r\u00e9dactrice et \u00e9ditrice du contenu pour Ora\u00e7\u00e3o e F\u00e9.","url":"https:\/\/www.oracaoefe.com\/fr\/author\/michele-azevedo\/"}]}},"_links":{"self":[{"href":"https:\/\/www.oracaoefe.com\/fr\/wp-json\/wp\/v2\/posts\/3222","targetHints":{"allow":["GET"]}}],"collection":[{"href":"https:\/\/www.oracaoefe.com\/fr\/wp-json\/wp\/v2\/posts"}],"about":[{"href":"https:\/\/www.oracaoefe.com\/fr\/wp-json\/wp\/v2\/types\/post"}],"author":[{"embeddable":true,"href":"https:\/\/www.oracaoefe.com\/fr\/wp-json\/wp\/v2\/users\/3"}],"replies":[{"embeddable":true,"href":"https:\/\/www.oracaoefe.com\/fr\/wp-json\/wp\/v2\/comments?post=3222"}],"version-history":[{"count":2,"href":"https:\/\/www.oracaoefe.com\/fr\/wp-json\/wp\/v2\/posts\/3222\/revisions"}],"predecessor-version":[{"id":3250,"href":"https:\/\/www.oracaoefe.com\/fr\/wp-json\/wp\/v2\/posts\/3222\/revisions\/3250"}],"wp:featuredmedia":[{"embeddable":true,"href":"https:\/\/www.oracaoefe.com\/fr\/wp-json\/wp\/v2\/media\/3240"}],"wp:attachment":[{"href":"https:\/\/www.oracaoefe.com\/fr\/wp-json\/wp\/v2\/media?parent=3222"}],"wp:term":[{"taxonomy":"category","embeddable":true,"href":"https:\/\/www.oracaoefe.com\/fr\/wp-json\/wp\/v2\/categories?post=3222"},{"taxonomy":"post_tag","embeddable":true,"href":"https:\/\/www.oracaoefe.com\/fr\/wp-json\/wp\/v2\/tags?post=3222"}],"curies":[{"name":"wp","href":"https:\/\/api.w.org\/{rel}","templated":true}]}}