{"id":3220,"date":"2024-10-21T06:00:00","date_gmt":"2024-10-21T09:00:00","guid":{"rendered":"https:\/\/www.oracaoefe.com\/?p=3220"},"modified":"2024-10-18T00:41:58","modified_gmt":"2024-10-18T03:41:58","slug":"deus-esta-no-controle-de-tudo-e-tem-todo-poder-entenda","status":"publish","type":"post","link":"https:\/\/www.oracaoefe.com\/fr\/deus-esta-no-controle-de-tudo-e-tem-todo-poder-entenda\/","title":{"rendered":"Deus est\u00e1 no controle de tudo e tem todo poder; entenda"},"content":{"rendered":"<p class=\"wp-block-paragraph\">Em momentos de incerteza, muitas pessoas buscam conforto na ideia de que Deus est\u00e1 no controle de tudo. Essa cren\u00e7a pode trazer paz e esperan\u00e7a, especialmente em tempos dif\u00edceis. No entanto, o que significa realmente que Deus tem todo poder? Considere essa ideia, a seguir, buscando entender como ela se aplica \u00e0 nossa vida cotidiana.<\/p>\n\n\n\n<h2 class=\"wp-block-heading\">A natureza do controle divino<\/h2>\n\n\n\n<p class=\"wp-block-paragraph\">A cren\u00e7a de que Deus est\u00e1 no controle implica que Ele tem autoridade sobre todas as coisas. Essa vis\u00e3o \u00e9 comum em v\u00e1rias tradi\u00e7\u00f5es religiosas e oferece uma perspectiva de que, apesar das dificuldades, h\u00e1 um prop\u00f3sito maior em tudo que acontece. Esse controle n\u00e3o \u00e9 apenas sobre eventos grandiosos, mas tamb\u00e9m sobre os pequenos detalhes de nossas vidas.<\/p>\n\n\n\n<figure class=\"wp-block-image size-full is-resized\"><img loading=\"lazy\" decoding=\"async\" width=\"740\" height=\"415\" src=\"https:\/\/www.oracaoefe.com\/wp-content\/uploads\/2024\/10\/image-1.png\" alt=\"\" class=\"wp-image-3239\" style=\"width:840px;height:auto\" srcset=\"https:\/\/www.oracaoefe.com\/wp-content\/uploads\/2024\/10\/image-1.png 740w, https:\/\/www.oracaoefe.com\/wp-content\/uploads\/2024\/10\/image-1-300x168.png 300w, https:\/\/www.oracaoefe.com\/wp-content\/uploads\/2024\/10\/image-1-18x10.png 18w, https:\/\/www.oracaoefe.com\/wp-content\/uploads\/2024\/10\/image-1-350x195.png 350w, https:\/\/www.oracaoefe.com\/wp-content\/uploads\/2024\/10\/image-1-383x215.png 383w\" sizes=\"auto, (max-width: 740px) 100vw, 740px\" \/><\/figure>\n\n\n\n<h3 class=\"wp-block-heading\">1# A vis\u00e3o teol\u00f3gica<\/h3>\n\n\n\n<p class=\"wp-block-paragraph\">Do ponto de vista teol\u00f3gico, o controle de Deus \u00e9 muitas vezes descrito como soberania. Isso significa que Ele \u00e9 supremo e n\u00e3o est\u00e1 sujeito a nada nem a ningu\u00e9m. Essa soberania \u00e9 um tema recorrente nas escrituras sagradas, onde se enfatiza que Deus conhece o futuro e atua em conformidade com Seu plano divino. Essa certeza pode ser reconfortante, pois sugere que, mesmo em meio ao caos, h\u00e1 uma ordem subjacente.<\/p>\n\n\n\n<h3 class=\"wp-block-heading\">2# O poder de Deus na cria\u00e7\u00e3o<\/h3>\n\n\n\n<p class=\"wp-block-paragraph\">A cria\u00e7\u00e3o do mundo \u00e9 frequentemente citada como um exemplo do poder de Deus. Segundo a tradi\u00e7\u00e3o, Ele criou tudo a partir do nada. Isso demonstra n\u00e3o apenas Seu poder absoluto, mas tamb\u00e9m Sua capacidade de trazer vida e ordem onde antes havia vazio. Essa ideia nos convida a refletir sobre a beleza e a complexidade do mundo que nos rodeia, levando-nos a reconhecer a m\u00e3o divina em cada aspecto da vida.<\/p>\n\n\n\n<h3 class=\"wp-block-heading\">3# A presen\u00e7a de Deus em nossas vidas<\/h3>\n\n\n\n<p class=\"wp-block-paragraph\">A ideia de que Deus est\u00e1 no controle tamb\u00e9m se estende \u00e0 presen\u00e7a dEle em nossas vidas. Muitas pessoas relatam experi\u00eancias em que sentem que Deus est\u00e1 agindo ativamente em suas situa\u00e7\u00f5es, guiando suas decis\u00f5es e oferecendo consolo em tempos de tristeza. Essa conex\u00e3o pessoal com o divino pode ser uma fonte de for\u00e7a e encorajamento, ajudando-nos a enfrentar desafios di\u00e1rios com f\u00e9 e confian\u00e7a.<\/p>\n\n\n\n<h2 class=\"wp-block-heading\">Como lidar com a incerteza?<\/h2>\n\n\n\n<p class=\"wp-block-paragraph\">A vida \u00e9 cheia de incertezas e situa\u00e7\u00f5es imprevistas. Saber que Deus est\u00e1 no controle pode ser um b\u00e1lsamo para as almas ansiosas. A f\u00e9 em Sua soberania pode nos ajudar a encontrar significado em eventos que parecem aleat\u00f3rios ou injustos.<\/p>\n\n\n\n<h3 class=\"wp-block-heading\">1# A import\u00e2ncia da ora\u00e7\u00e3o<\/h3>\n\n\n\n<p class=\"wp-block-paragraph\">A ora\u00e7\u00e3o \u00e9 uma pr\u00e1tica fundamental para aqueles que acreditam que Deus est\u00e1 no controle. Ao orar, n\u00e3o apenas expressamos nossas preocupa\u00e7\u00f5es e pedidos, mas tamb\u00e9m buscamos alinhar nossos desejos com a vontade divina. A ora\u00e7\u00e3o pode proporcionar um senso de paz, mesmo quando as respostas n\u00e3o v\u00eam da maneira que esperamos.<\/p>\n\n\n\n<h3 class=\"wp-block-heading\">2# Confiar nos planos de Deus<\/h3>\n\n\n\n<p class=\"wp-block-paragraph\">Confiar que Deus tem um plano para cada um de n\u00f3s \u00e9 essencial. Embora possamos n\u00e3o compreender os eventos em nossas vidas no momento, muitas tradi\u00e7\u00f5es religiosas ensinam que tudo acontece por um motivo. Esse entendimento nos encoraja a manter a esperan\u00e7a, mesmo quando enfrentamos desafios significativos. A f\u00e9 se torna um guia, permitindo que continuemos a avan\u00e7ar.<\/p>\n\n\n\n<h3 class=\"wp-block-heading\">3# A resili\u00eancia diante da adversidade<\/h3>\n\n\n\n<p class=\"wp-block-paragraph\">Quando reconhecemos que Deus est\u00e1 no controle, podemos enfrentar as adversidades com mais resili\u00eancia. A confian\u00e7a de que Ele tem todo poder nos capacita a enfrentar os desafios com coragem. Essa atitude n\u00e3o significa que n\u00e3o teremos momentos de fraqueza, mas sim que podemos nos levantar e seguir em frente, confiantes de que n\u00e3o estamos sozinhos.<\/p>\n\n\n\n<h2 class=\"wp-block-heading\">O poder transformador da f\u00e9<\/h2>\n\n\n\n<p class=\"wp-block-paragraph\">A f\u00e9 em um Deus que est\u00e1 no controle pode transformar a maneira como vivemos nossas vidas. Essa perspectiva nos convida a ver cada dia como uma nova oportunidade de crescer e aprender, independentemente das circunst\u00e2ncias.<\/p>\n\n\n\n<h3 class=\"wp-block-heading\">1# Mudan\u00e7a de perspectiva<\/h3>\n\n\n\n<p class=\"wp-block-paragraph\">Quando adotamos a cren\u00e7a de que Deus tem controle sobre tudo, come\u00e7amos a ver os desafios de maneira diferente. Em vez de sermos consumidos pelo medo e pela ansiedade, podemos encarar as dificuldades como oportunidades de crescimento. Essa mudan\u00e7a de perspectiva \u00e9 crucial para cultivar uma vida mais plena e significativa.<\/p>\n\n\n\n<h3 class=\"wp-block-heading\">2# A for\u00e7a da comunidade<\/h3>\n\n\n\n<p class=\"wp-block-paragraph\">Ter f\u00e9 em um Deus soberano tamb\u00e9m nos conecta a outros que compartilham dessa cren\u00e7a. As comunidades de f\u00e9 oferecem suporte e encorajamento, permitindo que nos fortale\u00e7amos mutuamente. Juntos, podemos enfrentar as dificuldades, sabendo que n\u00e3o estamos sozinhos em nossa jornada.<\/p>\n\n\n\n<h3 class=\"wp-block-heading\">3# A esperan\u00e7a para o futuro<\/h3>\n\n\n\n<p class=\"wp-block-paragraph\">A cren\u00e7a de que Deus est\u00e1 no controle nos d\u00e1 esperan\u00e7a para o futuro. Saber que Ele tem um prop\u00f3sito maior nos permite olhar para frente com otimismo. Essa esperan\u00e7a \u00e9 um dos maiores presentes que a f\u00e9 pode nos proporcionar, permitindo que vivamos com confian\u00e7a e alegria, mesmo em tempos de incerteza.<\/p>\n\n\n\n<h2 class=\"wp-block-heading\">Reflex\u00f5es finais<\/h2>\n\n\n\n<p class=\"wp-block-paragraph\">A cren\u00e7a de que Deus est\u00e1 no controle e tem todo poder \u00e9 um convite para confiar em algo maior do que n\u00f3s mesmos. Essa ideia n\u00e3o apenas traz conforto, mas tamb\u00e9m transforma a maneira como vivemos nossas vidas. Ao reconhecermos essa verdade, podemos enfrentar os desafios com coragem e resili\u00eancia, sabendo que h\u00e1 um prop\u00f3sito maior em cada situa\u00e7\u00e3o.<\/p>\n\n\n\n<h3 class=\"wp-block-heading\">Abra\u00e7ando a f\u00e9 diariamente<\/h3>\n\n\n\n<p class=\"wp-block-paragraph\">Viver com a consci\u00eancia de que Deus est\u00e1 no controle nos convida a abra\u00e7ar a f\u00e9 diariamente. Cada pequeno passo, cada ora\u00e7\u00e3o, cada ato de bondade \u00e9 uma forma de afirmar nossa confian\u00e7a em Sua soberania. \u00c0 medida que nos aprofundamos nessa f\u00e9, encontramos n\u00e3o apenas paz, mas tamb\u00e9m um prop\u00f3sito renovado em nossas vidas. Que possamos, ent\u00e3o, continuar a buscar essa verdade e a viver com a certeza de que estamos nas m\u00e3os de um Deus que cuida de n\u00f3s.<\/p>\n\n\n\n<p class=\"wp-block-paragraph\"><strong>Voir aussi\u00a0: <a href=\"https:\/\/www.oracaoefe.com\/fr\/o-que-a-biblia-diz-sobre-o-eclipse-solar-veja-a-curiosidade\/\">O que a B\u00edblia diz sobre o eclipse solar; veja a curiosidade<\/a><\/strong><\/p>\n\n\n\n<p class=\"wp-block-paragraph\">21 de outubro de 2024<\/p>","protected":false},"excerpt":{"rendered":"<p>Em momentos de incerteza, muitas pessoas buscam conforto na ideia de que Deus est\u00e1 no controle de tudo. Essa cren\u00e7a pode trazer paz e esperan\u00e7a, especialmente em tempos dif\u00edceis. No entanto, o que significa realmente que Deus tem todo poder? Considere essa ideia, a seguir, buscando entender como ela se aplica \u00e0 nossa vida cotidiana.&hellip;&nbsp;<\/p>","protected":false},"author":3,"featured_media":3239,"comment_status":"closed","ping_status":"closed","sticky":false,"template":"","format":"standard","meta":{"neve_meta_sidebar":"","neve_meta_container":"","neve_meta_enable_content_width":"","neve_meta_content_width":0,"neve_meta_title_alignment":"","neve_meta_author_avatar":"","neve_post_elements_order":"","neve_meta_disable_header":"","neve_meta_disable_footer":"","neve_meta_disable_title":"","footnotes":""},"categories":[3],"tags":[],"class_list":["post-3220","post","type-post","status-publish","format-standard","has-post-thumbnail","hentry","category-fe"],"yoast_head":"<!-- This site is optimized with the Yoast SEO plugin v28.4 - https:\/\/yoast.com\/product\/yoast-seo-wordpress\/ -->\n<title>Deus est\u00e1 no controle de tudo e tem todo poder; entenda - Ora\u00e7\u00e3o e F\u00e9<\/title>\n<meta name=\"description\" content=\"Deus tem pra voc\u00ea uma palavra de vida!\" \/>\n<meta name=\"robots\" content=\"index, follow, max-snippet:-1, max-image-preview:large, max-video-preview:-1\" \/>\n<link rel=\"canonical\" href=\"https:\/\/www.oracaoefe.com\/fr\/deus-esta-no-controle-de-tudo-e-tem-todo-poder-entenda\/\" \/>\n<meta property=\"og:locale\" content=\"fr_FR\" \/>\n<meta property=\"og:type\" content=\"article\" \/>\n<meta property=\"og:title\" content=\"Deus est\u00e1 no controle de tudo e tem todo poder; entenda - Ora\u00e7\u00e3o e F\u00e9\" \/>\n<meta property=\"og:description\" content=\"Deus tem pra voc\u00ea uma palavra de vida!\" \/>\n<meta property=\"og:url\" content=\"https:\/\/www.oracaoefe.com\/fr\/deus-esta-no-controle-de-tudo-e-tem-todo-poder-entenda\/\" \/>\n<meta property=\"og:site_name\" content=\"Ora\u00e7\u00e3o e F\u00e9\" \/>\n<meta property=\"article:published_time\" content=\"2024-10-21T09:00:00+00:00\" \/>\n<meta property=\"og:image\" content=\"https:\/\/www.oracaoefe.com\/wp-content\/uploads\/2024\/10\/image-1.png\" \/>\n\t<meta property=\"og:image:width\" content=\"740\" \/>\n\t<meta property=\"og:image:height\" content=\"415\" \/>\n\t<meta property=\"og:image:type\" content=\"image\/png\" \/>\n<meta name=\"author\" content=\"Michele Azevedo\" \/>\n<meta name=\"twitter:card\" content=\"summary_large_image\" \/>\n<meta name=\"twitter:label1\" content=\"\u00c9crit par\" \/>\n\t<meta name=\"twitter:data1\" content=\"Michele Azevedo\" \/>\n\t<meta name=\"twitter:label2\" content=\"Dur\u00e9e de lecture estim\u00e9e\" \/>\n\t<meta name=\"twitter:data2\" content=\"5 minutes\" \/>\n<script type=\"application\/ld+json\" class=\"yoast-schema-graph\">{\"@context\":\"https:\\\/\\\/schema.org\",\"@graph\":[{\"@type\":\"Article\",\"@id\":\"https:\\\/\\\/www.oracaoefe.com\\\/deus-esta-no-controle-de-tudo-e-tem-todo-poder-entenda\\\/#article\",\"isPartOf\":{\"@id\":\"https:\\\/\\\/www.oracaoefe.com\\\/deus-esta-no-controle-de-tudo-e-tem-todo-poder-entenda\\\/\"},\"author\":{\"name\":\"Michele Azevedo\",\"@id\":\"https:\\\/\\\/www.oracaoefe.com\\\/#\\\/schema\\\/person\\\/17283c669442cf005c4d5bb58adfb7f5\"},\"headline\":\"Deus est\u00e1 no controle de tudo e tem todo poder; entenda\",\"datePublished\":\"2024-10-21T09:00:00+00:00\",\"mainEntityOfPage\":{\"@id\":\"https:\\\/\\\/www.oracaoefe.com\\\/deus-esta-no-controle-de-tudo-e-tem-todo-poder-entenda\\\/\"},\"wordCount\":1019,\"image\":{\"@id\":\"https:\\\/\\\/www.oracaoefe.com\\\/deus-esta-no-controle-de-tudo-e-tem-todo-poder-entenda\\\/#primaryimage\"},\"thumbnailUrl\":\"https:\\\/\\\/www.oracaoefe.com\\\/wp-content\\\/uploads\\\/2024\\\/10\\\/image-1.png\",\"articleSection\":[\"F\u00e9\"],\"inLanguage\":\"fr-FR\"},{\"@type\":\"WebPage\",\"@id\":\"https:\\\/\\\/www.oracaoefe.com\\\/deus-esta-no-controle-de-tudo-e-tem-todo-poder-entenda\\\/\",\"url\":\"https:\\\/\\\/www.oracaoefe.com\\\/deus-esta-no-controle-de-tudo-e-tem-todo-poder-entenda\\\/\",\"name\":\"Deus est\u00e1 no controle de tudo e tem todo poder; entenda - Ora\u00e7\u00e3o e F\u00e9\",\"isPartOf\":{\"@id\":\"https:\\\/\\\/www.oracaoefe.com\\\/#website\"},\"primaryImageOfPage\":{\"@id\":\"https:\\\/\\\/www.oracaoefe.com\\\/deus-esta-no-controle-de-tudo-e-tem-todo-poder-entenda\\\/#primaryimage\"},\"image\":{\"@id\":\"https:\\\/\\\/www.oracaoefe.com\\\/deus-esta-no-controle-de-tudo-e-tem-todo-poder-entenda\\\/#primaryimage\"},\"thumbnailUrl\":\"https:\\\/\\\/www.oracaoefe.com\\\/wp-content\\\/uploads\\\/2024\\\/10\\\/image-1.png\",\"datePublished\":\"2024-10-21T09:00:00+00:00\",\"author\":{\"@id\":\"https:\\\/\\\/www.oracaoefe.com\\\/#\\\/schema\\\/person\\\/17283c669442cf005c4d5bb58adfb7f5\"},\"description\":\"Deus tem pra voc\u00ea uma palavra de vida!\",\"breadcrumb\":{\"@id\":\"https:\\\/\\\/www.oracaoefe.com\\\/deus-esta-no-controle-de-tudo-e-tem-todo-poder-entenda\\\/#breadcrumb\"},\"inLanguage\":\"fr-FR\",\"potentialAction\":[{\"@type\":\"ReadAction\",\"target\":[\"https:\\\/\\\/www.oracaoefe.com\\\/deus-esta-no-controle-de-tudo-e-tem-todo-poder-entenda\\\/\"]}]},{\"@type\":\"ImageObject\",\"inLanguage\":\"fr-FR\",\"@id\":\"https:\\\/\\\/www.oracaoefe.com\\\/deus-esta-no-controle-de-tudo-e-tem-todo-poder-entenda\\\/#primaryimage\",\"url\":\"https:\\\/\\\/www.oracaoefe.com\\\/wp-content\\\/uploads\\\/2024\\\/10\\\/image-1.png\",\"contentUrl\":\"https:\\\/\\\/www.oracaoefe.com\\\/wp-content\\\/uploads\\\/2024\\\/10\\\/image-1.png\",\"width\":740,\"height\":415,\"caption\":\"Deus est\u00e1 no controle de tudo\"},{\"@type\":\"BreadcrumbList\",\"@id\":\"https:\\\/\\\/www.oracaoefe.com\\\/deus-esta-no-controle-de-tudo-e-tem-todo-poder-entenda\\\/#breadcrumb\",\"itemListElement\":[{\"@type\":\"ListItem\",\"position\":1,\"name\":\"Home\",\"item\":\"https:\\\/\\\/www.oracaoefe.com\\\/\"},{\"@type\":\"ListItem\",\"position\":2,\"name\":\"F\u00e9\",\"item\":\"https:\\\/\\\/www.oracaoefe.com\\\/es\\\/categoria\\\/fe\\\/\"},{\"@type\":\"ListItem\",\"position\":3,\"name\":\"Deus est\u00e1 no controle de tudo e tem todo poder; entenda\"}]},{\"@type\":\"WebSite\",\"@id\":\"https:\\\/\\\/www.oracaoefe.com\\\/#website\",\"url\":\"https:\\\/\\\/www.oracaoefe.com\\\/\",\"name\":\"Ora\u00e7\u00e3o e F\u00e9\",\"description\":\"\",\"potentialAction\":[{\"@type\":\"SearchAction\",\"target\":{\"@type\":\"EntryPoint\",\"urlTemplate\":\"https:\\\/\\\/www.oracaoefe.com\\\/?s={search_term_string}\"},\"query-input\":{\"@type\":\"PropertyValueSpecification\",\"valueRequired\":true,\"valueName\":\"search_term_string\"}}],\"inLanguage\":\"fr-FR\"},{\"@type\":\"Person\",\"@id\":\"https:\\\/\\\/www.oracaoefe.com\\\/#\\\/schema\\\/person\\\/17283c669442cf005c4d5bb58adfb7f5\",\"name\":\"Michele Azevedo\",\"image\":{\"@type\":\"ImageObject\",\"inLanguage\":\"fr-FR\",\"@id\":\"https:\\\/\\\/secure.gravatar.com\\\/avatar\\\/6b0eb9d22841282815e2cd856a0061c45e1761cd54b22e952d98c4746939aa85?s=96&d=mm&r=g\",\"url\":\"https:\\\/\\\/secure.gravatar.com\\\/avatar\\\/6b0eb9d22841282815e2cd856a0061c45e1761cd54b22e952d98c4746939aa85?s=96&d=mm&r=g\",\"contentUrl\":\"https:\\\/\\\/secure.gravatar.com\\\/avatar\\\/6b0eb9d22841282815e2cd856a0061c45e1761cd54b22e952d98c4746939aa85?s=96&d=mm&r=g\",\"caption\":\"Michele Azevedo\"},\"description\":\"Formada em Letras - Portugu\u00eas\\\/ Ingl\u00eas pela Universidade Estadual de Ponta Grossa (UEPG), p\u00f3s-graduada em Arte na Educa\u00e7\u00e3o (FAPI) e Psicopedagogia Escolar (FAPI), idealizadora e propriet\u00e1ria do site Escritora de Sucesso, possui experi\u00eancia em escrita para blogs em geral e atua como redatora e revisora dos conte\u00fados do Ora\u00e7\u00e3o e F\u00e9.\",\"url\":\"https:\\\/\\\/www.oracaoefe.com\\\/fr\\\/author\\\/michele-azevedo\\\/\"}]}<\/script>\n<!-- \/ Yoast SEO plugin. -->","yoast_head_json":{"title":"Deus est\u00e1 no controle de tudo e tem todo poder; entenda - Ora\u00e7\u00e3o e F\u00e9","description":"Dieu a une parole de vie pour vous !","robots":{"index":"index","follow":"follow","max-snippet":"max-snippet:-1","max-image-preview":"max-image-preview:large","max-video-preview":"max-video-preview:-1"},"canonical":"https:\/\/www.oracaoefe.com\/fr\/deus-esta-no-controle-de-tudo-e-tem-todo-poder-entenda\/","og_locale":"fr_FR","og_type":"article","og_title":"Deus est\u00e1 no controle de tudo e tem todo poder; entenda - Ora\u00e7\u00e3o e F\u00e9","og_description":"Deus tem pra voc\u00ea uma palavra de vida!","og_url":"https:\/\/www.oracaoefe.com\/fr\/deus-esta-no-controle-de-tudo-e-tem-todo-poder-entenda\/","og_site_name":"Ora\u00e7\u00e3o e F\u00e9","article_published_time":"2024-10-21T09:00:00+00:00","og_image":[{"width":740,"height":415,"url":"https:\/\/www.oracaoefe.com\/wp-content\/uploads\/2024\/10\/image-1.png","type":"image\/png"}],"author":"Michele Azevedo","twitter_card":"summary_large_image","twitter_misc":{"\u00c9crit par":"Michele Azevedo","Dur\u00e9e de lecture estim\u00e9e":"5 minutes"},"schema":{"@context":"https:\/\/schema.org","@graph":[{"@type":"Article","@id":"https:\/\/www.oracaoefe.com\/deus-esta-no-controle-de-tudo-e-tem-todo-poder-entenda\/#article","isPartOf":{"@id":"https:\/\/www.oracaoefe.com\/deus-esta-no-controle-de-tudo-e-tem-todo-poder-entenda\/"},"author":{"name":"Michele Azevedo","@id":"https:\/\/www.oracaoefe.com\/#\/schema\/person\/17283c669442cf005c4d5bb58adfb7f5"},"headline":"Deus est\u00e1 no controle de tudo e tem todo poder; entenda","datePublished":"2024-10-21T09:00:00+00:00","mainEntityOfPage":{"@id":"https:\/\/www.oracaoefe.com\/deus-esta-no-controle-de-tudo-e-tem-todo-poder-entenda\/"},"wordCount":1019,"image":{"@id":"https:\/\/www.oracaoefe.com\/deus-esta-no-controle-de-tudo-e-tem-todo-poder-entenda\/#primaryimage"},"thumbnailUrl":"https:\/\/www.oracaoefe.com\/wp-content\/uploads\/2024\/10\/image-1.png","articleSection":["F\u00e9"],"inLanguage":"fr-FR"},{"@type":"WebPage","@id":"https:\/\/www.oracaoefe.com\/deus-esta-no-controle-de-tudo-e-tem-todo-poder-entenda\/","url":"https:\/\/www.oracaoefe.com\/deus-esta-no-controle-de-tudo-e-tem-todo-poder-entenda\/","name":"Deus est\u00e1 no controle de tudo e tem todo poder; entenda - Ora\u00e7\u00e3o e F\u00e9","isPartOf":{"@id":"https:\/\/www.oracaoefe.com\/#website"},"primaryImageOfPage":{"@id":"https:\/\/www.oracaoefe.com\/deus-esta-no-controle-de-tudo-e-tem-todo-poder-entenda\/#primaryimage"},"image":{"@id":"https:\/\/www.oracaoefe.com\/deus-esta-no-controle-de-tudo-e-tem-todo-poder-entenda\/#primaryimage"},"thumbnailUrl":"https:\/\/www.oracaoefe.com\/wp-content\/uploads\/2024\/10\/image-1.png","datePublished":"2024-10-21T09:00:00+00:00","author":{"@id":"https:\/\/www.oracaoefe.com\/#\/schema\/person\/17283c669442cf005c4d5bb58adfb7f5"},"description":"Dieu a une parole de vie pour vous !","breadcrumb":{"@id":"https:\/\/www.oracaoefe.com\/deus-esta-no-controle-de-tudo-e-tem-todo-poder-entenda\/#breadcrumb"},"inLanguage":"fr-FR","potentialAction":[{"@type":"ReadAction","target":["https:\/\/www.oracaoefe.com\/deus-esta-no-controle-de-tudo-e-tem-todo-poder-entenda\/"]}]},{"@type":"ImageObject","inLanguage":"fr-FR","@id":"https:\/\/www.oracaoefe.com\/deus-esta-no-controle-de-tudo-e-tem-todo-poder-entenda\/#primaryimage","url":"https:\/\/www.oracaoefe.com\/wp-content\/uploads\/2024\/10\/image-1.png","contentUrl":"https:\/\/www.oracaoefe.com\/wp-content\/uploads\/2024\/10\/image-1.png","width":740,"height":415,"caption":"Deus est\u00e1 no controle de tudo"},{"@type":"BreadcrumbList","@id":"https:\/\/www.oracaoefe.com\/deus-esta-no-controle-de-tudo-e-tem-todo-poder-entenda\/#breadcrumb","itemListElement":[{"@type":"ListItem","position":1,"name":"Home","item":"https:\/\/www.oracaoefe.com\/"},{"@type":"ListItem","position":2,"name":"F\u00e9","item":"https:\/\/www.oracaoefe.com\/es\/categoria\/fe\/"},{"@type":"ListItem","position":3,"name":"Deus est\u00e1 no controle de tudo e tem todo poder; entenda"}]},{"@type":"WebSite","@id":"https:\/\/www.oracaoefe.com\/#website","url":"https:\/\/www.oracaoefe.com\/","name":"Pri\u00e8re et foi","description":"","potentialAction":[{"@type":"SearchAction","target":{"@type":"EntryPoint","urlTemplate":"https:\/\/www.oracaoefe.com\/?s={search_term_string}"},"query-input":{"@type":"PropertyValueSpecification","valueRequired":true,"valueName":"search_term_string"}}],"inLanguage":"fr-FR"},{"@type":"Person","@id":"https:\/\/www.oracaoefe.com\/#\/schema\/person\/17283c669442cf005c4d5bb58adfb7f5","name":"Michele Azevedo","image":{"@type":"ImageObject","inLanguage":"fr-FR","@id":"https:\/\/secure.gravatar.com\/avatar\/6b0eb9d22841282815e2cd856a0061c45e1761cd54b22e952d98c4746939aa85?s=96&d=mm&r=g","url":"https:\/\/secure.gravatar.com\/avatar\/6b0eb9d22841282815e2cd856a0061c45e1761cd54b22e952d98c4746939aa85?s=96&d=mm&r=g","contentUrl":"https:\/\/secure.gravatar.com\/avatar\/6b0eb9d22841282815e2cd856a0061c45e1761cd54b22e952d98c4746939aa85?s=96&d=mm&r=g","caption":"Michele Azevedo"},"description":"Dipl\u00f4m\u00e9e en litt\u00e9rature portugaise\/anglaise de l&#039;Universit\u00e9 d&#039;\u00c9tat de Ponta Grossa (UEPG), avec des dipl\u00f4mes de troisi\u00e8me cycle en art dans l&#039;\u00e9ducation (FAPI) et en psychop\u00e9dagogie scolaire (FAPI), elle est la cr\u00e9atrice et propri\u00e9taire du site web Escritora de Sucesso, a de l&#039;exp\u00e9rience dans l&#039;\u00e9criture pour les blogs en g\u00e9n\u00e9ral et travaille comme r\u00e9dactrice et \u00e9ditrice du contenu pour Ora\u00e7\u00e3o e F\u00e9.","url":"https:\/\/www.oracaoefe.com\/fr\/author\/michele-azevedo\/"}]}},"_links":{"self":[{"href":"https:\/\/www.oracaoefe.com\/fr\/wp-json\/wp\/v2\/posts\/3220","targetHints":{"allow":["GET"]}}],"collection":[{"href":"https:\/\/www.oracaoefe.com\/fr\/wp-json\/wp\/v2\/posts"}],"about":[{"href":"https:\/\/www.oracaoefe.com\/fr\/wp-json\/wp\/v2\/types\/post"}],"author":[{"embeddable":true,"href":"https:\/\/www.oracaoefe.com\/fr\/wp-json\/wp\/v2\/users\/3"}],"replies":[{"embeddable":true,"href":"https:\/\/www.oracaoefe.com\/fr\/wp-json\/wp\/v2\/comments?post=3220"}],"version-history":[{"count":2,"href":"https:\/\/www.oracaoefe.com\/fr\/wp-json\/wp\/v2\/posts\/3220\/revisions"}],"predecessor-version":[{"id":3249,"href":"https:\/\/www.oracaoefe.com\/fr\/wp-json\/wp\/v2\/posts\/3220\/revisions\/3249"}],"wp:featuredmedia":[{"embeddable":true,"href":"https:\/\/www.oracaoefe.com\/fr\/wp-json\/wp\/v2\/media\/3239"}],"wp:attachment":[{"href":"https:\/\/www.oracaoefe.com\/fr\/wp-json\/wp\/v2\/media?parent=3220"}],"wp:term":[{"taxonomy":"category","embeddable":true,"href":"https:\/\/www.oracaoefe.com\/fr\/wp-json\/wp\/v2\/categories?post=3220"},{"taxonomy":"post_tag","embeddable":true,"href":"https:\/\/www.oracaoefe.com\/fr\/wp-json\/wp\/v2\/tags?post=3220"}],"curies":[{"name":"wp","href":"https:\/\/api.w.org\/{rel}","templated":true}]}}