{"id":3134,"date":"2024-10-12T06:00:00","date_gmt":"2024-10-12T09:00:00","guid":{"rendered":"https:\/\/www.oracaoefe.com\/?p=3134"},"modified":"2025-08-18T23:14:34","modified_gmt":"2025-08-19T02:14:34","slug":"aprenda-a-oracao-para-conseguir-emprego-urgente","status":"publish","type":"post","link":"https:\/\/www.oracaoefe.com\/fr\/aprenda-a-oracao-para-conseguir-emprego-urgente\/","title":{"rendered":"Aprenda a ora\u00e7\u00e3o para conseguir emprego urgente"},"content":{"rendered":"<p class=\"wp-block-paragraph\">Em tempos de necessidade, como quando estamos buscando um emprego com urg\u00eancia, a f\u00e9 pode se tornar uma grande aliada. A ora\u00e7\u00e3o, al\u00e9m de ser uma pr\u00e1tica espiritual, \u00e9 uma forma poderosa de se conectar com nossa for\u00e7a interior, acalmar a mente e focar nas solu\u00e7\u00f5es. Quando feita com sinceridade e prop\u00f3sito, ela pode trazer clareza e tranquilidade para enfrentar esse momento dif\u00edcil. <\/p>\n\n\n\n<h2 class=\"wp-block-heading\">O poder da ora\u00e7\u00e3o no momento de busca por um emprego<\/h2>\n\n\n\n<p class=\"wp-block-paragraph\">Muitas vezes, na busca por um emprego, sentimos ansiedade, medo e incertezas. Esses sentimentos podem nos paralisar, impedindo que tomemos decis\u00f5es eficazes e enxerguemos as oportunidades que surgem. A ora\u00e7\u00e3o entra como uma pr\u00e1tica de al\u00edvio, de confian\u00e7a e, principalmente, como um espa\u00e7o para se reconectar com aquilo que realmente importa.<\/p>\n\n\n\n<figure class=\"wp-block-image size-full is-resized\"><img loading=\"lazy\" decoding=\"async\" width=\"740\" height=\"592\" src=\"https:\/\/www.oracaoefe.com\/wp-content\/uploads\/2024\/09\/image-10.png\" alt=\"\" class=\"wp-image-3152\" style=\"width:840px;height:auto\" srcset=\"https:\/\/www.oracaoefe.com\/wp-content\/uploads\/2024\/09\/image-10.png 740w, https:\/\/www.oracaoefe.com\/wp-content\/uploads\/2024\/09\/image-10-300x240.png 300w, https:\/\/www.oracaoefe.com\/wp-content\/uploads\/2024\/09\/image-10-15x12.png 15w\" sizes=\"auto, (max-width: 740px) 100vw, 740px\" \/><\/figure>\n\n\n\n<p class=\"wp-block-paragraph\">Orar \u00e9, em ess\u00eancia, entregar nossos medos e preocupa\u00e7\u00f5es a uma for\u00e7a maior. Seja qual for sua cren\u00e7a religiosa, a ora\u00e7\u00e3o pode ser um momento de reflex\u00e3o e for\u00e7a interior, pedindo por sabedoria, serenidade e confian\u00e7a. Al\u00e9m de ajudar a lidar com o estresse, a ora\u00e7\u00e3o abre portas para uma vis\u00e3o mais clara e uma atitude mais positiva.<\/p>\n\n\n\n<h2 class=\"wp-block-heading\">Como preparar-se para a ora\u00e7\u00e3o<\/h2>\n\n\n\n<p class=\"wp-block-paragraph\">Antes de come\u00e7ar a ora\u00e7\u00e3o, \u00e9 importante preparar o ambiente e o cora\u00e7\u00e3o. Mesmo quando buscamos respostas imediatas, a ora\u00e7\u00e3o deve ser feita com calma e concentra\u00e7\u00e3o. Siga algumas orienta\u00e7\u00f5es para criar esse momento de conex\u00e3o:<\/p>\n\n\n\n<ul class=\"wp-block-list\">\n<li><strong>Encontre um lugar tranquilo<\/strong>: Busque um ambiente silencioso onde voc\u00ea possa se concentrar sem distra\u00e7\u00f5es. Pode ser um canto de sua casa ou qualquer lugar onde se sinta \u00e0 vontade.<\/li>\n\n\n\n<li><strong>Respire fundo<\/strong>: Antes de iniciar a ora\u00e7\u00e3o, fa\u00e7a algumas respira\u00e7\u00f5es profundas. Isso ajuda a acalmar a mente e o corpo, trazendo uma sensa\u00e7\u00e3o de paz.<\/li>\n\n\n\n<li><strong>Mantenha a mente positiva<\/strong>: Ao fazer a ora\u00e7\u00e3o, mentalize um resultado positivo. Visualize-se conseguindo o emprego e sentindo-se realizado. A f\u00e9 e a mentalidade positiva s\u00e3o fatores poderosos durante esse processo.<\/li>\n<\/ul>\n\n\n\n<h2 class=\"wp-block-heading\">Ora\u00e7\u00e3o poderosa para conseguir um emprego urgente<\/h2>\n\n\n\n<p class=\"wp-block-paragraph\">A seguir, apresentamos uma ora\u00e7\u00e3o simples, mas cheia de significado, que pode ser feita por quem est\u00e1 buscando um emprego de forma urgente. Lembre-se de que o mais importante n\u00e3o s\u00e3o as palavras exatas, mas a sinceridade com que voc\u00ea se coloca diante da situa\u00e7\u00e3o.<\/p>\n\n\n\n<blockquote class=\"wp-block-quote is-layout-flow wp-block-quote-is-layout-flow\">\n<p class=\"wp-block-paragraph\"><strong>&#8220;Senhor, em meio a tantas dificuldades, venho a ti com o cora\u00e7\u00e3o aberto e humilde. Tu conheces minhas necessidades e a urg\u00eancia que enfrento para conseguir um emprego. Coloco minha vida e meus desafios em tuas m\u00e3os, pedindo que ilumines meu caminho e me guies \u00e0s oportunidades certas. D\u00e1-me sabedoria para enxergar as portas que est\u00e3o se abrindo, e for\u00e7a para n\u00e3o desistir diante dos obst\u00e1culos. Que eu tenha serenidade e confian\u00e7a para enfrentar este momento, sabendo que tu \u00e9s meu sustento e minha prote\u00e7\u00e3o. Eu agrade\u00e7o por tudo que j\u00e1 recebi e confio que, com tua gra\u00e7a, um novo emprego surgir\u00e1 em breve. Am\u00e9m.&#8221;<\/strong><\/p>\n<\/blockquote>\n\n\n\n<p class=\"wp-block-paragraph\">Essa ora\u00e7\u00e3o pode ser feita quantas vezes voc\u00ea sentir necessidade. O importante \u00e9 manter a f\u00e9 e a esperan\u00e7a, al\u00e9m de agir de forma proativa na busca de emprego, como veremos mais adiante.<\/p>\n\n\n\n<h2 class=\"wp-block-heading\">Orar com f\u00e9 e agir com determina\u00e7\u00e3o<\/h2>\n\n\n\n<p class=\"wp-block-paragraph\">A ora\u00e7\u00e3o \u00e9 uma poderosa ferramenta espiritual, mas tamb\u00e9m \u00e9 essencial tomar atitudes pr\u00e1ticas na busca por um emprego. Quando aliamos a f\u00e9 com a\u00e7\u00f5es concretas, aumentamos significativamente nossas chances de sucesso. Aqui est\u00e3o algumas dicas para potencializar sua busca:<\/p>\n\n\n\n<ul class=\"wp-block-list\">\n<li><strong>Atualize seu curr\u00edculo<\/strong>: Certifique-se de que seu curr\u00edculo esteja bem formatado, atualizado e pronto para ser enviado a qualquer momento.<\/li>\n\n\n\n<li><strong>Amplie sua rede de contatos<\/strong>: Converse com amigos, familiares e conhecidos. Muitas vezes, as melhores oportunidades surgem por meio de indica\u00e7\u00f5es.<\/li>\n\n\n\n<li><strong>Pesquise vagas diariamente<\/strong>: Dedique parte do seu dia \u00e0 busca ativa de vagas de emprego. Existem in\u00fameras plataformas online que podem facilitar esse processo.<\/li>\n\n\n\n<li><strong>Prepare-se para entrevistas<\/strong>: Mesmo em momentos de urg\u00eancia, estar preparado para entrevistas \u00e9 fundamental. Pratique suas respostas e mostre-se confiante e seguro durante o processo seletivo.<\/li>\n<\/ul>\n\n\n\n<h2 class=\"wp-block-heading\">A import\u00e2ncia de manter a f\u00e9 e a perseveran\u00e7a<\/h2>\n\n\n\n<p class=\"wp-block-paragraph\">O caminho para conseguir um emprego pode ser desafiador, especialmente quando a necessidade \u00e9 urgente. Durante esse per\u00edodo, \u00e9 normal que a ansiedade aumente, mas \u00e9 importante lembrar que a f\u00e9 e a paci\u00eancia andam juntas. A ora\u00e7\u00e3o serve tamb\u00e9m como um lembrete de que, apesar das dificuldades, h\u00e1 algo maior guiando nosso caminho.<\/p>\n\n\n\n<p class=\"wp-block-paragraph\">Manter-se perseverante, tanto na busca por emprego quanto na ora\u00e7\u00e3o, faz toda a diferen\u00e7a. Quando focamos nossas energias em pensamentos positivos e a\u00e7\u00f5es concretas, as oportunidades come\u00e7am a surgir. E mesmo quando o emprego demora a chegar, as portas se abrem de formas inesperadas, trazendo novas perspectivas.<\/p>\n\n\n\n<h2 class=\"wp-block-heading\">Confiar no processo e continuar buscando<\/h2>\n\n\n\n<p class=\"wp-block-paragraph\">A busca por um emprego, especialmente em tempos dif\u00edceis, \u00e9 um processo que exige confian\u00e7a e determina\u00e7\u00e3o. Por mais que as respostas n\u00e3o venham no tempo esperado, \u00e9 importante lembrar que tudo tem seu momento certo. A ora\u00e7\u00e3o ajuda a fortalecer essa confian\u00e7a e a manter o foco no que realmente importa.<\/p>\n\n\n\n<p class=\"wp-block-paragraph\">Por isso, continue orando, buscando oportunidades e acreditando que o emprego ideal est\u00e1 a caminho. Com f\u00e9, a\u00e7\u00e3o e perseveran\u00e7a, voc\u00ea encontrar\u00e1 a vaga que tanto precisa, e esse per\u00edodo de dificuldade ser\u00e1 superado.<\/p>\n\n\n\n<h2 class=\"wp-block-heading\">Um momento de gratid\u00e3o e reflex\u00e3o<\/h2>\n\n\n\n<p class=\"wp-block-paragraph\">Independentemente do resultado imediato, \u00e9 importante sempre finalizar o momento de ora\u00e7\u00e3o com gratid\u00e3o. Agrade\u00e7a pelo que voc\u00ea j\u00e1 conquistou, pelas portas que ainda ir\u00e3o se abrir e pela for\u00e7a que voc\u00ea est\u00e1 adquirindo ao enfrentar essa fase. Esse exerc\u00edcio de gratid\u00e3o refor\u00e7a a confian\u00e7a e traz paz ao cora\u00e7\u00e3o, preparando voc\u00ea para os desafios e oportunidades que est\u00e3o por vir.<\/p>\n\n\n\n<blockquote class=\"wp-block-quote is-layout-flow wp-block-quote-is-layout-flow\">\n<p class=\"wp-block-paragraph\"><strong>&#8220;Agrade\u00e7o, Senhor, por tudo que j\u00e1 me foi concedido e pelo emprego que est\u00e1 a caminho. Confio em tua provid\u00eancia e sigo com f\u00e9 e coragem, sabendo que tudo coopera para o bem daqueles que te amam. Am\u00e9m.&#8221;<\/strong><\/p>\n<\/blockquote>\n\n\n\n<p class=\"wp-block-paragraph\">Com essa pr\u00e1tica di\u00e1ria de ora\u00e7\u00e3o e a\u00e7\u00e3o, voc\u00ea estar\u00e1 mais preparado para enfrentar os desafios e encontrar o emprego que tanto busca.<\/p>\n\n\n\n<p class=\"wp-block-paragraph\"><strong>Veja tamb\u00e9m: Conhe\u00e7a os benef\u00edcios dos apps de m\u00fasica crist\u00e3 para seu dia a dia<\/strong><\/p>\n\n\n\n<p class=\"wp-block-paragraph\">12 de outubro de 2024<\/p>","protected":false},"excerpt":{"rendered":"<p>Em tempos de necessidade, como quando estamos buscando um emprego com urg\u00eancia, a f\u00e9 pode se tornar uma grande aliada. A ora\u00e7\u00e3o, al\u00e9m de ser uma pr\u00e1tica espiritual, \u00e9 uma forma poderosa de se conectar com nossa for\u00e7a interior, acalmar a mente e focar nas solu\u00e7\u00f5es. Quando feita com sinceridade e prop\u00f3sito, ela pode trazer&hellip;&nbsp;<\/p>","protected":false},"author":3,"featured_media":3152,"comment_status":"closed","ping_status":"closed","sticky":false,"template":"","format":"standard","meta":{"neve_meta_sidebar":"","neve_meta_container":"","neve_meta_enable_content_width":"","neve_meta_content_width":0,"neve_meta_title_alignment":"","neve_meta_author_avatar":"","neve_post_elements_order":"","neve_meta_disable_header":"","neve_meta_disable_footer":"","neve_meta_disable_title":"","footnotes":""},"categories":[2],"tags":[],"class_list":["post-3134","post","type-post","status-publish","format-standard","has-post-thumbnail","hentry","category-oracao"],"yoast_head":"<!-- This site is optimized with the Yoast SEO plugin v28.4 - https:\/\/yoast.com\/product\/yoast-seo-wordpress\/ -->\n<title>Aprenda a ora\u00e7\u00e3o para conseguir emprego urgente - Ora\u00e7\u00e3o e F\u00e9<\/title>\n<meta name=\"description\" content=\"Deus tem pra voc\u00ea uma palavra de vida!\" \/>\n<meta name=\"robots\" content=\"index, follow, max-snippet:-1, max-image-preview:large, max-video-preview:-1\" \/>\n<link rel=\"canonical\" href=\"https:\/\/www.oracaoefe.com\/fr\/aprenda-a-oracao-para-conseguir-emprego-urgente\/\" \/>\n<meta property=\"og:locale\" content=\"fr_FR\" \/>\n<meta property=\"og:type\" content=\"article\" \/>\n<meta property=\"og:title\" content=\"Aprenda a ora\u00e7\u00e3o para conseguir emprego urgente - Ora\u00e7\u00e3o e F\u00e9\" \/>\n<meta property=\"og:description\" content=\"Deus tem pra voc\u00ea uma palavra de vida!\" \/>\n<meta property=\"og:url\" content=\"https:\/\/www.oracaoefe.com\/fr\/aprenda-a-oracao-para-conseguir-emprego-urgente\/\" \/>\n<meta property=\"og:site_name\" content=\"Ora\u00e7\u00e3o e F\u00e9\" \/>\n<meta property=\"article:published_time\" content=\"2024-10-12T09:00:00+00:00\" \/>\n<meta property=\"article:modified_time\" content=\"2025-08-19T02:14:34+00:00\" \/>\n<meta property=\"og:image\" content=\"https:\/\/www.oracaoefe.com\/wp-content\/uploads\/2024\/09\/image-10.png\" \/>\n\t<meta property=\"og:image:width\" content=\"740\" \/>\n\t<meta property=\"og:image:height\" content=\"592\" \/>\n\t<meta property=\"og:image:type\" content=\"image\/png\" \/>\n<meta name=\"author\" content=\"Michele Azevedo\" \/>\n<meta name=\"twitter:card\" content=\"summary_large_image\" \/>\n<meta name=\"twitter:label1\" content=\"\u00c9crit par\" \/>\n\t<meta name=\"twitter:data1\" content=\"Michele Azevedo\" \/>\n\t<meta name=\"twitter:label2\" content=\"Dur\u00e9e de lecture estim\u00e9e\" \/>\n\t<meta name=\"twitter:data2\" content=\"5 minutes\" \/>\n<script type=\"application\/ld+json\" class=\"yoast-schema-graph\">{\"@context\":\"https:\\\/\\\/schema.org\",\"@graph\":[{\"@type\":\"Article\",\"@id\":\"https:\\\/\\\/www.oracaoefe.com\\\/aprenda-a-oracao-para-conseguir-emprego-urgente\\\/#article\",\"isPartOf\":{\"@id\":\"https:\\\/\\\/www.oracaoefe.com\\\/aprenda-a-oracao-para-conseguir-emprego-urgente\\\/\"},\"author\":{\"name\":\"Michele Azevedo\",\"@id\":\"https:\\\/\\\/www.oracaoefe.com\\\/#\\\/schema\\\/person\\\/17283c669442cf005c4d5bb58adfb7f5\"},\"headline\":\"Aprenda a ora\u00e7\u00e3o para conseguir emprego urgente\",\"datePublished\":\"2024-10-12T09:00:00+00:00\",\"dateModified\":\"2025-08-19T02:14:34+00:00\",\"mainEntityOfPage\":{\"@id\":\"https:\\\/\\\/www.oracaoefe.com\\\/aprenda-a-oracao-para-conseguir-emprego-urgente\\\/\"},\"wordCount\":1095,\"image\":{\"@id\":\"https:\\\/\\\/www.oracaoefe.com\\\/aprenda-a-oracao-para-conseguir-emprego-urgente\\\/#primaryimage\"},\"thumbnailUrl\":\"https:\\\/\\\/www.oracaoefe.com\\\/wp-content\\\/uploads\\\/2024\\\/09\\\/image-10.png\",\"articleSection\":[\"Ora\u00e7\u00e3o\"],\"inLanguage\":\"fr-FR\"},{\"@type\":\"WebPage\",\"@id\":\"https:\\\/\\\/www.oracaoefe.com\\\/aprenda-a-oracao-para-conseguir-emprego-urgente\\\/\",\"url\":\"https:\\\/\\\/www.oracaoefe.com\\\/aprenda-a-oracao-para-conseguir-emprego-urgente\\\/\",\"name\":\"Aprenda a ora\u00e7\u00e3o para conseguir emprego urgente - Ora\u00e7\u00e3o e F\u00e9\",\"isPartOf\":{\"@id\":\"https:\\\/\\\/www.oracaoefe.com\\\/#website\"},\"primaryImageOfPage\":{\"@id\":\"https:\\\/\\\/www.oracaoefe.com\\\/aprenda-a-oracao-para-conseguir-emprego-urgente\\\/#primaryimage\"},\"image\":{\"@id\":\"https:\\\/\\\/www.oracaoefe.com\\\/aprenda-a-oracao-para-conseguir-emprego-urgente\\\/#primaryimage\"},\"thumbnailUrl\":\"https:\\\/\\\/www.oracaoefe.com\\\/wp-content\\\/uploads\\\/2024\\\/09\\\/image-10.png\",\"datePublished\":\"2024-10-12T09:00:00+00:00\",\"dateModified\":\"2025-08-19T02:14:34+00:00\",\"author\":{\"@id\":\"https:\\\/\\\/www.oracaoefe.com\\\/#\\\/schema\\\/person\\\/17283c669442cf005c4d5bb58adfb7f5\"},\"description\":\"Deus tem pra voc\u00ea uma palavra de vida!\",\"breadcrumb\":{\"@id\":\"https:\\\/\\\/www.oracaoefe.com\\\/aprenda-a-oracao-para-conseguir-emprego-urgente\\\/#breadcrumb\"},\"inLanguage\":\"fr-FR\",\"potentialAction\":[{\"@type\":\"ReadAction\",\"target\":[\"https:\\\/\\\/www.oracaoefe.com\\\/aprenda-a-oracao-para-conseguir-emprego-urgente\\\/\"]}]},{\"@type\":\"ImageObject\",\"inLanguage\":\"fr-FR\",\"@id\":\"https:\\\/\\\/www.oracaoefe.com\\\/aprenda-a-oracao-para-conseguir-emprego-urgente\\\/#primaryimage\",\"url\":\"https:\\\/\\\/www.oracaoefe.com\\\/wp-content\\\/uploads\\\/2024\\\/09\\\/image-10.png\",\"contentUrl\":\"https:\\\/\\\/www.oracaoefe.com\\\/wp-content\\\/uploads\\\/2024\\\/09\\\/image-10.png\",\"width\":740,\"height\":592},{\"@type\":\"BreadcrumbList\",\"@id\":\"https:\\\/\\\/www.oracaoefe.com\\\/aprenda-a-oracao-para-conseguir-emprego-urgente\\\/#breadcrumb\",\"itemListElement\":[{\"@type\":\"ListItem\",\"position\":1,\"name\":\"Home\",\"item\":\"https:\\\/\\\/www.oracaoefe.com\\\/\"},{\"@type\":\"ListItem\",\"position\":2,\"name\":\"Ora\u00e7\u00e3o\",\"item\":\"https:\\\/\\\/www.oracaoefe.com\\\/category\\\/oracao\\\/\"},{\"@type\":\"ListItem\",\"position\":3,\"name\":\"Aprenda a ora\u00e7\u00e3o para conseguir emprego urgente\"}]},{\"@type\":\"WebSite\",\"@id\":\"https:\\\/\\\/www.oracaoefe.com\\\/#website\",\"url\":\"https:\\\/\\\/www.oracaoefe.com\\\/\",\"name\":\"Ora\u00e7\u00e3o e F\u00e9\",\"description\":\"\",\"potentialAction\":[{\"@type\":\"SearchAction\",\"target\":{\"@type\":\"EntryPoint\",\"urlTemplate\":\"https:\\\/\\\/www.oracaoefe.com\\\/?s={search_term_string}\"},\"query-input\":{\"@type\":\"PropertyValueSpecification\",\"valueRequired\":true,\"valueName\":\"search_term_string\"}}],\"inLanguage\":\"fr-FR\"},{\"@type\":\"Person\",\"@id\":\"https:\\\/\\\/www.oracaoefe.com\\\/#\\\/schema\\\/person\\\/17283c669442cf005c4d5bb58adfb7f5\",\"name\":\"Michele Azevedo\",\"image\":{\"@type\":\"ImageObject\",\"inLanguage\":\"fr-FR\",\"@id\":\"https:\\\/\\\/secure.gravatar.com\\\/avatar\\\/6b0eb9d22841282815e2cd856a0061c45e1761cd54b22e952d98c4746939aa85?s=96&d=mm&r=g\",\"url\":\"https:\\\/\\\/secure.gravatar.com\\\/avatar\\\/6b0eb9d22841282815e2cd856a0061c45e1761cd54b22e952d98c4746939aa85?s=96&d=mm&r=g\",\"contentUrl\":\"https:\\\/\\\/secure.gravatar.com\\\/avatar\\\/6b0eb9d22841282815e2cd856a0061c45e1761cd54b22e952d98c4746939aa85?s=96&d=mm&r=g\",\"caption\":\"Michele Azevedo\"},\"description\":\"Formada em Letras - Portugu\u00eas\\\/ Ingl\u00eas pela Universidade Estadual de Ponta Grossa (UEPG), p\u00f3s-graduada em Arte na Educa\u00e7\u00e3o (FAPI) e Psicopedagogia Escolar (FAPI), idealizadora e propriet\u00e1ria do site Escritora de Sucesso, possui experi\u00eancia em escrita para blogs em geral e atua como redatora e revisora dos conte\u00fados do Ora\u00e7\u00e3o e F\u00e9.\",\"url\":\"https:\\\/\\\/www.oracaoefe.com\\\/fr\\\/author\\\/michele-azevedo\\\/\"}]}<\/script>\n<!-- \/ Yoast SEO plugin. -->","yoast_head_json":{"title":"Aprenda a ora\u00e7\u00e3o para conseguir emprego urgente - Ora\u00e7\u00e3o e F\u00e9","description":"Dieu a une parole de vie pour vous !","robots":{"index":"index","follow":"follow","max-snippet":"max-snippet:-1","max-image-preview":"max-image-preview:large","max-video-preview":"max-video-preview:-1"},"canonical":"https:\/\/www.oracaoefe.com\/fr\/aprenda-a-oracao-para-conseguir-emprego-urgente\/","og_locale":"fr_FR","og_type":"article","og_title":"Aprenda a ora\u00e7\u00e3o para conseguir emprego urgente - Ora\u00e7\u00e3o e F\u00e9","og_description":"Deus tem pra voc\u00ea uma palavra de vida!","og_url":"https:\/\/www.oracaoefe.com\/fr\/aprenda-a-oracao-para-conseguir-emprego-urgente\/","og_site_name":"Ora\u00e7\u00e3o e F\u00e9","article_published_time":"2024-10-12T09:00:00+00:00","article_modified_time":"2025-08-19T02:14:34+00:00","og_image":[{"width":740,"height":592,"url":"https:\/\/www.oracaoefe.com\/wp-content\/uploads\/2024\/09\/image-10.png","type":"image\/png"}],"author":"Michele Azevedo","twitter_card":"summary_large_image","twitter_misc":{"\u00c9crit par":"Michele Azevedo","Dur\u00e9e de lecture estim\u00e9e":"5 minutes"},"schema":{"@context":"https:\/\/schema.org","@graph":[{"@type":"Article","@id":"https:\/\/www.oracaoefe.com\/aprenda-a-oracao-para-conseguir-emprego-urgente\/#article","isPartOf":{"@id":"https:\/\/www.oracaoefe.com\/aprenda-a-oracao-para-conseguir-emprego-urgente\/"},"author":{"name":"Michele Azevedo","@id":"https:\/\/www.oracaoefe.com\/#\/schema\/person\/17283c669442cf005c4d5bb58adfb7f5"},"headline":"Aprenda a ora\u00e7\u00e3o para conseguir emprego urgente","datePublished":"2024-10-12T09:00:00+00:00","dateModified":"2025-08-19T02:14:34+00:00","mainEntityOfPage":{"@id":"https:\/\/www.oracaoefe.com\/aprenda-a-oracao-para-conseguir-emprego-urgente\/"},"wordCount":1095,"image":{"@id":"https:\/\/www.oracaoefe.com\/aprenda-a-oracao-para-conseguir-emprego-urgente\/#primaryimage"},"thumbnailUrl":"https:\/\/www.oracaoefe.com\/wp-content\/uploads\/2024\/09\/image-10.png","articleSection":["Ora\u00e7\u00e3o"],"inLanguage":"fr-FR"},{"@type":"WebPage","@id":"https:\/\/www.oracaoefe.com\/aprenda-a-oracao-para-conseguir-emprego-urgente\/","url":"https:\/\/www.oracaoefe.com\/aprenda-a-oracao-para-conseguir-emprego-urgente\/","name":"Aprenda a ora\u00e7\u00e3o para conseguir emprego urgente - Ora\u00e7\u00e3o e F\u00e9","isPartOf":{"@id":"https:\/\/www.oracaoefe.com\/#website"},"primaryImageOfPage":{"@id":"https:\/\/www.oracaoefe.com\/aprenda-a-oracao-para-conseguir-emprego-urgente\/#primaryimage"},"image":{"@id":"https:\/\/www.oracaoefe.com\/aprenda-a-oracao-para-conseguir-emprego-urgente\/#primaryimage"},"thumbnailUrl":"https:\/\/www.oracaoefe.com\/wp-content\/uploads\/2024\/09\/image-10.png","datePublished":"2024-10-12T09:00:00+00:00","dateModified":"2025-08-19T02:14:34+00:00","author":{"@id":"https:\/\/www.oracaoefe.com\/#\/schema\/person\/17283c669442cf005c4d5bb58adfb7f5"},"description":"Dieu a une parole de vie pour vous !","breadcrumb":{"@id":"https:\/\/www.oracaoefe.com\/aprenda-a-oracao-para-conseguir-emprego-urgente\/#breadcrumb"},"inLanguage":"fr-FR","potentialAction":[{"@type":"ReadAction","target":["https:\/\/www.oracaoefe.com\/aprenda-a-oracao-para-conseguir-emprego-urgente\/"]}]},{"@type":"ImageObject","inLanguage":"fr-FR","@id":"https:\/\/www.oracaoefe.com\/aprenda-a-oracao-para-conseguir-emprego-urgente\/#primaryimage","url":"https:\/\/www.oracaoefe.com\/wp-content\/uploads\/2024\/09\/image-10.png","contentUrl":"https:\/\/www.oracaoefe.com\/wp-content\/uploads\/2024\/09\/image-10.png","width":740,"height":592},{"@type":"BreadcrumbList","@id":"https:\/\/www.oracaoefe.com\/aprenda-a-oracao-para-conseguir-emprego-urgente\/#breadcrumb","itemListElement":[{"@type":"ListItem","position":1,"name":"Home","item":"https:\/\/www.oracaoefe.com\/"},{"@type":"ListItem","position":2,"name":"Ora\u00e7\u00e3o","item":"https:\/\/www.oracaoefe.com\/category\/oracao\/"},{"@type":"ListItem","position":3,"name":"Aprenda a ora\u00e7\u00e3o para conseguir emprego urgente"}]},{"@type":"WebSite","@id":"https:\/\/www.oracaoefe.com\/#website","url":"https:\/\/www.oracaoefe.com\/","name":"Pri\u00e8re et foi","description":"","potentialAction":[{"@type":"SearchAction","target":{"@type":"EntryPoint","urlTemplate":"https:\/\/www.oracaoefe.com\/?s={search_term_string}"},"query-input":{"@type":"PropertyValueSpecification","valueRequired":true,"valueName":"search_term_string"}}],"inLanguage":"fr-FR"},{"@type":"Person","@id":"https:\/\/www.oracaoefe.com\/#\/schema\/person\/17283c669442cf005c4d5bb58adfb7f5","name":"Michele Azevedo","image":{"@type":"ImageObject","inLanguage":"fr-FR","@id":"https:\/\/secure.gravatar.com\/avatar\/6b0eb9d22841282815e2cd856a0061c45e1761cd54b22e952d98c4746939aa85?s=96&d=mm&r=g","url":"https:\/\/secure.gravatar.com\/avatar\/6b0eb9d22841282815e2cd856a0061c45e1761cd54b22e952d98c4746939aa85?s=96&d=mm&r=g","contentUrl":"https:\/\/secure.gravatar.com\/avatar\/6b0eb9d22841282815e2cd856a0061c45e1761cd54b22e952d98c4746939aa85?s=96&d=mm&r=g","caption":"Michele Azevedo"},"description":"Dipl\u00f4m\u00e9e en litt\u00e9rature portugaise\/anglaise de l&#039;Universit\u00e9 d&#039;\u00c9tat de Ponta Grossa (UEPG), avec des dipl\u00f4mes de troisi\u00e8me cycle en art dans l&#039;\u00e9ducation (FAPI) et en psychop\u00e9dagogie scolaire (FAPI), elle est la cr\u00e9atrice et propri\u00e9taire du site web Escritora de Sucesso, a de l&#039;exp\u00e9rience dans l&#039;\u00e9criture pour les blogs en g\u00e9n\u00e9ral et travaille comme r\u00e9dactrice et \u00e9ditrice du contenu pour Ora\u00e7\u00e3o e F\u00e9.","url":"https:\/\/www.oracaoefe.com\/fr\/author\/michele-azevedo\/"}]}},"_links":{"self":[{"href":"https:\/\/www.oracaoefe.com\/fr\/wp-json\/wp\/v2\/posts\/3134","targetHints":{"allow":["GET"]}}],"collection":[{"href":"https:\/\/www.oracaoefe.com\/fr\/wp-json\/wp\/v2\/posts"}],"about":[{"href":"https:\/\/www.oracaoefe.com\/fr\/wp-json\/wp\/v2\/types\/post"}],"author":[{"embeddable":true,"href":"https:\/\/www.oracaoefe.com\/fr\/wp-json\/wp\/v2\/users\/3"}],"replies":[{"embeddable":true,"href":"https:\/\/www.oracaoefe.com\/fr\/wp-json\/wp\/v2\/comments?post=3134"}],"version-history":[{"count":3,"href":"https:\/\/www.oracaoefe.com\/fr\/wp-json\/wp\/v2\/posts\/3134\/revisions"}],"predecessor-version":[{"id":3752,"href":"https:\/\/www.oracaoefe.com\/fr\/wp-json\/wp\/v2\/posts\/3134\/revisions\/3752"}],"wp:featuredmedia":[{"embeddable":true,"href":"https:\/\/www.oracaoefe.com\/fr\/wp-json\/wp\/v2\/media\/3152"}],"wp:attachment":[{"href":"https:\/\/www.oracaoefe.com\/fr\/wp-json\/wp\/v2\/media?parent=3134"}],"wp:term":[{"taxonomy":"category","embeddable":true,"href":"https:\/\/www.oracaoefe.com\/fr\/wp-json\/wp\/v2\/categories?post=3134"},{"taxonomy":"post_tag","embeddable":true,"href":"https:\/\/www.oracaoefe.com\/fr\/wp-json\/wp\/v2\/tags?post=3134"}],"curies":[{"name":"wp","href":"https:\/\/api.w.org\/{rel}","templated":true}]}}