{"id":3132,"date":"2024-10-09T06:00:00","date_gmt":"2024-10-09T09:00:00","guid":{"rendered":"https:\/\/www.oracaoefe.com\/?p=3132"},"modified":"2025-08-07T07:42:15","modified_gmt":"2025-08-07T10:42:15","slug":"os-principais-movimentos-inter-religiosos-que-estao-ganhando-forca-em-2024","status":"publish","type":"post","link":"https:\/\/www.oracaoefe.com\/fr\/os-principais-movimentos-inter-religiosos-que-estao-ganhando-forca-em-2024\/","title":{"rendered":"Os principais movimentos inter-religiosos que est\u00e3o ganhando for\u00e7a em 2024"},"content":{"rendered":"<p class=\"wp-block-paragraph\">O cen\u00e1rio global em 2024 est\u00e1 sendo marcado por desafios complexos, como mudan\u00e7as clim\u00e1ticas, desigualdade social, conflitos geopol\u00edticos e crises econ\u00f4micas. Diante dessa realidade, os movimentos inter-religiosos t\u00eam se destacado como uma importante for\u00e7a para promover o di\u00e1logo, a coopera\u00e7\u00e3o e a a\u00e7\u00e3o conjunta em prol de um mundo mais justo e sustent\u00e1vel. Esses movimentos buscam transcender diferen\u00e7as teol\u00f3gicas e culturais, reunindo pessoas de diferentes cren\u00e7as para trabalhar em objetivos comuns.<\/p>\n\n\n\n<h2 class=\"wp-block-heading\">O papel dos movimentos inter-religiosos na constru\u00e7\u00e3o de pontes<\/h2>\n\n\n\n<p class=\"wp-block-paragraph\">Antes de mergulharmos nas iniciativas mais recentes, \u00e9 importante entender o papel dos movimentos inter-religiosos. Esses movimentos surgem da necessidade de di\u00e1logo e colabora\u00e7\u00e3o entre diferentes tradi\u00e7\u00f5es religiosas, com o objetivo de abordar quest\u00f5es sociais e ambientais de forma conjunta. Muitas vezes, as divis\u00f5es religiosas podem se transformar em obst\u00e1culos para a paz e o entendimento m\u00fatuo, e \u00e9 nesse ponto que os movimentos inter-religiosos entram em cena.<\/p>\n\n\n\n<figure class=\"wp-block-image size-full is-resized\"><img loading=\"lazy\" decoding=\"async\" width=\"740\" height=\"444\" src=\"https:\/\/www.oracaoefe.com\/wp-content\/uploads\/2024\/09\/image-9.png\" alt=\"\" class=\"wp-image-3150\" style=\"width:840px;height:auto\" srcset=\"https:\/\/www.oracaoefe.com\/wp-content\/uploads\/2024\/09\/image-9.png 740w, https:\/\/www.oracaoefe.com\/wp-content\/uploads\/2024\/09\/image-9-300x180.png 300w, https:\/\/www.oracaoefe.com\/wp-content\/uploads\/2024\/09\/image-9-18x12.png 18w\" sizes=\"auto, (max-width: 740px) 100vw, 740px\" \/><\/figure>\n\n\n\n<p class=\"wp-block-paragraph\">Os l\u00edderes desses movimentos reconhecem que, apesar das diferen\u00e7as doutrin\u00e1rias, muitas religi\u00f5es compartilham valores fundamentais, como compaix\u00e3o, justi\u00e7a, solidariedade e cuidado com o meio ambiente. Essa compreens\u00e3o comum serve como base para iniciativas inter-religiosas, permitindo que pessoas de diferentes f\u00e9s trabalhem juntas para enfrentar os desafios globais.<\/p>\n\n\n\n<h2 class=\"wp-block-heading\">O surgimento de uma \u00e9tica ecol\u00f3gica inter-religiosa<\/h2>\n\n\n\n<p class=\"wp-block-paragraph\">Em 2024, a quest\u00e3o ambiental continua sendo uma das principais \u00e1reas de a\u00e7\u00e3o dos movimentos inter-religiosos. A crise clim\u00e1tica n\u00e3o apenas impacta o meio ambiente, mas tamb\u00e9m intensifica problemas sociais, como a pobreza, a desigualdade e a migra\u00e7\u00e3o for\u00e7ada. Diante disso, diversas iniciativas inter-religiosas t\u00eam emergido com o foco em promover uma <strong>\u00e9tica ecol\u00f3gica<\/strong> que una diferentes tradi\u00e7\u00f5es religiosas em torno do cuidado com o planeta.<\/p>\n\n\n\n<p class=\"wp-block-paragraph\">Uma das iniciativas mais influentes nesse sentido \u00e9 o <strong>GreenFaith<\/strong>, um movimento global que re\u00fane l\u00edderes religiosos e comunidades de diferentes f\u00e9s para promover pr\u00e1ticas sustent\u00e1veis e advogar por pol\u00edticas ambientais mais justas. O GreenFaith tem organizado campanhas de conscientiza\u00e7\u00e3o ambiental, encorajado pr\u00e1ticas ecol\u00f3gicas nas comunidades religiosas e pressionado governos e empresas a adotarem medidas para mitigar os efeitos das mudan\u00e7as clim\u00e1ticas.<\/p>\n\n\n\n<p class=\"wp-block-paragraph\">Al\u00e9m disso, o <strong>Parlamento das Religi\u00f5es do Mundo<\/strong>, que ocorre periodicamente, tem sido um f\u00f3rum importante para o di\u00e1logo inter-religioso sobre a crise clim\u00e1tica. Em 2024, o parlamento tem dado \u00eanfase \u00e0 ideia de que a prote\u00e7\u00e3o ambiental \u00e9 uma responsabilidade espiritual, e que as religi\u00f5es devem desempenhar um papel de lideran\u00e7a no combate \u00e0 crise clim\u00e1tica.<\/p>\n\n\n\n<h2 class=\"wp-block-heading\">Justi\u00e7a social e econ\u00f4mica: uma prioridade inter-religiosa<\/h2>\n\n\n\n<p class=\"wp-block-paragraph\">Outra \u00e1rea onde os movimentos inter-religiosos t\u00eam ganhado for\u00e7a \u00e9 na luta por justi\u00e7a social e econ\u00f4mica. Quest\u00f5es como a desigualdade de renda, o racismo, o sexismo e a explora\u00e7\u00e3o dos trabalhadores s\u00e3o temas centrais para muitas religi\u00f5es. Em 2024, esses movimentos est\u00e3o abordando esses problemas de forma colaborativa, reconhecendo que as injusti\u00e7as sociais afetam pessoas de todas as f\u00e9s e classes sociais.<\/p>\n\n\n\n<p class=\"wp-block-paragraph\">Um movimento inter-religioso que tem se destacado nesse campo \u00e9 o <strong>Religions for Peace<\/strong>, que re\u00fane l\u00edderes religiosos de mais de 90 pa\u00edses para promover a paz, a reconcilia\u00e7\u00e3o e a justi\u00e7a social. Em 2024, esse movimento tem focado em quest\u00f5es de desigualdade e direitos humanos, promovendo a ideia de que a paz n\u00e3o pode ser alcan\u00e7ada sem justi\u00e7a social. Eles t\u00eam organizado confer\u00eancias, campanhas de mobiliza\u00e7\u00e3o e a\u00e7\u00f5es de solidariedade entre diferentes tradi\u00e7\u00f5es religiosas para combater a pobreza e defender os direitos das popula\u00e7\u00f5es marginalizadas.<\/p>\n\n\n\n<p class=\"wp-block-paragraph\">Outro exemplo importante \u00e9 a <strong>Interfaith Youth Core<\/strong>, uma organiza\u00e7\u00e3o inter-religiosa voltada para a juventude, que tem promovido iniciativas de empoderamento social e econ\u00f4mico em comunidades ao redor do mundo. A juventude \u00e9 vista como uma for\u00e7a transformadora, e essa organiza\u00e7\u00e3o busca capacitar jovens de diferentes tradi\u00e7\u00f5es religiosas para que possam liderar a\u00e7\u00f5es voltadas \u00e0 justi\u00e7a social e econ\u00f4mica em suas comunidades.<\/p>\n\n\n\n<h2 class=\"wp-block-heading\">O movimento de di\u00e1logo inter-religioso em \u00e1reas de conflito<\/h2>\n\n\n\n<p class=\"wp-block-paragraph\">O ano de 2024 tamb\u00e9m tem testemunhado a intensifica\u00e7\u00e3o do di\u00e1logo inter-religioso em \u00e1reas de conflito. Muitas das regi\u00f5es mais afetadas por conflitos armados, sejam eles de natureza pol\u00edtica, \u00e9tnica ou religiosa, t\u00eam visto o surgimento de iniciativas inter-religiosas para promover a reconcilia\u00e7\u00e3o e a paz.<\/p>\n\n\n\n<p class=\"wp-block-paragraph\">Um dos exemplos mais not\u00e1veis \u00e9 o trabalho da <strong>Iniciativa de Paz de Genebra<\/strong>, que busca reunir l\u00edderes religiosos de diferentes grupos em \u00e1reas de conflito, especialmente no Oriente M\u00e9dio. O objetivo \u00e9 promover o di\u00e1logo e a coopera\u00e7\u00e3o entre as religi\u00f5es em prol da paz e da estabilidade. Essa iniciativa tem se mostrado crucial em pa\u00edses como Israel e Palestina, onde as tens\u00f5es religiosas e pol\u00edticas s\u00e3o historicamente intensas.<\/p>\n\n\n\n<p class=\"wp-block-paragraph\">A <strong>Community of Sant'Egidio<\/strong>, com sede em Roma, tamb\u00e9m tem desempenhado um papel significativo na media\u00e7\u00e3o de conflitos e na promo\u00e7\u00e3o do di\u00e1logo inter-religioso em regi\u00f5es como \u00c1frica e Am\u00e9rica Latina. A Sant'Egidio organiza encontros de ora\u00e7\u00e3o e media\u00e7\u00e3o entre l\u00edderes religiosos e pol\u00edticos para buscar solu\u00e7\u00f5es pac\u00edficas e promover a reconcilia\u00e7\u00e3o em \u00e1reas devastadas pela guerra.<\/p>\n\n\n\n<h2 class=\"wp-block-heading\">A promo\u00e7\u00e3o da diversidade religiosa e a luta contra a intoler\u00e2ncia<\/h2>\n\n\n\n<p class=\"wp-block-paragraph\">A intoler\u00e2ncia religiosa continua sendo um desafio em muitos pa\u00edses ao redor do mundo, e os movimentos inter-religiosos t\u00eam assumido um papel importante na promo\u00e7\u00e3o da diversidade religiosa e no combate ao preconceito. Em 2024, campanhas de conscientiza\u00e7\u00e3o sobre a import\u00e2ncia do respeito \u00e0s diferentes tradi\u00e7\u00f5es religiosas t\u00eam ganhado for\u00e7a, especialmente nas redes sociais e nos meios de comunica\u00e7\u00e3o.<\/p>\n\n\n\n<p class=\"wp-block-paragraph\">Uma iniciativa que merece destaque \u00e9 o <strong>Interfaith Alliance<\/strong>, que tem focado em campanhas de educa\u00e7\u00e3o e conscientiza\u00e7\u00e3o sobre a liberdade religiosa e o combate \u00e0 discrimina\u00e7\u00e3o. A organiza\u00e7\u00e3o trabalha com l\u00edderes religiosos, educadores e ativistas para promover a diversidade religiosa e combater a islamofobia, o antissemitismo, o racismo e outras formas de intoler\u00e2ncia.<\/p>\n\n\n\n<h2 class=\"wp-block-heading\">A uni\u00e3o de f\u00e9s em tempos de crise global<\/h2>\n\n\n\n<p class=\"wp-block-paragraph\">A pandemia de COVID-19 deixou um legado de coopera\u00e7\u00e3o inter-religiosa que continua em 2024. Durante a pandemia, diversas tradi\u00e7\u00f5es religiosas se uniram para enfrentar os desafios da crise sanit\u00e1ria e apoiar as comunidades mais vulner\u00e1veis. Esse esp\u00edrito de solidariedade inter-religiosa se manteve e continua a ser uma caracter\u00edstica marcante dos movimentos inter-religiosos atuais.<\/p>\n\n\n\n<p class=\"wp-block-paragraph\">Em tempos de crises globais, como pandemias, desastres naturais ou crises econ\u00f4micas, as religi\u00f5es t\u00eam a capacidade de mobilizar vastos recursos humanos e espirituais para ajudar aqueles que mais precisam. Em 2024, os movimentos inter-religiosos t\u00eam se concentrado em trabalhar juntos para responder a essas crises de forma eficaz, mostrando que a coopera\u00e7\u00e3o entre religi\u00f5es pode ser uma poderosa ferramenta para superar desafios globais.<\/p>\n\n\n\n<h2 class=\"wp-block-heading\">Movimentos inter-religiosos: uma for\u00e7a transformadora para o futuro<\/h2>\n\n\n\n<p class=\"wp-block-paragraph\">\u00c0 medida que avan\u00e7amos em 2024, os movimentos inter-religiosos est\u00e3o se mostrando uma for\u00e7a transformadora no cen\u00e1rio global. Eles est\u00e3o construindo pontes entre diferentes tradi\u00e7\u00f5es religiosas, promovendo a justi\u00e7a social, lutando contra a crise clim\u00e1tica e ajudando a resolver conflitos. Al\u00e9m disso, est\u00e3o desempenhando um papel vital na promo\u00e7\u00e3o da diversidade religiosa e na defesa dos direitos humanos.<\/p>\n\n\n\n<p class=\"wp-block-paragraph\">9 de outubro de 2024<\/p>","protected":false},"excerpt":{"rendered":"<p>O cen\u00e1rio global em 2024 est\u00e1 sendo marcado por desafios complexos, como mudan\u00e7as clim\u00e1ticas, desigualdade social, conflitos geopol\u00edticos e crises econ\u00f4micas. Diante dessa realidade, os movimentos inter-religiosos t\u00eam se destacado como uma importante for\u00e7a para promover o di\u00e1logo, a coopera\u00e7\u00e3o e a a\u00e7\u00e3o conjunta em prol de um mundo mais justo e sustent\u00e1vel. Esses movimentos&hellip;&nbsp;<\/p>","protected":false},"author":3,"featured_media":3150,"comment_status":"closed","ping_status":"closed","sticky":false,"template":"","format":"standard","meta":{"neve_meta_sidebar":"","neve_meta_container":"","neve_meta_enable_content_width":"","neve_meta_content_width":0,"neve_meta_title_alignment":"","neve_meta_author_avatar":"","neve_post_elements_order":"","neve_meta_disable_header":"","neve_meta_disable_footer":"","neve_meta_disable_title":"","footnotes":""},"categories":[4],"tags":[],"class_list":["post-3132","post","type-post","status-publish","format-standard","has-post-thumbnail","hentry","category-fique-por-dentro"],"yoast_head":"<!-- This site is optimized with the Yoast SEO plugin v28.4 - https:\/\/yoast.com\/product\/yoast-seo-wordpress\/ -->\n<title>Os principais movimentos inter-religiosos que est\u00e3o ganhando for\u00e7a em 2024 - Ora\u00e7\u00e3o e F\u00e9<\/title>\n<meta name=\"description\" content=\"Deus tem pra voc\u00ea uma palavra de vida!\" \/>\n<meta name=\"robots\" content=\"index, follow, max-snippet:-1, max-image-preview:large, max-video-preview:-1\" \/>\n<link rel=\"canonical\" href=\"https:\/\/www.oracaoefe.com\/fr\/os-principais-movimentos-inter-religiosos-que-estao-ganhando-forca-em-2024\/\" \/>\n<meta property=\"og:locale\" content=\"fr_FR\" \/>\n<meta property=\"og:type\" content=\"article\" \/>\n<meta property=\"og:title\" content=\"Os principais movimentos inter-religiosos que est\u00e3o ganhando for\u00e7a em 2024 - Ora\u00e7\u00e3o e F\u00e9\" \/>\n<meta property=\"og:description\" content=\"Deus tem pra voc\u00ea uma palavra de vida!\" \/>\n<meta property=\"og:url\" content=\"https:\/\/www.oracaoefe.com\/fr\/os-principais-movimentos-inter-religiosos-que-estao-ganhando-forca-em-2024\/\" \/>\n<meta property=\"og:site_name\" content=\"Ora\u00e7\u00e3o e F\u00e9\" \/>\n<meta property=\"article:published_time\" content=\"2024-10-09T09:00:00+00:00\" \/>\n<meta property=\"article:modified_time\" content=\"2025-08-07T10:42:15+00:00\" \/>\n<meta property=\"og:image\" content=\"https:\/\/www.oracaoefe.com\/wp-content\/uploads\/2024\/09\/image-9.png\" \/>\n\t<meta property=\"og:image:width\" content=\"740\" \/>\n\t<meta property=\"og:image:height\" content=\"444\" \/>\n\t<meta property=\"og:image:type\" content=\"image\/png\" \/>\n<meta name=\"author\" content=\"Michele Azevedo\" \/>\n<meta name=\"twitter:card\" content=\"summary_large_image\" \/>\n<meta name=\"twitter:label1\" content=\"\u00c9crit par\" \/>\n\t<meta name=\"twitter:data1\" content=\"Michele Azevedo\" \/>\n\t<meta name=\"twitter:label2\" content=\"Dur\u00e9e de lecture estim\u00e9e\" \/>\n\t<meta name=\"twitter:data2\" content=\"6 minutes\" \/>\n<script type=\"application\/ld+json\" class=\"yoast-schema-graph\">{\"@context\":\"https:\\\/\\\/schema.org\",\"@graph\":[{\"@type\":\"Article\",\"@id\":\"https:\\\/\\\/www.oracaoefe.com\\\/os-principais-movimentos-inter-religiosos-que-estao-ganhando-forca-em-2024\\\/#article\",\"isPartOf\":{\"@id\":\"https:\\\/\\\/www.oracaoefe.com\\\/os-principais-movimentos-inter-religiosos-que-estao-ganhando-forca-em-2024\\\/\"},\"author\":{\"name\":\"Michele Azevedo\",\"@id\":\"https:\\\/\\\/www.oracaoefe.com\\\/#\\\/schema\\\/person\\\/17283c669442cf005c4d5bb58adfb7f5\"},\"headline\":\"Os principais movimentos inter-religiosos que est\u00e3o ganhando for\u00e7a em 2024\",\"datePublished\":\"2024-10-09T09:00:00+00:00\",\"dateModified\":\"2025-08-07T10:42:15+00:00\",\"mainEntityOfPage\":{\"@id\":\"https:\\\/\\\/www.oracaoefe.com\\\/os-principais-movimentos-inter-religiosos-que-estao-ganhando-forca-em-2024\\\/\"},\"wordCount\":1264,\"image\":{\"@id\":\"https:\\\/\\\/www.oracaoefe.com\\\/os-principais-movimentos-inter-religiosos-que-estao-ganhando-forca-em-2024\\\/#primaryimage\"},\"thumbnailUrl\":\"https:\\\/\\\/www.oracaoefe.com\\\/wp-content\\\/uploads\\\/2024\\\/09\\\/image-9.png\",\"articleSection\":[\"Fique por Dentro\"],\"inLanguage\":\"fr-FR\"},{\"@type\":\"WebPage\",\"@id\":\"https:\\\/\\\/www.oracaoefe.com\\\/os-principais-movimentos-inter-religiosos-que-estao-ganhando-forca-em-2024\\\/\",\"url\":\"https:\\\/\\\/www.oracaoefe.com\\\/os-principais-movimentos-inter-religiosos-que-estao-ganhando-forca-em-2024\\\/\",\"name\":\"Os principais movimentos inter-religiosos que est\u00e3o ganhando for\u00e7a em 2024 - Ora\u00e7\u00e3o e F\u00e9\",\"isPartOf\":{\"@id\":\"https:\\\/\\\/www.oracaoefe.com\\\/#website\"},\"primaryImageOfPage\":{\"@id\":\"https:\\\/\\\/www.oracaoefe.com\\\/os-principais-movimentos-inter-religiosos-que-estao-ganhando-forca-em-2024\\\/#primaryimage\"},\"image\":{\"@id\":\"https:\\\/\\\/www.oracaoefe.com\\\/os-principais-movimentos-inter-religiosos-que-estao-ganhando-forca-em-2024\\\/#primaryimage\"},\"thumbnailUrl\":\"https:\\\/\\\/www.oracaoefe.com\\\/wp-content\\\/uploads\\\/2024\\\/09\\\/image-9.png\",\"datePublished\":\"2024-10-09T09:00:00+00:00\",\"dateModified\":\"2025-08-07T10:42:15+00:00\",\"author\":{\"@id\":\"https:\\\/\\\/www.oracaoefe.com\\\/#\\\/schema\\\/person\\\/17283c669442cf005c4d5bb58adfb7f5\"},\"description\":\"Deus tem pra voc\u00ea uma palavra de vida!\",\"breadcrumb\":{\"@id\":\"https:\\\/\\\/www.oracaoefe.com\\\/os-principais-movimentos-inter-religiosos-que-estao-ganhando-forca-em-2024\\\/#breadcrumb\"},\"inLanguage\":\"fr-FR\",\"potentialAction\":[{\"@type\":\"ReadAction\",\"target\":[\"https:\\\/\\\/www.oracaoefe.com\\\/os-principais-movimentos-inter-religiosos-que-estao-ganhando-forca-em-2024\\\/\"]}]},{\"@type\":\"ImageObject\",\"inLanguage\":\"fr-FR\",\"@id\":\"https:\\\/\\\/www.oracaoefe.com\\\/os-principais-movimentos-inter-religiosos-que-estao-ganhando-forca-em-2024\\\/#primaryimage\",\"url\":\"https:\\\/\\\/www.oracaoefe.com\\\/wp-content\\\/uploads\\\/2024\\\/09\\\/image-9.png\",\"contentUrl\":\"https:\\\/\\\/www.oracaoefe.com\\\/wp-content\\\/uploads\\\/2024\\\/09\\\/image-9.png\",\"width\":740,\"height\":444},{\"@type\":\"BreadcrumbList\",\"@id\":\"https:\\\/\\\/www.oracaoefe.com\\\/os-principais-movimentos-inter-religiosos-que-estao-ganhando-forca-em-2024\\\/#breadcrumb\",\"itemListElement\":[{\"@type\":\"ListItem\",\"position\":1,\"name\":\"Home\",\"item\":\"https:\\\/\\\/www.oracaoefe.com\\\/\"},{\"@type\":\"ListItem\",\"position\":2,\"name\":\"Fique por Dentro\",\"item\":\"https:\\\/\\\/www.oracaoefe.com\\\/category\\\/fique-por-dentro\\\/\"},{\"@type\":\"ListItem\",\"position\":3,\"name\":\"Os principais movimentos inter-religiosos que est\u00e3o ganhando for\u00e7a em 2024\"}]},{\"@type\":\"WebSite\",\"@id\":\"https:\\\/\\\/www.oracaoefe.com\\\/#website\",\"url\":\"https:\\\/\\\/www.oracaoefe.com\\\/\",\"name\":\"Ora\u00e7\u00e3o e F\u00e9\",\"description\":\"\",\"potentialAction\":[{\"@type\":\"SearchAction\",\"target\":{\"@type\":\"EntryPoint\",\"urlTemplate\":\"https:\\\/\\\/www.oracaoefe.com\\\/?s={search_term_string}\"},\"query-input\":{\"@type\":\"PropertyValueSpecification\",\"valueRequired\":true,\"valueName\":\"search_term_string\"}}],\"inLanguage\":\"fr-FR\"},{\"@type\":\"Person\",\"@id\":\"https:\\\/\\\/www.oracaoefe.com\\\/#\\\/schema\\\/person\\\/17283c669442cf005c4d5bb58adfb7f5\",\"name\":\"Michele Azevedo\",\"image\":{\"@type\":\"ImageObject\",\"inLanguage\":\"fr-FR\",\"@id\":\"https:\\\/\\\/secure.gravatar.com\\\/avatar\\\/6b0eb9d22841282815e2cd856a0061c45e1761cd54b22e952d98c4746939aa85?s=96&d=mm&r=g\",\"url\":\"https:\\\/\\\/secure.gravatar.com\\\/avatar\\\/6b0eb9d22841282815e2cd856a0061c45e1761cd54b22e952d98c4746939aa85?s=96&d=mm&r=g\",\"contentUrl\":\"https:\\\/\\\/secure.gravatar.com\\\/avatar\\\/6b0eb9d22841282815e2cd856a0061c45e1761cd54b22e952d98c4746939aa85?s=96&d=mm&r=g\",\"caption\":\"Michele Azevedo\"},\"description\":\"Formada em Letras - Portugu\u00eas\\\/ Ingl\u00eas pela Universidade Estadual de Ponta Grossa (UEPG), p\u00f3s-graduada em Arte na Educa\u00e7\u00e3o (FAPI) e Psicopedagogia Escolar (FAPI), idealizadora e propriet\u00e1ria do site Escritora de Sucesso, possui experi\u00eancia em escrita para blogs em geral e atua como redatora e revisora dos conte\u00fados do Ora\u00e7\u00e3o e F\u00e9.\",\"url\":\"https:\\\/\\\/www.oracaoefe.com\\\/fr\\\/author\\\/michele-azevedo\\\/\"}]}<\/script>\n<!-- \/ Yoast SEO plugin. -->","yoast_head_json":{"title":"Os principais movimentos inter-religiosos que est\u00e3o ganhando for\u00e7a em 2024 - Ora\u00e7\u00e3o e F\u00e9","description":"Dieu a une parole de vie pour vous !","robots":{"index":"index","follow":"follow","max-snippet":"max-snippet:-1","max-image-preview":"max-image-preview:large","max-video-preview":"max-video-preview:-1"},"canonical":"https:\/\/www.oracaoefe.com\/fr\/os-principais-movimentos-inter-religiosos-que-estao-ganhando-forca-em-2024\/","og_locale":"fr_FR","og_type":"article","og_title":"Os principais movimentos inter-religiosos que est\u00e3o ganhando for\u00e7a em 2024 - Ora\u00e7\u00e3o e F\u00e9","og_description":"Deus tem pra voc\u00ea uma palavra de vida!","og_url":"https:\/\/www.oracaoefe.com\/fr\/os-principais-movimentos-inter-religiosos-que-estao-ganhando-forca-em-2024\/","og_site_name":"Ora\u00e7\u00e3o e F\u00e9","article_published_time":"2024-10-09T09:00:00+00:00","article_modified_time":"2025-08-07T10:42:15+00:00","og_image":[{"width":740,"height":444,"url":"https:\/\/www.oracaoefe.com\/wp-content\/uploads\/2024\/09\/image-9.png","type":"image\/png"}],"author":"Michele Azevedo","twitter_card":"summary_large_image","twitter_misc":{"\u00c9crit par":"Michele Azevedo","Dur\u00e9e de lecture estim\u00e9e":"6 minutes"},"schema":{"@context":"https:\/\/schema.org","@graph":[{"@type":"Article","@id":"https:\/\/www.oracaoefe.com\/os-principais-movimentos-inter-religiosos-que-estao-ganhando-forca-em-2024\/#article","isPartOf":{"@id":"https:\/\/www.oracaoefe.com\/os-principais-movimentos-inter-religiosos-que-estao-ganhando-forca-em-2024\/"},"author":{"name":"Michele Azevedo","@id":"https:\/\/www.oracaoefe.com\/#\/schema\/person\/17283c669442cf005c4d5bb58adfb7f5"},"headline":"Os principais movimentos inter-religiosos que est\u00e3o ganhando for\u00e7a em 2024","datePublished":"2024-10-09T09:00:00+00:00","dateModified":"2025-08-07T10:42:15+00:00","mainEntityOfPage":{"@id":"https:\/\/www.oracaoefe.com\/os-principais-movimentos-inter-religiosos-que-estao-ganhando-forca-em-2024\/"},"wordCount":1264,"image":{"@id":"https:\/\/www.oracaoefe.com\/os-principais-movimentos-inter-religiosos-que-estao-ganhando-forca-em-2024\/#primaryimage"},"thumbnailUrl":"https:\/\/www.oracaoefe.com\/wp-content\/uploads\/2024\/09\/image-9.png","articleSection":["Fique por Dentro"],"inLanguage":"fr-FR"},{"@type":"WebPage","@id":"https:\/\/www.oracaoefe.com\/os-principais-movimentos-inter-religiosos-que-estao-ganhando-forca-em-2024\/","url":"https:\/\/www.oracaoefe.com\/os-principais-movimentos-inter-religiosos-que-estao-ganhando-forca-em-2024\/","name":"Os principais movimentos inter-religiosos que est\u00e3o ganhando for\u00e7a em 2024 - Ora\u00e7\u00e3o e F\u00e9","isPartOf":{"@id":"https:\/\/www.oracaoefe.com\/#website"},"primaryImageOfPage":{"@id":"https:\/\/www.oracaoefe.com\/os-principais-movimentos-inter-religiosos-que-estao-ganhando-forca-em-2024\/#primaryimage"},"image":{"@id":"https:\/\/www.oracaoefe.com\/os-principais-movimentos-inter-religiosos-que-estao-ganhando-forca-em-2024\/#primaryimage"},"thumbnailUrl":"https:\/\/www.oracaoefe.com\/wp-content\/uploads\/2024\/09\/image-9.png","datePublished":"2024-10-09T09:00:00+00:00","dateModified":"2025-08-07T10:42:15+00:00","author":{"@id":"https:\/\/www.oracaoefe.com\/#\/schema\/person\/17283c669442cf005c4d5bb58adfb7f5"},"description":"Dieu a une parole de vie pour vous !","breadcrumb":{"@id":"https:\/\/www.oracaoefe.com\/os-principais-movimentos-inter-religiosos-que-estao-ganhando-forca-em-2024\/#breadcrumb"},"inLanguage":"fr-FR","potentialAction":[{"@type":"ReadAction","target":["https:\/\/www.oracaoefe.com\/os-principais-movimentos-inter-religiosos-que-estao-ganhando-forca-em-2024\/"]}]},{"@type":"ImageObject","inLanguage":"fr-FR","@id":"https:\/\/www.oracaoefe.com\/os-principais-movimentos-inter-religiosos-que-estao-ganhando-forca-em-2024\/#primaryimage","url":"https:\/\/www.oracaoefe.com\/wp-content\/uploads\/2024\/09\/image-9.png","contentUrl":"https:\/\/www.oracaoefe.com\/wp-content\/uploads\/2024\/09\/image-9.png","width":740,"height":444},{"@type":"BreadcrumbList","@id":"https:\/\/www.oracaoefe.com\/os-principais-movimentos-inter-religiosos-que-estao-ganhando-forca-em-2024\/#breadcrumb","itemListElement":[{"@type":"ListItem","position":1,"name":"Home","item":"https:\/\/www.oracaoefe.com\/"},{"@type":"ListItem","position":2,"name":"Fique por Dentro","item":"https:\/\/www.oracaoefe.com\/category\/fique-por-dentro\/"},{"@type":"ListItem","position":3,"name":"Os principais movimentos inter-religiosos que est\u00e3o ganhando for\u00e7a em 2024"}]},{"@type":"WebSite","@id":"https:\/\/www.oracaoefe.com\/#website","url":"https:\/\/www.oracaoefe.com\/","name":"Pri\u00e8re et foi","description":"","potentialAction":[{"@type":"SearchAction","target":{"@type":"EntryPoint","urlTemplate":"https:\/\/www.oracaoefe.com\/?s={search_term_string}"},"query-input":{"@type":"PropertyValueSpecification","valueRequired":true,"valueName":"search_term_string"}}],"inLanguage":"fr-FR"},{"@type":"Person","@id":"https:\/\/www.oracaoefe.com\/#\/schema\/person\/17283c669442cf005c4d5bb58adfb7f5","name":"Michele Azevedo","image":{"@type":"ImageObject","inLanguage":"fr-FR","@id":"https:\/\/secure.gravatar.com\/avatar\/6b0eb9d22841282815e2cd856a0061c45e1761cd54b22e952d98c4746939aa85?s=96&d=mm&r=g","url":"https:\/\/secure.gravatar.com\/avatar\/6b0eb9d22841282815e2cd856a0061c45e1761cd54b22e952d98c4746939aa85?s=96&d=mm&r=g","contentUrl":"https:\/\/secure.gravatar.com\/avatar\/6b0eb9d22841282815e2cd856a0061c45e1761cd54b22e952d98c4746939aa85?s=96&d=mm&r=g","caption":"Michele Azevedo"},"description":"Dipl\u00f4m\u00e9e en litt\u00e9rature portugaise\/anglaise de l&#039;Universit\u00e9 d&#039;\u00c9tat de Ponta Grossa (UEPG), avec des dipl\u00f4mes de troisi\u00e8me cycle en art dans l&#039;\u00e9ducation (FAPI) et en psychop\u00e9dagogie scolaire (FAPI), elle est la cr\u00e9atrice et propri\u00e9taire du site web Escritora de Sucesso, a de l&#039;exp\u00e9rience dans l&#039;\u00e9criture pour les blogs en g\u00e9n\u00e9ral et travaille comme r\u00e9dactrice et \u00e9ditrice du contenu pour Ora\u00e7\u00e3o e F\u00e9.","url":"https:\/\/www.oracaoefe.com\/fr\/author\/michele-azevedo\/"}]}},"_links":{"self":[{"href":"https:\/\/www.oracaoefe.com\/fr\/wp-json\/wp\/v2\/posts\/3132","targetHints":{"allow":["GET"]}}],"collection":[{"href":"https:\/\/www.oracaoefe.com\/fr\/wp-json\/wp\/v2\/posts"}],"about":[{"href":"https:\/\/www.oracaoefe.com\/fr\/wp-json\/wp\/v2\/types\/post"}],"author":[{"embeddable":true,"href":"https:\/\/www.oracaoefe.com\/fr\/wp-json\/wp\/v2\/users\/3"}],"replies":[{"embeddable":true,"href":"https:\/\/www.oracaoefe.com\/fr\/wp-json\/wp\/v2\/comments?post=3132"}],"version-history":[{"count":3,"href":"https:\/\/www.oracaoefe.com\/fr\/wp-json\/wp\/v2\/posts\/3132\/revisions"}],"predecessor-version":[{"id":3750,"href":"https:\/\/www.oracaoefe.com\/fr\/wp-json\/wp\/v2\/posts\/3132\/revisions\/3750"}],"wp:featuredmedia":[{"embeddable":true,"href":"https:\/\/www.oracaoefe.com\/fr\/wp-json\/wp\/v2\/media\/3150"}],"wp:attachment":[{"href":"https:\/\/www.oracaoefe.com\/fr\/wp-json\/wp\/v2\/media?parent=3132"}],"wp:term":[{"taxonomy":"category","embeddable":true,"href":"https:\/\/www.oracaoefe.com\/fr\/wp-json\/wp\/v2\/categories?post=3132"},{"taxonomy":"post_tag","embeddable":true,"href":"https:\/\/www.oracaoefe.com\/fr\/wp-json\/wp\/v2\/tags?post=3132"}],"curies":[{"name":"wp","href":"https:\/\/api.w.org\/{rel}","templated":true}]}}