{"id":3130,"date":"2024-10-06T06:00:00","date_gmt":"2024-10-06T09:00:00","guid":{"rendered":"https:\/\/www.oracaoefe.com\/?p=3130"},"modified":"2025-07-29T19:09:43","modified_gmt":"2025-07-29T22:09:43","slug":"a-influencia-das-mudancas-climaticas-nas-praticas-religiosas","status":"publish","type":"post","link":"https:\/\/www.oracaoefe.com\/fr\/a-influencia-das-mudancas-climaticas-nas-praticas-religiosas\/","title":{"rendered":"A influ\u00eancia das mudan\u00e7as clim\u00e1ticas nas pr\u00e1ticas religiosas"},"content":{"rendered":"<p class=\"wp-block-paragraph\">As mudan\u00e7as clim\u00e1ticas se tornaram uma das quest\u00f5es mais urgentes do nosso tempo, afetando profundamente o meio ambiente, a economia e as sociedades ao redor do mundo. Diante desses desafios, diversas religi\u00f5es e tradi\u00e7\u00f5es espirituais t\u00eam se mobilizado para responder ao impacto das altera\u00e7\u00f5es clim\u00e1ticas, integrando novas pr\u00e1ticas, discursos e a\u00e7\u00f5es em prol da prote\u00e7\u00e3o do planeta.<\/p>\n\n\n\n<h2 class=\"wp-block-heading\">Religi\u00f5es e a responsabilidade de cuidar da cria\u00e7\u00e3o<\/h2>\n\n\n\n<p class=\"wp-block-paragraph\">Uma das maneiras mais diretas pelas quais as religi\u00f5es t\u00eam abordado as mudan\u00e7as clim\u00e1ticas \u00e9 atrav\u00e9s de seus ensinamentos sobre a responsabilidade humana em cuidar do meio ambiente. Em muitas tradi\u00e7\u00f5es religiosas, a natureza \u00e9 vista como uma cria\u00e7\u00e3o divina, e os seres humanos, como seus guardi\u00f5es. Com o agravamento das crises ambientais, essa ideia de &#8220;cuidado da cria\u00e7\u00e3o&#8221; tem sido amplamente utilizada por l\u00edderes religiosos para conscientizar e inspirar a\u00e7\u00f5es de preserva\u00e7\u00e3o do meio ambiente.<\/p>\n\n\n\n<figure class=\"wp-block-image size-full is-resized\"><img loading=\"lazy\" decoding=\"async\" width=\"740\" height=\"493\" src=\"https:\/\/www.oracaoefe.com\/wp-content\/uploads\/2024\/09\/image-8.png\" alt=\"\" class=\"wp-image-3148\" style=\"width:840px;height:auto\" srcset=\"https:\/\/www.oracaoefe.com\/wp-content\/uploads\/2024\/09\/image-8.png 740w, https:\/\/www.oracaoefe.com\/wp-content\/uploads\/2024\/09\/image-8-300x200.png 300w, https:\/\/www.oracaoefe.com\/wp-content\/uploads\/2024\/09\/image-8-18x12.png 18w\" sizes=\"auto, (max-width: 740px) 100vw, 740px\" \/><\/figure>\n\n\n\n<p class=\"wp-block-paragraph\">Na tradi\u00e7\u00e3o crist\u00e3, por exemplo, o conceito de &#8220;mayordomia&#8221; (ou mordomia) reflete a responsabilidade de cuidar do planeta como uma d\u00e1diva divina. Papa Francisco, em sua enc\u00edclica <strong>Laudato Si'<\/strong>, chama aten\u00e7\u00e3o para a crise ambiental e a necessidade de uma &#8220;convers\u00e3o ecol\u00f3gica&#8221; em toda a sociedade. Ele critica o consumismo desenfreado e as pr\u00e1ticas que exploram a natureza sem considera\u00e7\u00e3o pelos impactos futuros, enfatizando que todos, especialmente os crist\u00e3os, devem adotar pr\u00e1ticas sustent\u00e1veis para preservar a Terra para as pr\u00f3ximas gera\u00e7\u00f5es.<\/p>\n\n\n\n<p class=\"wp-block-paragraph\">Da mesma forma, no islamismo, o conceito de <strong>khalifa<\/strong> (guardi\u00e3o) destaca o papel dos seres humanos como protetores da cria\u00e7\u00e3o de Deus. A cren\u00e7a isl\u00e2mica ensina que os recursos naturais devem ser utilizados de maneira equilibrada, sem desperd\u00edcio ou explora\u00e7\u00e3o excessiva, e que \u00e9 um dever religioso preservar a Terra.<\/p>\n\n\n\n<h2 class=\"wp-block-heading\">A\u00e7\u00f5es inter-religiosas contra as mudan\u00e7as clim\u00e1ticas<\/h2>\n\n\n\n<p class=\"wp-block-paragraph\">As religi\u00f5es tamb\u00e9m t\u00eam se unido em f\u00f3runs inter-religiosos para enfrentar as mudan\u00e7as clim\u00e1ticas de forma coletiva. Essas iniciativas visam transcender as fronteiras das religi\u00f5es individuais e promover a coopera\u00e7\u00e3o global em prol de um objetivo comum: a preserva\u00e7\u00e3o do meio ambiente.<\/p>\n\n\n\n<p class=\"wp-block-paragraph\">Um exemplo disso \u00e9 o <strong>Parlamento das Religi\u00f5es do Mundo<\/strong>, que re\u00fane l\u00edderes religiosos de diversas tradi\u00e7\u00f5es para discutir quest\u00f5es urgentes, como a crise clim\u00e1tica. Outro exemplo \u00e9 o <strong>GreenFaith<\/strong>, uma organiza\u00e7\u00e3o inter-religiosa que incentiva comunidades religiosas a adotarem pr\u00e1ticas sustent\u00e1veis e se engajarem em a\u00e7\u00f5es contra as mudan\u00e7as clim\u00e1ticas.<\/p>\n\n\n\n<p class=\"wp-block-paragraph\">Essas colabora\u00e7\u00f5es s\u00e3o motivadas pela compreens\u00e3o compartilhada de que o impacto das mudan\u00e7as clim\u00e1ticas transcende qualquer religi\u00e3o ou na\u00e7\u00e3o, afetando todas as formas de vida. Com isso, as religi\u00f5es t\u00eam desempenhado um papel fundamental em pressionar l\u00edderes pol\u00edticos e econ\u00f4micos a tomarem medidas concretas para mitigar os efeitos da crise clim\u00e1tica.<\/p>\n\n\n\n<h2 class=\"wp-block-heading\">Pr\u00e1ticas espirituais adaptadas ao contexto ambiental<\/h2>\n\n\n\n<p class=\"wp-block-paragraph\">Al\u00e9m de campanhas de conscientiza\u00e7\u00e3o e a\u00e7\u00f5es inter-religiosas, muitas religi\u00f5es tamb\u00e9m est\u00e3o adaptando suas pr\u00e1ticas espirituais para incluir um foco mais expl\u00edcito na ecologia. Isso envolve tanto a reinterpreta\u00e7\u00e3o de textos sagrados sob uma \u00f3tica ecol\u00f3gica quanto a cria\u00e7\u00e3o de novos rituais e tradi\u00e7\u00f5es que reflitam a necessidade de se proteger o meio ambiente.<\/p>\n\n\n\n<p class=\"wp-block-paragraph\">No budismo, por exemplo, o conceito de <strong>interconectividade<\/strong> \u2013 a ideia de que todos os seres vivos est\u00e3o intrinsecamente ligados \u2013 tem ganhado uma nova dimens\u00e3o frente \u00e0 crise ambiental. Para muitos budistas, as mudan\u00e7as clim\u00e1ticas n\u00e3o s\u00e3o vistas apenas como uma quest\u00e3o pol\u00edtica ou cient\u00edfica, mas como um reflexo do desequil\u00edbrio nas rela\u00e7\u00f5es entre humanos e a natureza. Alguns mosteiros budistas t\u00eam promovido pr\u00e1ticas de vida sustent\u00e1vel, como a medita\u00e7\u00e3o ecol\u00f3gica, que visa cultivar uma maior consci\u00eancia ambiental entre os praticantes.<\/p>\n\n\n\n<p class=\"wp-block-paragraph\">No hindu\u00edsmo, a venera\u00e7\u00e3o de rios, montanhas e \u00e1rvores, vistos como manifesta\u00e7\u00f5es divinas, tem inspirado movimentos de conserva\u00e7\u00e3o ambiental. Um exemplo \u00e9 a campanha pela prote\u00e7\u00e3o do rio Ganges, considerado sagrado para os hindus, que tem sofrido com a polui\u00e7\u00e3o e os efeitos das mudan\u00e7as clim\u00e1ticas. V\u00e1rios l\u00edderes religiosos t\u00eam se manifestado para preservar o rio, ressaltando que proteger a natureza \u00e9 uma forma de devo\u00e7\u00e3o.<\/p>\n\n\n\n<h2 class=\"wp-block-heading\">Religiosidade ind\u00edgena e a conex\u00e3o com a Terra<\/h2>\n\n\n\n<p class=\"wp-block-paragraph\">As comunidades ind\u00edgenas em todo o mundo s\u00e3o algumas das mais impactadas pelas mudan\u00e7as clim\u00e1ticas. Ao mesmo tempo, s\u00e3o essas comunidades que t\u00eam uma das rela\u00e7\u00f5es mais profundas e integradas com a natureza. Para muitos povos ind\u00edgenas, a Terra \u00e9 vista como uma m\u00e3e ou como um ser sagrado, e suas pr\u00e1ticas espirituais s\u00e3o profundamente enraizadas no equil\u00edbrio e na harmonia com o ambiente natural.<\/p>\n\n\n\n<p class=\"wp-block-paragraph\">No Brasil, os povos ind\u00edgenas da Amaz\u00f4nia t\u00eam se posicionado fortemente contra o desmatamento e outras pr\u00e1ticas que destroem a floresta tropical, que eles consideram essencial n\u00e3o apenas para sua sobreviv\u00eancia, mas para o bem-estar do planeta como um todo. L\u00edderes espirituais ind\u00edgenas, conhecidos como paj\u00e9s, realizam rituais e cerim\u00f4nias para proteger as florestas e os recursos naturais, acreditando que a destrui\u00e7\u00e3o da natureza resultar\u00e1 em desequil\u00edbrio espiritual e f\u00edsico.<\/p>\n\n\n\n<p class=\"wp-block-paragraph\">A espiritualidade ind\u00edgena oferece uma perspectiva \u00fanica sobre a crise clim\u00e1tica, uma vez que sua vis\u00e3o de mundo n\u00e3o separa os seres humanos da natureza, mas os v\u00ea como partes interdependentes de um todo maior. Suas pr\u00e1ticas de vida sustent\u00e1vel e respeito aos ciclos naturais s\u00e3o exemplos importantes para o resto do mundo.<\/p>\n\n\n\n<h2 class=\"wp-block-heading\">Religi\u00f5es e a justi\u00e7a clim\u00e1tica<\/h2>\n\n\n\n<p class=\"wp-block-paragraph\">A ideia de <strong>justi\u00e7a clim\u00e1tica<\/strong> tamb\u00e9m tem ganhado destaque dentro de v\u00e1rias tradi\u00e7\u00f5es religiosas. Esse conceito relaciona a crise ambiental \u00e0s quest\u00f5es de justi\u00e7a social, reconhecendo que os impactos das mudan\u00e7as clim\u00e1ticas n\u00e3o s\u00e3o sentidos de maneira igual por todas as popula\u00e7\u00f5es. As comunidades mais vulner\u00e1veis, especialmente nos pa\u00edses em desenvolvimento, s\u00e3o as mais afetadas, embora sejam as menos respons\u00e1veis pela polui\u00e7\u00e3o e pelo consumo excessivo de recursos.<\/p>\n\n\n\n<p class=\"wp-block-paragraph\">Religi\u00f5es como o cristianismo e o islamismo, com seus fortes princ\u00edpios de justi\u00e7a e compaix\u00e3o, t\u00eam integrado a justi\u00e7a clim\u00e1tica em seus discursos e a\u00e7\u00f5es. L\u00edderes religiosos t\u00eam se posicionado contra a explora\u00e7\u00e3o desenfreada dos recursos naturais e as pr\u00e1ticas empresariais que ignoram os efeitos ambientais e sociais. Eles chamam a aten\u00e7\u00e3o para a necessidade de um novo paradigma econ\u00f4mico, mais sustent\u00e1vel e igualit\u00e1rio, que leve em considera\u00e7\u00e3o tanto o meio ambiente quanto os direitos humanos.<\/p>\n\n\n\n<h2 class=\"wp-block-heading\">A necessidade de uma espiritualidade ecol\u00f3gica<\/h2>\n\n\n\n<p class=\"wp-block-paragraph\">\u00c0 medida que a crise clim\u00e1tica avan\u00e7a, fica cada vez mais evidente a necessidade de uma <strong>espiritualidade ecol\u00f3gica<\/strong> \u2013 uma vis\u00e3o do mundo em que a dimens\u00e3o espiritual est\u00e1 profundamente ligada \u00e0 responsabilidade ambiental. Muitas religi\u00f5es est\u00e3o come\u00e7ando a reconhecer que n\u00e3o \u00e9 poss\u00edvel dissociar a espiritualidade da prote\u00e7\u00e3o do planeta, e que a forma como tratamos o meio ambiente reflete diretamente nossos valores e cren\u00e7as mais profundos.<\/p>\n\n\n\n<p class=\"wp-block-paragraph\">As mudan\u00e7as clim\u00e1ticas, portanto, t\u00eam o potencial de transformar as pr\u00e1ticas religiosas de maneiras significativas. Elas est\u00e3o estimulando uma reinterpreta\u00e7\u00e3o dos textos sagrados, a cria\u00e7\u00e3o de novos rituais e a uni\u00e3o entre diferentes religi\u00f5es em prol de um objetivo comum. Em \u00faltima an\u00e1lise, o desafio clim\u00e1tico pode levar a uma nova forma de espiritualidade, em que o cuidado com a Terra n\u00e3o \u00e9 apenas uma quest\u00e3o moral, mas uma express\u00e3o direta da f\u00e9.<\/p>\n\n\n\n<h2 class=\"wp-block-heading\">Conectando f\u00e9 e a\u00e7\u00e3o<\/h2>\n\n\n\n<p class=\"wp-block-paragraph\">Diante da magnitude da crise clim\u00e1tica, \u00e9 fundamental que as religi\u00f5es continuem a desempenhar um papel ativo na promo\u00e7\u00e3o da sustentabilidade e na defesa da justi\u00e7a clim\u00e1tica. Ao integrar o cuidado com o meio ambiente em suas pr\u00e1ticas espirituais e em suas a\u00e7\u00f5es sociais, as religi\u00f5es t\u00eam o poder de inspirar milh\u00f5es de pessoas ao redor do mundo a agir em prol de um futuro mais sustent\u00e1vel.<\/p>\n\n\n\n<p class=\"wp-block-paragraph\">A influ\u00eancia das mudan\u00e7as clim\u00e1ticas nas pr\u00e1ticas religiosas nos mostra que, em tempos de crise, a f\u00e9 pode ser um poderoso catalisador de mudan\u00e7a, oferecendo esperan\u00e7a, orienta\u00e7\u00e3o e, acima de tudo, um senso de responsabilidade para com o planeta que todos compartilhamos.<\/p>\n\n\n\n<p class=\"wp-block-paragraph\"><\/p>\n\n\n\n<p class=\"wp-block-paragraph\">6 de outubro de 2024<\/p>","protected":false},"excerpt":{"rendered":"<p>As mudan\u00e7as clim\u00e1ticas se tornaram uma das quest\u00f5es mais urgentes do nosso tempo, afetando profundamente o meio ambiente, a economia e as sociedades ao redor do mundo. Diante desses desafios, diversas religi\u00f5es e tradi\u00e7\u00f5es espirituais t\u00eam se mobilizado para responder ao impacto das altera\u00e7\u00f5es clim\u00e1ticas, integrando novas pr\u00e1ticas, discursos e a\u00e7\u00f5es em prol da prote\u00e7\u00e3o&hellip;&nbsp;<\/p>","protected":false},"author":3,"featured_media":3148,"comment_status":"closed","ping_status":"closed","sticky":false,"template":"","format":"standard","meta":{"neve_meta_sidebar":"","neve_meta_container":"","neve_meta_enable_content_width":"","neve_meta_content_width":0,"neve_meta_title_alignment":"","neve_meta_author_avatar":"","neve_post_elements_order":"","neve_meta_disable_header":"","neve_meta_disable_footer":"","neve_meta_disable_title":"","footnotes":""},"categories":[3],"tags":[],"class_list":["post-3130","post","type-post","status-publish","format-standard","has-post-thumbnail","hentry","category-fe"],"yoast_head":"<!-- This site is optimized with the Yoast SEO plugin v28.4 - https:\/\/yoast.com\/product\/yoast-seo-wordpress\/ -->\n<title>A influ\u00eancia das mudan\u00e7as clim\u00e1ticas nas pr\u00e1ticas religiosas - Ora\u00e7\u00e3o e F\u00e9<\/title>\n<meta name=\"description\" content=\"Deus tem pra voc\u00ea uma palavra de vida!\" \/>\n<meta name=\"robots\" content=\"index, follow, max-snippet:-1, max-image-preview:large, max-video-preview:-1\" \/>\n<link rel=\"canonical\" href=\"https:\/\/www.oracaoefe.com\/fr\/a-influencia-das-mudancas-climaticas-nas-praticas-religiosas\/\" \/>\n<meta property=\"og:locale\" content=\"fr_FR\" \/>\n<meta property=\"og:type\" content=\"article\" \/>\n<meta property=\"og:title\" content=\"A influ\u00eancia das mudan\u00e7as clim\u00e1ticas nas pr\u00e1ticas religiosas - Ora\u00e7\u00e3o e F\u00e9\" \/>\n<meta property=\"og:description\" content=\"Deus tem pra voc\u00ea uma palavra de vida!\" \/>\n<meta property=\"og:url\" content=\"https:\/\/www.oracaoefe.com\/fr\/a-influencia-das-mudancas-climaticas-nas-praticas-religiosas\/\" \/>\n<meta property=\"og:site_name\" content=\"Ora\u00e7\u00e3o e F\u00e9\" \/>\n<meta property=\"article:published_time\" content=\"2024-10-06T09:00:00+00:00\" \/>\n<meta property=\"article:modified_time\" content=\"2025-07-29T22:09:43+00:00\" \/>\n<meta property=\"og:image\" content=\"https:\/\/www.oracaoefe.com\/wp-content\/uploads\/2024\/09\/image-8.png\" \/>\n\t<meta property=\"og:image:width\" content=\"740\" \/>\n\t<meta property=\"og:image:height\" content=\"493\" \/>\n\t<meta property=\"og:image:type\" content=\"image\/png\" \/>\n<meta name=\"author\" content=\"Michele Azevedo\" \/>\n<meta name=\"twitter:card\" content=\"summary_large_image\" \/>\n<meta name=\"twitter:label1\" content=\"\u00c9crit par\" \/>\n\t<meta name=\"twitter:data1\" content=\"Michele Azevedo\" \/>\n\t<meta name=\"twitter:label2\" content=\"Dur\u00e9e de lecture estim\u00e9e\" \/>\n\t<meta name=\"twitter:data2\" content=\"7 minutes\" \/>\n<script type=\"application\/ld+json\" class=\"yoast-schema-graph\">{\"@context\":\"https:\\\/\\\/schema.org\",\"@graph\":[{\"@type\":\"Article\",\"@id\":\"https:\\\/\\\/www.oracaoefe.com\\\/a-influencia-das-mudancas-climaticas-nas-praticas-religiosas\\\/#article\",\"isPartOf\":{\"@id\":\"https:\\\/\\\/www.oracaoefe.com\\\/a-influencia-das-mudancas-climaticas-nas-praticas-religiosas\\\/\"},\"author\":{\"name\":\"Michele Azevedo\",\"@id\":\"https:\\\/\\\/www.oracaoefe.com\\\/#\\\/schema\\\/person\\\/17283c669442cf005c4d5bb58adfb7f5\"},\"headline\":\"A influ\u00eancia das mudan\u00e7as clim\u00e1ticas nas pr\u00e1ticas religiosas\",\"datePublished\":\"2024-10-06T09:00:00+00:00\",\"dateModified\":\"2025-07-29T22:09:43+00:00\",\"mainEntityOfPage\":{\"@id\":\"https:\\\/\\\/www.oracaoefe.com\\\/a-influencia-das-mudancas-climaticas-nas-praticas-religiosas\\\/\"},\"wordCount\":1472,\"image\":{\"@id\":\"https:\\\/\\\/www.oracaoefe.com\\\/a-influencia-das-mudancas-climaticas-nas-praticas-religiosas\\\/#primaryimage\"},\"thumbnailUrl\":\"https:\\\/\\\/www.oracaoefe.com\\\/wp-content\\\/uploads\\\/2024\\\/09\\\/image-8.png\",\"articleSection\":[\"F\u00e9\"],\"inLanguage\":\"fr-FR\"},{\"@type\":\"WebPage\",\"@id\":\"https:\\\/\\\/www.oracaoefe.com\\\/a-influencia-das-mudancas-climaticas-nas-praticas-religiosas\\\/\",\"url\":\"https:\\\/\\\/www.oracaoefe.com\\\/a-influencia-das-mudancas-climaticas-nas-praticas-religiosas\\\/\",\"name\":\"A influ\u00eancia das mudan\u00e7as clim\u00e1ticas nas pr\u00e1ticas religiosas - Ora\u00e7\u00e3o e F\u00e9\",\"isPartOf\":{\"@id\":\"https:\\\/\\\/www.oracaoefe.com\\\/#website\"},\"primaryImageOfPage\":{\"@id\":\"https:\\\/\\\/www.oracaoefe.com\\\/a-influencia-das-mudancas-climaticas-nas-praticas-religiosas\\\/#primaryimage\"},\"image\":{\"@id\":\"https:\\\/\\\/www.oracaoefe.com\\\/a-influencia-das-mudancas-climaticas-nas-praticas-religiosas\\\/#primaryimage\"},\"thumbnailUrl\":\"https:\\\/\\\/www.oracaoefe.com\\\/wp-content\\\/uploads\\\/2024\\\/09\\\/image-8.png\",\"datePublished\":\"2024-10-06T09:00:00+00:00\",\"dateModified\":\"2025-07-29T22:09:43+00:00\",\"author\":{\"@id\":\"https:\\\/\\\/www.oracaoefe.com\\\/#\\\/schema\\\/person\\\/17283c669442cf005c4d5bb58adfb7f5\"},\"description\":\"Deus tem pra voc\u00ea uma palavra de vida!\",\"breadcrumb\":{\"@id\":\"https:\\\/\\\/www.oracaoefe.com\\\/a-influencia-das-mudancas-climaticas-nas-praticas-religiosas\\\/#breadcrumb\"},\"inLanguage\":\"fr-FR\",\"potentialAction\":[{\"@type\":\"ReadAction\",\"target\":[\"https:\\\/\\\/www.oracaoefe.com\\\/a-influencia-das-mudancas-climaticas-nas-praticas-religiosas\\\/\"]}]},{\"@type\":\"ImageObject\",\"inLanguage\":\"fr-FR\",\"@id\":\"https:\\\/\\\/www.oracaoefe.com\\\/a-influencia-das-mudancas-climaticas-nas-praticas-religiosas\\\/#primaryimage\",\"url\":\"https:\\\/\\\/www.oracaoefe.com\\\/wp-content\\\/uploads\\\/2024\\\/09\\\/image-8.png\",\"contentUrl\":\"https:\\\/\\\/www.oracaoefe.com\\\/wp-content\\\/uploads\\\/2024\\\/09\\\/image-8.png\",\"width\":740,\"height\":493},{\"@type\":\"BreadcrumbList\",\"@id\":\"https:\\\/\\\/www.oracaoefe.com\\\/a-influencia-das-mudancas-climaticas-nas-praticas-religiosas\\\/#breadcrumb\",\"itemListElement\":[{\"@type\":\"ListItem\",\"position\":1,\"name\":\"Home\",\"item\":\"https:\\\/\\\/www.oracaoefe.com\\\/\"},{\"@type\":\"ListItem\",\"position\":2,\"name\":\"F\u00e9\",\"item\":\"https:\\\/\\\/www.oracaoefe.com\\\/es\\\/categoria\\\/fe\\\/\"},{\"@type\":\"ListItem\",\"position\":3,\"name\":\"A influ\u00eancia das mudan\u00e7as clim\u00e1ticas nas pr\u00e1ticas religiosas\"}]},{\"@type\":\"WebSite\",\"@id\":\"https:\\\/\\\/www.oracaoefe.com\\\/#website\",\"url\":\"https:\\\/\\\/www.oracaoefe.com\\\/\",\"name\":\"Ora\u00e7\u00e3o e F\u00e9\",\"description\":\"\",\"potentialAction\":[{\"@type\":\"SearchAction\",\"target\":{\"@type\":\"EntryPoint\",\"urlTemplate\":\"https:\\\/\\\/www.oracaoefe.com\\\/?s={search_term_string}\"},\"query-input\":{\"@type\":\"PropertyValueSpecification\",\"valueRequired\":true,\"valueName\":\"search_term_string\"}}],\"inLanguage\":\"fr-FR\"},{\"@type\":\"Person\",\"@id\":\"https:\\\/\\\/www.oracaoefe.com\\\/#\\\/schema\\\/person\\\/17283c669442cf005c4d5bb58adfb7f5\",\"name\":\"Michele Azevedo\",\"image\":{\"@type\":\"ImageObject\",\"inLanguage\":\"fr-FR\",\"@id\":\"https:\\\/\\\/secure.gravatar.com\\\/avatar\\\/6b0eb9d22841282815e2cd856a0061c45e1761cd54b22e952d98c4746939aa85?s=96&d=mm&r=g\",\"url\":\"https:\\\/\\\/secure.gravatar.com\\\/avatar\\\/6b0eb9d22841282815e2cd856a0061c45e1761cd54b22e952d98c4746939aa85?s=96&d=mm&r=g\",\"contentUrl\":\"https:\\\/\\\/secure.gravatar.com\\\/avatar\\\/6b0eb9d22841282815e2cd856a0061c45e1761cd54b22e952d98c4746939aa85?s=96&d=mm&r=g\",\"caption\":\"Michele Azevedo\"},\"description\":\"Formada em Letras - Portugu\u00eas\\\/ Ingl\u00eas pela Universidade Estadual de Ponta Grossa (UEPG), p\u00f3s-graduada em Arte na Educa\u00e7\u00e3o (FAPI) e Psicopedagogia Escolar (FAPI), idealizadora e propriet\u00e1ria do site Escritora de Sucesso, possui experi\u00eancia em escrita para blogs em geral e atua como redatora e revisora dos conte\u00fados do Ora\u00e7\u00e3o e F\u00e9.\",\"url\":\"https:\\\/\\\/www.oracaoefe.com\\\/fr\\\/author\\\/michele-azevedo\\\/\"}]}<\/script>\n<!-- \/ Yoast SEO plugin. -->","yoast_head_json":{"title":"A influ\u00eancia das mudan\u00e7as clim\u00e1ticas nas pr\u00e1ticas religiosas - Ora\u00e7\u00e3o e F\u00e9","description":"Dieu a une parole de vie pour vous !","robots":{"index":"index","follow":"follow","max-snippet":"max-snippet:-1","max-image-preview":"max-image-preview:large","max-video-preview":"max-video-preview:-1"},"canonical":"https:\/\/www.oracaoefe.com\/fr\/a-influencia-das-mudancas-climaticas-nas-praticas-religiosas\/","og_locale":"fr_FR","og_type":"article","og_title":"A influ\u00eancia das mudan\u00e7as clim\u00e1ticas nas pr\u00e1ticas religiosas - Ora\u00e7\u00e3o e F\u00e9","og_description":"Deus tem pra voc\u00ea uma palavra de vida!","og_url":"https:\/\/www.oracaoefe.com\/fr\/a-influencia-das-mudancas-climaticas-nas-praticas-religiosas\/","og_site_name":"Ora\u00e7\u00e3o e F\u00e9","article_published_time":"2024-10-06T09:00:00+00:00","article_modified_time":"2025-07-29T22:09:43+00:00","og_image":[{"width":740,"height":493,"url":"https:\/\/www.oracaoefe.com\/wp-content\/uploads\/2024\/09\/image-8.png","type":"image\/png"}],"author":"Michele Azevedo","twitter_card":"summary_large_image","twitter_misc":{"\u00c9crit par":"Michele Azevedo","Dur\u00e9e de lecture estim\u00e9e":"7 minutes"},"schema":{"@context":"https:\/\/schema.org","@graph":[{"@type":"Article","@id":"https:\/\/www.oracaoefe.com\/a-influencia-das-mudancas-climaticas-nas-praticas-religiosas\/#article","isPartOf":{"@id":"https:\/\/www.oracaoefe.com\/a-influencia-das-mudancas-climaticas-nas-praticas-religiosas\/"},"author":{"name":"Michele Azevedo","@id":"https:\/\/www.oracaoefe.com\/#\/schema\/person\/17283c669442cf005c4d5bb58adfb7f5"},"headline":"A influ\u00eancia das mudan\u00e7as clim\u00e1ticas nas pr\u00e1ticas religiosas","datePublished":"2024-10-06T09:00:00+00:00","dateModified":"2025-07-29T22:09:43+00:00","mainEntityOfPage":{"@id":"https:\/\/www.oracaoefe.com\/a-influencia-das-mudancas-climaticas-nas-praticas-religiosas\/"},"wordCount":1472,"image":{"@id":"https:\/\/www.oracaoefe.com\/a-influencia-das-mudancas-climaticas-nas-praticas-religiosas\/#primaryimage"},"thumbnailUrl":"https:\/\/www.oracaoefe.com\/wp-content\/uploads\/2024\/09\/image-8.png","articleSection":["F\u00e9"],"inLanguage":"fr-FR"},{"@type":"WebPage","@id":"https:\/\/www.oracaoefe.com\/a-influencia-das-mudancas-climaticas-nas-praticas-religiosas\/","url":"https:\/\/www.oracaoefe.com\/a-influencia-das-mudancas-climaticas-nas-praticas-religiosas\/","name":"A influ\u00eancia das mudan\u00e7as clim\u00e1ticas nas pr\u00e1ticas religiosas - Ora\u00e7\u00e3o e F\u00e9","isPartOf":{"@id":"https:\/\/www.oracaoefe.com\/#website"},"primaryImageOfPage":{"@id":"https:\/\/www.oracaoefe.com\/a-influencia-das-mudancas-climaticas-nas-praticas-religiosas\/#primaryimage"},"image":{"@id":"https:\/\/www.oracaoefe.com\/a-influencia-das-mudancas-climaticas-nas-praticas-religiosas\/#primaryimage"},"thumbnailUrl":"https:\/\/www.oracaoefe.com\/wp-content\/uploads\/2024\/09\/image-8.png","datePublished":"2024-10-06T09:00:00+00:00","dateModified":"2025-07-29T22:09:43+00:00","author":{"@id":"https:\/\/www.oracaoefe.com\/#\/schema\/person\/17283c669442cf005c4d5bb58adfb7f5"},"description":"Dieu a une parole de vie pour vous !","breadcrumb":{"@id":"https:\/\/www.oracaoefe.com\/a-influencia-das-mudancas-climaticas-nas-praticas-religiosas\/#breadcrumb"},"inLanguage":"fr-FR","potentialAction":[{"@type":"ReadAction","target":["https:\/\/www.oracaoefe.com\/a-influencia-das-mudancas-climaticas-nas-praticas-religiosas\/"]}]},{"@type":"ImageObject","inLanguage":"fr-FR","@id":"https:\/\/www.oracaoefe.com\/a-influencia-das-mudancas-climaticas-nas-praticas-religiosas\/#primaryimage","url":"https:\/\/www.oracaoefe.com\/wp-content\/uploads\/2024\/09\/image-8.png","contentUrl":"https:\/\/www.oracaoefe.com\/wp-content\/uploads\/2024\/09\/image-8.png","width":740,"height":493},{"@type":"BreadcrumbList","@id":"https:\/\/www.oracaoefe.com\/a-influencia-das-mudancas-climaticas-nas-praticas-religiosas\/#breadcrumb","itemListElement":[{"@type":"ListItem","position":1,"name":"Home","item":"https:\/\/www.oracaoefe.com\/"},{"@type":"ListItem","position":2,"name":"F\u00e9","item":"https:\/\/www.oracaoefe.com\/es\/categoria\/fe\/"},{"@type":"ListItem","position":3,"name":"A influ\u00eancia das mudan\u00e7as clim\u00e1ticas nas pr\u00e1ticas religiosas"}]},{"@type":"WebSite","@id":"https:\/\/www.oracaoefe.com\/#website","url":"https:\/\/www.oracaoefe.com\/","name":"Pri\u00e8re et foi","description":"","potentialAction":[{"@type":"SearchAction","target":{"@type":"EntryPoint","urlTemplate":"https:\/\/www.oracaoefe.com\/?s={search_term_string}"},"query-input":{"@type":"PropertyValueSpecification","valueRequired":true,"valueName":"search_term_string"}}],"inLanguage":"fr-FR"},{"@type":"Person","@id":"https:\/\/www.oracaoefe.com\/#\/schema\/person\/17283c669442cf005c4d5bb58adfb7f5","name":"Michele Azevedo","image":{"@type":"ImageObject","inLanguage":"fr-FR","@id":"https:\/\/secure.gravatar.com\/avatar\/6b0eb9d22841282815e2cd856a0061c45e1761cd54b22e952d98c4746939aa85?s=96&d=mm&r=g","url":"https:\/\/secure.gravatar.com\/avatar\/6b0eb9d22841282815e2cd856a0061c45e1761cd54b22e952d98c4746939aa85?s=96&d=mm&r=g","contentUrl":"https:\/\/secure.gravatar.com\/avatar\/6b0eb9d22841282815e2cd856a0061c45e1761cd54b22e952d98c4746939aa85?s=96&d=mm&r=g","caption":"Michele Azevedo"},"description":"Dipl\u00f4m\u00e9e en litt\u00e9rature portugaise\/anglaise de l&#039;Universit\u00e9 d&#039;\u00c9tat de Ponta Grossa (UEPG), avec des dipl\u00f4mes de troisi\u00e8me cycle en art dans l&#039;\u00e9ducation (FAPI) et en psychop\u00e9dagogie scolaire (FAPI), elle est la cr\u00e9atrice et propri\u00e9taire du site web Escritora de Sucesso, a de l&#039;exp\u00e9rience dans l&#039;\u00e9criture pour les blogs en g\u00e9n\u00e9ral et travaille comme r\u00e9dactrice et \u00e9ditrice du contenu pour Ora\u00e7\u00e3o e F\u00e9.","url":"https:\/\/www.oracaoefe.com\/fr\/author\/michele-azevedo\/"}]}},"_links":{"self":[{"href":"https:\/\/www.oracaoefe.com\/fr\/wp-json\/wp\/v2\/posts\/3130","targetHints":{"allow":["GET"]}}],"collection":[{"href":"https:\/\/www.oracaoefe.com\/fr\/wp-json\/wp\/v2\/posts"}],"about":[{"href":"https:\/\/www.oracaoefe.com\/fr\/wp-json\/wp\/v2\/types\/post"}],"author":[{"embeddable":true,"href":"https:\/\/www.oracaoefe.com\/fr\/wp-json\/wp\/v2\/users\/3"}],"replies":[{"embeddable":true,"href":"https:\/\/www.oracaoefe.com\/fr\/wp-json\/wp\/v2\/comments?post=3130"}],"version-history":[{"count":3,"href":"https:\/\/www.oracaoefe.com\/fr\/wp-json\/wp\/v2\/posts\/3130\/revisions"}],"predecessor-version":[{"id":3748,"href":"https:\/\/www.oracaoefe.com\/fr\/wp-json\/wp\/v2\/posts\/3130\/revisions\/3748"}],"wp:featuredmedia":[{"embeddable":true,"href":"https:\/\/www.oracaoefe.com\/fr\/wp-json\/wp\/v2\/media\/3148"}],"wp:attachment":[{"href":"https:\/\/www.oracaoefe.com\/fr\/wp-json\/wp\/v2\/media?parent=3130"}],"wp:term":[{"taxonomy":"category","embeddable":true,"href":"https:\/\/www.oracaoefe.com\/fr\/wp-json\/wp\/v2\/categories?post=3130"},{"taxonomy":"post_tag","embeddable":true,"href":"https:\/\/www.oracaoefe.com\/fr\/wp-json\/wp\/v2\/tags?post=3130"}],"curies":[{"name":"wp","href":"https:\/\/api.w.org\/{rel}","templated":true}]}}