{"id":3128,"date":"2024-10-03T06:00:00","date_gmt":"2024-10-03T09:00:00","guid":{"rendered":"https:\/\/www.oracaoefe.com\/?p=3128"},"modified":"2025-07-20T14:06:46","modified_gmt":"2025-07-20T17:06:46","slug":"como-diferentes-religioes-ao-redor-do-mundo-celebram-o-inicio-do-novo-ano","status":"publish","type":"post","link":"https:\/\/www.oracaoefe.com\/fr\/como-diferentes-religioes-ao-redor-do-mundo-celebram-o-inicio-do-novo-ano\/","title":{"rendered":"Como diferentes religi\u00f5es ao redor do mundo celebram o in\u00edcio do novo ano"},"content":{"rendered":"<p class=\"wp-block-paragraph\">O in\u00edcio de um novo ano \u00e9 um momento repleto de simbolismos, expectativas e celebra\u00e7\u00f5es. Embora muitos pa\u00edses sigam o calend\u00e1rio gregoriano e celebrem o Ano Novo em 1\u00ba de janeiro, v\u00e1rias culturas e religi\u00f5es ao redor do mundo possuem suas pr\u00f3prias datas e tradi\u00e7\u00f5es espec\u00edficas para marcar o come\u00e7o de um novo ciclo. Essas celebra\u00e7\u00f5es est\u00e3o repletas de rituais espirituais, rezas, festas e s\u00edmbolos, refletindo as cren\u00e7as e a hist\u00f3ria de cada religi\u00e3o.<\/p>\n\n\n\n<h2 class=\"wp-block-heading\">O Ano Novo na tradi\u00e7\u00e3o crist\u00e3<\/h2>\n\n\n\n<p class=\"wp-block-paragraph\">Para a maioria dos crist\u00e3os que seguem o calend\u00e1rio gregoriano, o Ano Novo \u00e9 celebrado em 1\u00ba de janeiro. Essa data marca a comemora\u00e7\u00e3o da Solenidade de Maria, M\u00e3e de Deus, um dia sagrado no calend\u00e1rio lit\u00fargico da Igreja Cat\u00f3lica. Muitos crist\u00e3os utilizam este dia para ora\u00e7\u00f5es e reflex\u00f5es, buscando agradecer por b\u00ean\u00e7\u00e3os recebidas e pedindo prote\u00e7\u00e3o e orienta\u00e7\u00e3o para o ano que se inicia.<\/p>\n\n\n\n<figure class=\"wp-block-image size-full is-resized\"><img loading=\"lazy\" decoding=\"async\" width=\"740\" height=\"493\" src=\"https:\/\/www.oracaoefe.com\/wp-content\/uploads\/2024\/09\/image-7.png\" alt=\"\" class=\"wp-image-3146\" style=\"width:840px;height:auto\" srcset=\"https:\/\/www.oracaoefe.com\/wp-content\/uploads\/2024\/09\/image-7.png 740w, https:\/\/www.oracaoefe.com\/wp-content\/uploads\/2024\/09\/image-7-300x200.png 300w, https:\/\/www.oracaoefe.com\/wp-content\/uploads\/2024\/09\/image-7-18x12.png 18w\" sizes=\"auto, (max-width: 740px) 100vw, 740px\" \/><\/figure>\n\n\n\n<p class=\"wp-block-paragraph\">Algumas tradi\u00e7\u00f5es crist\u00e3s incluem:<\/p>\n\n\n\n<ul class=\"wp-block-list\">\n<li><strong>Missa de Ano Novo<\/strong>: Muitos fi\u00e9is participam da missa no primeiro dia do ano, oferecendo suas preces e buscando uma renova\u00e7\u00e3o espiritual.<\/li>\n\n\n\n<li><strong>Resolu\u00e7\u00f5es de Ano Novo<\/strong>: \u00c9 comum que os crist\u00e3os fa\u00e7am promessas ou resolu\u00e7\u00f5es no in\u00edcio do ano, como uma maneira de melhorar sua vida espiritual e pessoal.<\/li>\n\n\n\n<li><strong>Orar em fam\u00edlia<\/strong>: Algumas fam\u00edlias se re\u00fanem para rezar, agradecendo pelo ano que passou e pedindo b\u00ean\u00e7\u00e3os para o novo ciclo.<\/li>\n<\/ul>\n\n\n\n<p class=\"wp-block-paragraph\">Al\u00e9m disso, nas tradi\u00e7\u00f5es ortodoxas, que seguem o calend\u00e1rio juliano, o Ano Novo \u00e9 comemorado em 14 de janeiro, tamb\u00e9m com missas e celebra\u00e7\u00f5es religiosas.<\/p>\n\n\n\n<h2 class=\"wp-block-heading\">Rosh Hashan\u00e1: O Ano Novo Judaico<\/h2>\n\n\n\n<p class=\"wp-block-paragraph\">O juda\u00edsmo celebra o in\u00edcio do novo ano em uma data diferente do calend\u00e1rio gregoriano. O Rosh Hashan\u00e1, o Ano Novo Judaico, geralmente ocorre entre setembro e outubro, dependendo do ciclo lunar. Esta celebra\u00e7\u00e3o marca o in\u00edcio dos &#8220;Dez Dias de Arrependimento&#8221;, que culminam no Yom Kippur, o Dia do Perd\u00e3o.<\/p>\n\n\n\n<p class=\"wp-block-paragraph\">Rosh Hashan\u00e1 \u00e9 um per\u00edodo de introspec\u00e7\u00e3o e renova\u00e7\u00e3o espiritual, onde os judeus acreditam que Deus avalia suas a\u00e7\u00f5es do ano anterior e determina seu destino para o ano que est\u00e1 por vir.<\/p>\n\n\n\n<p class=\"wp-block-paragraph\">Alguns rituais t\u00edpicos do Rosh Hashan\u00e1 incluem:<\/p>\n\n\n\n<ul class=\"wp-block-list\">\n<li><strong>Toque do shofar<\/strong>: O som do shofar, um chifre de carneiro, \u00e9 tocado como um chamado para o arrependimento e a renova\u00e7\u00e3o.<\/li>\n\n\n\n<li><strong>Ora\u00e7\u00f5es especiais<\/strong>: Durante o Rosh Hashan\u00e1, ora\u00e7\u00f5es especiais s\u00e3o realizadas nas sinagogas, incluindo a leitura de trechos do Tor\u00e1 e o pedido por um ano novo aben\u00e7oado.<\/li>\n\n\n\n<li><strong>Comida simb\u00f3lica<\/strong>: \u00c9 tradi\u00e7\u00e3o consumir alimentos simb\u00f3licos, como ma\u00e7\u00e3s mergulhadas em mel, representando o desejo de um ano doce e pr\u00f3spero.<\/li>\n<\/ul>\n\n\n\n<h2 class=\"wp-block-heading\">O Ano Novo Chin\u00eas: A celebra\u00e7\u00e3o do calend\u00e1rio lunar<\/h2>\n\n\n\n<p class=\"wp-block-paragraph\">Uma das celebra\u00e7\u00f5es de Ano Novo mais conhecidas mundialmente \u00e9 o <strong>Ano Novo Chin\u00eas<\/strong>, que segue o calend\u00e1rio lunar. Essa celebra\u00e7\u00e3o ocorre em uma data vari\u00e1vel, geralmente entre o final de janeiro e o in\u00edcio de fevereiro, e \u00e9 comemorada por diversas comunidades asi\u00e1ticas ao redor do mundo.<\/p>\n\n\n\n<p class=\"wp-block-paragraph\">O Ano Novo Chin\u00eas, tamb\u00e9m chamado de <strong>Festival da Primavera<\/strong>, \u00e9 uma celebra\u00e7\u00e3o que envolve rituais familiares, ora\u00e7\u00f5es aos antepassados e festivais culturais que podem durar at\u00e9 15 dias. \u00c9 um per\u00edodo de purifica\u00e7\u00e3o e renova\u00e7\u00e3o, marcado por tradi\u00e7\u00f5es que simbolizam prosperidade, sorte e prote\u00e7\u00e3o contra os maus esp\u00edritos.<\/p>\n\n\n\n<p class=\"wp-block-paragraph\">Algumas pr\u00e1ticas t\u00edpicas incluem:<\/p>\n\n\n\n<ul class=\"wp-block-list\">\n<li><strong>Decora\u00e7\u00e3o com o vermelho<\/strong>: O vermelho \u00e9 considerado uma cor de boa sorte, e as casas s\u00e3o decoradas com lanternas e s\u00edmbolos vermelhos.<\/li>\n\n\n\n<li><strong>Fogos de artif\u00edcio<\/strong>: Os fogos de artif\u00edcio s\u00e3o acesos para espantar os maus esp\u00edritos e trazer sorte para o novo ano.<\/li>\n\n\n\n<li><strong>Envelopes vermelhos com dinheiro<\/strong>: \u00c9 comum que os mais velhos presenteiem os mais jovens com envelopes vermelhos contendo dinheiro, representando b\u00ean\u00e7\u00e3os e prosperidade.<\/li>\n<\/ul>\n\n\n\n<h2 class=\"wp-block-heading\">O Ano Novo Isl\u00e2mico: Hijri<\/h2>\n\n\n\n<p class=\"wp-block-paragraph\">O <strong>Ano Novo Isl\u00e2mico<\/strong> \u00e9 celebrado no primeiro dia do m\u00eas de Muharram, o primeiro m\u00eas do calend\u00e1rio isl\u00e2mico. Como o calend\u00e1rio isl\u00e2mico \u00e9 lunar, o Ano Novo pode cair em diferentes datas a cada ano no calend\u00e1rio gregoriano. Em 2024, ele ser\u00e1 comemorado em julho.<\/p>\n\n\n\n<p class=\"wp-block-paragraph\">Diferente de outras celebra\u00e7\u00f5es de Ano Novo que s\u00e3o marcadas por festas, o in\u00edcio do ano no Isl\u00e3 \u00e9 um momento de reflex\u00e3o espiritual e ora\u00e7\u00f5es, relembrando a migra\u00e7\u00e3o (hijra) do profeta Maom\u00e9 de Meca para Medina, um evento significativo na hist\u00f3ria isl\u00e2mica.<\/p>\n\n\n\n<p class=\"wp-block-paragraph\">Algumas pr\u00e1ticas comuns incluem:<\/p>\n\n\n\n<ul class=\"wp-block-list\">\n<li><strong>Ora\u00e7\u00f5es e jejuns<\/strong>: Os mu\u00e7ulmanos aproveitam o Ano Novo Isl\u00e2mico para rezar, jejuar e fazer boas a\u00e7\u00f5es, buscando se aproximar de Deus (Al\u00e1) e fortalecer sua f\u00e9.<\/li>\n\n\n\n<li><strong>Recita\u00e7\u00e3o do Alcor\u00e3o<\/strong>: Muitos fi\u00e9is aproveitam o momento para recitar trechos do Alcor\u00e3o e refletir sobre os ensinamentos do profeta Maom\u00e9.<\/li>\n<\/ul>\n\n\n\n<h2 class=\"wp-block-heading\">Diwali: Ano Novo Hindu<\/h2>\n\n\n\n<p class=\"wp-block-paragraph\">Para muitos hindus, o Ano Novo \u00e9 celebrado durante o festival de <strong>Diwali<\/strong>, tamb\u00e9m conhecido como o Festival das Luzes. Diwali marca o triunfo da luz sobre a escurid\u00e3o e do bem sobre o mal, e, embora a data varie de acordo com a regi\u00e3o da \u00cdndia, o festival geralmente acontece entre outubro e novembro.<\/p>\n\n\n\n<p class=\"wp-block-paragraph\">Diwali \u00e9 uma celebra\u00e7\u00e3o de cinco dias, e o terceiro dia \u00e9 o mais importante, sendo considerado o in\u00edcio do novo ano para muitos hindus. A comemora\u00e7\u00e3o \u00e9 repleta de luzes, lamparinas, ora\u00e7\u00f5es e encontros familiares.<\/p>\n\n\n\n<p class=\"wp-block-paragraph\">As tradi\u00e7\u00f5es de Diwali incluem:<\/p>\n\n\n\n<ul class=\"wp-block-list\">\n<li><strong>Acendimento de lamparinas de \u00f3leo<\/strong>: As lamparinas s\u00e3o acesas dentro e fora das casas para afastar a escurid\u00e3o e atrair a deusa da prosperidade, Lakshmi.<\/li>\n\n\n\n<li><strong>Troca de presentes<\/strong>: \u00c9 comum trocar presentes e doces entre amigos e familiares, simbolizando os bons votos para o ano novo.<\/li>\n\n\n\n<li><strong>Rituais religiosos<\/strong>: Os hindus realizam rituais e ora\u00e7\u00f5es para agradecer pelas b\u00ean\u00e7\u00e3os do ano anterior e pedir prosperidade para o novo ciclo.<\/li>\n<\/ul>\n\n\n\n<h2 class=\"wp-block-heading\">Vesak: O Ano Novo Budista<\/h2>\n\n\n\n<p class=\"wp-block-paragraph\">Para os budistas, o Ano Novo \u00e9 geralmente celebrado durante o festival de <strong>Vesak<\/strong>, que comemora o nascimento, a ilumina\u00e7\u00e3o e a morte de Buda. A data exata varia conforme o pa\u00eds, mas geralmente ocorre em abril ou maio.<\/p>\n\n\n\n<p class=\"wp-block-paragraph\">O Vesak \u00e9 marcado por cerim\u00f4nias religiosas nos templos, onde os budistas se re\u00fanem para meditar, oferecer flores e velas e fazer preces por um mundo melhor.<\/p>\n\n\n\n<p class=\"wp-block-paragraph\">Algumas tradi\u00e7\u00f5es incluem:<\/p>\n\n\n\n<ul class=\"wp-block-list\">\n<li><strong>Visitas aos templos<\/strong>: Os budistas visitam os templos para fazer oferendas e participar de medita\u00e7\u00f5es e ora\u00e7\u00f5es coletivas.<\/li>\n\n\n\n<li><strong>Liberta\u00e7\u00e3o de animais<\/strong>: Em alguns pa\u00edses, \u00e9 comum a pr\u00e1tica de libertar p\u00e1ssaros, peixes ou outros animais como s\u00edmbolo de compaix\u00e3o e liberdade.<\/li>\n<\/ul>\n\n\n\n<h2 class=\"wp-block-heading\">Celebra\u00e7\u00f5es ind\u00edgenas e espirituais ao redor do mundo<\/h2>\n\n\n\n<p class=\"wp-block-paragraph\">Al\u00e9m das religi\u00f5es tradicionais, diversas comunidades ind\u00edgenas ao redor do mundo celebram o in\u00edcio de um novo ciclo com rituais espirituais pr\u00f3prios, baseados em sua conex\u00e3o com a natureza e os ciclos da Terra.<\/p>\n\n\n\n<p class=\"wp-block-paragraph\">Alguns exemplos incluem:<\/p>\n\n\n\n<ul class=\"wp-block-list\">\n<li><strong>Povos andinos<\/strong>: Nas culturas andinas, como os qu\u00edchuas e aymaras, o Ano Novo (Inti Raymi) \u00e9 celebrado em junho, durante o solst\u00edcio de inverno, com festividades que homenageiam o deus Sol.<\/li>\n\n\n\n<li><strong>Culturas nativas norte-americanas<\/strong>: Algumas tribos nativas da Am\u00e9rica do Norte celebram o novo ano durante o solst\u00edcio de inverno, realizando cerim\u00f4nias de purifica\u00e7\u00e3o e renova\u00e7\u00e3o espiritual.<\/li>\n<\/ul>\n\n\n\n<h2 class=\"wp-block-heading\">Um novo ciclo de f\u00e9 e renova\u00e7\u00e3o<\/h2>\n\n\n\n<p class=\"wp-block-paragraph\">Independentemente da religi\u00e3o, o in\u00edcio do ano \u00e9 um momento de renova\u00e7\u00e3o, esperan\u00e7a e espiritualidade para as pessoas em todo o mundo. Cada cultura e religi\u00e3o tem suas pr\u00f3prias maneiras de marcar esse ciclo, mas todas compartilham o desejo de come\u00e7ar o novo ano com b\u00ean\u00e7\u00e3os, prote\u00e7\u00e3o e prosperidade.<\/p>\n\n\n\n<p class=\"wp-block-paragraph\">Essas celebra\u00e7\u00f5es globais demonstram a diversidade e a riqueza da experi\u00eancia humana em sua busca por significado, f\u00e9 e renova\u00e7\u00e3o espiritual ao longo dos anos.<\/p>\n\n\n\n<p class=\"wp-block-paragraph\">3 de outubro de 2024<\/p>","protected":false},"excerpt":{"rendered":"<p>O in\u00edcio de um novo ano \u00e9 um momento repleto de simbolismos, expectativas e celebra\u00e7\u00f5es. Embora muitos pa\u00edses sigam o calend\u00e1rio gregoriano e celebrem o Ano Novo em 1\u00ba de janeiro, v\u00e1rias culturas e religi\u00f5es ao redor do mundo possuem suas pr\u00f3prias datas e tradi\u00e7\u00f5es espec\u00edficas para marcar o come\u00e7o de um novo ciclo. Essas&hellip;&nbsp;<\/p>","protected":false},"author":3,"featured_media":3146,"comment_status":"closed","ping_status":"closed","sticky":false,"template":"","format":"standard","meta":{"neve_meta_sidebar":"","neve_meta_container":"","neve_meta_enable_content_width":"","neve_meta_content_width":0,"neve_meta_title_alignment":"","neve_meta_author_avatar":"","neve_post_elements_order":"","neve_meta_disable_header":"","neve_meta_disable_footer":"","neve_meta_disable_title":"","footnotes":""},"categories":[1],"tags":[],"class_list":["post-3128","post","type-post","status-publish","format-standard","has-post-thumbnail","hentry","category-curiosidades"],"yoast_head":"<!-- This site is optimized with the Yoast SEO plugin v28.4 - https:\/\/yoast.com\/product\/yoast-seo-wordpress\/ -->\n<title>Como diferentes religi\u00f5es ao redor do mundo celebram o in\u00edcio do novo ano - Ora\u00e7\u00e3o e F\u00e9<\/title>\n<meta name=\"description\" content=\"Deus tem pra voc\u00ea uma palavra de vida!\" \/>\n<meta name=\"robots\" content=\"index, follow, max-snippet:-1, max-image-preview:large, max-video-preview:-1\" \/>\n<link rel=\"canonical\" href=\"https:\/\/www.oracaoefe.com\/fr\/como-diferentes-religioes-ao-redor-do-mundo-celebram-o-inicio-do-novo-ano\/\" \/>\n<meta property=\"og:locale\" content=\"fr_FR\" \/>\n<meta property=\"og:type\" content=\"article\" \/>\n<meta property=\"og:title\" content=\"Como diferentes religi\u00f5es ao redor do mundo celebram o in\u00edcio do novo ano - Ora\u00e7\u00e3o e F\u00e9\" \/>\n<meta property=\"og:description\" content=\"Deus tem pra voc\u00ea uma palavra de vida!\" \/>\n<meta property=\"og:url\" content=\"https:\/\/www.oracaoefe.com\/fr\/como-diferentes-religioes-ao-redor-do-mundo-celebram-o-inicio-do-novo-ano\/\" \/>\n<meta property=\"og:site_name\" content=\"Ora\u00e7\u00e3o e F\u00e9\" \/>\n<meta property=\"article:published_time\" content=\"2024-10-03T09:00:00+00:00\" \/>\n<meta property=\"article:modified_time\" content=\"2025-07-20T17:06:46+00:00\" \/>\n<meta property=\"og:image\" content=\"https:\/\/www.oracaoefe.com\/wp-content\/uploads\/2024\/09\/image-7.png\" \/>\n\t<meta property=\"og:image:width\" content=\"740\" \/>\n\t<meta property=\"og:image:height\" content=\"493\" \/>\n\t<meta property=\"og:image:type\" content=\"image\/png\" \/>\n<meta name=\"author\" content=\"Michele Azevedo\" \/>\n<meta name=\"twitter:card\" content=\"summary_large_image\" \/>\n<meta name=\"twitter:label1\" content=\"\u00c9crit par\" \/>\n\t<meta name=\"twitter:data1\" content=\"Michele Azevedo\" \/>\n\t<meta name=\"twitter:label2\" content=\"Dur\u00e9e de lecture estim\u00e9e\" \/>\n\t<meta name=\"twitter:data2\" content=\"7 minutes\" \/>\n<script type=\"application\/ld+json\" class=\"yoast-schema-graph\">{\"@context\":\"https:\\\/\\\/schema.org\",\"@graph\":[{\"@type\":\"Article\",\"@id\":\"https:\\\/\\\/www.oracaoefe.com\\\/como-diferentes-religioes-ao-redor-do-mundo-celebram-o-inicio-do-novo-ano\\\/#article\",\"isPartOf\":{\"@id\":\"https:\\\/\\\/www.oracaoefe.com\\\/como-diferentes-religioes-ao-redor-do-mundo-celebram-o-inicio-do-novo-ano\\\/\"},\"author\":{\"name\":\"Michele Azevedo\",\"@id\":\"https:\\\/\\\/www.oracaoefe.com\\\/#\\\/schema\\\/person\\\/17283c669442cf005c4d5bb58adfb7f5\"},\"headline\":\"Como diferentes religi\u00f5es ao redor do mundo celebram o in\u00edcio do novo ano\",\"datePublished\":\"2024-10-03T09:00:00+00:00\",\"dateModified\":\"2025-07-20T17:06:46+00:00\",\"mainEntityOfPage\":{\"@id\":\"https:\\\/\\\/www.oracaoefe.com\\\/como-diferentes-religioes-ao-redor-do-mundo-celebram-o-inicio-do-novo-ano\\\/\"},\"wordCount\":1370,\"image\":{\"@id\":\"https:\\\/\\\/www.oracaoefe.com\\\/como-diferentes-religioes-ao-redor-do-mundo-celebram-o-inicio-do-novo-ano\\\/#primaryimage\"},\"thumbnailUrl\":\"https:\\\/\\\/www.oracaoefe.com\\\/wp-content\\\/uploads\\\/2024\\\/09\\\/image-7.png\",\"articleSection\":[\"Curiosidades\"],\"inLanguage\":\"fr-FR\"},{\"@type\":\"WebPage\",\"@id\":\"https:\\\/\\\/www.oracaoefe.com\\\/como-diferentes-religioes-ao-redor-do-mundo-celebram-o-inicio-do-novo-ano\\\/\",\"url\":\"https:\\\/\\\/www.oracaoefe.com\\\/como-diferentes-religioes-ao-redor-do-mundo-celebram-o-inicio-do-novo-ano\\\/\",\"name\":\"Como diferentes religi\u00f5es ao redor do mundo celebram o in\u00edcio do novo ano - Ora\u00e7\u00e3o e F\u00e9\",\"isPartOf\":{\"@id\":\"https:\\\/\\\/www.oracaoefe.com\\\/#website\"},\"primaryImageOfPage\":{\"@id\":\"https:\\\/\\\/www.oracaoefe.com\\\/como-diferentes-religioes-ao-redor-do-mundo-celebram-o-inicio-do-novo-ano\\\/#primaryimage\"},\"image\":{\"@id\":\"https:\\\/\\\/www.oracaoefe.com\\\/como-diferentes-religioes-ao-redor-do-mundo-celebram-o-inicio-do-novo-ano\\\/#primaryimage\"},\"thumbnailUrl\":\"https:\\\/\\\/www.oracaoefe.com\\\/wp-content\\\/uploads\\\/2024\\\/09\\\/image-7.png\",\"datePublished\":\"2024-10-03T09:00:00+00:00\",\"dateModified\":\"2025-07-20T17:06:46+00:00\",\"author\":{\"@id\":\"https:\\\/\\\/www.oracaoefe.com\\\/#\\\/schema\\\/person\\\/17283c669442cf005c4d5bb58adfb7f5\"},\"description\":\"Deus tem pra voc\u00ea uma palavra de vida!\",\"breadcrumb\":{\"@id\":\"https:\\\/\\\/www.oracaoefe.com\\\/como-diferentes-religioes-ao-redor-do-mundo-celebram-o-inicio-do-novo-ano\\\/#breadcrumb\"},\"inLanguage\":\"fr-FR\",\"potentialAction\":[{\"@type\":\"ReadAction\",\"target\":[\"https:\\\/\\\/www.oracaoefe.com\\\/como-diferentes-religioes-ao-redor-do-mundo-celebram-o-inicio-do-novo-ano\\\/\"]}]},{\"@type\":\"ImageObject\",\"inLanguage\":\"fr-FR\",\"@id\":\"https:\\\/\\\/www.oracaoefe.com\\\/como-diferentes-religioes-ao-redor-do-mundo-celebram-o-inicio-do-novo-ano\\\/#primaryimage\",\"url\":\"https:\\\/\\\/www.oracaoefe.com\\\/wp-content\\\/uploads\\\/2024\\\/09\\\/image-7.png\",\"contentUrl\":\"https:\\\/\\\/www.oracaoefe.com\\\/wp-content\\\/uploads\\\/2024\\\/09\\\/image-7.png\",\"width\":740,\"height\":493},{\"@type\":\"BreadcrumbList\",\"@id\":\"https:\\\/\\\/www.oracaoefe.com\\\/como-diferentes-religioes-ao-redor-do-mundo-celebram-o-inicio-do-novo-ano\\\/#breadcrumb\",\"itemListElement\":[{\"@type\":\"ListItem\",\"position\":1,\"name\":\"Home\",\"item\":\"https:\\\/\\\/www.oracaoefe.com\\\/\"},{\"@type\":\"ListItem\",\"position\":2,\"name\":\"Curiosidades\",\"item\":\"https:\\\/\\\/www.oracaoefe.com\\\/es\\\/categoria\\\/curiosidades\\\/\"},{\"@type\":\"ListItem\",\"position\":3,\"name\":\"Como diferentes religi\u00f5es ao redor do mundo celebram o in\u00edcio do novo ano\"}]},{\"@type\":\"WebSite\",\"@id\":\"https:\\\/\\\/www.oracaoefe.com\\\/#website\",\"url\":\"https:\\\/\\\/www.oracaoefe.com\\\/\",\"name\":\"Ora\u00e7\u00e3o e F\u00e9\",\"description\":\"\",\"potentialAction\":[{\"@type\":\"SearchAction\",\"target\":{\"@type\":\"EntryPoint\",\"urlTemplate\":\"https:\\\/\\\/www.oracaoefe.com\\\/?s={search_term_string}\"},\"query-input\":{\"@type\":\"PropertyValueSpecification\",\"valueRequired\":true,\"valueName\":\"search_term_string\"}}],\"inLanguage\":\"fr-FR\"},{\"@type\":\"Person\",\"@id\":\"https:\\\/\\\/www.oracaoefe.com\\\/#\\\/schema\\\/person\\\/17283c669442cf005c4d5bb58adfb7f5\",\"name\":\"Michele Azevedo\",\"image\":{\"@type\":\"ImageObject\",\"inLanguage\":\"fr-FR\",\"@id\":\"https:\\\/\\\/secure.gravatar.com\\\/avatar\\\/6b0eb9d22841282815e2cd856a0061c45e1761cd54b22e952d98c4746939aa85?s=96&d=mm&r=g\",\"url\":\"https:\\\/\\\/secure.gravatar.com\\\/avatar\\\/6b0eb9d22841282815e2cd856a0061c45e1761cd54b22e952d98c4746939aa85?s=96&d=mm&r=g\",\"contentUrl\":\"https:\\\/\\\/secure.gravatar.com\\\/avatar\\\/6b0eb9d22841282815e2cd856a0061c45e1761cd54b22e952d98c4746939aa85?s=96&d=mm&r=g\",\"caption\":\"Michele Azevedo\"},\"description\":\"Formada em Letras - Portugu\u00eas\\\/ Ingl\u00eas pela Universidade Estadual de Ponta Grossa (UEPG), p\u00f3s-graduada em Arte na Educa\u00e7\u00e3o (FAPI) e Psicopedagogia Escolar (FAPI), idealizadora e propriet\u00e1ria do site Escritora de Sucesso, possui experi\u00eancia em escrita para blogs em geral e atua como redatora e revisora dos conte\u00fados do Ora\u00e7\u00e3o e F\u00e9.\",\"url\":\"https:\\\/\\\/www.oracaoefe.com\\\/fr\\\/author\\\/michele-azevedo\\\/\"}]}<\/script>\n<!-- \/ Yoast SEO plugin. -->","yoast_head_json":{"title":"Como diferentes religi\u00f5es ao redor do mundo celebram o in\u00edcio do novo ano - Ora\u00e7\u00e3o e F\u00e9","description":"Dieu a une parole de vie pour vous !","robots":{"index":"index","follow":"follow","max-snippet":"max-snippet:-1","max-image-preview":"max-image-preview:large","max-video-preview":"max-video-preview:-1"},"canonical":"https:\/\/www.oracaoefe.com\/fr\/como-diferentes-religioes-ao-redor-do-mundo-celebram-o-inicio-do-novo-ano\/","og_locale":"fr_FR","og_type":"article","og_title":"Como diferentes religi\u00f5es ao redor do mundo celebram o in\u00edcio do novo ano - Ora\u00e7\u00e3o e F\u00e9","og_description":"Deus tem pra voc\u00ea uma palavra de vida!","og_url":"https:\/\/www.oracaoefe.com\/fr\/como-diferentes-religioes-ao-redor-do-mundo-celebram-o-inicio-do-novo-ano\/","og_site_name":"Ora\u00e7\u00e3o e F\u00e9","article_published_time":"2024-10-03T09:00:00+00:00","article_modified_time":"2025-07-20T17:06:46+00:00","og_image":[{"width":740,"height":493,"url":"https:\/\/www.oracaoefe.com\/wp-content\/uploads\/2024\/09\/image-7.png","type":"image\/png"}],"author":"Michele Azevedo","twitter_card":"summary_large_image","twitter_misc":{"\u00c9crit par":"Michele Azevedo","Dur\u00e9e de lecture estim\u00e9e":"7 minutes"},"schema":{"@context":"https:\/\/schema.org","@graph":[{"@type":"Article","@id":"https:\/\/www.oracaoefe.com\/como-diferentes-religioes-ao-redor-do-mundo-celebram-o-inicio-do-novo-ano\/#article","isPartOf":{"@id":"https:\/\/www.oracaoefe.com\/como-diferentes-religioes-ao-redor-do-mundo-celebram-o-inicio-do-novo-ano\/"},"author":{"name":"Michele Azevedo","@id":"https:\/\/www.oracaoefe.com\/#\/schema\/person\/17283c669442cf005c4d5bb58adfb7f5"},"headline":"Como diferentes religi\u00f5es ao redor do mundo celebram o in\u00edcio do novo ano","datePublished":"2024-10-03T09:00:00+00:00","dateModified":"2025-07-20T17:06:46+00:00","mainEntityOfPage":{"@id":"https:\/\/www.oracaoefe.com\/como-diferentes-religioes-ao-redor-do-mundo-celebram-o-inicio-do-novo-ano\/"},"wordCount":1370,"image":{"@id":"https:\/\/www.oracaoefe.com\/como-diferentes-religioes-ao-redor-do-mundo-celebram-o-inicio-do-novo-ano\/#primaryimage"},"thumbnailUrl":"https:\/\/www.oracaoefe.com\/wp-content\/uploads\/2024\/09\/image-7.png","articleSection":["Curiosidades"],"inLanguage":"fr-FR"},{"@type":"WebPage","@id":"https:\/\/www.oracaoefe.com\/como-diferentes-religioes-ao-redor-do-mundo-celebram-o-inicio-do-novo-ano\/","url":"https:\/\/www.oracaoefe.com\/como-diferentes-religioes-ao-redor-do-mundo-celebram-o-inicio-do-novo-ano\/","name":"Como diferentes religi\u00f5es ao redor do mundo celebram o in\u00edcio do novo ano - Ora\u00e7\u00e3o e F\u00e9","isPartOf":{"@id":"https:\/\/www.oracaoefe.com\/#website"},"primaryImageOfPage":{"@id":"https:\/\/www.oracaoefe.com\/como-diferentes-religioes-ao-redor-do-mundo-celebram-o-inicio-do-novo-ano\/#primaryimage"},"image":{"@id":"https:\/\/www.oracaoefe.com\/como-diferentes-religioes-ao-redor-do-mundo-celebram-o-inicio-do-novo-ano\/#primaryimage"},"thumbnailUrl":"https:\/\/www.oracaoefe.com\/wp-content\/uploads\/2024\/09\/image-7.png","datePublished":"2024-10-03T09:00:00+00:00","dateModified":"2025-07-20T17:06:46+00:00","author":{"@id":"https:\/\/www.oracaoefe.com\/#\/schema\/person\/17283c669442cf005c4d5bb58adfb7f5"},"description":"Dieu a une parole de vie pour vous !","breadcrumb":{"@id":"https:\/\/www.oracaoefe.com\/como-diferentes-religioes-ao-redor-do-mundo-celebram-o-inicio-do-novo-ano\/#breadcrumb"},"inLanguage":"fr-FR","potentialAction":[{"@type":"ReadAction","target":["https:\/\/www.oracaoefe.com\/como-diferentes-religioes-ao-redor-do-mundo-celebram-o-inicio-do-novo-ano\/"]}]},{"@type":"ImageObject","inLanguage":"fr-FR","@id":"https:\/\/www.oracaoefe.com\/como-diferentes-religioes-ao-redor-do-mundo-celebram-o-inicio-do-novo-ano\/#primaryimage","url":"https:\/\/www.oracaoefe.com\/wp-content\/uploads\/2024\/09\/image-7.png","contentUrl":"https:\/\/www.oracaoefe.com\/wp-content\/uploads\/2024\/09\/image-7.png","width":740,"height":493},{"@type":"BreadcrumbList","@id":"https:\/\/www.oracaoefe.com\/como-diferentes-religioes-ao-redor-do-mundo-celebram-o-inicio-do-novo-ano\/#breadcrumb","itemListElement":[{"@type":"ListItem","position":1,"name":"Home","item":"https:\/\/www.oracaoefe.com\/"},{"@type":"ListItem","position":2,"name":"Curiosidades","item":"https:\/\/www.oracaoefe.com\/es\/categoria\/curiosidades\/"},{"@type":"ListItem","position":3,"name":"Como diferentes religi\u00f5es ao redor do mundo celebram o in\u00edcio do novo ano"}]},{"@type":"WebSite","@id":"https:\/\/www.oracaoefe.com\/#website","url":"https:\/\/www.oracaoefe.com\/","name":"Pri\u00e8re et foi","description":"","potentialAction":[{"@type":"SearchAction","target":{"@type":"EntryPoint","urlTemplate":"https:\/\/www.oracaoefe.com\/?s={search_term_string}"},"query-input":{"@type":"PropertyValueSpecification","valueRequired":true,"valueName":"search_term_string"}}],"inLanguage":"fr-FR"},{"@type":"Person","@id":"https:\/\/www.oracaoefe.com\/#\/schema\/person\/17283c669442cf005c4d5bb58adfb7f5","name":"Michele Azevedo","image":{"@type":"ImageObject","inLanguage":"fr-FR","@id":"https:\/\/secure.gravatar.com\/avatar\/6b0eb9d22841282815e2cd856a0061c45e1761cd54b22e952d98c4746939aa85?s=96&d=mm&r=g","url":"https:\/\/secure.gravatar.com\/avatar\/6b0eb9d22841282815e2cd856a0061c45e1761cd54b22e952d98c4746939aa85?s=96&d=mm&r=g","contentUrl":"https:\/\/secure.gravatar.com\/avatar\/6b0eb9d22841282815e2cd856a0061c45e1761cd54b22e952d98c4746939aa85?s=96&d=mm&r=g","caption":"Michele Azevedo"},"description":"Dipl\u00f4m\u00e9e en litt\u00e9rature portugaise\/anglaise de l&#039;Universit\u00e9 d&#039;\u00c9tat de Ponta Grossa (UEPG), avec des dipl\u00f4mes de troisi\u00e8me cycle en art dans l&#039;\u00e9ducation (FAPI) et en psychop\u00e9dagogie scolaire (FAPI), elle est la cr\u00e9atrice et propri\u00e9taire du site web Escritora de Sucesso, a de l&#039;exp\u00e9rience dans l&#039;\u00e9criture pour les blogs en g\u00e9n\u00e9ral et travaille comme r\u00e9dactrice et \u00e9ditrice du contenu pour Ora\u00e7\u00e3o e F\u00e9.","url":"https:\/\/www.oracaoefe.com\/fr\/author\/michele-azevedo\/"}]}},"_links":{"self":[{"href":"https:\/\/www.oracaoefe.com\/fr\/wp-json\/wp\/v2\/posts\/3128","targetHints":{"allow":["GET"]}}],"collection":[{"href":"https:\/\/www.oracaoefe.com\/fr\/wp-json\/wp\/v2\/posts"}],"about":[{"href":"https:\/\/www.oracaoefe.com\/fr\/wp-json\/wp\/v2\/types\/post"}],"author":[{"embeddable":true,"href":"https:\/\/www.oracaoefe.com\/fr\/wp-json\/wp\/v2\/users\/3"}],"replies":[{"embeddable":true,"href":"https:\/\/www.oracaoefe.com\/fr\/wp-json\/wp\/v2\/comments?post=3128"}],"version-history":[{"count":3,"href":"https:\/\/www.oracaoefe.com\/fr\/wp-json\/wp\/v2\/posts\/3128\/revisions"}],"predecessor-version":[{"id":3746,"href":"https:\/\/www.oracaoefe.com\/fr\/wp-json\/wp\/v2\/posts\/3128\/revisions\/3746"}],"wp:featuredmedia":[{"embeddable":true,"href":"https:\/\/www.oracaoefe.com\/fr\/wp-json\/wp\/v2\/media\/3146"}],"wp:attachment":[{"href":"https:\/\/www.oracaoefe.com\/fr\/wp-json\/wp\/v2\/media?parent=3128"}],"wp:term":[{"taxonomy":"category","embeddable":true,"href":"https:\/\/www.oracaoefe.com\/fr\/wp-json\/wp\/v2\/categories?post=3128"},{"taxonomy":"post_tag","embeddable":true,"href":"https:\/\/www.oracaoefe.com\/fr\/wp-json\/wp\/v2\/tags?post=3128"}],"curies":[{"name":"wp","href":"https:\/\/api.w.org\/{rel}","templated":true}]}}