{"id":3123,"date":"2024-09-27T06:00:00","date_gmt":"2024-09-27T09:00:00","guid":{"rendered":"https:\/\/www.oracaoefe.com\/?p=3123"},"modified":"2025-07-18T13:16:18","modified_gmt":"2025-07-18T16:16:18","slug":"tecnicas-de-oracao-para-enfrentar-o-estresse-do-cotidiano","status":"publish","type":"post","link":"https:\/\/www.oracaoefe.com\/fr\/tecnicas-de-oracao-para-enfrentar-o-estresse-do-cotidiano\/","title":{"rendered":"T\u00e9cnicas de ora\u00e7\u00e3o para enfrentar o estresse do cotidiano"},"content":{"rendered":"<p class=\"wp-block-paragraph\">Em um mundo acelerado, onde o estresse e a ansiedade parecem fazer parte da rotina di\u00e1ria, muitas pessoas est\u00e3o redescobrindo o poder da ora\u00e7\u00e3o como uma ferramenta eficaz para trazer paz e equil\u00edbrio emocional. A ora\u00e7\u00e3o, que por muito tempo foi vista como uma pr\u00e1tica espiritual, hoje se revela tamb\u00e9m como uma forma poderosa de autocuidado, proporcionando momentos de conex\u00e3o interior e al\u00edvio mental. <\/p>\n\n\n\n<h2 class=\"wp-block-heading\">A ora\u00e7\u00e3o como ferramenta de autocuidado<\/h2>\n\n\n\n<p class=\"wp-block-paragraph\">A ora\u00e7\u00e3o pode ser considerada um espa\u00e7o de pausa, onde a mente encontra al\u00edvio e se permite desligar das preocupa\u00e7\u00f5es e press\u00f5es cotidianas. Independentemente da afilia\u00e7\u00e3o religiosa, muitos est\u00e3o descobrindo que a pr\u00e1tica da ora\u00e7\u00e3o \u2014 ou uma medita\u00e7\u00e3o orientada pela f\u00e9 \u2014 pode ser um ref\u00fagio para lidar com o estresse. Ela oferece um momento de introspec\u00e7\u00e3o e reequil\u00edbrio emocional, al\u00e9m de proporcionar uma conex\u00e3o profunda com algo maior.<\/p>\n\n\n\n<figure class=\"wp-block-image size-full is-resized\"><img loading=\"lazy\" decoding=\"async\" width=\"740\" height=\"493\" src=\"https:\/\/www.oracaoefe.com\/wp-content\/uploads\/2024\/09\/image-5.png\" alt=\"\" class=\"wp-image-3142\" style=\"width:840px;height:auto\" srcset=\"https:\/\/www.oracaoefe.com\/wp-content\/uploads\/2024\/09\/image-5.png 740w, https:\/\/www.oracaoefe.com\/wp-content\/uploads\/2024\/09\/image-5-300x200.png 300w, https:\/\/www.oracaoefe.com\/wp-content\/uploads\/2024\/09\/image-5-18x12.png 18w\" sizes=\"auto, (max-width: 740px) 100vw, 740px\" \/><\/figure>\n\n\n\n<h2 class=\"wp-block-heading\">Estrat\u00e9gias pr\u00e1ticas para modernizar sua pr\u00e1tica de ora\u00e7\u00e3o<\/h2>\n\n\n\n<p class=\"wp-block-paragraph\">\u00c0 medida que a sociedade avan\u00e7a, novas abordagens para antigas pr\u00e1ticas como a ora\u00e7\u00e3o surgem. Abaixo est\u00e3o algumas maneiras pr\u00e1ticas e modernas de orar, que podem ser facilmente integradas ao seu cotidiano.<\/p>\n\n\n\n<h3 class=\"wp-block-heading\">Ora\u00e7\u00e3o curta e constante ao longo do dia<\/h3>\n\n\n\n<p class=\"wp-block-paragraph\">Em vez de reservar longos per\u00edodos para a ora\u00e7\u00e3o, que podem ser dif\u00edceis de ajustar \u00e0 agenda, muitas pessoas est\u00e3o adotando a pr\u00e1tica de ora\u00e7\u00f5es curtas e constantes ao longo do dia. Essas ora\u00e7\u00f5es podem ser simples frases de agradecimento ou pedidos de for\u00e7a e paz.<\/p>\n\n\n\n<p class=\"wp-block-paragraph\">Essa t\u00e9cnica \u00e9 eficaz porque transforma a ora\u00e7\u00e3o em algo cont\u00ednuo, que pode ser feito em qualquer lugar \u2014 seja durante o tr\u00e2nsito, em momentos de espera ou at\u00e9 em breves pausas no trabalho.<\/p>\n\n\n\n<h3 class=\"wp-block-heading\">Ora\u00e7\u00e3o e respira\u00e7\u00e3o consciente<\/h3>\n\n\n\n<p class=\"wp-block-paragraph\">Uma maneira poderosa de lidar com o estresse \u00e9 combinar a ora\u00e7\u00e3o com t\u00e9cnicas de respira\u00e7\u00e3o consciente. Esta abordagem envolve concentrar-se na respira\u00e7\u00e3o enquanto repete uma ora\u00e7\u00e3o ou mantra. A respira\u00e7\u00e3o profunda ajuda a acalmar o sistema nervoso, enquanto a ora\u00e7\u00e3o direciona a mente para pensamentos de paz e gratid\u00e3o.<\/p>\n\n\n\n<p class=\"wp-block-paragraph\">Voc\u00ea pode tentar a seguinte t\u00e9cnica:<\/p>\n\n\n\n<ul class=\"wp-block-list\">\n<li>Encontre um lugar calmo.<\/li>\n\n\n\n<li>Inspire profundamente pelo nariz, contando at\u00e9 quatro.<\/li>\n\n\n\n<li>Ao expirar lentamente, repita uma frase curta, como &#8220;D\u00e1-me paz&#8221; ou &#8220;Estou em suas m\u00e3os&#8221;.<\/li>\n\n\n\n<li>Continue esse ciclo por alguns minutos, at\u00e9 sentir-se mais calmo e centrado.<\/li>\n<\/ul>\n\n\n\n<p class=\"wp-block-paragraph\">Essa combina\u00e7\u00e3o de ora\u00e7\u00e3o e respira\u00e7\u00e3o ativa o relaxamento e \u00e9 uma excelente t\u00e9cnica para quem busca equil\u00edbrio durante um dia agitado.<\/p>\n\n\n\n<h3 class=\"wp-block-heading\">Ora\u00e7\u00e3o de gratid\u00e3o<\/h3>\n\n\n\n<p class=\"wp-block-paragraph\">A gratid\u00e3o tem sido amplamente estudada por seus benef\u00edcios psicol\u00f3gicos e emocionais. A pr\u00e1tica de uma ora\u00e7\u00e3o focada na gratid\u00e3o \u00e9 uma maneira moderna de enfrentar o estresse, pois muda o foco da mente das preocupa\u00e7\u00f5es para aquilo que \u00e9 positivo na vida.<\/p>\n\n\n\n<p class=\"wp-block-paragraph\">Ao come\u00e7ar ou terminar o dia, reserve alguns minutos para orar expressando gratid\u00e3o. Em vez de se concentrar nos problemas ou desafios, fa\u00e7a uma lista de b\u00ean\u00e7\u00e3os e agrade\u00e7a por elas. Essa pr\u00e1tica simples tem o poder de transformar a perspectiva, promovendo uma sensa\u00e7\u00e3o de contentamento e otimismo.<\/p>\n\n\n\n<h3 class=\"wp-block-heading\">Ora\u00e7\u00e3o com escrita<\/h3>\n\n\n\n<p class=\"wp-block-paragraph\">Outra t\u00e9cnica moderna \u00e9 combinar a ora\u00e7\u00e3o com a escrita. Muitas pessoas est\u00e3o adotando o h\u00e1bito de manter um di\u00e1rio de ora\u00e7\u00f5es, onde escrevem suas preces, desejos, medos e agradecimentos. Esta pr\u00e1tica oferece uma maneira tang\u00edvel de organizar pensamentos e sentimentos, al\u00e9m de criar um registro que pode ser revisitado em momentos de d\u00favida ou des\u00e2nimo.<\/p>\n\n\n\n<p class=\"wp-block-paragraph\">Escrever suas ora\u00e7\u00f5es ajuda a liberar a mente, permitindo que voc\u00ea organize suas emo\u00e7\u00f5es e pensamentos de forma mais clara. Al\u00e9m disso, ao colocar as palavras no papel, a pr\u00e1tica da ora\u00e7\u00e3o se torna mais reflexiva e intencional.<\/p>\n\n\n\n<h3 class=\"wp-block-heading\">Ora\u00e7\u00e3o em movimento<\/h3>\n\n\n\n<p class=\"wp-block-paragraph\">Para quem tem dificuldade em ficar parado, a ora\u00e7\u00e3o em movimento \u00e9 uma t\u00e9cnica interessante. Caminhadas meditativas, onde voc\u00ea reflete em sil\u00eancio ou repete ora\u00e7\u00f5es mentalmente enquanto se movimenta, s\u00e3o cada vez mais comuns. A atividade f\u00edsica leve, combinada com a ora\u00e7\u00e3o, ajuda a liberar tens\u00f5es acumuladas no corpo, promovendo uma sensa\u00e7\u00e3o de al\u00edvio mental e f\u00edsico.<\/p>\n\n\n\n<p class=\"wp-block-paragraph\">Esse tipo de ora\u00e7\u00e3o pode ser feito durante uma caminhada no parque, no quintal de casa ou at\u00e9 mesmo em momentos de deslocamento, como durante o caminho para o trabalho. A ideia \u00e9 conectar o corpo e a mente, permitindo que o movimento f\u00edsico alivie o estresse enquanto a ora\u00e7\u00e3o traz clareza e paz.<\/p>\n\n\n\n<h2 class=\"wp-block-heading\">A import\u00e2ncia de criar um espa\u00e7o para a ora\u00e7\u00e3o<\/h2>\n\n\n\n<p class=\"wp-block-paragraph\">Outra estrat\u00e9gia moderna para enfrentar o estresse atrav\u00e9s da ora\u00e7\u00e3o \u00e9 criar um espa\u00e7o dedicado em casa. Pode ser um canto tranquilo onde voc\u00ea se sinta confort\u00e1vel, com itens que tragam uma sensa\u00e7\u00e3o de paz e serenidade, como velas, imagens ou objetos espirituais. Ao criar um ambiente que favore\u00e7a a introspec\u00e7\u00e3o e a calma, voc\u00ea facilita o momento de ora\u00e7\u00e3o e medita\u00e7\u00e3o.<\/p>\n\n\n\n<p class=\"wp-block-paragraph\">Al\u00e9m de ajudar a criar uma rotina de ora\u00e7\u00e3o mais s\u00f3lida, esse espa\u00e7o pode se tornar um ref\u00fagio pessoal em dias de maior tens\u00e3o, onde voc\u00ea sabe que pode encontrar paz e reequil\u00edbrio.<\/p>\n\n\n\n<h2 class=\"wp-block-heading\">A ora\u00e7\u00e3o e as conex\u00f5es digitais<\/h2>\n\n\n\n<p class=\"wp-block-paragraph\">Com o avan\u00e7o da tecnologia, muitas pessoas tamb\u00e9m est\u00e3o se beneficiando de aplicativos de ora\u00e7\u00e3o e medita\u00e7\u00e3o guiada. Esses aplicativos oferecem ora\u00e7\u00f5es di\u00e1rias, lembretes e at\u00e9 mesmo grupos de ora\u00e7\u00e3o online, permitindo que voc\u00ea se conecte com outras pessoas e compartilhe sua jornada espiritual.<\/p>\n\n\n\n<p class=\"wp-block-paragraph\">Essas plataformas digitais podem ser uma \u00f3tima op\u00e7\u00e3o para quem busca orienta\u00e7\u00e3o ou deseja incorporar a pr\u00e1tica da ora\u00e7\u00e3o ao dia a dia de maneira simples e acess\u00edvel.<\/p>\n\n\n\n<h2 class=\"wp-block-heading\">Benef\u00edcios da ora\u00e7\u00e3o para o combate ao estresse<\/h2>\n\n\n\n<p class=\"wp-block-paragraph\">A ci\u00eancia tem demonstrado que pr\u00e1ticas espirituais, como a ora\u00e7\u00e3o, podem ter efeitos ben\u00e9ficos sobre a sa\u00fade mental e emocional. Entre os principais benef\u00edcios est\u00e3o:<\/p>\n\n\n\n<ul class=\"wp-block-list\">\n<li><strong>Redu\u00e7\u00e3o do estresse e ansiedade<\/strong>: A ora\u00e7\u00e3o oferece um momento de pausa, permitindo que a mente descanse e se acalme.<\/li>\n\n\n\n<li><strong>Aumento da resili\u00eancia emocional<\/strong>: Conectar-se com a espiritualidade pode ajudar a enfrentar dificuldades com mais serenidade e aceita\u00e7\u00e3o.<\/li>\n\n\n\n<li><strong>Promo\u00e7\u00e3o do bem-estar geral<\/strong>: A pr\u00e1tica regular da ora\u00e7\u00e3o pode promover sentimentos de gratid\u00e3o, paz interior e equil\u00edbrio emocional.<\/li>\n<\/ul>\n\n\n\n<h2 class=\"wp-block-heading\">O futuro da ora\u00e7\u00e3o no combate ao estresse<\/h2>\n\n\n\n<p class=\"wp-block-paragraph\">\u00c0 medida que o mundo moderno continua a evoluir e as press\u00f5es di\u00e1rias aumentam, a ora\u00e7\u00e3o tem se mostrado uma ferramenta poderosa e acess\u00edvel para lidar com o estresse. As novas abordagens, que integram t\u00e9cnicas de mindfulness, respira\u00e7\u00e3o e tecnologia, tornam essa pr\u00e1tica mais relevante e eficaz para as necessidades contempor\u00e2neas.<\/p>\n\n\n\n<p class=\"wp-block-paragraph\">Incorporar a ora\u00e7\u00e3o \u00e0 sua rotina di\u00e1ria n\u00e3o apenas trar\u00e1 al\u00edvio emocional imediato, mas tamb\u00e9m ajudar\u00e1 a construir uma base de calma e resili\u00eancia para enfrentar os desafios futuros.<\/p>\n\n\n\n<h2 class=\"wp-block-heading\">Um novo olhar sobre a pr\u00e1tica da ora\u00e7\u00e3o<\/h2>\n\n\n\n<p class=\"wp-block-paragraph\">As t\u00e9cnicas modernas de ora\u00e7\u00e3o nos lembram que a espiritualidade pode ser uma aliada poderosa no combate ao estresse. Ao adaptar essas pr\u00e1ticas \u00e0 realidade contempor\u00e2nea, voc\u00ea pode encontrar formas eficazes de buscar paz, equil\u00edbrio e conex\u00e3o em meio ao caos do cotidiano. Seja atrav\u00e9s de ora\u00e7\u00f5es curtas, medita\u00e7\u00e3o, escrita ou movimento, a chave est\u00e1 em descobrir o que melhor funciona para voc\u00ea e integrar essa pr\u00e1tica de maneira natural ao seu dia a dia.<\/p>\n\n\n\n<p class=\"wp-block-paragraph\"><\/p>\n\n\n\n<p class=\"wp-block-paragraph\">27 de setembro de 2024<\/p>","protected":false},"excerpt":{"rendered":"<p>Em um mundo acelerado, onde o estresse e a ansiedade parecem fazer parte da rotina di\u00e1ria, muitas pessoas est\u00e3o redescobrindo o poder da ora\u00e7\u00e3o como uma ferramenta eficaz para trazer paz e equil\u00edbrio emocional. A ora\u00e7\u00e3o, que por muito tempo foi vista como uma pr\u00e1tica espiritual, hoje se revela tamb\u00e9m como uma forma poderosa de&hellip;&nbsp;<\/p>","protected":false},"author":3,"featured_media":3142,"comment_status":"closed","ping_status":"closed","sticky":false,"template":"","format":"standard","meta":{"neve_meta_sidebar":"","neve_meta_container":"","neve_meta_enable_content_width":"","neve_meta_content_width":0,"neve_meta_title_alignment":"","neve_meta_author_avatar":"","neve_post_elements_order":"","neve_meta_disable_header":"","neve_meta_disable_footer":"","neve_meta_disable_title":"","footnotes":""},"categories":[2],"tags":[],"class_list":["post-3123","post","type-post","status-publish","format-standard","has-post-thumbnail","hentry","category-oracao"],"yoast_head":"<!-- This site is optimized with the Yoast SEO plugin v28.4 - https:\/\/yoast.com\/product\/yoast-seo-wordpress\/ -->\n<title>T\u00e9cnicas de ora\u00e7\u00e3o para enfrentar o estresse do cotidiano - Ora\u00e7\u00e3o e F\u00e9<\/title>\n<meta name=\"description\" content=\"Deus tem pra voc\u00ea uma palavra de vida!\" \/>\n<meta name=\"robots\" content=\"index, follow, max-snippet:-1, max-image-preview:large, max-video-preview:-1\" \/>\n<link rel=\"canonical\" href=\"https:\/\/www.oracaoefe.com\/fr\/tecnicas-de-oracao-para-enfrentar-o-estresse-do-cotidiano\/\" \/>\n<meta property=\"og:locale\" content=\"fr_FR\" \/>\n<meta property=\"og:type\" content=\"article\" \/>\n<meta property=\"og:title\" content=\"T\u00e9cnicas de ora\u00e7\u00e3o para enfrentar o estresse do cotidiano - Ora\u00e7\u00e3o e F\u00e9\" \/>\n<meta property=\"og:description\" content=\"Deus tem pra voc\u00ea uma palavra de vida!\" \/>\n<meta property=\"og:url\" content=\"https:\/\/www.oracaoefe.com\/fr\/tecnicas-de-oracao-para-enfrentar-o-estresse-do-cotidiano\/\" \/>\n<meta property=\"og:site_name\" content=\"Ora\u00e7\u00e3o e F\u00e9\" \/>\n<meta property=\"article:published_time\" content=\"2024-09-27T09:00:00+00:00\" \/>\n<meta property=\"article:modified_time\" content=\"2025-07-18T16:16:18+00:00\" \/>\n<meta property=\"og:image\" content=\"https:\/\/www.oracaoefe.com\/wp-content\/uploads\/2024\/09\/image-5.png\" \/>\n\t<meta property=\"og:image:width\" content=\"740\" \/>\n\t<meta property=\"og:image:height\" content=\"493\" \/>\n\t<meta property=\"og:image:type\" content=\"image\/png\" \/>\n<meta name=\"author\" content=\"Michele Azevedo\" \/>\n<meta name=\"twitter:card\" content=\"summary_large_image\" \/>\n<meta name=\"twitter:label1\" content=\"\u00c9crit par\" \/>\n\t<meta name=\"twitter:data1\" content=\"Michele Azevedo\" \/>\n\t<meta name=\"twitter:label2\" content=\"Dur\u00e9e de lecture estim\u00e9e\" \/>\n\t<meta name=\"twitter:data2\" content=\"7 minutes\" \/>\n<script type=\"application\/ld+json\" class=\"yoast-schema-graph\">{\"@context\":\"https:\\\/\\\/schema.org\",\"@graph\":[{\"@type\":\"Article\",\"@id\":\"https:\\\/\\\/www.oracaoefe.com\\\/tecnicas-de-oracao-para-enfrentar-o-estresse-do-cotidiano\\\/#article\",\"isPartOf\":{\"@id\":\"https:\\\/\\\/www.oracaoefe.com\\\/tecnicas-de-oracao-para-enfrentar-o-estresse-do-cotidiano\\\/\"},\"author\":{\"name\":\"Michele Azevedo\",\"@id\":\"https:\\\/\\\/www.oracaoefe.com\\\/#\\\/schema\\\/person\\\/17283c669442cf005c4d5bb58adfb7f5\"},\"headline\":\"T\u00e9cnicas de ora\u00e7\u00e3o para enfrentar o estresse do cotidiano\",\"datePublished\":\"2024-09-27T09:00:00+00:00\",\"dateModified\":\"2025-07-18T16:16:18+00:00\",\"mainEntityOfPage\":{\"@id\":\"https:\\\/\\\/www.oracaoefe.com\\\/tecnicas-de-oracao-para-enfrentar-o-estresse-do-cotidiano\\\/\"},\"wordCount\":1327,\"image\":{\"@id\":\"https:\\\/\\\/www.oracaoefe.com\\\/tecnicas-de-oracao-para-enfrentar-o-estresse-do-cotidiano\\\/#primaryimage\"},\"thumbnailUrl\":\"https:\\\/\\\/www.oracaoefe.com\\\/wp-content\\\/uploads\\\/2024\\\/09\\\/image-5.png\",\"articleSection\":[\"Ora\u00e7\u00e3o\"],\"inLanguage\":\"fr-FR\"},{\"@type\":\"WebPage\",\"@id\":\"https:\\\/\\\/www.oracaoefe.com\\\/tecnicas-de-oracao-para-enfrentar-o-estresse-do-cotidiano\\\/\",\"url\":\"https:\\\/\\\/www.oracaoefe.com\\\/tecnicas-de-oracao-para-enfrentar-o-estresse-do-cotidiano\\\/\",\"name\":\"T\u00e9cnicas de ora\u00e7\u00e3o para enfrentar o estresse do cotidiano - Ora\u00e7\u00e3o e F\u00e9\",\"isPartOf\":{\"@id\":\"https:\\\/\\\/www.oracaoefe.com\\\/#website\"},\"primaryImageOfPage\":{\"@id\":\"https:\\\/\\\/www.oracaoefe.com\\\/tecnicas-de-oracao-para-enfrentar-o-estresse-do-cotidiano\\\/#primaryimage\"},\"image\":{\"@id\":\"https:\\\/\\\/www.oracaoefe.com\\\/tecnicas-de-oracao-para-enfrentar-o-estresse-do-cotidiano\\\/#primaryimage\"},\"thumbnailUrl\":\"https:\\\/\\\/www.oracaoefe.com\\\/wp-content\\\/uploads\\\/2024\\\/09\\\/image-5.png\",\"datePublished\":\"2024-09-27T09:00:00+00:00\",\"dateModified\":\"2025-07-18T16:16:18+00:00\",\"author\":{\"@id\":\"https:\\\/\\\/www.oracaoefe.com\\\/#\\\/schema\\\/person\\\/17283c669442cf005c4d5bb58adfb7f5\"},\"description\":\"Deus tem pra voc\u00ea uma palavra de vida!\",\"breadcrumb\":{\"@id\":\"https:\\\/\\\/www.oracaoefe.com\\\/tecnicas-de-oracao-para-enfrentar-o-estresse-do-cotidiano\\\/#breadcrumb\"},\"inLanguage\":\"fr-FR\",\"potentialAction\":[{\"@type\":\"ReadAction\",\"target\":[\"https:\\\/\\\/www.oracaoefe.com\\\/tecnicas-de-oracao-para-enfrentar-o-estresse-do-cotidiano\\\/\"]}]},{\"@type\":\"ImageObject\",\"inLanguage\":\"fr-FR\",\"@id\":\"https:\\\/\\\/www.oracaoefe.com\\\/tecnicas-de-oracao-para-enfrentar-o-estresse-do-cotidiano\\\/#primaryimage\",\"url\":\"https:\\\/\\\/www.oracaoefe.com\\\/wp-content\\\/uploads\\\/2024\\\/09\\\/image-5.png\",\"contentUrl\":\"https:\\\/\\\/www.oracaoefe.com\\\/wp-content\\\/uploads\\\/2024\\\/09\\\/image-5.png\",\"width\":740,\"height\":493},{\"@type\":\"BreadcrumbList\",\"@id\":\"https:\\\/\\\/www.oracaoefe.com\\\/tecnicas-de-oracao-para-enfrentar-o-estresse-do-cotidiano\\\/#breadcrumb\",\"itemListElement\":[{\"@type\":\"ListItem\",\"position\":1,\"name\":\"Home\",\"item\":\"https:\\\/\\\/www.oracaoefe.com\\\/\"},{\"@type\":\"ListItem\",\"position\":2,\"name\":\"Ora\u00e7\u00e3o\",\"item\":\"https:\\\/\\\/www.oracaoefe.com\\\/category\\\/oracao\\\/\"},{\"@type\":\"ListItem\",\"position\":3,\"name\":\"T\u00e9cnicas de ora\u00e7\u00e3o para enfrentar o estresse do cotidiano\"}]},{\"@type\":\"WebSite\",\"@id\":\"https:\\\/\\\/www.oracaoefe.com\\\/#website\",\"url\":\"https:\\\/\\\/www.oracaoefe.com\\\/\",\"name\":\"Ora\u00e7\u00e3o e F\u00e9\",\"description\":\"\",\"potentialAction\":[{\"@type\":\"SearchAction\",\"target\":{\"@type\":\"EntryPoint\",\"urlTemplate\":\"https:\\\/\\\/www.oracaoefe.com\\\/?s={search_term_string}\"},\"query-input\":{\"@type\":\"PropertyValueSpecification\",\"valueRequired\":true,\"valueName\":\"search_term_string\"}}],\"inLanguage\":\"fr-FR\"},{\"@type\":\"Person\",\"@id\":\"https:\\\/\\\/www.oracaoefe.com\\\/#\\\/schema\\\/person\\\/17283c669442cf005c4d5bb58adfb7f5\",\"name\":\"Michele Azevedo\",\"image\":{\"@type\":\"ImageObject\",\"inLanguage\":\"fr-FR\",\"@id\":\"https:\\\/\\\/secure.gravatar.com\\\/avatar\\\/6b0eb9d22841282815e2cd856a0061c45e1761cd54b22e952d98c4746939aa85?s=96&d=mm&r=g\",\"url\":\"https:\\\/\\\/secure.gravatar.com\\\/avatar\\\/6b0eb9d22841282815e2cd856a0061c45e1761cd54b22e952d98c4746939aa85?s=96&d=mm&r=g\",\"contentUrl\":\"https:\\\/\\\/secure.gravatar.com\\\/avatar\\\/6b0eb9d22841282815e2cd856a0061c45e1761cd54b22e952d98c4746939aa85?s=96&d=mm&r=g\",\"caption\":\"Michele Azevedo\"},\"description\":\"Formada em Letras - Portugu\u00eas\\\/ Ingl\u00eas pela Universidade Estadual de Ponta Grossa (UEPG), p\u00f3s-graduada em Arte na Educa\u00e7\u00e3o (FAPI) e Psicopedagogia Escolar (FAPI), idealizadora e propriet\u00e1ria do site Escritora de Sucesso, possui experi\u00eancia em escrita para blogs em geral e atua como redatora e revisora dos conte\u00fados do Ora\u00e7\u00e3o e F\u00e9.\",\"url\":\"https:\\\/\\\/www.oracaoefe.com\\\/fr\\\/author\\\/michele-azevedo\\\/\"}]}<\/script>\n<!-- \/ Yoast SEO plugin. -->","yoast_head_json":{"title":"T\u00e9cnicas de ora\u00e7\u00e3o para enfrentar o estresse do cotidiano - Ora\u00e7\u00e3o e F\u00e9","description":"Dieu a une parole de vie pour vous !","robots":{"index":"index","follow":"follow","max-snippet":"max-snippet:-1","max-image-preview":"max-image-preview:large","max-video-preview":"max-video-preview:-1"},"canonical":"https:\/\/www.oracaoefe.com\/fr\/tecnicas-de-oracao-para-enfrentar-o-estresse-do-cotidiano\/","og_locale":"fr_FR","og_type":"article","og_title":"T\u00e9cnicas de ora\u00e7\u00e3o para enfrentar o estresse do cotidiano - Ora\u00e7\u00e3o e F\u00e9","og_description":"Deus tem pra voc\u00ea uma palavra de vida!","og_url":"https:\/\/www.oracaoefe.com\/fr\/tecnicas-de-oracao-para-enfrentar-o-estresse-do-cotidiano\/","og_site_name":"Ora\u00e7\u00e3o e F\u00e9","article_published_time":"2024-09-27T09:00:00+00:00","article_modified_time":"2025-07-18T16:16:18+00:00","og_image":[{"width":740,"height":493,"url":"https:\/\/www.oracaoefe.com\/wp-content\/uploads\/2024\/09\/image-5.png","type":"image\/png"}],"author":"Michele Azevedo","twitter_card":"summary_large_image","twitter_misc":{"\u00c9crit par":"Michele Azevedo","Dur\u00e9e de lecture estim\u00e9e":"7 minutes"},"schema":{"@context":"https:\/\/schema.org","@graph":[{"@type":"Article","@id":"https:\/\/www.oracaoefe.com\/tecnicas-de-oracao-para-enfrentar-o-estresse-do-cotidiano\/#article","isPartOf":{"@id":"https:\/\/www.oracaoefe.com\/tecnicas-de-oracao-para-enfrentar-o-estresse-do-cotidiano\/"},"author":{"name":"Michele Azevedo","@id":"https:\/\/www.oracaoefe.com\/#\/schema\/person\/17283c669442cf005c4d5bb58adfb7f5"},"headline":"T\u00e9cnicas de ora\u00e7\u00e3o para enfrentar o estresse do cotidiano","datePublished":"2024-09-27T09:00:00+00:00","dateModified":"2025-07-18T16:16:18+00:00","mainEntityOfPage":{"@id":"https:\/\/www.oracaoefe.com\/tecnicas-de-oracao-para-enfrentar-o-estresse-do-cotidiano\/"},"wordCount":1327,"image":{"@id":"https:\/\/www.oracaoefe.com\/tecnicas-de-oracao-para-enfrentar-o-estresse-do-cotidiano\/#primaryimage"},"thumbnailUrl":"https:\/\/www.oracaoefe.com\/wp-content\/uploads\/2024\/09\/image-5.png","articleSection":["Ora\u00e7\u00e3o"],"inLanguage":"fr-FR"},{"@type":"WebPage","@id":"https:\/\/www.oracaoefe.com\/tecnicas-de-oracao-para-enfrentar-o-estresse-do-cotidiano\/","url":"https:\/\/www.oracaoefe.com\/tecnicas-de-oracao-para-enfrentar-o-estresse-do-cotidiano\/","name":"T\u00e9cnicas de ora\u00e7\u00e3o para enfrentar o estresse do cotidiano - Ora\u00e7\u00e3o e F\u00e9","isPartOf":{"@id":"https:\/\/www.oracaoefe.com\/#website"},"primaryImageOfPage":{"@id":"https:\/\/www.oracaoefe.com\/tecnicas-de-oracao-para-enfrentar-o-estresse-do-cotidiano\/#primaryimage"},"image":{"@id":"https:\/\/www.oracaoefe.com\/tecnicas-de-oracao-para-enfrentar-o-estresse-do-cotidiano\/#primaryimage"},"thumbnailUrl":"https:\/\/www.oracaoefe.com\/wp-content\/uploads\/2024\/09\/image-5.png","datePublished":"2024-09-27T09:00:00+00:00","dateModified":"2025-07-18T16:16:18+00:00","author":{"@id":"https:\/\/www.oracaoefe.com\/#\/schema\/person\/17283c669442cf005c4d5bb58adfb7f5"},"description":"Dieu a une parole de vie pour vous !","breadcrumb":{"@id":"https:\/\/www.oracaoefe.com\/tecnicas-de-oracao-para-enfrentar-o-estresse-do-cotidiano\/#breadcrumb"},"inLanguage":"fr-FR","potentialAction":[{"@type":"ReadAction","target":["https:\/\/www.oracaoefe.com\/tecnicas-de-oracao-para-enfrentar-o-estresse-do-cotidiano\/"]}]},{"@type":"ImageObject","inLanguage":"fr-FR","@id":"https:\/\/www.oracaoefe.com\/tecnicas-de-oracao-para-enfrentar-o-estresse-do-cotidiano\/#primaryimage","url":"https:\/\/www.oracaoefe.com\/wp-content\/uploads\/2024\/09\/image-5.png","contentUrl":"https:\/\/www.oracaoefe.com\/wp-content\/uploads\/2024\/09\/image-5.png","width":740,"height":493},{"@type":"BreadcrumbList","@id":"https:\/\/www.oracaoefe.com\/tecnicas-de-oracao-para-enfrentar-o-estresse-do-cotidiano\/#breadcrumb","itemListElement":[{"@type":"ListItem","position":1,"name":"Home","item":"https:\/\/www.oracaoefe.com\/"},{"@type":"ListItem","position":2,"name":"Ora\u00e7\u00e3o","item":"https:\/\/www.oracaoefe.com\/category\/oracao\/"},{"@type":"ListItem","position":3,"name":"T\u00e9cnicas de ora\u00e7\u00e3o para enfrentar o estresse do cotidiano"}]},{"@type":"WebSite","@id":"https:\/\/www.oracaoefe.com\/#website","url":"https:\/\/www.oracaoefe.com\/","name":"Pri\u00e8re et foi","description":"","potentialAction":[{"@type":"SearchAction","target":{"@type":"EntryPoint","urlTemplate":"https:\/\/www.oracaoefe.com\/?s={search_term_string}"},"query-input":{"@type":"PropertyValueSpecification","valueRequired":true,"valueName":"search_term_string"}}],"inLanguage":"fr-FR"},{"@type":"Person","@id":"https:\/\/www.oracaoefe.com\/#\/schema\/person\/17283c669442cf005c4d5bb58adfb7f5","name":"Michele Azevedo","image":{"@type":"ImageObject","inLanguage":"fr-FR","@id":"https:\/\/secure.gravatar.com\/avatar\/6b0eb9d22841282815e2cd856a0061c45e1761cd54b22e952d98c4746939aa85?s=96&d=mm&r=g","url":"https:\/\/secure.gravatar.com\/avatar\/6b0eb9d22841282815e2cd856a0061c45e1761cd54b22e952d98c4746939aa85?s=96&d=mm&r=g","contentUrl":"https:\/\/secure.gravatar.com\/avatar\/6b0eb9d22841282815e2cd856a0061c45e1761cd54b22e952d98c4746939aa85?s=96&d=mm&r=g","caption":"Michele Azevedo"},"description":"Dipl\u00f4m\u00e9e en litt\u00e9rature portugaise\/anglaise de l&#039;Universit\u00e9 d&#039;\u00c9tat de Ponta Grossa (UEPG), avec des dipl\u00f4mes de troisi\u00e8me cycle en art dans l&#039;\u00e9ducation (FAPI) et en psychop\u00e9dagogie scolaire (FAPI), elle est la cr\u00e9atrice et propri\u00e9taire du site web Escritora de Sucesso, a de l&#039;exp\u00e9rience dans l&#039;\u00e9criture pour les blogs en g\u00e9n\u00e9ral et travaille comme r\u00e9dactrice et \u00e9ditrice du contenu pour Ora\u00e7\u00e3o e F\u00e9.","url":"https:\/\/www.oracaoefe.com\/fr\/author\/michele-azevedo\/"}]}},"_links":{"self":[{"href":"https:\/\/www.oracaoefe.com\/fr\/wp-json\/wp\/v2\/posts\/3123","targetHints":{"allow":["GET"]}}],"collection":[{"href":"https:\/\/www.oracaoefe.com\/fr\/wp-json\/wp\/v2\/posts"}],"about":[{"href":"https:\/\/www.oracaoefe.com\/fr\/wp-json\/wp\/v2\/types\/post"}],"author":[{"embeddable":true,"href":"https:\/\/www.oracaoefe.com\/fr\/wp-json\/wp\/v2\/users\/3"}],"replies":[{"embeddable":true,"href":"https:\/\/www.oracaoefe.com\/fr\/wp-json\/wp\/v2\/comments?post=3123"}],"version-history":[{"count":3,"href":"https:\/\/www.oracaoefe.com\/fr\/wp-json\/wp\/v2\/posts\/3123\/revisions"}],"predecessor-version":[{"id":3744,"href":"https:\/\/www.oracaoefe.com\/fr\/wp-json\/wp\/v2\/posts\/3123\/revisions\/3744"}],"wp:featuredmedia":[{"embeddable":true,"href":"https:\/\/www.oracaoefe.com\/fr\/wp-json\/wp\/v2\/media\/3142"}],"wp:attachment":[{"href":"https:\/\/www.oracaoefe.com\/fr\/wp-json\/wp\/v2\/media?parent=3123"}],"wp:term":[{"taxonomy":"category","embeddable":true,"href":"https:\/\/www.oracaoefe.com\/fr\/wp-json\/wp\/v2\/categories?post=3123"},{"taxonomy":"post_tag","embeddable":true,"href":"https:\/\/www.oracaoefe.com\/fr\/wp-json\/wp\/v2\/tags?post=3123"}],"curies":[{"name":"wp","href":"https:\/\/api.w.org\/{rel}","templated":true}]}}