{"id":3121,"date":"2024-09-24T06:00:00","date_gmt":"2024-09-24T09:00:00","guid":{"rendered":"https:\/\/www.oracaoefe.com\/?p=3121"},"modified":"2025-07-13T18:26:06","modified_gmt":"2025-07-13T21:26:06","slug":"novas-diretrizes-de-lideres-religiosos-sobre-a-saude-mental","status":"publish","type":"post","link":"https:\/\/www.oracaoefe.com\/fr\/novas-diretrizes-de-lideres-religiosos-sobre-a-saude-mental\/","title":{"rendered":"Novas diretrizes de l\u00edderes religiosos sobre a sa\u00fade mental"},"content":{"rendered":"<p class=\"wp-block-paragraph\">Nos \u00faltimos anos, a sa\u00fade mental ganhou destaque nas discuss\u00f5es sociais e, como resultado, l\u00edderes religiosos em v\u00e1rias tradi\u00e7\u00f5es est\u00e3o come\u00e7ando a abordar esse tema com mais seriedade. Reconhecendo que a sa\u00fade mental \u00e9 uma parte vital do bem-estar integral do ser humano, muitos l\u00edderes t\u00eam desenvolvido novas diretrizes e pr\u00e1ticas para apoiar suas comunidades. Veha essas diretrizes, seu impacto e o que voc\u00ea precisa saber.<\/p>\n\n\n\n<h2 class=\"wp-block-heading\">A import\u00e2ncia da sa\u00fade mental na f\u00e9<\/h2>\n\n\n\n<p class=\"wp-block-paragraph\">A rela\u00e7\u00e3o entre sa\u00fade mental e espiritualidade \u00e9 complexa e profunda. Muitas tradi\u00e7\u00f5es religiosas sempre enfatizaram o cuidado do corpo e da mente como parte do bem-estar espiritual. No entanto, a estigmatiza\u00e7\u00e3o em torno de problemas de sa\u00fade mental frequentemente impediu que muitos buscassem ajuda. Agora, l\u00edderes religiosos est\u00e3o come\u00e7ando a reconhecer que a sa\u00fade mental n\u00e3o \u00e9 apenas um problema a ser tratado, mas uma dimens\u00e3o fundamental da vida espiritual.<\/p>\n\n\n\n<figure class=\"wp-block-image size-full is-resized\"><img loading=\"lazy\" decoding=\"async\" width=\"740\" height=\"493\" src=\"https:\/\/www.oracaoefe.com\/wp-content\/uploads\/2024\/09\/image-4.png\" alt=\"\" class=\"wp-image-3140\" style=\"width:840px;height:auto\" srcset=\"https:\/\/www.oracaoefe.com\/wp-content\/uploads\/2024\/09\/image-4.png 740w, https:\/\/www.oracaoefe.com\/wp-content\/uploads\/2024\/09\/image-4-300x200.png 300w, https:\/\/www.oracaoefe.com\/wp-content\/uploads\/2024\/09\/image-4-18x12.png 18w\" sizes=\"auto, (max-width: 740px) 100vw, 740px\" \/><\/figure>\n\n\n\n<h2 class=\"wp-block-heading\">Novas diretrizes e pr\u00e1ticas<\/h2>\n\n\n\n<p class=\"wp-block-paragraph\">As diretrizes propostas por l\u00edderes religiosos est\u00e3o sendo moldadas por um entendimento mais amplo e inclusivo da sa\u00fade mental. Aqui est\u00e3o algumas das principais abordagens que est\u00e3o emergindo:<\/p>\n\n\n\n<ul class=\"wp-block-list\">\n<li><strong>Educa\u00e7\u00e3o e conscientiza\u00e7\u00e3o<\/strong>: Muitos l\u00edderes est\u00e3o promovendo a educa\u00e7\u00e3o sobre sa\u00fade mental dentro de suas comunidades. Isso inclui workshops, palestras e materiais informativos que ajudam a desmistificar quest\u00f5es relacionadas \u00e0 sa\u00fade mental e a reduzir o estigma.<\/li>\n\n\n\n<li><strong>Integra\u00e7\u00e3o de servi\u00e7os de sa\u00fade mental<\/strong>: Algumas comunidades religiosas est\u00e3o come\u00e7ando a colaborar com profissionais de sa\u00fade mental, integrando servi\u00e7os de aconselhamento e apoio psicol\u00f3gico em suas atividades. Isso permite que as pessoas recebam assist\u00eancia espiritual e psicol\u00f3gica em um ambiente de confian\u00e7a.<\/li>\n\n\n\n<li><strong>Aconselhamento espiritual<\/strong>: L\u00edderes religiosos est\u00e3o sendo treinados para oferecer suporte emocional e espiritual a aqueles que enfrentam dificuldades mentais. Isso envolve ouvir com empatia, fornecer orienta\u00e7\u00f5es baseadas em princ\u00edpios espirituais e, quando necess\u00e1rio, encaminhar para profissionais de sa\u00fade mental.<\/li>\n\n\n\n<li><strong>Pr\u00e1ticas de autocuidado e ora\u00e7\u00e3o<\/strong>: Muitas tradi\u00e7\u00f5es est\u00e3o enfatizando a import\u00e2ncia do autocuidado, incluindo pr\u00e1ticas de ora\u00e7\u00e3o, medita\u00e7\u00e3o e mindfulness. Essas pr\u00e1ticas n\u00e3o apenas ajudam a aliviar o estresse, mas tamb\u00e9m promovem uma conex\u00e3o mais profunda com a espiritualidade.<\/li>\n\n\n\n<li><strong>Apoio \u00e0 comunidade<\/strong>: A constru\u00e7\u00e3o de redes de apoio dentro das comunidades religiosas \u00e9 uma prioridade crescente. Grupos de apoio, c\u00edrculos de ora\u00e7\u00e3o e espa\u00e7os seguros para compartilhar experi\u00eancias est\u00e3o se tornando comuns, permitindo que os indiv\u00edduos encontrem conforto e compreens\u00e3o.<\/li>\n<\/ul>\n\n\n\n<h2 class=\"wp-block-heading\">O papel da tecnologia<\/h2>\n\n\n\n<p class=\"wp-block-paragraph\">A tecnologia tamb\u00e9m est\u00e1 desempenhando um papel significativo na forma como as diretrizes sobre sa\u00fade mental s\u00e3o disseminadas e implementadas. Aplicativos de medita\u00e7\u00e3o, plataformas de aconselhamento online e grupos de suporte virtuais est\u00e3o tornando o cuidado da sa\u00fade mental mais acess\u00edvel. L\u00edderes religiosos est\u00e3o utilizando essas ferramentas para alcan\u00e7ar um p\u00fablico mais amplo e oferecer apoio em momentos de crise.<\/p>\n\n\n\n<h2 class=\"wp-block-heading\">Desafios e cr\u00edticas<\/h2>\n\n\n\n<p class=\"wp-block-paragraph\">Embora as novas diretrizes sejam um passo positivo, existem desafios e cr\u00edticas. Algumas tradi\u00e7\u00f5es religiosas ainda podem resistir a integrar a sa\u00fade mental em suas pr\u00e1ticas, devido a cren\u00e7as sobre sofrimento espiritual ou falta de compreens\u00e3o. Al\u00e9m disso, \u00e9 fundamental que o apoio oferecido n\u00e3o substitua a ajuda profissional quando necess\u00e1rio.<\/p>\n\n\n\n<p class=\"wp-block-paragraph\">A colabora\u00e7\u00e3o entre l\u00edderes religiosos e profissionais de sa\u00fade mental \u00e9 crucial. \u00c9 essencial que ambas as partes reconhe\u00e7am seus limites e saibam quando \u00e9 apropriado encaminhar algu\u00e9m para tratamento cl\u00ednico.<\/p>\n\n\n\n<h2 class=\"wp-block-heading\">Impacto nas comunidades<\/h2>\n\n\n\n<p class=\"wp-block-paragraph\">As novas diretrizes t\u00eam um impacto significativo nas comunidades religiosas. Ao abordar a sa\u00fade mental de maneira aberta e solid\u00e1ria, l\u00edderes religiosos est\u00e3o contribuindo para a cria\u00e7\u00e3o de ambientes mais acolhedores. Isso pode levar a um aumento na disposi\u00e7\u00e3o das pessoas em buscar ajuda e apoio, promovendo uma cultura de cuidado m\u00fatuo.<\/p>\n\n\n\n<p class=\"wp-block-paragraph\">Al\u00e9m disso, essas pr\u00e1ticas podem ajudar a reduzir taxas de isolamento e solid\u00e3o, problemas comuns em muitas comunidades. Ao proporcionar um espa\u00e7o seguro para discutir e lidar com quest\u00f5es de sa\u00fade mental, as comunidades religiosas podem se tornar um ref\u00fagio para aqueles que lutam.<\/p>\n\n\n\n<h2 class=\"wp-block-heading\">O futuro da sa\u00fade mental na religi\u00e3o<\/h2>\n\n\n\n<p class=\"wp-block-paragraph\">\u00c0 medida que as conversas sobre sa\u00fade mental continuam a evoluir, \u00e9 prov\u00e1vel que mais l\u00edderes religiosos adotem abordagens integradas. A conex\u00e3o entre sa\u00fade mental e espiritualidade ser\u00e1 cada vez mais reconhecida, levando a uma colabora\u00e7\u00e3o mais estreita entre comunidades religiosas e profissionais de sa\u00fade.<\/p>\n\n\n\n<p class=\"wp-block-paragraph\">Essas diretrizes representam um avan\u00e7o importante no reconhecimento de que o bem-estar espiritual est\u00e1 intimamente ligado ao bem-estar mental. Ao promover a sa\u00fade mental como uma prioridade, l\u00edderes religiosos est\u00e3o ajudando a criar comunidades mais saud\u00e1veis e resilientes.<\/p>\n\n\n\n<h2 class=\"wp-block-heading\">O caminho de cuidado e compaix\u00e3o<\/h2>\n\n\n\n<p class=\"wp-block-paragraph\">As novas diretrizes de l\u00edderes religiosos sobre sa\u00fade mental s\u00e3o um reflexo de um mundo em mudan\u00e7a, onde a compreens\u00e3o do bem-estar se torna mais hol\u00edstica. Ao integrar a sa\u00fade mental em suas pr\u00e1ticas, as comunidades religiosas est\u00e3o n\u00e3o apenas ajudando seus membros a enfrentar desafios pessoais, mas tamb\u00e9m contribuindo para um di\u00e1logo mais amplo sobre a import\u00e2ncia do cuidado emocional.<\/p>\n\n\n\n<p class=\"wp-block-paragraph\">Esse movimento \u00e9 essencial para cultivar ambientes de apoio e compaix\u00e3o, onde todos possam se sentir acolhidos e valorizados. Com o tempo, essa abordagem pode transformar n\u00e3o apenas a vida das pessoas que buscam apoio, mas tamb\u00e9m a pr\u00f3pria ess\u00eancia das comunidades religiosas, tornando-as mais inclusivas e compreensivas.<\/p>\n\n\n\n<p class=\"wp-block-paragraph\">24 de setembro de 2024<\/p>","protected":false},"excerpt":{"rendered":"<p>Nos \u00faltimos anos, a sa\u00fade mental ganhou destaque nas discuss\u00f5es sociais e, como resultado, l\u00edderes religiosos em v\u00e1rias tradi\u00e7\u00f5es est\u00e3o come\u00e7ando a abordar esse tema com mais seriedade. Reconhecendo que a sa\u00fade mental \u00e9 uma parte vital do bem-estar integral do ser humano, muitos l\u00edderes t\u00eam desenvolvido novas diretrizes e pr\u00e1ticas para apoiar suas comunidades.&hellip;&nbsp;<\/p>","protected":false},"author":3,"featured_media":3140,"comment_status":"closed","ping_status":"closed","sticky":false,"template":"","format":"standard","meta":{"neve_meta_sidebar":"","neve_meta_container":"","neve_meta_enable_content_width":"","neve_meta_content_width":0,"neve_meta_title_alignment":"","neve_meta_author_avatar":"","neve_post_elements_order":"","neve_meta_disable_header":"","neve_meta_disable_footer":"","neve_meta_disable_title":"","footnotes":""},"categories":[4],"tags":[],"class_list":["post-3121","post","type-post","status-publish","format-standard","has-post-thumbnail","hentry","category-fique-por-dentro"],"yoast_head":"<!-- This site is optimized with the Yoast SEO plugin v28.4 - https:\/\/yoast.com\/product\/yoast-seo-wordpress\/ -->\n<title>Novas diretrizes de l\u00edderes religiosos sobre a sa\u00fade mental - Ora\u00e7\u00e3o e F\u00e9<\/title>\n<meta name=\"description\" content=\"Deus tem pra voc\u00ea uma palavra de vida!\" \/>\n<meta name=\"robots\" content=\"index, follow, max-snippet:-1, max-image-preview:large, max-video-preview:-1\" \/>\n<link rel=\"canonical\" href=\"https:\/\/www.oracaoefe.com\/fr\/novas-diretrizes-de-lideres-religiosos-sobre-a-saude-mental\/\" \/>\n<meta property=\"og:locale\" content=\"fr_FR\" \/>\n<meta property=\"og:type\" content=\"article\" \/>\n<meta property=\"og:title\" content=\"Novas diretrizes de l\u00edderes religiosos sobre a sa\u00fade mental - Ora\u00e7\u00e3o e F\u00e9\" \/>\n<meta property=\"og:description\" content=\"Deus tem pra voc\u00ea uma palavra de vida!\" \/>\n<meta property=\"og:url\" content=\"https:\/\/www.oracaoefe.com\/fr\/novas-diretrizes-de-lideres-religiosos-sobre-a-saude-mental\/\" \/>\n<meta property=\"og:site_name\" content=\"Ora\u00e7\u00e3o e F\u00e9\" \/>\n<meta property=\"article:published_time\" content=\"2024-09-24T09:00:00+00:00\" \/>\n<meta property=\"article:modified_time\" content=\"2025-07-13T21:26:06+00:00\" \/>\n<meta property=\"og:image\" content=\"https:\/\/www.oracaoefe.com\/wp-content\/uploads\/2024\/09\/image-4.png\" \/>\n\t<meta property=\"og:image:width\" content=\"740\" \/>\n\t<meta property=\"og:image:height\" content=\"493\" \/>\n\t<meta property=\"og:image:type\" content=\"image\/png\" \/>\n<meta name=\"author\" content=\"Michele Azevedo\" \/>\n<meta name=\"twitter:card\" content=\"summary_large_image\" \/>\n<meta name=\"twitter:label1\" content=\"\u00c9crit par\" \/>\n\t<meta name=\"twitter:data1\" content=\"Michele Azevedo\" \/>\n\t<meta name=\"twitter:label2\" content=\"Dur\u00e9e de lecture estim\u00e9e\" \/>\n\t<meta name=\"twitter:data2\" content=\"5 minutes\" \/>\n<script type=\"application\/ld+json\" class=\"yoast-schema-graph\">{\"@context\":\"https:\\\/\\\/schema.org\",\"@graph\":[{\"@type\":\"Article\",\"@id\":\"https:\\\/\\\/www.oracaoefe.com\\\/novas-diretrizes-de-lideres-religiosos-sobre-a-saude-mental\\\/#article\",\"isPartOf\":{\"@id\":\"https:\\\/\\\/www.oracaoefe.com\\\/novas-diretrizes-de-lideres-religiosos-sobre-a-saude-mental\\\/\"},\"author\":{\"name\":\"Michele Azevedo\",\"@id\":\"https:\\\/\\\/www.oracaoefe.com\\\/#\\\/schema\\\/person\\\/17283c669442cf005c4d5bb58adfb7f5\"},\"headline\":\"Novas diretrizes de l\u00edderes religiosos sobre a sa\u00fade mental\",\"datePublished\":\"2024-09-24T09:00:00+00:00\",\"dateModified\":\"2025-07-13T21:26:06+00:00\",\"mainEntityOfPage\":{\"@id\":\"https:\\\/\\\/www.oracaoefe.com\\\/novas-diretrizes-de-lideres-religiosos-sobre-a-saude-mental\\\/\"},\"wordCount\":979,\"image\":{\"@id\":\"https:\\\/\\\/www.oracaoefe.com\\\/novas-diretrizes-de-lideres-religiosos-sobre-a-saude-mental\\\/#primaryimage\"},\"thumbnailUrl\":\"https:\\\/\\\/www.oracaoefe.com\\\/wp-content\\\/uploads\\\/2024\\\/09\\\/image-4.png\",\"articleSection\":[\"Fique por Dentro\"],\"inLanguage\":\"fr-FR\"},{\"@type\":\"WebPage\",\"@id\":\"https:\\\/\\\/www.oracaoefe.com\\\/novas-diretrizes-de-lideres-religiosos-sobre-a-saude-mental\\\/\",\"url\":\"https:\\\/\\\/www.oracaoefe.com\\\/novas-diretrizes-de-lideres-religiosos-sobre-a-saude-mental\\\/\",\"name\":\"Novas diretrizes de l\u00edderes religiosos sobre a sa\u00fade mental - Ora\u00e7\u00e3o e F\u00e9\",\"isPartOf\":{\"@id\":\"https:\\\/\\\/www.oracaoefe.com\\\/#website\"},\"primaryImageOfPage\":{\"@id\":\"https:\\\/\\\/www.oracaoefe.com\\\/novas-diretrizes-de-lideres-religiosos-sobre-a-saude-mental\\\/#primaryimage\"},\"image\":{\"@id\":\"https:\\\/\\\/www.oracaoefe.com\\\/novas-diretrizes-de-lideres-religiosos-sobre-a-saude-mental\\\/#primaryimage\"},\"thumbnailUrl\":\"https:\\\/\\\/www.oracaoefe.com\\\/wp-content\\\/uploads\\\/2024\\\/09\\\/image-4.png\",\"datePublished\":\"2024-09-24T09:00:00+00:00\",\"dateModified\":\"2025-07-13T21:26:06+00:00\",\"author\":{\"@id\":\"https:\\\/\\\/www.oracaoefe.com\\\/#\\\/schema\\\/person\\\/17283c669442cf005c4d5bb58adfb7f5\"},\"description\":\"Deus tem pra voc\u00ea uma palavra de vida!\",\"breadcrumb\":{\"@id\":\"https:\\\/\\\/www.oracaoefe.com\\\/novas-diretrizes-de-lideres-religiosos-sobre-a-saude-mental\\\/#breadcrumb\"},\"inLanguage\":\"fr-FR\",\"potentialAction\":[{\"@type\":\"ReadAction\",\"target\":[\"https:\\\/\\\/www.oracaoefe.com\\\/novas-diretrizes-de-lideres-religiosos-sobre-a-saude-mental\\\/\"]}]},{\"@type\":\"ImageObject\",\"inLanguage\":\"fr-FR\",\"@id\":\"https:\\\/\\\/www.oracaoefe.com\\\/novas-diretrizes-de-lideres-religiosos-sobre-a-saude-mental\\\/#primaryimage\",\"url\":\"https:\\\/\\\/www.oracaoefe.com\\\/wp-content\\\/uploads\\\/2024\\\/09\\\/image-4.png\",\"contentUrl\":\"https:\\\/\\\/www.oracaoefe.com\\\/wp-content\\\/uploads\\\/2024\\\/09\\\/image-4.png\",\"width\":740,\"height\":493},{\"@type\":\"BreadcrumbList\",\"@id\":\"https:\\\/\\\/www.oracaoefe.com\\\/novas-diretrizes-de-lideres-religiosos-sobre-a-saude-mental\\\/#breadcrumb\",\"itemListElement\":[{\"@type\":\"ListItem\",\"position\":1,\"name\":\"Home\",\"item\":\"https:\\\/\\\/www.oracaoefe.com\\\/\"},{\"@type\":\"ListItem\",\"position\":2,\"name\":\"Fique por Dentro\",\"item\":\"https:\\\/\\\/www.oracaoefe.com\\\/category\\\/fique-por-dentro\\\/\"},{\"@type\":\"ListItem\",\"position\":3,\"name\":\"Novas diretrizes de l\u00edderes religiosos sobre a sa\u00fade mental\"}]},{\"@type\":\"WebSite\",\"@id\":\"https:\\\/\\\/www.oracaoefe.com\\\/#website\",\"url\":\"https:\\\/\\\/www.oracaoefe.com\\\/\",\"name\":\"Ora\u00e7\u00e3o e F\u00e9\",\"description\":\"\",\"potentialAction\":[{\"@type\":\"SearchAction\",\"target\":{\"@type\":\"EntryPoint\",\"urlTemplate\":\"https:\\\/\\\/www.oracaoefe.com\\\/?s={search_term_string}\"},\"query-input\":{\"@type\":\"PropertyValueSpecification\",\"valueRequired\":true,\"valueName\":\"search_term_string\"}}],\"inLanguage\":\"fr-FR\"},{\"@type\":\"Person\",\"@id\":\"https:\\\/\\\/www.oracaoefe.com\\\/#\\\/schema\\\/person\\\/17283c669442cf005c4d5bb58adfb7f5\",\"name\":\"Michele Azevedo\",\"image\":{\"@type\":\"ImageObject\",\"inLanguage\":\"fr-FR\",\"@id\":\"https:\\\/\\\/secure.gravatar.com\\\/avatar\\\/6b0eb9d22841282815e2cd856a0061c45e1761cd54b22e952d98c4746939aa85?s=96&d=mm&r=g\",\"url\":\"https:\\\/\\\/secure.gravatar.com\\\/avatar\\\/6b0eb9d22841282815e2cd856a0061c45e1761cd54b22e952d98c4746939aa85?s=96&d=mm&r=g\",\"contentUrl\":\"https:\\\/\\\/secure.gravatar.com\\\/avatar\\\/6b0eb9d22841282815e2cd856a0061c45e1761cd54b22e952d98c4746939aa85?s=96&d=mm&r=g\",\"caption\":\"Michele Azevedo\"},\"description\":\"Formada em Letras - Portugu\u00eas\\\/ Ingl\u00eas pela Universidade Estadual de Ponta Grossa (UEPG), p\u00f3s-graduada em Arte na Educa\u00e7\u00e3o (FAPI) e Psicopedagogia Escolar (FAPI), idealizadora e propriet\u00e1ria do site Escritora de Sucesso, possui experi\u00eancia em escrita para blogs em geral e atua como redatora e revisora dos conte\u00fados do Ora\u00e7\u00e3o e F\u00e9.\",\"url\":\"https:\\\/\\\/www.oracaoefe.com\\\/fr\\\/author\\\/michele-azevedo\\\/\"}]}<\/script>\n<!-- \/ Yoast SEO plugin. -->","yoast_head_json":{"title":"Novas diretrizes de l\u00edderes religiosos sobre a sa\u00fade mental - Ora\u00e7\u00e3o e F\u00e9","description":"Dieu a une parole de vie pour vous !","robots":{"index":"index","follow":"follow","max-snippet":"max-snippet:-1","max-image-preview":"max-image-preview:large","max-video-preview":"max-video-preview:-1"},"canonical":"https:\/\/www.oracaoefe.com\/fr\/novas-diretrizes-de-lideres-religiosos-sobre-a-saude-mental\/","og_locale":"fr_FR","og_type":"article","og_title":"Novas diretrizes de l\u00edderes religiosos sobre a sa\u00fade mental - Ora\u00e7\u00e3o e F\u00e9","og_description":"Deus tem pra voc\u00ea uma palavra de vida!","og_url":"https:\/\/www.oracaoefe.com\/fr\/novas-diretrizes-de-lideres-religiosos-sobre-a-saude-mental\/","og_site_name":"Ora\u00e7\u00e3o e F\u00e9","article_published_time":"2024-09-24T09:00:00+00:00","article_modified_time":"2025-07-13T21:26:06+00:00","og_image":[{"width":740,"height":493,"url":"https:\/\/www.oracaoefe.com\/wp-content\/uploads\/2024\/09\/image-4.png","type":"image\/png"}],"author":"Michele Azevedo","twitter_card":"summary_large_image","twitter_misc":{"\u00c9crit par":"Michele Azevedo","Dur\u00e9e de lecture estim\u00e9e":"5 minutes"},"schema":{"@context":"https:\/\/schema.org","@graph":[{"@type":"Article","@id":"https:\/\/www.oracaoefe.com\/novas-diretrizes-de-lideres-religiosos-sobre-a-saude-mental\/#article","isPartOf":{"@id":"https:\/\/www.oracaoefe.com\/novas-diretrizes-de-lideres-religiosos-sobre-a-saude-mental\/"},"author":{"name":"Michele Azevedo","@id":"https:\/\/www.oracaoefe.com\/#\/schema\/person\/17283c669442cf005c4d5bb58adfb7f5"},"headline":"Novas diretrizes de l\u00edderes religiosos sobre a sa\u00fade mental","datePublished":"2024-09-24T09:00:00+00:00","dateModified":"2025-07-13T21:26:06+00:00","mainEntityOfPage":{"@id":"https:\/\/www.oracaoefe.com\/novas-diretrizes-de-lideres-religiosos-sobre-a-saude-mental\/"},"wordCount":979,"image":{"@id":"https:\/\/www.oracaoefe.com\/novas-diretrizes-de-lideres-religiosos-sobre-a-saude-mental\/#primaryimage"},"thumbnailUrl":"https:\/\/www.oracaoefe.com\/wp-content\/uploads\/2024\/09\/image-4.png","articleSection":["Fique por Dentro"],"inLanguage":"fr-FR"},{"@type":"WebPage","@id":"https:\/\/www.oracaoefe.com\/novas-diretrizes-de-lideres-religiosos-sobre-a-saude-mental\/","url":"https:\/\/www.oracaoefe.com\/novas-diretrizes-de-lideres-religiosos-sobre-a-saude-mental\/","name":"Novas diretrizes de l\u00edderes religiosos sobre a sa\u00fade mental - Ora\u00e7\u00e3o e F\u00e9","isPartOf":{"@id":"https:\/\/www.oracaoefe.com\/#website"},"primaryImageOfPage":{"@id":"https:\/\/www.oracaoefe.com\/novas-diretrizes-de-lideres-religiosos-sobre-a-saude-mental\/#primaryimage"},"image":{"@id":"https:\/\/www.oracaoefe.com\/novas-diretrizes-de-lideres-religiosos-sobre-a-saude-mental\/#primaryimage"},"thumbnailUrl":"https:\/\/www.oracaoefe.com\/wp-content\/uploads\/2024\/09\/image-4.png","datePublished":"2024-09-24T09:00:00+00:00","dateModified":"2025-07-13T21:26:06+00:00","author":{"@id":"https:\/\/www.oracaoefe.com\/#\/schema\/person\/17283c669442cf005c4d5bb58adfb7f5"},"description":"Dieu a une parole de vie pour vous !","breadcrumb":{"@id":"https:\/\/www.oracaoefe.com\/novas-diretrizes-de-lideres-religiosos-sobre-a-saude-mental\/#breadcrumb"},"inLanguage":"fr-FR","potentialAction":[{"@type":"ReadAction","target":["https:\/\/www.oracaoefe.com\/novas-diretrizes-de-lideres-religiosos-sobre-a-saude-mental\/"]}]},{"@type":"ImageObject","inLanguage":"fr-FR","@id":"https:\/\/www.oracaoefe.com\/novas-diretrizes-de-lideres-religiosos-sobre-a-saude-mental\/#primaryimage","url":"https:\/\/www.oracaoefe.com\/wp-content\/uploads\/2024\/09\/image-4.png","contentUrl":"https:\/\/www.oracaoefe.com\/wp-content\/uploads\/2024\/09\/image-4.png","width":740,"height":493},{"@type":"BreadcrumbList","@id":"https:\/\/www.oracaoefe.com\/novas-diretrizes-de-lideres-religiosos-sobre-a-saude-mental\/#breadcrumb","itemListElement":[{"@type":"ListItem","position":1,"name":"Home","item":"https:\/\/www.oracaoefe.com\/"},{"@type":"ListItem","position":2,"name":"Fique por Dentro","item":"https:\/\/www.oracaoefe.com\/category\/fique-por-dentro\/"},{"@type":"ListItem","position":3,"name":"Novas diretrizes de l\u00edderes religiosos sobre a sa\u00fade mental"}]},{"@type":"WebSite","@id":"https:\/\/www.oracaoefe.com\/#website","url":"https:\/\/www.oracaoefe.com\/","name":"Pri\u00e8re et foi","description":"","potentialAction":[{"@type":"SearchAction","target":{"@type":"EntryPoint","urlTemplate":"https:\/\/www.oracaoefe.com\/?s={search_term_string}"},"query-input":{"@type":"PropertyValueSpecification","valueRequired":true,"valueName":"search_term_string"}}],"inLanguage":"fr-FR"},{"@type":"Person","@id":"https:\/\/www.oracaoefe.com\/#\/schema\/person\/17283c669442cf005c4d5bb58adfb7f5","name":"Michele Azevedo","image":{"@type":"ImageObject","inLanguage":"fr-FR","@id":"https:\/\/secure.gravatar.com\/avatar\/6b0eb9d22841282815e2cd856a0061c45e1761cd54b22e952d98c4746939aa85?s=96&d=mm&r=g","url":"https:\/\/secure.gravatar.com\/avatar\/6b0eb9d22841282815e2cd856a0061c45e1761cd54b22e952d98c4746939aa85?s=96&d=mm&r=g","contentUrl":"https:\/\/secure.gravatar.com\/avatar\/6b0eb9d22841282815e2cd856a0061c45e1761cd54b22e952d98c4746939aa85?s=96&d=mm&r=g","caption":"Michele Azevedo"},"description":"Dipl\u00f4m\u00e9e en litt\u00e9rature portugaise\/anglaise de l&#039;Universit\u00e9 d&#039;\u00c9tat de Ponta Grossa (UEPG), avec des dipl\u00f4mes de troisi\u00e8me cycle en art dans l&#039;\u00e9ducation (FAPI) et en psychop\u00e9dagogie scolaire (FAPI), elle est la cr\u00e9atrice et propri\u00e9taire du site web Escritora de Sucesso, a de l&#039;exp\u00e9rience dans l&#039;\u00e9criture pour les blogs en g\u00e9n\u00e9ral et travaille comme r\u00e9dactrice et \u00e9ditrice du contenu pour Ora\u00e7\u00e3o e F\u00e9.","url":"https:\/\/www.oracaoefe.com\/fr\/author\/michele-azevedo\/"}]}},"_links":{"self":[{"href":"https:\/\/www.oracaoefe.com\/fr\/wp-json\/wp\/v2\/posts\/3121","targetHints":{"allow":["GET"]}}],"collection":[{"href":"https:\/\/www.oracaoefe.com\/fr\/wp-json\/wp\/v2\/posts"}],"about":[{"href":"https:\/\/www.oracaoefe.com\/fr\/wp-json\/wp\/v2\/types\/post"}],"author":[{"embeddable":true,"href":"https:\/\/www.oracaoefe.com\/fr\/wp-json\/wp\/v2\/users\/3"}],"replies":[{"embeddable":true,"href":"https:\/\/www.oracaoefe.com\/fr\/wp-json\/wp\/v2\/comments?post=3121"}],"version-history":[{"count":3,"href":"https:\/\/www.oracaoefe.com\/fr\/wp-json\/wp\/v2\/posts\/3121\/revisions"}],"predecessor-version":[{"id":3742,"href":"https:\/\/www.oracaoefe.com\/fr\/wp-json\/wp\/v2\/posts\/3121\/revisions\/3742"}],"wp:featuredmedia":[{"embeddable":true,"href":"https:\/\/www.oracaoefe.com\/fr\/wp-json\/wp\/v2\/media\/3140"}],"wp:attachment":[{"href":"https:\/\/www.oracaoefe.com\/fr\/wp-json\/wp\/v2\/media?parent=3121"}],"wp:term":[{"taxonomy":"category","embeddable":true,"href":"https:\/\/www.oracaoefe.com\/fr\/wp-json\/wp\/v2\/categories?post=3121"},{"taxonomy":"post_tag","embeddable":true,"href":"https:\/\/www.oracaoefe.com\/fr\/wp-json\/wp\/v2\/tags?post=3121"}],"curies":[{"name":"wp","href":"https:\/\/api.w.org\/{rel}","templated":true}]}}