{"id":3115,"date":"2024-09-18T21:24:07","date_gmt":"2024-09-19T00:24:07","guid":{"rendered":"https:\/\/www.oracaoefe.com\/?p=3115"},"modified":"2024-09-18T21:24:09","modified_gmt":"2024-09-19T00:24:09","slug":"a-historia-por-tras-dos-maiores-milagres-documentados-fatos-fascinantes","status":"publish","type":"post","link":"https:\/\/www.oracaoefe.com\/fr\/a-historia-por-tras-dos-maiores-milagres-documentados-fatos-fascinantes\/","title":{"rendered":"A hist\u00f3ria por tr\u00e1s dos maiores milagres documentados: fatos fascinantes\u00a0"},"content":{"rendered":"<p class=\"wp-block-paragraph\">Milagres sempre despertaram curiosidade e fasc\u00ednio. Ao longo da hist\u00f3ria, eventos extraordin\u00e1rios t\u00eam sido relatados e documentados, deixando pessoas de todas as partes do mundo em busca de explica\u00e7\u00f5es. Seriam interven\u00e7\u00f5es divinas ou apenas fen\u00f4menos inexplic\u00e1veis pela ci\u00eancia? Neste post, vamos explorar alguns dos milagres mais intrigantes j\u00e1 registrados, analisando os fatos que os cercam e as hist\u00f3rias por tr\u00e1s desses acontecimentos impressionantes.<\/p>\n\n\n\n<h2 class=\"wp-block-heading\"><strong>O que define um milagre?<\/strong><\/h2>\n\n\n\n<p class=\"wp-block-paragraph\">Antes de mergulharmos nos eventos documentados, vale a pena entender o que torna algo um milagre. Milagres s\u00e3o geralmente descritos como eventos extraordin\u00e1rios que desafiam as leis naturais e s\u00e3o frequentemente atribu\u00eddos a uma interven\u00e7\u00e3o divina. N\u00e3o importa a cultura ou religi\u00e3o, esses eventos s\u00e3o marcados por serem inexplic\u00e1veis e, muitas vezes, profundamente transformadores para aqueles que os testemunham.<\/p>\n\n\n\n<figure class=\"wp-block-image size-full is-resized\"><img loading=\"lazy\" decoding=\"async\" width=\"740\" height=\"415\" src=\"https:\/\/www.oracaoefe.com\/wp-content\/uploads\/2024\/09\/image-2.png\" alt=\"\" class=\"wp-image-3116\" style=\"width:840px;height:auto\" srcset=\"https:\/\/www.oracaoefe.com\/wp-content\/uploads\/2024\/09\/image-2.png 740w, https:\/\/www.oracaoefe.com\/wp-content\/uploads\/2024\/09\/image-2-300x168.png 300w, https:\/\/www.oracaoefe.com\/wp-content\/uploads\/2024\/09\/image-2-18x10.png 18w, https:\/\/www.oracaoefe.com\/wp-content\/uploads\/2024\/09\/image-2-350x195.png 350w, https:\/\/www.oracaoefe.com\/wp-content\/uploads\/2024\/09\/image-2-383x215.png 383w\" sizes=\"auto, (max-width: 740px) 100vw, 740px\" \/><\/figure>\n\n\n\n<h2 class=\"wp-block-heading\"><strong>Milagres de Lourdes: A cidade das curas<\/strong><\/h2>\n\n\n\n<p class=\"wp-block-paragraph\">A pequena cidade de Lourdes, na Fran\u00e7a, \u00e9 palco de milhares de relatos de milagres, principalmente curas f\u00edsicas, desde que a jovem Bernadette Soubirous afirmou ter visto apari\u00e7\u00f5es da Virgem Maria em 1858. Desde ent\u00e3o, milh\u00f5es de peregrinos visitam o local em busca de cura. O mais impressionante \u00e9 que muitos dos eventos de cura em Lourdes foram documentados por m\u00e9dicos e cientistas ao longo dos anos.<\/p>\n\n\n\n<h3 class=\"wp-block-heading\"><strong>O caso mais famoso de Lourdes<\/strong><\/h3>\n\n\n\n<p class=\"wp-block-paragraph\">Um dos relatos mais not\u00e1veis \u00e9 o de Gabriel Gargam, que ficou gravemente ferido ap\u00f3s um acidente de trem em 1899. Ele ficou paralisado, mas depois de uma visita a Lourdes, afirmou ter recuperado completamente seus movimentos. Esse caso, como muitos outros, foi analisado por m\u00e9dicos e at\u00e9 hoje permanece sem uma explica\u00e7\u00e3o cient\u00edfica conclusiva.<\/p>\n\n\n\n<h2 class=\"wp-block-heading\"><strong>O milagre do sol em F\u00e1tima<\/strong><\/h2>\n\n\n\n<p class=\"wp-block-paragraph\">Outro evento considerado milagroso ocorreu em F\u00e1tima, Portugal, em 1917. Tr\u00eas crian\u00e7as afirmaram ter visto apari\u00e7\u00f5es da Virgem Maria, e a ela foi atribu\u00eddo o &#8220;Milagre do Sol&#8221;, testemunhado por cerca de 70 mil pessoas. Segundo relatos, o sol teria come\u00e7ado a girar no c\u00e9u, emitindo luzes de v\u00e1rias cores, e, em seguida, mergulhado na dire\u00e7\u00e3o da Terra antes de retornar \u00e0 sua posi\u00e7\u00e3o normal.<\/p>\n\n\n\n<h3 class=\"wp-block-heading\"><strong>A explica\u00e7\u00e3o cient\u00edfica para o fen\u00f4meno<\/strong><\/h3>\n\n\n\n<p class=\"wp-block-paragraph\">Muitos tentaram explicar o Milagre do Sol como um fen\u00f4meno meteorol\u00f3gico ou at\u00e9 mesmo uma ilus\u00e3o coletiva. No entanto, o fato de tantas pessoas, de diferentes locais, terem descrito o mesmo evento ainda intriga estudiosos at\u00e9 os dias de hoje. Para os crentes, foi uma clara interven\u00e7\u00e3o divina, enquanto outros permanecem c\u00e9ticos.<\/p>\n\n\n\n<h2 class=\"wp-block-heading\"><strong>A multiplica\u00e7\u00e3o de p\u00e3es e peixes<\/strong><\/h2>\n\n\n\n<p class=\"wp-block-paragraph\">Um dos milagres mais conhecidos do Novo Testamento \u00e9 a multiplica\u00e7\u00e3o dos p\u00e3es e peixes, realizada por Jesus Cristo. Relatado nos quatro evangelhos, esse milagre fala sobre como Jesus alimentou uma multid\u00e3o de mais de 5 mil pessoas com apenas cinco p\u00e3es e dois peixes. A hist\u00f3ria tem sido contada por s\u00e9culos como um exemplo de compaix\u00e3o e poder divino.<\/p>\n\n\n\n<h3 class=\"wp-block-heading\"><strong>O simbolismo por tr\u00e1s da multiplica\u00e7\u00e3o<\/strong><\/h3>\n\n\n\n<p class=\"wp-block-paragraph\">Al\u00e9m do impacto direto do evento, muitos estudiosos acreditam que a multiplica\u00e7\u00e3o dos p\u00e3es e peixes possui um significado simb\u00f3lico. O ato de dividir e multiplicar simbolizaria a abund\u00e2ncia espiritual oferecida por Cristo, al\u00e9m de refor\u00e7ar a ideia de que com f\u00e9, o imposs\u00edvel pode acontecer.<\/p>\n\n\n\n<h2 class=\"wp-block-heading\"><strong>Os milagres modernos<\/strong><\/h2>\n\n\n\n<p class=\"wp-block-paragraph\">Embora os relatos mais antigos de milagres tendam a ser mais amplamente aceitos, milagres continuam a ser reportados nos dias de hoje. Um exemplo famoso \u00e9 o de Chico Xavier, no Brasil. M\u00e9dium esp\u00edrita, Chico foi conhecido por realizar curas e fen\u00f4menos que muitas vezes desafiam explica\u00e7\u00f5es l\u00f3gicas, como a materializa\u00e7\u00e3o de objetos e cartas psicografadas de pessoas j\u00e1 falecidas.<\/p>\n\n\n\n<h3 class=\"wp-block-heading\"><strong>Um caso recente e intrigante<\/strong><\/h3>\n\n\n\n<p class=\"wp-block-paragraph\">Uma hist\u00f3ria recente que chamou aten\u00e7\u00e3o foi a de uma mulher em Goi\u00e1s, que, ap\u00f3s ser diagnosticada com uma doen\u00e7a terminal, afirmou ter sido curada por meio de ora\u00e7\u00f5es e pr\u00e1ticas espirituais. O diagn\u00f3stico de cura foi confirmado por m\u00e9dicos, e, at\u00e9 hoje, ningu\u00e9m consegue explicar o que aconteceu. Muitos acreditam que esse tipo de relato prova que os milagres n\u00e3o s\u00e3o apenas hist\u00f3rias antigas.<\/p>\n\n\n\n<h2 class=\"wp-block-heading\"><strong>Os avan\u00e7os cient\u00edficos<\/strong><\/h2>\n\n\n\n<p class=\"wp-block-paragraph\">Os milagres documentados ao longo da hist\u00f3ria nos lembram de que, apesar dos avan\u00e7os cient\u00edficos, ainda h\u00e1 muito que n\u00e3o entendemos sobre o mundo e a exist\u00eancia. Seja pela f\u00e9 ou pelo desejo de encontrar respostas, os milagres continuam a nos inspirar, intrigando crentes e c\u00e9ticos. O que importa, no fim, \u00e9 a forma como esses eventos tocam nossas vidas, trazendo esperan\u00e7a e renovando nossa f\u00e9 no extraordin\u00e1rio.<\/p>\n\n\n\n<p class=\"wp-block-paragraph\"><strong>Voir aussi\u00a0: <a href=\"https:\/\/www.oracaoefe.com\/fr\/os-segredos-dos-manuscritos-antigos-o-que-ainda-podemos-aprender\/\">Os Segredos dos Manuscritos Antigos: O que Ainda Podemos Aprender<\/a><\/strong><\/p>\n\n\n\n<p class=\"wp-block-paragraph\">18 de setembro de 2024<\/p>","protected":false},"excerpt":{"rendered":"<p>Milagres sempre despertaram curiosidade e fasc\u00ednio. Ao longo da hist\u00f3ria, eventos extraordin\u00e1rios t\u00eam sido relatados e documentados, deixando pessoas de todas as partes do mundo em busca de explica\u00e7\u00f5es. Seriam interven\u00e7\u00f5es divinas ou apenas fen\u00f4menos inexplic\u00e1veis pela ci\u00eancia? Neste post, vamos explorar alguns dos milagres mais intrigantes j\u00e1 registrados, analisando os fatos que os cercam&hellip;&nbsp;<\/p>","protected":false},"author":3,"featured_media":3116,"comment_status":"closed","ping_status":"closed","sticky":false,"template":"","format":"standard","meta":{"neve_meta_sidebar":"","neve_meta_container":"","neve_meta_enable_content_width":"","neve_meta_content_width":0,"neve_meta_title_alignment":"","neve_meta_author_avatar":"","neve_post_elements_order":"","neve_meta_disable_header":"","neve_meta_disable_footer":"","neve_meta_disable_title":"","footnotes":""},"categories":[1],"tags":[],"class_list":["post-3115","post","type-post","status-publish","format-standard","has-post-thumbnail","hentry","category-curiosidades"],"yoast_head":"<!-- This site is optimized with the Yoast SEO plugin v28.4 - https:\/\/yoast.com\/product\/yoast-seo-wordpress\/ -->\n<title>A hist\u00f3ria por tr\u00e1s dos maiores milagres documentados: fatos fascinantes\u00a0 - Ora\u00e7\u00e3o e F\u00e9<\/title>\n<meta name=\"description\" content=\"Deus tem pra voc\u00ea uma palavra de vida!\" \/>\n<meta name=\"robots\" content=\"index, follow, max-snippet:-1, max-image-preview:large, max-video-preview:-1\" \/>\n<link rel=\"canonical\" href=\"https:\/\/www.oracaoefe.com\/fr\/a-historia-por-tras-dos-maiores-milagres-documentados-fatos-fascinantes\/\" \/>\n<meta property=\"og:locale\" content=\"fr_FR\" \/>\n<meta property=\"og:type\" content=\"article\" \/>\n<meta property=\"og:title\" content=\"A hist\u00f3ria por tr\u00e1s dos maiores milagres documentados: fatos fascinantes\u00a0 - Ora\u00e7\u00e3o e F\u00e9\" \/>\n<meta property=\"og:description\" content=\"Deus tem pra voc\u00ea uma palavra de vida!\" \/>\n<meta property=\"og:url\" content=\"https:\/\/www.oracaoefe.com\/fr\/a-historia-por-tras-dos-maiores-milagres-documentados-fatos-fascinantes\/\" \/>\n<meta property=\"og:site_name\" content=\"Ora\u00e7\u00e3o e F\u00e9\" \/>\n<meta property=\"article:published_time\" content=\"2024-09-19T00:24:07+00:00\" \/>\n<meta property=\"article:modified_time\" content=\"2024-09-19T00:24:09+00:00\" \/>\n<meta property=\"og:image\" content=\"https:\/\/www.oracaoefe.com\/wp-content\/uploads\/2024\/09\/image-2.png\" \/>\n\t<meta property=\"og:image:width\" content=\"740\" \/>\n\t<meta property=\"og:image:height\" content=\"415\" \/>\n\t<meta property=\"og:image:type\" content=\"image\/png\" \/>\n<meta name=\"author\" content=\"Michele Azevedo\" \/>\n<meta name=\"twitter:card\" content=\"summary_large_image\" \/>\n<meta name=\"twitter:label1\" content=\"\u00c9crit par\" \/>\n\t<meta name=\"twitter:data1\" content=\"Michele Azevedo\" \/>\n\t<meta name=\"twitter:label2\" content=\"Dur\u00e9e de lecture estim\u00e9e\" \/>\n\t<meta name=\"twitter:data2\" content=\"4 minutes\" \/>\n<script type=\"application\/ld+json\" class=\"yoast-schema-graph\">{\"@context\":\"https:\\\/\\\/schema.org\",\"@graph\":[{\"@type\":\"Article\",\"@id\":\"https:\\\/\\\/www.oracaoefe.com\\\/a-historia-por-tras-dos-maiores-milagres-documentados-fatos-fascinantes\\\/#article\",\"isPartOf\":{\"@id\":\"https:\\\/\\\/www.oracaoefe.com\\\/a-historia-por-tras-dos-maiores-milagres-documentados-fatos-fascinantes\\\/\"},\"author\":{\"name\":\"Michele Azevedo\",\"@id\":\"https:\\\/\\\/www.oracaoefe.com\\\/#\\\/schema\\\/person\\\/17283c669442cf005c4d5bb58adfb7f5\"},\"headline\":\"A hist\u00f3ria por tr\u00e1s dos maiores milagres documentados: fatos fascinantes\u00a0\",\"datePublished\":\"2024-09-19T00:24:07+00:00\",\"dateModified\":\"2024-09-19T00:24:09+00:00\",\"mainEntityOfPage\":{\"@id\":\"https:\\\/\\\/www.oracaoefe.com\\\/a-historia-por-tras-dos-maiores-milagres-documentados-fatos-fascinantes\\\/\"},\"wordCount\":827,\"image\":{\"@id\":\"https:\\\/\\\/www.oracaoefe.com\\\/a-historia-por-tras-dos-maiores-milagres-documentados-fatos-fascinantes\\\/#primaryimage\"},\"thumbnailUrl\":\"https:\\\/\\\/www.oracaoefe.com\\\/wp-content\\\/uploads\\\/2024\\\/09\\\/image-2.png\",\"articleSection\":[\"Curiosidades\"],\"inLanguage\":\"fr-FR\"},{\"@type\":\"WebPage\",\"@id\":\"https:\\\/\\\/www.oracaoefe.com\\\/a-historia-por-tras-dos-maiores-milagres-documentados-fatos-fascinantes\\\/\",\"url\":\"https:\\\/\\\/www.oracaoefe.com\\\/a-historia-por-tras-dos-maiores-milagres-documentados-fatos-fascinantes\\\/\",\"name\":\"A hist\u00f3ria por tr\u00e1s dos maiores milagres documentados: fatos fascinantes\u00a0 - Ora\u00e7\u00e3o e F\u00e9\",\"isPartOf\":{\"@id\":\"https:\\\/\\\/www.oracaoefe.com\\\/#website\"},\"primaryImageOfPage\":{\"@id\":\"https:\\\/\\\/www.oracaoefe.com\\\/a-historia-por-tras-dos-maiores-milagres-documentados-fatos-fascinantes\\\/#primaryimage\"},\"image\":{\"@id\":\"https:\\\/\\\/www.oracaoefe.com\\\/a-historia-por-tras-dos-maiores-milagres-documentados-fatos-fascinantes\\\/#primaryimage\"},\"thumbnailUrl\":\"https:\\\/\\\/www.oracaoefe.com\\\/wp-content\\\/uploads\\\/2024\\\/09\\\/image-2.png\",\"datePublished\":\"2024-09-19T00:24:07+00:00\",\"dateModified\":\"2024-09-19T00:24:09+00:00\",\"author\":{\"@id\":\"https:\\\/\\\/www.oracaoefe.com\\\/#\\\/schema\\\/person\\\/17283c669442cf005c4d5bb58adfb7f5\"},\"description\":\"Deus tem pra voc\u00ea uma palavra de vida!\",\"breadcrumb\":{\"@id\":\"https:\\\/\\\/www.oracaoefe.com\\\/a-historia-por-tras-dos-maiores-milagres-documentados-fatos-fascinantes\\\/#breadcrumb\"},\"inLanguage\":\"fr-FR\",\"potentialAction\":[{\"@type\":\"ReadAction\",\"target\":[\"https:\\\/\\\/www.oracaoefe.com\\\/a-historia-por-tras-dos-maiores-milagres-documentados-fatos-fascinantes\\\/\"]}]},{\"@type\":\"ImageObject\",\"inLanguage\":\"fr-FR\",\"@id\":\"https:\\\/\\\/www.oracaoefe.com\\\/a-historia-por-tras-dos-maiores-milagres-documentados-fatos-fascinantes\\\/#primaryimage\",\"url\":\"https:\\\/\\\/www.oracaoefe.com\\\/wp-content\\\/uploads\\\/2024\\\/09\\\/image-2.png\",\"contentUrl\":\"https:\\\/\\\/www.oracaoefe.com\\\/wp-content\\\/uploads\\\/2024\\\/09\\\/image-2.png\",\"width\":740,\"height\":415},{\"@type\":\"BreadcrumbList\",\"@id\":\"https:\\\/\\\/www.oracaoefe.com\\\/a-historia-por-tras-dos-maiores-milagres-documentados-fatos-fascinantes\\\/#breadcrumb\",\"itemListElement\":[{\"@type\":\"ListItem\",\"position\":1,\"name\":\"Home\",\"item\":\"https:\\\/\\\/www.oracaoefe.com\\\/\"},{\"@type\":\"ListItem\",\"position\":2,\"name\":\"Curiosidades\",\"item\":\"https:\\\/\\\/www.oracaoefe.com\\\/es\\\/categoria\\\/curiosidades\\\/\"},{\"@type\":\"ListItem\",\"position\":3,\"name\":\"A hist\u00f3ria por tr\u00e1s dos maiores milagres documentados: fatos fascinantes\u00a0\"}]},{\"@type\":\"WebSite\",\"@id\":\"https:\\\/\\\/www.oracaoefe.com\\\/#website\",\"url\":\"https:\\\/\\\/www.oracaoefe.com\\\/\",\"name\":\"Ora\u00e7\u00e3o e F\u00e9\",\"description\":\"\",\"potentialAction\":[{\"@type\":\"SearchAction\",\"target\":{\"@type\":\"EntryPoint\",\"urlTemplate\":\"https:\\\/\\\/www.oracaoefe.com\\\/?s={search_term_string}\"},\"query-input\":{\"@type\":\"PropertyValueSpecification\",\"valueRequired\":true,\"valueName\":\"search_term_string\"}}],\"inLanguage\":\"fr-FR\"},{\"@type\":\"Person\",\"@id\":\"https:\\\/\\\/www.oracaoefe.com\\\/#\\\/schema\\\/person\\\/17283c669442cf005c4d5bb58adfb7f5\",\"name\":\"Michele Azevedo\",\"image\":{\"@type\":\"ImageObject\",\"inLanguage\":\"fr-FR\",\"@id\":\"https:\\\/\\\/secure.gravatar.com\\\/avatar\\\/6b0eb9d22841282815e2cd856a0061c45e1761cd54b22e952d98c4746939aa85?s=96&d=mm&r=g\",\"url\":\"https:\\\/\\\/secure.gravatar.com\\\/avatar\\\/6b0eb9d22841282815e2cd856a0061c45e1761cd54b22e952d98c4746939aa85?s=96&d=mm&r=g\",\"contentUrl\":\"https:\\\/\\\/secure.gravatar.com\\\/avatar\\\/6b0eb9d22841282815e2cd856a0061c45e1761cd54b22e952d98c4746939aa85?s=96&d=mm&r=g\",\"caption\":\"Michele Azevedo\"},\"description\":\"Formada em Letras - Portugu\u00eas\\\/ Ingl\u00eas pela Universidade Estadual de Ponta Grossa (UEPG), p\u00f3s-graduada em Arte na Educa\u00e7\u00e3o (FAPI) e Psicopedagogia Escolar (FAPI), idealizadora e propriet\u00e1ria do site Escritora de Sucesso, possui experi\u00eancia em escrita para blogs em geral e atua como redatora e revisora dos conte\u00fados do Ora\u00e7\u00e3o e F\u00e9.\",\"url\":\"https:\\\/\\\/www.oracaoefe.com\\\/fr\\\/author\\\/michele-azevedo\\\/\"}]}<\/script>\n<!-- \/ Yoast SEO plugin. -->","yoast_head_json":{"title":"A hist\u00f3ria por tr\u00e1s dos maiores milagres documentados: fatos fascinantes\u00a0 - Ora\u00e7\u00e3o e F\u00e9","description":"Dieu a une parole de vie pour vous !","robots":{"index":"index","follow":"follow","max-snippet":"max-snippet:-1","max-image-preview":"max-image-preview:large","max-video-preview":"max-video-preview:-1"},"canonical":"https:\/\/www.oracaoefe.com\/fr\/a-historia-por-tras-dos-maiores-milagres-documentados-fatos-fascinantes\/","og_locale":"fr_FR","og_type":"article","og_title":"A hist\u00f3ria por tr\u00e1s dos maiores milagres documentados: fatos fascinantes\u00a0 - Ora\u00e7\u00e3o e F\u00e9","og_description":"Deus tem pra voc\u00ea uma palavra de vida!","og_url":"https:\/\/www.oracaoefe.com\/fr\/a-historia-por-tras-dos-maiores-milagres-documentados-fatos-fascinantes\/","og_site_name":"Ora\u00e7\u00e3o e F\u00e9","article_published_time":"2024-09-19T00:24:07+00:00","article_modified_time":"2024-09-19T00:24:09+00:00","og_image":[{"width":740,"height":415,"url":"https:\/\/www.oracaoefe.com\/wp-content\/uploads\/2024\/09\/image-2.png","type":"image\/png"}],"author":"Michele Azevedo","twitter_card":"summary_large_image","twitter_misc":{"\u00c9crit par":"Michele Azevedo","Dur\u00e9e de lecture estim\u00e9e":"4 minutes"},"schema":{"@context":"https:\/\/schema.org","@graph":[{"@type":"Article","@id":"https:\/\/www.oracaoefe.com\/a-historia-por-tras-dos-maiores-milagres-documentados-fatos-fascinantes\/#article","isPartOf":{"@id":"https:\/\/www.oracaoefe.com\/a-historia-por-tras-dos-maiores-milagres-documentados-fatos-fascinantes\/"},"author":{"name":"Michele Azevedo","@id":"https:\/\/www.oracaoefe.com\/#\/schema\/person\/17283c669442cf005c4d5bb58adfb7f5"},"headline":"A hist\u00f3ria por tr\u00e1s dos maiores milagres documentados: fatos fascinantes\u00a0","datePublished":"2024-09-19T00:24:07+00:00","dateModified":"2024-09-19T00:24:09+00:00","mainEntityOfPage":{"@id":"https:\/\/www.oracaoefe.com\/a-historia-por-tras-dos-maiores-milagres-documentados-fatos-fascinantes\/"},"wordCount":827,"image":{"@id":"https:\/\/www.oracaoefe.com\/a-historia-por-tras-dos-maiores-milagres-documentados-fatos-fascinantes\/#primaryimage"},"thumbnailUrl":"https:\/\/www.oracaoefe.com\/wp-content\/uploads\/2024\/09\/image-2.png","articleSection":["Curiosidades"],"inLanguage":"fr-FR"},{"@type":"WebPage","@id":"https:\/\/www.oracaoefe.com\/a-historia-por-tras-dos-maiores-milagres-documentados-fatos-fascinantes\/","url":"https:\/\/www.oracaoefe.com\/a-historia-por-tras-dos-maiores-milagres-documentados-fatos-fascinantes\/","name":"A hist\u00f3ria por tr\u00e1s dos maiores milagres documentados: fatos fascinantes\u00a0 - Ora\u00e7\u00e3o e F\u00e9","isPartOf":{"@id":"https:\/\/www.oracaoefe.com\/#website"},"primaryImageOfPage":{"@id":"https:\/\/www.oracaoefe.com\/a-historia-por-tras-dos-maiores-milagres-documentados-fatos-fascinantes\/#primaryimage"},"image":{"@id":"https:\/\/www.oracaoefe.com\/a-historia-por-tras-dos-maiores-milagres-documentados-fatos-fascinantes\/#primaryimage"},"thumbnailUrl":"https:\/\/www.oracaoefe.com\/wp-content\/uploads\/2024\/09\/image-2.png","datePublished":"2024-09-19T00:24:07+00:00","dateModified":"2024-09-19T00:24:09+00:00","author":{"@id":"https:\/\/www.oracaoefe.com\/#\/schema\/person\/17283c669442cf005c4d5bb58adfb7f5"},"description":"Dieu a une parole de vie pour vous !","breadcrumb":{"@id":"https:\/\/www.oracaoefe.com\/a-historia-por-tras-dos-maiores-milagres-documentados-fatos-fascinantes\/#breadcrumb"},"inLanguage":"fr-FR","potentialAction":[{"@type":"ReadAction","target":["https:\/\/www.oracaoefe.com\/a-historia-por-tras-dos-maiores-milagres-documentados-fatos-fascinantes\/"]}]},{"@type":"ImageObject","inLanguage":"fr-FR","@id":"https:\/\/www.oracaoefe.com\/a-historia-por-tras-dos-maiores-milagres-documentados-fatos-fascinantes\/#primaryimage","url":"https:\/\/www.oracaoefe.com\/wp-content\/uploads\/2024\/09\/image-2.png","contentUrl":"https:\/\/www.oracaoefe.com\/wp-content\/uploads\/2024\/09\/image-2.png","width":740,"height":415},{"@type":"BreadcrumbList","@id":"https:\/\/www.oracaoefe.com\/a-historia-por-tras-dos-maiores-milagres-documentados-fatos-fascinantes\/#breadcrumb","itemListElement":[{"@type":"ListItem","position":1,"name":"Home","item":"https:\/\/www.oracaoefe.com\/"},{"@type":"ListItem","position":2,"name":"Curiosidades","item":"https:\/\/www.oracaoefe.com\/es\/categoria\/curiosidades\/"},{"@type":"ListItem","position":3,"name":"A hist\u00f3ria por tr\u00e1s dos maiores milagres documentados: fatos fascinantes\u00a0"}]},{"@type":"WebSite","@id":"https:\/\/www.oracaoefe.com\/#website","url":"https:\/\/www.oracaoefe.com\/","name":"Pri\u00e8re et foi","description":"","potentialAction":[{"@type":"SearchAction","target":{"@type":"EntryPoint","urlTemplate":"https:\/\/www.oracaoefe.com\/?s={search_term_string}"},"query-input":{"@type":"PropertyValueSpecification","valueRequired":true,"valueName":"search_term_string"}}],"inLanguage":"fr-FR"},{"@type":"Person","@id":"https:\/\/www.oracaoefe.com\/#\/schema\/person\/17283c669442cf005c4d5bb58adfb7f5","name":"Michele Azevedo","image":{"@type":"ImageObject","inLanguage":"fr-FR","@id":"https:\/\/secure.gravatar.com\/avatar\/6b0eb9d22841282815e2cd856a0061c45e1761cd54b22e952d98c4746939aa85?s=96&d=mm&r=g","url":"https:\/\/secure.gravatar.com\/avatar\/6b0eb9d22841282815e2cd856a0061c45e1761cd54b22e952d98c4746939aa85?s=96&d=mm&r=g","contentUrl":"https:\/\/secure.gravatar.com\/avatar\/6b0eb9d22841282815e2cd856a0061c45e1761cd54b22e952d98c4746939aa85?s=96&d=mm&r=g","caption":"Michele Azevedo"},"description":"Dipl\u00f4m\u00e9e en litt\u00e9rature portugaise\/anglaise de l&#039;Universit\u00e9 d&#039;\u00c9tat de Ponta Grossa (UEPG), avec des dipl\u00f4mes de troisi\u00e8me cycle en art dans l&#039;\u00e9ducation (FAPI) et en psychop\u00e9dagogie scolaire (FAPI), elle est la cr\u00e9atrice et propri\u00e9taire du site web Escritora de Sucesso, a de l&#039;exp\u00e9rience dans l&#039;\u00e9criture pour les blogs en g\u00e9n\u00e9ral et travaille comme r\u00e9dactrice et \u00e9ditrice du contenu pour Ora\u00e7\u00e3o e F\u00e9.","url":"https:\/\/www.oracaoefe.com\/fr\/author\/michele-azevedo\/"}]}},"_links":{"self":[{"href":"https:\/\/www.oracaoefe.com\/fr\/wp-json\/wp\/v2\/posts\/3115","targetHints":{"allow":["GET"]}}],"collection":[{"href":"https:\/\/www.oracaoefe.com\/fr\/wp-json\/wp\/v2\/posts"}],"about":[{"href":"https:\/\/www.oracaoefe.com\/fr\/wp-json\/wp\/v2\/types\/post"}],"author":[{"embeddable":true,"href":"https:\/\/www.oracaoefe.com\/fr\/wp-json\/wp\/v2\/users\/3"}],"replies":[{"embeddable":true,"href":"https:\/\/www.oracaoefe.com\/fr\/wp-json\/wp\/v2\/comments?post=3115"}],"version-history":[{"count":1,"href":"https:\/\/www.oracaoefe.com\/fr\/wp-json\/wp\/v2\/posts\/3115\/revisions"}],"predecessor-version":[{"id":3117,"href":"https:\/\/www.oracaoefe.com\/fr\/wp-json\/wp\/v2\/posts\/3115\/revisions\/3117"}],"wp:featuredmedia":[{"embeddable":true,"href":"https:\/\/www.oracaoefe.com\/fr\/wp-json\/wp\/v2\/media\/3116"}],"wp:attachment":[{"href":"https:\/\/www.oracaoefe.com\/fr\/wp-json\/wp\/v2\/media?parent=3115"}],"wp:term":[{"taxonomy":"category","embeddable":true,"href":"https:\/\/www.oracaoefe.com\/fr\/wp-json\/wp\/v2\/categories?post=3115"},{"taxonomy":"post_tag","embeddable":true,"href":"https:\/\/www.oracaoefe.com\/fr\/wp-json\/wp\/v2\/tags?post=3115"}],"curies":[{"name":"wp","href":"https:\/\/api.w.org\/{rel}","templated":true}]}}