{"id":309,"date":"2022-09-24T22:55:30","date_gmt":"2022-09-25T01:55:30","guid":{"rendered":"https:\/\/www.oracaoefe.com\/?p=309"},"modified":"2022-09-25T16:31:14","modified_gmt":"2022-09-25T19:31:14","slug":"os-beneficios-da-fe-para-o-ser-humano-comprovados-pela-ciencia","status":"publish","type":"post","link":"https:\/\/www.oracaoefe.com\/fr\/os-beneficios-da-fe-para-o-ser-humano-comprovados-pela-ciencia\/","title":{"rendered":"Les bienfaits de la foi pour l'\u00eatre humain prouv\u00e9s par la science"},"content":{"rendered":"<div class=\"wp-block-post-date\"><time datetime=\"2022-09-24T22:55:30-03:00\">24 septembre 2022<\/time><\/div>\n\n\n<p class=\"wp-block-paragraph\">Il est tr\u00e8s important de savoir quels sont les avantages de la foi pour les \u00eatres humains, car il est d\u00e9j\u00e0 prouv\u00e9 par la science que la religiosit\u00e9 peut offrir certains avantages aux gens. Pour cela, nous vous pr\u00e9sentons les principaux avantages.<\/p>\n\n\n\n<h2 class=\"wp-block-heading\">Conhe\u00e7a os benef\u00edcios da f\u00e9 para o ser humano<\/h2>\n\n\n\n<p class=\"wp-block-paragraph\">Embora pare\u00e7a que a ci\u00eancia odeie as igrejas, a religiosidade, saiba que isso n\u00e3o \u00e9 verdade. Devido a ci\u00eancia ter como objetivo estudar maneiras de proporcionar mais bem-estar \u00e0s pessoas, ela vem estudando os benef\u00edcios da f\u00e9 para o ser humano.<\/p>\n\n\n\n<p class=\"wp-block-paragraph\">Durante esse estudo realizado com grupos de pessoas que s\u00e3o crist\u00e3s, chegou \u00e0 conclus\u00e3o de que ter f\u00e9 possui benef\u00edcios. Dessa forma, ao longo deste artigo voc\u00ea vai conferir de que forma a sua f\u00e9 pode contribuir para a sa\u00fade.<\/p>\n\n\n\n<p class=\"wp-block-paragraph\">Sendo assim, a f\u00e9 pode fazer bem tanto para sua sa\u00fade mental quanto f\u00edsica. Vale ressaltar que os pesquisadores chegaram \u00e0 essa conclus\u00e3o por meio de pessoas que vivem sua f\u00e9 de forma saud\u00e1vel, ou seja, onde n\u00e3o h\u00e1 uma puni\u00e7\u00e3o para que se tenha f\u00e9, \u00e9 de livre e espont\u00e2nea vontade da pessoa. Portanto, confira a seguir com mais detalhes sobre cada um dos t\u00f3picos a seguir!<\/p>\n\n\n\n<h3 class=\"wp-block-heading\">Sa\u00fade mental<\/h3>\n\n\n\n<p class=\"wp-block-paragraph\">O primeiro benef\u00edcio que foi comprovado pelos cientistas foi uma melhor qualidade na sa\u00fade mental dessas pessoas que tinham f\u00e9. Durante os experimentos foi estudado e observado os momentos de ora\u00e7\u00f5es e de que forma eles interferiam na sa\u00fade dessas pessoas.<\/p>\n\n\n\n<p class=\"wp-block-paragraph\">Foi comprovado que durante as ora\u00e7\u00f5es as pessoas exercitam sua gratid\u00e3o, de modo que isso causava-lhe um bem-estar, um sentimento de satisfa\u00e7\u00e3o com a vida. Por vez, esse sentimento impedia que elas sentissem intensa tristeza diante dos momentos de dificuldade, logo elas possu\u00edam menos distor\u00e7\u00f5es cognitivas, ou seja, pensamentos distorcidos em rela\u00e7\u00e3o ao seu futuro.<\/p>\n\n\n\n<p class=\"wp-block-paragraph\">Lembrando que os benef\u00edcios da f\u00e9 para o ser humano s\u00e3o estudados desde a d\u00e9cada de 80 pela Organiza\u00e7\u00e3o Mundial da Sa\u00fade (OMS). Dessa maneira, ao longo desses anos j\u00e1 foram realizados diversos estudos sobre essa tem\u00e1tica em diferentes pa\u00edses do mundo. Portanto, a f\u00e9 pode ajudar as pessoas a superarem depress\u00f5es e a ansiedade.<\/p>\n\n\n\n<h3 class=\"wp-block-heading\">Mais sa\u00fade f\u00edsica<\/h3>\n\n\n\n<p class=\"wp-block-paragraph\">Al\u00e9m de ajudar na sa\u00fade mental das pessoas, a f\u00e9 permite que as pessoas tenham mais sa\u00fade f\u00edsica. Para os crist\u00e3os, grupo estudado pelas pesquisas, devido acreditarem que o seu corpo \u00e9 um templo de Deus, logo eles se sentem no dever de cuidar bem do corpo para que possam receber o Esp\u00edrito Santo (1 Cor\u00edntios 6.19-20).<\/p>\n\n\n\n<p class=\"wp-block-paragraph\">Desse modo, as pessoas dos estudos come\u00e7am a se alimentar de forma mais saud\u00e1vel, praticar atividade f\u00edsica e at\u00e9 mesmo cuidar mais da beleza. Consequentemente, como resultado positivo essas pessoas passam a ter menos chances de desenvolverem diabetes, hipertens\u00e3o, doen\u00e7as respirat\u00f3rias, acidentes vasculares cerebrais e problemas renais, por exemplo.<\/p>\n\n\n\n<p class=\"wp-block-paragraph\">Por \u00faltimo, saiba que em 2001 foi realizado um estudo nos Estados Unidos Centro Nacional de Adi\u00e7\u00e3o e Abuso de Drogas, onde chegou ao resultado de que pessoas que n\u00e3o seguem uma religi\u00e3o, fazem o consumo maior de drogas e \u00e1lcool do que as que seguem uma religi\u00e3o. Isto \u00e9, pessoas que n\u00e3o consideram a religi\u00e3o importante em suas vidas n\u00e3o se importam tanto com a sua sa\u00fade quanto as que possuem f\u00e9.&nbsp;<\/p>\n\n\n\n<h3 class=\"wp-block-heading\">Intera\u00e7\u00f5es sociais<\/h3>\n\n\n\n<p class=\"wp-block-paragraph\">Por fim, ter f\u00e9 permite que voc\u00ea socialize e isso \u00e9 muito importante para o bem-estar humano e para se ter uma \u00f3tima sa\u00fade mental. Afinal, n\u00f3s somos seres sociais, desde nossa exist\u00eancia sempre estamos em grupos, ent\u00e3o por mais que uma pessoa seja introvertida e goste de ficar mais em casa, em um determinado momento ela precisa de intera\u00e7\u00f5es sociais.<\/p>\n\n\n\n<p class=\"wp-block-paragraph\">Assim sendo, para comprovar essa hip\u00f3tese, foram realizados estudos na Europa onde a maioria das pessoas que tinham f\u00e9 disseram que participavam de algum grupo relacionado \u00e0 igreja que frequentava. Tendo um senso de comunidade, onde a pessoa faz amigos, ela passa a ter uma rede de apoio \u00e0 qual pode contar nos momentos de dificuldade.<\/p>\n\n\n\n<p class=\"wp-block-paragraph\">Diante de tudo que foi citado acima, n\u00e3o resta mais d\u00favidas dos diversos benef\u00edcios que a f\u00e9 pode proporcionar. Capaz de modificar a maneira como uma pessoa pensa e interferir em como se sente, a f\u00e9 come\u00e7ou a ser estudada chegando \u00e0 conclus\u00e3o que ela possui benef\u00edcios.&nbsp;<\/p>","protected":false},"excerpt":{"rendered":"<p>Il est tr\u00e8s important de savoir quels sont les avantages de la foi pour les \u00eatres humains, car il est d\u00e9j\u00e0 prouv\u00e9 par la science que la religiosit\u00e9 peut offrir certains avantages aux gens. Pour cela, nous vous pr\u00e9sentons les principaux avantages.<\/p>","protected":false},"author":1,"featured_media":358,"comment_status":"open","ping_status":"closed","sticky":false,"template":"","format":"standard","meta":{"neve_meta_sidebar":"","neve_meta_container":"","neve_meta_enable_content_width":"","neve_meta_content_width":0,"neve_meta_title_alignment":"","neve_meta_author_avatar":"","neve_post_elements_order":"","neve_meta_disable_header":"","neve_meta_disable_footer":"","neve_meta_disable_title":"","footnotes":""},"categories":[4],"tags":[68,69,29],"class_list":["post-309","post","type-post","status-publish","format-standard","has-post-thumbnail","hentry","category-fique-por-dentro","tag-beneficios","tag-ciencia","tag-fe"],"yoast_head":"<!-- This site is optimized with the Yoast SEO plugin v28.4 - https:\/\/yoast.com\/product\/yoast-seo-wordpress\/ -->\n<title>Os benef\u00edcios da f\u00e9 para o ser humano comprovados pela ci\u00eancia - Ora\u00e7\u00e3o e F\u00e9<\/title>\n<meta name=\"description\" content=\"Saber quais s\u00e3o os benef\u00edcios da f\u00e9 para o ser humano \u00e9 muito importante, pois j\u00e1 \u00e9 comprovado pela ci\u00eancia alguns benef\u00edcios que...\" \/>\n<meta name=\"robots\" content=\"index, follow, max-snippet:-1, max-image-preview:large, max-video-preview:-1\" \/>\n<link rel=\"canonical\" href=\"https:\/\/www.oracaoefe.com\/fr\/os-beneficios-da-fe-para-o-ser-humano-comprovados-pela-ciencia\/\" \/>\n<meta property=\"og:locale\" content=\"fr_FR\" \/>\n<meta property=\"og:type\" content=\"article\" \/>\n<meta property=\"og:title\" content=\"Os benef\u00edcios da f\u00e9 para o ser humano comprovados pela ci\u00eancia - Ora\u00e7\u00e3o e F\u00e9\" \/>\n<meta property=\"og:description\" content=\"Saber quais s\u00e3o os benef\u00edcios da f\u00e9 para o ser humano \u00e9 muito importante, pois j\u00e1 \u00e9 comprovado pela ci\u00eancia alguns benef\u00edcios que...\" \/>\n<meta property=\"og:url\" content=\"https:\/\/www.oracaoefe.com\/fr\/os-beneficios-da-fe-para-o-ser-humano-comprovados-pela-ciencia\/\" \/>\n<meta property=\"og:site_name\" content=\"Ora\u00e7\u00e3o e F\u00e9\" \/>\n<meta property=\"article:published_time\" content=\"2022-09-25T01:55:30+00:00\" \/>\n<meta property=\"article:modified_time\" content=\"2022-09-25T19:31:14+00:00\" \/>\n<meta property=\"og:image\" content=\"https:\/\/www.oracaoefe.com\/wp-content\/uploads\/2022\/09\/Os-beneficios-da-fe-para-o-ser-humano-comprovados-pela-ciencia-02.jpg\" \/>\n\t<meta property=\"og:image:width\" content=\"1200\" \/>\n\t<meta property=\"og:image:height\" content=\"675\" \/>\n\t<meta property=\"og:image:type\" content=\"image\/jpeg\" \/>\n<meta name=\"author\" content=\"Maria\" \/>\n<meta name=\"twitter:card\" content=\"summary_large_image\" \/>\n<meta name=\"twitter:label1\" content=\"\u00c9crit par\" \/>\n\t<meta name=\"twitter:data1\" content=\"Maria\" \/>\n\t<meta name=\"twitter:label2\" content=\"Dur\u00e9e de lecture estim\u00e9e\" \/>\n\t<meta name=\"twitter:data2\" content=\"4 minutes\" \/>\n<script type=\"application\/ld+json\" class=\"yoast-schema-graph\">{\"@context\":\"https:\\\/\\\/schema.org\",\"@graph\":[{\"@type\":\"Article\",\"@id\":\"https:\\\/\\\/www.oracaoefe.com\\\/os-beneficios-da-fe-para-o-ser-humano-comprovados-pela-ciencia\\\/#article\",\"isPartOf\":{\"@id\":\"https:\\\/\\\/www.oracaoefe.com\\\/os-beneficios-da-fe-para-o-ser-humano-comprovados-pela-ciencia\\\/\"},\"author\":{\"name\":\"Maria\",\"@id\":\"https:\\\/\\\/www.oracaoefe.com\\\/#\\\/schema\\\/person\\\/27873f1e6043866689f5091b5139f23d\"},\"headline\":\"Os benef\u00edcios da f\u00e9 para o ser humano comprovados pela ci\u00eancia\",\"datePublished\":\"2022-09-25T01:55:30+00:00\",\"dateModified\":\"2022-09-25T19:31:14+00:00\",\"mainEntityOfPage\":{\"@id\":\"https:\\\/\\\/www.oracaoefe.com\\\/os-beneficios-da-fe-para-o-ser-humano-comprovados-pela-ciencia\\\/\"},\"wordCount\":775,\"commentCount\":0,\"image\":{\"@id\":\"https:\\\/\\\/www.oracaoefe.com\\\/os-beneficios-da-fe-para-o-ser-humano-comprovados-pela-ciencia\\\/#primaryimage\"},\"thumbnailUrl\":\"https:\\\/\\\/www.oracaoefe.com\\\/wp-content\\\/uploads\\\/2022\\\/09\\\/Os-beneficios-da-fe-para-o-ser-humano-comprovados-pela-ciencia-02.jpg\",\"keywords\":[\"beneficios\",\"ciencia\",\"fe\"],\"articleSection\":[\"Fique por Dentro\"],\"inLanguage\":\"fr-FR\",\"potentialAction\":[{\"@type\":\"CommentAction\",\"name\":\"Comment\",\"target\":[\"https:\\\/\\\/www.oracaoefe.com\\\/os-beneficios-da-fe-para-o-ser-humano-comprovados-pela-ciencia\\\/#respond\"]}]},{\"@type\":\"WebPage\",\"@id\":\"https:\\\/\\\/www.oracaoefe.com\\\/os-beneficios-da-fe-para-o-ser-humano-comprovados-pela-ciencia\\\/\",\"url\":\"https:\\\/\\\/www.oracaoefe.com\\\/os-beneficios-da-fe-para-o-ser-humano-comprovados-pela-ciencia\\\/\",\"name\":\"Os benef\u00edcios da f\u00e9 para o ser humano comprovados pela ci\u00eancia - Ora\u00e7\u00e3o e F\u00e9\",\"isPartOf\":{\"@id\":\"https:\\\/\\\/www.oracaoefe.com\\\/#website\"},\"primaryImageOfPage\":{\"@id\":\"https:\\\/\\\/www.oracaoefe.com\\\/os-beneficios-da-fe-para-o-ser-humano-comprovados-pela-ciencia\\\/#primaryimage\"},\"image\":{\"@id\":\"https:\\\/\\\/www.oracaoefe.com\\\/os-beneficios-da-fe-para-o-ser-humano-comprovados-pela-ciencia\\\/#primaryimage\"},\"thumbnailUrl\":\"https:\\\/\\\/www.oracaoefe.com\\\/wp-content\\\/uploads\\\/2022\\\/09\\\/Os-beneficios-da-fe-para-o-ser-humano-comprovados-pela-ciencia-02.jpg\",\"datePublished\":\"2022-09-25T01:55:30+00:00\",\"dateModified\":\"2022-09-25T19:31:14+00:00\",\"author\":{\"@id\":\"https:\\\/\\\/www.oracaoefe.com\\\/#\\\/schema\\\/person\\\/27873f1e6043866689f5091b5139f23d\"},\"description\":\"Saber quais s\u00e3o os benef\u00edcios da f\u00e9 para o ser humano \u00e9 muito importante, pois j\u00e1 \u00e9 comprovado pela ci\u00eancia alguns benef\u00edcios que...\",\"breadcrumb\":{\"@id\":\"https:\\\/\\\/www.oracaoefe.com\\\/os-beneficios-da-fe-para-o-ser-humano-comprovados-pela-ciencia\\\/#breadcrumb\"},\"inLanguage\":\"fr-FR\",\"potentialAction\":[{\"@type\":\"ReadAction\",\"target\":[\"https:\\\/\\\/www.oracaoefe.com\\\/os-beneficios-da-fe-para-o-ser-humano-comprovados-pela-ciencia\\\/\"]}]},{\"@type\":\"ImageObject\",\"inLanguage\":\"fr-FR\",\"@id\":\"https:\\\/\\\/www.oracaoefe.com\\\/os-beneficios-da-fe-para-o-ser-humano-comprovados-pela-ciencia\\\/#primaryimage\",\"url\":\"https:\\\/\\\/www.oracaoefe.com\\\/wp-content\\\/uploads\\\/2022\\\/09\\\/Os-beneficios-da-fe-para-o-ser-humano-comprovados-pela-ciencia-02.jpg\",\"contentUrl\":\"https:\\\/\\\/www.oracaoefe.com\\\/wp-content\\\/uploads\\\/2022\\\/09\\\/Os-beneficios-da-fe-para-o-ser-humano-comprovados-pela-ciencia-02.jpg\",\"width\":1200,\"height\":675,\"caption\":\"Os benef\u00edcios da f\u00e9 para o ser humano comprovados pela ci\u00eancia 02\"},{\"@type\":\"BreadcrumbList\",\"@id\":\"https:\\\/\\\/www.oracaoefe.com\\\/os-beneficios-da-fe-para-o-ser-humano-comprovados-pela-ciencia\\\/#breadcrumb\",\"itemListElement\":[{\"@type\":\"ListItem\",\"position\":1,\"name\":\"Home\",\"item\":\"https:\\\/\\\/www.oracaoefe.com\\\/\"},{\"@type\":\"ListItem\",\"position\":2,\"name\":\"Fique por Dentro\",\"item\":\"https:\\\/\\\/www.oracaoefe.com\\\/category\\\/fique-por-dentro\\\/\"},{\"@type\":\"ListItem\",\"position\":3,\"name\":\"Os benef\u00edcios da f\u00e9 para o ser humano comprovados pela ci\u00eancia\"}]},{\"@type\":\"WebSite\",\"@id\":\"https:\\\/\\\/www.oracaoefe.com\\\/#website\",\"url\":\"https:\\\/\\\/www.oracaoefe.com\\\/\",\"name\":\"Ora\u00e7\u00e3o e F\u00e9\",\"description\":\"\",\"potentialAction\":[{\"@type\":\"SearchAction\",\"target\":{\"@type\":\"EntryPoint\",\"urlTemplate\":\"https:\\\/\\\/www.oracaoefe.com\\\/?s={search_term_string}\"},\"query-input\":{\"@type\":\"PropertyValueSpecification\",\"valueRequired\":true,\"valueName\":\"search_term_string\"}}],\"inLanguage\":\"fr-FR\"},{\"@type\":\"Person\",\"@id\":\"https:\\\/\\\/www.oracaoefe.com\\\/#\\\/schema\\\/person\\\/27873f1e6043866689f5091b5139f23d\",\"name\":\"Maria\",\"image\":{\"@type\":\"ImageObject\",\"inLanguage\":\"fr-FR\",\"@id\":\"https:\\\/\\\/secure.gravatar.com\\\/avatar\\\/4cac5ea56d40d599bd7348d330a83b1c84cd229296d1613cd1c7f6740561d0c9?s=96&d=mm&r=g\",\"url\":\"https:\\\/\\\/secure.gravatar.com\\\/avatar\\\/4cac5ea56d40d599bd7348d330a83b1c84cd229296d1613cd1c7f6740561d0c9?s=96&d=mm&r=g\",\"contentUrl\":\"https:\\\/\\\/secure.gravatar.com\\\/avatar\\\/4cac5ea56d40d599bd7348d330a83b1c84cd229296d1613cd1c7f6740561d0c9?s=96&d=mm&r=g\",\"caption\":\"Maria\"},\"description\":\"Meu nome \u00e9 Maria e sou apaixonada por teologia, espiritualidade e estudos religiosos. H\u00e1 mais de 5 anos escrevo sobre o universo da f\u00e9, pesquisando diferentes religi\u00f5es, doutrinas, tradi\u00e7\u00f5es espirituais e curiosidades religiosas ao redor do mundo. Tenho grande interesse em compreender como a f\u00e9 e a religiosidade se manifestam em diferentes culturas, pa\u00edses e idiomas, sempre buscando aprender mais sobre os costumes, cren\u00e7as e hist\u00f3rias que influenciam milh\u00f5es de pessoas diariamente. Atualmente, atuo como redatora no portal Ora\u00e7\u00e3o e F\u00e9, onde compartilho conte\u00fados informativos, reflexivos e inspiradores voltados ao universo religioso e espiritual. Meu objetivo \u00e9 levar conhecimento, curiosidades e mensagens enriquecedoras para leitores que desejam aprofundar sua compreens\u00e3o sobre f\u00e9, religi\u00e3o e espiritualidade no mundo moderno.\",\"sameAs\":[\"https:\\\/\\\/www.oracaoefe.com\"],\"url\":\"https:\\\/\\\/www.oracaoefe.com\\\/fr\\\/author\\\/admin\\\/\"}]}<\/script>\n<!-- \/ Yoast SEO plugin. -->","yoast_head_json":{"title":"Os benef\u00edcios da f\u00e9 para o ser humano comprovados pela ci\u00eancia - Ora\u00e7\u00e3o e F\u00e9","description":"Saber quais s\u00e3o os benef\u00edcios da f\u00e9 para o ser humano \u00e9 muito importante, pois j\u00e1 \u00e9 comprovado pela ci\u00eancia alguns benef\u00edcios que...","robots":{"index":"index","follow":"follow","max-snippet":"max-snippet:-1","max-image-preview":"max-image-preview:large","max-video-preview":"max-video-preview:-1"},"canonical":"https:\/\/www.oracaoefe.com\/fr\/os-beneficios-da-fe-para-o-ser-humano-comprovados-pela-ciencia\/","og_locale":"fr_FR","og_type":"article","og_title":"Os benef\u00edcios da f\u00e9 para o ser humano comprovados pela ci\u00eancia - Ora\u00e7\u00e3o e F\u00e9","og_description":"Saber quais s\u00e3o os benef\u00edcios da f\u00e9 para o ser humano \u00e9 muito importante, pois j\u00e1 \u00e9 comprovado pela ci\u00eancia alguns benef\u00edcios que...","og_url":"https:\/\/www.oracaoefe.com\/fr\/os-beneficios-da-fe-para-o-ser-humano-comprovados-pela-ciencia\/","og_site_name":"Ora\u00e7\u00e3o e F\u00e9","article_published_time":"2022-09-25T01:55:30+00:00","article_modified_time":"2022-09-25T19:31:14+00:00","og_image":[{"width":1200,"height":675,"url":"https:\/\/www.oracaoefe.com\/wp-content\/uploads\/2022\/09\/Os-beneficios-da-fe-para-o-ser-humano-comprovados-pela-ciencia-02.jpg","type":"image\/jpeg"}],"author":"Maria","twitter_card":"summary_large_image","twitter_misc":{"\u00c9crit par":"Maria","Dur\u00e9e de lecture estim\u00e9e":"4 minutes"},"schema":{"@context":"https:\/\/schema.org","@graph":[{"@type":"Article","@id":"https:\/\/www.oracaoefe.com\/os-beneficios-da-fe-para-o-ser-humano-comprovados-pela-ciencia\/#article","isPartOf":{"@id":"https:\/\/www.oracaoefe.com\/os-beneficios-da-fe-para-o-ser-humano-comprovados-pela-ciencia\/"},"author":{"name":"Maria","@id":"https:\/\/www.oracaoefe.com\/#\/schema\/person\/27873f1e6043866689f5091b5139f23d"},"headline":"Os benef\u00edcios da f\u00e9 para o ser humano comprovados pela ci\u00eancia","datePublished":"2022-09-25T01:55:30+00:00","dateModified":"2022-09-25T19:31:14+00:00","mainEntityOfPage":{"@id":"https:\/\/www.oracaoefe.com\/os-beneficios-da-fe-para-o-ser-humano-comprovados-pela-ciencia\/"},"wordCount":775,"commentCount":0,"image":{"@id":"https:\/\/www.oracaoefe.com\/os-beneficios-da-fe-para-o-ser-humano-comprovados-pela-ciencia\/#primaryimage"},"thumbnailUrl":"https:\/\/www.oracaoefe.com\/wp-content\/uploads\/2022\/09\/Os-beneficios-da-fe-para-o-ser-humano-comprovados-pela-ciencia-02.jpg","keywords":["beneficios","ciencia","fe"],"articleSection":["Fique por Dentro"],"inLanguage":"fr-FR","potentialAction":[{"@type":"CommentAction","name":"Comment","target":["https:\/\/www.oracaoefe.com\/os-beneficios-da-fe-para-o-ser-humano-comprovados-pela-ciencia\/#respond"]}]},{"@type":"WebPage","@id":"https:\/\/www.oracaoefe.com\/os-beneficios-da-fe-para-o-ser-humano-comprovados-pela-ciencia\/","url":"https:\/\/www.oracaoefe.com\/os-beneficios-da-fe-para-o-ser-humano-comprovados-pela-ciencia\/","name":"Os benef\u00edcios da f\u00e9 para o ser humano comprovados pela ci\u00eancia - Ora\u00e7\u00e3o e F\u00e9","isPartOf":{"@id":"https:\/\/www.oracaoefe.com\/#website"},"primaryImageOfPage":{"@id":"https:\/\/www.oracaoefe.com\/os-beneficios-da-fe-para-o-ser-humano-comprovados-pela-ciencia\/#primaryimage"},"image":{"@id":"https:\/\/www.oracaoefe.com\/os-beneficios-da-fe-para-o-ser-humano-comprovados-pela-ciencia\/#primaryimage"},"thumbnailUrl":"https:\/\/www.oracaoefe.com\/wp-content\/uploads\/2022\/09\/Os-beneficios-da-fe-para-o-ser-humano-comprovados-pela-ciencia-02.jpg","datePublished":"2022-09-25T01:55:30+00:00","dateModified":"2022-09-25T19:31:14+00:00","author":{"@id":"https:\/\/www.oracaoefe.com\/#\/schema\/person\/27873f1e6043866689f5091b5139f23d"},"description":"Saber quais s\u00e3o os benef\u00edcios da f\u00e9 para o ser humano \u00e9 muito importante, pois j\u00e1 \u00e9 comprovado pela ci\u00eancia alguns benef\u00edcios que...","breadcrumb":{"@id":"https:\/\/www.oracaoefe.com\/os-beneficios-da-fe-para-o-ser-humano-comprovados-pela-ciencia\/#breadcrumb"},"inLanguage":"fr-FR","potentialAction":[{"@type":"ReadAction","target":["https:\/\/www.oracaoefe.com\/os-beneficios-da-fe-para-o-ser-humano-comprovados-pela-ciencia\/"]}]},{"@type":"ImageObject","inLanguage":"fr-FR","@id":"https:\/\/www.oracaoefe.com\/os-beneficios-da-fe-para-o-ser-humano-comprovados-pela-ciencia\/#primaryimage","url":"https:\/\/www.oracaoefe.com\/wp-content\/uploads\/2022\/09\/Os-beneficios-da-fe-para-o-ser-humano-comprovados-pela-ciencia-02.jpg","contentUrl":"https:\/\/www.oracaoefe.com\/wp-content\/uploads\/2022\/09\/Os-beneficios-da-fe-para-o-ser-humano-comprovados-pela-ciencia-02.jpg","width":1200,"height":675,"caption":"Os benef\u00edcios da f\u00e9 para o ser humano comprovados pela ci\u00eancia 02"},{"@type":"BreadcrumbList","@id":"https:\/\/www.oracaoefe.com\/os-beneficios-da-fe-para-o-ser-humano-comprovados-pela-ciencia\/#breadcrumb","itemListElement":[{"@type":"ListItem","position":1,"name":"Home","item":"https:\/\/www.oracaoefe.com\/"},{"@type":"ListItem","position":2,"name":"Fique por Dentro","item":"https:\/\/www.oracaoefe.com\/category\/fique-por-dentro\/"},{"@type":"ListItem","position":3,"name":"Os benef\u00edcios da f\u00e9 para o ser humano comprovados pela ci\u00eancia"}]},{"@type":"WebSite","@id":"https:\/\/www.oracaoefe.com\/#website","url":"https:\/\/www.oracaoefe.com\/","name":"Pri\u00e8re et foi","description":"","potentialAction":[{"@type":"SearchAction","target":{"@type":"EntryPoint","urlTemplate":"https:\/\/www.oracaoefe.com\/?s={search_term_string}"},"query-input":{"@type":"PropertyValueSpecification","valueRequired":true,"valueName":"search_term_string"}}],"inLanguage":"fr-FR"},{"@type":"Person","@id":"https:\/\/www.oracaoefe.com\/#\/schema\/person\/27873f1e6043866689f5091b5139f23d","name":"Maria","image":{"@type":"ImageObject","inLanguage":"fr-FR","@id":"https:\/\/secure.gravatar.com\/avatar\/4cac5ea56d40d599bd7348d330a83b1c84cd229296d1613cd1c7f6740561d0c9?s=96&d=mm&r=g","url":"https:\/\/secure.gravatar.com\/avatar\/4cac5ea56d40d599bd7348d330a83b1c84cd229296d1613cd1c7f6740561d0c9?s=96&d=mm&r=g","contentUrl":"https:\/\/secure.gravatar.com\/avatar\/4cac5ea56d40d599bd7348d330a83b1c84cd229296d1613cd1c7f6740561d0c9?s=96&d=mm&r=g","caption":"Maria"},"description":"Meu nome \u00e9 Maria e sou apaixonada por teologia, espiritualidade e estudos religiosos. H\u00e1 mais de 5 anos escrevo sobre o universo da f\u00e9, pesquisando diferentes religi\u00f5es, doutrinas, tradi\u00e7\u00f5es espirituais e curiosidades religiosas ao redor do mundo. Tenho grande interesse em compreender como a f\u00e9 e a religiosidade se manifestam em diferentes culturas, pa\u00edses e idiomas, sempre buscando aprender mais sobre os costumes, cren\u00e7as e hist\u00f3rias que influenciam milh\u00f5es de pessoas diariamente. Atualmente, atuo como redatora no portal Ora\u00e7\u00e3o e F\u00e9, onde compartilho conte\u00fados informativos, reflexivos e inspiradores voltados ao universo religioso e espiritual. Meu objetivo \u00e9 levar conhecimento, curiosidades e mensagens enriquecedoras para leitores que desejam aprofundar sua compreens\u00e3o sobre f\u00e9, religi\u00e3o e espiritualidade no mundo moderno.","sameAs":["https:\/\/www.oracaoefe.com"],"url":"https:\/\/www.oracaoefe.com\/fr\/author\/admin\/"}]}},"_links":{"self":[{"href":"https:\/\/www.oracaoefe.com\/fr\/wp-json\/wp\/v2\/posts\/309","targetHints":{"allow":["GET"]}}],"collection":[{"href":"https:\/\/www.oracaoefe.com\/fr\/wp-json\/wp\/v2\/posts"}],"about":[{"href":"https:\/\/www.oracaoefe.com\/fr\/wp-json\/wp\/v2\/types\/post"}],"author":[{"embeddable":true,"href":"https:\/\/www.oracaoefe.com\/fr\/wp-json\/wp\/v2\/users\/1"}],"replies":[{"embeddable":true,"href":"https:\/\/www.oracaoefe.com\/fr\/wp-json\/wp\/v2\/comments?post=309"}],"version-history":[{"count":2,"href":"https:\/\/www.oracaoefe.com\/fr\/wp-json\/wp\/v2\/posts\/309\/revisions"}],"predecessor-version":[{"id":360,"href":"https:\/\/www.oracaoefe.com\/fr\/wp-json\/wp\/v2\/posts\/309\/revisions\/360"}],"wp:featuredmedia":[{"embeddable":true,"href":"https:\/\/www.oracaoefe.com\/fr\/wp-json\/wp\/v2\/media\/358"}],"wp:attachment":[{"href":"https:\/\/www.oracaoefe.com\/fr\/wp-json\/wp\/v2\/media?parent=309"}],"wp:term":[{"taxonomy":"category","embeddable":true,"href":"https:\/\/www.oracaoefe.com\/fr\/wp-json\/wp\/v2\/categories?post=309"},{"taxonomy":"post_tag","embeddable":true,"href":"https:\/\/www.oracaoefe.com\/fr\/wp-json\/wp\/v2\/tags?post=309"}],"curies":[{"name":"wp","href":"https:\/\/api.w.org\/{rel}","templated":true}]}}