{"id":307,"date":"2022-09-24T22:53:07","date_gmt":"2022-09-25T01:53:07","guid":{"rendered":"https:\/\/www.oracaoefe.com\/?p=307"},"modified":"2022-09-25T21:52:41","modified_gmt":"2022-09-26T00:52:41","slug":"catolicismo-funeral-da-rainha-elizabeth-ii-apresentou-elementos-catolicos","status":"publish","type":"post","link":"https:\/\/www.oracaoefe.com\/fr\/catolicismo-funeral-da-rainha-elizabeth-ii-apresentou-elementos-catolicos\/","title":{"rendered":"Catholicisme : les fun\u00e9railles de la reine Elizabeth II ont comport\u00e9 des \u00e9l\u00e9ments catholiques."},"content":{"rendered":"<div class=\"wp-block-post-date\"><time datetime=\"2022-09-24T22:53:07-03:00\">24 septembre 2022<\/time><\/div>\n\n\n<p class=\"wp-block-paragraph\">Avez-vous assist\u00e9 aux fun\u00e9railles de la reine Elizabeth II ? Avez-vous remarqu\u00e9 les \u00e9l\u00e9ments catholiques qui sont apparus pendant la c\u00e9r\u00e9monie ? Si votre r\u00e9ponse \u00e9tait non, continuez \u00e0 lire, car le site Religion vous montrera quels \u00e9taient ces \u00e9l\u00e9ments. Plus de d\u00e9tails ci-dessous !<\/p>\n\n\n\n<h2 class=\"wp-block-heading\">Saiba quais elementos cat\u00f3licos apareceram no funeral da Rainha Elizabeth II<\/h2>\n\n\n\n<p class=\"wp-block-paragraph\">No dia 19 de setembro de 2022, muitas pessoas pararam para acompanhar via transmiss\u00e3o ao vivo a cerim\u00f4nia do funeral da Rainha Elizabeth II. A cerim\u00f4nia reuniu cerca de 2 mil pessoas, entre elas, monarcas e presidentes de todos os pa\u00edses.<\/p>\n\n\n\n<p class=\"wp-block-paragraph\">Mas, antes de prosseguirmos \u00e9 importante que voc\u00ea saiba que a religi\u00e3o oficial do Reino Unido \u00e9 o anglicanismo, logo era a religi\u00e3o da Rainha Elizabeth. Entretanto, existem algumas diferen\u00e7as e semelhan\u00e7as entre o catolicismo e o anglicanismo, sendo assim, entre as semelhan\u00e7as encontram-se:<\/p>\n\n\n\n<ul class=\"wp-block-list\"><li>Possuem a b\u00edblia com os dois testamentos, sendo o antigo e o novo;<\/li><li>Recitam o Credo;<\/li><li>Recitam a liturgia;<\/li><li>Usam vestimentas lit\u00fargicas durante a liturgia;<\/li><li>Possuem objetos na mesa do altar.<\/li><\/ul>\n\n\n\n<p class=\"wp-block-paragraph\">J\u00e1 as algumas das diferen\u00e7as inclui: Missais diferentes; na igreja anglicana as mulheres podem ser ordenadas; no catolicismo a um \u00fanico l\u00edder sendo o bispo em roma, j\u00e1 no anglicanismo n\u00e3o possui; a igreja anglicana n\u00e3o acredita na assun\u00e7\u00e3o de Maria m\u00e3e de Deus.<\/p>\n\n\n\n<p class=\"wp-block-paragraph\">Sendo assim, agora que voc\u00ea j\u00e1 conhece algumas das semelhan\u00e7as e diferen\u00e7as entre as igrejas, confira a seguir quais foram os elementos que apareceram no funeral da Rainha Elizabeth.&nbsp;<\/p>\n\n\n\n<h3 class=\"wp-block-heading\">Compositor cat\u00f3lico do hino<\/h3>\n\n\n\n<p class=\"wp-block-paragraph\">Um dos elementos que apareceram no funeral da rainha foi a recita\u00e7\u00e3o do hino escrito por um cat\u00f3lico, sendo o hino Who Can Separate Us? (\u201cQuem pode nos separar?\u201d), lembrando que a rainha era da religi\u00e3o anglicana. Esse hino foi escrito pelo James MacMillan, inspirado na Carta aos Romanos, sendo recitado no final do funeral.<\/p>\n\n\n\n<p class=\"wp-block-paragraph\">O compositor cat\u00f3lico se manifestou em suas redes sociais dizendo: \u201cFiquei profundamente honrado por ser convidado a escrever um novo hino para o funeral de Sua Majestade a Rainha Elizabeth II. Ela foi uma presen\u00e7a constante na minha vida e uma inspira\u00e7\u00e3o para incont\u00e1veis milh\u00f5es em todo o mundo\u201d.<\/p>\n\n\n\n<h3 class=\"wp-block-heading\">Ora\u00e7\u00e3o de um te\u00f3logo cat\u00f3lico<\/h3>\n\n\n\n<p class=\"wp-block-paragraph\">Ap\u00f3s sa\u00edrem do local em que ocorreu o funeral, a fam\u00edlia real se dirigiu \u00e0 uma capela do castelo onde rezaram uma ora\u00e7\u00e3o que foi escrita por um te\u00f3logo cat\u00f3lico, S\u00e3o John Henry Newman. Vale ressaltar que Newman era um padre anglicano que se converteu ao catolicismo&nbsp; se tornando o papa Le\u00e3o XIII.&nbsp;<\/p>\n\n\n\n<h3 class=\"wp-block-heading\">Local do funeral<\/h3>\n\n\n\n<p class=\"wp-block-paragraph\">O primeiro elemento que chamou aten\u00e7\u00e3o das pessoas foi o local, pois a Abadia de Westminster embora seja usada para cultos religiosos dos soberanos, o local j\u00e1 serviu de abrigo para padres e foi dedicada \u00e0 S\u00e3o Pedro, o primeiro bispo de Roma.&nbsp;<\/p>\n\n\n\n<h3 class=\"wp-block-heading\">Um cardeal<\/h3>\n\n\n\n<p class=\"wp-block-paragraph\">Dentro de muitos anos, em um funeral de algum rei da Inglaterra n\u00e3o se via um cardeal ou figura cat\u00f3lica durante a cerim\u00f4nia. O Cardeal Vincent Nichols, participou da cerim\u00f4nia pedindo a Deus \u201cesp\u00edrito de honra e respeito m\u00fatuo&#8221;.<\/p>\n\n\n\n<p class=\"wp-block-paragraph\">Al\u00e9m do cardeal, estava presente no funeral outras figuras cat\u00f3licas, como o arcebispo Leo Cushley de St. Andrews e Edimburgo; o Arcebispo Mark O'Toole de Cardiff; o ministro das Rela\u00e7\u00f5es Exteriores do Vaticano e o arcebispo Paul Gallagher, que estava representando o Papa Francisco.<\/p>\n\n\n\n<p class=\"wp-block-paragraph\">A participa\u00e7\u00e3o dos bispos cat\u00f3licos representou que o Rei Carlos III est\u00e1 disposto a unir todos os tipos de f\u00e9 presente em seu reino.&nbsp;<\/p>\n\n\n\n<h3 class=\"wp-block-heading\">Cat\u00f3lica que inicia as leituras<\/h3>\n\n\n\n<p class=\"wp-block-paragraph\">Por fim, logo no in\u00edcio da cerim\u00f4nia do funeral da Rainha Elizabeth II, uma cat\u00f3lica iniciou as leituras, sendo a primeira leitura do livro de Cor\u00edntios (15,55). Patricia Janet Scotland, \u00e9 secret\u00e1ria-geral do Commonwealth, ou seja, \u00e9 respons\u00e1vel pela associa\u00e7\u00e3o de col\u00f4nias, ex-col\u00f4nias e pa\u00edses com alguma liga\u00e7\u00e3o hist\u00f3rica com o Reino Unido.<\/p>\n\n\n\n<p class=\"wp-block-paragraph\">Muito querida pela rainha foi convidada para fazer parte da cerim\u00f4nia, logo ela foi escolhida por Elizabeth para assumir esse cargo no parlamento de Londres. Vale ressaltar que ela foi escolhida pela rainha para assumir o cargo na C\u00e2mara ainda no ano de 1997.<\/p>\n\n\n\n<p class=\"wp-block-paragraph\">Sendo assim, agora que voc\u00ea j\u00e1 leu esse texto, n\u00e3o resta mais d\u00favidas sobre quais foram os elementos cat\u00f3licos que apareceram no funeral da rainha Elizabeth II.&nbsp;<\/p>","protected":false},"excerpt":{"rendered":"<p>Avez-vous assist\u00e9 aux fun\u00e9railles de la reine Elizabeth II ? Avez-vous remarqu\u00e9 les \u00e9l\u00e9ments catholiques qui sont apparus pendant la c\u00e9r\u00e9monie ? Si votre r\u00e9ponse \u00e9tait non, continuez \u00e0 lire, car le site Religion vous montrera quels \u00e9taient ces \u00e9l\u00e9ments. Plus de d\u00e9tails ci-dessous !<\/p>","protected":false},"author":1,"featured_media":356,"comment_status":"open","ping_status":"closed","sticky":false,"template":"","format":"standard","meta":{"neve_meta_sidebar":"","neve_meta_container":"","neve_meta_enable_content_width":"","neve_meta_content_width":0,"neve_meta_title_alignment":"","neve_meta_author_avatar":"","neve_post_elements_order":"","neve_meta_disable_header":"","neve_meta_disable_footer":"","neve_meta_disable_title":"","footnotes":""},"categories":[4],"tags":[66,67,58],"class_list":["post-307","post","type-post","status-publish","format-standard","has-post-thumbnail","hentry","category-fique-por-dentro","tag-catolicismo","tag-catolicos","tag-rainha-elizabeth"],"yoast_head":"<!-- This site is optimized with the Yoast SEO plugin v28.4 - https:\/\/yoast.com\/product\/yoast-seo-wordpress\/ -->\n<title>Catolicismo: Funeral da Rainha Elizabeth II apresentou elementos cat\u00f3licos - Ora\u00e7\u00e3o e F\u00e9<\/title>\n<meta name=\"description\" content=\"Voc\u00ea assistiu ao funeral da Rainha Elizabeth II? Conseguiu perceber quais foram os elementos cat\u00f3licos que apareceram durante a cerim\u00f4nia?\" \/>\n<meta name=\"robots\" content=\"index, follow, max-snippet:-1, max-image-preview:large, max-video-preview:-1\" \/>\n<link rel=\"canonical\" href=\"https:\/\/www.oracaoefe.com\/fr\/catolicismo-funeral-da-rainha-elizabeth-ii-apresentou-elementos-catolicos\/\" \/>\n<meta property=\"og:locale\" content=\"fr_FR\" \/>\n<meta property=\"og:type\" content=\"article\" \/>\n<meta property=\"og:title\" content=\"Catolicismo: Funeral da Rainha Elizabeth II apresentou elementos cat\u00f3licos - Ora\u00e7\u00e3o e F\u00e9\" \/>\n<meta property=\"og:description\" content=\"Voc\u00ea assistiu ao funeral da Rainha Elizabeth II? Conseguiu perceber quais foram os elementos cat\u00f3licos que apareceram durante a cerim\u00f4nia?\" \/>\n<meta property=\"og:url\" content=\"https:\/\/www.oracaoefe.com\/fr\/catolicismo-funeral-da-rainha-elizabeth-ii-apresentou-elementos-catolicos\/\" \/>\n<meta property=\"og:site_name\" content=\"Ora\u00e7\u00e3o e F\u00e9\" \/>\n<meta property=\"article:published_time\" content=\"2022-09-25T01:53:07+00:00\" \/>\n<meta property=\"article:modified_time\" content=\"2022-09-26T00:52:41+00:00\" \/>\n<meta property=\"og:image\" content=\"https:\/\/www.oracaoefe.com\/wp-content\/uploads\/2022\/09\/Catolicismo-Funeral-da-Rainha-Elizabeth-II-apresentou-elementos-catolicos.jpg\" \/>\n\t<meta property=\"og:image:width\" content=\"1200\" \/>\n\t<meta property=\"og:image:height\" content=\"675\" \/>\n\t<meta property=\"og:image:type\" content=\"image\/jpeg\" \/>\n<meta name=\"author\" content=\"Maria\" \/>\n<meta name=\"twitter:card\" content=\"summary_large_image\" \/>\n<meta name=\"twitter:label1\" content=\"\u00c9crit par\" \/>\n\t<meta name=\"twitter:data1\" content=\"Maria\" \/>\n\t<meta name=\"twitter:label2\" content=\"Dur\u00e9e de lecture estim\u00e9e\" \/>\n\t<meta name=\"twitter:data2\" content=\"4 minutes\" \/>\n<script type=\"application\/ld+json\" class=\"yoast-schema-graph\">{\"@context\":\"https:\\\/\\\/schema.org\",\"@graph\":[{\"@type\":\"Article\",\"@id\":\"https:\\\/\\\/www.oracaoefe.com\\\/catolicismo-funeral-da-rainha-elizabeth-ii-apresentou-elementos-catolicos\\\/#article\",\"isPartOf\":{\"@id\":\"https:\\\/\\\/www.oracaoefe.com\\\/catolicismo-funeral-da-rainha-elizabeth-ii-apresentou-elementos-catolicos\\\/\"},\"author\":{\"name\":\"Maria\",\"@id\":\"https:\\\/\\\/www.oracaoefe.com\\\/#\\\/schema\\\/person\\\/27873f1e6043866689f5091b5139f23d\"},\"headline\":\"Catolicismo: Funeral da Rainha Elizabeth II apresentou elementos cat\u00f3licos\",\"datePublished\":\"2022-09-25T01:53:07+00:00\",\"dateModified\":\"2022-09-26T00:52:41+00:00\",\"mainEntityOfPage\":{\"@id\":\"https:\\\/\\\/www.oracaoefe.com\\\/catolicismo-funeral-da-rainha-elizabeth-ii-apresentou-elementos-catolicos\\\/\"},\"wordCount\":776,\"commentCount\":0,\"image\":{\"@id\":\"https:\\\/\\\/www.oracaoefe.com\\\/catolicismo-funeral-da-rainha-elizabeth-ii-apresentou-elementos-catolicos\\\/#primaryimage\"},\"thumbnailUrl\":\"https:\\\/\\\/www.oracaoefe.com\\\/wp-content\\\/uploads\\\/2022\\\/09\\\/Catolicismo-Funeral-da-Rainha-Elizabeth-II-apresentou-elementos-catolicos.jpg\",\"keywords\":[\"catolicismo\",\"catolicos\",\"Rainha Elizabeth\"],\"articleSection\":[\"Fique por Dentro\"],\"inLanguage\":\"fr-FR\",\"potentialAction\":[{\"@type\":\"CommentAction\",\"name\":\"Comment\",\"target\":[\"https:\\\/\\\/www.oracaoefe.com\\\/catolicismo-funeral-da-rainha-elizabeth-ii-apresentou-elementos-catolicos\\\/#respond\"]}]},{\"@type\":\"WebPage\",\"@id\":\"https:\\\/\\\/www.oracaoefe.com\\\/catolicismo-funeral-da-rainha-elizabeth-ii-apresentou-elementos-catolicos\\\/\",\"url\":\"https:\\\/\\\/www.oracaoefe.com\\\/catolicismo-funeral-da-rainha-elizabeth-ii-apresentou-elementos-catolicos\\\/\",\"name\":\"Catolicismo: Funeral da Rainha Elizabeth II apresentou elementos cat\u00f3licos - Ora\u00e7\u00e3o e F\u00e9\",\"isPartOf\":{\"@id\":\"https:\\\/\\\/www.oracaoefe.com\\\/#website\"},\"primaryImageOfPage\":{\"@id\":\"https:\\\/\\\/www.oracaoefe.com\\\/catolicismo-funeral-da-rainha-elizabeth-ii-apresentou-elementos-catolicos\\\/#primaryimage\"},\"image\":{\"@id\":\"https:\\\/\\\/www.oracaoefe.com\\\/catolicismo-funeral-da-rainha-elizabeth-ii-apresentou-elementos-catolicos\\\/#primaryimage\"},\"thumbnailUrl\":\"https:\\\/\\\/www.oracaoefe.com\\\/wp-content\\\/uploads\\\/2022\\\/09\\\/Catolicismo-Funeral-da-Rainha-Elizabeth-II-apresentou-elementos-catolicos.jpg\",\"datePublished\":\"2022-09-25T01:53:07+00:00\",\"dateModified\":\"2022-09-26T00:52:41+00:00\",\"author\":{\"@id\":\"https:\\\/\\\/www.oracaoefe.com\\\/#\\\/schema\\\/person\\\/27873f1e6043866689f5091b5139f23d\"},\"description\":\"Voc\u00ea assistiu ao funeral da Rainha Elizabeth II? Conseguiu perceber quais foram os elementos cat\u00f3licos que apareceram durante a cerim\u00f4nia?\",\"breadcrumb\":{\"@id\":\"https:\\\/\\\/www.oracaoefe.com\\\/catolicismo-funeral-da-rainha-elizabeth-ii-apresentou-elementos-catolicos\\\/#breadcrumb\"},\"inLanguage\":\"fr-FR\",\"potentialAction\":[{\"@type\":\"ReadAction\",\"target\":[\"https:\\\/\\\/www.oracaoefe.com\\\/catolicismo-funeral-da-rainha-elizabeth-ii-apresentou-elementos-catolicos\\\/\"]}]},{\"@type\":\"ImageObject\",\"inLanguage\":\"fr-FR\",\"@id\":\"https:\\\/\\\/www.oracaoefe.com\\\/catolicismo-funeral-da-rainha-elizabeth-ii-apresentou-elementos-catolicos\\\/#primaryimage\",\"url\":\"https:\\\/\\\/www.oracaoefe.com\\\/wp-content\\\/uploads\\\/2022\\\/09\\\/Catolicismo-Funeral-da-Rainha-Elizabeth-II-apresentou-elementos-catolicos.jpg\",\"contentUrl\":\"https:\\\/\\\/www.oracaoefe.com\\\/wp-content\\\/uploads\\\/2022\\\/09\\\/Catolicismo-Funeral-da-Rainha-Elizabeth-II-apresentou-elementos-catolicos.jpg\",\"width\":1200,\"height\":675,\"caption\":\"Catolicismo Funeral da Rainha Elizabeth II apresentou elementos cat\u00f3licos\"},{\"@type\":\"BreadcrumbList\",\"@id\":\"https:\\\/\\\/www.oracaoefe.com\\\/catolicismo-funeral-da-rainha-elizabeth-ii-apresentou-elementos-catolicos\\\/#breadcrumb\",\"itemListElement\":[{\"@type\":\"ListItem\",\"position\":1,\"name\":\"Home\",\"item\":\"https:\\\/\\\/www.oracaoefe.com\\\/\"},{\"@type\":\"ListItem\",\"position\":2,\"name\":\"Fique por Dentro\",\"item\":\"https:\\\/\\\/www.oracaoefe.com\\\/category\\\/fique-por-dentro\\\/\"},{\"@type\":\"ListItem\",\"position\":3,\"name\":\"Catolicismo: Funeral da Rainha Elizabeth II apresentou elementos cat\u00f3licos\"}]},{\"@type\":\"WebSite\",\"@id\":\"https:\\\/\\\/www.oracaoefe.com\\\/#website\",\"url\":\"https:\\\/\\\/www.oracaoefe.com\\\/\",\"name\":\"Ora\u00e7\u00e3o e F\u00e9\",\"description\":\"\",\"potentialAction\":[{\"@type\":\"SearchAction\",\"target\":{\"@type\":\"EntryPoint\",\"urlTemplate\":\"https:\\\/\\\/www.oracaoefe.com\\\/?s={search_term_string}\"},\"query-input\":{\"@type\":\"PropertyValueSpecification\",\"valueRequired\":true,\"valueName\":\"search_term_string\"}}],\"inLanguage\":\"fr-FR\"},{\"@type\":\"Person\",\"@id\":\"https:\\\/\\\/www.oracaoefe.com\\\/#\\\/schema\\\/person\\\/27873f1e6043866689f5091b5139f23d\",\"name\":\"Maria\",\"image\":{\"@type\":\"ImageObject\",\"inLanguage\":\"fr-FR\",\"@id\":\"https:\\\/\\\/secure.gravatar.com\\\/avatar\\\/4cac5ea56d40d599bd7348d330a83b1c84cd229296d1613cd1c7f6740561d0c9?s=96&d=mm&r=g\",\"url\":\"https:\\\/\\\/secure.gravatar.com\\\/avatar\\\/4cac5ea56d40d599bd7348d330a83b1c84cd229296d1613cd1c7f6740561d0c9?s=96&d=mm&r=g\",\"contentUrl\":\"https:\\\/\\\/secure.gravatar.com\\\/avatar\\\/4cac5ea56d40d599bd7348d330a83b1c84cd229296d1613cd1c7f6740561d0c9?s=96&d=mm&r=g\",\"caption\":\"Maria\"},\"description\":\"Meu nome \u00e9 Maria e sou apaixonada por teologia, espiritualidade e estudos religiosos. H\u00e1 mais de 5 anos escrevo sobre o universo da f\u00e9, pesquisando diferentes religi\u00f5es, doutrinas, tradi\u00e7\u00f5es espirituais e curiosidades religiosas ao redor do mundo. Tenho grande interesse em compreender como a f\u00e9 e a religiosidade se manifestam em diferentes culturas, pa\u00edses e idiomas, sempre buscando aprender mais sobre os costumes, cren\u00e7as e hist\u00f3rias que influenciam milh\u00f5es de pessoas diariamente. Atualmente, atuo como redatora no portal Ora\u00e7\u00e3o e F\u00e9, onde compartilho conte\u00fados informativos, reflexivos e inspiradores voltados ao universo religioso e espiritual. Meu objetivo \u00e9 levar conhecimento, curiosidades e mensagens enriquecedoras para leitores que desejam aprofundar sua compreens\u00e3o sobre f\u00e9, religi\u00e3o e espiritualidade no mundo moderno.\",\"sameAs\":[\"https:\\\/\\\/www.oracaoefe.com\"],\"url\":\"https:\\\/\\\/www.oracaoefe.com\\\/fr\\\/author\\\/admin\\\/\"}]}<\/script>\n<!-- \/ Yoast SEO plugin. -->","yoast_head_json":{"title":"Catolicismo: Funeral da Rainha Elizabeth II apresentou elementos cat\u00f3licos - Ora\u00e7\u00e3o e F\u00e9","description":"Voc\u00ea assistiu ao funeral da Rainha Elizabeth II? Conseguiu perceber quais foram os elementos cat\u00f3licos que apareceram durante a cerim\u00f4nia?","robots":{"index":"index","follow":"follow","max-snippet":"max-snippet:-1","max-image-preview":"max-image-preview:large","max-video-preview":"max-video-preview:-1"},"canonical":"https:\/\/www.oracaoefe.com\/fr\/catolicismo-funeral-da-rainha-elizabeth-ii-apresentou-elementos-catolicos\/","og_locale":"fr_FR","og_type":"article","og_title":"Catolicismo: Funeral da Rainha Elizabeth II apresentou elementos cat\u00f3licos - Ora\u00e7\u00e3o e F\u00e9","og_description":"Voc\u00ea assistiu ao funeral da Rainha Elizabeth II? Conseguiu perceber quais foram os elementos cat\u00f3licos que apareceram durante a cerim\u00f4nia?","og_url":"https:\/\/www.oracaoefe.com\/fr\/catolicismo-funeral-da-rainha-elizabeth-ii-apresentou-elementos-catolicos\/","og_site_name":"Ora\u00e7\u00e3o e F\u00e9","article_published_time":"2022-09-25T01:53:07+00:00","article_modified_time":"2022-09-26T00:52:41+00:00","og_image":[{"width":1200,"height":675,"url":"https:\/\/www.oracaoefe.com\/wp-content\/uploads\/2022\/09\/Catolicismo-Funeral-da-Rainha-Elizabeth-II-apresentou-elementos-catolicos.jpg","type":"image\/jpeg"}],"author":"Maria","twitter_card":"summary_large_image","twitter_misc":{"\u00c9crit par":"Maria","Dur\u00e9e de lecture estim\u00e9e":"4 minutes"},"schema":{"@context":"https:\/\/schema.org","@graph":[{"@type":"Article","@id":"https:\/\/www.oracaoefe.com\/catolicismo-funeral-da-rainha-elizabeth-ii-apresentou-elementos-catolicos\/#article","isPartOf":{"@id":"https:\/\/www.oracaoefe.com\/catolicismo-funeral-da-rainha-elizabeth-ii-apresentou-elementos-catolicos\/"},"author":{"name":"Maria","@id":"https:\/\/www.oracaoefe.com\/#\/schema\/person\/27873f1e6043866689f5091b5139f23d"},"headline":"Catolicismo: Funeral da Rainha Elizabeth II apresentou elementos cat\u00f3licos","datePublished":"2022-09-25T01:53:07+00:00","dateModified":"2022-09-26T00:52:41+00:00","mainEntityOfPage":{"@id":"https:\/\/www.oracaoefe.com\/catolicismo-funeral-da-rainha-elizabeth-ii-apresentou-elementos-catolicos\/"},"wordCount":776,"commentCount":0,"image":{"@id":"https:\/\/www.oracaoefe.com\/catolicismo-funeral-da-rainha-elizabeth-ii-apresentou-elementos-catolicos\/#primaryimage"},"thumbnailUrl":"https:\/\/www.oracaoefe.com\/wp-content\/uploads\/2022\/09\/Catolicismo-Funeral-da-Rainha-Elizabeth-II-apresentou-elementos-catolicos.jpg","keywords":["catolicismo","catolicos","Rainha Elizabeth"],"articleSection":["Fique por Dentro"],"inLanguage":"fr-FR","potentialAction":[{"@type":"CommentAction","name":"Comment","target":["https:\/\/www.oracaoefe.com\/catolicismo-funeral-da-rainha-elizabeth-ii-apresentou-elementos-catolicos\/#respond"]}]},{"@type":"WebPage","@id":"https:\/\/www.oracaoefe.com\/catolicismo-funeral-da-rainha-elizabeth-ii-apresentou-elementos-catolicos\/","url":"https:\/\/www.oracaoefe.com\/catolicismo-funeral-da-rainha-elizabeth-ii-apresentou-elementos-catolicos\/","name":"Catolicismo: Funeral da Rainha Elizabeth II apresentou elementos cat\u00f3licos - Ora\u00e7\u00e3o e F\u00e9","isPartOf":{"@id":"https:\/\/www.oracaoefe.com\/#website"},"primaryImageOfPage":{"@id":"https:\/\/www.oracaoefe.com\/catolicismo-funeral-da-rainha-elizabeth-ii-apresentou-elementos-catolicos\/#primaryimage"},"image":{"@id":"https:\/\/www.oracaoefe.com\/catolicismo-funeral-da-rainha-elizabeth-ii-apresentou-elementos-catolicos\/#primaryimage"},"thumbnailUrl":"https:\/\/www.oracaoefe.com\/wp-content\/uploads\/2022\/09\/Catolicismo-Funeral-da-Rainha-Elizabeth-II-apresentou-elementos-catolicos.jpg","datePublished":"2022-09-25T01:53:07+00:00","dateModified":"2022-09-26T00:52:41+00:00","author":{"@id":"https:\/\/www.oracaoefe.com\/#\/schema\/person\/27873f1e6043866689f5091b5139f23d"},"description":"Voc\u00ea assistiu ao funeral da Rainha Elizabeth II? Conseguiu perceber quais foram os elementos cat\u00f3licos que apareceram durante a cerim\u00f4nia?","breadcrumb":{"@id":"https:\/\/www.oracaoefe.com\/catolicismo-funeral-da-rainha-elizabeth-ii-apresentou-elementos-catolicos\/#breadcrumb"},"inLanguage":"fr-FR","potentialAction":[{"@type":"ReadAction","target":["https:\/\/www.oracaoefe.com\/catolicismo-funeral-da-rainha-elizabeth-ii-apresentou-elementos-catolicos\/"]}]},{"@type":"ImageObject","inLanguage":"fr-FR","@id":"https:\/\/www.oracaoefe.com\/catolicismo-funeral-da-rainha-elizabeth-ii-apresentou-elementos-catolicos\/#primaryimage","url":"https:\/\/www.oracaoefe.com\/wp-content\/uploads\/2022\/09\/Catolicismo-Funeral-da-Rainha-Elizabeth-II-apresentou-elementos-catolicos.jpg","contentUrl":"https:\/\/www.oracaoefe.com\/wp-content\/uploads\/2022\/09\/Catolicismo-Funeral-da-Rainha-Elizabeth-II-apresentou-elementos-catolicos.jpg","width":1200,"height":675,"caption":"Catolicismo Funeral da Rainha Elizabeth II apresentou elementos cat\u00f3licos"},{"@type":"BreadcrumbList","@id":"https:\/\/www.oracaoefe.com\/catolicismo-funeral-da-rainha-elizabeth-ii-apresentou-elementos-catolicos\/#breadcrumb","itemListElement":[{"@type":"ListItem","position":1,"name":"Home","item":"https:\/\/www.oracaoefe.com\/"},{"@type":"ListItem","position":2,"name":"Fique por Dentro","item":"https:\/\/www.oracaoefe.com\/category\/fique-por-dentro\/"},{"@type":"ListItem","position":3,"name":"Catolicismo: Funeral da Rainha Elizabeth II apresentou elementos cat\u00f3licos"}]},{"@type":"WebSite","@id":"https:\/\/www.oracaoefe.com\/#website","url":"https:\/\/www.oracaoefe.com\/","name":"Pri\u00e8re et foi","description":"","potentialAction":[{"@type":"SearchAction","target":{"@type":"EntryPoint","urlTemplate":"https:\/\/www.oracaoefe.com\/?s={search_term_string}"},"query-input":{"@type":"PropertyValueSpecification","valueRequired":true,"valueName":"search_term_string"}}],"inLanguage":"fr-FR"},{"@type":"Person","@id":"https:\/\/www.oracaoefe.com\/#\/schema\/person\/27873f1e6043866689f5091b5139f23d","name":"Maria","image":{"@type":"ImageObject","inLanguage":"fr-FR","@id":"https:\/\/secure.gravatar.com\/avatar\/4cac5ea56d40d599bd7348d330a83b1c84cd229296d1613cd1c7f6740561d0c9?s=96&d=mm&r=g","url":"https:\/\/secure.gravatar.com\/avatar\/4cac5ea56d40d599bd7348d330a83b1c84cd229296d1613cd1c7f6740561d0c9?s=96&d=mm&r=g","contentUrl":"https:\/\/secure.gravatar.com\/avatar\/4cac5ea56d40d599bd7348d330a83b1c84cd229296d1613cd1c7f6740561d0c9?s=96&d=mm&r=g","caption":"Maria"},"description":"Meu nome \u00e9 Maria e sou apaixonada por teologia, espiritualidade e estudos religiosos. H\u00e1 mais de 5 anos escrevo sobre o universo da f\u00e9, pesquisando diferentes religi\u00f5es, doutrinas, tradi\u00e7\u00f5es espirituais e curiosidades religiosas ao redor do mundo. Tenho grande interesse em compreender como a f\u00e9 e a religiosidade se manifestam em diferentes culturas, pa\u00edses e idiomas, sempre buscando aprender mais sobre os costumes, cren\u00e7as e hist\u00f3rias que influenciam milh\u00f5es de pessoas diariamente. Atualmente, atuo como redatora no portal Ora\u00e7\u00e3o e F\u00e9, onde compartilho conte\u00fados informativos, reflexivos e inspiradores voltados ao universo religioso e espiritual. Meu objetivo \u00e9 levar conhecimento, curiosidades e mensagens enriquecedoras para leitores que desejam aprofundar sua compreens\u00e3o sobre f\u00e9, religi\u00e3o e espiritualidade no mundo moderno.","sameAs":["https:\/\/www.oracaoefe.com"],"url":"https:\/\/www.oracaoefe.com\/fr\/author\/admin\/"}]}},"_links":{"self":[{"href":"https:\/\/www.oracaoefe.com\/fr\/wp-json\/wp\/v2\/posts\/307","targetHints":{"allow":["GET"]}}],"collection":[{"href":"https:\/\/www.oracaoefe.com\/fr\/wp-json\/wp\/v2\/posts"}],"about":[{"href":"https:\/\/www.oracaoefe.com\/fr\/wp-json\/wp\/v2\/types\/post"}],"author":[{"embeddable":true,"href":"https:\/\/www.oracaoefe.com\/fr\/wp-json\/wp\/v2\/users\/1"}],"replies":[{"embeddable":true,"href":"https:\/\/www.oracaoefe.com\/fr\/wp-json\/wp\/v2\/comments?post=307"}],"version-history":[{"count":3,"href":"https:\/\/www.oracaoefe.com\/fr\/wp-json\/wp\/v2\/posts\/307\/revisions"}],"predecessor-version":[{"id":437,"href":"https:\/\/www.oracaoefe.com\/fr\/wp-json\/wp\/v2\/posts\/307\/revisions\/437"}],"wp:featuredmedia":[{"embeddable":true,"href":"https:\/\/www.oracaoefe.com\/fr\/wp-json\/wp\/v2\/media\/356"}],"wp:attachment":[{"href":"https:\/\/www.oracaoefe.com\/fr\/wp-json\/wp\/v2\/media?parent=307"}],"wp:term":[{"taxonomy":"category","embeddable":true,"href":"https:\/\/www.oracaoefe.com\/fr\/wp-json\/wp\/v2\/categories?post=307"},{"taxonomy":"post_tag","embeddable":true,"href":"https:\/\/www.oracaoefe.com\/fr\/wp-json\/wp\/v2\/tags?post=307"}],"curies":[{"name":"wp","href":"https:\/\/api.w.org\/{rel}","templated":true}]}}