{"id":303,"date":"2022-09-24T22:46:16","date_gmt":"2022-09-25T01:46:16","guid":{"rendered":"https:\/\/www.oracaoefe.com\/?p=303"},"modified":"2022-09-25T16:28:20","modified_gmt":"2022-09-25T19:28:20","slug":"por-que-a-fe-e-um-olhar-que-se-enxerga-ao-longe","status":"publish","type":"post","link":"https:\/\/www.oracaoefe.com\/fr\/por-que-a-fe-e-um-olhar-que-se-enxerga-ao-longe\/","title":{"rendered":"Pourquoi la foi est-elle un regard que l'on peut voir de loin ?"},"content":{"rendered":"<div class=\"wp-block-post-date\"><time datetime=\"2022-09-24T22:46:16-03:00\">24 septembre 2022<\/time><\/div>\n\n\n<p class=\"wp-block-paragraph\">Notre relation avec le religieux, c'est d'abord la parole. C'est avant tout entendre une voix qui vient d'ailleurs, c'est croire \u00e0 l'invisible. Nos temples disent et montrent, l\u00e0 o\u00f9 souvent rien n'accroche le regard, quitte \u00e0 banaliser l'espace sans craindre la laideur.&nbsp;<\/p>\n\n\n\n<p class=\"wp-block-paragraph\">Mas a f\u00e9 recebida como palavra \u00e9 experimentada como um olhar, um olhar alargado pelo amor, distorcido pela esperan\u00e7a, iluminado pela gra\u00e7a. Esse olhar abre brechas no poss\u00edvel, derruba os muros da evid\u00eancia, do realismo, da racionalidade. Ele v\u00ea o mundo em movimento, os homens em forma\u00e7\u00e3o.&nbsp;<\/p>\n\n\n\n<p class=\"wp-block-paragraph\">A nossa felicidade, a nossa infelicidade, o nosso medo ou a nossa esperan\u00e7a dependem do olhar, tanto nosso como dos outros. A f\u00e9 \u00e9 um olhar que vai longe, que vem de longe e que v\u00ea largo.<\/p>\n\n\n\n<h2 class=\"wp-block-heading\">Um olhar que vai longe<\/h2>\n\n\n\n<p class=\"wp-block-paragraph\">S\u00e3o os olhos dos outros que nos fazem viver. Se eles nos ignorarem ou nos congelarem, estaremos mortos. Se julgam, se dividem em categorias, fun\u00e7\u00f5es, pap\u00e9is, filia\u00e7\u00f5es sociais, religiosas, \u00e9tnicas, pol\u00edticas ou outras, matam a vida. Aqui somos rotulados, definidos. Mas o olhar de Deus sobre n\u00f3s \u00e9 infinito.&nbsp;<\/p>\n\n\n\n<p class=\"wp-block-paragraph\">Esmaga tudo o que classifica e fecha. Ele v\u00ea humanos marchando em dire\u00e7\u00e3o a algo que talvez eles n\u00e3o saibam, o que eles aspiram sem realmente saber. Por tr\u00e1s das apar\u00eancias fechadas, esse olhar v\u00ea o homem inacabado, tornando-se como uma crian\u00e7a. Ele percebe, por tr\u00e1s das mais duras fachadas, rachaduras e feridas, uma expectativa secreta, um chamado para o que ainda est\u00e1 por nascer.&nbsp;<\/p>\n\n\n\n<p class=\"wp-block-paragraph\">Esse olhar v\u00ea o mundo em movimento, humanos a caminho de outro lugar. \u00c9 esse olhar de Deus que a f\u00e9 abre, um olhar energizante, criador de um futuro onde tudo ainda \u00e9 poss\u00edvel. \u00c9 a este olhar que devemos tentar aderir e viver.&nbsp;<\/p>\n\n\n\n<p class=\"wp-block-paragraph\">Mas esse olhar que vai longe j\u00e1 se encontra na beleza, na maravilha, na profundidade de sentido das pequenas coisas quando voc\u00ea as olha de verdade: uma folha de grama, um punhado de areia, uma nuvem, um raio de sol sobre o vidro, folhagem leve dan\u00e7ando na brisa, um gesto infantil, um sorriso que se ilumina.&nbsp;<\/p>\n\n\n\n<p class=\"wp-block-paragraph\">Acredito verdadeiramente que a beleza \u00e9 o olhar de Deus, que nos mostra o seu sonho n\u00e3o realizado, o verdadeiro desejo profundo e sempre renovado da terra e daqueles que a habitam.&nbsp;<\/p>\n\n\n\n<p class=\"wp-block-paragraph\">J\u00e1 podemos encontr\u00e1-lo na beleza, na maravilha, na profundidade do significado das menores coisas quando realmente as olhamos: uma folha de grama, um punhado de areia, uma nuvem, um raio de sol na janela, uma folha luz dan\u00e7ando na brisa, gesto de crian\u00e7a, sorriso que ilumina.&nbsp;<\/p>\n\n\n\n<p class=\"wp-block-paragraph\">Acredito verdadeiramente que a beleza \u00e9 o olhar de Deus, que nos mostra o seu sonho n\u00e3o realizado, o verdadeiro desejo profundo e sempre renovado da terra e daqueles que a habitam. j\u00e1 podemos encontr\u00e1-lo na beleza, na maravilha, na profundidade do significado das menores coisas quando realmente as olhamos: uma folha de grama, um punhado de areia, uma nuvem, um raio de sol na janela, uma folha luz dan\u00e7ando na brisa, gesto de crian\u00e7a, sorriso que ilumina.<\/p>\n\n\n\n<h3 class=\"wp-block-heading\">A vis\u00e3o que nos leva ao infinito<\/h3>\n\n\n\n<p class=\"wp-block-paragraph\">Hoje tudo nos encoraja a ver apenas a superf\u00edcie das coisas. Estamos \u201cfechados\u201d, trancados fora de n\u00f3s mesmos. Solicita\u00e7\u00f5es m\u00faltiplas e permanentes, visuais e sonoras, nos cont\u00eam fora de n\u00f3s mesmos, privando-nos do tempo, do espa\u00e7o e do desejo de qualquer interioridade, de qualquer recolhimento em n\u00f3s mesmos.&nbsp;<\/p>\n\n\n\n<p class=\"wp-block-paragraph\">E por falta de perspectiva, de impulso interior, nosso olhar \u00e9 direcionado, orientado, seletivo e limitado pelo que nos cerca e nos condiciona.<\/p>\n\n\n\n<p class=\"wp-block-paragraph\">No extremo, quando tudo \u00e9 simplificado e caricaturado, deixa de haver um olhar pessoal, e os outros tamb\u00e9m deixam de ser gente, de nada mais que pe\u00f5es num jogo mortal, brancos e brancos, negros, aliados e advers\u00e1rios. Apar\u00eancias partid\u00e1rias, racistas, putinianas.<\/p>\n\n\n\n<p class=\"wp-block-paragraph\">Paradoxalmente, \u00e9 o olhar interior que revela o v\u00ednculo profundo que nos une aos outros, \u00e0 terra, a todos os seus habitantes. Ele v\u00ea al\u00e9m da apar\u00eancia, do que a evid\u00eancia e se torna um criador de vida. \u00c9 l\u00e1 no fundo de si mesmo que se junta o olhar de Deus, e que assim se pode ver Deus no olhar dos outros, ver cada um ao mesmo tempo \u00fanico e diferente.<\/p>\n\n\n\n<p class=\"wp-block-paragraph\">Este olhar permite tamb\u00e9m prestar aten\u00e7\u00e3o a quem ningu\u00e9m olha, a quem os infort\u00fanios, os fracassos da vida isolaram dos outros, a quem a sua diferen\u00e7a ou a sua fraqueza enfraquece ou marginaliza.<\/p>","protected":false},"excerpt":{"rendered":"<p>Notre relation avec le religieux, c'est d'abord la parole. C'est avant tout entendre une voix qui vient d'ailleurs, c'est croire \u00e0 l'invisible. Nos temples disent et montrent, l\u00e0 o\u00f9 souvent rien n'accroche le regard, quitte \u00e0 banaliser l'espace sans craindre la laideur.\u00a0<\/p>","protected":false},"author":1,"featured_media":349,"comment_status":"open","ping_status":"closed","sticky":false,"template":"","format":"standard","meta":{"neve_meta_sidebar":"","neve_meta_container":"","neve_meta_enable_content_width":"","neve_meta_content_width":0,"neve_meta_title_alignment":"","neve_meta_author_avatar":"","neve_post_elements_order":"","neve_meta_disable_header":"","neve_meta_disable_footer":"","neve_meta_disable_title":"","footnotes":""},"categories":[4],"tags":[20,29],"class_list":["post-303","post","type-post","status-publish","format-standard","has-post-thumbnail","hentry","category-fique-por-dentro","tag-deus","tag-fe"],"yoast_head":"<!-- This site is optimized with the Yoast SEO plugin v28.4 - https:\/\/yoast.com\/product\/yoast-seo-wordpress\/ -->\n<title>Por que a f\u00e9 \u00e9 um olhar que se enxerga ao longe? - Ora\u00e7\u00e3o e F\u00e9<\/title>\n<meta name=\"description\" content=\"Nossa rela\u00e7\u00e3o com o religioso \u00e9 antes de tudo a palavra. \u00c9 antes de tudo ouvir uma voz que vem de outro lugar, \u00e9 acreditar no invis\u00edvel...\" \/>\n<meta name=\"robots\" content=\"index, follow, max-snippet:-1, max-image-preview:large, max-video-preview:-1\" \/>\n<link rel=\"canonical\" href=\"https:\/\/www.oracaoefe.com\/fr\/por-que-a-fe-e-um-olhar-que-se-enxerga-ao-longe\/\" \/>\n<meta property=\"og:locale\" content=\"fr_FR\" \/>\n<meta property=\"og:type\" content=\"article\" \/>\n<meta property=\"og:title\" content=\"Por que a f\u00e9 \u00e9 um olhar que se enxerga ao longe? - Ora\u00e7\u00e3o e F\u00e9\" \/>\n<meta property=\"og:description\" content=\"Nossa rela\u00e7\u00e3o com o religioso \u00e9 antes de tudo a palavra. \u00c9 antes de tudo ouvir uma voz que vem de outro lugar, \u00e9 acreditar no invis\u00edvel...\" \/>\n<meta property=\"og:url\" content=\"https:\/\/www.oracaoefe.com\/fr\/por-que-a-fe-e-um-olhar-que-se-enxerga-ao-longe\/\" \/>\n<meta property=\"og:site_name\" content=\"Ora\u00e7\u00e3o e F\u00e9\" \/>\n<meta property=\"article:published_time\" content=\"2022-09-25T01:46:16+00:00\" \/>\n<meta property=\"article:modified_time\" content=\"2022-09-25T19:28:20+00:00\" \/>\n<meta property=\"og:image\" content=\"https:\/\/www.oracaoefe.com\/wp-content\/uploads\/2022\/09\/Por-que-a-fe-e-um-olhar-que-se-enxerga-ao-longe.jpg\" \/>\n\t<meta property=\"og:image:width\" content=\"1200\" \/>\n\t<meta property=\"og:image:height\" content=\"675\" \/>\n\t<meta property=\"og:image:type\" content=\"image\/jpeg\" \/>\n<meta name=\"author\" content=\"Maria\" \/>\n<meta name=\"twitter:card\" content=\"summary_large_image\" \/>\n<meta name=\"twitter:label1\" content=\"\u00c9crit par\" \/>\n\t<meta name=\"twitter:data1\" content=\"Maria\" \/>\n\t<meta name=\"twitter:label2\" content=\"Dur\u00e9e de lecture estim\u00e9e\" \/>\n\t<meta name=\"twitter:data2\" content=\"4 minutes\" \/>\n<script type=\"application\/ld+json\" class=\"yoast-schema-graph\">{\"@context\":\"https:\\\/\\\/schema.org\",\"@graph\":[{\"@type\":\"Article\",\"@id\":\"https:\\\/\\\/www.oracaoefe.com\\\/por-que-a-fe-e-um-olhar-que-se-enxerga-ao-longe\\\/#article\",\"isPartOf\":{\"@id\":\"https:\\\/\\\/www.oracaoefe.com\\\/por-que-a-fe-e-um-olhar-que-se-enxerga-ao-longe\\\/\"},\"author\":{\"name\":\"Maria\",\"@id\":\"https:\\\/\\\/www.oracaoefe.com\\\/#\\\/schema\\\/person\\\/27873f1e6043866689f5091b5139f23d\"},\"headline\":\"Por que a f\u00e9 \u00e9 um olhar que se enxerga ao longe?\",\"datePublished\":\"2022-09-25T01:46:16+00:00\",\"dateModified\":\"2022-09-25T19:28:20+00:00\",\"mainEntityOfPage\":{\"@id\":\"https:\\\/\\\/www.oracaoefe.com\\\/por-que-a-fe-e-um-olhar-que-se-enxerga-ao-longe\\\/\"},\"wordCount\":792,\"commentCount\":0,\"image\":{\"@id\":\"https:\\\/\\\/www.oracaoefe.com\\\/por-que-a-fe-e-um-olhar-que-se-enxerga-ao-longe\\\/#primaryimage\"},\"thumbnailUrl\":\"https:\\\/\\\/www.oracaoefe.com\\\/wp-content\\\/uploads\\\/2022\\\/09\\\/Por-que-a-fe-e-um-olhar-que-se-enxerga-ao-longe.jpg\",\"keywords\":[\"Deus\",\"fe\"],\"articleSection\":[\"Fique por Dentro\"],\"inLanguage\":\"fr-FR\",\"potentialAction\":[{\"@type\":\"CommentAction\",\"name\":\"Comment\",\"target\":[\"https:\\\/\\\/www.oracaoefe.com\\\/por-que-a-fe-e-um-olhar-que-se-enxerga-ao-longe\\\/#respond\"]}]},{\"@type\":\"WebPage\",\"@id\":\"https:\\\/\\\/www.oracaoefe.com\\\/por-que-a-fe-e-um-olhar-que-se-enxerga-ao-longe\\\/\",\"url\":\"https:\\\/\\\/www.oracaoefe.com\\\/por-que-a-fe-e-um-olhar-que-se-enxerga-ao-longe\\\/\",\"name\":\"Por que a f\u00e9 \u00e9 um olhar que se enxerga ao longe? - Ora\u00e7\u00e3o e F\u00e9\",\"isPartOf\":{\"@id\":\"https:\\\/\\\/www.oracaoefe.com\\\/#website\"},\"primaryImageOfPage\":{\"@id\":\"https:\\\/\\\/www.oracaoefe.com\\\/por-que-a-fe-e-um-olhar-que-se-enxerga-ao-longe\\\/#primaryimage\"},\"image\":{\"@id\":\"https:\\\/\\\/www.oracaoefe.com\\\/por-que-a-fe-e-um-olhar-que-se-enxerga-ao-longe\\\/#primaryimage\"},\"thumbnailUrl\":\"https:\\\/\\\/www.oracaoefe.com\\\/wp-content\\\/uploads\\\/2022\\\/09\\\/Por-que-a-fe-e-um-olhar-que-se-enxerga-ao-longe.jpg\",\"datePublished\":\"2022-09-25T01:46:16+00:00\",\"dateModified\":\"2022-09-25T19:28:20+00:00\",\"author\":{\"@id\":\"https:\\\/\\\/www.oracaoefe.com\\\/#\\\/schema\\\/person\\\/27873f1e6043866689f5091b5139f23d\"},\"description\":\"Nossa rela\u00e7\u00e3o com o religioso \u00e9 antes de tudo a palavra. \u00c9 antes de tudo ouvir uma voz que vem de outro lugar, \u00e9 acreditar no invis\u00edvel...\",\"breadcrumb\":{\"@id\":\"https:\\\/\\\/www.oracaoefe.com\\\/por-que-a-fe-e-um-olhar-que-se-enxerga-ao-longe\\\/#breadcrumb\"},\"inLanguage\":\"fr-FR\",\"potentialAction\":[{\"@type\":\"ReadAction\",\"target\":[\"https:\\\/\\\/www.oracaoefe.com\\\/por-que-a-fe-e-um-olhar-que-se-enxerga-ao-longe\\\/\"]}]},{\"@type\":\"ImageObject\",\"inLanguage\":\"fr-FR\",\"@id\":\"https:\\\/\\\/www.oracaoefe.com\\\/por-que-a-fe-e-um-olhar-que-se-enxerga-ao-longe\\\/#primaryimage\",\"url\":\"https:\\\/\\\/www.oracaoefe.com\\\/wp-content\\\/uploads\\\/2022\\\/09\\\/Por-que-a-fe-e-um-olhar-que-se-enxerga-ao-longe.jpg\",\"contentUrl\":\"https:\\\/\\\/www.oracaoefe.com\\\/wp-content\\\/uploads\\\/2022\\\/09\\\/Por-que-a-fe-e-um-olhar-que-se-enxerga-ao-longe.jpg\",\"width\":1200,\"height\":675,\"caption\":\"Por que a f\u00e9 \u00e9 um olhar que se enxerga ao longe\"},{\"@type\":\"BreadcrumbList\",\"@id\":\"https:\\\/\\\/www.oracaoefe.com\\\/por-que-a-fe-e-um-olhar-que-se-enxerga-ao-longe\\\/#breadcrumb\",\"itemListElement\":[{\"@type\":\"ListItem\",\"position\":1,\"name\":\"Home\",\"item\":\"https:\\\/\\\/www.oracaoefe.com\\\/\"},{\"@type\":\"ListItem\",\"position\":2,\"name\":\"Fique por Dentro\",\"item\":\"https:\\\/\\\/www.oracaoefe.com\\\/category\\\/fique-por-dentro\\\/\"},{\"@type\":\"ListItem\",\"position\":3,\"name\":\"Por que a f\u00e9 \u00e9 um olhar que se enxerga ao longe?\"}]},{\"@type\":\"WebSite\",\"@id\":\"https:\\\/\\\/www.oracaoefe.com\\\/#website\",\"url\":\"https:\\\/\\\/www.oracaoefe.com\\\/\",\"name\":\"Ora\u00e7\u00e3o e F\u00e9\",\"description\":\"\",\"potentialAction\":[{\"@type\":\"SearchAction\",\"target\":{\"@type\":\"EntryPoint\",\"urlTemplate\":\"https:\\\/\\\/www.oracaoefe.com\\\/?s={search_term_string}\"},\"query-input\":{\"@type\":\"PropertyValueSpecification\",\"valueRequired\":true,\"valueName\":\"search_term_string\"}}],\"inLanguage\":\"fr-FR\"},{\"@type\":\"Person\",\"@id\":\"https:\\\/\\\/www.oracaoefe.com\\\/#\\\/schema\\\/person\\\/27873f1e6043866689f5091b5139f23d\",\"name\":\"Maria\",\"image\":{\"@type\":\"ImageObject\",\"inLanguage\":\"fr-FR\",\"@id\":\"https:\\\/\\\/secure.gravatar.com\\\/avatar\\\/4cac5ea56d40d599bd7348d330a83b1c84cd229296d1613cd1c7f6740561d0c9?s=96&d=mm&r=g\",\"url\":\"https:\\\/\\\/secure.gravatar.com\\\/avatar\\\/4cac5ea56d40d599bd7348d330a83b1c84cd229296d1613cd1c7f6740561d0c9?s=96&d=mm&r=g\",\"contentUrl\":\"https:\\\/\\\/secure.gravatar.com\\\/avatar\\\/4cac5ea56d40d599bd7348d330a83b1c84cd229296d1613cd1c7f6740561d0c9?s=96&d=mm&r=g\",\"caption\":\"Maria\"},\"description\":\"Meu nome \u00e9 Maria e sou apaixonada por teologia, espiritualidade e estudos religiosos. H\u00e1 mais de 5 anos escrevo sobre o universo da f\u00e9, pesquisando diferentes religi\u00f5es, doutrinas, tradi\u00e7\u00f5es espirituais e curiosidades religiosas ao redor do mundo. Tenho grande interesse em compreender como a f\u00e9 e a religiosidade se manifestam em diferentes culturas, pa\u00edses e idiomas, sempre buscando aprender mais sobre os costumes, cren\u00e7as e hist\u00f3rias que influenciam milh\u00f5es de pessoas diariamente. Atualmente, atuo como redatora no portal Ora\u00e7\u00e3o e F\u00e9, onde compartilho conte\u00fados informativos, reflexivos e inspiradores voltados ao universo religioso e espiritual. Meu objetivo \u00e9 levar conhecimento, curiosidades e mensagens enriquecedoras para leitores que desejam aprofundar sua compreens\u00e3o sobre f\u00e9, religi\u00e3o e espiritualidade no mundo moderno.\",\"sameAs\":[\"https:\\\/\\\/www.oracaoefe.com\"],\"url\":\"https:\\\/\\\/www.oracaoefe.com\\\/fr\\\/author\\\/admin\\\/\"}]}<\/script>\n<!-- \/ Yoast SEO plugin. -->","yoast_head_json":{"title":"Por que a f\u00e9 \u00e9 um olhar que se enxerga ao longe? - Ora\u00e7\u00e3o e F\u00e9","description":"Nossa rela\u00e7\u00e3o com o religioso \u00e9 antes de tudo a palavra. \u00c9 antes de tudo ouvir uma voz que vem de outro lugar, \u00e9 acreditar no invis\u00edvel...","robots":{"index":"index","follow":"follow","max-snippet":"max-snippet:-1","max-image-preview":"max-image-preview:large","max-video-preview":"max-video-preview:-1"},"canonical":"https:\/\/www.oracaoefe.com\/fr\/por-que-a-fe-e-um-olhar-que-se-enxerga-ao-longe\/","og_locale":"fr_FR","og_type":"article","og_title":"Por que a f\u00e9 \u00e9 um olhar que se enxerga ao longe? - Ora\u00e7\u00e3o e F\u00e9","og_description":"Nossa rela\u00e7\u00e3o com o religioso \u00e9 antes de tudo a palavra. \u00c9 antes de tudo ouvir uma voz que vem de outro lugar, \u00e9 acreditar no invis\u00edvel...","og_url":"https:\/\/www.oracaoefe.com\/fr\/por-que-a-fe-e-um-olhar-que-se-enxerga-ao-longe\/","og_site_name":"Ora\u00e7\u00e3o e F\u00e9","article_published_time":"2022-09-25T01:46:16+00:00","article_modified_time":"2022-09-25T19:28:20+00:00","og_image":[{"width":1200,"height":675,"url":"https:\/\/www.oracaoefe.com\/wp-content\/uploads\/2022\/09\/Por-que-a-fe-e-um-olhar-que-se-enxerga-ao-longe.jpg","type":"image\/jpeg"}],"author":"Maria","twitter_card":"summary_large_image","twitter_misc":{"\u00c9crit par":"Maria","Dur\u00e9e de lecture estim\u00e9e":"4 minutes"},"schema":{"@context":"https:\/\/schema.org","@graph":[{"@type":"Article","@id":"https:\/\/www.oracaoefe.com\/por-que-a-fe-e-um-olhar-que-se-enxerga-ao-longe\/#article","isPartOf":{"@id":"https:\/\/www.oracaoefe.com\/por-que-a-fe-e-um-olhar-que-se-enxerga-ao-longe\/"},"author":{"name":"Maria","@id":"https:\/\/www.oracaoefe.com\/#\/schema\/person\/27873f1e6043866689f5091b5139f23d"},"headline":"Por que a f\u00e9 \u00e9 um olhar que se enxerga ao longe?","datePublished":"2022-09-25T01:46:16+00:00","dateModified":"2022-09-25T19:28:20+00:00","mainEntityOfPage":{"@id":"https:\/\/www.oracaoefe.com\/por-que-a-fe-e-um-olhar-que-se-enxerga-ao-longe\/"},"wordCount":792,"commentCount":0,"image":{"@id":"https:\/\/www.oracaoefe.com\/por-que-a-fe-e-um-olhar-que-se-enxerga-ao-longe\/#primaryimage"},"thumbnailUrl":"https:\/\/www.oracaoefe.com\/wp-content\/uploads\/2022\/09\/Por-que-a-fe-e-um-olhar-que-se-enxerga-ao-longe.jpg","keywords":["Deus","fe"],"articleSection":["Fique por Dentro"],"inLanguage":"fr-FR","potentialAction":[{"@type":"CommentAction","name":"Comment","target":["https:\/\/www.oracaoefe.com\/por-que-a-fe-e-um-olhar-que-se-enxerga-ao-longe\/#respond"]}]},{"@type":"WebPage","@id":"https:\/\/www.oracaoefe.com\/por-que-a-fe-e-um-olhar-que-se-enxerga-ao-longe\/","url":"https:\/\/www.oracaoefe.com\/por-que-a-fe-e-um-olhar-que-se-enxerga-ao-longe\/","name":"Por que a f\u00e9 \u00e9 um olhar que se enxerga ao longe? - Ora\u00e7\u00e3o e F\u00e9","isPartOf":{"@id":"https:\/\/www.oracaoefe.com\/#website"},"primaryImageOfPage":{"@id":"https:\/\/www.oracaoefe.com\/por-que-a-fe-e-um-olhar-que-se-enxerga-ao-longe\/#primaryimage"},"image":{"@id":"https:\/\/www.oracaoefe.com\/por-que-a-fe-e-um-olhar-que-se-enxerga-ao-longe\/#primaryimage"},"thumbnailUrl":"https:\/\/www.oracaoefe.com\/wp-content\/uploads\/2022\/09\/Por-que-a-fe-e-um-olhar-que-se-enxerga-ao-longe.jpg","datePublished":"2022-09-25T01:46:16+00:00","dateModified":"2022-09-25T19:28:20+00:00","author":{"@id":"https:\/\/www.oracaoefe.com\/#\/schema\/person\/27873f1e6043866689f5091b5139f23d"},"description":"Nossa rela\u00e7\u00e3o com o religioso \u00e9 antes de tudo a palavra. \u00c9 antes de tudo ouvir uma voz que vem de outro lugar, \u00e9 acreditar no invis\u00edvel...","breadcrumb":{"@id":"https:\/\/www.oracaoefe.com\/por-que-a-fe-e-um-olhar-que-se-enxerga-ao-longe\/#breadcrumb"},"inLanguage":"fr-FR","potentialAction":[{"@type":"ReadAction","target":["https:\/\/www.oracaoefe.com\/por-que-a-fe-e-um-olhar-que-se-enxerga-ao-longe\/"]}]},{"@type":"ImageObject","inLanguage":"fr-FR","@id":"https:\/\/www.oracaoefe.com\/por-que-a-fe-e-um-olhar-que-se-enxerga-ao-longe\/#primaryimage","url":"https:\/\/www.oracaoefe.com\/wp-content\/uploads\/2022\/09\/Por-que-a-fe-e-um-olhar-que-se-enxerga-ao-longe.jpg","contentUrl":"https:\/\/www.oracaoefe.com\/wp-content\/uploads\/2022\/09\/Por-que-a-fe-e-um-olhar-que-se-enxerga-ao-longe.jpg","width":1200,"height":675,"caption":"Por que a f\u00e9 \u00e9 um olhar que se enxerga ao longe"},{"@type":"BreadcrumbList","@id":"https:\/\/www.oracaoefe.com\/por-que-a-fe-e-um-olhar-que-se-enxerga-ao-longe\/#breadcrumb","itemListElement":[{"@type":"ListItem","position":1,"name":"Home","item":"https:\/\/www.oracaoefe.com\/"},{"@type":"ListItem","position":2,"name":"Fique por Dentro","item":"https:\/\/www.oracaoefe.com\/category\/fique-por-dentro\/"},{"@type":"ListItem","position":3,"name":"Por que a f\u00e9 \u00e9 um olhar que se enxerga ao longe?"}]},{"@type":"WebSite","@id":"https:\/\/www.oracaoefe.com\/#website","url":"https:\/\/www.oracaoefe.com\/","name":"Pri\u00e8re et foi","description":"","potentialAction":[{"@type":"SearchAction","target":{"@type":"EntryPoint","urlTemplate":"https:\/\/www.oracaoefe.com\/?s={search_term_string}"},"query-input":{"@type":"PropertyValueSpecification","valueRequired":true,"valueName":"search_term_string"}}],"inLanguage":"fr-FR"},{"@type":"Person","@id":"https:\/\/www.oracaoefe.com\/#\/schema\/person\/27873f1e6043866689f5091b5139f23d","name":"Maria","image":{"@type":"ImageObject","inLanguage":"fr-FR","@id":"https:\/\/secure.gravatar.com\/avatar\/4cac5ea56d40d599bd7348d330a83b1c84cd229296d1613cd1c7f6740561d0c9?s=96&d=mm&r=g","url":"https:\/\/secure.gravatar.com\/avatar\/4cac5ea56d40d599bd7348d330a83b1c84cd229296d1613cd1c7f6740561d0c9?s=96&d=mm&r=g","contentUrl":"https:\/\/secure.gravatar.com\/avatar\/4cac5ea56d40d599bd7348d330a83b1c84cd229296d1613cd1c7f6740561d0c9?s=96&d=mm&r=g","caption":"Maria"},"description":"Meu nome \u00e9 Maria e sou apaixonada por teologia, espiritualidade e estudos religiosos. H\u00e1 mais de 5 anos escrevo sobre o universo da f\u00e9, pesquisando diferentes religi\u00f5es, doutrinas, tradi\u00e7\u00f5es espirituais e curiosidades religiosas ao redor do mundo. Tenho grande interesse em compreender como a f\u00e9 e a religiosidade se manifestam em diferentes culturas, pa\u00edses e idiomas, sempre buscando aprender mais sobre os costumes, cren\u00e7as e hist\u00f3rias que influenciam milh\u00f5es de pessoas diariamente. Atualmente, atuo como redatora no portal Ora\u00e7\u00e3o e F\u00e9, onde compartilho conte\u00fados informativos, reflexivos e inspiradores voltados ao universo religioso e espiritual. Meu objetivo \u00e9 levar conhecimento, curiosidades e mensagens enriquecedoras para leitores que desejam aprofundar sua compreens\u00e3o sobre f\u00e9, religi\u00e3o e espiritualidade no mundo moderno.","sameAs":["https:\/\/www.oracaoefe.com"],"url":"https:\/\/www.oracaoefe.com\/fr\/author\/admin\/"}]}},"_links":{"self":[{"href":"https:\/\/www.oracaoefe.com\/fr\/wp-json\/wp\/v2\/posts\/303","targetHints":{"allow":["GET"]}}],"collection":[{"href":"https:\/\/www.oracaoefe.com\/fr\/wp-json\/wp\/v2\/posts"}],"about":[{"href":"https:\/\/www.oracaoefe.com\/fr\/wp-json\/wp\/v2\/types\/post"}],"author":[{"embeddable":true,"href":"https:\/\/www.oracaoefe.com\/fr\/wp-json\/wp\/v2\/users\/1"}],"replies":[{"embeddable":true,"href":"https:\/\/www.oracaoefe.com\/fr\/wp-json\/wp\/v2\/comments?post=303"}],"version-history":[{"count":2,"href":"https:\/\/www.oracaoefe.com\/fr\/wp-json\/wp\/v2\/posts\/303\/revisions"}],"predecessor-version":[{"id":350,"href":"https:\/\/www.oracaoefe.com\/fr\/wp-json\/wp\/v2\/posts\/303\/revisions\/350"}],"wp:featuredmedia":[{"embeddable":true,"href":"https:\/\/www.oracaoefe.com\/fr\/wp-json\/wp\/v2\/media\/349"}],"wp:attachment":[{"href":"https:\/\/www.oracaoefe.com\/fr\/wp-json\/wp\/v2\/media?parent=303"}],"wp:term":[{"taxonomy":"category","embeddable":true,"href":"https:\/\/www.oracaoefe.com\/fr\/wp-json\/wp\/v2\/categories?post=303"},{"taxonomy":"post_tag","embeddable":true,"href":"https:\/\/www.oracaoefe.com\/fr\/wp-json\/wp\/v2\/tags?post=303"}],"curies":[{"name":"wp","href":"https:\/\/api.w.org\/{rel}","templated":true}]}}