{"id":3006,"date":"2024-09-15T06:00:00","date_gmt":"2024-09-15T09:00:00","guid":{"rendered":"https:\/\/www.oracaoefe.com\/?p=3006"},"modified":"2025-06-15T15:15:30","modified_gmt":"2025-06-15T18:15:30","slug":"como-a-meditacao-diaria-pode-renovar-sua-perspectiva-espiritual","status":"publish","type":"post","link":"https:\/\/www.oracaoefe.com\/fr\/como-a-meditacao-diaria-pode-renovar-sua-perspectiva-espiritual\/","title":{"rendered":"Como a medita\u00e7\u00e3o di\u00e1ria pode renovar sua perspectiva espiritual"},"content":{"rendered":"<p class=\"wp-block-paragraph\">A medita\u00e7\u00e3o tem sido uma pr\u00e1tica central em muitas tradi\u00e7\u00f5es espirituais ao longo da hist\u00f3ria, oferecendo benef\u00edcios profundos para o bem-estar mental, emocional e espiritual. A pr\u00e1tica di\u00e1ria de medita\u00e7\u00e3o pode ser uma poderosa ferramenta para renovar e enriquecer a sua perspectiva espiritual, proporcionando uma nova compreens\u00e3o de si mesmo e do mundo ao seu redor.<\/p>\n\n\n\n<h2 class=\"wp-block-heading\">Introdu\u00e7\u00e3o \u00e0 medita\u00e7\u00e3o e \u00e0 perspectiva espiritual<\/h2>\n\n\n\n<p class=\"wp-block-paragraph\">A medita\u00e7\u00e3o \u00e9 uma pr\u00e1tica que envolve a concentra\u00e7\u00e3o da mente e a reflex\u00e3o interior com o objetivo de alcan\u00e7ar um estado de clareza, calma e compreens\u00e3o. Em muitas tradi\u00e7\u00f5es espirituais, a medita\u00e7\u00e3o \u00e9 vista como um meio de se conectar com o divino, explorar a pr\u00f3pria ess\u00eancia e cultivar uma perspectiva mais profunda e significativa sobre a vida. Ao dedicar tempo diariamente para a medita\u00e7\u00e3o, voc\u00ea pode descobrir novas dimens\u00f5es de sua espiritualidade e experimentar um renovado senso de prop\u00f3sito e dire\u00e7\u00e3o.<\/p>\n\n\n\n<figure class=\"wp-block-image size-full is-resized\"><img loading=\"lazy\" decoding=\"async\" width=\"740\" height=\"493\" src=\"https:\/\/www.oracaoefe.com\/wp-content\/uploads\/2024\/08\/image-9.png\" alt=\"\" class=\"wp-image-3026\" style=\"width:840px;height:auto\" srcset=\"https:\/\/www.oracaoefe.com\/wp-content\/uploads\/2024\/08\/image-9.png 740w, https:\/\/www.oracaoefe.com\/wp-content\/uploads\/2024\/08\/image-9-300x200.png 300w, https:\/\/www.oracaoefe.com\/wp-content\/uploads\/2024\/08\/image-9-18x12.png 18w\" sizes=\"auto, (max-width: 740px) 100vw, 740px\" \/><\/figure>\n\n\n\n<h2 class=\"wp-block-heading\">Benef\u00edcios da medita\u00e7\u00e3o di\u00e1ria para a perspectiva espiritual<\/h2>\n\n\n\n<h3 class=\"wp-block-heading\">1. <strong>Clareza mental e emocional<\/strong><\/h3>\n\n\n\n<p class=\"wp-block-paragraph\">A pr\u00e1tica di\u00e1ria de medita\u00e7\u00e3o ajuda a acalmar a mente e a reduzir o estresse, o que pode levar a uma maior clareza mental e emocional. Ao criar um espa\u00e7o para a introspec\u00e7\u00e3o e o autoexame, voc\u00ea pode obter uma compreens\u00e3o mais profunda de seus pensamentos e sentimentos, permitindo uma perspectiva mais clara sobre sua jornada espiritual. Essa clareza pode ajudar a identificar e remover bloqueios espirituais, promovendo um crescimento pessoal mais harmonioso.<\/p>\n\n\n\n<h3 class=\"wp-block-heading\">2. <strong>Conex\u00e3o mais profunda com o eu interior<\/strong><\/h3>\n\n\n\n<p class=\"wp-block-paragraph\">A medita\u00e7\u00e3o di\u00e1ria permite que voc\u00ea se conecte com seu eu interior e explore sua ess\u00eancia espiritual. Ao dedicar tempo para a introspec\u00e7\u00e3o, voc\u00ea pode descobrir aspectos mais profundos de sua pr\u00f3pria identidade e espiritualidade. Essa conex\u00e3o mais profunda com o eu interior pode resultar em uma maior sensa\u00e7\u00e3o de prop\u00f3sito e realiza\u00e7\u00e3o, ajudando a alinhar suas a\u00e7\u00f5es e escolhas com seus valores e cren\u00e7as espirituais.<\/p>\n\n\n\n<h3 class=\"wp-block-heading\">3. <strong>Desenvolvimento da empatia e compaix\u00e3o<\/strong><\/h3>\n\n\n\n<p class=\"wp-block-paragraph\">A medita\u00e7\u00e3o tem o potencial de cultivar empatia e compaix\u00e3o, n\u00e3o apenas para consigo mesmo, mas tamb\u00e9m para com os outros. Pr\u00e1ticas como a medita\u00e7\u00e3o da bondade amorosa (Metta) incentivam a cultivar sentimentos de amor e bondade para todos os seres. \u00c0 medida que voc\u00ea desenvolve uma maior capacidade de empatia e compaix\u00e3o, sua perspectiva espiritual pode se expandir para incluir uma maior preocupa\u00e7\u00e3o com o bem-estar dos outros e um desejo de contribuir positivamente para o mundo ao seu redor.<\/p>\n\n\n\n<h3 class=\"wp-block-heading\">4. <strong>Redu\u00e7\u00e3o da reatividade e aumento da paz interior<\/strong><\/h3>\n\n\n\n<p class=\"wp-block-paragraph\">A medita\u00e7\u00e3o di\u00e1ria ajuda a reduzir a reatividade emocional e a promover uma sensa\u00e7\u00e3o de paz interior. Ao treinar a mente para observar pensamentos e sentimentos sem julgamento, voc\u00ea pode desenvolver uma maior resili\u00eancia em face dos desafios e estresses da vida. Essa paz interior e a capacidade de responder de forma mais equilibrada aos eventos externos podem refletir uma perspectiva espiritual mais centrada e tranquila.<\/p>\n\n\n\n<h3 class=\"wp-block-heading\">5. <strong>Aumento da consci\u00eancia espiritual<\/strong><\/h3>\n\n\n\n<p class=\"wp-block-paragraph\">A pr\u00e1tica constante de medita\u00e7\u00e3o pode aumentar sua consci\u00eancia espiritual, ajudando a aprofundar sua compreens\u00e3o das quest\u00f5es espirituais e existenciais. \u00c0 medida que voc\u00ea se torna mais sintonizado com suas pr\u00f3prias experi\u00eancias interiores, pode tamb\u00e9m desenvolver uma maior sensibilidade \u00e0s dimens\u00f5es espirituais da vida. Esse aumento da consci\u00eancia pode levar a novas descobertas e insights sobre sua pr\u00e1tica espiritual e seu caminho de vida.<\/p>\n\n\n\n<h2 class=\"wp-block-heading\">T\u00e9cnicas de medita\u00e7\u00e3o para renovar sua perspectiva espiritual<\/h2>\n\n\n\n<h3 class=\"wp-block-heading\">1. <strong>Medita\u00e7\u00e3o de aten\u00e7\u00e3o plena (Mindfulness)<\/strong><\/h3>\n\n\n\n<p class=\"wp-block-paragraph\">A medita\u00e7\u00e3o de aten\u00e7\u00e3o plena envolve focar a aten\u00e7\u00e3o no momento presente, observando pensamentos, sentimentos e sensa\u00e7\u00f5es sem julgamento. Essa pr\u00e1tica pode ajudar a desenvolver uma maior consci\u00eancia e compreens\u00e3o de seus processos mentais e emocionais, promovendo uma perspectiva espiritual mais clara e equilibrada.<\/p>\n\n\n\n<h3 class=\"wp-block-heading\">2. <strong>Medita\u00e7\u00e3o de compaix\u00e3o (Metta)<\/strong><\/h3>\n\n\n\n<p class=\"wp-block-paragraph\">A medita\u00e7\u00e3o de compaix\u00e3o, ou Metta, foca no cultivo de sentimentos de amor e bondade para si mesmo e para os outros. Ao praticar a Metta, voc\u00ea pode expandir sua capacidade de empatia e compaix\u00e3o, renovando sua perspectiva espiritual ao cultivar uma maior conex\u00e3o com o bem-estar de todos os seres.<\/p>\n\n\n\n<h3 class=\"wp-block-heading\">3. <strong>Medita\u00e7\u00e3o de visualiza\u00e7\u00e3o<\/strong><\/h3>\n\n\n\n<p class=\"wp-block-paragraph\">A medita\u00e7\u00e3o de visualiza\u00e7\u00e3o envolve imaginar cen\u00e1rios positivos ou sagrados, como a luz divina ou a paz interior. Essa pr\u00e1tica pode ajudar a criar uma sensa\u00e7\u00e3o de conex\u00e3o espiritual e a refor\u00e7ar seus objetivos e inten\u00e7\u00f5es espirituais, promovendo uma perspectiva mais inspirada e esperan\u00e7osa.<\/p>\n\n\n\n<h3 class=\"wp-block-heading\">4. <strong>Medita\u00e7\u00e3o guiada<\/strong><\/h3>\n\n\n\n<p class=\"wp-block-paragraph\">Medita\u00e7\u00f5es guiadas, muitas vezes oferecidas atrav\u00e9s de grava\u00e7\u00f5es ou aplicativos, podem fornecer orienta\u00e7\u00e3o e suporte para explorar diferentes aspectos de sua espiritualidade. Essas pr\u00e1ticas podem incluir visualiza\u00e7\u00f5es, afirma\u00e7\u00f5es e reflex\u00f5es que ajudam a aprofundar sua compreens\u00e3o espiritual e a renovar sua perspectiva.<\/p>\n\n\n\n<h2 class=\"wp-block-heading\">Integrando a medita\u00e7\u00e3o em sua rotina di\u00e1ria<\/h2>\n\n\n\n<h3 class=\"wp-block-heading\">1. <strong>Estabele\u00e7a um hor\u00e1rio fixo<\/strong><\/h3>\n\n\n\n<p class=\"wp-block-paragraph\">Para incorporar a medita\u00e7\u00e3o em sua rotina di\u00e1ria, \u00e9 \u00fatil escolher um hor\u00e1rio fixo que se ajuste ao seu estilo de vida. Pode ser de manh\u00e3 cedo, durante o almo\u00e7o ou \u00e0 noite antes de dormir. A consist\u00eancia \u00e9 chave para desenvolver uma pr\u00e1tica regular e eficaz.<\/p>\n\n\n\n<h3 class=\"wp-block-heading\">2. <strong>Crie um espa\u00e7o dedicado<\/strong><\/h3>\n\n\n\n<p class=\"wp-block-paragraph\">Ter um espa\u00e7o dedicado para a medita\u00e7\u00e3o pode ajudar a criar um ambiente prop\u00edcio \u00e0 pr\u00e1tica. Esse espa\u00e7o pode ser simples, como um canto tranquilo em sua casa, onde voc\u00ea possa se sentar confortavelmente e se concentrar sem distra\u00e7\u00f5es.<\/p>\n\n\n\n<h3 class=\"wp-block-heading\">3. <strong>Comece com sess\u00f5es curtas<\/strong><\/h3>\n\n\n\n<p class=\"wp-block-paragraph\">Se voc\u00ea est\u00e1 come\u00e7ando com a medita\u00e7\u00e3o, comece com sess\u00f5es curtas, como 5 a 10 minutos por dia. \u00c0 medida que voc\u00ea se acostuma com a pr\u00e1tica, pode gradualmente aumentar a dura\u00e7\u00e3o conforme sua disponibilidade e conforto.<\/p>\n\n\n\n<h3 class=\"wp-block-heading\">4. <strong>Utilize recursos de apoio<\/strong><\/h3>\n\n\n\n<p class=\"wp-block-paragraph\">Aplicativos de medita\u00e7\u00e3o, v\u00eddeos e grava\u00e7\u00f5es guiadas podem fornecer orienta\u00e7\u00e3o adicional e apoio para sua pr\u00e1tica. Esses recursos podem ajudar a manter sua motiva\u00e7\u00e3o e a explorar diferentes t\u00e9cnicas de medita\u00e7\u00e3o.<\/p>\n\n\n\n<h2 class=\"wp-block-heading\">Renovando sua perspectiva espiritual atrav\u00e9s da medita\u00e7\u00e3o<\/h2>\n\n\n\n<p class=\"wp-block-paragraph\">A medita\u00e7\u00e3o di\u00e1ria pode ter um impacto profundo e transformador em sua perspectiva espiritual, oferecendo clareza, conex\u00e3o interior e paz. Ao integrar a medita\u00e7\u00e3o em sua rotina, voc\u00ea pode explorar novas dimens\u00f5es de sua espiritualidade e cultivar uma vis\u00e3o mais equilibrada e inspiradora da vida. A pr\u00e1tica constante de medita\u00e7\u00e3o n\u00e3o apenas renova sua perspectiva espiritual, mas tamb\u00e9m promove um bem-estar geral que contribui para uma vida mais plena e significativa. Aproveite o poder da medita\u00e7\u00e3o para se conectar com sua ess\u00eancia espiritual e descobrir um novo sentido de prop\u00f3sito e realiza\u00e7\u00e3o.<\/p>\n\n\n\n<p class=\"wp-block-paragraph\"><strong>Voir aussi\u00a0: <a href=\"https:\/\/www.oracaoefe.com\/fr\/oracao-para-acalmar-uma-pessoa-urgente\/\">Ora\u00e7\u00e3o para acalmar uma pessoa urgente<\/a><\/strong><\/p>\n\n\n\n<p class=\"wp-block-paragraph\">15 de setembro de 2024<\/p>","protected":false},"excerpt":{"rendered":"<p>A medita\u00e7\u00e3o tem sido uma pr\u00e1tica central em muitas tradi\u00e7\u00f5es espirituais ao longo da hist\u00f3ria, oferecendo benef\u00edcios profundos para o bem-estar mental, emocional e espiritual. A pr\u00e1tica di\u00e1ria de medita\u00e7\u00e3o pode ser uma poderosa ferramenta para renovar e enriquecer a sua perspectiva espiritual, proporcionando uma nova compreens\u00e3o de si mesmo e do mundo ao seu&hellip;&nbsp;<\/p>","protected":false},"author":3,"featured_media":3026,"comment_status":"closed","ping_status":"closed","sticky":false,"template":"","format":"standard","meta":{"neve_meta_sidebar":"","neve_meta_container":"","neve_meta_enable_content_width":"","neve_meta_content_width":0,"neve_meta_title_alignment":"","neve_meta_author_avatar":"","neve_post_elements_order":"","neve_meta_disable_header":"","neve_meta_disable_footer":"","neve_meta_disable_title":"","footnotes":""},"categories":[3],"tags":[],"class_list":["post-3006","post","type-post","status-publish","format-standard","has-post-thumbnail","hentry","category-fe"],"yoast_head":"<!-- This site is optimized with the Yoast SEO plugin v28.4 - https:\/\/yoast.com\/product\/yoast-seo-wordpress\/ -->\n<title>Como a medita\u00e7\u00e3o di\u00e1ria pode renovar sua perspectiva espiritual - Ora\u00e7\u00e3o e F\u00e9<\/title>\n<meta name=\"description\" content=\"Deus tem pra voc\u00ea uma palavra de vida!\" \/>\n<meta name=\"robots\" content=\"index, follow, max-snippet:-1, max-image-preview:large, max-video-preview:-1\" \/>\n<link rel=\"canonical\" href=\"https:\/\/www.oracaoefe.com\/fr\/como-a-meditacao-diaria-pode-renovar-sua-perspectiva-espiritual\/\" \/>\n<meta property=\"og:locale\" content=\"fr_FR\" \/>\n<meta property=\"og:type\" content=\"article\" \/>\n<meta property=\"og:title\" content=\"Como a medita\u00e7\u00e3o di\u00e1ria pode renovar sua perspectiva espiritual - Ora\u00e7\u00e3o e F\u00e9\" \/>\n<meta property=\"og:description\" content=\"Deus tem pra voc\u00ea uma palavra de vida!\" \/>\n<meta property=\"og:url\" content=\"https:\/\/www.oracaoefe.com\/fr\/como-a-meditacao-diaria-pode-renovar-sua-perspectiva-espiritual\/\" \/>\n<meta property=\"og:site_name\" content=\"Ora\u00e7\u00e3o e F\u00e9\" \/>\n<meta property=\"article:published_time\" content=\"2024-09-15T09:00:00+00:00\" \/>\n<meta property=\"article:modified_time\" content=\"2025-06-15T18:15:30+00:00\" \/>\n<meta property=\"og:image\" content=\"https:\/\/www.oracaoefe.com\/wp-content\/uploads\/2024\/08\/image-9.png\" \/>\n\t<meta property=\"og:image:width\" content=\"740\" \/>\n\t<meta property=\"og:image:height\" content=\"493\" \/>\n\t<meta property=\"og:image:type\" content=\"image\/png\" \/>\n<meta name=\"author\" content=\"Michele Azevedo\" \/>\n<meta name=\"twitter:card\" content=\"summary_large_image\" \/>\n<meta name=\"twitter:label1\" content=\"\u00c9crit par\" \/>\n\t<meta name=\"twitter:data1\" content=\"Michele Azevedo\" \/>\n\t<meta name=\"twitter:label2\" content=\"Dur\u00e9e de lecture estim\u00e9e\" \/>\n\t<meta name=\"twitter:data2\" content=\"6 minutes\" \/>\n<script type=\"application\/ld+json\" class=\"yoast-schema-graph\">{\"@context\":\"https:\\\/\\\/schema.org\",\"@graph\":[{\"@type\":\"Article\",\"@id\":\"https:\\\/\\\/www.oracaoefe.com\\\/como-a-meditacao-diaria-pode-renovar-sua-perspectiva-espiritual\\\/#article\",\"isPartOf\":{\"@id\":\"https:\\\/\\\/www.oracaoefe.com\\\/como-a-meditacao-diaria-pode-renovar-sua-perspectiva-espiritual\\\/\"},\"author\":{\"name\":\"Michele Azevedo\",\"@id\":\"https:\\\/\\\/www.oracaoefe.com\\\/#\\\/schema\\\/person\\\/17283c669442cf005c4d5bb58adfb7f5\"},\"headline\":\"Como a medita\u00e7\u00e3o di\u00e1ria pode renovar sua perspectiva espiritual\",\"datePublished\":\"2024-09-15T09:00:00+00:00\",\"dateModified\":\"2025-06-15T18:15:30+00:00\",\"mainEntityOfPage\":{\"@id\":\"https:\\\/\\\/www.oracaoefe.com\\\/como-a-meditacao-diaria-pode-renovar-sua-perspectiva-espiritual\\\/\"},\"wordCount\":1179,\"image\":{\"@id\":\"https:\\\/\\\/www.oracaoefe.com\\\/como-a-meditacao-diaria-pode-renovar-sua-perspectiva-espiritual\\\/#primaryimage\"},\"thumbnailUrl\":\"https:\\\/\\\/www.oracaoefe.com\\\/wp-content\\\/uploads\\\/2024\\\/08\\\/image-9.png\",\"articleSection\":[\"F\u00e9\"],\"inLanguage\":\"fr-FR\"},{\"@type\":\"WebPage\",\"@id\":\"https:\\\/\\\/www.oracaoefe.com\\\/como-a-meditacao-diaria-pode-renovar-sua-perspectiva-espiritual\\\/\",\"url\":\"https:\\\/\\\/www.oracaoefe.com\\\/como-a-meditacao-diaria-pode-renovar-sua-perspectiva-espiritual\\\/\",\"name\":\"Como a medita\u00e7\u00e3o di\u00e1ria pode renovar sua perspectiva espiritual - Ora\u00e7\u00e3o e F\u00e9\",\"isPartOf\":{\"@id\":\"https:\\\/\\\/www.oracaoefe.com\\\/#website\"},\"primaryImageOfPage\":{\"@id\":\"https:\\\/\\\/www.oracaoefe.com\\\/como-a-meditacao-diaria-pode-renovar-sua-perspectiva-espiritual\\\/#primaryimage\"},\"image\":{\"@id\":\"https:\\\/\\\/www.oracaoefe.com\\\/como-a-meditacao-diaria-pode-renovar-sua-perspectiva-espiritual\\\/#primaryimage\"},\"thumbnailUrl\":\"https:\\\/\\\/www.oracaoefe.com\\\/wp-content\\\/uploads\\\/2024\\\/08\\\/image-9.png\",\"datePublished\":\"2024-09-15T09:00:00+00:00\",\"dateModified\":\"2025-06-15T18:15:30+00:00\",\"author\":{\"@id\":\"https:\\\/\\\/www.oracaoefe.com\\\/#\\\/schema\\\/person\\\/17283c669442cf005c4d5bb58adfb7f5\"},\"description\":\"Deus tem pra voc\u00ea uma palavra de vida!\",\"breadcrumb\":{\"@id\":\"https:\\\/\\\/www.oracaoefe.com\\\/como-a-meditacao-diaria-pode-renovar-sua-perspectiva-espiritual\\\/#breadcrumb\"},\"inLanguage\":\"fr-FR\",\"potentialAction\":[{\"@type\":\"ReadAction\",\"target\":[\"https:\\\/\\\/www.oracaoefe.com\\\/como-a-meditacao-diaria-pode-renovar-sua-perspectiva-espiritual\\\/\"]}]},{\"@type\":\"ImageObject\",\"inLanguage\":\"fr-FR\",\"@id\":\"https:\\\/\\\/www.oracaoefe.com\\\/como-a-meditacao-diaria-pode-renovar-sua-perspectiva-espiritual\\\/#primaryimage\",\"url\":\"https:\\\/\\\/www.oracaoefe.com\\\/wp-content\\\/uploads\\\/2024\\\/08\\\/image-9.png\",\"contentUrl\":\"https:\\\/\\\/www.oracaoefe.com\\\/wp-content\\\/uploads\\\/2024\\\/08\\\/image-9.png\",\"width\":740,\"height\":493},{\"@type\":\"BreadcrumbList\",\"@id\":\"https:\\\/\\\/www.oracaoefe.com\\\/como-a-meditacao-diaria-pode-renovar-sua-perspectiva-espiritual\\\/#breadcrumb\",\"itemListElement\":[{\"@type\":\"ListItem\",\"position\":1,\"name\":\"Home\",\"item\":\"https:\\\/\\\/www.oracaoefe.com\\\/\"},{\"@type\":\"ListItem\",\"position\":2,\"name\":\"Como a medita\u00e7\u00e3o di\u00e1ria pode renovar sua perspectiva espiritual\"}]},{\"@type\":\"WebSite\",\"@id\":\"https:\\\/\\\/www.oracaoefe.com\\\/#website\",\"url\":\"https:\\\/\\\/www.oracaoefe.com\\\/\",\"name\":\"Ora\u00e7\u00e3o e F\u00e9\",\"description\":\"\",\"potentialAction\":[{\"@type\":\"SearchAction\",\"target\":{\"@type\":\"EntryPoint\",\"urlTemplate\":\"https:\\\/\\\/www.oracaoefe.com\\\/?s={search_term_string}\"},\"query-input\":{\"@type\":\"PropertyValueSpecification\",\"valueRequired\":true,\"valueName\":\"search_term_string\"}}],\"inLanguage\":\"fr-FR\"},{\"@type\":\"Person\",\"@id\":\"https:\\\/\\\/www.oracaoefe.com\\\/#\\\/schema\\\/person\\\/17283c669442cf005c4d5bb58adfb7f5\",\"name\":\"Michele Azevedo\",\"image\":{\"@type\":\"ImageObject\",\"inLanguage\":\"fr-FR\",\"@id\":\"https:\\\/\\\/secure.gravatar.com\\\/avatar\\\/6b0eb9d22841282815e2cd856a0061c45e1761cd54b22e952d98c4746939aa85?s=96&d=mm&r=g\",\"url\":\"https:\\\/\\\/secure.gravatar.com\\\/avatar\\\/6b0eb9d22841282815e2cd856a0061c45e1761cd54b22e952d98c4746939aa85?s=96&d=mm&r=g\",\"contentUrl\":\"https:\\\/\\\/secure.gravatar.com\\\/avatar\\\/6b0eb9d22841282815e2cd856a0061c45e1761cd54b22e952d98c4746939aa85?s=96&d=mm&r=g\",\"caption\":\"Michele Azevedo\"},\"description\":\"Formada em Letras - Portugu\u00eas\\\/ Ingl\u00eas pela Universidade Estadual de Ponta Grossa (UEPG), p\u00f3s-graduada em Arte na Educa\u00e7\u00e3o (FAPI) e Psicopedagogia Escolar (FAPI), idealizadora e propriet\u00e1ria do site Escritora de Sucesso, possui experi\u00eancia em escrita para blogs em geral e atua como redatora e revisora dos conte\u00fados do Ora\u00e7\u00e3o e F\u00e9.\",\"url\":\"https:\\\/\\\/www.oracaoefe.com\\\/fr\\\/author\\\/michele-azevedo\\\/\"}]}<\/script>\n<!-- \/ Yoast SEO plugin. -->","yoast_head_json":{"title":"Como a medita\u00e7\u00e3o di\u00e1ria pode renovar sua perspectiva espiritual - Ora\u00e7\u00e3o e F\u00e9","description":"Dieu a une parole de vie pour vous !","robots":{"index":"index","follow":"follow","max-snippet":"max-snippet:-1","max-image-preview":"max-image-preview:large","max-video-preview":"max-video-preview:-1"},"canonical":"https:\/\/www.oracaoefe.com\/fr\/como-a-meditacao-diaria-pode-renovar-sua-perspectiva-espiritual\/","og_locale":"fr_FR","og_type":"article","og_title":"Como a medita\u00e7\u00e3o di\u00e1ria pode renovar sua perspectiva espiritual - Ora\u00e7\u00e3o e F\u00e9","og_description":"Deus tem pra voc\u00ea uma palavra de vida!","og_url":"https:\/\/www.oracaoefe.com\/fr\/como-a-meditacao-diaria-pode-renovar-sua-perspectiva-espiritual\/","og_site_name":"Ora\u00e7\u00e3o e F\u00e9","article_published_time":"2024-09-15T09:00:00+00:00","article_modified_time":"2025-06-15T18:15:30+00:00","og_image":[{"width":740,"height":493,"url":"https:\/\/www.oracaoefe.com\/wp-content\/uploads\/2024\/08\/image-9.png","type":"image\/png"}],"author":"Michele Azevedo","twitter_card":"summary_large_image","twitter_misc":{"\u00c9crit par":"Michele Azevedo","Dur\u00e9e de lecture estim\u00e9e":"6 minutes"},"schema":{"@context":"https:\/\/schema.org","@graph":[{"@type":"Article","@id":"https:\/\/www.oracaoefe.com\/como-a-meditacao-diaria-pode-renovar-sua-perspectiva-espiritual\/#article","isPartOf":{"@id":"https:\/\/www.oracaoefe.com\/como-a-meditacao-diaria-pode-renovar-sua-perspectiva-espiritual\/"},"author":{"name":"Michele Azevedo","@id":"https:\/\/www.oracaoefe.com\/#\/schema\/person\/17283c669442cf005c4d5bb58adfb7f5"},"headline":"Como a medita\u00e7\u00e3o di\u00e1ria pode renovar sua perspectiva espiritual","datePublished":"2024-09-15T09:00:00+00:00","dateModified":"2025-06-15T18:15:30+00:00","mainEntityOfPage":{"@id":"https:\/\/www.oracaoefe.com\/como-a-meditacao-diaria-pode-renovar-sua-perspectiva-espiritual\/"},"wordCount":1179,"image":{"@id":"https:\/\/www.oracaoefe.com\/como-a-meditacao-diaria-pode-renovar-sua-perspectiva-espiritual\/#primaryimage"},"thumbnailUrl":"https:\/\/www.oracaoefe.com\/wp-content\/uploads\/2024\/08\/image-9.png","articleSection":["F\u00e9"],"inLanguage":"fr-FR"},{"@type":"WebPage","@id":"https:\/\/www.oracaoefe.com\/como-a-meditacao-diaria-pode-renovar-sua-perspectiva-espiritual\/","url":"https:\/\/www.oracaoefe.com\/como-a-meditacao-diaria-pode-renovar-sua-perspectiva-espiritual\/","name":"Como a medita\u00e7\u00e3o di\u00e1ria pode renovar sua perspectiva espiritual - Ora\u00e7\u00e3o e F\u00e9","isPartOf":{"@id":"https:\/\/www.oracaoefe.com\/#website"},"primaryImageOfPage":{"@id":"https:\/\/www.oracaoefe.com\/como-a-meditacao-diaria-pode-renovar-sua-perspectiva-espiritual\/#primaryimage"},"image":{"@id":"https:\/\/www.oracaoefe.com\/como-a-meditacao-diaria-pode-renovar-sua-perspectiva-espiritual\/#primaryimage"},"thumbnailUrl":"https:\/\/www.oracaoefe.com\/wp-content\/uploads\/2024\/08\/image-9.png","datePublished":"2024-09-15T09:00:00+00:00","dateModified":"2025-06-15T18:15:30+00:00","author":{"@id":"https:\/\/www.oracaoefe.com\/#\/schema\/person\/17283c669442cf005c4d5bb58adfb7f5"},"description":"Dieu a une parole de vie pour vous !","breadcrumb":{"@id":"https:\/\/www.oracaoefe.com\/como-a-meditacao-diaria-pode-renovar-sua-perspectiva-espiritual\/#breadcrumb"},"inLanguage":"fr-FR","potentialAction":[{"@type":"ReadAction","target":["https:\/\/www.oracaoefe.com\/como-a-meditacao-diaria-pode-renovar-sua-perspectiva-espiritual\/"]}]},{"@type":"ImageObject","inLanguage":"fr-FR","@id":"https:\/\/www.oracaoefe.com\/como-a-meditacao-diaria-pode-renovar-sua-perspectiva-espiritual\/#primaryimage","url":"https:\/\/www.oracaoefe.com\/wp-content\/uploads\/2024\/08\/image-9.png","contentUrl":"https:\/\/www.oracaoefe.com\/wp-content\/uploads\/2024\/08\/image-9.png","width":740,"height":493},{"@type":"BreadcrumbList","@id":"https:\/\/www.oracaoefe.com\/como-a-meditacao-diaria-pode-renovar-sua-perspectiva-espiritual\/#breadcrumb","itemListElement":[{"@type":"ListItem","position":1,"name":"Home","item":"https:\/\/www.oracaoefe.com\/"},{"@type":"ListItem","position":2,"name":"Como a medita\u00e7\u00e3o di\u00e1ria pode renovar sua perspectiva espiritual"}]},{"@type":"WebSite","@id":"https:\/\/www.oracaoefe.com\/#website","url":"https:\/\/www.oracaoefe.com\/","name":"Pri\u00e8re et foi","description":"","potentialAction":[{"@type":"SearchAction","target":{"@type":"EntryPoint","urlTemplate":"https:\/\/www.oracaoefe.com\/?s={search_term_string}"},"query-input":{"@type":"PropertyValueSpecification","valueRequired":true,"valueName":"search_term_string"}}],"inLanguage":"fr-FR"},{"@type":"Person","@id":"https:\/\/www.oracaoefe.com\/#\/schema\/person\/17283c669442cf005c4d5bb58adfb7f5","name":"Michele Azevedo","image":{"@type":"ImageObject","inLanguage":"fr-FR","@id":"https:\/\/secure.gravatar.com\/avatar\/6b0eb9d22841282815e2cd856a0061c45e1761cd54b22e952d98c4746939aa85?s=96&d=mm&r=g","url":"https:\/\/secure.gravatar.com\/avatar\/6b0eb9d22841282815e2cd856a0061c45e1761cd54b22e952d98c4746939aa85?s=96&d=mm&r=g","contentUrl":"https:\/\/secure.gravatar.com\/avatar\/6b0eb9d22841282815e2cd856a0061c45e1761cd54b22e952d98c4746939aa85?s=96&d=mm&r=g","caption":"Michele Azevedo"},"description":"Dipl\u00f4m\u00e9e en litt\u00e9rature portugaise\/anglaise de l&#039;Universit\u00e9 d&#039;\u00c9tat de Ponta Grossa (UEPG), avec des dipl\u00f4mes de troisi\u00e8me cycle en art dans l&#039;\u00e9ducation (FAPI) et en psychop\u00e9dagogie scolaire (FAPI), elle est la cr\u00e9atrice et propri\u00e9taire du site web Escritora de Sucesso, a de l&#039;exp\u00e9rience dans l&#039;\u00e9criture pour les blogs en g\u00e9n\u00e9ral et travaille comme r\u00e9dactrice et \u00e9ditrice du contenu pour Ora\u00e7\u00e3o e F\u00e9.","url":"https:\/\/www.oracaoefe.com\/fr\/author\/michele-azevedo\/"}]}},"_links":{"self":[{"href":"https:\/\/www.oracaoefe.com\/fr\/wp-json\/wp\/v2\/posts\/3006","targetHints":{"allow":["GET"]}}],"collection":[{"href":"https:\/\/www.oracaoefe.com\/fr\/wp-json\/wp\/v2\/posts"}],"about":[{"href":"https:\/\/www.oracaoefe.com\/fr\/wp-json\/wp\/v2\/types\/post"}],"author":[{"embeddable":true,"href":"https:\/\/www.oracaoefe.com\/fr\/wp-json\/wp\/v2\/users\/3"}],"replies":[{"embeddable":true,"href":"https:\/\/www.oracaoefe.com\/fr\/wp-json\/wp\/v2\/comments?post=3006"}],"version-history":[{"count":2,"href":"https:\/\/www.oracaoefe.com\/fr\/wp-json\/wp\/v2\/posts\/3006\/revisions"}],"predecessor-version":[{"id":3027,"href":"https:\/\/www.oracaoefe.com\/fr\/wp-json\/wp\/v2\/posts\/3006\/revisions\/3027"}],"wp:featuredmedia":[{"embeddable":true,"href":"https:\/\/www.oracaoefe.com\/fr\/wp-json\/wp\/v2\/media\/3026"}],"wp:attachment":[{"href":"https:\/\/www.oracaoefe.com\/fr\/wp-json\/wp\/v2\/media?parent=3006"}],"wp:term":[{"taxonomy":"category","embeddable":true,"href":"https:\/\/www.oracaoefe.com\/fr\/wp-json\/wp\/v2\/categories?post=3006"},{"taxonomy":"post_tag","embeddable":true,"href":"https:\/\/www.oracaoefe.com\/fr\/wp-json\/wp\/v2\/tags?post=3006"}],"curies":[{"name":"wp","href":"https:\/\/api.w.org\/{rel}","templated":true}]}}