{"id":3004,"date":"2024-09-12T06:00:00","date_gmt":"2024-09-12T09:00:00","guid":{"rendered":"https:\/\/www.oracaoefe.com\/?p=3004"},"modified":"2024-08-19T20:09:45","modified_gmt":"2024-08-19T23:09:45","slug":"oracao-para-encontrar-direcao-em-momentos-de-mudanca-de-vida","status":"publish","type":"post","link":"https:\/\/www.oracaoefe.com\/fr\/oracao-para-encontrar-direcao-em-momentos-de-mudanca-de-vida\/","title":{"rendered":"Ora\u00e7\u00e3o para encontrar dire\u00e7\u00e3o em momentos de mudan\u00e7a de vida"},"content":{"rendered":"<p class=\"wp-block-paragraph\">Mudan\u00e7as de vida s\u00e3o inevit\u00e1veis e podem ocorrer em diversas formas, desde mudan\u00e7as de carreira e mudan\u00e7as de resid\u00eancia at\u00e9 transforma\u00e7\u00f5es pessoais profundas. Embora essas transi\u00e7\u00f5es possam ser desafiadoras e, muitas vezes, desconcertantes, muitos encontram conforto e clareza na ora\u00e7\u00e3o. A ora\u00e7\u00e3o pode ser uma ferramenta poderosa para buscar orienta\u00e7\u00e3o, encontrar for\u00e7a e entender o prop\u00f3sito durante per\u00edodos de mudan\u00e7a.<\/p>\n\n\n\n<h2 class=\"wp-block-heading\">A ora\u00e7\u00e3o em momentos de mudan\u00e7a<\/h2>\n\n\n\n<figure class=\"wp-block-image size-full is-resized\"><img loading=\"lazy\" decoding=\"async\" width=\"740\" height=\"416\" src=\"https:\/\/www.oracaoefe.com\/wp-content\/uploads\/2024\/08\/image-8.png\" alt=\"\" class=\"wp-image-3024\" style=\"width:840px;height:auto\" srcset=\"https:\/\/www.oracaoefe.com\/wp-content\/uploads\/2024\/08\/image-8.png 740w, https:\/\/www.oracaoefe.com\/wp-content\/uploads\/2024\/08\/image-8-300x169.png 300w, https:\/\/www.oracaoefe.com\/wp-content\/uploads\/2024\/08\/image-8-18x10.png 18w, https:\/\/www.oracaoefe.com\/wp-content\/uploads\/2024\/08\/image-8-383x215.png 383w\" sizes=\"auto, (max-width: 740px) 100vw, 740px\" \/><\/figure>\n\n\n\n<p class=\"wp-block-paragraph\">A ora\u00e7\u00e3o \u00e9 uma pr\u00e1tica espiritual que tem sido utilizada por muitas tradi\u00e7\u00f5es religiosas e espirituais como um meio de se conectar com o divino, buscar orienta\u00e7\u00e3o e encontrar conforto. Em momentos de mudan\u00e7a de vida, a ora\u00e7\u00e3o pode proporcionar um espa\u00e7o para refletir, expressar preocupa\u00e7\u00f5es e pedir clareza sobre o caminho a seguir. Atrav\u00e9s da ora\u00e7\u00e3o, indiv\u00edduos podem encontrar um senso de paz e prop\u00f3sito, ajudando a navegar pelas incertezas e desafios que acompanham as transi\u00e7\u00f5es.<\/p>\n\n\n\n<h2 class=\"wp-block-heading\">Ora\u00e7\u00e3o para encontrar dire\u00e7\u00e3o em momentos de mudan\u00e7a<\/h2>\n\n\n\n<p class=\"wp-block-paragraph\">Antes de iniciar a ora\u00e7\u00e3o, \u00e9 \u00fatil refletir sobre suas inten\u00e7\u00f5es e preocupa\u00e7\u00f5es. Pense sobre a mudan\u00e7a espec\u00edfica que voc\u00ea est\u00e1 enfrentando e como deseja encontrar dire\u00e7\u00e3o e clareza. A ora\u00e7\u00e3o \u00e9 uma oportunidade para se conectar com suas esperan\u00e7as e medos, e para buscar uma orienta\u00e7\u00e3o que ressoe com seu cora\u00e7\u00e3o e esp\u00edrito.<\/p>\n\n\n\n<h3 class=\"wp-block-heading\">Ora\u00e7\u00e3o para encontrar dire\u00e7\u00e3o<\/h3>\n\n\n\n<p class=\"wp-block-paragraph\"><strong>Querido Deus\/Divino Esp\u00edrito\/Universo,<\/strong><\/p>\n\n\n\n<p class=\"wp-block-paragraph\"><strong>Em momentos de mudan\u00e7a e incerteza, venho at\u00e9 voc\u00ea com um cora\u00e7\u00e3o aberto e uma mente em busca de clareza. Estou passando por uma fase de transforma\u00e7\u00e3o em minha vida, e sinto a necessidade de orienta\u00e7\u00e3o e sabedoria para encontrar o caminho certo.<\/strong><\/p>\n\n\n\n<p class=\"wp-block-paragraph\"><strong>Senhor\/Senhora, conceda-me a paz interior para aceitar as mudan\u00e7as que est\u00e3o ocorrendo e a confian\u00e7a para seguir em frente com coragem. Ajude-me a ouvir a sua voz em meio ao caos e a discernir a dire\u00e7\u00e3o que voc\u00ea deseja que eu tome.<\/strong><\/p>\n\n\n\n<p class=\"wp-block-paragraph\"><strong>Pe\u00e7o que ilumine minha mente e cora\u00e7\u00e3o, para que eu possa ver com clareza as oportunidades e os desafios que se apresentam. Que eu possa reconhecer os sinais e entender o prop\u00f3sito maior por tr\u00e1s dessas mudan\u00e7as.<\/strong><\/p>\n\n\n\n<p class=\"wp-block-paragraph\"><strong>D\u00ea-me a for\u00e7a para enfrentar os desafios com gra\u00e7a e resili\u00eancia, e a sabedoria para tomar decis\u00f5es que estejam alinhadas com o meu verdadeiro eu e com a sua vontade. Ajude-me a confiar no processo e a permanecer fiel \u00e0 minha jornada, mesmo quando a estrada parecer incerta.<\/strong><\/p>\n\n\n\n<p class=\"wp-block-paragraph\"><strong>Que eu possa encontrar a paz em sua presen\u00e7a e a confian\u00e7a em sua orienta\u00e7\u00e3o, sabendo que voc\u00ea est\u00e1 comigo a cada passo do caminho. Que eu possa usar essa fase de mudan\u00e7a como uma oportunidade para crescer, aprender e me aproximar de voc\u00ea.<\/strong><\/p>\n\n\n\n<p class=\"wp-block-paragraph\"><strong>Obrigado por sua orienta\u00e7\u00e3o e amor incondicional. Confio que, com sua ajuda, encontrarei a dire\u00e7\u00e3o certa e poderei enfrentar esta nova fase de minha vida com esperan\u00e7a e determina\u00e7\u00e3o.<\/strong><\/p>\n\n\n\n<p class=\"wp-block-paragraph\"><strong>Amen.<\/strong><\/p>\n\n\n\n<h2 class=\"wp-block-heading\">Como a ora\u00e7\u00e3o pode ajudar em momentos de mudan\u00e7a<\/h2>\n\n\n\n<p class=\"wp-block-paragraph\">A ora\u00e7\u00e3o pode ajudar a trazer clareza sobre o caminho a seguir, permitindo que voc\u00ea se conecte com seus valores e intui\u00e7\u00f5es mais profundas. Ao buscar orienta\u00e7\u00e3o espiritual, voc\u00ea pode encontrar um novo senso de prop\u00f3sito e dire\u00e7\u00e3o, ajudando a tomar decis\u00f5es que estejam alinhadas com suas aspira\u00e7\u00f5es e objetivos.<\/p>\n\n\n\n<h3 class=\"wp-block-heading\">Promovendo a paz interior<\/h3>\n\n\n\n<p class=\"wp-block-paragraph\">Durante momentos de mudan\u00e7a, \u00e9 comum sentir ansiedade e inseguran\u00e7a. A ora\u00e7\u00e3o pode oferecer um espa\u00e7o para acalmar a mente e encontrar paz interior. A pr\u00e1tica de ora\u00e7\u00e3o pode ajudar a reduzir o estresse e a promover uma sensa\u00e7\u00e3o de tranquilidade, permitindo que voc\u00ea enfrente as mudan\u00e7as com uma mente mais serena e focada.<\/p>\n\n\n\n<h3 class=\"wp-block-heading\">Fortalecendo a resili\u00eancia<\/h3>\n\n\n\n<p class=\"wp-block-paragraph\">A ora\u00e7\u00e3o pode ser uma fonte de for\u00e7a e resili\u00eancia, ajudando a enfrentar desafios e adversidades com coragem e determina\u00e7\u00e3o. Pedir por orienta\u00e7\u00e3o e apoio divino pode fortalecer sua capacidade de lidar com as dificuldades e de seguir em frente com confian\u00e7a, mesmo quando o caminho n\u00e3o \u00e9 claro.<\/p>\n\n\n\n<h2 class=\"wp-block-heading\">Reflex\u00f5es sobre o poder da ora\u00e7\u00e3o em momentos de mudan\u00e7a<\/h2>\n\n\n\n<p class=\"wp-block-paragraph\">A conex\u00e3o espiritual estabelecida atrav\u00e9s da ora\u00e7\u00e3o pode servir como um apoio significativo durante as mudan\u00e7as de vida. A sensa\u00e7\u00e3o de estar em sintonia com algo maior pode fornecer um senso de prop\u00f3sito e seguran\u00e7a, ajudando a enfrentar as transi\u00e7\u00f5es com uma perspectiva mais positiva.<\/p>\n\n\n\n<h3 class=\"wp-block-heading\">A import\u00e2ncia de confiar no processo<\/h3>\n\n\n\n<p class=\"wp-block-paragraph\">A ora\u00e7\u00e3o tamb\u00e9m pode ajudar a cultivar a confian\u00e7a no processo de mudan\u00e7a. Ao buscar orienta\u00e7\u00e3o e expressar suas preocupa\u00e7\u00f5es, voc\u00ea pode desenvolver uma maior f\u00e9 na capacidade de encontrar solu\u00e7\u00f5es e de crescer a partir das experi\u00eancias. A confian\u00e7a no processo pode facilitar a adapta\u00e7\u00e3o e o aprendizado durante as mudan\u00e7as.<\/p>\n\n\n\n<h2 class=\"wp-block-heading\">Encontrando dire\u00e7\u00e3o atrav\u00e9s da ora\u00e7\u00e3o<\/h2>\n\n\n\n<p class=\"wp-block-paragraph\">A ora\u00e7\u00e3o para encontrar dire\u00e7\u00e3o em momentos de mudan\u00e7a \u00e9 uma pr\u00e1tica que oferece suporte, clareza e conforto durante per\u00edodos de transi\u00e7\u00e3o. Ao buscar orienta\u00e7\u00e3o espiritual e expressar suas inten\u00e7\u00f5es, voc\u00ea pode encontrar a for\u00e7a e a sabedoria necess\u00e1rias para navegar pelas mudan\u00e7as de vida com coragem e confian\u00e7a. A ora\u00e7\u00e3o n\u00e3o apenas proporciona uma conex\u00e3o profunda com o divino, mas tamb\u00e9m ajuda a cultivar a paz interior e a resili\u00eancia, permitindo que voc\u00ea enfrente as mudan\u00e7as com uma perspectiva mais positiva e esperan\u00e7osa.<\/p>\n\n\n\n<p class=\"wp-block-paragraph\"><strong>Voir aussi\u00a0: <a href=\"https:\/\/www.oracaoefe.com\/fr\/oracao-para-acalmar-uma-pessoa-urgente\/\">Ora\u00e7\u00e3o para acalmar uma pessoa urgente<\/a><\/strong><\/p>\n\n\n\n<p class=\"wp-block-paragraph\">12 de setembro de 2024<\/p>","protected":false},"excerpt":{"rendered":"<p>Mudan\u00e7as de vida s\u00e3o inevit\u00e1veis e podem ocorrer em diversas formas, desde mudan\u00e7as de carreira e mudan\u00e7as de resid\u00eancia at\u00e9 transforma\u00e7\u00f5es pessoais profundas. Embora essas transi\u00e7\u00f5es possam ser desafiadoras e, muitas vezes, desconcertantes, muitos encontram conforto e clareza na ora\u00e7\u00e3o. A ora\u00e7\u00e3o pode ser uma ferramenta poderosa para buscar orienta\u00e7\u00e3o, encontrar for\u00e7a e entender o&hellip;&nbsp;<\/p>","protected":false},"author":3,"featured_media":3024,"comment_status":"closed","ping_status":"closed","sticky":false,"template":"","format":"standard","meta":{"neve_meta_sidebar":"","neve_meta_container":"","neve_meta_enable_content_width":"","neve_meta_content_width":0,"neve_meta_title_alignment":"","neve_meta_author_avatar":"","neve_post_elements_order":"","neve_meta_disable_header":"","neve_meta_disable_footer":"","neve_meta_disable_title":"","footnotes":""},"categories":[2],"tags":[],"class_list":["post-3004","post","type-post","status-publish","format-standard","has-post-thumbnail","hentry","category-oracao"],"yoast_head":"<!-- This site is optimized with the Yoast SEO plugin v28.4 - https:\/\/yoast.com\/product\/yoast-seo-wordpress\/ -->\n<title>Ora\u00e7\u00e3o para encontrar dire\u00e7\u00e3o em momentos de mudan\u00e7a de vida - Ora\u00e7\u00e3o e F\u00e9<\/title>\n<meta name=\"description\" content=\"Deus tem pra voc\u00ea uma palavra de vida!\" \/>\n<meta name=\"robots\" content=\"index, follow, max-snippet:-1, max-image-preview:large, max-video-preview:-1\" \/>\n<link rel=\"canonical\" href=\"https:\/\/www.oracaoefe.com\/fr\/oracao-para-encontrar-direcao-em-momentos-de-mudanca-de-vida\/\" \/>\n<meta property=\"og:locale\" content=\"fr_FR\" \/>\n<meta property=\"og:type\" content=\"article\" \/>\n<meta property=\"og:title\" content=\"Ora\u00e7\u00e3o para encontrar dire\u00e7\u00e3o em momentos de mudan\u00e7a de vida - Ora\u00e7\u00e3o e F\u00e9\" \/>\n<meta property=\"og:description\" content=\"Deus tem pra voc\u00ea uma palavra de vida!\" \/>\n<meta property=\"og:url\" content=\"https:\/\/www.oracaoefe.com\/fr\/oracao-para-encontrar-direcao-em-momentos-de-mudanca-de-vida\/\" \/>\n<meta property=\"og:site_name\" content=\"Ora\u00e7\u00e3o e F\u00e9\" \/>\n<meta property=\"article:published_time\" content=\"2024-09-12T09:00:00+00:00\" \/>\n<meta property=\"og:image\" content=\"https:\/\/www.oracaoefe.com\/wp-content\/uploads\/2024\/08\/image-8.png\" \/>\n\t<meta property=\"og:image:width\" content=\"740\" \/>\n\t<meta property=\"og:image:height\" content=\"416\" \/>\n\t<meta property=\"og:image:type\" content=\"image\/png\" \/>\n<meta name=\"author\" content=\"Michele Azevedo\" \/>\n<meta name=\"twitter:card\" content=\"summary_large_image\" \/>\n<meta name=\"twitter:label1\" content=\"\u00c9crit par\" \/>\n\t<meta name=\"twitter:data1\" content=\"Michele Azevedo\" \/>\n\t<meta name=\"twitter:label2\" content=\"Dur\u00e9e de lecture estim\u00e9e\" \/>\n\t<meta name=\"twitter:data2\" content=\"5 minutes\" \/>\n<script type=\"application\/ld+json\" class=\"yoast-schema-graph\">{\"@context\":\"https:\\\/\\\/schema.org\",\"@graph\":[{\"@type\":\"Article\",\"@id\":\"https:\\\/\\\/www.oracaoefe.com\\\/oracao-para-encontrar-direcao-em-momentos-de-mudanca-de-vida\\\/#article\",\"isPartOf\":{\"@id\":\"https:\\\/\\\/www.oracaoefe.com\\\/oracao-para-encontrar-direcao-em-momentos-de-mudanca-de-vida\\\/\"},\"author\":{\"name\":\"Michele Azevedo\",\"@id\":\"https:\\\/\\\/www.oracaoefe.com\\\/#\\\/schema\\\/person\\\/17283c669442cf005c4d5bb58adfb7f5\"},\"headline\":\"Ora\u00e7\u00e3o para encontrar dire\u00e7\u00e3o em momentos de mudan\u00e7a de vida\",\"datePublished\":\"2024-09-12T09:00:00+00:00\",\"mainEntityOfPage\":{\"@id\":\"https:\\\/\\\/www.oracaoefe.com\\\/oracao-para-encontrar-direcao-em-momentos-de-mudanca-de-vida\\\/\"},\"wordCount\":993,\"image\":{\"@id\":\"https:\\\/\\\/www.oracaoefe.com\\\/oracao-para-encontrar-direcao-em-momentos-de-mudanca-de-vida\\\/#primaryimage\"},\"thumbnailUrl\":\"https:\\\/\\\/www.oracaoefe.com\\\/wp-content\\\/uploads\\\/2024\\\/08\\\/image-8.png\",\"articleSection\":[\"Ora\u00e7\u00e3o\"],\"inLanguage\":\"fr-FR\"},{\"@type\":\"WebPage\",\"@id\":\"https:\\\/\\\/www.oracaoefe.com\\\/oracao-para-encontrar-direcao-em-momentos-de-mudanca-de-vida\\\/\",\"url\":\"https:\\\/\\\/www.oracaoefe.com\\\/oracao-para-encontrar-direcao-em-momentos-de-mudanca-de-vida\\\/\",\"name\":\"Ora\u00e7\u00e3o para encontrar dire\u00e7\u00e3o em momentos de mudan\u00e7a de vida - Ora\u00e7\u00e3o e F\u00e9\",\"isPartOf\":{\"@id\":\"https:\\\/\\\/www.oracaoefe.com\\\/#website\"},\"primaryImageOfPage\":{\"@id\":\"https:\\\/\\\/www.oracaoefe.com\\\/oracao-para-encontrar-direcao-em-momentos-de-mudanca-de-vida\\\/#primaryimage\"},\"image\":{\"@id\":\"https:\\\/\\\/www.oracaoefe.com\\\/oracao-para-encontrar-direcao-em-momentos-de-mudanca-de-vida\\\/#primaryimage\"},\"thumbnailUrl\":\"https:\\\/\\\/www.oracaoefe.com\\\/wp-content\\\/uploads\\\/2024\\\/08\\\/image-8.png\",\"datePublished\":\"2024-09-12T09:00:00+00:00\",\"author\":{\"@id\":\"https:\\\/\\\/www.oracaoefe.com\\\/#\\\/schema\\\/person\\\/17283c669442cf005c4d5bb58adfb7f5\"},\"description\":\"Deus tem pra voc\u00ea uma palavra de vida!\",\"breadcrumb\":{\"@id\":\"https:\\\/\\\/www.oracaoefe.com\\\/oracao-para-encontrar-direcao-em-momentos-de-mudanca-de-vida\\\/#breadcrumb\"},\"inLanguage\":\"fr-FR\",\"potentialAction\":[{\"@type\":\"ReadAction\",\"target\":[\"https:\\\/\\\/www.oracaoefe.com\\\/oracao-para-encontrar-direcao-em-momentos-de-mudanca-de-vida\\\/\"]}]},{\"@type\":\"ImageObject\",\"inLanguage\":\"fr-FR\",\"@id\":\"https:\\\/\\\/www.oracaoefe.com\\\/oracao-para-encontrar-direcao-em-momentos-de-mudanca-de-vida\\\/#primaryimage\",\"url\":\"https:\\\/\\\/www.oracaoefe.com\\\/wp-content\\\/uploads\\\/2024\\\/08\\\/image-8.png\",\"contentUrl\":\"https:\\\/\\\/www.oracaoefe.com\\\/wp-content\\\/uploads\\\/2024\\\/08\\\/image-8.png\",\"width\":740,\"height\":416},{\"@type\":\"BreadcrumbList\",\"@id\":\"https:\\\/\\\/www.oracaoefe.com\\\/oracao-para-encontrar-direcao-em-momentos-de-mudanca-de-vida\\\/#breadcrumb\",\"itemListElement\":[{\"@type\":\"ListItem\",\"position\":1,\"name\":\"Home\",\"item\":\"https:\\\/\\\/www.oracaoefe.com\\\/\"},{\"@type\":\"ListItem\",\"position\":2,\"name\":\"Ora\u00e7\u00e3o\",\"item\":\"https:\\\/\\\/www.oracaoefe.com\\\/category\\\/oracao\\\/\"},{\"@type\":\"ListItem\",\"position\":3,\"name\":\"Ora\u00e7\u00e3o para encontrar dire\u00e7\u00e3o em momentos de mudan\u00e7a de vida\"}]},{\"@type\":\"WebSite\",\"@id\":\"https:\\\/\\\/www.oracaoefe.com\\\/#website\",\"url\":\"https:\\\/\\\/www.oracaoefe.com\\\/\",\"name\":\"Ora\u00e7\u00e3o e F\u00e9\",\"description\":\"\",\"potentialAction\":[{\"@type\":\"SearchAction\",\"target\":{\"@type\":\"EntryPoint\",\"urlTemplate\":\"https:\\\/\\\/www.oracaoefe.com\\\/?s={search_term_string}\"},\"query-input\":{\"@type\":\"PropertyValueSpecification\",\"valueRequired\":true,\"valueName\":\"search_term_string\"}}],\"inLanguage\":\"fr-FR\"},{\"@type\":\"Person\",\"@id\":\"https:\\\/\\\/www.oracaoefe.com\\\/#\\\/schema\\\/person\\\/17283c669442cf005c4d5bb58adfb7f5\",\"name\":\"Michele Azevedo\",\"image\":{\"@type\":\"ImageObject\",\"inLanguage\":\"fr-FR\",\"@id\":\"https:\\\/\\\/secure.gravatar.com\\\/avatar\\\/6b0eb9d22841282815e2cd856a0061c45e1761cd54b22e952d98c4746939aa85?s=96&d=mm&r=g\",\"url\":\"https:\\\/\\\/secure.gravatar.com\\\/avatar\\\/6b0eb9d22841282815e2cd856a0061c45e1761cd54b22e952d98c4746939aa85?s=96&d=mm&r=g\",\"contentUrl\":\"https:\\\/\\\/secure.gravatar.com\\\/avatar\\\/6b0eb9d22841282815e2cd856a0061c45e1761cd54b22e952d98c4746939aa85?s=96&d=mm&r=g\",\"caption\":\"Michele Azevedo\"},\"description\":\"Formada em Letras - Portugu\u00eas\\\/ Ingl\u00eas pela Universidade Estadual de Ponta Grossa (UEPG), p\u00f3s-graduada em Arte na Educa\u00e7\u00e3o (FAPI) e Psicopedagogia Escolar (FAPI), idealizadora e propriet\u00e1ria do site Escritora de Sucesso, possui experi\u00eancia em escrita para blogs em geral e atua como redatora e revisora dos conte\u00fados do Ora\u00e7\u00e3o e F\u00e9.\",\"url\":\"https:\\\/\\\/www.oracaoefe.com\\\/fr\\\/author\\\/michele-azevedo\\\/\"}]}<\/script>\n<!-- \/ Yoast SEO plugin. -->","yoast_head_json":{"title":"Ora\u00e7\u00e3o para encontrar dire\u00e7\u00e3o em momentos de mudan\u00e7a de vida - Ora\u00e7\u00e3o e F\u00e9","description":"Dieu a une parole de vie pour vous !","robots":{"index":"index","follow":"follow","max-snippet":"max-snippet:-1","max-image-preview":"max-image-preview:large","max-video-preview":"max-video-preview:-1"},"canonical":"https:\/\/www.oracaoefe.com\/fr\/oracao-para-encontrar-direcao-em-momentos-de-mudanca-de-vida\/","og_locale":"fr_FR","og_type":"article","og_title":"Ora\u00e7\u00e3o para encontrar dire\u00e7\u00e3o em momentos de mudan\u00e7a de vida - Ora\u00e7\u00e3o e F\u00e9","og_description":"Deus tem pra voc\u00ea uma palavra de vida!","og_url":"https:\/\/www.oracaoefe.com\/fr\/oracao-para-encontrar-direcao-em-momentos-de-mudanca-de-vida\/","og_site_name":"Ora\u00e7\u00e3o e F\u00e9","article_published_time":"2024-09-12T09:00:00+00:00","og_image":[{"width":740,"height":416,"url":"https:\/\/www.oracaoefe.com\/wp-content\/uploads\/2024\/08\/image-8.png","type":"image\/png"}],"author":"Michele Azevedo","twitter_card":"summary_large_image","twitter_misc":{"\u00c9crit par":"Michele Azevedo","Dur\u00e9e de lecture estim\u00e9e":"5 minutes"},"schema":{"@context":"https:\/\/schema.org","@graph":[{"@type":"Article","@id":"https:\/\/www.oracaoefe.com\/oracao-para-encontrar-direcao-em-momentos-de-mudanca-de-vida\/#article","isPartOf":{"@id":"https:\/\/www.oracaoefe.com\/oracao-para-encontrar-direcao-em-momentos-de-mudanca-de-vida\/"},"author":{"name":"Michele Azevedo","@id":"https:\/\/www.oracaoefe.com\/#\/schema\/person\/17283c669442cf005c4d5bb58adfb7f5"},"headline":"Ora\u00e7\u00e3o para encontrar dire\u00e7\u00e3o em momentos de mudan\u00e7a de vida","datePublished":"2024-09-12T09:00:00+00:00","mainEntityOfPage":{"@id":"https:\/\/www.oracaoefe.com\/oracao-para-encontrar-direcao-em-momentos-de-mudanca-de-vida\/"},"wordCount":993,"image":{"@id":"https:\/\/www.oracaoefe.com\/oracao-para-encontrar-direcao-em-momentos-de-mudanca-de-vida\/#primaryimage"},"thumbnailUrl":"https:\/\/www.oracaoefe.com\/wp-content\/uploads\/2024\/08\/image-8.png","articleSection":["Ora\u00e7\u00e3o"],"inLanguage":"fr-FR"},{"@type":"WebPage","@id":"https:\/\/www.oracaoefe.com\/oracao-para-encontrar-direcao-em-momentos-de-mudanca-de-vida\/","url":"https:\/\/www.oracaoefe.com\/oracao-para-encontrar-direcao-em-momentos-de-mudanca-de-vida\/","name":"Ora\u00e7\u00e3o para encontrar dire\u00e7\u00e3o em momentos de mudan\u00e7a de vida - Ora\u00e7\u00e3o e F\u00e9","isPartOf":{"@id":"https:\/\/www.oracaoefe.com\/#website"},"primaryImageOfPage":{"@id":"https:\/\/www.oracaoefe.com\/oracao-para-encontrar-direcao-em-momentos-de-mudanca-de-vida\/#primaryimage"},"image":{"@id":"https:\/\/www.oracaoefe.com\/oracao-para-encontrar-direcao-em-momentos-de-mudanca-de-vida\/#primaryimage"},"thumbnailUrl":"https:\/\/www.oracaoefe.com\/wp-content\/uploads\/2024\/08\/image-8.png","datePublished":"2024-09-12T09:00:00+00:00","author":{"@id":"https:\/\/www.oracaoefe.com\/#\/schema\/person\/17283c669442cf005c4d5bb58adfb7f5"},"description":"Dieu a une parole de vie pour vous !","breadcrumb":{"@id":"https:\/\/www.oracaoefe.com\/oracao-para-encontrar-direcao-em-momentos-de-mudanca-de-vida\/#breadcrumb"},"inLanguage":"fr-FR","potentialAction":[{"@type":"ReadAction","target":["https:\/\/www.oracaoefe.com\/oracao-para-encontrar-direcao-em-momentos-de-mudanca-de-vida\/"]}]},{"@type":"ImageObject","inLanguage":"fr-FR","@id":"https:\/\/www.oracaoefe.com\/oracao-para-encontrar-direcao-em-momentos-de-mudanca-de-vida\/#primaryimage","url":"https:\/\/www.oracaoefe.com\/wp-content\/uploads\/2024\/08\/image-8.png","contentUrl":"https:\/\/www.oracaoefe.com\/wp-content\/uploads\/2024\/08\/image-8.png","width":740,"height":416},{"@type":"BreadcrumbList","@id":"https:\/\/www.oracaoefe.com\/oracao-para-encontrar-direcao-em-momentos-de-mudanca-de-vida\/#breadcrumb","itemListElement":[{"@type":"ListItem","position":1,"name":"Home","item":"https:\/\/www.oracaoefe.com\/"},{"@type":"ListItem","position":2,"name":"Ora\u00e7\u00e3o","item":"https:\/\/www.oracaoefe.com\/category\/oracao\/"},{"@type":"ListItem","position":3,"name":"Ora\u00e7\u00e3o para encontrar dire\u00e7\u00e3o em momentos de mudan\u00e7a de vida"}]},{"@type":"WebSite","@id":"https:\/\/www.oracaoefe.com\/#website","url":"https:\/\/www.oracaoefe.com\/","name":"Pri\u00e8re et foi","description":"","potentialAction":[{"@type":"SearchAction","target":{"@type":"EntryPoint","urlTemplate":"https:\/\/www.oracaoefe.com\/?s={search_term_string}"},"query-input":{"@type":"PropertyValueSpecification","valueRequired":true,"valueName":"search_term_string"}}],"inLanguage":"fr-FR"},{"@type":"Person","@id":"https:\/\/www.oracaoefe.com\/#\/schema\/person\/17283c669442cf005c4d5bb58adfb7f5","name":"Michele Azevedo","image":{"@type":"ImageObject","inLanguage":"fr-FR","@id":"https:\/\/secure.gravatar.com\/avatar\/6b0eb9d22841282815e2cd856a0061c45e1761cd54b22e952d98c4746939aa85?s=96&d=mm&r=g","url":"https:\/\/secure.gravatar.com\/avatar\/6b0eb9d22841282815e2cd856a0061c45e1761cd54b22e952d98c4746939aa85?s=96&d=mm&r=g","contentUrl":"https:\/\/secure.gravatar.com\/avatar\/6b0eb9d22841282815e2cd856a0061c45e1761cd54b22e952d98c4746939aa85?s=96&d=mm&r=g","caption":"Michele Azevedo"},"description":"Dipl\u00f4m\u00e9e en litt\u00e9rature portugaise\/anglaise de l&#039;Universit\u00e9 d&#039;\u00c9tat de Ponta Grossa (UEPG), avec des dipl\u00f4mes de troisi\u00e8me cycle en art dans l&#039;\u00e9ducation (FAPI) et en psychop\u00e9dagogie scolaire (FAPI), elle est la cr\u00e9atrice et propri\u00e9taire du site web Escritora de Sucesso, a de l&#039;exp\u00e9rience dans l&#039;\u00e9criture pour les blogs en g\u00e9n\u00e9ral et travaille comme r\u00e9dactrice et \u00e9ditrice du contenu pour Ora\u00e7\u00e3o e F\u00e9.","url":"https:\/\/www.oracaoefe.com\/fr\/author\/michele-azevedo\/"}]}},"_links":{"self":[{"href":"https:\/\/www.oracaoefe.com\/fr\/wp-json\/wp\/v2\/posts\/3004","targetHints":{"allow":["GET"]}}],"collection":[{"href":"https:\/\/www.oracaoefe.com\/fr\/wp-json\/wp\/v2\/posts"}],"about":[{"href":"https:\/\/www.oracaoefe.com\/fr\/wp-json\/wp\/v2\/types\/post"}],"author":[{"embeddable":true,"href":"https:\/\/www.oracaoefe.com\/fr\/wp-json\/wp\/v2\/users\/3"}],"replies":[{"embeddable":true,"href":"https:\/\/www.oracaoefe.com\/fr\/wp-json\/wp\/v2\/comments?post=3004"}],"version-history":[{"count":2,"href":"https:\/\/www.oracaoefe.com\/fr\/wp-json\/wp\/v2\/posts\/3004\/revisions"}],"predecessor-version":[{"id":3025,"href":"https:\/\/www.oracaoefe.com\/fr\/wp-json\/wp\/v2\/posts\/3004\/revisions\/3025"}],"wp:featuredmedia":[{"embeddable":true,"href":"https:\/\/www.oracaoefe.com\/fr\/wp-json\/wp\/v2\/media\/3024"}],"wp:attachment":[{"href":"https:\/\/www.oracaoefe.com\/fr\/wp-json\/wp\/v2\/media?parent=3004"}],"wp:term":[{"taxonomy":"category","embeddable":true,"href":"https:\/\/www.oracaoefe.com\/fr\/wp-json\/wp\/v2\/categories?post=3004"},{"taxonomy":"post_tag","embeddable":true,"href":"https:\/\/www.oracaoefe.com\/fr\/wp-json\/wp\/v2\/tags?post=3004"}],"curies":[{"name":"wp","href":"https:\/\/api.w.org\/{rel}","templated":true}]}}