{"id":3002,"date":"2024-09-09T06:00:00","date_gmt":"2024-09-09T09:00:00","guid":{"rendered":"https:\/\/www.oracaoefe.com\/?p=3002"},"modified":"2024-08-19T20:08:54","modified_gmt":"2024-08-19T23:08:54","slug":"iniciativas-recentes-para-a-inclusao-religiosa-no-espaco-publico","status":"publish","type":"post","link":"https:\/\/www.oracaoefe.com\/fr\/iniciativas-recentes-para-a-inclusao-religiosa-no-espaco-publico\/","title":{"rendered":"Iniciativas recentes para a inclus\u00e3o religiosa no espa\u00e7o p\u00fablico"},"content":{"rendered":"<p class=\"wp-block-paragraph\">A diversidade religiosa \u00e9 uma caracter\u00edstica importante das sociedades modernas, refletindo a riqueza de cren\u00e7as e pr\u00e1ticas que contribuem para a pluralidade cultural. No entanto, a inclus\u00e3o religiosa no espa\u00e7o p\u00fablico ainda enfrenta desafios significativos, especialmente em sociedades que t\u00eam tradi\u00e7\u00f5es seculares ou que buscam manter a separa\u00e7\u00e3o entre religi\u00e3o e Estado. Recentemente, diversas iniciativas t\u00eam surgido com o objetivo de promover a inclus\u00e3o religiosa no espa\u00e7o p\u00fablico, respeitando e celebrando a diversidade de cren\u00e7as e pr\u00e1ticas. <\/p>\n\n\n\n<h2 class=\"wp-block-heading\">A import\u00e2ncia da inclus\u00e3o religiosa no espa\u00e7o p\u00fablico<\/h2>\n\n\n\n<p class=\"wp-block-paragraph\">A inclus\u00e3o religiosa no espa\u00e7o p\u00fablico \u00e9 fundamental para garantir que todas as pessoas, independentemente de suas cren\u00e7as, possam participar plenamente da vida comunit\u00e1ria e ter acesso a um ambiente respeitoso e acolhedor. Isso n\u00e3o apenas promove a igualdade de direitos, mas tamb\u00e9m enriquece a sociedade com uma maior compreens\u00e3o e aprecia\u00e7\u00e3o das diferentes tradi\u00e7\u00f5es e pr\u00e1ticas religiosas. Iniciativas para a inclus\u00e3o religiosa podem variar desde a adapta\u00e7\u00e3o de pol\u00edticas p\u00fablicas at\u00e9 a promo\u00e7\u00e3o de eventos comunit\u00e1rios que refletem a diversidade religiosa.<\/p>\n\n\n\n<figure class=\"wp-block-image size-full is-resized\"><img loading=\"lazy\" decoding=\"async\" width=\"740\" height=\"494\" src=\"https:\/\/www.oracaoefe.com\/wp-content\/uploads\/2024\/08\/image-7.png\" alt=\"\" class=\"wp-image-3022\" style=\"width:840px;height:auto\" srcset=\"https:\/\/www.oracaoefe.com\/wp-content\/uploads\/2024\/08\/image-7.png 740w, https:\/\/www.oracaoefe.com\/wp-content\/uploads\/2024\/08\/image-7-300x200.png 300w, https:\/\/www.oracaoefe.com\/wp-content\/uploads\/2024\/08\/image-7-18x12.png 18w\" sizes=\"auto, (max-width: 740px) 100vw, 740px\" \/><\/figure>\n\n\n\n<h2 class=\"wp-block-heading\">Iniciativas recentes para promover a inclus\u00e3o religiosa<\/h2>\n\n\n\n<h3 class=\"wp-block-heading\">1. <strong>Espa\u00e7os de ora\u00e7\u00e3o e medita\u00e7\u00e3o em institui\u00e7\u00f5es p\u00fablicas<\/strong><\/h3>\n\n\n\n<p class=\"wp-block-paragraph\">Nos \u00faltimos anos, v\u00e1rias institui\u00e7\u00f5es p\u00fablicas, incluindo universidades e locais de trabalho, t\u00eam adotado pol\u00edticas para criar espa\u00e7os dedicados \u00e0 ora\u00e7\u00e3o e medita\u00e7\u00e3o. Esses espa\u00e7os permitem que indiv\u00edduos de diferentes cren\u00e7as possam praticar suas tradi\u00e7\u00f5es religiosas sem discrimina\u00e7\u00e3o ou constrangimento. Por exemplo, algumas universidades t\u00eam implementado salas de ora\u00e7\u00e3o acess\u00edveis a todos os alunos, promovendo um ambiente de respeito e inclus\u00e3o para estudantes de diferentes religi\u00f5es. Da mesma forma, empresas e organiza\u00e7\u00f5es t\u00eam criado \u00e1reas de medita\u00e7\u00e3o para atender \u00e0s necessidades espirituais de seus funcion\u00e1rios.<\/p>\n\n\n\n<h3 class=\"wp-block-heading\">2. <strong>Adapta\u00e7\u00e3o de pol\u00edticas para atender \u00e0s necessidades religiosas<\/strong><\/h3>\n\n\n\n<p class=\"wp-block-paragraph\">Outra iniciativa importante tem sido a adapta\u00e7\u00e3o de pol\u00edticas p\u00fablicas para melhor atender \u00e0s necessidades religiosas das pessoas. Isso inclui a modifica\u00e7\u00e3o de leis e regulamentos para permitir o uso de roupas religiosas, como hijabs e turbantes, em ambientes p\u00fablicos e locais de trabalho. Al\u00e9m disso, alguns governos t\u00eam revisado pol\u00edticas relacionadas a feriados e hor\u00e1rios de trabalho para garantir que as pr\u00e1ticas religiosas possam ser respeitadas sem prejudicar os direitos dos indiv\u00edduos. Essas mudan\u00e7as ajudam a criar um ambiente mais inclusivo e a promover a equidade no espa\u00e7o p\u00fablico.<\/p>\n\n\n\n<h3 class=\"wp-block-heading\">3. <strong>Programas educacionais sobre diversidade religiosa<\/strong><\/h3>\n\n\n\n<p class=\"wp-block-paragraph\">Educa\u00e7\u00e3o e conscientiza\u00e7\u00e3o s\u00e3o fundamentais para promover a inclus\u00e3o religiosa no espa\u00e7o p\u00fablico. V\u00e1rias escolas e institui\u00e7\u00f5es educacionais t\u00eam implementado programas de ensino sobre diversidade religiosa, com o objetivo de aumentar a compreens\u00e3o e o respeito entre os alunos de diferentes cren\u00e7as. Esses programas frequentemente incluem workshops, palestras e eventos culturais que exploram a variedade de tradi\u00e7\u00f5es religiosas e oferecem uma plataforma para discuss\u00f5es abertas e respeitosas sobre quest\u00f5es de f\u00e9.<\/p>\n\n\n\n<h3 class=\"wp-block-heading\">4. <strong>Eventos comunit\u00e1rios que celebram a diversidade religiosa<\/strong><\/h3>\n\n\n\n<p class=\"wp-block-paragraph\">Eventos comunit\u00e1rios que celebram a diversidade religiosa t\u00eam se tornado cada vez mais comuns, proporcionando oportunidades para que pessoas de diferentes cren\u00e7as se reunam e compartilhem suas tradi\u00e7\u00f5es. Festivais culturais, feiras religiosas e celebra\u00e7\u00f5es inter-religiosas s\u00e3o exemplos de iniciativas que promovem a inclus\u00e3o e a coes\u00e3o social. Esses eventos n\u00e3o apenas oferecem um espa\u00e7o para a express\u00e3o religiosa, mas tamb\u00e9m incentivam a intera\u00e7\u00e3o e o di\u00e1logo entre comunidades de diferentes cren\u00e7as, fortalecendo o entendimento m\u00fatuo e a solidariedade.<\/p>\n\n\n\n<h3 class=\"wp-block-heading\">5. <strong>Apoio \u00e0s organiza\u00e7\u00f5es religiosas em servi\u00e7os p\u00fablicos<\/strong><\/h3>\n\n\n\n<p class=\"wp-block-paragraph\">Algumas cidades e governos t\u00eam apoiado organiza\u00e7\u00f5es religiosas na presta\u00e7\u00e3o de servi\u00e7os p\u00fablicos, como assist\u00eancia social e apoio comunit\u00e1rio. Esse apoio pode incluir parcerias entre entidades governamentais e organiza\u00e7\u00f5es religiosas para fornecer alimentos, abrigo e servi\u00e7os de sa\u00fade para popula\u00e7\u00f5es vulner\u00e1veis. Al\u00e9m de ajudar a atender \u00e0s necessidades da comunidade, essas parcerias tamb\u00e9m reconhecem o papel importante que as organiza\u00e7\u00f5es religiosas desempenham na sociedade e promovem uma maior inclus\u00e3o religiosa no espa\u00e7o p\u00fablico.<\/p>\n\n\n\n<h2 class=\"wp-block-heading\">Impacto das iniciativas de inclus\u00e3o religiosa<\/h2>\n\n\n\n<p class=\"wp-block-paragraph\">As iniciativas de inclus\u00e3o religiosa t\u00eam um impacto significativo na coes\u00e3o social, promovendo um ambiente de respeito e entendimento m\u00fatuo entre pessoas de diferentes cren\u00e7as. Ao criar espa\u00e7os e oportunidades para a express\u00e3o religiosa e ao adaptar pol\u00edticas para atender \u00e0s necessidades diversas, essas iniciativas ajudam a construir comunidades mais integradas e harmoniosas.<\/p>\n\n\n\n<h3 class=\"wp-block-heading\">Respeito pelos direitos individuais<\/h3>\n\n\n\n<p class=\"wp-block-paragraph\">A inclus\u00e3o religiosa no espa\u00e7o p\u00fablico tamb\u00e9m refor\u00e7a o respeito pelos direitos individuais, garantindo que todos tenham a liberdade de praticar sua f\u00e9 sem enfrentar discrimina\u00e7\u00e3o ou barreiras. Isso \u00e9 fundamental para a constru\u00e7\u00e3o de uma sociedade justa e equitativa, onde todas as pessoas podem participar plenamente e se sentir valorizadas.<\/p>\n\n\n\n<h3 class=\"wp-block-heading\">Enriquecimento cultural<\/h3>\n\n\n\n<p class=\"wp-block-paragraph\">A promo\u00e7\u00e3o da diversidade religiosa contribui para o enriquecimento cultural das comunidades. Atrav\u00e9s da celebra\u00e7\u00e3o e da troca de tradi\u00e7\u00f5es religiosas, as sociedades ganham uma maior aprecia\u00e7\u00e3o e compreens\u00e3o das diferentes pr\u00e1ticas e cren\u00e7as, o que pode levar a uma maior inova\u00e7\u00e3o e criatividade cultural.<\/p>\n\n\n\n<h2 class=\"wp-block-heading\">Avan\u00e7ando para uma maior inclus\u00e3o religiosa<\/h2>\n\n\n\n<p class=\"wp-block-paragraph\">As iniciativas recentes para a inclus\u00e3o religiosa no espa\u00e7o p\u00fablico s\u00e3o um passo importante em dire\u00e7\u00e3o \u00e0 constru\u00e7\u00e3o de sociedades mais justas e inclusivas. Ao criar espa\u00e7os de ora\u00e7\u00e3o, adaptar pol\u00edticas, promover a educa\u00e7\u00e3o sobre diversidade religiosa e apoiar eventos comunit\u00e1rios, estamos trabalhando para garantir que todas as pessoas, independentemente de suas cren\u00e7as, possam participar plenamente da vida comunit\u00e1ria. <\/p>\n\n\n\n<p class=\"wp-block-paragraph\">\u00c0 medida que continuamos a avan\u00e7ar para uma maior inclus\u00e3o, \u00e9 essencial manter o di\u00e1logo aberto e a disposi\u00e7\u00e3o para aprender com as diversas tradi\u00e7\u00f5es e pr\u00e1ticas religiosas. A inclus\u00e3o religiosa n\u00e3o apenas fortalece a coes\u00e3o social, mas tamb\u00e9m enriquece nossas comunidades com a diversidade cultural e espiritual.<\/p>\n\n\n\n<p class=\"wp-block-paragraph\"><strong>Voir aussi\u00a0: <a href=\"https:\/\/www.oracaoefe.com\/fr\/oracao-para-acalmar-uma-pessoa-urgente\/\">Ora\u00e7\u00e3o para acalmar uma pessoa urgente<\/a><\/strong><\/p>\n\n\n\n<p class=\"wp-block-paragraph\">9 de setembro de 2024<\/p>","protected":false},"excerpt":{"rendered":"<p>A diversidade religiosa \u00e9 uma caracter\u00edstica importante das sociedades modernas, refletindo a riqueza de cren\u00e7as e pr\u00e1ticas que contribuem para a pluralidade cultural. No entanto, a inclus\u00e3o religiosa no espa\u00e7o p\u00fablico ainda enfrenta desafios significativos, especialmente em sociedades que t\u00eam tradi\u00e7\u00f5es seculares ou que buscam manter a separa\u00e7\u00e3o entre religi\u00e3o e Estado. Recentemente, diversas iniciativas&hellip;&nbsp;<\/p>","protected":false},"author":3,"featured_media":3022,"comment_status":"closed","ping_status":"closed","sticky":false,"template":"","format":"standard","meta":{"neve_meta_sidebar":"","neve_meta_container":"","neve_meta_enable_content_width":"","neve_meta_content_width":0,"neve_meta_title_alignment":"","neve_meta_author_avatar":"","neve_post_elements_order":"","neve_meta_disable_header":"","neve_meta_disable_footer":"","neve_meta_disable_title":"","footnotes":""},"categories":[4],"tags":[],"class_list":["post-3002","post","type-post","status-publish","format-standard","has-post-thumbnail","hentry","category-fique-por-dentro"],"yoast_head":"<!-- This site is optimized with the Yoast SEO plugin v28.4 - https:\/\/yoast.com\/product\/yoast-seo-wordpress\/ -->\n<title>Iniciativas recentes para a inclus\u00e3o religiosa no espa\u00e7o p\u00fablico - Ora\u00e7\u00e3o e F\u00e9<\/title>\n<meta name=\"description\" content=\"Deus tem pra voc\u00ea uma palavra de vida!\" \/>\n<meta name=\"robots\" content=\"index, follow, max-snippet:-1, max-image-preview:large, max-video-preview:-1\" \/>\n<link rel=\"canonical\" href=\"https:\/\/www.oracaoefe.com\/fr\/iniciativas-recentes-para-a-inclusao-religiosa-no-espaco-publico\/\" \/>\n<meta property=\"og:locale\" content=\"fr_FR\" \/>\n<meta property=\"og:type\" content=\"article\" \/>\n<meta property=\"og:title\" content=\"Iniciativas recentes para a inclus\u00e3o religiosa no espa\u00e7o p\u00fablico - Ora\u00e7\u00e3o e F\u00e9\" \/>\n<meta property=\"og:description\" content=\"Deus tem pra voc\u00ea uma palavra de vida!\" \/>\n<meta property=\"og:url\" content=\"https:\/\/www.oracaoefe.com\/fr\/iniciativas-recentes-para-a-inclusao-religiosa-no-espaco-publico\/\" \/>\n<meta property=\"og:site_name\" content=\"Ora\u00e7\u00e3o e F\u00e9\" \/>\n<meta property=\"article:published_time\" content=\"2024-09-09T09:00:00+00:00\" \/>\n<meta property=\"og:image\" content=\"https:\/\/www.oracaoefe.com\/wp-content\/uploads\/2024\/08\/image-7.png\" \/>\n\t<meta property=\"og:image:width\" content=\"740\" \/>\n\t<meta property=\"og:image:height\" content=\"494\" \/>\n\t<meta property=\"og:image:type\" content=\"image\/png\" \/>\n<meta name=\"author\" content=\"Michele Azevedo\" \/>\n<meta name=\"twitter:card\" content=\"summary_large_image\" \/>\n<meta name=\"twitter:label1\" content=\"\u00c9crit par\" \/>\n\t<meta name=\"twitter:data1\" content=\"Michele Azevedo\" \/>\n\t<meta name=\"twitter:label2\" content=\"Dur\u00e9e de lecture estim\u00e9e\" \/>\n\t<meta name=\"twitter:data2\" content=\"5 minutes\" \/>\n<script type=\"application\/ld+json\" class=\"yoast-schema-graph\">{\"@context\":\"https:\\\/\\\/schema.org\",\"@graph\":[{\"@type\":\"Article\",\"@id\":\"https:\\\/\\\/www.oracaoefe.com\\\/iniciativas-recentes-para-a-inclusao-religiosa-no-espaco-publico\\\/#article\",\"isPartOf\":{\"@id\":\"https:\\\/\\\/www.oracaoefe.com\\\/iniciativas-recentes-para-a-inclusao-religiosa-no-espaco-publico\\\/\"},\"author\":{\"name\":\"Michele Azevedo\",\"@id\":\"https:\\\/\\\/www.oracaoefe.com\\\/#\\\/schema\\\/person\\\/17283c669442cf005c4d5bb58adfb7f5\"},\"headline\":\"Iniciativas recentes para a inclus\u00e3o religiosa no espa\u00e7o p\u00fablico\",\"datePublished\":\"2024-09-09T09:00:00+00:00\",\"mainEntityOfPage\":{\"@id\":\"https:\\\/\\\/www.oracaoefe.com\\\/iniciativas-recentes-para-a-inclusao-religiosa-no-espaco-publico\\\/\"},\"wordCount\":1081,\"image\":{\"@id\":\"https:\\\/\\\/www.oracaoefe.com\\\/iniciativas-recentes-para-a-inclusao-religiosa-no-espaco-publico\\\/#primaryimage\"},\"thumbnailUrl\":\"https:\\\/\\\/www.oracaoefe.com\\\/wp-content\\\/uploads\\\/2024\\\/08\\\/image-7.png\",\"articleSection\":[\"Fique por Dentro\"],\"inLanguage\":\"fr-FR\"},{\"@type\":\"WebPage\",\"@id\":\"https:\\\/\\\/www.oracaoefe.com\\\/iniciativas-recentes-para-a-inclusao-religiosa-no-espaco-publico\\\/\",\"url\":\"https:\\\/\\\/www.oracaoefe.com\\\/iniciativas-recentes-para-a-inclusao-religiosa-no-espaco-publico\\\/\",\"name\":\"Iniciativas recentes para a inclus\u00e3o religiosa no espa\u00e7o p\u00fablico - Ora\u00e7\u00e3o e F\u00e9\",\"isPartOf\":{\"@id\":\"https:\\\/\\\/www.oracaoefe.com\\\/#website\"},\"primaryImageOfPage\":{\"@id\":\"https:\\\/\\\/www.oracaoefe.com\\\/iniciativas-recentes-para-a-inclusao-religiosa-no-espaco-publico\\\/#primaryimage\"},\"image\":{\"@id\":\"https:\\\/\\\/www.oracaoefe.com\\\/iniciativas-recentes-para-a-inclusao-religiosa-no-espaco-publico\\\/#primaryimage\"},\"thumbnailUrl\":\"https:\\\/\\\/www.oracaoefe.com\\\/wp-content\\\/uploads\\\/2024\\\/08\\\/image-7.png\",\"datePublished\":\"2024-09-09T09:00:00+00:00\",\"author\":{\"@id\":\"https:\\\/\\\/www.oracaoefe.com\\\/#\\\/schema\\\/person\\\/17283c669442cf005c4d5bb58adfb7f5\"},\"description\":\"Deus tem pra voc\u00ea uma palavra de vida!\",\"breadcrumb\":{\"@id\":\"https:\\\/\\\/www.oracaoefe.com\\\/iniciativas-recentes-para-a-inclusao-religiosa-no-espaco-publico\\\/#breadcrumb\"},\"inLanguage\":\"fr-FR\",\"potentialAction\":[{\"@type\":\"ReadAction\",\"target\":[\"https:\\\/\\\/www.oracaoefe.com\\\/iniciativas-recentes-para-a-inclusao-religiosa-no-espaco-publico\\\/\"]}]},{\"@type\":\"ImageObject\",\"inLanguage\":\"fr-FR\",\"@id\":\"https:\\\/\\\/www.oracaoefe.com\\\/iniciativas-recentes-para-a-inclusao-religiosa-no-espaco-publico\\\/#primaryimage\",\"url\":\"https:\\\/\\\/www.oracaoefe.com\\\/wp-content\\\/uploads\\\/2024\\\/08\\\/image-7.png\",\"contentUrl\":\"https:\\\/\\\/www.oracaoefe.com\\\/wp-content\\\/uploads\\\/2024\\\/08\\\/image-7.png\",\"width\":740,\"height\":494},{\"@type\":\"BreadcrumbList\",\"@id\":\"https:\\\/\\\/www.oracaoefe.com\\\/iniciativas-recentes-para-a-inclusao-religiosa-no-espaco-publico\\\/#breadcrumb\",\"itemListElement\":[{\"@type\":\"ListItem\",\"position\":1,\"name\":\"Home\",\"item\":\"https:\\\/\\\/www.oracaoefe.com\\\/\"},{\"@type\":\"ListItem\",\"position\":2,\"name\":\"Fique por Dentro\",\"item\":\"https:\\\/\\\/www.oracaoefe.com\\\/category\\\/fique-por-dentro\\\/\"},{\"@type\":\"ListItem\",\"position\":3,\"name\":\"Iniciativas recentes para a inclus\u00e3o religiosa no espa\u00e7o p\u00fablico\"}]},{\"@type\":\"WebSite\",\"@id\":\"https:\\\/\\\/www.oracaoefe.com\\\/#website\",\"url\":\"https:\\\/\\\/www.oracaoefe.com\\\/\",\"name\":\"Ora\u00e7\u00e3o e F\u00e9\",\"description\":\"\",\"potentialAction\":[{\"@type\":\"SearchAction\",\"target\":{\"@type\":\"EntryPoint\",\"urlTemplate\":\"https:\\\/\\\/www.oracaoefe.com\\\/?s={search_term_string}\"},\"query-input\":{\"@type\":\"PropertyValueSpecification\",\"valueRequired\":true,\"valueName\":\"search_term_string\"}}],\"inLanguage\":\"fr-FR\"},{\"@type\":\"Person\",\"@id\":\"https:\\\/\\\/www.oracaoefe.com\\\/#\\\/schema\\\/person\\\/17283c669442cf005c4d5bb58adfb7f5\",\"name\":\"Michele Azevedo\",\"image\":{\"@type\":\"ImageObject\",\"inLanguage\":\"fr-FR\",\"@id\":\"https:\\\/\\\/secure.gravatar.com\\\/avatar\\\/6b0eb9d22841282815e2cd856a0061c45e1761cd54b22e952d98c4746939aa85?s=96&d=mm&r=g\",\"url\":\"https:\\\/\\\/secure.gravatar.com\\\/avatar\\\/6b0eb9d22841282815e2cd856a0061c45e1761cd54b22e952d98c4746939aa85?s=96&d=mm&r=g\",\"contentUrl\":\"https:\\\/\\\/secure.gravatar.com\\\/avatar\\\/6b0eb9d22841282815e2cd856a0061c45e1761cd54b22e952d98c4746939aa85?s=96&d=mm&r=g\",\"caption\":\"Michele Azevedo\"},\"description\":\"Formada em Letras - Portugu\u00eas\\\/ Ingl\u00eas pela Universidade Estadual de Ponta Grossa (UEPG), p\u00f3s-graduada em Arte na Educa\u00e7\u00e3o (FAPI) e Psicopedagogia Escolar (FAPI), idealizadora e propriet\u00e1ria do site Escritora de Sucesso, possui experi\u00eancia em escrita para blogs em geral e atua como redatora e revisora dos conte\u00fados do Ora\u00e7\u00e3o e F\u00e9.\",\"url\":\"https:\\\/\\\/www.oracaoefe.com\\\/fr\\\/author\\\/michele-azevedo\\\/\"}]}<\/script>\n<!-- \/ Yoast SEO plugin. -->","yoast_head_json":{"title":"Iniciativas recentes para a inclus\u00e3o religiosa no espa\u00e7o p\u00fablico - Ora\u00e7\u00e3o e F\u00e9","description":"Dieu a une parole de vie pour vous !","robots":{"index":"index","follow":"follow","max-snippet":"max-snippet:-1","max-image-preview":"max-image-preview:large","max-video-preview":"max-video-preview:-1"},"canonical":"https:\/\/www.oracaoefe.com\/fr\/iniciativas-recentes-para-a-inclusao-religiosa-no-espaco-publico\/","og_locale":"fr_FR","og_type":"article","og_title":"Iniciativas recentes para a inclus\u00e3o religiosa no espa\u00e7o p\u00fablico - Ora\u00e7\u00e3o e F\u00e9","og_description":"Deus tem pra voc\u00ea uma palavra de vida!","og_url":"https:\/\/www.oracaoefe.com\/fr\/iniciativas-recentes-para-a-inclusao-religiosa-no-espaco-publico\/","og_site_name":"Ora\u00e7\u00e3o e F\u00e9","article_published_time":"2024-09-09T09:00:00+00:00","og_image":[{"width":740,"height":494,"url":"https:\/\/www.oracaoefe.com\/wp-content\/uploads\/2024\/08\/image-7.png","type":"image\/png"}],"author":"Michele Azevedo","twitter_card":"summary_large_image","twitter_misc":{"\u00c9crit par":"Michele Azevedo","Dur\u00e9e de lecture estim\u00e9e":"5 minutes"},"schema":{"@context":"https:\/\/schema.org","@graph":[{"@type":"Article","@id":"https:\/\/www.oracaoefe.com\/iniciativas-recentes-para-a-inclusao-religiosa-no-espaco-publico\/#article","isPartOf":{"@id":"https:\/\/www.oracaoefe.com\/iniciativas-recentes-para-a-inclusao-religiosa-no-espaco-publico\/"},"author":{"name":"Michele Azevedo","@id":"https:\/\/www.oracaoefe.com\/#\/schema\/person\/17283c669442cf005c4d5bb58adfb7f5"},"headline":"Iniciativas recentes para a inclus\u00e3o religiosa no espa\u00e7o p\u00fablico","datePublished":"2024-09-09T09:00:00+00:00","mainEntityOfPage":{"@id":"https:\/\/www.oracaoefe.com\/iniciativas-recentes-para-a-inclusao-religiosa-no-espaco-publico\/"},"wordCount":1081,"image":{"@id":"https:\/\/www.oracaoefe.com\/iniciativas-recentes-para-a-inclusao-religiosa-no-espaco-publico\/#primaryimage"},"thumbnailUrl":"https:\/\/www.oracaoefe.com\/wp-content\/uploads\/2024\/08\/image-7.png","articleSection":["Fique por Dentro"],"inLanguage":"fr-FR"},{"@type":"WebPage","@id":"https:\/\/www.oracaoefe.com\/iniciativas-recentes-para-a-inclusao-religiosa-no-espaco-publico\/","url":"https:\/\/www.oracaoefe.com\/iniciativas-recentes-para-a-inclusao-religiosa-no-espaco-publico\/","name":"Iniciativas recentes para a inclus\u00e3o religiosa no espa\u00e7o p\u00fablico - Ora\u00e7\u00e3o e F\u00e9","isPartOf":{"@id":"https:\/\/www.oracaoefe.com\/#website"},"primaryImageOfPage":{"@id":"https:\/\/www.oracaoefe.com\/iniciativas-recentes-para-a-inclusao-religiosa-no-espaco-publico\/#primaryimage"},"image":{"@id":"https:\/\/www.oracaoefe.com\/iniciativas-recentes-para-a-inclusao-religiosa-no-espaco-publico\/#primaryimage"},"thumbnailUrl":"https:\/\/www.oracaoefe.com\/wp-content\/uploads\/2024\/08\/image-7.png","datePublished":"2024-09-09T09:00:00+00:00","author":{"@id":"https:\/\/www.oracaoefe.com\/#\/schema\/person\/17283c669442cf005c4d5bb58adfb7f5"},"description":"Dieu a une parole de vie pour vous !","breadcrumb":{"@id":"https:\/\/www.oracaoefe.com\/iniciativas-recentes-para-a-inclusao-religiosa-no-espaco-publico\/#breadcrumb"},"inLanguage":"fr-FR","potentialAction":[{"@type":"ReadAction","target":["https:\/\/www.oracaoefe.com\/iniciativas-recentes-para-a-inclusao-religiosa-no-espaco-publico\/"]}]},{"@type":"ImageObject","inLanguage":"fr-FR","@id":"https:\/\/www.oracaoefe.com\/iniciativas-recentes-para-a-inclusao-religiosa-no-espaco-publico\/#primaryimage","url":"https:\/\/www.oracaoefe.com\/wp-content\/uploads\/2024\/08\/image-7.png","contentUrl":"https:\/\/www.oracaoefe.com\/wp-content\/uploads\/2024\/08\/image-7.png","width":740,"height":494},{"@type":"BreadcrumbList","@id":"https:\/\/www.oracaoefe.com\/iniciativas-recentes-para-a-inclusao-religiosa-no-espaco-publico\/#breadcrumb","itemListElement":[{"@type":"ListItem","position":1,"name":"Home","item":"https:\/\/www.oracaoefe.com\/"},{"@type":"ListItem","position":2,"name":"Fique por Dentro","item":"https:\/\/www.oracaoefe.com\/category\/fique-por-dentro\/"},{"@type":"ListItem","position":3,"name":"Iniciativas recentes para a inclus\u00e3o religiosa no espa\u00e7o p\u00fablico"}]},{"@type":"WebSite","@id":"https:\/\/www.oracaoefe.com\/#website","url":"https:\/\/www.oracaoefe.com\/","name":"Pri\u00e8re et foi","description":"","potentialAction":[{"@type":"SearchAction","target":{"@type":"EntryPoint","urlTemplate":"https:\/\/www.oracaoefe.com\/?s={search_term_string}"},"query-input":{"@type":"PropertyValueSpecification","valueRequired":true,"valueName":"search_term_string"}}],"inLanguage":"fr-FR"},{"@type":"Person","@id":"https:\/\/www.oracaoefe.com\/#\/schema\/person\/17283c669442cf005c4d5bb58adfb7f5","name":"Michele Azevedo","image":{"@type":"ImageObject","inLanguage":"fr-FR","@id":"https:\/\/secure.gravatar.com\/avatar\/6b0eb9d22841282815e2cd856a0061c45e1761cd54b22e952d98c4746939aa85?s=96&d=mm&r=g","url":"https:\/\/secure.gravatar.com\/avatar\/6b0eb9d22841282815e2cd856a0061c45e1761cd54b22e952d98c4746939aa85?s=96&d=mm&r=g","contentUrl":"https:\/\/secure.gravatar.com\/avatar\/6b0eb9d22841282815e2cd856a0061c45e1761cd54b22e952d98c4746939aa85?s=96&d=mm&r=g","caption":"Michele Azevedo"},"description":"Dipl\u00f4m\u00e9e en litt\u00e9rature portugaise\/anglaise de l&#039;Universit\u00e9 d&#039;\u00c9tat de Ponta Grossa (UEPG), avec des dipl\u00f4mes de troisi\u00e8me cycle en art dans l&#039;\u00e9ducation (FAPI) et en psychop\u00e9dagogie scolaire (FAPI), elle est la cr\u00e9atrice et propri\u00e9taire du site web Escritora de Sucesso, a de l&#039;exp\u00e9rience dans l&#039;\u00e9criture pour les blogs en g\u00e9n\u00e9ral et travaille comme r\u00e9dactrice et \u00e9ditrice du contenu pour Ora\u00e7\u00e3o e F\u00e9.","url":"https:\/\/www.oracaoefe.com\/fr\/author\/michele-azevedo\/"}]}},"_links":{"self":[{"href":"https:\/\/www.oracaoefe.com\/fr\/wp-json\/wp\/v2\/posts\/3002","targetHints":{"allow":["GET"]}}],"collection":[{"href":"https:\/\/www.oracaoefe.com\/fr\/wp-json\/wp\/v2\/posts"}],"about":[{"href":"https:\/\/www.oracaoefe.com\/fr\/wp-json\/wp\/v2\/types\/post"}],"author":[{"embeddable":true,"href":"https:\/\/www.oracaoefe.com\/fr\/wp-json\/wp\/v2\/users\/3"}],"replies":[{"embeddable":true,"href":"https:\/\/www.oracaoefe.com\/fr\/wp-json\/wp\/v2\/comments?post=3002"}],"version-history":[{"count":2,"href":"https:\/\/www.oracaoefe.com\/fr\/wp-json\/wp\/v2\/posts\/3002\/revisions"}],"predecessor-version":[{"id":3023,"href":"https:\/\/www.oracaoefe.com\/fr\/wp-json\/wp\/v2\/posts\/3002\/revisions\/3023"}],"wp:featuredmedia":[{"embeddable":true,"href":"https:\/\/www.oracaoefe.com\/fr\/wp-json\/wp\/v2\/media\/3022"}],"wp:attachment":[{"href":"https:\/\/www.oracaoefe.com\/fr\/wp-json\/wp\/v2\/media?parent=3002"}],"wp:term":[{"taxonomy":"category","embeddable":true,"href":"https:\/\/www.oracaoefe.com\/fr\/wp-json\/wp\/v2\/categories?post=3002"},{"taxonomy":"post_tag","embeddable":true,"href":"https:\/\/www.oracaoefe.com\/fr\/wp-json\/wp\/v2\/tags?post=3002"}],"curies":[{"name":"wp","href":"https:\/\/api.w.org\/{rel}","templated":true}]}}