{"id":3000,"date":"2024-09-06T06:00:00","date_gmt":"2024-09-06T09:00:00","guid":{"rendered":"https:\/\/www.oracaoefe.com\/?p=3000"},"modified":"2024-08-19T20:08:02","modified_gmt":"2024-08-19T23:08:02","slug":"o-papel-da-fe-nas-transformacoes-pessoais-testemunhos-recentes","status":"publish","type":"post","link":"https:\/\/www.oracaoefe.com\/fr\/o-papel-da-fe-nas-transformacoes-pessoais-testemunhos-recentes\/","title":{"rendered":"O papel da f\u00e9 nas transforma\u00e7\u00f5es pessoais: testemunhos recentes"},"content":{"rendered":"<p class=\"wp-block-paragraph\">A f\u00e9, em suas diversas formas, tem desempenhado um papel crucial na transforma\u00e7\u00e3o pessoal ao longo da hist\u00f3ria. Seja atrav\u00e9s da religi\u00e3o, espiritualidade ou cren\u00e7as pessoais, a f\u00e9 pode ser uma for\u00e7a poderosa que guia e sustenta indiv\u00edduos em momentos de mudan\u00e7a e desafios.<\/p>\n\n\n\n<h2 class=\"wp-block-heading\">A influ\u00eancia da f\u00e9 nas mudan\u00e7as de vida<\/h2>\n\n\n\n<p class=\"wp-block-paragraph\">A f\u00e9, independentemente de sua forma ou origem, pode fornecer uma base s\u00f3lida para enfrentar desafios e buscar crescimento pessoal. Quando as pessoas se deparam com mudan\u00e7as, dificuldades ou crises, a f\u00e9 muitas vezes oferece uma fonte de esperan\u00e7a, prop\u00f3sito e resili\u00eancia. Atrav\u00e9s de pr\u00e1ticas espirituais, cren\u00e7as e comunidades de f\u00e9, muitos encontram a for\u00e7a necess\u00e1ria para superar obst\u00e1culos e transformar suas vidas de maneira positiva.<\/p>\n\n\n\n<figure class=\"wp-block-image size-full is-resized\"><img loading=\"lazy\" decoding=\"async\" width=\"740\" height=\"494\" src=\"https:\/\/www.oracaoefe.com\/wp-content\/uploads\/2024\/08\/image-6.png\" alt=\"\" class=\"wp-image-3020\" style=\"width:840px;height:auto\" srcset=\"https:\/\/www.oracaoefe.com\/wp-content\/uploads\/2024\/08\/image-6.png 740w, https:\/\/www.oracaoefe.com\/wp-content\/uploads\/2024\/08\/image-6-300x200.png 300w, https:\/\/www.oracaoefe.com\/wp-content\/uploads\/2024\/08\/image-6-18x12.png 18w\" sizes=\"auto, (max-width: 740px) 100vw, 740px\" \/><\/figure>\n\n\n\n<h2 class=\"wp-block-heading\">Testemunhos recentes sobre a transforma\u00e7\u00e3o pessoal atrav\u00e9s da f\u00e9<\/h2>\n\n\n\n<h3 class=\"wp-block-heading\">1. <strong>O testemunho de Ana: Superando a adi\u00e7\u00e3o com apoio espiritual<\/strong><\/h3>\n\n\n\n<p class=\"wp-block-paragraph\">Ana, uma jovem de 32 anos, enfrentou uma longa batalha contra a adi\u00e7\u00e3o a subst\u00e2ncias. Ap\u00f3s anos de luta e tentativas fracassadas de tratamento, Ana decidiu buscar apoio espiritual. Ela se envolveu em um grupo de apoio religioso e come\u00e7ou a praticar a medita\u00e7\u00e3o e a ora\u00e7\u00e3o regularmente. Para Ana, a f\u00e9 se tornou uma \u00e2ncora em momentos de fraqueza e uma fonte de motiva\u00e7\u00e3o para permanecer s\u00f3bria. O apoio de sua comunidade de f\u00e9, junto com suas pr\u00e1ticas espirituais, desempenhou um papel crucial em sua recupera\u00e7\u00e3o e transforma\u00e7\u00e3o pessoal. Ana agora usa sua experi\u00eancia para ajudar outros que enfrentam desafios semelhantes, oferecendo apoio e orienta\u00e7\u00e3o baseada em sua jornada espiritual.<\/p>\n\n\n\n<h3 class=\"wp-block-heading\">2. <strong>O testemunho de Carlos: Enfrentando uma crise de sa\u00fade com esperan\u00e7a e f\u00e9<\/strong><\/h3>\n\n\n\n<p class=\"wp-block-paragraph\">Carlos, um empres\u00e1rio de 45 anos, recebeu um diagn\u00f3stico de uma doen\u00e7a grave que exigia tratamento intensivo e mudan\u00e7as significativas em seu estilo de vida. Durante esse per\u00edodo dif\u00edcil, Carlos encontrou conforto e for\u00e7a em sua f\u00e9. Ele come\u00e7ou a participar de servi\u00e7os religiosos regularmente e a buscar aconselhamento espiritual. A f\u00e9 lhe ofereceu uma nova perspectiva sobre sua condi\u00e7\u00e3o e o ajudou a manter uma atitude positiva e esperan\u00e7osa. Carlos acredita que sua f\u00e9 foi essencial para lidar com os desafios f\u00edsicos e emocionais da doen\u00e7a. Seu testemunho destaca como a f\u00e9 pode fornecer um senso de prop\u00f3sito e encorajamento durante momentos de crise.<\/p>\n\n\n\n<h3 class=\"wp-block-heading\">3. <strong>O testemunho de Maria: Transformando a vida atrav\u00e9s da pr\u00e1tica espiritual<\/strong><\/h3>\n\n\n\n<p class=\"wp-block-paragraph\">Maria, uma artista de 29 anos, sentiu-se perdida e desmotivada ap\u00f3s um per\u00edodo de insatisfa\u00e7\u00e3o pessoal e profissional. Em busca de uma nova dire\u00e7\u00e3o, ela come\u00e7ou a explorar diferentes pr\u00e1ticas espirituais e a se envolver em retiros de medita\u00e7\u00e3o. Atrav\u00e9s da pr\u00e1tica constante e da conex\u00e3o com uma comunidade espiritual, Maria descobriu um novo senso de prop\u00f3sito e inspira\u00e7\u00e3o. A f\u00e9 e a pr\u00e1tica espiritual n\u00e3o apenas ajudaram Maria a encontrar clareza sobre seus objetivos e paix\u00f5es, mas tamb\u00e9m a desenvolver uma maior autoconfian\u00e7a e satisfa\u00e7\u00e3o com sua vida. Hoje, ela compartilha sua jornada atrav\u00e9s de sua arte e palestras, inspirando outros a explorar o potencial transformador da f\u00e9 e da espiritualidade.<\/p>\n\n\n\n<h3 class=\"wp-block-heading\">4. <strong>O testemunho de John: Encontrando prop\u00f3sito ap\u00f3s a perda<\/strong><\/h3>\n\n\n\n<p class=\"wp-block-paragraph\">John, um professor de 50 anos, enfrentou a perda inesperada de seu c\u00f4njuge, um evento que deixou sua vida em desordem e repleta de dor. Em busca de consolo e entendimento, John voltou-se para sua f\u00e9 e se envolveu ativamente em sua comunidade religiosa. Ele come\u00e7ou a estudar textos sagrados e a participar de grupos de apoio para pessoas em luto. A f\u00e9 desempenhou um papel crucial na sua capacidade de lidar com a dor e encontrar um novo prop\u00f3sito na vida. John acredita que a f\u00e9 lhe deu a for\u00e7a necess\u00e1ria para enfrentar a perda e transformar seu sofrimento em um compromisso renovado com a ajuda aos outros. Seu testemunho ilustra como a f\u00e9 pode oferecer um caminho para a cura e a reconstru\u00e7\u00e3o ap\u00f3s grandes perdas.<\/p>\n\n\n\n<h2 class=\"wp-block-heading\">Reflex\u00f5es sobre o papel da f\u00e9 nas transforma\u00e7\u00f5es pessoais<\/h2>\n\n\n\n<p class=\"wp-block-paragraph\">Os testemunhos apresentados destacam como a f\u00e9 pode ser uma for\u00e7a poderosa que promove a resili\u00eancia e a transforma\u00e7\u00e3o pessoal. A capacidade de encontrar esperan\u00e7a e prop\u00f3sito em meio a desafios e adversidades \u00e9 uma caracter\u00edstica comum em muitas hist\u00f3rias de transforma\u00e7\u00e3o espiritual. A f\u00e9 fornece uma base s\u00f3lida que ajuda os indiv\u00edduos a enfrentar dificuldades com uma perspectiva mais positiva e uma motiva\u00e7\u00e3o renovada para seguir em frente.<\/p>\n\n\n\n<h3 class=\"wp-block-heading\">A import\u00e2ncia da comunidade de f\u00e9<\/h3>\n\n\n\n<p class=\"wp-block-paragraph\">A presen\u00e7a de uma comunidade de f\u00e9 solid\u00e1ria e compreensiva desempenha um papel significativo nas transforma\u00e7\u00f5es pessoais. Atrav\u00e9s do apoio, do encorajamento e do compartilhamento de experi\u00eancias, as comunidades religiosas e espirituais oferecem um recurso valioso para aqueles que buscam superar desafios e encontrar novos caminhos em suas vidas. A conex\u00e3o com outros que compartilham cren\u00e7as e valores semelhantes pode proporcionar uma rede de suporte essencial para o crescimento pessoal e espiritual.<\/p>\n\n\n\n<h3 class=\"wp-block-heading\">A pr\u00e1tica espiritual como ferramenta de mudan\u00e7a<\/h3>\n\n\n\n<p class=\"wp-block-paragraph\">As pr\u00e1ticas espirituais, como a medita\u00e7\u00e3o, a ora\u00e7\u00e3o e o estudo de textos sagrados, s\u00e3o frequentemente mencionadas como ferramentas eficazes para a transforma\u00e7\u00e3o pessoal. Essas pr\u00e1ticas ajudam a cultivar a introspec\u00e7\u00e3o, a autocompreens\u00e3o e a conex\u00e3o com algo maior do que o eu individual. Para muitos, a pr\u00e1tica espiritual se torna uma forma de encontrar clareza e prop\u00f3sito, promovendo mudan\u00e7as positivas na vida e contribuindo para o desenvolvimento pessoal.<\/p>\n\n\n\n<h2 class=\"wp-block-heading\">A for\u00e7a transformadora da f\u00e9<\/h2>\n\n\n\n<p class=\"wp-block-paragraph\">A f\u00e9 tem o poder de transformar vidas de maneiras profundas e significativas. Os testemunhos recentes ilustram como a f\u00e9 pode servir como uma fonte de for\u00e7a, esperan\u00e7a e resili\u00eancia em momentos de desafio e mudan\u00e7a. Seja enfrentando problemas de sa\u00fade, superando a adi\u00e7\u00e3o, lidando com a perda ou buscando um novo prop\u00f3sito, a f\u00e9 oferece uma base s\u00f3lida e uma perspectiva renovada que pode influenciar positivamente o caminho de uma pessoa. Ao explorar e abra\u00e7ar a f\u00e9 e a espiritualidade, muitos encontram o apoio e a inspira\u00e7\u00e3o necess\u00e1rios para promover transforma\u00e7\u00f5es pessoais e viver de maneira mais plena e significativa.<\/p>\n\n\n\n<p class=\"wp-block-paragraph\"><strong>Voir aussi\u00a0: <a href=\"https:\/\/www.oracaoefe.com\/fr\/oracao-para-acalmar-uma-pessoa-urgente\/\">Ora\u00e7\u00e3o para acalmar uma pessoa urgente<\/a><\/strong><\/p>\n\n\n\n<p class=\"wp-block-paragraph\">6 de setembro de 2024<\/p>","protected":false},"excerpt":{"rendered":"<p>A f\u00e9, em suas diversas formas, tem desempenhado um papel crucial na transforma\u00e7\u00e3o pessoal ao longo da hist\u00f3ria. Seja atrav\u00e9s da religi\u00e3o, espiritualidade ou cren\u00e7as pessoais, a f\u00e9 pode ser uma for\u00e7a poderosa que guia e sustenta indiv\u00edduos em momentos de mudan\u00e7a e desafios. A influ\u00eancia da f\u00e9 nas mudan\u00e7as de vida A f\u00e9, independentemente&hellip;&nbsp;<\/p>","protected":false},"author":3,"featured_media":3020,"comment_status":"closed","ping_status":"closed","sticky":false,"template":"","format":"standard","meta":{"neve_meta_sidebar":"","neve_meta_container":"","neve_meta_enable_content_width":"","neve_meta_content_width":0,"neve_meta_title_alignment":"","neve_meta_author_avatar":"","neve_post_elements_order":"","neve_meta_disable_header":"","neve_meta_disable_footer":"","neve_meta_disable_title":"","footnotes":""},"categories":[3],"tags":[],"class_list":["post-3000","post","type-post","status-publish","format-standard","has-post-thumbnail","hentry","category-fe"],"yoast_head":"<!-- This site is optimized with the Yoast SEO plugin v28.4 - https:\/\/yoast.com\/product\/yoast-seo-wordpress\/ -->\n<title>O papel da f\u00e9 nas transforma\u00e7\u00f5es pessoais: testemunhos recentes - Ora\u00e7\u00e3o e F\u00e9<\/title>\n<meta name=\"description\" content=\"Deus tem pra voc\u00ea uma palavra de vida!\" \/>\n<meta name=\"robots\" content=\"index, follow, max-snippet:-1, max-image-preview:large, max-video-preview:-1\" \/>\n<link rel=\"canonical\" href=\"https:\/\/www.oracaoefe.com\/fr\/o-papel-da-fe-nas-transformacoes-pessoais-testemunhos-recentes\/\" \/>\n<meta property=\"og:locale\" content=\"fr_FR\" \/>\n<meta property=\"og:type\" content=\"article\" \/>\n<meta property=\"og:title\" content=\"O papel da f\u00e9 nas transforma\u00e7\u00f5es pessoais: testemunhos recentes - Ora\u00e7\u00e3o e F\u00e9\" \/>\n<meta property=\"og:description\" content=\"Deus tem pra voc\u00ea uma palavra de vida!\" \/>\n<meta property=\"og:url\" content=\"https:\/\/www.oracaoefe.com\/fr\/o-papel-da-fe-nas-transformacoes-pessoais-testemunhos-recentes\/\" \/>\n<meta property=\"og:site_name\" content=\"Ora\u00e7\u00e3o e F\u00e9\" \/>\n<meta property=\"article:published_time\" content=\"2024-09-06T09:00:00+00:00\" \/>\n<meta property=\"og:image\" content=\"https:\/\/www.oracaoefe.com\/wp-content\/uploads\/2024\/08\/image-6.png\" \/>\n\t<meta property=\"og:image:width\" content=\"740\" \/>\n\t<meta property=\"og:image:height\" content=\"494\" \/>\n\t<meta property=\"og:image:type\" content=\"image\/png\" \/>\n<meta name=\"author\" content=\"Michele Azevedo\" \/>\n<meta name=\"twitter:card\" content=\"summary_large_image\" \/>\n<meta name=\"twitter:label1\" content=\"\u00c9crit par\" \/>\n\t<meta name=\"twitter:data1\" content=\"Michele Azevedo\" \/>\n\t<meta name=\"twitter:label2\" content=\"Dur\u00e9e de lecture estim\u00e9e\" \/>\n\t<meta name=\"twitter:data2\" content=\"6 minutes\" \/>\n<script type=\"application\/ld+json\" class=\"yoast-schema-graph\">{\"@context\":\"https:\\\/\\\/schema.org\",\"@graph\":[{\"@type\":\"Article\",\"@id\":\"https:\\\/\\\/www.oracaoefe.com\\\/o-papel-da-fe-nas-transformacoes-pessoais-testemunhos-recentes\\\/#article\",\"isPartOf\":{\"@id\":\"https:\\\/\\\/www.oracaoefe.com\\\/o-papel-da-fe-nas-transformacoes-pessoais-testemunhos-recentes\\\/\"},\"author\":{\"name\":\"Michele Azevedo\",\"@id\":\"https:\\\/\\\/www.oracaoefe.com\\\/#\\\/schema\\\/person\\\/17283c669442cf005c4d5bb58adfb7f5\"},\"headline\":\"O papel da f\u00e9 nas transforma\u00e7\u00f5es pessoais: testemunhos recentes\",\"datePublished\":\"2024-09-06T09:00:00+00:00\",\"mainEntityOfPage\":{\"@id\":\"https:\\\/\\\/www.oracaoefe.com\\\/o-papel-da-fe-nas-transformacoes-pessoais-testemunhos-recentes\\\/\"},\"wordCount\":1113,\"image\":{\"@id\":\"https:\\\/\\\/www.oracaoefe.com\\\/o-papel-da-fe-nas-transformacoes-pessoais-testemunhos-recentes\\\/#primaryimage\"},\"thumbnailUrl\":\"https:\\\/\\\/www.oracaoefe.com\\\/wp-content\\\/uploads\\\/2024\\\/08\\\/image-6.png\",\"articleSection\":[\"F\u00e9\"],\"inLanguage\":\"fr-FR\"},{\"@type\":\"WebPage\",\"@id\":\"https:\\\/\\\/www.oracaoefe.com\\\/o-papel-da-fe-nas-transformacoes-pessoais-testemunhos-recentes\\\/\",\"url\":\"https:\\\/\\\/www.oracaoefe.com\\\/o-papel-da-fe-nas-transformacoes-pessoais-testemunhos-recentes\\\/\",\"name\":\"O papel da f\u00e9 nas transforma\u00e7\u00f5es pessoais: testemunhos recentes - Ora\u00e7\u00e3o e F\u00e9\",\"isPartOf\":{\"@id\":\"https:\\\/\\\/www.oracaoefe.com\\\/#website\"},\"primaryImageOfPage\":{\"@id\":\"https:\\\/\\\/www.oracaoefe.com\\\/o-papel-da-fe-nas-transformacoes-pessoais-testemunhos-recentes\\\/#primaryimage\"},\"image\":{\"@id\":\"https:\\\/\\\/www.oracaoefe.com\\\/o-papel-da-fe-nas-transformacoes-pessoais-testemunhos-recentes\\\/#primaryimage\"},\"thumbnailUrl\":\"https:\\\/\\\/www.oracaoefe.com\\\/wp-content\\\/uploads\\\/2024\\\/08\\\/image-6.png\",\"datePublished\":\"2024-09-06T09:00:00+00:00\",\"author\":{\"@id\":\"https:\\\/\\\/www.oracaoefe.com\\\/#\\\/schema\\\/person\\\/17283c669442cf005c4d5bb58adfb7f5\"},\"description\":\"Deus tem pra voc\u00ea uma palavra de vida!\",\"breadcrumb\":{\"@id\":\"https:\\\/\\\/www.oracaoefe.com\\\/o-papel-da-fe-nas-transformacoes-pessoais-testemunhos-recentes\\\/#breadcrumb\"},\"inLanguage\":\"fr-FR\",\"potentialAction\":[{\"@type\":\"ReadAction\",\"target\":[\"https:\\\/\\\/www.oracaoefe.com\\\/o-papel-da-fe-nas-transformacoes-pessoais-testemunhos-recentes\\\/\"]}]},{\"@type\":\"ImageObject\",\"inLanguage\":\"fr-FR\",\"@id\":\"https:\\\/\\\/www.oracaoefe.com\\\/o-papel-da-fe-nas-transformacoes-pessoais-testemunhos-recentes\\\/#primaryimage\",\"url\":\"https:\\\/\\\/www.oracaoefe.com\\\/wp-content\\\/uploads\\\/2024\\\/08\\\/image-6.png\",\"contentUrl\":\"https:\\\/\\\/www.oracaoefe.com\\\/wp-content\\\/uploads\\\/2024\\\/08\\\/image-6.png\",\"width\":740,\"height\":494},{\"@type\":\"BreadcrumbList\",\"@id\":\"https:\\\/\\\/www.oracaoefe.com\\\/o-papel-da-fe-nas-transformacoes-pessoais-testemunhos-recentes\\\/#breadcrumb\",\"itemListElement\":[{\"@type\":\"ListItem\",\"position\":1,\"name\":\"Home\",\"item\":\"https:\\\/\\\/www.oracaoefe.com\\\/\"},{\"@type\":\"ListItem\",\"position\":2,\"name\":\"F\u00e9\",\"item\":\"https:\\\/\\\/www.oracaoefe.com\\\/es\\\/categoria\\\/fe\\\/\"},{\"@type\":\"ListItem\",\"position\":3,\"name\":\"O papel da f\u00e9 nas transforma\u00e7\u00f5es pessoais: testemunhos recentes\"}]},{\"@type\":\"WebSite\",\"@id\":\"https:\\\/\\\/www.oracaoefe.com\\\/#website\",\"url\":\"https:\\\/\\\/www.oracaoefe.com\\\/\",\"name\":\"Ora\u00e7\u00e3o e F\u00e9\",\"description\":\"\",\"potentialAction\":[{\"@type\":\"SearchAction\",\"target\":{\"@type\":\"EntryPoint\",\"urlTemplate\":\"https:\\\/\\\/www.oracaoefe.com\\\/?s={search_term_string}\"},\"query-input\":{\"@type\":\"PropertyValueSpecification\",\"valueRequired\":true,\"valueName\":\"search_term_string\"}}],\"inLanguage\":\"fr-FR\"},{\"@type\":\"Person\",\"@id\":\"https:\\\/\\\/www.oracaoefe.com\\\/#\\\/schema\\\/person\\\/17283c669442cf005c4d5bb58adfb7f5\",\"name\":\"Michele Azevedo\",\"image\":{\"@type\":\"ImageObject\",\"inLanguage\":\"fr-FR\",\"@id\":\"https:\\\/\\\/secure.gravatar.com\\\/avatar\\\/6b0eb9d22841282815e2cd856a0061c45e1761cd54b22e952d98c4746939aa85?s=96&d=mm&r=g\",\"url\":\"https:\\\/\\\/secure.gravatar.com\\\/avatar\\\/6b0eb9d22841282815e2cd856a0061c45e1761cd54b22e952d98c4746939aa85?s=96&d=mm&r=g\",\"contentUrl\":\"https:\\\/\\\/secure.gravatar.com\\\/avatar\\\/6b0eb9d22841282815e2cd856a0061c45e1761cd54b22e952d98c4746939aa85?s=96&d=mm&r=g\",\"caption\":\"Michele Azevedo\"},\"description\":\"Formada em Letras - Portugu\u00eas\\\/ Ingl\u00eas pela Universidade Estadual de Ponta Grossa (UEPG), p\u00f3s-graduada em Arte na Educa\u00e7\u00e3o (FAPI) e Psicopedagogia Escolar (FAPI), idealizadora e propriet\u00e1ria do site Escritora de Sucesso, possui experi\u00eancia em escrita para blogs em geral e atua como redatora e revisora dos conte\u00fados do Ora\u00e7\u00e3o e F\u00e9.\",\"url\":\"https:\\\/\\\/www.oracaoefe.com\\\/fr\\\/author\\\/michele-azevedo\\\/\"}]}<\/script>\n<!-- \/ Yoast SEO plugin. -->","yoast_head_json":{"title":"O papel da f\u00e9 nas transforma\u00e7\u00f5es pessoais: testemunhos recentes - Ora\u00e7\u00e3o e F\u00e9","description":"Dieu a une parole de vie pour vous !","robots":{"index":"index","follow":"follow","max-snippet":"max-snippet:-1","max-image-preview":"max-image-preview:large","max-video-preview":"max-video-preview:-1"},"canonical":"https:\/\/www.oracaoefe.com\/fr\/o-papel-da-fe-nas-transformacoes-pessoais-testemunhos-recentes\/","og_locale":"fr_FR","og_type":"article","og_title":"O papel da f\u00e9 nas transforma\u00e7\u00f5es pessoais: testemunhos recentes - Ora\u00e7\u00e3o e F\u00e9","og_description":"Deus tem pra voc\u00ea uma palavra de vida!","og_url":"https:\/\/www.oracaoefe.com\/fr\/o-papel-da-fe-nas-transformacoes-pessoais-testemunhos-recentes\/","og_site_name":"Ora\u00e7\u00e3o e F\u00e9","article_published_time":"2024-09-06T09:00:00+00:00","og_image":[{"width":740,"height":494,"url":"https:\/\/www.oracaoefe.com\/wp-content\/uploads\/2024\/08\/image-6.png","type":"image\/png"}],"author":"Michele Azevedo","twitter_card":"summary_large_image","twitter_misc":{"\u00c9crit par":"Michele Azevedo","Dur\u00e9e de lecture estim\u00e9e":"6 minutes"},"schema":{"@context":"https:\/\/schema.org","@graph":[{"@type":"Article","@id":"https:\/\/www.oracaoefe.com\/o-papel-da-fe-nas-transformacoes-pessoais-testemunhos-recentes\/#article","isPartOf":{"@id":"https:\/\/www.oracaoefe.com\/o-papel-da-fe-nas-transformacoes-pessoais-testemunhos-recentes\/"},"author":{"name":"Michele Azevedo","@id":"https:\/\/www.oracaoefe.com\/#\/schema\/person\/17283c669442cf005c4d5bb58adfb7f5"},"headline":"O papel da f\u00e9 nas transforma\u00e7\u00f5es pessoais: testemunhos recentes","datePublished":"2024-09-06T09:00:00+00:00","mainEntityOfPage":{"@id":"https:\/\/www.oracaoefe.com\/o-papel-da-fe-nas-transformacoes-pessoais-testemunhos-recentes\/"},"wordCount":1113,"image":{"@id":"https:\/\/www.oracaoefe.com\/o-papel-da-fe-nas-transformacoes-pessoais-testemunhos-recentes\/#primaryimage"},"thumbnailUrl":"https:\/\/www.oracaoefe.com\/wp-content\/uploads\/2024\/08\/image-6.png","articleSection":["F\u00e9"],"inLanguage":"fr-FR"},{"@type":"WebPage","@id":"https:\/\/www.oracaoefe.com\/o-papel-da-fe-nas-transformacoes-pessoais-testemunhos-recentes\/","url":"https:\/\/www.oracaoefe.com\/o-papel-da-fe-nas-transformacoes-pessoais-testemunhos-recentes\/","name":"O papel da f\u00e9 nas transforma\u00e7\u00f5es pessoais: testemunhos recentes - Ora\u00e7\u00e3o e F\u00e9","isPartOf":{"@id":"https:\/\/www.oracaoefe.com\/#website"},"primaryImageOfPage":{"@id":"https:\/\/www.oracaoefe.com\/o-papel-da-fe-nas-transformacoes-pessoais-testemunhos-recentes\/#primaryimage"},"image":{"@id":"https:\/\/www.oracaoefe.com\/o-papel-da-fe-nas-transformacoes-pessoais-testemunhos-recentes\/#primaryimage"},"thumbnailUrl":"https:\/\/www.oracaoefe.com\/wp-content\/uploads\/2024\/08\/image-6.png","datePublished":"2024-09-06T09:00:00+00:00","author":{"@id":"https:\/\/www.oracaoefe.com\/#\/schema\/person\/17283c669442cf005c4d5bb58adfb7f5"},"description":"Dieu a une parole de vie pour vous !","breadcrumb":{"@id":"https:\/\/www.oracaoefe.com\/o-papel-da-fe-nas-transformacoes-pessoais-testemunhos-recentes\/#breadcrumb"},"inLanguage":"fr-FR","potentialAction":[{"@type":"ReadAction","target":["https:\/\/www.oracaoefe.com\/o-papel-da-fe-nas-transformacoes-pessoais-testemunhos-recentes\/"]}]},{"@type":"ImageObject","inLanguage":"fr-FR","@id":"https:\/\/www.oracaoefe.com\/o-papel-da-fe-nas-transformacoes-pessoais-testemunhos-recentes\/#primaryimage","url":"https:\/\/www.oracaoefe.com\/wp-content\/uploads\/2024\/08\/image-6.png","contentUrl":"https:\/\/www.oracaoefe.com\/wp-content\/uploads\/2024\/08\/image-6.png","width":740,"height":494},{"@type":"BreadcrumbList","@id":"https:\/\/www.oracaoefe.com\/o-papel-da-fe-nas-transformacoes-pessoais-testemunhos-recentes\/#breadcrumb","itemListElement":[{"@type":"ListItem","position":1,"name":"Home","item":"https:\/\/www.oracaoefe.com\/"},{"@type":"ListItem","position":2,"name":"F\u00e9","item":"https:\/\/www.oracaoefe.com\/es\/categoria\/fe\/"},{"@type":"ListItem","position":3,"name":"O papel da f\u00e9 nas transforma\u00e7\u00f5es pessoais: testemunhos recentes"}]},{"@type":"WebSite","@id":"https:\/\/www.oracaoefe.com\/#website","url":"https:\/\/www.oracaoefe.com\/","name":"Pri\u00e8re et foi","description":"","potentialAction":[{"@type":"SearchAction","target":{"@type":"EntryPoint","urlTemplate":"https:\/\/www.oracaoefe.com\/?s={search_term_string}"},"query-input":{"@type":"PropertyValueSpecification","valueRequired":true,"valueName":"search_term_string"}}],"inLanguage":"fr-FR"},{"@type":"Person","@id":"https:\/\/www.oracaoefe.com\/#\/schema\/person\/17283c669442cf005c4d5bb58adfb7f5","name":"Michele Azevedo","image":{"@type":"ImageObject","inLanguage":"fr-FR","@id":"https:\/\/secure.gravatar.com\/avatar\/6b0eb9d22841282815e2cd856a0061c45e1761cd54b22e952d98c4746939aa85?s=96&d=mm&r=g","url":"https:\/\/secure.gravatar.com\/avatar\/6b0eb9d22841282815e2cd856a0061c45e1761cd54b22e952d98c4746939aa85?s=96&d=mm&r=g","contentUrl":"https:\/\/secure.gravatar.com\/avatar\/6b0eb9d22841282815e2cd856a0061c45e1761cd54b22e952d98c4746939aa85?s=96&d=mm&r=g","caption":"Michele Azevedo"},"description":"Dipl\u00f4m\u00e9e en litt\u00e9rature portugaise\/anglaise de l&#039;Universit\u00e9 d&#039;\u00c9tat de Ponta Grossa (UEPG), avec des dipl\u00f4mes de troisi\u00e8me cycle en art dans l&#039;\u00e9ducation (FAPI) et en psychop\u00e9dagogie scolaire (FAPI), elle est la cr\u00e9atrice et propri\u00e9taire du site web Escritora de Sucesso, a de l&#039;exp\u00e9rience dans l&#039;\u00e9criture pour les blogs en g\u00e9n\u00e9ral et travaille comme r\u00e9dactrice et \u00e9ditrice du contenu pour Ora\u00e7\u00e3o e F\u00e9.","url":"https:\/\/www.oracaoefe.com\/fr\/author\/michele-azevedo\/"}]}},"_links":{"self":[{"href":"https:\/\/www.oracaoefe.com\/fr\/wp-json\/wp\/v2\/posts\/3000","targetHints":{"allow":["GET"]}}],"collection":[{"href":"https:\/\/www.oracaoefe.com\/fr\/wp-json\/wp\/v2\/posts"}],"about":[{"href":"https:\/\/www.oracaoefe.com\/fr\/wp-json\/wp\/v2\/types\/post"}],"author":[{"embeddable":true,"href":"https:\/\/www.oracaoefe.com\/fr\/wp-json\/wp\/v2\/users\/3"}],"replies":[{"embeddable":true,"href":"https:\/\/www.oracaoefe.com\/fr\/wp-json\/wp\/v2\/comments?post=3000"}],"version-history":[{"count":2,"href":"https:\/\/www.oracaoefe.com\/fr\/wp-json\/wp\/v2\/posts\/3000\/revisions"}],"predecessor-version":[{"id":3021,"href":"https:\/\/www.oracaoefe.com\/fr\/wp-json\/wp\/v2\/posts\/3000\/revisions\/3021"}],"wp:featuredmedia":[{"embeddable":true,"href":"https:\/\/www.oracaoefe.com\/fr\/wp-json\/wp\/v2\/media\/3020"}],"wp:attachment":[{"href":"https:\/\/www.oracaoefe.com\/fr\/wp-json\/wp\/v2\/media?parent=3000"}],"wp:term":[{"taxonomy":"category","embeddable":true,"href":"https:\/\/www.oracaoefe.com\/fr\/wp-json\/wp\/v2\/categories?post=3000"},{"taxonomy":"post_tag","embeddable":true,"href":"https:\/\/www.oracaoefe.com\/fr\/wp-json\/wp\/v2\/tags?post=3000"}],"curies":[{"name":"wp","href":"https:\/\/api.w.org\/{rel}","templated":true}]}}