{"id":2996,"date":"2024-08-30T06:00:00","date_gmt":"2024-08-30T09:00:00","guid":{"rendered":"https:\/\/www.oracaoefe.com\/?p=2996"},"modified":"2025-06-15T15:15:30","modified_gmt":"2025-06-15T18:15:30","slug":"reflexoes-sobre-como-encontrar-forca-em-momentos-dificeis","status":"publish","type":"post","link":"https:\/\/www.oracaoefe.com\/fr\/reflexoes-sobre-como-encontrar-forca-em-momentos-dificeis\/","title":{"rendered":"Reflex\u00f5es sobre como encontrar for\u00e7a em momentos dif\u00edceis"},"content":{"rendered":"<p class=\"wp-block-paragraph\">A vida \u00e9 repleta de altos e baixos, e \u00e9 inevit\u00e1vel que, em algum momento, todos enfrentem situa\u00e7\u00f5es desafiadoras e dif\u00edceis. Seja uma crise pessoal, problemas de sa\u00fade, dificuldades financeiras ou desafios no trabalho, esses momentos podem parecer esmagadores e desorientadores. No entanto, \u00e9 poss\u00edvel encontrar for\u00e7a e resili\u00eancia mesmo nos per\u00edodos mais sombrios.<\/p>\n\n\n\n<h2 class=\"wp-block-heading\">A busca de for\u00e7a em tempos dif\u00edceis<\/h2>\n\n\n\n<p class=\"wp-block-paragraph\">Os momentos dif\u00edceis t\u00eam o poder de nos abalar profundamente, desafiando nossa confian\u00e7a e esperan\u00e7a. Eles podem desencadear sentimentos de tristeza, medo e inseguran\u00e7a, tornando dif\u00edcil enxergar um caminho \u00e0 frente. No entanto, \u00e9 precisamente nesses momentos que a busca por for\u00e7a interior e resili\u00eancia se torna crucial. Encontrar maneiras de enfrentar e superar desafios pode n\u00e3o apenas ajudar a restaurar a estabilidade, mas tamb\u00e9m promover o crescimento pessoal e espiritual.<\/p>\n\n\n\n<figure class=\"wp-block-image size-full is-resized\"><img loading=\"lazy\" decoding=\"async\" width=\"740\" height=\"492\" src=\"https:\/\/www.oracaoefe.com\/wp-content\/uploads\/2024\/08\/image-4.png\" alt=\"\" class=\"wp-image-3016\" style=\"width:840px;height:auto\" srcset=\"https:\/\/www.oracaoefe.com\/wp-content\/uploads\/2024\/08\/image-4.png 740w, https:\/\/www.oracaoefe.com\/wp-content\/uploads\/2024\/08\/image-4-300x199.png 300w, https:\/\/www.oracaoefe.com\/wp-content\/uploads\/2024\/08\/image-4-18x12.png 18w\" sizes=\"auto, (max-width: 740px) 100vw, 740px\" \/><\/figure>\n\n\n\n<h2 class=\"wp-block-heading\">Estrat\u00e9gias para encontrar for\u00e7a em momentos dif\u00edceis<\/h2>\n\n\n\n<h3 class=\"wp-block-heading\">1. <strong>Reconhe\u00e7a e aceite seus sentimentos<\/strong><\/h3>\n\n\n\n<p class=\"wp-block-paragraph\">O primeiro passo para encontrar for\u00e7a em momentos dif\u00edceis \u00e9 reconhecer e aceitar seus sentimentos. \u00c9 natural sentir uma gama de emo\u00e7\u00f5es quando enfrentamos desafios, e negar ou reprimir esses sentimentos pode intensificar o sofrimento. Permita-se sentir tristeza, raiva ou frustra\u00e7\u00e3o sem julgamentos. Aceitar seus sentimentos \u00e9 uma forma de validar sua experi\u00eancia e dar espa\u00e7o para a cura emocional.<\/p>\n\n\n\n<h3 class=\"wp-block-heading\">2. <strong>Busque apoio emocional<\/strong><\/h3>\n\n\n\n<p class=\"wp-block-paragraph\">Em tempos de crise, o apoio emocional pode ser um recurso valioso. Conecte-se com amigos, familiares ou grupos de apoio que possam oferecer empatia e compreens\u00e3o. Compartilhar suas preocupa\u00e7\u00f5es e desafios com pessoas de confian\u00e7a pode proporcionar al\u00edvio e perspectiva. \u00c0s vezes, apenas saber que voc\u00ea n\u00e3o est\u00e1 sozinho pode fazer uma grande diferen\u00e7a na sua capacidade de enfrentar dificuldades.<\/p>\n\n\n\n<h3 class=\"wp-block-heading\">3. <strong>Pratique a autocompaix\u00e3o<\/strong><\/h3>\n\n\n\n<p class=\"wp-block-paragraph\">A autocompaix\u00e3o \u00e9 uma pr\u00e1tica que envolve tratar a si mesmo com a mesma gentileza e compreens\u00e3o que voc\u00ea ofereceria a um amigo em dificuldade. Em vez de se criticar ou se culpar por enfrentar desafios, pratique a autocompaix\u00e3o ao reconhecer que todos enfrentam dificuldades e que isso n\u00e3o diminui seu valor ou habilidades. Trate-se com carinho e cuidado, e permita-se momentos de descanso e recupera\u00e7\u00e3o.<\/p>\n\n\n\n<h3 class=\"wp-block-heading\">4. <strong>Encontre significado e prop\u00f3sito<\/strong><\/h3>\n\n\n\n<p class=\"wp-block-paragraph\">Buscar significado e prop\u00f3sito nas dificuldades pode ajudar a encontrar for\u00e7a e motiva\u00e7\u00e3o para seguir em frente. Pergunte a si mesmo o que pode aprender com a situa\u00e7\u00e3o e como isso pode contribuir para seu crescimento pessoal. Muitas vezes, enfrentar desafios pode revelar novas perspectivas e oportunidades que antes n\u00e3o eram evidentes. Identificar um prop\u00f3sito maior pode fornecer a motiva\u00e7\u00e3o necess\u00e1ria para superar obst\u00e1culos.<\/p>\n\n\n\n<h3 class=\"wp-block-heading\">5. <strong>Desenvolva a resili\u00eancia<\/strong><\/h3>\n\n\n\n<p class=\"wp-block-paragraph\">A resili\u00eancia \u00e9 a capacidade de se recuperar de adversidades e adaptar-se \u00e0s mudan\u00e7as. Desenvolver resili\u00eancia envolve cultivar habilidades como a adaptabilidade, a perseveran\u00e7a e a flexibilidade. Enfrentar desafios com uma mentalidade positiva e a disposi\u00e7\u00e3o para aprender com a experi\u00eancia pode fortalecer sua capacidade de lidar com futuras dificuldades. Pr\u00e1ticas como o estabelecimento de metas realistas, a manuten\u00e7\u00e3o de uma rotina saud\u00e1vel e a busca de novas habilidades podem contribuir para o desenvolvimento da resili\u00eancia.<\/p>\n\n\n\n<h3 class=\"wp-block-heading\">6. <strong>Pratique a gratid\u00e3o<\/strong><\/h3>\n\n\n\n<p class=\"wp-block-paragraph\">A pr\u00e1tica da gratid\u00e3o pode ser uma ferramenta poderosa para encontrar for\u00e7a em momentos dif\u00edceis. Ao focar nas coisas pelas quais voc\u00ea \u00e9 grato, mesmo em meio a desafios, voc\u00ea pode alterar seu foco daquilo que est\u00e1 dando errado para o que ainda \u00e9 positivo em sua vida. A gratid\u00e3o ajuda a manter uma perspectiva equilibrada e pode proporcionar um al\u00edvio emocional. Considere manter um di\u00e1rio de gratid\u00e3o ou reservar um tempo diariamente para refletir sobre as coisas boas em sua vida.<\/p>\n\n\n\n<h3 class=\"wp-block-heading\">7. <strong>Cuide do seu bem-estar f\u00edsico<\/strong><\/h3>\n\n\n\n<p class=\"wp-block-paragraph\">O bem-estar f\u00edsico est\u00e1 intimamente ligado ao bem-estar emocional. Durante per\u00edodos de dificuldade, \u00e9 essencial cuidar de sua sa\u00fade f\u00edsica para manter a energia e a for\u00e7a necess\u00e1rias para enfrentar desafios. Mantenha uma alimenta\u00e7\u00e3o equilibrada, pratique exerc\u00edcios f\u00edsicos regularmente e durma o suficiente. O autocuidado f\u00edsico n\u00e3o apenas melhora sua sa\u00fade geral, mas tamb\u00e9m pode contribuir para uma mente mais clara e resiliente.<\/p>\n\n\n\n<h3 class=\"wp-block-heading\">8. <strong>Procure ajuda profissional<\/strong><\/h3>\n\n\n\n<p class=\"wp-block-paragraph\">Se os desafios se tornarem esmagadores e dif\u00edceis de enfrentar sozinho, considerar a ajuda profissional pode ser uma decis\u00e3o valiosa. Psic\u00f3logos, terapeutas e conselheiros podem oferecer suporte especializado e estrat\u00e9gias para lidar com o estresse e a ansiedade. A terapia pode ajudar a explorar suas emo\u00e7\u00f5es, desenvolver habilidades de enfrentamento e encontrar solu\u00e7\u00f5es para problemas espec\u00edficos.<\/p>\n\n\n\n<h2 class=\"wp-block-heading\">Exemplos inspiradores de supera\u00e7\u00e3o<\/h2>\n\n\n\n<ul class=\"wp-block-list\">\n<li><strong>Nelson Mandela<\/strong>: Mandela enfrentou 27 anos de pris\u00e3o durante o apartheid na \u00c1frica do Sul. Apesar das adversidades, ele manteve sua esperan\u00e7a e determina\u00e7\u00e3o, e sua luta pela justi\u00e7a e igualdade levou \u00e0 mudan\u00e7a social e ao fim do apartheid. Sua hist\u00f3ria \u00e9 um exemplo inspirador de como a resili\u00eancia e a determina\u00e7\u00e3o podem transformar desafios em conquistas significativas.<\/li>\n\n\n\n<li><strong>J.K. Rowling<\/strong>: Antes de se tornar uma das autoras mais bem-sucedidas do mundo com a s\u00e9rie Harry Potter, Rowling enfrentou dificuldades financeiras significativas e lutou contra a depress\u00e3o. Sua capacidade de perseverar e continuar escrevendo, apesar das dificuldades, demonstra como a paix\u00e3o e a persist\u00eancia podem levar ao sucesso, mesmo em face de grandes desafios.<\/li>\n\n\n\n<li><strong>Malala Yousafzai<\/strong>: Malala sobreviveu a um ataque do Talib\u00e3 por defender a educa\u00e7\u00e3o das meninas no Paquist\u00e3o. Sua coragem e determina\u00e7\u00e3o para continuar sua luta pelos direitos das mulheres e pela educa\u00e7\u00e3o, mesmo ap\u00f3s o ataque, s\u00e3o um testemunho do poder da for\u00e7a interior e da resili\u00eancia para superar desafios graves.<\/li>\n<\/ul>\n\n\n\n<h2 class=\"wp-block-heading\">A for\u00e7a interior como recurso essencial<\/h2>\n\n\n\n<p class=\"wp-block-paragraph\">Encontrar for\u00e7a em momentos dif\u00edceis \u00e9 um processo que envolve reconhecer e aceitar seus sentimentos, buscar apoio, praticar a autocompaix\u00e3o e encontrar significado nas adversidades. Desenvolver resili\u00eancia, praticar a gratid\u00e3o, cuidar do bem-estar f\u00edsico e considerar a ajuda profissional s\u00e3o estrat\u00e9gias valiosas para enfrentar desafios com coragem e determina\u00e7\u00e3o.<\/p>\n\n\n\n<p class=\"wp-block-paragraph\">Lembre-se de que a for\u00e7a interior \u00e9 uma fonte poderosa que pode ajud\u00e1-lo a superar dificuldades e emergir mais forte e mais s\u00e1bio. Embora os desafios possam ser dif\u00edceis, eles tamb\u00e9m oferecem oportunidades para crescimento pessoal e aprendizado. Confie em sua capacidade de enfrentar e superar obst\u00e1culos, e saiba que a for\u00e7a interior pode gui\u00e1-lo atrav\u00e9s das tempestades da vida.<\/p>\n\n\n\n<p class=\"wp-block-paragraph\"><strong>Voir aussi\u00a0: <a href=\"https:\/\/www.oracaoefe.com\/fr\/oracao-para-acalmar-uma-pessoa-urgente\/\">Ora\u00e7\u00e3o para acalmar uma pessoa urgente<\/a><\/strong><\/p>\n\n\n\n<p class=\"wp-block-paragraph\">30 de agosto de 2024<\/p>","protected":false},"excerpt":{"rendered":"<p>A vida \u00e9 repleta de altos e baixos, e \u00e9 inevit\u00e1vel que, em algum momento, todos enfrentem situa\u00e7\u00f5es desafiadoras e dif\u00edceis. Seja uma crise pessoal, problemas de sa\u00fade, dificuldades financeiras ou desafios no trabalho, esses momentos podem parecer esmagadores e desorientadores. No entanto, \u00e9 poss\u00edvel encontrar for\u00e7a e resili\u00eancia mesmo nos per\u00edodos mais sombrios. A&hellip;&nbsp;<\/p>","protected":false},"author":3,"featured_media":3016,"comment_status":"closed","ping_status":"closed","sticky":false,"template":"","format":"standard","meta":{"neve_meta_sidebar":"","neve_meta_container":"","neve_meta_enable_content_width":"","neve_meta_content_width":0,"neve_meta_title_alignment":"","neve_meta_author_avatar":"","neve_post_elements_order":"","neve_meta_disable_header":"","neve_meta_disable_footer":"","neve_meta_disable_title":"","footnotes":""},"categories":[3],"tags":[],"class_list":["post-2996","post","type-post","status-publish","format-standard","has-post-thumbnail","hentry","category-fe"],"yoast_head":"<!-- This site is optimized with the Yoast SEO plugin v28.4 - https:\/\/yoast.com\/product\/yoast-seo-wordpress\/ -->\n<title>Reflex\u00f5es sobre como encontrar for\u00e7a em momentos dif\u00edceis - Ora\u00e7\u00e3o e F\u00e9<\/title>\n<meta name=\"description\" content=\"Deus tem pra voc\u00ea uma palavra de vida!\" \/>\n<meta name=\"robots\" content=\"index, follow, max-snippet:-1, max-image-preview:large, max-video-preview:-1\" \/>\n<link rel=\"canonical\" href=\"https:\/\/www.oracaoefe.com\/fr\/reflexoes-sobre-como-encontrar-forca-em-momentos-dificeis\/\" \/>\n<meta property=\"og:locale\" content=\"fr_FR\" \/>\n<meta property=\"og:type\" content=\"article\" \/>\n<meta property=\"og:title\" content=\"Reflex\u00f5es sobre como encontrar for\u00e7a em momentos dif\u00edceis - Ora\u00e7\u00e3o e F\u00e9\" \/>\n<meta property=\"og:description\" content=\"Deus tem pra voc\u00ea uma palavra de vida!\" \/>\n<meta property=\"og:url\" content=\"https:\/\/www.oracaoefe.com\/fr\/reflexoes-sobre-como-encontrar-forca-em-momentos-dificeis\/\" \/>\n<meta property=\"og:site_name\" content=\"Ora\u00e7\u00e3o e F\u00e9\" \/>\n<meta property=\"article:published_time\" content=\"2024-08-30T09:00:00+00:00\" \/>\n<meta property=\"article:modified_time\" content=\"2025-06-15T18:15:30+00:00\" \/>\n<meta property=\"og:image\" content=\"https:\/\/www.oracaoefe.com\/wp-content\/uploads\/2024\/08\/image-4.png\" \/>\n\t<meta property=\"og:image:width\" content=\"740\" \/>\n\t<meta property=\"og:image:height\" content=\"492\" \/>\n\t<meta property=\"og:image:type\" content=\"image\/png\" \/>\n<meta name=\"author\" content=\"Michele Azevedo\" \/>\n<meta name=\"twitter:card\" content=\"summary_large_image\" \/>\n<meta name=\"twitter:label1\" content=\"\u00c9crit par\" \/>\n\t<meta name=\"twitter:data1\" content=\"Michele Azevedo\" \/>\n\t<meta name=\"twitter:label2\" content=\"Dur\u00e9e de lecture estim\u00e9e\" \/>\n\t<meta name=\"twitter:data2\" content=\"6 minutes\" \/>\n<script type=\"application\/ld+json\" class=\"yoast-schema-graph\">{\"@context\":\"https:\\\/\\\/schema.org\",\"@graph\":[{\"@type\":\"Article\",\"@id\":\"https:\\\/\\\/www.oracaoefe.com\\\/reflexoes-sobre-como-encontrar-forca-em-momentos-dificeis\\\/#article\",\"isPartOf\":{\"@id\":\"https:\\\/\\\/www.oracaoefe.com\\\/reflexoes-sobre-como-encontrar-forca-em-momentos-dificeis\\\/\"},\"author\":{\"name\":\"Michele Azevedo\",\"@id\":\"https:\\\/\\\/www.oracaoefe.com\\\/#\\\/schema\\\/person\\\/17283c669442cf005c4d5bb58adfb7f5\"},\"headline\":\"Reflex\u00f5es sobre como encontrar for\u00e7a em momentos dif\u00edceis\",\"datePublished\":\"2024-08-30T09:00:00+00:00\",\"dateModified\":\"2025-06-15T18:15:30+00:00\",\"mainEntityOfPage\":{\"@id\":\"https:\\\/\\\/www.oracaoefe.com\\\/reflexoes-sobre-como-encontrar-forca-em-momentos-dificeis\\\/\"},\"wordCount\":1120,\"image\":{\"@id\":\"https:\\\/\\\/www.oracaoefe.com\\\/reflexoes-sobre-como-encontrar-forca-em-momentos-dificeis\\\/#primaryimage\"},\"thumbnailUrl\":\"https:\\\/\\\/www.oracaoefe.com\\\/wp-content\\\/uploads\\\/2024\\\/08\\\/image-4.png\",\"articleSection\":[\"F\u00e9\"],\"inLanguage\":\"fr-FR\"},{\"@type\":\"WebPage\",\"@id\":\"https:\\\/\\\/www.oracaoefe.com\\\/reflexoes-sobre-como-encontrar-forca-em-momentos-dificeis\\\/\",\"url\":\"https:\\\/\\\/www.oracaoefe.com\\\/reflexoes-sobre-como-encontrar-forca-em-momentos-dificeis\\\/\",\"name\":\"Reflex\u00f5es sobre como encontrar for\u00e7a em momentos dif\u00edceis - Ora\u00e7\u00e3o e F\u00e9\",\"isPartOf\":{\"@id\":\"https:\\\/\\\/www.oracaoefe.com\\\/#website\"},\"primaryImageOfPage\":{\"@id\":\"https:\\\/\\\/www.oracaoefe.com\\\/reflexoes-sobre-como-encontrar-forca-em-momentos-dificeis\\\/#primaryimage\"},\"image\":{\"@id\":\"https:\\\/\\\/www.oracaoefe.com\\\/reflexoes-sobre-como-encontrar-forca-em-momentos-dificeis\\\/#primaryimage\"},\"thumbnailUrl\":\"https:\\\/\\\/www.oracaoefe.com\\\/wp-content\\\/uploads\\\/2024\\\/08\\\/image-4.png\",\"datePublished\":\"2024-08-30T09:00:00+00:00\",\"dateModified\":\"2025-06-15T18:15:30+00:00\",\"author\":{\"@id\":\"https:\\\/\\\/www.oracaoefe.com\\\/#\\\/schema\\\/person\\\/17283c669442cf005c4d5bb58adfb7f5\"},\"description\":\"Deus tem pra voc\u00ea uma palavra de vida!\",\"breadcrumb\":{\"@id\":\"https:\\\/\\\/www.oracaoefe.com\\\/reflexoes-sobre-como-encontrar-forca-em-momentos-dificeis\\\/#breadcrumb\"},\"inLanguage\":\"fr-FR\",\"potentialAction\":[{\"@type\":\"ReadAction\",\"target\":[\"https:\\\/\\\/www.oracaoefe.com\\\/reflexoes-sobre-como-encontrar-forca-em-momentos-dificeis\\\/\"]}]},{\"@type\":\"ImageObject\",\"inLanguage\":\"fr-FR\",\"@id\":\"https:\\\/\\\/www.oracaoefe.com\\\/reflexoes-sobre-como-encontrar-forca-em-momentos-dificeis\\\/#primaryimage\",\"url\":\"https:\\\/\\\/www.oracaoefe.com\\\/wp-content\\\/uploads\\\/2024\\\/08\\\/image-4.png\",\"contentUrl\":\"https:\\\/\\\/www.oracaoefe.com\\\/wp-content\\\/uploads\\\/2024\\\/08\\\/image-4.png\",\"width\":740,\"height\":492},{\"@type\":\"BreadcrumbList\",\"@id\":\"https:\\\/\\\/www.oracaoefe.com\\\/reflexoes-sobre-como-encontrar-forca-em-momentos-dificeis\\\/#breadcrumb\",\"itemListElement\":[{\"@type\":\"ListItem\",\"position\":1,\"name\":\"Home\",\"item\":\"https:\\\/\\\/www.oracaoefe.com\\\/\"},{\"@type\":\"ListItem\",\"position\":2,\"name\":\"Reflex\u00f5es sobre como encontrar for\u00e7a em momentos dif\u00edceis\"}]},{\"@type\":\"WebSite\",\"@id\":\"https:\\\/\\\/www.oracaoefe.com\\\/#website\",\"url\":\"https:\\\/\\\/www.oracaoefe.com\\\/\",\"name\":\"Ora\u00e7\u00e3o e F\u00e9\",\"description\":\"\",\"potentialAction\":[{\"@type\":\"SearchAction\",\"target\":{\"@type\":\"EntryPoint\",\"urlTemplate\":\"https:\\\/\\\/www.oracaoefe.com\\\/?s={search_term_string}\"},\"query-input\":{\"@type\":\"PropertyValueSpecification\",\"valueRequired\":true,\"valueName\":\"search_term_string\"}}],\"inLanguage\":\"fr-FR\"},{\"@type\":\"Person\",\"@id\":\"https:\\\/\\\/www.oracaoefe.com\\\/#\\\/schema\\\/person\\\/17283c669442cf005c4d5bb58adfb7f5\",\"name\":\"Michele Azevedo\",\"image\":{\"@type\":\"ImageObject\",\"inLanguage\":\"fr-FR\",\"@id\":\"https:\\\/\\\/secure.gravatar.com\\\/avatar\\\/6b0eb9d22841282815e2cd856a0061c45e1761cd54b22e952d98c4746939aa85?s=96&d=mm&r=g\",\"url\":\"https:\\\/\\\/secure.gravatar.com\\\/avatar\\\/6b0eb9d22841282815e2cd856a0061c45e1761cd54b22e952d98c4746939aa85?s=96&d=mm&r=g\",\"contentUrl\":\"https:\\\/\\\/secure.gravatar.com\\\/avatar\\\/6b0eb9d22841282815e2cd856a0061c45e1761cd54b22e952d98c4746939aa85?s=96&d=mm&r=g\",\"caption\":\"Michele Azevedo\"},\"description\":\"Formada em Letras - Portugu\u00eas\\\/ Ingl\u00eas pela Universidade Estadual de Ponta Grossa (UEPG), p\u00f3s-graduada em Arte na Educa\u00e7\u00e3o (FAPI) e Psicopedagogia Escolar (FAPI), idealizadora e propriet\u00e1ria do site Escritora de Sucesso, possui experi\u00eancia em escrita para blogs em geral e atua como redatora e revisora dos conte\u00fados do Ora\u00e7\u00e3o e F\u00e9.\",\"url\":\"https:\\\/\\\/www.oracaoefe.com\\\/fr\\\/author\\\/michele-azevedo\\\/\"}]}<\/script>\n<!-- \/ Yoast SEO plugin. -->","yoast_head_json":{"title":"Reflex\u00f5es sobre como encontrar for\u00e7a em momentos dif\u00edceis - Ora\u00e7\u00e3o e F\u00e9","description":"Dieu a une parole de vie pour vous !","robots":{"index":"index","follow":"follow","max-snippet":"max-snippet:-1","max-image-preview":"max-image-preview:large","max-video-preview":"max-video-preview:-1"},"canonical":"https:\/\/www.oracaoefe.com\/fr\/reflexoes-sobre-como-encontrar-forca-em-momentos-dificeis\/","og_locale":"fr_FR","og_type":"article","og_title":"Reflex\u00f5es sobre como encontrar for\u00e7a em momentos dif\u00edceis - Ora\u00e7\u00e3o e F\u00e9","og_description":"Deus tem pra voc\u00ea uma palavra de vida!","og_url":"https:\/\/www.oracaoefe.com\/fr\/reflexoes-sobre-como-encontrar-forca-em-momentos-dificeis\/","og_site_name":"Ora\u00e7\u00e3o e F\u00e9","article_published_time":"2024-08-30T09:00:00+00:00","article_modified_time":"2025-06-15T18:15:30+00:00","og_image":[{"width":740,"height":492,"url":"https:\/\/www.oracaoefe.com\/wp-content\/uploads\/2024\/08\/image-4.png","type":"image\/png"}],"author":"Michele Azevedo","twitter_card":"summary_large_image","twitter_misc":{"\u00c9crit par":"Michele Azevedo","Dur\u00e9e de lecture estim\u00e9e":"6 minutes"},"schema":{"@context":"https:\/\/schema.org","@graph":[{"@type":"Article","@id":"https:\/\/www.oracaoefe.com\/reflexoes-sobre-como-encontrar-forca-em-momentos-dificeis\/#article","isPartOf":{"@id":"https:\/\/www.oracaoefe.com\/reflexoes-sobre-como-encontrar-forca-em-momentos-dificeis\/"},"author":{"name":"Michele Azevedo","@id":"https:\/\/www.oracaoefe.com\/#\/schema\/person\/17283c669442cf005c4d5bb58adfb7f5"},"headline":"Reflex\u00f5es sobre como encontrar for\u00e7a em momentos dif\u00edceis","datePublished":"2024-08-30T09:00:00+00:00","dateModified":"2025-06-15T18:15:30+00:00","mainEntityOfPage":{"@id":"https:\/\/www.oracaoefe.com\/reflexoes-sobre-como-encontrar-forca-em-momentos-dificeis\/"},"wordCount":1120,"image":{"@id":"https:\/\/www.oracaoefe.com\/reflexoes-sobre-como-encontrar-forca-em-momentos-dificeis\/#primaryimage"},"thumbnailUrl":"https:\/\/www.oracaoefe.com\/wp-content\/uploads\/2024\/08\/image-4.png","articleSection":["F\u00e9"],"inLanguage":"fr-FR"},{"@type":"WebPage","@id":"https:\/\/www.oracaoefe.com\/reflexoes-sobre-como-encontrar-forca-em-momentos-dificeis\/","url":"https:\/\/www.oracaoefe.com\/reflexoes-sobre-como-encontrar-forca-em-momentos-dificeis\/","name":"Reflex\u00f5es sobre como encontrar for\u00e7a em momentos dif\u00edceis - Ora\u00e7\u00e3o e F\u00e9","isPartOf":{"@id":"https:\/\/www.oracaoefe.com\/#website"},"primaryImageOfPage":{"@id":"https:\/\/www.oracaoefe.com\/reflexoes-sobre-como-encontrar-forca-em-momentos-dificeis\/#primaryimage"},"image":{"@id":"https:\/\/www.oracaoefe.com\/reflexoes-sobre-como-encontrar-forca-em-momentos-dificeis\/#primaryimage"},"thumbnailUrl":"https:\/\/www.oracaoefe.com\/wp-content\/uploads\/2024\/08\/image-4.png","datePublished":"2024-08-30T09:00:00+00:00","dateModified":"2025-06-15T18:15:30+00:00","author":{"@id":"https:\/\/www.oracaoefe.com\/#\/schema\/person\/17283c669442cf005c4d5bb58adfb7f5"},"description":"Dieu a une parole de vie pour vous !","breadcrumb":{"@id":"https:\/\/www.oracaoefe.com\/reflexoes-sobre-como-encontrar-forca-em-momentos-dificeis\/#breadcrumb"},"inLanguage":"fr-FR","potentialAction":[{"@type":"ReadAction","target":["https:\/\/www.oracaoefe.com\/reflexoes-sobre-como-encontrar-forca-em-momentos-dificeis\/"]}]},{"@type":"ImageObject","inLanguage":"fr-FR","@id":"https:\/\/www.oracaoefe.com\/reflexoes-sobre-como-encontrar-forca-em-momentos-dificeis\/#primaryimage","url":"https:\/\/www.oracaoefe.com\/wp-content\/uploads\/2024\/08\/image-4.png","contentUrl":"https:\/\/www.oracaoefe.com\/wp-content\/uploads\/2024\/08\/image-4.png","width":740,"height":492},{"@type":"BreadcrumbList","@id":"https:\/\/www.oracaoefe.com\/reflexoes-sobre-como-encontrar-forca-em-momentos-dificeis\/#breadcrumb","itemListElement":[{"@type":"ListItem","position":1,"name":"Home","item":"https:\/\/www.oracaoefe.com\/"},{"@type":"ListItem","position":2,"name":"Reflex\u00f5es sobre como encontrar for\u00e7a em momentos dif\u00edceis"}]},{"@type":"WebSite","@id":"https:\/\/www.oracaoefe.com\/#website","url":"https:\/\/www.oracaoefe.com\/","name":"Pri\u00e8re et foi","description":"","potentialAction":[{"@type":"SearchAction","target":{"@type":"EntryPoint","urlTemplate":"https:\/\/www.oracaoefe.com\/?s={search_term_string}"},"query-input":{"@type":"PropertyValueSpecification","valueRequired":true,"valueName":"search_term_string"}}],"inLanguage":"fr-FR"},{"@type":"Person","@id":"https:\/\/www.oracaoefe.com\/#\/schema\/person\/17283c669442cf005c4d5bb58adfb7f5","name":"Michele Azevedo","image":{"@type":"ImageObject","inLanguage":"fr-FR","@id":"https:\/\/secure.gravatar.com\/avatar\/6b0eb9d22841282815e2cd856a0061c45e1761cd54b22e952d98c4746939aa85?s=96&d=mm&r=g","url":"https:\/\/secure.gravatar.com\/avatar\/6b0eb9d22841282815e2cd856a0061c45e1761cd54b22e952d98c4746939aa85?s=96&d=mm&r=g","contentUrl":"https:\/\/secure.gravatar.com\/avatar\/6b0eb9d22841282815e2cd856a0061c45e1761cd54b22e952d98c4746939aa85?s=96&d=mm&r=g","caption":"Michele Azevedo"},"description":"Dipl\u00f4m\u00e9e en litt\u00e9rature portugaise\/anglaise de l&#039;Universit\u00e9 d&#039;\u00c9tat de Ponta Grossa (UEPG), avec des dipl\u00f4mes de troisi\u00e8me cycle en art dans l&#039;\u00e9ducation (FAPI) et en psychop\u00e9dagogie scolaire (FAPI), elle est la cr\u00e9atrice et propri\u00e9taire du site web Escritora de Sucesso, a de l&#039;exp\u00e9rience dans l&#039;\u00e9criture pour les blogs en g\u00e9n\u00e9ral et travaille comme r\u00e9dactrice et \u00e9ditrice du contenu pour Ora\u00e7\u00e3o e F\u00e9.","url":"https:\/\/www.oracaoefe.com\/fr\/author\/michele-azevedo\/"}]}},"_links":{"self":[{"href":"https:\/\/www.oracaoefe.com\/fr\/wp-json\/wp\/v2\/posts\/2996","targetHints":{"allow":["GET"]}}],"collection":[{"href":"https:\/\/www.oracaoefe.com\/fr\/wp-json\/wp\/v2\/posts"}],"about":[{"href":"https:\/\/www.oracaoefe.com\/fr\/wp-json\/wp\/v2\/types\/post"}],"author":[{"embeddable":true,"href":"https:\/\/www.oracaoefe.com\/fr\/wp-json\/wp\/v2\/users\/3"}],"replies":[{"embeddable":true,"href":"https:\/\/www.oracaoefe.com\/fr\/wp-json\/wp\/v2\/comments?post=2996"}],"version-history":[{"count":2,"href":"https:\/\/www.oracaoefe.com\/fr\/wp-json\/wp\/v2\/posts\/2996\/revisions"}],"predecessor-version":[{"id":3017,"href":"https:\/\/www.oracaoefe.com\/fr\/wp-json\/wp\/v2\/posts\/2996\/revisions\/3017"}],"wp:featuredmedia":[{"embeddable":true,"href":"https:\/\/www.oracaoefe.com\/fr\/wp-json\/wp\/v2\/media\/3016"}],"wp:attachment":[{"href":"https:\/\/www.oracaoefe.com\/fr\/wp-json\/wp\/v2\/media?parent=2996"}],"wp:term":[{"taxonomy":"category","embeddable":true,"href":"https:\/\/www.oracaoefe.com\/fr\/wp-json\/wp\/v2\/categories?post=2996"},{"taxonomy":"post_tag","embeddable":true,"href":"https:\/\/www.oracaoefe.com\/fr\/wp-json\/wp\/v2\/tags?post=2996"}],"curies":[{"name":"wp","href":"https:\/\/api.w.org\/{rel}","templated":true}]}}